{"id":45102,"date":"2025-06-16T11:12:09","date_gmt":"2025-06-16T14:12:09","guid":{"rendered":"https:\/\/cvinoticias.com\/v3\/?p=45102"},"modified":"2025-06-16T11:12:10","modified_gmt":"2025-06-16T14:12:10","slug":"docentes-de-misiones-podran-capacitarse-en-la-especializacion-en-tecnologias-inmersivas","status":"publish","type":"post","link":"https:\/\/cvinoticias.com\/v3\/docentes-de-misiones-podran-capacitarse-en-la-especializacion-en-tecnologias-inmersivas\/","title":{"rendered":"Docentes de Misiones podr\u00e1n capacitarse en la Especializaci\u00f3n en Tecnolog\u00edas Inmersivas"},"content":{"rendered":"\n<p>Este 11 de junio comenz\u00f3 oficialmente la inscripci\u00f3n a la&nbsp;<strong>Especializaci\u00f3n en Tecnolog\u00edas Inmersivas Orientadas a la Educaci\u00f3n<\/strong>, una propuesta formativa impulsada por el Ministerio de Educaci\u00f3n, Ciencia y Tecnolog\u00eda de Misiones a trav\u00e9s de la Direcci\u00f3n General de TIC. La presentaci\u00f3n se realiz\u00f3 en una charla virtual por el canal oficial de YouTube del organismo.<\/p>\n\n\n\n<p>La especializaci\u00f3n est\u00e1 dirigida a docentes de todos los niveles y profesionales del \u00e1mbito educativo. El trayecto tiene modalidad h\u00edbrida, incluye encuentros presenciales y virtuales, es sin costo y con valoraci\u00f3n docente.&nbsp;<strong>Se dictar\u00e1 en dos sedes: Posadas y San Vicente, con el objetivo de extenderla a m\u00e1s localidades de la provincia.<\/strong><\/p>\n\n\n\n<figure class=\"wp-block-image\"><img decoding=\"async\" data-src=\"https:\/\/www.canal12misiones.com\/wp-content\/uploads\/2025\/06\/Secuencia-anidada-26.00_00_18_03.Imagen-fija002-edited.png\" alt=\"\" class=\"wp-image-521145 lazyload\" src=\"data:image\/svg+xml;base64,PHN2ZyB3aWR0aD0iMSIgaGVpZ2h0PSIxIiB4bWxucz0iaHR0cDovL3d3dy53My5vcmcvMjAwMC9zdmciPjwvc3ZnPg==\" \/><\/figure>\n\n\n\n<h3 class=\"wp-block-heading\"><strong>Especializaci\u00f3n en tecnolog\u00edas inmersivas<\/strong><\/h3>\n\n\n\n<p>El plan de formaci\u00f3n incluye seis m\u00f3dulos. Los contenidos recorren desde conceptos te\u00f3ricos hasta experiencias pr\u00e1cticas con&nbsp;<strong>realidad aumentada, realidad virtual, modelado 3D y entornos 360\u00b0<\/strong>. Los participantes dise\u00f1ar\u00e1n propuestas pedag\u00f3gicas aplicables en el aula.<\/p>\n\n\n\n<p>La capacitaci\u00f3n busca que los docentes apliquen estas herramientas con sentido did\u00e1ctico. El enfoque incluye el an\u00e1lisis cr\u00edtico y \u00e9tico del uso de tecnolog\u00edas inmersivas en contextos escolares reales.<\/p>\n\n\n\n<figure class=\"wp-block-image\"><img decoding=\"async\" data-src=\"https:\/\/www.canal12misiones.com\/wp-content\/uploads\/2025\/06\/1111-edited.jpg\" alt=\"\" class=\"wp-image-521147 lazyload\" src=\"data:image\/svg+xml;base64,PHN2ZyB3aWR0aD0iMSIgaGVpZ2h0PSIxIiB4bWxucz0iaHR0cDovL3d3dy53My5vcmcvMjAwMC9zdmciPjwvc3ZnPg==\" \/><\/figure>\n\n\n\n<p>Desde el equipo organizador mencionaron que \u201cqueremos que los y las docentes de Misiones sean protagonistas de esta transformaci\u00f3n. La educaci\u00f3n inmersiva no es solo una tendencia: es una nueva forma de ense\u00f1ar, aprender y conectar con el mundo\u201d.<\/p>\n\n\n\n<p>El ministro de Educaci\u00f3n,<strong>&nbsp;Ramiro Aranda<\/strong>, invit\u00f3 a participar. \u201cSer\u00e1 una oportunidad de ense\u00f1ar abriendo las puertas del aula a mundos nuevos, permitiendo que la experiencia y el conocimiento se vivan desde dentro, convirti\u00e9ndose en una dimensi\u00f3n de la ense\u00f1anza\u201d.<\/p>\n\n\n\n<p>Esta especializaci\u00f3n forma parte de una pol\u00edtica educativa sostenida. Su objetivo es acompa\u00f1ar la formaci\u00f3n continua del cuerpo docente, incorporando nuevas tecnolog\u00edas con mirada pedag\u00f3gica y adaptada a los desaf\u00edos actuales.<\/p>\n\n\n\n<p>Fuente: Canal 12 Misiones<\/p>\n\n\n\n<p><\/p>\n","protected":false},"excerpt":{"rendered":"<p>Este 11 de junio comenz\u00f3 oficialmente la inscripci\u00f3n a la&nbsp;Especializaci\u00f3n en Tecnolog\u00edas Inmersivas Orientadas a la Educaci\u00f3n, una propuesta formativa impulsada por el Ministerio de Educaci\u00f3n, Ciencia y Tecnolog\u00eda de Misiones a trav\u00e9s de la Direcci\u00f3n General de TIC. La presentaci\u00f3n se realiz\u00f3 en una charla virtual por el canal oficial de YouTube del organismo. [&hellip;]<\/p>\n","protected":false},"author":2,"featured_media":45103,"comment_status":"open","ping_status":"open","sticky":false,"template":"","format":"standard","meta":{"footnotes":""},"categories":[493],"tags":[270,2918,278,2917],"class_list":["post-45102","post","type-post","status-publish","format-standard","has-post-thumbnail","hentry","category-educacion-2","tag-docentes","tag-inmersivas","tag-misiones","tag-tecnologias"],"yoast_head":"<!-- This site is optimized with the Yoast SEO plugin v27.5 - https:\/\/yoast.com\/product\/yoast-seo-wordpress\/ -->\n<title>Docentes podr\u00e1n formarse en tecnolog\u00edas inmersivas | CVI NOTICIAS<\/title>\n<meta name=\"description\" content=\"Lanzaron una especializaci\u00f3n gratuita en tecnolog\u00edas inmersivas para docentes de Misiones.\" \/>\n<meta name=\"robots\" content=\"index, follow, max-snippet:-1, max-image-preview:large, max-video-preview:-1\" \/>\n<link rel=\"canonical\" href=\"https:\/\/cvinoticias.com\/v3\/docentes-de-misiones-podran-capacitarse-en-la-especializacion-en-tecnologias-inmersivas\/\" \/>\n<meta property=\"og:locale\" content=\"es_ES\" \/>\n<meta property=\"og:type\" content=\"article\" \/>\n<meta property=\"og:title\" content=\"Docentes podr\u00e1n formarse en tecnolog\u00edas inmersivas | CVI NOTICIAS\" \/>\n<meta property=\"og:description\" content=\"Lanzaron una especializaci\u00f3n gratuita en tecnolog\u00edas inmersivas para docentes de Misiones.\" \/>\n<meta property=\"og:url\" content=\"https:\/\/cvinoticias.com\/v3\/docentes-de-misiones-podran-capacitarse-en-la-especializacion-en-tecnologias-inmersivas\/\" \/>\n<meta property=\"og:site_name\" content=\"CVI NOTICIAS\" \/>\n<meta property=\"article:publisher\" content=\"https:\/\/www.facebook.com\/cvinoticias\" \/>\n<meta property=\"article:published_time\" content=\"2025-06-16T14:12:09+00:00\" \/>\n<meta property=\"article:modified_time\" content=\"2025-06-16T14:12:10+00:00\" \/>\n<meta property=\"og:image\" content=\"https:\/\/cvinoticias.com\/wp-content\/uploads\/2025\/06\/22-scaled-e1749640932407.webp\" \/>\n\t<meta property=\"og:image:width\" content=\"1089\" \/>\n\t<meta property=\"og:image:height\" content=\"730\" \/>\n\t<meta property=\"og:image:type\" content=\"image\/webp\" \/>\n<meta name=\"author\" content=\"f1000024\" \/>\n<meta name=\"twitter:card\" content=\"summary_large_image\" \/>\n<meta name=\"twitter:label1\" content=\"Escrito por\" \/>\n\t<meta name=\"twitter:data1\" content=\"f1000024\" \/>\n\t<meta name=\"twitter:label2\" content=\"Tiempo de lectura\" \/>\n\t<meta name=\"twitter:data2\" content=\"2 minutos\" \/>\n<script type=\"application\/ld+json\" class=\"yoast-schema-graph\">{\"@context\":\"https:\\\/\\\/schema.org\",\"@graph\":[{\"@type\":\"Article\",\"@id\":\"https:\\\/\\\/cvinoticias.com\\\/v3\\\/docentes-de-misiones-podran-capacitarse-en-la-especializacion-en-tecnologias-inmersivas\\\/#article\",\"isPartOf\":{\"@id\":\"https:\\\/\\\/cvinoticias.com\\\/v3\\\/docentes-de-misiones-podran-capacitarse-en-la-especializacion-en-tecnologias-inmersivas\\\/\"},\"author\":{\"name\":\"f1000024\",\"@id\":\"https:\\\/\\\/cvinoticias.com\\\/v3\\\/#\\\/schema\\\/person\\\/2db77e3c6bc03c538495d7b2b8be9b66\"},\"headline\":\"Docentes de Misiones podr\u00e1n capacitarse en la Especializaci\u00f3n en Tecnolog\u00edas Inmersivas\",\"datePublished\":\"2025-06-16T14:12:09+00:00\",\"dateModified\":\"2025-06-16T14:12:10+00:00\",\"mainEntityOfPage\":{\"@id\":\"https:\\\/\\\/cvinoticias.com\\\/v3\\\/docentes-de-misiones-podran-capacitarse-en-la-especializacion-en-tecnologias-inmersivas\\\/\"},\"wordCount\":347,\"commentCount\":0,\"publisher\":{\"@id\":\"https:\\\/\\\/cvinoticias.com\\\/v3\\\/#organization\"},\"image\":{\"@id\":\"https:\\\/\\\/cvinoticias.com\\\/v3\\\/docentes-de-misiones-podran-capacitarse-en-la-especializacion-en-tecnologias-inmersivas\\\/#primaryimage\"},\"thumbnailUrl\":\"https:\\\/\\\/cvinoticias.com\\\/wp-content\\\/uploads\\\/2025\\\/06\\\/22-scaled-e1749640932407.webp\",\"keywords\":[\"Docentes\",\"Inmersivas\",\"Misiones\",\"Tecnolog\u00edas\"],\"articleSection\":[\"Educaci\u00f3n\"],\"inLanguage\":\"es\",\"potentialAction\":[{\"@type\":\"CommentAction\",\"name\":\"Comment\",\"target\":[\"https:\\\/\\\/cvinoticias.com\\\/v3\\\/docentes-de-misiones-podran-capacitarse-en-la-especializacion-en-tecnologias-inmersivas\\\/#respond\"]}]},{\"@type\":\"WebPage\",\"@id\":\"https:\\\/\\\/cvinoticias.com\\\/v3\\\/docentes-de-misiones-podran-capacitarse-en-la-especializacion-en-tecnologias-inmersivas\\\/\",\"url\":\"https:\\\/\\\/cvinoticias.com\\\/v3\\\/docentes-de-misiones-podran-capacitarse-en-la-especializacion-en-tecnologias-inmersivas\\\/\",\"name\":\"Docentes podr\u00e1n formarse en tecnolog\u00edas inmersivas | CVI NOTICIAS\",\"isPartOf\":{\"@id\":\"https:\\\/\\\/cvinoticias.com\\\/v3\\\/#website\"},\"primaryImageOfPage\":{\"@id\":\"https:\\\/\\\/cvinoticias.com\\\/v3\\\/docentes-de-misiones-podran-capacitarse-en-la-especializacion-en-tecnologias-inmersivas\\\/#primaryimage\"},\"image\":{\"@id\":\"https:\\\/\\\/cvinoticias.com\\\/v3\\\/docentes-de-misiones-podran-capacitarse-en-la-especializacion-en-tecnologias-inmersivas\\\/#primaryimage\"},\"thumbnailUrl\":\"https:\\\/\\\/cvinoticias.com\\\/wp-content\\\/uploads\\\/2025\\\/06\\\/22-scaled-e1749640932407.webp\",\"datePublished\":\"2025-06-16T14:12:09+00:00\",\"dateModified\":\"2025-06-16T14:12:10+00:00\",\"description\":\"Lanzaron una especializaci\u00f3n gratuita en tecnolog\u00edas inmersivas para docentes de Misiones.\",\"breadcrumb\":{\"@id\":\"https:\\\/\\\/cvinoticias.com\\\/v3\\\/docentes-de-misiones-podran-capacitarse-en-la-especializacion-en-tecnologias-inmersivas\\\/#breadcrumb\"},\"inLanguage\":\"es\",\"potentialAction\":[{\"@type\":\"ReadAction\",\"target\":[\"https:\\\/\\\/cvinoticias.com\\\/v3\\\/docentes-de-misiones-podran-capacitarse-en-la-especializacion-en-tecnologias-inmersivas\\\/\"]}]},{\"@type\":\"ImageObject\",\"inLanguage\":\"es\",\"@id\":\"https:\\\/\\\/cvinoticias.com\\\/v3\\\/docentes-de-misiones-podran-capacitarse-en-la-especializacion-en-tecnologias-inmersivas\\\/#primaryimage\",\"url\":\"https:\\\/\\\/cvinoticias.com\\\/wp-content\\\/uploads\\\/2025\\\/06\\\/22-scaled-e1749640932407.webp\",\"contentUrl\":\"https:\\\/\\\/cvinoticias.com\\\/wp-content\\\/uploads\\\/2025\\\/06\\\/22-scaled-e1749640932407.webp\",\"width\":1089,\"height\":730},{\"@type\":\"BreadcrumbList\",\"@id\":\"https:\\\/\\\/cvinoticias.com\\\/v3\\\/docentes-de-misiones-podran-capacitarse-en-la-especializacion-en-tecnologias-inmersivas\\\/#breadcrumb\",\"itemListElement\":[{\"@type\":\"ListItem\",\"position\":1,\"name\":\"Portada\",\"item\":\"https:\\\/\\\/cvinoticias.com\\\/v3\\\/\"},{\"@type\":\"ListItem\",\"position\":2,\"name\":\"Docentes de Misiones podr\u00e1n capacitarse en la Especializaci\u00f3n en Tecnolog\u00edas Inmersivas\"}]},{\"@type\":\"WebSite\",\"@id\":\"https:\\\/\\\/cvinoticias.com\\\/v3\\\/#website\",\"url\":\"https:\\\/\\\/cvinoticias.com\\\/v3\\\/\",\"name\":\"CVI NOTICIAS\",\"description\":\"\",\"publisher\":{\"@id\":\"https:\\\/\\\/cvinoticias.com\\\/v3\\\/#organization\"},\"alternateName\":\"CVI\",\"potentialAction\":[{\"@type\":\"SearchAction\",\"target\":{\"@type\":\"EntryPoint\",\"urlTemplate\":\"https:\\\/\\\/cvinoticias.com\\\/v3\\\/?s={search_term_string}\"},\"query-input\":{\"@type\":\"PropertyValueSpecification\",\"valueRequired\":true,\"valueName\":\"search_term_string\"}}],\"inLanguage\":\"es\"},{\"@type\":\"Organization\",\"@id\":\"https:\\\/\\\/cvinoticias.com\\\/v3\\\/#organization\",\"name\":\"CVI NOTICIAS\",\"url\":\"https:\\\/\\\/cvinoticias.com\\\/v3\\\/\",\"logo\":{\"@type\":\"ImageObject\",\"inLanguage\":\"es\",\"@id\":\"https:\\\/\\\/cvinoticias.com\\\/v3\\\/#\\\/schema\\\/logo\\\/image\\\/\",\"url\":\"https:\\\/\\\/cvinoticias.com\\\/wp-content\\\/uploads\\\/2023\\\/04\\\/cropped-cropped-cropped-cropped-cropped-3-1.png\",\"contentUrl\":\"https:\\\/\\\/cvinoticias.com\\\/wp-content\\\/uploads\\\/2023\\\/04\\\/cropped-cropped-cropped-cropped-cropped-3-1.png\",\"width\":95,\"height\":122,\"caption\":\"CVI NOTICIAS\"},\"image\":{\"@id\":\"https:\\\/\\\/cvinoticias.com\\\/v3\\\/#\\\/schema\\\/logo\\\/image\\\/\"},\"sameAs\":[\"https:\\\/\\\/www.facebook.com\\\/cvinoticias\",\"https:\\\/\\\/www.instagram.com\\\/cvinoticias\\\/\",\"https:\\\/\\\/www.youtube.com\\\/@CVINOTICIAS\"]},{\"@type\":\"Person\",\"@id\":\"https:\\\/\\\/cvinoticias.com\\\/v3\\\/#\\\/schema\\\/person\\\/2db77e3c6bc03c538495d7b2b8be9b66\",\"name\":\"f1000024\",\"image\":{\"@type\":\"ImageObject\",\"inLanguage\":\"es\",\"@id\":\"https:\\\/\\\/secure.gravatar.com\\\/avatar\\\/d4fe7459cfc51ff5129ce1a732bbef5928568b8092d412ef95611616376bbeed?s=96&d=mm&r=g\",\"url\":\"https:\\\/\\\/secure.gravatar.com\\\/avatar\\\/d4fe7459cfc51ff5129ce1a732bbef5928568b8092d412ef95611616376bbeed?s=96&d=mm&r=g\",\"contentUrl\":\"https:\\\/\\\/secure.gravatar.com\\\/avatar\\\/d4fe7459cfc51ff5129ce1a732bbef5928568b8092d412ef95611616376bbeed?s=96&d=mm&r=g\",\"caption\":\"f1000024\"},\"url\":\"https:\\\/\\\/cvinoticias.com\\\/v3\\\/author\\\/f1000024\\\/\"}]}<\/script>\n<!-- \/ Yoast SEO plugin. -->","yoast_head_json":{"title":"Docentes podr\u00e1n formarse en tecnolog\u00edas inmersivas | CVI NOTICIAS","description":"Lanzaron una especializaci\u00f3n gratuita en tecnolog\u00edas inmersivas para docentes de Misiones.","robots":{"index":"index","follow":"follow","max-snippet":"max-snippet:-1","max-image-preview":"max-image-preview:large","max-video-preview":"max-video-preview:-1"},"canonical":"https:\/\/cvinoticias.com\/v3\/docentes-de-misiones-podran-capacitarse-en-la-especializacion-en-tecnologias-inmersivas\/","og_locale":"es_ES","og_type":"article","og_title":"Docentes podr\u00e1n formarse en tecnolog\u00edas inmersivas | CVI NOTICIAS","og_description":"Lanzaron una especializaci\u00f3n gratuita en tecnolog\u00edas inmersivas para docentes de Misiones.","og_url":"https:\/\/cvinoticias.com\/v3\/docentes-de-misiones-podran-capacitarse-en-la-especializacion-en-tecnologias-inmersivas\/","og_site_name":"CVI NOTICIAS","article_publisher":"https:\/\/www.facebook.com\/cvinoticias","article_published_time":"2025-06-16T14:12:09+00:00","article_modified_time":"2025-06-16T14:12:10+00:00","og_image":[{"width":1089,"height":730,"url":"https:\/\/cvinoticias.com\/wp-content\/uploads\/2025\/06\/22-scaled-e1749640932407.webp","type":"image\/webp"}],"author":"f1000024","twitter_card":"summary_large_image","twitter_misc":{"Escrito por":"f1000024","Tiempo de lectura":"2 minutos"},"schema":{"@context":"https:\/\/schema.org","@graph":[{"@type":"Article","@id":"https:\/\/cvinoticias.com\/v3\/docentes-de-misiones-podran-capacitarse-en-la-especializacion-en-tecnologias-inmersivas\/#article","isPartOf":{"@id":"https:\/\/cvinoticias.com\/v3\/docentes-de-misiones-podran-capacitarse-en-la-especializacion-en-tecnologias-inmersivas\/"},"author":{"name":"f1000024","@id":"https:\/\/cvinoticias.com\/v3\/#\/schema\/person\/2db77e3c6bc03c538495d7b2b8be9b66"},"headline":"Docentes de Misiones podr\u00e1n capacitarse en la Especializaci\u00f3n en Tecnolog\u00edas Inmersivas","datePublished":"2025-06-16T14:12:09+00:00","dateModified":"2025-06-16T14:12:10+00:00","mainEntityOfPage":{"@id":"https:\/\/cvinoticias.com\/v3\/docentes-de-misiones-podran-capacitarse-en-la-especializacion-en-tecnologias-inmersivas\/"},"wordCount":347,"commentCount":0,"publisher":{"@id":"https:\/\/cvinoticias.com\/v3\/#organization"},"image":{"@id":"https:\/\/cvinoticias.com\/v3\/docentes-de-misiones-podran-capacitarse-en-la-especializacion-en-tecnologias-inmersivas\/#primaryimage"},"thumbnailUrl":"https:\/\/cvinoticias.com\/wp-content\/uploads\/2025\/06\/22-scaled-e1749640932407.webp","keywords":["Docentes","Inmersivas","Misiones","Tecnolog\u00edas"],"articleSection":["Educaci\u00f3n"],"inLanguage":"es","potentialAction":[{"@type":"CommentAction","name":"Comment","target":["https:\/\/cvinoticias.com\/v3\/docentes-de-misiones-podran-capacitarse-en-la-especializacion-en-tecnologias-inmersivas\/#respond"]}]},{"@type":"WebPage","@id":"https:\/\/cvinoticias.com\/v3\/docentes-de-misiones-podran-capacitarse-en-la-especializacion-en-tecnologias-inmersivas\/","url":"https:\/\/cvinoticias.com\/v3\/docentes-de-misiones-podran-capacitarse-en-la-especializacion-en-tecnologias-inmersivas\/","name":"Docentes podr\u00e1n formarse en tecnolog\u00edas inmersivas | CVI NOTICIAS","isPartOf":{"@id":"https:\/\/cvinoticias.com\/v3\/#website"},"primaryImageOfPage":{"@id":"https:\/\/cvinoticias.com\/v3\/docentes-de-misiones-podran-capacitarse-en-la-especializacion-en-tecnologias-inmersivas\/#primaryimage"},"image":{"@id":"https:\/\/cvinoticias.com\/v3\/docentes-de-misiones-podran-capacitarse-en-la-especializacion-en-tecnologias-inmersivas\/#primaryimage"},"thumbnailUrl":"https:\/\/cvinoticias.com\/wp-content\/uploads\/2025\/06\/22-scaled-e1749640932407.webp","datePublished":"2025-06-16T14:12:09+00:00","dateModified":"2025-06-16T14:12:10+00:00","description":"Lanzaron una especializaci\u00f3n gratuita en tecnolog\u00edas inmersivas para docentes de Misiones.","breadcrumb":{"@id":"https:\/\/cvinoticias.com\/v3\/docentes-de-misiones-podran-capacitarse-en-la-especializacion-en-tecnologias-inmersivas\/#breadcrumb"},"inLanguage":"es","potentialAction":[{"@type":"ReadAction","target":["https:\/\/cvinoticias.com\/v3\/docentes-de-misiones-podran-capacitarse-en-la-especializacion-en-tecnologias-inmersivas\/"]}]},{"@type":"ImageObject","inLanguage":"es","@id":"https:\/\/cvinoticias.com\/v3\/docentes-de-misiones-podran-capacitarse-en-la-especializacion-en-tecnologias-inmersivas\/#primaryimage","url":"https:\/\/cvinoticias.com\/wp-content\/uploads\/2025\/06\/22-scaled-e1749640932407.webp","contentUrl":"https:\/\/cvinoticias.com\/wp-content\/uploads\/2025\/06\/22-scaled-e1749640932407.webp","width":1089,"height":730},{"@type":"BreadcrumbList","@id":"https:\/\/cvinoticias.com\/v3\/docentes-de-misiones-podran-capacitarse-en-la-especializacion-en-tecnologias-inmersivas\/#breadcrumb","itemListElement":[{"@type":"ListItem","position":1,"name":"Portada","item":"https:\/\/cvinoticias.com\/v3\/"},{"@type":"ListItem","position":2,"name":"Docentes de Misiones podr\u00e1n capacitarse en la Especializaci\u00f3n en Tecnolog\u00edas Inmersivas"}]},{"@type":"WebSite","@id":"https:\/\/cvinoticias.com\/v3\/#website","url":"https:\/\/cvinoticias.com\/v3\/","name":"CVI NOTICIAS","description":"","publisher":{"@id":"https:\/\/cvinoticias.com\/v3\/#organization"},"alternateName":"CVI","potentialAction":[{"@type":"SearchAction","target":{"@type":"EntryPoint","urlTemplate":"https:\/\/cvinoticias.com\/v3\/?s={search_term_string}"},"query-input":{"@type":"PropertyValueSpecification","valueRequired":true,"valueName":"search_term_string"}}],"inLanguage":"es"},{"@type":"Organization","@id":"https:\/\/cvinoticias.com\/v3\/#organization","name":"CVI NOTICIAS","url":"https:\/\/cvinoticias.com\/v3\/","logo":{"@type":"ImageObject","inLanguage":"es","@id":"https:\/\/cvinoticias.com\/v3\/#\/schema\/logo\/image\/","url":"https:\/\/cvinoticias.com\/wp-content\/uploads\/2023\/04\/cropped-cropped-cropped-cropped-cropped-3-1.png","contentUrl":"https:\/\/cvinoticias.com\/wp-content\/uploads\/2023\/04\/cropped-cropped-cropped-cropped-cropped-3-1.png","width":95,"height":122,"caption":"CVI NOTICIAS"},"image":{"@id":"https:\/\/cvinoticias.com\/v3\/#\/schema\/logo\/image\/"},"sameAs":["https:\/\/www.facebook.com\/cvinoticias","https:\/\/www.instagram.com\/cvinoticias\/","https:\/\/www.youtube.com\/@CVINOTICIAS"]},{"@type":"Person","@id":"https:\/\/cvinoticias.com\/v3\/#\/schema\/person\/2db77e3c6bc03c538495d7b2b8be9b66","name":"f1000024","image":{"@type":"ImageObject","inLanguage":"es","@id":"https:\/\/secure.gravatar.com\/avatar\/d4fe7459cfc51ff5129ce1a732bbef5928568b8092d412ef95611616376bbeed?s=96&d=mm&r=g","url":"https:\/\/secure.gravatar.com\/avatar\/d4fe7459cfc51ff5129ce1a732bbef5928568b8092d412ef95611616376bbeed?s=96&d=mm&r=g","contentUrl":"https:\/\/secure.gravatar.com\/avatar\/d4fe7459cfc51ff5129ce1a732bbef5928568b8092d412ef95611616376bbeed?s=96&d=mm&r=g","caption":"f1000024"},"url":"https:\/\/cvinoticias.com\/v3\/author\/f1000024\/"}]}},"_links":{"self":[{"href":"https:\/\/cvinoticias.com\/v3\/wp-json\/wp\/v2\/posts\/45102","targetHints":{"allow":["GET"]}}],"collection":[{"href":"https:\/\/cvinoticias.com\/v3\/wp-json\/wp\/v2\/posts"}],"about":[{"href":"https:\/\/cvinoticias.com\/v3\/wp-json\/wp\/v2\/types\/post"}],"author":[{"embeddable":true,"href":"https:\/\/cvinoticias.com\/v3\/wp-json\/wp\/v2\/users\/2"}],"replies":[{"embeddable":true,"href":"https:\/\/cvinoticias.com\/v3\/wp-json\/wp\/v2\/comments?post=45102"}],"version-history":[{"count":1,"href":"https:\/\/cvinoticias.com\/v3\/wp-json\/wp\/v2\/posts\/45102\/revisions"}],"predecessor-version":[{"id":45104,"href":"https:\/\/cvinoticias.com\/v3\/wp-json\/wp\/v2\/posts\/45102\/revisions\/45104"}],"wp:featuredmedia":[{"embeddable":true,"href":"https:\/\/cvinoticias.com\/v3\/wp-json\/wp\/v2\/media\/45103"}],"wp:attachment":[{"href":"https:\/\/cvinoticias.com\/v3\/wp-json\/wp\/v2\/media?parent=45102"}],"wp:term":[{"taxonomy":"category","embeddable":true,"href":"https:\/\/cvinoticias.com\/v3\/wp-json\/wp\/v2\/categories?post=45102"},{"taxonomy":"post_tag","embeddable":true,"href":"https:\/\/cvinoticias.com\/v3\/wp-json\/wp\/v2\/tags?post=45102"}],"curies":[{"name":"wp","href":"https:\/\/api.w.org\/{rel}","templated":true}]}}