{"id":45089,"date":"2025-06-16T09:15:39","date_gmt":"2025-06-16T12:15:39","guid":{"rendered":"https:\/\/cvinoticias.com\/v3\/?p=45089"},"modified":"2025-06-16T09:15:40","modified_gmt":"2025-06-16T12:15:40","slug":"la-provincia-vive-a-pleno-el-fin-de-semana-largo-con-un-buen-movimiento-y-altos-niveles-de-ocupacion","status":"publish","type":"post","link":"https:\/\/cvinoticias.com\/v3\/la-provincia-vive-a-pleno-el-fin-de-semana-largo-con-un-buen-movimiento-y-altos-niveles-de-ocupacion\/","title":{"rendered":"La provincia vive a pleno el fin de semana largo con un buen movimiento y altos niveles de ocupaci\u00f3n"},"content":{"rendered":"\n<p>El primer fin de semana largo de junio genera un intenso movimiento para el sector tur\u00edstico en Misiones.&nbsp;<strong>Miles de turistas llegan a los puntos terminales de la provincia para disfrutar los d\u00edas de descanso, en un marco en el que sobresale la combinaci\u00f3n bellezas naturales con modernas infraestructuras<\/strong>.<\/p>\n\n\n\n<p>Con una&nbsp;<strong>ocupaci\u00f3n hotelera casi a tope<\/strong>, la tierra colorada reafirma su posici\u00f3n como uno de los destinos tur\u00edsticos m\u00e1s atractivos del pa\u00eds.<\/p>\n\n\n\n<p>Los turistas disfrutaron su estad\u00eda, beneficiando significativamente a la econom\u00eda local y demostrando la capacidad de la provincia para recibir y ofrecer servicios de calidad a los visitantes.<\/p>\n\n\n\n<figure class=\"wp-block-image\"><img decoding=\"async\" data-src=\"https:\/\/www.canal12misiones.com\/wp-content\/uploads\/2025\/06\/misiones-turismo-3-1024x683.jpg\" alt=\"sector tur\u00edstico\" class=\"wp-image-523594 lazyload\" src=\"data:image\/svg+xml;base64,PHN2ZyB3aWR0aD0iMSIgaGVpZ2h0PSIxIiB4bWxucz0iaHR0cDovL3d3dy53My5vcmcvMjAwMC9zdmciPjwvc3ZnPg==\" style=\"--smush-placeholder-width: 1024px; --smush-placeholder-aspect-ratio: 1024\/683;\" \/><\/figure>\n\n\n\n<h3 class=\"wp-block-heading\">Actividades organizadas por el Gobierno para potenciar al sector tur\u00edstico<\/h3>\n\n\n\n<p>Para ello el&nbsp;<a href=\"https:\/\/x.com\/MisionesTurismo\">Gobierno provincial<\/a>, junto a los municipios, lleva adelante una amplia agenda de opciones familiares, adem\u00e1s de acondicionar los espacios necesarios para disfrutar de los paseos y actividades.<\/p>\n\n\n\n<p>Entre las actividades culturales sobresalen los eventos art\u00edsticos y deportivos; junto a exposiciones de arte y presentaciones teatrales, destacando el talento local y la rica herencia cultural de la regi\u00f3n.<\/p>\n\n\n\n<p>Los puntos tur\u00edsticos emblem\u00e1ticos de Posadas, como la Costanera, el Jard\u00edn Bot\u00e1nico y el Parque de la Ciudad, reciben a numerosos visitantes que se deleitan con la belleza natural y las vistas panor\u00e1micas.&nbsp;<\/p>\n\n\n\n<p>Mientras que las actividades recreativas al aire libre, como paseos en bicicleta, city tour y paseos guiados, tambi\u00e9n son muy populares entre las familias y los j\u00f3venes.<\/p>\n\n\n\n<p><strong>El \u00e9xito de este fin de semana largo demuestra el potencial de Misiones como destino tur\u00edstico de elecci\u00f3n en fechas festivas y temporadas altas<\/strong>. La administraci\u00f3n local y los operadores tur\u00edsticos se muestran optimistas y comprometidos a seguir mejorando la oferta tur\u00edstica para continuar atrayendo m\u00e1s visitantes en el futuro.<\/p>\n\n\n\n<p>De esa manera, se prev\u00e9 que el pr\u00f3ximo fin de semana largo, por el feriado del viernes 20 de junio tambi\u00e9n se vivir\u00e1 con una ocupaci\u00f3n hotelera que llegar\u00e1 al 100% en las principales ciudades<\/p>\n\n\n\n<p>Fuente: Canal 12 Misiones<\/p>\n","protected":false},"excerpt":{"rendered":"<p>El primer fin de semana largo de junio genera un intenso movimiento para el sector tur\u00edstico en Misiones.&nbsp;Miles de turistas llegan a los puntos terminales de la provincia para disfrutar los d\u00edas de descanso, en un marco en el que sobresale la combinaci\u00f3n bellezas naturales con modernas infraestructuras. Con una&nbsp;ocupaci\u00f3n hotelera casi a tope, la [&hellip;]<\/p>\n","protected":false},"author":2,"featured_media":45090,"comment_status":"open","ping_status":"open","sticky":false,"template":"","format":"standard","meta":{"footnotes":""},"categories":[50],"tags":[975,2914,278],"class_list":["post-45089","post","type-post","status-publish","format-standard","has-post-thumbnail","hentry","category-turismo","tag-fin-de-semana","tag-largo","tag-misiones"],"yoast_head":"<!-- This site is optimized with the Yoast SEO plugin v27.4 - https:\/\/yoast.com\/product\/yoast-seo-wordpress\/ -->\n<title>Misiones a pleno en el fin de semana largo de junio | CVI NOTICIAS<\/title>\n<meta name=\"description\" content=\"Turistas colman Misiones en el primer finde largo de junio, con alta ocupaci\u00f3n y agenda cultural.\" \/>\n<meta name=\"robots\" content=\"index, follow, max-snippet:-1, max-image-preview:large, max-video-preview:-1\" \/>\n<link rel=\"canonical\" href=\"https:\/\/cvinoticias.com\/v3\/la-provincia-vive-a-pleno-el-fin-de-semana-largo-con-un-buen-movimiento-y-altos-niveles-de-ocupacion\/\" \/>\n<meta property=\"og:locale\" content=\"es_ES\" \/>\n<meta property=\"og:type\" content=\"article\" \/>\n<meta property=\"og:title\" content=\"Misiones a pleno en el fin de semana largo de junio | CVI NOTICIAS\" \/>\n<meta property=\"og:description\" content=\"Turistas colman Misiones en el primer finde largo de junio, con alta ocupaci\u00f3n y agenda cultural.\" \/>\n<meta property=\"og:url\" content=\"https:\/\/cvinoticias.com\/v3\/la-provincia-vive-a-pleno-el-fin-de-semana-largo-con-un-buen-movimiento-y-altos-niveles-de-ocupacion\/\" \/>\n<meta property=\"og:site_name\" content=\"CVI NOTICIAS\" \/>\n<meta property=\"article:publisher\" content=\"https:\/\/www.facebook.com\/cvinoticias\" \/>\n<meta property=\"article:published_time\" content=\"2025-06-16T12:15:39+00:00\" \/>\n<meta property=\"article:modified_time\" content=\"2025-06-16T12:15:40+00:00\" \/>\n<meta property=\"og:image\" content=\"https:\/\/cvinoticias.com\/wp-content\/uploads\/2025\/06\/480308713_1178896200465319_1469258523758991110_n.jpg\" \/>\n\t<meta property=\"og:image:width\" content=\"2048\" \/>\n\t<meta property=\"og:image:height\" content=\"1365\" \/>\n\t<meta property=\"og:image:type\" content=\"image\/jpeg\" \/>\n<meta name=\"author\" content=\"f1000024\" \/>\n<meta name=\"twitter:card\" content=\"summary_large_image\" \/>\n<meta name=\"twitter:label1\" content=\"Escrito por\" \/>\n\t<meta name=\"twitter:data1\" content=\"f1000024\" \/>\n\t<meta name=\"twitter:label2\" content=\"Tiempo de lectura\" \/>\n\t<meta name=\"twitter:data2\" content=\"2 minutos\" \/>\n<script type=\"application\/ld+json\" class=\"yoast-schema-graph\">{\"@context\":\"https:\\\/\\\/schema.org\",\"@graph\":[{\"@type\":\"Article\",\"@id\":\"https:\\\/\\\/cvinoticias.com\\\/v3\\\/la-provincia-vive-a-pleno-el-fin-de-semana-largo-con-un-buen-movimiento-y-altos-niveles-de-ocupacion\\\/#article\",\"isPartOf\":{\"@id\":\"https:\\\/\\\/cvinoticias.com\\\/v3\\\/la-provincia-vive-a-pleno-el-fin-de-semana-largo-con-un-buen-movimiento-y-altos-niveles-de-ocupacion\\\/\"},\"author\":{\"name\":\"f1000024\",\"@id\":\"https:\\\/\\\/cvinoticias.com\\\/v3\\\/#\\\/schema\\\/person\\\/2db77e3c6bc03c538495d7b2b8be9b66\"},\"headline\":\"La provincia vive a pleno el fin de semana largo con un buen movimiento y altos niveles de ocupaci\u00f3n\",\"datePublished\":\"2025-06-16T12:15:39+00:00\",\"dateModified\":\"2025-06-16T12:15:40+00:00\",\"mainEntityOfPage\":{\"@id\":\"https:\\\/\\\/cvinoticias.com\\\/v3\\\/la-provincia-vive-a-pleno-el-fin-de-semana-largo-con-un-buen-movimiento-y-altos-niveles-de-ocupacion\\\/\"},\"wordCount\":370,\"commentCount\":0,\"publisher\":{\"@id\":\"https:\\\/\\\/cvinoticias.com\\\/v3\\\/#organization\"},\"image\":{\"@id\":\"https:\\\/\\\/cvinoticias.com\\\/v3\\\/la-provincia-vive-a-pleno-el-fin-de-semana-largo-con-un-buen-movimiento-y-altos-niveles-de-ocupacion\\\/#primaryimage\"},\"thumbnailUrl\":\"https:\\\/\\\/cvinoticias.com\\\/wp-content\\\/uploads\\\/2025\\\/06\\\/480308713_1178896200465319_1469258523758991110_n.jpg\",\"keywords\":[\"Fin de semana\",\"largo\",\"Misiones\"],\"articleSection\":[\"Turismo\"],\"inLanguage\":\"es\",\"potentialAction\":[{\"@type\":\"CommentAction\",\"name\":\"Comment\",\"target\":[\"https:\\\/\\\/cvinoticias.com\\\/v3\\\/la-provincia-vive-a-pleno-el-fin-de-semana-largo-con-un-buen-movimiento-y-altos-niveles-de-ocupacion\\\/#respond\"]}]},{\"@type\":\"WebPage\",\"@id\":\"https:\\\/\\\/cvinoticias.com\\\/v3\\\/la-provincia-vive-a-pleno-el-fin-de-semana-largo-con-un-buen-movimiento-y-altos-niveles-de-ocupacion\\\/\",\"url\":\"https:\\\/\\\/cvinoticias.com\\\/v3\\\/la-provincia-vive-a-pleno-el-fin-de-semana-largo-con-un-buen-movimiento-y-altos-niveles-de-ocupacion\\\/\",\"name\":\"Misiones a pleno en el fin de semana largo de junio | CVI NOTICIAS\",\"isPartOf\":{\"@id\":\"https:\\\/\\\/cvinoticias.com\\\/v3\\\/#website\"},\"primaryImageOfPage\":{\"@id\":\"https:\\\/\\\/cvinoticias.com\\\/v3\\\/la-provincia-vive-a-pleno-el-fin-de-semana-largo-con-un-buen-movimiento-y-altos-niveles-de-ocupacion\\\/#primaryimage\"},\"image\":{\"@id\":\"https:\\\/\\\/cvinoticias.com\\\/v3\\\/la-provincia-vive-a-pleno-el-fin-de-semana-largo-con-un-buen-movimiento-y-altos-niveles-de-ocupacion\\\/#primaryimage\"},\"thumbnailUrl\":\"https:\\\/\\\/cvinoticias.com\\\/wp-content\\\/uploads\\\/2025\\\/06\\\/480308713_1178896200465319_1469258523758991110_n.jpg\",\"datePublished\":\"2025-06-16T12:15:39+00:00\",\"dateModified\":\"2025-06-16T12:15:40+00:00\",\"description\":\"Turistas colman Misiones en el primer finde largo de junio, con alta ocupaci\u00f3n y agenda cultural.\",\"breadcrumb\":{\"@id\":\"https:\\\/\\\/cvinoticias.com\\\/v3\\\/la-provincia-vive-a-pleno-el-fin-de-semana-largo-con-un-buen-movimiento-y-altos-niveles-de-ocupacion\\\/#breadcrumb\"},\"inLanguage\":\"es\",\"potentialAction\":[{\"@type\":\"ReadAction\",\"target\":[\"https:\\\/\\\/cvinoticias.com\\\/v3\\\/la-provincia-vive-a-pleno-el-fin-de-semana-largo-con-un-buen-movimiento-y-altos-niveles-de-ocupacion\\\/\"]}]},{\"@type\":\"ImageObject\",\"inLanguage\":\"es\",\"@id\":\"https:\\\/\\\/cvinoticias.com\\\/v3\\\/la-provincia-vive-a-pleno-el-fin-de-semana-largo-con-un-buen-movimiento-y-altos-niveles-de-ocupacion\\\/#primaryimage\",\"url\":\"https:\\\/\\\/cvinoticias.com\\\/wp-content\\\/uploads\\\/2025\\\/06\\\/480308713_1178896200465319_1469258523758991110_n.jpg\",\"contentUrl\":\"https:\\\/\\\/cvinoticias.com\\\/wp-content\\\/uploads\\\/2025\\\/06\\\/480308713_1178896200465319_1469258523758991110_n.jpg\",\"width\":2048,\"height\":1365},{\"@type\":\"BreadcrumbList\",\"@id\":\"https:\\\/\\\/cvinoticias.com\\\/v3\\\/la-provincia-vive-a-pleno-el-fin-de-semana-largo-con-un-buen-movimiento-y-altos-niveles-de-ocupacion\\\/#breadcrumb\",\"itemListElement\":[{\"@type\":\"ListItem\",\"position\":1,\"name\":\"Portada\",\"item\":\"https:\\\/\\\/cvinoticias.com\\\/v3\\\/\"},{\"@type\":\"ListItem\",\"position\":2,\"name\":\"La provincia vive a pleno el fin de semana largo con un buen movimiento y altos niveles de ocupaci\u00f3n\"}]},{\"@type\":\"WebSite\",\"@id\":\"https:\\\/\\\/cvinoticias.com\\\/v3\\\/#website\",\"url\":\"https:\\\/\\\/cvinoticias.com\\\/v3\\\/\",\"name\":\"CVI NOTICIAS\",\"description\":\"\",\"publisher\":{\"@id\":\"https:\\\/\\\/cvinoticias.com\\\/v3\\\/#organization\"},\"alternateName\":\"CVI\",\"potentialAction\":[{\"@type\":\"SearchAction\",\"target\":{\"@type\":\"EntryPoint\",\"urlTemplate\":\"https:\\\/\\\/cvinoticias.com\\\/v3\\\/?s={search_term_string}\"},\"query-input\":{\"@type\":\"PropertyValueSpecification\",\"valueRequired\":true,\"valueName\":\"search_term_string\"}}],\"inLanguage\":\"es\"},{\"@type\":\"Organization\",\"@id\":\"https:\\\/\\\/cvinoticias.com\\\/v3\\\/#organization\",\"name\":\"CVI NOTICIAS\",\"url\":\"https:\\\/\\\/cvinoticias.com\\\/v3\\\/\",\"logo\":{\"@type\":\"ImageObject\",\"inLanguage\":\"es\",\"@id\":\"https:\\\/\\\/cvinoticias.com\\\/v3\\\/#\\\/schema\\\/logo\\\/image\\\/\",\"url\":\"https:\\\/\\\/cvinoticias.com\\\/wp-content\\\/uploads\\\/2023\\\/04\\\/cropped-cropped-cropped-cropped-cropped-3-1.png\",\"contentUrl\":\"https:\\\/\\\/cvinoticias.com\\\/wp-content\\\/uploads\\\/2023\\\/04\\\/cropped-cropped-cropped-cropped-cropped-3-1.png\",\"width\":95,\"height\":122,\"caption\":\"CVI NOTICIAS\"},\"image\":{\"@id\":\"https:\\\/\\\/cvinoticias.com\\\/v3\\\/#\\\/schema\\\/logo\\\/image\\\/\"},\"sameAs\":[\"https:\\\/\\\/www.facebook.com\\\/cvinoticias\",\"https:\\\/\\\/www.instagram.com\\\/cvinoticias\\\/\",\"https:\\\/\\\/www.youtube.com\\\/@CVINOTICIAS\"]},{\"@type\":\"Person\",\"@id\":\"https:\\\/\\\/cvinoticias.com\\\/v3\\\/#\\\/schema\\\/person\\\/2db77e3c6bc03c538495d7b2b8be9b66\",\"name\":\"f1000024\",\"image\":{\"@type\":\"ImageObject\",\"inLanguage\":\"es\",\"@id\":\"https:\\\/\\\/secure.gravatar.com\\\/avatar\\\/d4fe7459cfc51ff5129ce1a732bbef5928568b8092d412ef95611616376bbeed?s=96&d=mm&r=g\",\"url\":\"https:\\\/\\\/secure.gravatar.com\\\/avatar\\\/d4fe7459cfc51ff5129ce1a732bbef5928568b8092d412ef95611616376bbeed?s=96&d=mm&r=g\",\"contentUrl\":\"https:\\\/\\\/secure.gravatar.com\\\/avatar\\\/d4fe7459cfc51ff5129ce1a732bbef5928568b8092d412ef95611616376bbeed?s=96&d=mm&r=g\",\"caption\":\"f1000024\"},\"url\":\"https:\\\/\\\/cvinoticias.com\\\/v3\\\/author\\\/f1000024\\\/\"}]}<\/script>\n<!-- \/ Yoast SEO plugin. -->","yoast_head_json":{"title":"Misiones a pleno en el fin de semana largo de junio | CVI NOTICIAS","description":"Turistas colman Misiones en el primer finde largo de junio, con alta ocupaci\u00f3n y agenda cultural.","robots":{"index":"index","follow":"follow","max-snippet":"max-snippet:-1","max-image-preview":"max-image-preview:large","max-video-preview":"max-video-preview:-1"},"canonical":"https:\/\/cvinoticias.com\/v3\/la-provincia-vive-a-pleno-el-fin-de-semana-largo-con-un-buen-movimiento-y-altos-niveles-de-ocupacion\/","og_locale":"es_ES","og_type":"article","og_title":"Misiones a pleno en el fin de semana largo de junio | CVI NOTICIAS","og_description":"Turistas colman Misiones en el primer finde largo de junio, con alta ocupaci\u00f3n y agenda cultural.","og_url":"https:\/\/cvinoticias.com\/v3\/la-provincia-vive-a-pleno-el-fin-de-semana-largo-con-un-buen-movimiento-y-altos-niveles-de-ocupacion\/","og_site_name":"CVI NOTICIAS","article_publisher":"https:\/\/www.facebook.com\/cvinoticias","article_published_time":"2025-06-16T12:15:39+00:00","article_modified_time":"2025-06-16T12:15:40+00:00","og_image":[{"width":2048,"height":1365,"url":"https:\/\/cvinoticias.com\/wp-content\/uploads\/2025\/06\/480308713_1178896200465319_1469258523758991110_n.jpg","type":"image\/jpeg"}],"author":"f1000024","twitter_card":"summary_large_image","twitter_misc":{"Escrito por":"f1000024","Tiempo de lectura":"2 minutos"},"schema":{"@context":"https:\/\/schema.org","@graph":[{"@type":"Article","@id":"https:\/\/cvinoticias.com\/v3\/la-provincia-vive-a-pleno-el-fin-de-semana-largo-con-un-buen-movimiento-y-altos-niveles-de-ocupacion\/#article","isPartOf":{"@id":"https:\/\/cvinoticias.com\/v3\/la-provincia-vive-a-pleno-el-fin-de-semana-largo-con-un-buen-movimiento-y-altos-niveles-de-ocupacion\/"},"author":{"name":"f1000024","@id":"https:\/\/cvinoticias.com\/v3\/#\/schema\/person\/2db77e3c6bc03c538495d7b2b8be9b66"},"headline":"La provincia vive a pleno el fin de semana largo con un buen movimiento y altos niveles de ocupaci\u00f3n","datePublished":"2025-06-16T12:15:39+00:00","dateModified":"2025-06-16T12:15:40+00:00","mainEntityOfPage":{"@id":"https:\/\/cvinoticias.com\/v3\/la-provincia-vive-a-pleno-el-fin-de-semana-largo-con-un-buen-movimiento-y-altos-niveles-de-ocupacion\/"},"wordCount":370,"commentCount":0,"publisher":{"@id":"https:\/\/cvinoticias.com\/v3\/#organization"},"image":{"@id":"https:\/\/cvinoticias.com\/v3\/la-provincia-vive-a-pleno-el-fin-de-semana-largo-con-un-buen-movimiento-y-altos-niveles-de-ocupacion\/#primaryimage"},"thumbnailUrl":"https:\/\/cvinoticias.com\/wp-content\/uploads\/2025\/06\/480308713_1178896200465319_1469258523758991110_n.jpg","keywords":["Fin de semana","largo","Misiones"],"articleSection":["Turismo"],"inLanguage":"es","potentialAction":[{"@type":"CommentAction","name":"Comment","target":["https:\/\/cvinoticias.com\/v3\/la-provincia-vive-a-pleno-el-fin-de-semana-largo-con-un-buen-movimiento-y-altos-niveles-de-ocupacion\/#respond"]}]},{"@type":"WebPage","@id":"https:\/\/cvinoticias.com\/v3\/la-provincia-vive-a-pleno-el-fin-de-semana-largo-con-un-buen-movimiento-y-altos-niveles-de-ocupacion\/","url":"https:\/\/cvinoticias.com\/v3\/la-provincia-vive-a-pleno-el-fin-de-semana-largo-con-un-buen-movimiento-y-altos-niveles-de-ocupacion\/","name":"Misiones a pleno en el fin de semana largo de junio | CVI NOTICIAS","isPartOf":{"@id":"https:\/\/cvinoticias.com\/v3\/#website"},"primaryImageOfPage":{"@id":"https:\/\/cvinoticias.com\/v3\/la-provincia-vive-a-pleno-el-fin-de-semana-largo-con-un-buen-movimiento-y-altos-niveles-de-ocupacion\/#primaryimage"},"image":{"@id":"https:\/\/cvinoticias.com\/v3\/la-provincia-vive-a-pleno-el-fin-de-semana-largo-con-un-buen-movimiento-y-altos-niveles-de-ocupacion\/#primaryimage"},"thumbnailUrl":"https:\/\/cvinoticias.com\/wp-content\/uploads\/2025\/06\/480308713_1178896200465319_1469258523758991110_n.jpg","datePublished":"2025-06-16T12:15:39+00:00","dateModified":"2025-06-16T12:15:40+00:00","description":"Turistas colman Misiones en el primer finde largo de junio, con alta ocupaci\u00f3n y agenda cultural.","breadcrumb":{"@id":"https:\/\/cvinoticias.com\/v3\/la-provincia-vive-a-pleno-el-fin-de-semana-largo-con-un-buen-movimiento-y-altos-niveles-de-ocupacion\/#breadcrumb"},"inLanguage":"es","potentialAction":[{"@type":"ReadAction","target":["https:\/\/cvinoticias.com\/v3\/la-provincia-vive-a-pleno-el-fin-de-semana-largo-con-un-buen-movimiento-y-altos-niveles-de-ocupacion\/"]}]},{"@type":"ImageObject","inLanguage":"es","@id":"https:\/\/cvinoticias.com\/v3\/la-provincia-vive-a-pleno-el-fin-de-semana-largo-con-un-buen-movimiento-y-altos-niveles-de-ocupacion\/#primaryimage","url":"https:\/\/cvinoticias.com\/wp-content\/uploads\/2025\/06\/480308713_1178896200465319_1469258523758991110_n.jpg","contentUrl":"https:\/\/cvinoticias.com\/wp-content\/uploads\/2025\/06\/480308713_1178896200465319_1469258523758991110_n.jpg","width":2048,"height":1365},{"@type":"BreadcrumbList","@id":"https:\/\/cvinoticias.com\/v3\/la-provincia-vive-a-pleno-el-fin-de-semana-largo-con-un-buen-movimiento-y-altos-niveles-de-ocupacion\/#breadcrumb","itemListElement":[{"@type":"ListItem","position":1,"name":"Portada","item":"https:\/\/cvinoticias.com\/v3\/"},{"@type":"ListItem","position":2,"name":"La provincia vive a pleno el fin de semana largo con un buen movimiento y altos niveles de ocupaci\u00f3n"}]},{"@type":"WebSite","@id":"https:\/\/cvinoticias.com\/v3\/#website","url":"https:\/\/cvinoticias.com\/v3\/","name":"CVI NOTICIAS","description":"","publisher":{"@id":"https:\/\/cvinoticias.com\/v3\/#organization"},"alternateName":"CVI","potentialAction":[{"@type":"SearchAction","target":{"@type":"EntryPoint","urlTemplate":"https:\/\/cvinoticias.com\/v3\/?s={search_term_string}"},"query-input":{"@type":"PropertyValueSpecification","valueRequired":true,"valueName":"search_term_string"}}],"inLanguage":"es"},{"@type":"Organization","@id":"https:\/\/cvinoticias.com\/v3\/#organization","name":"CVI NOTICIAS","url":"https:\/\/cvinoticias.com\/v3\/","logo":{"@type":"ImageObject","inLanguage":"es","@id":"https:\/\/cvinoticias.com\/v3\/#\/schema\/logo\/image\/","url":"https:\/\/cvinoticias.com\/wp-content\/uploads\/2023\/04\/cropped-cropped-cropped-cropped-cropped-3-1.png","contentUrl":"https:\/\/cvinoticias.com\/wp-content\/uploads\/2023\/04\/cropped-cropped-cropped-cropped-cropped-3-1.png","width":95,"height":122,"caption":"CVI NOTICIAS"},"image":{"@id":"https:\/\/cvinoticias.com\/v3\/#\/schema\/logo\/image\/"},"sameAs":["https:\/\/www.facebook.com\/cvinoticias","https:\/\/www.instagram.com\/cvinoticias\/","https:\/\/www.youtube.com\/@CVINOTICIAS"]},{"@type":"Person","@id":"https:\/\/cvinoticias.com\/v3\/#\/schema\/person\/2db77e3c6bc03c538495d7b2b8be9b66","name":"f1000024","image":{"@type":"ImageObject","inLanguage":"es","@id":"https:\/\/secure.gravatar.com\/avatar\/d4fe7459cfc51ff5129ce1a732bbef5928568b8092d412ef95611616376bbeed?s=96&d=mm&r=g","url":"https:\/\/secure.gravatar.com\/avatar\/d4fe7459cfc51ff5129ce1a732bbef5928568b8092d412ef95611616376bbeed?s=96&d=mm&r=g","contentUrl":"https:\/\/secure.gravatar.com\/avatar\/d4fe7459cfc51ff5129ce1a732bbef5928568b8092d412ef95611616376bbeed?s=96&d=mm&r=g","caption":"f1000024"},"url":"https:\/\/cvinoticias.com\/v3\/author\/f1000024\/"}]}},"_links":{"self":[{"href":"https:\/\/cvinoticias.com\/v3\/wp-json\/wp\/v2\/posts\/45089","targetHints":{"allow":["GET"]}}],"collection":[{"href":"https:\/\/cvinoticias.com\/v3\/wp-json\/wp\/v2\/posts"}],"about":[{"href":"https:\/\/cvinoticias.com\/v3\/wp-json\/wp\/v2\/types\/post"}],"author":[{"embeddable":true,"href":"https:\/\/cvinoticias.com\/v3\/wp-json\/wp\/v2\/users\/2"}],"replies":[{"embeddable":true,"href":"https:\/\/cvinoticias.com\/v3\/wp-json\/wp\/v2\/comments?post=45089"}],"version-history":[{"count":1,"href":"https:\/\/cvinoticias.com\/v3\/wp-json\/wp\/v2\/posts\/45089\/revisions"}],"predecessor-version":[{"id":45091,"href":"https:\/\/cvinoticias.com\/v3\/wp-json\/wp\/v2\/posts\/45089\/revisions\/45091"}],"wp:featuredmedia":[{"embeddable":true,"href":"https:\/\/cvinoticias.com\/v3\/wp-json\/wp\/v2\/media\/45090"}],"wp:attachment":[{"href":"https:\/\/cvinoticias.com\/v3\/wp-json\/wp\/v2\/media?parent=45089"}],"wp:term":[{"taxonomy":"category","embeddable":true,"href":"https:\/\/cvinoticias.com\/v3\/wp-json\/wp\/v2\/categories?post=45089"},{"taxonomy":"post_tag","embeddable":true,"href":"https:\/\/cvinoticias.com\/v3\/wp-json\/wp\/v2\/tags?post=45089"}],"curies":[{"name":"wp","href":"https:\/\/api.w.org\/{rel}","templated":true}]}}