{"id":45070,"date":"2025-06-14T18:19:02","date_gmt":"2025-06-14T21:19:02","guid":{"rendered":"https:\/\/cvinoticias.com\/v3\/?p=45070"},"modified":"2025-06-14T18:19:50","modified_gmt":"2025-06-14T21:19:50","slug":"iguazu-y-san-juan-potencian-el-compromiso-de-la-promocion-turistica","status":"publish","type":"post","link":"https:\/\/cvinoticias.com\/v3\/iguazu-y-san-juan-potencian-el-compromiso-de-la-promocion-turistica\/","title":{"rendered":"Iguaz\u00fa y San Juan potencian el compromiso de la promoci\u00f3n tur\u00edstica"},"content":{"rendered":"\n<p>En el marco de una agenda de trabajo conjunto entre destinos, Puerto Iguaz\u00fa recibi\u00f3 a una delegaci\u00f3n de la Provincia de San Juan, que present\u00f3 su oferta tur\u00edstica ante agentes de viajes, turistas, medios de prensa y vecinos de la comunidad.<\/p>\n\n\n\n<p>El evento, realizado en primero en el Ente de Turismo de Iguazu y luego en el Hito Tres Fronteras, incluy\u00f3 una presentaci\u00f3n institucional, material promocional y una exposici\u00f3n de los principales productos tur\u00edsticos sanjuaninos, desde su imponente paisaje cordillerano hasta sus experiencias vinculadas al enoturismo, la cultura y el astroturismo.<\/p>\n\n\n\n<figure class=\"wp-block-image size-large\"><a href=\"https:\/\/cvinoticias.com\/wp-content\/uploads\/2025\/06\/1000161103.jpg\"><img decoding=\"async\" width=\"1024\" height=\"768\" data-src=\"https:\/\/cvinoticias.com\/wp-content\/uploads\/2025\/06\/1000161103-1024x768.jpg\" alt=\"\" class=\"wp-image-45076 lazyload\" data-srcset=\"https:\/\/cvinoticias.com\/wp-content\/uploads\/2025\/06\/1000161103-1024x768.jpg 1024w, https:\/\/cvinoticias.com\/wp-content\/uploads\/2025\/06\/1000161103-300x225.jpg 300w, https:\/\/cvinoticias.com\/wp-content\/uploads\/2025\/06\/1000161103-768x576.jpg 768w, https:\/\/cvinoticias.com\/wp-content\/uploads\/2025\/06\/1000161103.jpg 1280w\" data-sizes=\"(max-width: 1024px) 100vw, 1024px\" src=\"data:image\/svg+xml;base64,PHN2ZyB3aWR0aD0iMSIgaGVpZ2h0PSIxIiB4bWxucz0iaHR0cDovL3d3dy53My5vcmcvMjAwMC9zdmciPjwvc3ZnPg==\" style=\"--smush-placeholder-width: 1024px; --smush-placeholder-aspect-ratio: 1024\/768;\" \/><\/a><\/figure>\n\n\n\n<p>\u201cSeguimos generando alianzas con otros destinos del pa\u00eds porque cada visitante que llega a Iguaz\u00fa genera trabajo para nuestra gente, y estas acciones permiten que m\u00e1s personas conozcan lo que ofrece Argentina de punta a punta\u201d, destac\u00f3 Leopoldo Lucas, presidente del Ente de Turismo de Iguaz\u00fa.<\/p>\n\n\n\n<p>Por su parte, Juan Casta\u00f1ares, subsecretario de Turismo de San Juan, expres\u00f3: \u201cEs una gran satisfacci\u00f3n estar en Iguaz\u00fa, uno de los destinos m\u00e1s emblem\u00e1ticos del pa\u00eds, y poder mostrar todo lo que San Juan tiene para ofrecer. La promoci\u00f3n cruzada entre provincias es fundamental para construir un turismo m\u00e1s federal y sostenible\u201d.<\/p>\n\n\n\n<p>Este tipo de iniciativas refuerzan el compromiso de ambos destinos con la integraci\u00f3n del mapa tur\u00edstico nacional, permitiendo a los viajeros descubrir nuevos circuitos y experiencias complementarias. Desde el Ente de Turismo de Iguaz\u00fa se continuar\u00e1 trabajando en esta l\u00ednea, promoviendo al destino como un emblema del turismo de naturaleza, sustentabilidad y disponible todo el a\u00f1o.<\/p>\n\n\n\n<figure class=\"wp-block-image size-large\"><a href=\"https:\/\/cvinoticias.com\/wp-content\/uploads\/2025\/06\/1000161102.jpg\"><img decoding=\"async\" width=\"1024\" height=\"506\" data-src=\"https:\/\/cvinoticias.com\/wp-content\/uploads\/2025\/06\/1000161102-1024x506.jpg\" alt=\"\" class=\"wp-image-45073 lazyload\" data-srcset=\"https:\/\/cvinoticias.com\/wp-content\/uploads\/2025\/06\/1000161102-1024x506.jpg 1024w, https:\/\/cvinoticias.com\/wp-content\/uploads\/2025\/06\/1000161102-300x148.jpg 300w, https:\/\/cvinoticias.com\/wp-content\/uploads\/2025\/06\/1000161102-768x379.jpg 768w, https:\/\/cvinoticias.com\/wp-content\/uploads\/2025\/06\/1000161102.jpg 1280w\" data-sizes=\"(max-width: 1024px) 100vw, 1024px\" src=\"data:image\/svg+xml;base64,PHN2ZyB3aWR0aD0iMSIgaGVpZ2h0PSIxIiB4bWxucz0iaHR0cDovL3d3dy53My5vcmcvMjAwMC9zdmciPjwvc3ZnPg==\" style=\"--smush-placeholder-width: 1024px; --smush-placeholder-aspect-ratio: 1024\/506;\" \/><\/a><\/figure>\n","protected":false},"excerpt":{"rendered":"<p>En el marco de una agenda de trabajo conjunto entre destinos, Puerto Iguaz\u00fa recibi\u00f3 a una delegaci\u00f3n de la Provincia de San Juan, que present\u00f3 su oferta tur\u00edstica ante agentes de viajes, turistas, medios de prensa y vecinos de la comunidad. El evento, realizado en primero en el Ente de Turismo de Iguazu y luego [&hellip;]<\/p>\n","protected":false},"author":2,"featured_media":45071,"comment_status":"open","ping_status":"open","sticky":false,"template":"","format":"standard","meta":{"footnotes":""},"categories":[50],"tags":[313,2911,2912,1870,2910],"class_list":["post-45070","post","type-post","status-publish","format-standard","has-post-thumbnail","hentry","category-turismo","tag-iguazu","tag-lazos","tag-potenciar","tag-promocion","tag-san-juan"],"yoast_head":"<!-- This site is optimized with the Yoast SEO plugin v27.4 - https:\/\/yoast.com\/product\/yoast-seo-wordpress\/ -->\n<title>Iguaz\u00fa y San Juan fortalecen la promoci\u00f3n tur\u00edstica | CVI NOTICIAS<\/title>\n<meta name=\"description\" content=\"Iguaz\u00fa y San Juan afianzan lazos para potenciar la promoci\u00f3n tur\u00edstica con eventos y alianzas estrat\u00e9gicas.\" \/>\n<meta name=\"robots\" content=\"index, follow, max-snippet:-1, max-image-preview:large, max-video-preview:-1\" \/>\n<link rel=\"canonical\" href=\"https:\/\/cvinoticias.com\/v3\/iguazu-y-san-juan-potencian-el-compromiso-de-la-promocion-turistica\/\" \/>\n<meta property=\"og:locale\" content=\"es_ES\" \/>\n<meta property=\"og:type\" content=\"article\" \/>\n<meta property=\"og:title\" content=\"Iguaz\u00fa y San Juan fortalecen la promoci\u00f3n tur\u00edstica | CVI NOTICIAS\" \/>\n<meta property=\"og:description\" content=\"Iguaz\u00fa y San Juan afianzan lazos para potenciar la promoci\u00f3n tur\u00edstica con eventos y alianzas estrat\u00e9gicas.\" \/>\n<meta property=\"og:url\" content=\"https:\/\/cvinoticias.com\/v3\/iguazu-y-san-juan-potencian-el-compromiso-de-la-promocion-turistica\/\" \/>\n<meta property=\"og:site_name\" content=\"CVI NOTICIAS\" \/>\n<meta property=\"article:publisher\" content=\"https:\/\/www.facebook.com\/cvinoticias\" \/>\n<meta property=\"article:published_time\" content=\"2025-06-14T21:19:02+00:00\" \/>\n<meta property=\"article:modified_time\" content=\"2025-06-14T21:19:50+00:00\" \/>\n<meta property=\"og:image\" content=\"https:\/\/cvinoticias.com\/wp-content\/uploads\/2025\/06\/IMG-20250614-WA0034.jpg\" \/>\n\t<meta property=\"og:image:width\" content=\"1280\" \/>\n\t<meta property=\"og:image:height\" content=\"664\" \/>\n\t<meta property=\"og:image:type\" content=\"image\/jpeg\" \/>\n<meta name=\"author\" content=\"f1000024\" \/>\n<meta name=\"twitter:card\" content=\"summary_large_image\" \/>\n<meta name=\"twitter:label1\" content=\"Escrito por\" \/>\n\t<meta name=\"twitter:data1\" content=\"f1000024\" \/>\n\t<meta name=\"twitter:label2\" content=\"Tiempo de lectura\" \/>\n\t<meta name=\"twitter:data2\" content=\"2 minutos\" \/>\n<script type=\"application\/ld+json\" class=\"yoast-schema-graph\">{\"@context\":\"https:\\\/\\\/schema.org\",\"@graph\":[{\"@type\":\"Article\",\"@id\":\"https:\\\/\\\/cvinoticias.com\\\/v3\\\/iguazu-y-san-juan-potencian-el-compromiso-de-la-promocion-turistica\\\/#article\",\"isPartOf\":{\"@id\":\"https:\\\/\\\/cvinoticias.com\\\/v3\\\/iguazu-y-san-juan-potencian-el-compromiso-de-la-promocion-turistica\\\/\"},\"author\":{\"name\":\"f1000024\",\"@id\":\"https:\\\/\\\/cvinoticias.com\\\/v3\\\/#\\\/schema\\\/person\\\/2db77e3c6bc03c538495d7b2b8be9b66\"},\"headline\":\"Iguaz\u00fa y San Juan potencian el compromiso de la promoci\u00f3n tur\u00edstica\",\"datePublished\":\"2025-06-14T21:19:02+00:00\",\"dateModified\":\"2025-06-14T21:19:50+00:00\",\"mainEntityOfPage\":{\"@id\":\"https:\\\/\\\/cvinoticias.com\\\/v3\\\/iguazu-y-san-juan-potencian-el-compromiso-de-la-promocion-turistica\\\/\"},\"wordCount\":277,\"commentCount\":0,\"publisher\":{\"@id\":\"https:\\\/\\\/cvinoticias.com\\\/v3\\\/#organization\"},\"image\":{\"@id\":\"https:\\\/\\\/cvinoticias.com\\\/v3\\\/iguazu-y-san-juan-potencian-el-compromiso-de-la-promocion-turistica\\\/#primaryimage\"},\"thumbnailUrl\":\"https:\\\/\\\/cvinoticias.com\\\/wp-content\\\/uploads\\\/2025\\\/06\\\/IMG-20250614-WA0034.jpg\",\"keywords\":[\"Iguaz\u00fa\",\"lazos\",\"potenciar\",\"Promoci\u00f3n\",\"San Juan\"],\"articleSection\":[\"Turismo\"],\"inLanguage\":\"es\",\"potentialAction\":[{\"@type\":\"CommentAction\",\"name\":\"Comment\",\"target\":[\"https:\\\/\\\/cvinoticias.com\\\/v3\\\/iguazu-y-san-juan-potencian-el-compromiso-de-la-promocion-turistica\\\/#respond\"]}]},{\"@type\":\"WebPage\",\"@id\":\"https:\\\/\\\/cvinoticias.com\\\/v3\\\/iguazu-y-san-juan-potencian-el-compromiso-de-la-promocion-turistica\\\/\",\"url\":\"https:\\\/\\\/cvinoticias.com\\\/v3\\\/iguazu-y-san-juan-potencian-el-compromiso-de-la-promocion-turistica\\\/\",\"name\":\"Iguaz\u00fa y San Juan fortalecen la promoci\u00f3n tur\u00edstica | CVI NOTICIAS\",\"isPartOf\":{\"@id\":\"https:\\\/\\\/cvinoticias.com\\\/v3\\\/#website\"},\"primaryImageOfPage\":{\"@id\":\"https:\\\/\\\/cvinoticias.com\\\/v3\\\/iguazu-y-san-juan-potencian-el-compromiso-de-la-promocion-turistica\\\/#primaryimage\"},\"image\":{\"@id\":\"https:\\\/\\\/cvinoticias.com\\\/v3\\\/iguazu-y-san-juan-potencian-el-compromiso-de-la-promocion-turistica\\\/#primaryimage\"},\"thumbnailUrl\":\"https:\\\/\\\/cvinoticias.com\\\/wp-content\\\/uploads\\\/2025\\\/06\\\/IMG-20250614-WA0034.jpg\",\"datePublished\":\"2025-06-14T21:19:02+00:00\",\"dateModified\":\"2025-06-14T21:19:50+00:00\",\"description\":\"Iguaz\u00fa y San Juan afianzan lazos para potenciar la promoci\u00f3n tur\u00edstica con eventos y alianzas estrat\u00e9gicas.\",\"breadcrumb\":{\"@id\":\"https:\\\/\\\/cvinoticias.com\\\/v3\\\/iguazu-y-san-juan-potencian-el-compromiso-de-la-promocion-turistica\\\/#breadcrumb\"},\"inLanguage\":\"es\",\"potentialAction\":[{\"@type\":\"ReadAction\",\"target\":[\"https:\\\/\\\/cvinoticias.com\\\/v3\\\/iguazu-y-san-juan-potencian-el-compromiso-de-la-promocion-turistica\\\/\"]}]},{\"@type\":\"ImageObject\",\"inLanguage\":\"es\",\"@id\":\"https:\\\/\\\/cvinoticias.com\\\/v3\\\/iguazu-y-san-juan-potencian-el-compromiso-de-la-promocion-turistica\\\/#primaryimage\",\"url\":\"https:\\\/\\\/cvinoticias.com\\\/wp-content\\\/uploads\\\/2025\\\/06\\\/IMG-20250614-WA0034.jpg\",\"contentUrl\":\"https:\\\/\\\/cvinoticias.com\\\/wp-content\\\/uploads\\\/2025\\\/06\\\/IMG-20250614-WA0034.jpg\",\"width\":1280,\"height\":664},{\"@type\":\"BreadcrumbList\",\"@id\":\"https:\\\/\\\/cvinoticias.com\\\/v3\\\/iguazu-y-san-juan-potencian-el-compromiso-de-la-promocion-turistica\\\/#breadcrumb\",\"itemListElement\":[{\"@type\":\"ListItem\",\"position\":1,\"name\":\"Portada\",\"item\":\"https:\\\/\\\/cvinoticias.com\\\/v3\\\/\"},{\"@type\":\"ListItem\",\"position\":2,\"name\":\"Iguaz\u00fa y San Juan potencian el compromiso de la promoci\u00f3n tur\u00edstica\"}]},{\"@type\":\"WebSite\",\"@id\":\"https:\\\/\\\/cvinoticias.com\\\/v3\\\/#website\",\"url\":\"https:\\\/\\\/cvinoticias.com\\\/v3\\\/\",\"name\":\"CVI NOTICIAS\",\"description\":\"\",\"publisher\":{\"@id\":\"https:\\\/\\\/cvinoticias.com\\\/v3\\\/#organization\"},\"alternateName\":\"CVI\",\"potentialAction\":[{\"@type\":\"SearchAction\",\"target\":{\"@type\":\"EntryPoint\",\"urlTemplate\":\"https:\\\/\\\/cvinoticias.com\\\/v3\\\/?s={search_term_string}\"},\"query-input\":{\"@type\":\"PropertyValueSpecification\",\"valueRequired\":true,\"valueName\":\"search_term_string\"}}],\"inLanguage\":\"es\"},{\"@type\":\"Organization\",\"@id\":\"https:\\\/\\\/cvinoticias.com\\\/v3\\\/#organization\",\"name\":\"CVI NOTICIAS\",\"url\":\"https:\\\/\\\/cvinoticias.com\\\/v3\\\/\",\"logo\":{\"@type\":\"ImageObject\",\"inLanguage\":\"es\",\"@id\":\"https:\\\/\\\/cvinoticias.com\\\/v3\\\/#\\\/schema\\\/logo\\\/image\\\/\",\"url\":\"https:\\\/\\\/cvinoticias.com\\\/wp-content\\\/uploads\\\/2023\\\/04\\\/cropped-cropped-cropped-cropped-cropped-3-1.png\",\"contentUrl\":\"https:\\\/\\\/cvinoticias.com\\\/wp-content\\\/uploads\\\/2023\\\/04\\\/cropped-cropped-cropped-cropped-cropped-3-1.png\",\"width\":95,\"height\":122,\"caption\":\"CVI NOTICIAS\"},\"image\":{\"@id\":\"https:\\\/\\\/cvinoticias.com\\\/v3\\\/#\\\/schema\\\/logo\\\/image\\\/\"},\"sameAs\":[\"https:\\\/\\\/www.facebook.com\\\/cvinoticias\",\"https:\\\/\\\/www.instagram.com\\\/cvinoticias\\\/\",\"https:\\\/\\\/www.youtube.com\\\/@CVINOTICIAS\"]},{\"@type\":\"Person\",\"@id\":\"https:\\\/\\\/cvinoticias.com\\\/v3\\\/#\\\/schema\\\/person\\\/2db77e3c6bc03c538495d7b2b8be9b66\",\"name\":\"f1000024\",\"image\":{\"@type\":\"ImageObject\",\"inLanguage\":\"es\",\"@id\":\"https:\\\/\\\/secure.gravatar.com\\\/avatar\\\/d4fe7459cfc51ff5129ce1a732bbef5928568b8092d412ef95611616376bbeed?s=96&d=mm&r=g\",\"url\":\"https:\\\/\\\/secure.gravatar.com\\\/avatar\\\/d4fe7459cfc51ff5129ce1a732bbef5928568b8092d412ef95611616376bbeed?s=96&d=mm&r=g\",\"contentUrl\":\"https:\\\/\\\/secure.gravatar.com\\\/avatar\\\/d4fe7459cfc51ff5129ce1a732bbef5928568b8092d412ef95611616376bbeed?s=96&d=mm&r=g\",\"caption\":\"f1000024\"},\"url\":\"https:\\\/\\\/cvinoticias.com\\\/v3\\\/author\\\/f1000024\\\/\"}]}<\/script>\n<!-- \/ Yoast SEO plugin. -->","yoast_head_json":{"title":"Iguaz\u00fa y San Juan fortalecen la promoci\u00f3n tur\u00edstica | CVI NOTICIAS","description":"Iguaz\u00fa y San Juan afianzan lazos para potenciar la promoci\u00f3n tur\u00edstica con eventos y alianzas estrat\u00e9gicas.","robots":{"index":"index","follow":"follow","max-snippet":"max-snippet:-1","max-image-preview":"max-image-preview:large","max-video-preview":"max-video-preview:-1"},"canonical":"https:\/\/cvinoticias.com\/v3\/iguazu-y-san-juan-potencian-el-compromiso-de-la-promocion-turistica\/","og_locale":"es_ES","og_type":"article","og_title":"Iguaz\u00fa y San Juan fortalecen la promoci\u00f3n tur\u00edstica | CVI NOTICIAS","og_description":"Iguaz\u00fa y San Juan afianzan lazos para potenciar la promoci\u00f3n tur\u00edstica con eventos y alianzas estrat\u00e9gicas.","og_url":"https:\/\/cvinoticias.com\/v3\/iguazu-y-san-juan-potencian-el-compromiso-de-la-promocion-turistica\/","og_site_name":"CVI NOTICIAS","article_publisher":"https:\/\/www.facebook.com\/cvinoticias","article_published_time":"2025-06-14T21:19:02+00:00","article_modified_time":"2025-06-14T21:19:50+00:00","og_image":[{"width":1280,"height":664,"url":"https:\/\/cvinoticias.com\/wp-content\/uploads\/2025\/06\/IMG-20250614-WA0034.jpg","type":"image\/jpeg"}],"author":"f1000024","twitter_card":"summary_large_image","twitter_misc":{"Escrito por":"f1000024","Tiempo de lectura":"2 minutos"},"schema":{"@context":"https:\/\/schema.org","@graph":[{"@type":"Article","@id":"https:\/\/cvinoticias.com\/v3\/iguazu-y-san-juan-potencian-el-compromiso-de-la-promocion-turistica\/#article","isPartOf":{"@id":"https:\/\/cvinoticias.com\/v3\/iguazu-y-san-juan-potencian-el-compromiso-de-la-promocion-turistica\/"},"author":{"name":"f1000024","@id":"https:\/\/cvinoticias.com\/v3\/#\/schema\/person\/2db77e3c6bc03c538495d7b2b8be9b66"},"headline":"Iguaz\u00fa y San Juan potencian el compromiso de la promoci\u00f3n tur\u00edstica","datePublished":"2025-06-14T21:19:02+00:00","dateModified":"2025-06-14T21:19:50+00:00","mainEntityOfPage":{"@id":"https:\/\/cvinoticias.com\/v3\/iguazu-y-san-juan-potencian-el-compromiso-de-la-promocion-turistica\/"},"wordCount":277,"commentCount":0,"publisher":{"@id":"https:\/\/cvinoticias.com\/v3\/#organization"},"image":{"@id":"https:\/\/cvinoticias.com\/v3\/iguazu-y-san-juan-potencian-el-compromiso-de-la-promocion-turistica\/#primaryimage"},"thumbnailUrl":"https:\/\/cvinoticias.com\/wp-content\/uploads\/2025\/06\/IMG-20250614-WA0034.jpg","keywords":["Iguaz\u00fa","lazos","potenciar","Promoci\u00f3n","San Juan"],"articleSection":["Turismo"],"inLanguage":"es","potentialAction":[{"@type":"CommentAction","name":"Comment","target":["https:\/\/cvinoticias.com\/v3\/iguazu-y-san-juan-potencian-el-compromiso-de-la-promocion-turistica\/#respond"]}]},{"@type":"WebPage","@id":"https:\/\/cvinoticias.com\/v3\/iguazu-y-san-juan-potencian-el-compromiso-de-la-promocion-turistica\/","url":"https:\/\/cvinoticias.com\/v3\/iguazu-y-san-juan-potencian-el-compromiso-de-la-promocion-turistica\/","name":"Iguaz\u00fa y San Juan fortalecen la promoci\u00f3n tur\u00edstica | CVI NOTICIAS","isPartOf":{"@id":"https:\/\/cvinoticias.com\/v3\/#website"},"primaryImageOfPage":{"@id":"https:\/\/cvinoticias.com\/v3\/iguazu-y-san-juan-potencian-el-compromiso-de-la-promocion-turistica\/#primaryimage"},"image":{"@id":"https:\/\/cvinoticias.com\/v3\/iguazu-y-san-juan-potencian-el-compromiso-de-la-promocion-turistica\/#primaryimage"},"thumbnailUrl":"https:\/\/cvinoticias.com\/wp-content\/uploads\/2025\/06\/IMG-20250614-WA0034.jpg","datePublished":"2025-06-14T21:19:02+00:00","dateModified":"2025-06-14T21:19:50+00:00","description":"Iguaz\u00fa y San Juan afianzan lazos para potenciar la promoci\u00f3n tur\u00edstica con eventos y alianzas estrat\u00e9gicas.","breadcrumb":{"@id":"https:\/\/cvinoticias.com\/v3\/iguazu-y-san-juan-potencian-el-compromiso-de-la-promocion-turistica\/#breadcrumb"},"inLanguage":"es","potentialAction":[{"@type":"ReadAction","target":["https:\/\/cvinoticias.com\/v3\/iguazu-y-san-juan-potencian-el-compromiso-de-la-promocion-turistica\/"]}]},{"@type":"ImageObject","inLanguage":"es","@id":"https:\/\/cvinoticias.com\/v3\/iguazu-y-san-juan-potencian-el-compromiso-de-la-promocion-turistica\/#primaryimage","url":"https:\/\/cvinoticias.com\/wp-content\/uploads\/2025\/06\/IMG-20250614-WA0034.jpg","contentUrl":"https:\/\/cvinoticias.com\/wp-content\/uploads\/2025\/06\/IMG-20250614-WA0034.jpg","width":1280,"height":664},{"@type":"BreadcrumbList","@id":"https:\/\/cvinoticias.com\/v3\/iguazu-y-san-juan-potencian-el-compromiso-de-la-promocion-turistica\/#breadcrumb","itemListElement":[{"@type":"ListItem","position":1,"name":"Portada","item":"https:\/\/cvinoticias.com\/v3\/"},{"@type":"ListItem","position":2,"name":"Iguaz\u00fa y San Juan potencian el compromiso de la promoci\u00f3n tur\u00edstica"}]},{"@type":"WebSite","@id":"https:\/\/cvinoticias.com\/v3\/#website","url":"https:\/\/cvinoticias.com\/v3\/","name":"CVI NOTICIAS","description":"","publisher":{"@id":"https:\/\/cvinoticias.com\/v3\/#organization"},"alternateName":"CVI","potentialAction":[{"@type":"SearchAction","target":{"@type":"EntryPoint","urlTemplate":"https:\/\/cvinoticias.com\/v3\/?s={search_term_string}"},"query-input":{"@type":"PropertyValueSpecification","valueRequired":true,"valueName":"search_term_string"}}],"inLanguage":"es"},{"@type":"Organization","@id":"https:\/\/cvinoticias.com\/v3\/#organization","name":"CVI NOTICIAS","url":"https:\/\/cvinoticias.com\/v3\/","logo":{"@type":"ImageObject","inLanguage":"es","@id":"https:\/\/cvinoticias.com\/v3\/#\/schema\/logo\/image\/","url":"https:\/\/cvinoticias.com\/wp-content\/uploads\/2023\/04\/cropped-cropped-cropped-cropped-cropped-3-1.png","contentUrl":"https:\/\/cvinoticias.com\/wp-content\/uploads\/2023\/04\/cropped-cropped-cropped-cropped-cropped-3-1.png","width":95,"height":122,"caption":"CVI NOTICIAS"},"image":{"@id":"https:\/\/cvinoticias.com\/v3\/#\/schema\/logo\/image\/"},"sameAs":["https:\/\/www.facebook.com\/cvinoticias","https:\/\/www.instagram.com\/cvinoticias\/","https:\/\/www.youtube.com\/@CVINOTICIAS"]},{"@type":"Person","@id":"https:\/\/cvinoticias.com\/v3\/#\/schema\/person\/2db77e3c6bc03c538495d7b2b8be9b66","name":"f1000024","image":{"@type":"ImageObject","inLanguage":"es","@id":"https:\/\/secure.gravatar.com\/avatar\/d4fe7459cfc51ff5129ce1a732bbef5928568b8092d412ef95611616376bbeed?s=96&d=mm&r=g","url":"https:\/\/secure.gravatar.com\/avatar\/d4fe7459cfc51ff5129ce1a732bbef5928568b8092d412ef95611616376bbeed?s=96&d=mm&r=g","contentUrl":"https:\/\/secure.gravatar.com\/avatar\/d4fe7459cfc51ff5129ce1a732bbef5928568b8092d412ef95611616376bbeed?s=96&d=mm&r=g","caption":"f1000024"},"url":"https:\/\/cvinoticias.com\/v3\/author\/f1000024\/"}]}},"_links":{"self":[{"href":"https:\/\/cvinoticias.com\/v3\/wp-json\/wp\/v2\/posts\/45070","targetHints":{"allow":["GET"]}}],"collection":[{"href":"https:\/\/cvinoticias.com\/v3\/wp-json\/wp\/v2\/posts"}],"about":[{"href":"https:\/\/cvinoticias.com\/v3\/wp-json\/wp\/v2\/types\/post"}],"author":[{"embeddable":true,"href":"https:\/\/cvinoticias.com\/v3\/wp-json\/wp\/v2\/users\/2"}],"replies":[{"embeddable":true,"href":"https:\/\/cvinoticias.com\/v3\/wp-json\/wp\/v2\/comments?post=45070"}],"version-history":[{"count":2,"href":"https:\/\/cvinoticias.com\/v3\/wp-json\/wp\/v2\/posts\/45070\/revisions"}],"predecessor-version":[{"id":45077,"href":"https:\/\/cvinoticias.com\/v3\/wp-json\/wp\/v2\/posts\/45070\/revisions\/45077"}],"wp:featuredmedia":[{"embeddable":true,"href":"https:\/\/cvinoticias.com\/v3\/wp-json\/wp\/v2\/media\/45071"}],"wp:attachment":[{"href":"https:\/\/cvinoticias.com\/v3\/wp-json\/wp\/v2\/media?parent=45070"}],"wp:term":[{"taxonomy":"category","embeddable":true,"href":"https:\/\/cvinoticias.com\/v3\/wp-json\/wp\/v2\/categories?post=45070"},{"taxonomy":"post_tag","embeddable":true,"href":"https:\/\/cvinoticias.com\/v3\/wp-json\/wp\/v2\/tags?post=45070"}],"curies":[{"name":"wp","href":"https:\/\/api.w.org\/{rel}","templated":true}]}}