{"id":44837,"date":"2025-06-09T10:03:50","date_gmt":"2025-06-09T13:03:50","guid":{"rendered":"https:\/\/cvinoticias.com\/v3\/?p=44837"},"modified":"2025-06-09T10:03:51","modified_gmt":"2025-06-09T13:03:51","slug":"la-participacion-electoral-rondo-el-57-en-la-provincia","status":"publish","type":"post","link":"https:\/\/cvinoticias.com\/v3\/la-participacion-electoral-rondo-el-57-en-la-provincia\/","title":{"rendered":"La participaci\u00f3n electoral rond\u00f3 el 57% en la provincia"},"content":{"rendered":"\n<p>Leandro N. Alem fue la comuna que mayor flujo de votantes registr\u00f3, mientras que Irigoyen, la que menos electores tuvo<br><\/p>\n\n\n\n<p>Los ciudadanos misioneros fueron ayer a las urnas para elegir a los representantes legislativos provinciales y concejales en los municipios con Carta Org\u00e1nica. Tambi\u00e9n se eligi\u00f3 defensor del pueblo en Ober\u00e1.<\/p>\n\n\n\n<p>En ese marco, la jornada se desarroll\u00f3 con tranquilidad, a pesar de algunas vicisitudes que hubo en diferentes localidades, como el caso de Eldorado, donde se denunci\u00f3 el faltante de boletas del Partido Obrero (m\u00e1s informaci\u00f3n en p\u00e1g. 9). No obstante, la participaci\u00f3n alcanz\u00f3 el 57 por ciento, de acuerdo a los datos brindados por la Polic\u00eda de Misiones.<\/p>\n\n\n\n<p>Este n\u00famero fue bajo en comparaci\u00f3n con las \u00faltimas elecciones legislativas del a\u00f1o 2021, ocasi\u00f3n en la que la participaci\u00f3n hab\u00eda alcanzado el 59,5 por ciento.<\/p>\n\n\n\n<p>Por su parte, el ministro de Gobierno de Misiones, Marcelo P\u00e9rez -al cierre de la jornada-, indic\u00f3 a trav\u00e9s de las redes sociales que \u201cconcluyeron con normalidad los comicios provinciales. Agradecemos a las personas y a todas las instituciones &nbsp;que -como siempre -garantizaron una jornada c\u00edvica, democr\u00e1tica, transparente y en paz\u201d.<\/p>\n\n\n\n<p>En algunas ciudades, el fr\u00edo y la llovizna condicionaron la participaci\u00f3n en la ma\u00f1ana. aunque ya despu\u00e9s del mediod\u00eda el tiempo mejor\u00f3 y hubo mayor afluencia en las escuelas.<\/p>\n\n\n\n<p>&nbsp;En ese sentido, seg\u00fan los datos de la Polic\u00eda de la Provincia, el nivel de participaci\u00f3n m\u00e1s alto estuvo en la localidad de Leandro N. Alem (63,4%), Eldorado y Jard\u00edn Am\u00e9rica (62%), Ober\u00e1 (61,5%) y Puerto Rico (61,3%).<\/p>\n\n\n\n<p>Fuente: El Territorio<\/p>\n","protected":false},"excerpt":{"rendered":"<p>Leandro N. Alem fue la comuna que mayor flujo de votantes registr\u00f3, mientras que Irigoyen, la que menos electores tuvo Los ciudadanos misioneros fueron ayer a las urnas para elegir a los representantes legislativos provinciales y concejales en los municipios con Carta Org\u00e1nica. Tambi\u00e9n se eligi\u00f3 defensor del pueblo en Ober\u00e1. En ese marco, la [&hellip;]<\/p>\n","protected":false},"author":2,"featured_media":44768,"comment_status":"open","ping_status":"open","sticky":false,"template":"","format":"standard","meta":{"footnotes":""},"categories":[47],"tags":[2814,278,2813],"class_list":["post-44837","post","type-post","status-publish","format-standard","has-post-thumbnail","hentry","category-sociedad","tag-electoral","tag-misiones","tag-participacion"],"yoast_head":"<!-- This site is optimized with the Yoast SEO plugin v27.5 - https:\/\/yoast.com\/product\/yoast-seo-wordpress\/ -->\n<title>Participaci\u00f3n electoral en Misiones fue del 57% | CVI NOTICIAS<\/title>\n<meta name=\"description\" content=\"La participaci\u00f3n electoral en Misiones fue del 57%. Leandro N. Alem tuvo el mayor nivel de votantes. La jornada fue tranquila pese a algunas denuncias.\" \/>\n<meta name=\"robots\" content=\"index, follow, max-snippet:-1, max-image-preview:large, max-video-preview:-1\" \/>\n<link rel=\"canonical\" href=\"https:\/\/cvinoticias.com\/v3\/la-participacion-electoral-rondo-el-57-en-la-provincia\/\" \/>\n<meta property=\"og:locale\" content=\"es_ES\" \/>\n<meta property=\"og:type\" content=\"article\" \/>\n<meta property=\"og:title\" content=\"Participaci\u00f3n electoral en Misiones fue del 57% | CVI NOTICIAS\" \/>\n<meta property=\"og:description\" content=\"La participaci\u00f3n electoral en Misiones fue del 57%. Leandro N. Alem tuvo el mayor nivel de votantes. La jornada fue tranquila pese a algunas denuncias.\" \/>\n<meta property=\"og:url\" content=\"https:\/\/cvinoticias.com\/v3\/la-participacion-electoral-rondo-el-57-en-la-provincia\/\" \/>\n<meta property=\"og:site_name\" content=\"CVI NOTICIAS\" \/>\n<meta property=\"article:publisher\" content=\"https:\/\/www.facebook.com\/cvinoticias\" \/>\n<meta property=\"article:published_time\" content=\"2025-06-09T13:03:50+00:00\" \/>\n<meta property=\"article:modified_time\" content=\"2025-06-09T13:03:51+00:00\" \/>\n<meta property=\"og:image\" content=\"https:\/\/cvinoticias.com\/wp-content\/uploads\/2025\/06\/Captura-de-pantalla-2025-06-08-160416.png\" \/>\n\t<meta property=\"og:image:width\" content=\"874\" \/>\n\t<meta property=\"og:image:height\" content=\"486\" \/>\n\t<meta property=\"og:image:type\" content=\"image\/png\" \/>\n<meta name=\"author\" content=\"f1000024\" \/>\n<meta name=\"twitter:card\" content=\"summary_large_image\" \/>\n<meta name=\"twitter:label1\" content=\"Escrito por\" \/>\n\t<meta name=\"twitter:data1\" content=\"f1000024\" \/>\n\t<meta name=\"twitter:label2\" content=\"Tiempo de lectura\" \/>\n\t<meta name=\"twitter:data2\" content=\"2 minutos\" \/>\n<script type=\"application\/ld+json\" class=\"yoast-schema-graph\">{\"@context\":\"https:\\\/\\\/schema.org\",\"@graph\":[{\"@type\":\"Article\",\"@id\":\"https:\\\/\\\/cvinoticias.com\\\/v3\\\/la-participacion-electoral-rondo-el-57-en-la-provincia\\\/#article\",\"isPartOf\":{\"@id\":\"https:\\\/\\\/cvinoticias.com\\\/v3\\\/la-participacion-electoral-rondo-el-57-en-la-provincia\\\/\"},\"author\":{\"name\":\"f1000024\",\"@id\":\"https:\\\/\\\/cvinoticias.com\\\/v3\\\/#\\\/schema\\\/person\\\/2db77e3c6bc03c538495d7b2b8be9b66\"},\"headline\":\"La participaci\u00f3n electoral rond\u00f3 el 57% en la provincia\",\"datePublished\":\"2025-06-09T13:03:50+00:00\",\"dateModified\":\"2025-06-09T13:03:51+00:00\",\"mainEntityOfPage\":{\"@id\":\"https:\\\/\\\/cvinoticias.com\\\/v3\\\/la-participacion-electoral-rondo-el-57-en-la-provincia\\\/\"},\"wordCount\":288,\"commentCount\":0,\"publisher\":{\"@id\":\"https:\\\/\\\/cvinoticias.com\\\/v3\\\/#organization\"},\"image\":{\"@id\":\"https:\\\/\\\/cvinoticias.com\\\/v3\\\/la-participacion-electoral-rondo-el-57-en-la-provincia\\\/#primaryimage\"},\"thumbnailUrl\":\"https:\\\/\\\/cvinoticias.com\\\/wp-content\\\/uploads\\\/2025\\\/06\\\/Captura-de-pantalla-2025-06-08-160416.png\",\"keywords\":[\"electoral\",\"Misiones\",\"participaci\u00f3n\"],\"articleSection\":[\"Sociedad\"],\"inLanguage\":\"es\",\"potentialAction\":[{\"@type\":\"CommentAction\",\"name\":\"Comment\",\"target\":[\"https:\\\/\\\/cvinoticias.com\\\/v3\\\/la-participacion-electoral-rondo-el-57-en-la-provincia\\\/#respond\"]}]},{\"@type\":\"WebPage\",\"@id\":\"https:\\\/\\\/cvinoticias.com\\\/v3\\\/la-participacion-electoral-rondo-el-57-en-la-provincia\\\/\",\"url\":\"https:\\\/\\\/cvinoticias.com\\\/v3\\\/la-participacion-electoral-rondo-el-57-en-la-provincia\\\/\",\"name\":\"Participaci\u00f3n electoral en Misiones fue del 57% | CVI NOTICIAS\",\"isPartOf\":{\"@id\":\"https:\\\/\\\/cvinoticias.com\\\/v3\\\/#website\"},\"primaryImageOfPage\":{\"@id\":\"https:\\\/\\\/cvinoticias.com\\\/v3\\\/la-participacion-electoral-rondo-el-57-en-la-provincia\\\/#primaryimage\"},\"image\":{\"@id\":\"https:\\\/\\\/cvinoticias.com\\\/v3\\\/la-participacion-electoral-rondo-el-57-en-la-provincia\\\/#primaryimage\"},\"thumbnailUrl\":\"https:\\\/\\\/cvinoticias.com\\\/wp-content\\\/uploads\\\/2025\\\/06\\\/Captura-de-pantalla-2025-06-08-160416.png\",\"datePublished\":\"2025-06-09T13:03:50+00:00\",\"dateModified\":\"2025-06-09T13:03:51+00:00\",\"description\":\"La participaci\u00f3n electoral en Misiones fue del 57%. Leandro N. Alem tuvo el mayor nivel de votantes. La jornada fue tranquila pese a algunas denuncias.\",\"breadcrumb\":{\"@id\":\"https:\\\/\\\/cvinoticias.com\\\/v3\\\/la-participacion-electoral-rondo-el-57-en-la-provincia\\\/#breadcrumb\"},\"inLanguage\":\"es\",\"potentialAction\":[{\"@type\":\"ReadAction\",\"target\":[\"https:\\\/\\\/cvinoticias.com\\\/v3\\\/la-participacion-electoral-rondo-el-57-en-la-provincia\\\/\"]}]},{\"@type\":\"ImageObject\",\"inLanguage\":\"es\",\"@id\":\"https:\\\/\\\/cvinoticias.com\\\/v3\\\/la-participacion-electoral-rondo-el-57-en-la-provincia\\\/#primaryimage\",\"url\":\"https:\\\/\\\/cvinoticias.com\\\/wp-content\\\/uploads\\\/2025\\\/06\\\/Captura-de-pantalla-2025-06-08-160416.png\",\"contentUrl\":\"https:\\\/\\\/cvinoticias.com\\\/wp-content\\\/uploads\\\/2025\\\/06\\\/Captura-de-pantalla-2025-06-08-160416.png\",\"width\":874,\"height\":486},{\"@type\":\"BreadcrumbList\",\"@id\":\"https:\\\/\\\/cvinoticias.com\\\/v3\\\/la-participacion-electoral-rondo-el-57-en-la-provincia\\\/#breadcrumb\",\"itemListElement\":[{\"@type\":\"ListItem\",\"position\":1,\"name\":\"Portada\",\"item\":\"https:\\\/\\\/cvinoticias.com\\\/v3\\\/\"},{\"@type\":\"ListItem\",\"position\":2,\"name\":\"La participaci\u00f3n electoral rond\u00f3 el 57% en la provincia\"}]},{\"@type\":\"WebSite\",\"@id\":\"https:\\\/\\\/cvinoticias.com\\\/v3\\\/#website\",\"url\":\"https:\\\/\\\/cvinoticias.com\\\/v3\\\/\",\"name\":\"CVI NOTICIAS\",\"description\":\"\",\"publisher\":{\"@id\":\"https:\\\/\\\/cvinoticias.com\\\/v3\\\/#organization\"},\"alternateName\":\"CVI\",\"potentialAction\":[{\"@type\":\"SearchAction\",\"target\":{\"@type\":\"EntryPoint\",\"urlTemplate\":\"https:\\\/\\\/cvinoticias.com\\\/v3\\\/?s={search_term_string}\"},\"query-input\":{\"@type\":\"PropertyValueSpecification\",\"valueRequired\":true,\"valueName\":\"search_term_string\"}}],\"inLanguage\":\"es\"},{\"@type\":\"Organization\",\"@id\":\"https:\\\/\\\/cvinoticias.com\\\/v3\\\/#organization\",\"name\":\"CVI NOTICIAS\",\"url\":\"https:\\\/\\\/cvinoticias.com\\\/v3\\\/\",\"logo\":{\"@type\":\"ImageObject\",\"inLanguage\":\"es\",\"@id\":\"https:\\\/\\\/cvinoticias.com\\\/v3\\\/#\\\/schema\\\/logo\\\/image\\\/\",\"url\":\"https:\\\/\\\/cvinoticias.com\\\/wp-content\\\/uploads\\\/2023\\\/04\\\/cropped-cropped-cropped-cropped-cropped-3-1.png\",\"contentUrl\":\"https:\\\/\\\/cvinoticias.com\\\/wp-content\\\/uploads\\\/2023\\\/04\\\/cropped-cropped-cropped-cropped-cropped-3-1.png\",\"width\":95,\"height\":122,\"caption\":\"CVI NOTICIAS\"},\"image\":{\"@id\":\"https:\\\/\\\/cvinoticias.com\\\/v3\\\/#\\\/schema\\\/logo\\\/image\\\/\"},\"sameAs\":[\"https:\\\/\\\/www.facebook.com\\\/cvinoticias\",\"https:\\\/\\\/www.instagram.com\\\/cvinoticias\\\/\",\"https:\\\/\\\/www.youtube.com\\\/@CVINOTICIAS\"]},{\"@type\":\"Person\",\"@id\":\"https:\\\/\\\/cvinoticias.com\\\/v3\\\/#\\\/schema\\\/person\\\/2db77e3c6bc03c538495d7b2b8be9b66\",\"name\":\"f1000024\",\"image\":{\"@type\":\"ImageObject\",\"inLanguage\":\"es\",\"@id\":\"https:\\\/\\\/secure.gravatar.com\\\/avatar\\\/d4fe7459cfc51ff5129ce1a732bbef5928568b8092d412ef95611616376bbeed?s=96&d=mm&r=g\",\"url\":\"https:\\\/\\\/secure.gravatar.com\\\/avatar\\\/d4fe7459cfc51ff5129ce1a732bbef5928568b8092d412ef95611616376bbeed?s=96&d=mm&r=g\",\"contentUrl\":\"https:\\\/\\\/secure.gravatar.com\\\/avatar\\\/d4fe7459cfc51ff5129ce1a732bbef5928568b8092d412ef95611616376bbeed?s=96&d=mm&r=g\",\"caption\":\"f1000024\"},\"url\":\"https:\\\/\\\/cvinoticias.com\\\/v3\\\/author\\\/f1000024\\\/\"}]}<\/script>\n<!-- \/ Yoast SEO plugin. -->","yoast_head_json":{"title":"Participaci\u00f3n electoral en Misiones fue del 57% | CVI NOTICIAS","description":"La participaci\u00f3n electoral en Misiones fue del 57%. Leandro N. Alem tuvo el mayor nivel de votantes. La jornada fue tranquila pese a algunas denuncias.","robots":{"index":"index","follow":"follow","max-snippet":"max-snippet:-1","max-image-preview":"max-image-preview:large","max-video-preview":"max-video-preview:-1"},"canonical":"https:\/\/cvinoticias.com\/v3\/la-participacion-electoral-rondo-el-57-en-la-provincia\/","og_locale":"es_ES","og_type":"article","og_title":"Participaci\u00f3n electoral en Misiones fue del 57% | CVI NOTICIAS","og_description":"La participaci\u00f3n electoral en Misiones fue del 57%. Leandro N. Alem tuvo el mayor nivel de votantes. La jornada fue tranquila pese a algunas denuncias.","og_url":"https:\/\/cvinoticias.com\/v3\/la-participacion-electoral-rondo-el-57-en-la-provincia\/","og_site_name":"CVI NOTICIAS","article_publisher":"https:\/\/www.facebook.com\/cvinoticias","article_published_time":"2025-06-09T13:03:50+00:00","article_modified_time":"2025-06-09T13:03:51+00:00","og_image":[{"width":874,"height":486,"url":"https:\/\/cvinoticias.com\/wp-content\/uploads\/2025\/06\/Captura-de-pantalla-2025-06-08-160416.png","type":"image\/png"}],"author":"f1000024","twitter_card":"summary_large_image","twitter_misc":{"Escrito por":"f1000024","Tiempo de lectura":"2 minutos"},"schema":{"@context":"https:\/\/schema.org","@graph":[{"@type":"Article","@id":"https:\/\/cvinoticias.com\/v3\/la-participacion-electoral-rondo-el-57-en-la-provincia\/#article","isPartOf":{"@id":"https:\/\/cvinoticias.com\/v3\/la-participacion-electoral-rondo-el-57-en-la-provincia\/"},"author":{"name":"f1000024","@id":"https:\/\/cvinoticias.com\/v3\/#\/schema\/person\/2db77e3c6bc03c538495d7b2b8be9b66"},"headline":"La participaci\u00f3n electoral rond\u00f3 el 57% en la provincia","datePublished":"2025-06-09T13:03:50+00:00","dateModified":"2025-06-09T13:03:51+00:00","mainEntityOfPage":{"@id":"https:\/\/cvinoticias.com\/v3\/la-participacion-electoral-rondo-el-57-en-la-provincia\/"},"wordCount":288,"commentCount":0,"publisher":{"@id":"https:\/\/cvinoticias.com\/v3\/#organization"},"image":{"@id":"https:\/\/cvinoticias.com\/v3\/la-participacion-electoral-rondo-el-57-en-la-provincia\/#primaryimage"},"thumbnailUrl":"https:\/\/cvinoticias.com\/wp-content\/uploads\/2025\/06\/Captura-de-pantalla-2025-06-08-160416.png","keywords":["electoral","Misiones","participaci\u00f3n"],"articleSection":["Sociedad"],"inLanguage":"es","potentialAction":[{"@type":"CommentAction","name":"Comment","target":["https:\/\/cvinoticias.com\/v3\/la-participacion-electoral-rondo-el-57-en-la-provincia\/#respond"]}]},{"@type":"WebPage","@id":"https:\/\/cvinoticias.com\/v3\/la-participacion-electoral-rondo-el-57-en-la-provincia\/","url":"https:\/\/cvinoticias.com\/v3\/la-participacion-electoral-rondo-el-57-en-la-provincia\/","name":"Participaci\u00f3n electoral en Misiones fue del 57% | CVI NOTICIAS","isPartOf":{"@id":"https:\/\/cvinoticias.com\/v3\/#website"},"primaryImageOfPage":{"@id":"https:\/\/cvinoticias.com\/v3\/la-participacion-electoral-rondo-el-57-en-la-provincia\/#primaryimage"},"image":{"@id":"https:\/\/cvinoticias.com\/v3\/la-participacion-electoral-rondo-el-57-en-la-provincia\/#primaryimage"},"thumbnailUrl":"https:\/\/cvinoticias.com\/wp-content\/uploads\/2025\/06\/Captura-de-pantalla-2025-06-08-160416.png","datePublished":"2025-06-09T13:03:50+00:00","dateModified":"2025-06-09T13:03:51+00:00","description":"La participaci\u00f3n electoral en Misiones fue del 57%. Leandro N. Alem tuvo el mayor nivel de votantes. La jornada fue tranquila pese a algunas denuncias.","breadcrumb":{"@id":"https:\/\/cvinoticias.com\/v3\/la-participacion-electoral-rondo-el-57-en-la-provincia\/#breadcrumb"},"inLanguage":"es","potentialAction":[{"@type":"ReadAction","target":["https:\/\/cvinoticias.com\/v3\/la-participacion-electoral-rondo-el-57-en-la-provincia\/"]}]},{"@type":"ImageObject","inLanguage":"es","@id":"https:\/\/cvinoticias.com\/v3\/la-participacion-electoral-rondo-el-57-en-la-provincia\/#primaryimage","url":"https:\/\/cvinoticias.com\/wp-content\/uploads\/2025\/06\/Captura-de-pantalla-2025-06-08-160416.png","contentUrl":"https:\/\/cvinoticias.com\/wp-content\/uploads\/2025\/06\/Captura-de-pantalla-2025-06-08-160416.png","width":874,"height":486},{"@type":"BreadcrumbList","@id":"https:\/\/cvinoticias.com\/v3\/la-participacion-electoral-rondo-el-57-en-la-provincia\/#breadcrumb","itemListElement":[{"@type":"ListItem","position":1,"name":"Portada","item":"https:\/\/cvinoticias.com\/v3\/"},{"@type":"ListItem","position":2,"name":"La participaci\u00f3n electoral rond\u00f3 el 57% en la provincia"}]},{"@type":"WebSite","@id":"https:\/\/cvinoticias.com\/v3\/#website","url":"https:\/\/cvinoticias.com\/v3\/","name":"CVI NOTICIAS","description":"","publisher":{"@id":"https:\/\/cvinoticias.com\/v3\/#organization"},"alternateName":"CVI","potentialAction":[{"@type":"SearchAction","target":{"@type":"EntryPoint","urlTemplate":"https:\/\/cvinoticias.com\/v3\/?s={search_term_string}"},"query-input":{"@type":"PropertyValueSpecification","valueRequired":true,"valueName":"search_term_string"}}],"inLanguage":"es"},{"@type":"Organization","@id":"https:\/\/cvinoticias.com\/v3\/#organization","name":"CVI NOTICIAS","url":"https:\/\/cvinoticias.com\/v3\/","logo":{"@type":"ImageObject","inLanguage":"es","@id":"https:\/\/cvinoticias.com\/v3\/#\/schema\/logo\/image\/","url":"https:\/\/cvinoticias.com\/wp-content\/uploads\/2023\/04\/cropped-cropped-cropped-cropped-cropped-3-1.png","contentUrl":"https:\/\/cvinoticias.com\/wp-content\/uploads\/2023\/04\/cropped-cropped-cropped-cropped-cropped-3-1.png","width":95,"height":122,"caption":"CVI NOTICIAS"},"image":{"@id":"https:\/\/cvinoticias.com\/v3\/#\/schema\/logo\/image\/"},"sameAs":["https:\/\/www.facebook.com\/cvinoticias","https:\/\/www.instagram.com\/cvinoticias\/","https:\/\/www.youtube.com\/@CVINOTICIAS"]},{"@type":"Person","@id":"https:\/\/cvinoticias.com\/v3\/#\/schema\/person\/2db77e3c6bc03c538495d7b2b8be9b66","name":"f1000024","image":{"@type":"ImageObject","inLanguage":"es","@id":"https:\/\/secure.gravatar.com\/avatar\/d4fe7459cfc51ff5129ce1a732bbef5928568b8092d412ef95611616376bbeed?s=96&d=mm&r=g","url":"https:\/\/secure.gravatar.com\/avatar\/d4fe7459cfc51ff5129ce1a732bbef5928568b8092d412ef95611616376bbeed?s=96&d=mm&r=g","contentUrl":"https:\/\/secure.gravatar.com\/avatar\/d4fe7459cfc51ff5129ce1a732bbef5928568b8092d412ef95611616376bbeed?s=96&d=mm&r=g","caption":"f1000024"},"url":"https:\/\/cvinoticias.com\/v3\/author\/f1000024\/"}]}},"_links":{"self":[{"href":"https:\/\/cvinoticias.com\/v3\/wp-json\/wp\/v2\/posts\/44837","targetHints":{"allow":["GET"]}}],"collection":[{"href":"https:\/\/cvinoticias.com\/v3\/wp-json\/wp\/v2\/posts"}],"about":[{"href":"https:\/\/cvinoticias.com\/v3\/wp-json\/wp\/v2\/types\/post"}],"author":[{"embeddable":true,"href":"https:\/\/cvinoticias.com\/v3\/wp-json\/wp\/v2\/users\/2"}],"replies":[{"embeddable":true,"href":"https:\/\/cvinoticias.com\/v3\/wp-json\/wp\/v2\/comments?post=44837"}],"version-history":[{"count":1,"href":"https:\/\/cvinoticias.com\/v3\/wp-json\/wp\/v2\/posts\/44837\/revisions"}],"predecessor-version":[{"id":44838,"href":"https:\/\/cvinoticias.com\/v3\/wp-json\/wp\/v2\/posts\/44837\/revisions\/44838"}],"wp:featuredmedia":[{"embeddable":true,"href":"https:\/\/cvinoticias.com\/v3\/wp-json\/wp\/v2\/media\/44768"}],"wp:attachment":[{"href":"https:\/\/cvinoticias.com\/v3\/wp-json\/wp\/v2\/media?parent=44837"}],"wp:term":[{"taxonomy":"category","embeddable":true,"href":"https:\/\/cvinoticias.com\/v3\/wp-json\/wp\/v2\/categories?post=44837"},{"taxonomy":"post_tag","embeddable":true,"href":"https:\/\/cvinoticias.com\/v3\/wp-json\/wp\/v2\/tags?post=44837"}],"curies":[{"name":"wp","href":"https:\/\/api.w.org\/{rel}","templated":true}]}}