{"id":44742,"date":"2025-06-07T11:06:42","date_gmt":"2025-06-07T14:06:42","guid":{"rendered":"https:\/\/cvinoticias.com\/v3\/?p=44742"},"modified":"2025-06-07T11:08:56","modified_gmt":"2025-06-07T14:08:56","slug":"dia-del-periodista-cual-es-el-origen-y-por-que-se-celebra-el-7-de-junio-en-argentina","status":"publish","type":"post","link":"https:\/\/cvinoticias.com\/v3\/dia-del-periodista-cual-es-el-origen-y-por-que-se-celebra-el-7-de-junio-en-argentina\/","title":{"rendered":"D\u00eda del Periodista: cu\u00e1l es el origen y por qu\u00e9 se celebra el 7 de junio en Argentina"},"content":{"rendered":"\n<p>El&nbsp;<strong>D\u00eda del Periodista se conmemora cada 7 de junio,<\/strong>&nbsp;en honor al surgimiento de \u00abLa Gazeta de Buenos Ayres\u00bb en 1810. Este peri\u00f3dico, dirigido por&nbsp;<strong>Mariano Moreno,<\/strong>&nbsp;fue el \u00f3rgano de la Primera Junta de Gobierno durante el proceso revolucionario que llev\u00f3 a la independencia del R\u00edo de la Plata.<\/p>\n\n\n\n<h2 class=\"wp-block-heading\">C\u00f3mo se origin\u00f3 el D\u00eda del Periodista<\/h2>\n\n\n\n<p>Mariano Moreno fund\u00f3\u00a0<strong>La Gazeta<\/strong>\u00a0con el prop\u00f3sito de informar sobre los acontecimientos pol\u00edticos que defin\u00edan el nuevo rumbo de la regi\u00f3n en aquel momento hist\u00f3rico.<img decoding=\"async\" width=\"720\" height=\"480\" data-src=\"https:\/\/www.clarin.com\/img\/2022\/06\/06\/ErgE8HI3H_720x0__1.jpg\" alt=\"La Gazeta de Buenos Ayres fue el primer medio de comunicaci\u00f3n en recorrer el pa\u00eds.\" src=\"data:image\/svg+xml;base64,PHN2ZyB3aWR0aD0iMSIgaGVpZ2h0PSIxIiB4bWxucz0iaHR0cDovL3d3dy53My5vcmcvMjAwMC9zdmciPjwvc3ZnPg==\" class=\"lazyload\" style=\"--smush-placeholder-width: 720px; --smush-placeholder-aspect-ratio: 720\/480;\"><\/p>\n\n\n\n<p>La Gazeta de Buenos Ayres fue el primer medio de comunicaci\u00f3n en recorrer el pa\u00eds.<\/p>\n\n\n\n<p>La primera publicaci\u00f3n fue el 7 de junio de 1810, establecida por un decreto de la Junta que cre\u00f3 el nuevo peri\u00f3dico semanal titulado&nbsp;<strong>\u00abGazeta de Buenos Ayres\u00bb,<\/strong>&nbsp;con el objetivo de informar al p\u00fablico sobre noticias exteriores e interiores de inter\u00e9s.<\/p>\n\n\n\n<p>Se design\u00f3 al vocal de la Junta,&nbsp;<strong>Manuel Alberti,<\/strong>&nbsp;como responsable exclusivo de recibir noticias y colaboraciones para el peri\u00f3dico, adem\u00e1s de encargarse de las noticias oficiales relevantes junto con la secretar\u00eda.<\/p>\n\n\n\n<p><strong>Moreno,<\/strong>&nbsp;quien encabez\u00f3 La Gazeta, fue uno de los primeros redactores junto a&nbsp;<strong>Manuel Belgrano y Juan Jos\u00e9 Castelli.<\/strong>&nbsp;Moreno pertenec\u00eda al grupo m\u00e1s comprometido con la firme defensa de la Revoluci\u00f3n y la lucha contra el dominio espa\u00f1ol, hasta lograr su total expulsi\u00f3n y derrota.<\/p>\n\n\n\n<p>En los primeros n\u00fameros de La Gazeta de Buenos Ayres, Mariano Moreno dej\u00f3 plasmadas\u00a0<strong>reflexiones revolucionarias<\/strong>\u00a0que a\u00fan resuenan hoy. \u00abEl pueblo no debe contentarse con que sus jefes obren bien; \u00e9l debe aspirar a que nunca puedan obrar mal\u00bb, expres\u00f3\u00a0<strong>Moreno,<\/strong>\u00a0delineando as\u00ed su visi\u00f3n de un gobierno transparente y responsable ante la ciudadan\u00eda.<img decoding=\"async\" width=\"720\" height=\"480\" data-src=\"https:\/\/www.clarin.com\/img\/2025\/06\/07\/9zh0T2wN9_720x0__1.jpg\" alt=\"La portada del diario &quot;La Gazeta de Buenos Ayres&quot;.\" src=\"data:image\/svg+xml;base64,PHN2ZyB3aWR0aD0iMSIgaGVpZ2h0PSIxIiB4bWxucz0iaHR0cDovL3d3dy53My5vcmcvMjAwMC9zdmciPjwvc3ZnPg==\" class=\"lazyload\" style=\"--smush-placeholder-width: 720px; --smush-placeholder-aspect-ratio: 720\/480;\"><\/p>\n\n\n\n<p>La portada del diario \u00abLa Gazeta de Buenos Ayres\u00bb.<\/p>\n\n\n\n<h2 class=\"wp-block-heading\">Por qu\u00e9 se celebra el D\u00eda del Periodista el 7 de junio<\/h2>\n\n\n\n<p>En este D\u00eda del Periodista, se rinde&nbsp;<strong>homenaje a la valiosa contribuci\u00f3n de La Gazeta de Buenos Ayres<\/strong>&nbsp;y su equipo editorial en la difusi\u00f3n de informaci\u00f3n importante durante un momento crucial en la historia Argentina. Su legado perdura como un recordatorio de la importancia del periodismo en la construcci\u00f3n de una sociedad informada y democr\u00e1tica.<\/p>\n\n\n\n<p>A nivel&nbsp;<strong>mundial,<\/strong>&nbsp;el D\u00eda del Periodista se conmemora el&nbsp;<strong>8 de septiembre<\/strong>&nbsp;en honor a Julius Fucik, un periodista de origen checo ejecutado durante la Segunda Guerra Mundial en 1943.<\/p>\n\n\n\n<p><\/p>\n","protected":false},"excerpt":{"rendered":"<p>El&nbsp;D\u00eda del Periodista se conmemora cada 7 de junio,&nbsp;en honor al surgimiento de \u00abLa Gazeta de Buenos Ayres\u00bb en 1810. Este peri\u00f3dico, dirigido por&nbsp;Mariano Moreno,&nbsp;fue el \u00f3rgano de la Primera Junta de Gobierno durante el proceso revolucionario que llev\u00f3 a la independencia del R\u00edo de la Plata. C\u00f3mo se origin\u00f3 el D\u00eda del Periodista Mariano [&hellip;]<\/p>\n","protected":false},"author":2,"featured_media":44745,"comment_status":"open","ping_status":"open","sticky":false,"template":"","format":"standard","meta":{"footnotes":""},"categories":[442],"tags":[2806,276,554,1181],"class_list":["post-44742","post","type-post","status-publish","format-standard","has-post-thumbnail","hentry","category-efemerides-2","tag-7-de-junio","tag-argentina","tag-dia","tag-periodista"],"yoast_head":"<!-- This site is optimized with the Yoast SEO plugin v27.4 - https:\/\/yoast.com\/product\/yoast-seo-wordpress\/ -->\n<title>D\u00eda del Periodista: por qu\u00e9 se celebra el 7 de junio | CVI NOTICIAS<\/title>\n<meta name=\"description\" content=\"Se celebra el 7 de junio por la creaci\u00f3n de La Gazeta, fundada por Mariano Moreno en 1810.\" \/>\n<meta name=\"robots\" content=\"index, follow, max-snippet:-1, max-image-preview:large, max-video-preview:-1\" \/>\n<link rel=\"canonical\" href=\"https:\/\/cvinoticias.com\/v3\/dia-del-periodista-cual-es-el-origen-y-por-que-se-celebra-el-7-de-junio-en-argentina\/\" \/>\n<meta property=\"og:locale\" content=\"es_ES\" \/>\n<meta property=\"og:type\" content=\"article\" \/>\n<meta property=\"og:title\" content=\"D\u00eda del Periodista: por qu\u00e9 se celebra el 7 de junio | CVI NOTICIAS\" \/>\n<meta property=\"og:description\" content=\"Se celebra el 7 de junio por la creaci\u00f3n de La Gazeta, fundada por Mariano Moreno en 1810.\" \/>\n<meta property=\"og:url\" content=\"https:\/\/cvinoticias.com\/v3\/dia-del-periodista-cual-es-el-origen-y-por-que-se-celebra-el-7-de-junio-en-argentina\/\" \/>\n<meta property=\"og:site_name\" content=\"CVI NOTICIAS\" \/>\n<meta property=\"article:publisher\" content=\"https:\/\/www.facebook.com\/cvinoticias\" \/>\n<meta property=\"article:published_time\" content=\"2025-06-07T14:06:42+00:00\" \/>\n<meta property=\"article:modified_time\" content=\"2025-06-07T14:08:56+00:00\" \/>\n<meta property=\"og:image\" content=\"https:\/\/cvinoticias.com\/wp-content\/uploads\/2025\/06\/gazeta_de_buenos_ayres.jpg\" \/>\n\t<meta property=\"og:image:width\" content=\"840\" \/>\n\t<meta property=\"og:image:height\" content=\"472\" \/>\n\t<meta property=\"og:image:type\" content=\"image\/jpeg\" \/>\n<meta name=\"author\" content=\"f1000024\" \/>\n<meta name=\"twitter:card\" content=\"summary_large_image\" \/>\n<meta name=\"twitter:label1\" content=\"Escrito por\" \/>\n\t<meta name=\"twitter:data1\" content=\"f1000024\" \/>\n\t<meta name=\"twitter:label2\" content=\"Tiempo de lectura\" \/>\n\t<meta name=\"twitter:data2\" content=\"3 minutos\" \/>\n<script type=\"application\/ld+json\" class=\"yoast-schema-graph\">{\"@context\":\"https:\\\/\\\/schema.org\",\"@graph\":[{\"@type\":\"Article\",\"@id\":\"https:\\\/\\\/cvinoticias.com\\\/v3\\\/dia-del-periodista-cual-es-el-origen-y-por-que-se-celebra-el-7-de-junio-en-argentina\\\/#article\",\"isPartOf\":{\"@id\":\"https:\\\/\\\/cvinoticias.com\\\/v3\\\/dia-del-periodista-cual-es-el-origen-y-por-que-se-celebra-el-7-de-junio-en-argentina\\\/\"},\"author\":{\"name\":\"f1000024\",\"@id\":\"https:\\\/\\\/cvinoticias.com\\\/v3\\\/#\\\/schema\\\/person\\\/2db77e3c6bc03c538495d7b2b8be9b66\"},\"headline\":\"D\u00eda del Periodista: cu\u00e1l es el origen y por qu\u00e9 se celebra el 7 de junio en Argentina\",\"datePublished\":\"2025-06-07T14:06:42+00:00\",\"dateModified\":\"2025-06-07T14:08:56+00:00\",\"mainEntityOfPage\":{\"@id\":\"https:\\\/\\\/cvinoticias.com\\\/v3\\\/dia-del-periodista-cual-es-el-origen-y-por-que-se-celebra-el-7-de-junio-en-argentina\\\/\"},\"wordCount\":447,\"commentCount\":0,\"publisher\":{\"@id\":\"https:\\\/\\\/cvinoticias.com\\\/v3\\\/#organization\"},\"image\":{\"@id\":\"https:\\\/\\\/cvinoticias.com\\\/v3\\\/dia-del-periodista-cual-es-el-origen-y-por-que-se-celebra-el-7-de-junio-en-argentina\\\/#primaryimage\"},\"thumbnailUrl\":\"https:\\\/\\\/cvinoticias.com\\\/wp-content\\\/uploads\\\/2025\\\/06\\\/gazeta_de_buenos_ayres.jpg\",\"keywords\":[\"7 de junio\",\"Argentina\",\"D\u00eda\",\"Periodista\"],\"articleSection\":[\"EFEMERIDES\"],\"inLanguage\":\"es\",\"potentialAction\":[{\"@type\":\"CommentAction\",\"name\":\"Comment\",\"target\":[\"https:\\\/\\\/cvinoticias.com\\\/v3\\\/dia-del-periodista-cual-es-el-origen-y-por-que-se-celebra-el-7-de-junio-en-argentina\\\/#respond\"]}]},{\"@type\":\"WebPage\",\"@id\":\"https:\\\/\\\/cvinoticias.com\\\/v3\\\/dia-del-periodista-cual-es-el-origen-y-por-que-se-celebra-el-7-de-junio-en-argentina\\\/\",\"url\":\"https:\\\/\\\/cvinoticias.com\\\/v3\\\/dia-del-periodista-cual-es-el-origen-y-por-que-se-celebra-el-7-de-junio-en-argentina\\\/\",\"name\":\"D\u00eda del Periodista: por qu\u00e9 se celebra el 7 de junio | CVI NOTICIAS\",\"isPartOf\":{\"@id\":\"https:\\\/\\\/cvinoticias.com\\\/v3\\\/#website\"},\"primaryImageOfPage\":{\"@id\":\"https:\\\/\\\/cvinoticias.com\\\/v3\\\/dia-del-periodista-cual-es-el-origen-y-por-que-se-celebra-el-7-de-junio-en-argentina\\\/#primaryimage\"},\"image\":{\"@id\":\"https:\\\/\\\/cvinoticias.com\\\/v3\\\/dia-del-periodista-cual-es-el-origen-y-por-que-se-celebra-el-7-de-junio-en-argentina\\\/#primaryimage\"},\"thumbnailUrl\":\"https:\\\/\\\/cvinoticias.com\\\/wp-content\\\/uploads\\\/2025\\\/06\\\/gazeta_de_buenos_ayres.jpg\",\"datePublished\":\"2025-06-07T14:06:42+00:00\",\"dateModified\":\"2025-06-07T14:08:56+00:00\",\"description\":\"Se celebra el 7 de junio por la creaci\u00f3n de La Gazeta, fundada por Mariano Moreno en 1810.\",\"breadcrumb\":{\"@id\":\"https:\\\/\\\/cvinoticias.com\\\/v3\\\/dia-del-periodista-cual-es-el-origen-y-por-que-se-celebra-el-7-de-junio-en-argentina\\\/#breadcrumb\"},\"inLanguage\":\"es\",\"potentialAction\":[{\"@type\":\"ReadAction\",\"target\":[\"https:\\\/\\\/cvinoticias.com\\\/v3\\\/dia-del-periodista-cual-es-el-origen-y-por-que-se-celebra-el-7-de-junio-en-argentina\\\/\"]}]},{\"@type\":\"ImageObject\",\"inLanguage\":\"es\",\"@id\":\"https:\\\/\\\/cvinoticias.com\\\/v3\\\/dia-del-periodista-cual-es-el-origen-y-por-que-se-celebra-el-7-de-junio-en-argentina\\\/#primaryimage\",\"url\":\"https:\\\/\\\/cvinoticias.com\\\/wp-content\\\/uploads\\\/2025\\\/06\\\/gazeta_de_buenos_ayres.jpg\",\"contentUrl\":\"https:\\\/\\\/cvinoticias.com\\\/wp-content\\\/uploads\\\/2025\\\/06\\\/gazeta_de_buenos_ayres.jpg\",\"width\":840,\"height\":472},{\"@type\":\"BreadcrumbList\",\"@id\":\"https:\\\/\\\/cvinoticias.com\\\/v3\\\/dia-del-periodista-cual-es-el-origen-y-por-que-se-celebra-el-7-de-junio-en-argentina\\\/#breadcrumb\",\"itemListElement\":[{\"@type\":\"ListItem\",\"position\":1,\"name\":\"Portada\",\"item\":\"https:\\\/\\\/cvinoticias.com\\\/v3\\\/\"},{\"@type\":\"ListItem\",\"position\":2,\"name\":\"D\u00eda del Periodista: cu\u00e1l es el origen y por qu\u00e9 se celebra el 7 de junio en Argentina\"}]},{\"@type\":\"WebSite\",\"@id\":\"https:\\\/\\\/cvinoticias.com\\\/v3\\\/#website\",\"url\":\"https:\\\/\\\/cvinoticias.com\\\/v3\\\/\",\"name\":\"CVI NOTICIAS\",\"description\":\"\",\"publisher\":{\"@id\":\"https:\\\/\\\/cvinoticias.com\\\/v3\\\/#organization\"},\"alternateName\":\"CVI\",\"potentialAction\":[{\"@type\":\"SearchAction\",\"target\":{\"@type\":\"EntryPoint\",\"urlTemplate\":\"https:\\\/\\\/cvinoticias.com\\\/v3\\\/?s={search_term_string}\"},\"query-input\":{\"@type\":\"PropertyValueSpecification\",\"valueRequired\":true,\"valueName\":\"search_term_string\"}}],\"inLanguage\":\"es\"},{\"@type\":\"Organization\",\"@id\":\"https:\\\/\\\/cvinoticias.com\\\/v3\\\/#organization\",\"name\":\"CVI NOTICIAS\",\"url\":\"https:\\\/\\\/cvinoticias.com\\\/v3\\\/\",\"logo\":{\"@type\":\"ImageObject\",\"inLanguage\":\"es\",\"@id\":\"https:\\\/\\\/cvinoticias.com\\\/v3\\\/#\\\/schema\\\/logo\\\/image\\\/\",\"url\":\"https:\\\/\\\/cvinoticias.com\\\/wp-content\\\/uploads\\\/2023\\\/04\\\/cropped-cropped-cropped-cropped-cropped-3-1.png\",\"contentUrl\":\"https:\\\/\\\/cvinoticias.com\\\/wp-content\\\/uploads\\\/2023\\\/04\\\/cropped-cropped-cropped-cropped-cropped-3-1.png\",\"width\":95,\"height\":122,\"caption\":\"CVI NOTICIAS\"},\"image\":{\"@id\":\"https:\\\/\\\/cvinoticias.com\\\/v3\\\/#\\\/schema\\\/logo\\\/image\\\/\"},\"sameAs\":[\"https:\\\/\\\/www.facebook.com\\\/cvinoticias\",\"https:\\\/\\\/www.instagram.com\\\/cvinoticias\\\/\",\"https:\\\/\\\/www.youtube.com\\\/@CVINOTICIAS\"]},{\"@type\":\"Person\",\"@id\":\"https:\\\/\\\/cvinoticias.com\\\/v3\\\/#\\\/schema\\\/person\\\/2db77e3c6bc03c538495d7b2b8be9b66\",\"name\":\"f1000024\",\"image\":{\"@type\":\"ImageObject\",\"inLanguage\":\"es\",\"@id\":\"https:\\\/\\\/secure.gravatar.com\\\/avatar\\\/d4fe7459cfc51ff5129ce1a732bbef5928568b8092d412ef95611616376bbeed?s=96&d=mm&r=g\",\"url\":\"https:\\\/\\\/secure.gravatar.com\\\/avatar\\\/d4fe7459cfc51ff5129ce1a732bbef5928568b8092d412ef95611616376bbeed?s=96&d=mm&r=g\",\"contentUrl\":\"https:\\\/\\\/secure.gravatar.com\\\/avatar\\\/d4fe7459cfc51ff5129ce1a732bbef5928568b8092d412ef95611616376bbeed?s=96&d=mm&r=g\",\"caption\":\"f1000024\"},\"url\":\"https:\\\/\\\/cvinoticias.com\\\/v3\\\/author\\\/f1000024\\\/\"}]}<\/script>\n<!-- \/ Yoast SEO plugin. -->","yoast_head_json":{"title":"D\u00eda del Periodista: por qu\u00e9 se celebra el 7 de junio | CVI NOTICIAS","description":"Se celebra el 7 de junio por la creaci\u00f3n de La Gazeta, fundada por Mariano Moreno en 1810.","robots":{"index":"index","follow":"follow","max-snippet":"max-snippet:-1","max-image-preview":"max-image-preview:large","max-video-preview":"max-video-preview:-1"},"canonical":"https:\/\/cvinoticias.com\/v3\/dia-del-periodista-cual-es-el-origen-y-por-que-se-celebra-el-7-de-junio-en-argentina\/","og_locale":"es_ES","og_type":"article","og_title":"D\u00eda del Periodista: por qu\u00e9 se celebra el 7 de junio | CVI NOTICIAS","og_description":"Se celebra el 7 de junio por la creaci\u00f3n de La Gazeta, fundada por Mariano Moreno en 1810.","og_url":"https:\/\/cvinoticias.com\/v3\/dia-del-periodista-cual-es-el-origen-y-por-que-se-celebra-el-7-de-junio-en-argentina\/","og_site_name":"CVI NOTICIAS","article_publisher":"https:\/\/www.facebook.com\/cvinoticias","article_published_time":"2025-06-07T14:06:42+00:00","article_modified_time":"2025-06-07T14:08:56+00:00","og_image":[{"width":840,"height":472,"url":"https:\/\/cvinoticias.com\/wp-content\/uploads\/2025\/06\/gazeta_de_buenos_ayres.jpg","type":"image\/jpeg"}],"author":"f1000024","twitter_card":"summary_large_image","twitter_misc":{"Escrito por":"f1000024","Tiempo de lectura":"3 minutos"},"schema":{"@context":"https:\/\/schema.org","@graph":[{"@type":"Article","@id":"https:\/\/cvinoticias.com\/v3\/dia-del-periodista-cual-es-el-origen-y-por-que-se-celebra-el-7-de-junio-en-argentina\/#article","isPartOf":{"@id":"https:\/\/cvinoticias.com\/v3\/dia-del-periodista-cual-es-el-origen-y-por-que-se-celebra-el-7-de-junio-en-argentina\/"},"author":{"name":"f1000024","@id":"https:\/\/cvinoticias.com\/v3\/#\/schema\/person\/2db77e3c6bc03c538495d7b2b8be9b66"},"headline":"D\u00eda del Periodista: cu\u00e1l es el origen y por qu\u00e9 se celebra el 7 de junio en Argentina","datePublished":"2025-06-07T14:06:42+00:00","dateModified":"2025-06-07T14:08:56+00:00","mainEntityOfPage":{"@id":"https:\/\/cvinoticias.com\/v3\/dia-del-periodista-cual-es-el-origen-y-por-que-se-celebra-el-7-de-junio-en-argentina\/"},"wordCount":447,"commentCount":0,"publisher":{"@id":"https:\/\/cvinoticias.com\/v3\/#organization"},"image":{"@id":"https:\/\/cvinoticias.com\/v3\/dia-del-periodista-cual-es-el-origen-y-por-que-se-celebra-el-7-de-junio-en-argentina\/#primaryimage"},"thumbnailUrl":"https:\/\/cvinoticias.com\/wp-content\/uploads\/2025\/06\/gazeta_de_buenos_ayres.jpg","keywords":["7 de junio","Argentina","D\u00eda","Periodista"],"articleSection":["EFEMERIDES"],"inLanguage":"es","potentialAction":[{"@type":"CommentAction","name":"Comment","target":["https:\/\/cvinoticias.com\/v3\/dia-del-periodista-cual-es-el-origen-y-por-que-se-celebra-el-7-de-junio-en-argentina\/#respond"]}]},{"@type":"WebPage","@id":"https:\/\/cvinoticias.com\/v3\/dia-del-periodista-cual-es-el-origen-y-por-que-se-celebra-el-7-de-junio-en-argentina\/","url":"https:\/\/cvinoticias.com\/v3\/dia-del-periodista-cual-es-el-origen-y-por-que-se-celebra-el-7-de-junio-en-argentina\/","name":"D\u00eda del Periodista: por qu\u00e9 se celebra el 7 de junio | CVI NOTICIAS","isPartOf":{"@id":"https:\/\/cvinoticias.com\/v3\/#website"},"primaryImageOfPage":{"@id":"https:\/\/cvinoticias.com\/v3\/dia-del-periodista-cual-es-el-origen-y-por-que-se-celebra-el-7-de-junio-en-argentina\/#primaryimage"},"image":{"@id":"https:\/\/cvinoticias.com\/v3\/dia-del-periodista-cual-es-el-origen-y-por-que-se-celebra-el-7-de-junio-en-argentina\/#primaryimage"},"thumbnailUrl":"https:\/\/cvinoticias.com\/wp-content\/uploads\/2025\/06\/gazeta_de_buenos_ayres.jpg","datePublished":"2025-06-07T14:06:42+00:00","dateModified":"2025-06-07T14:08:56+00:00","description":"Se celebra el 7 de junio por la creaci\u00f3n de La Gazeta, fundada por Mariano Moreno en 1810.","breadcrumb":{"@id":"https:\/\/cvinoticias.com\/v3\/dia-del-periodista-cual-es-el-origen-y-por-que-se-celebra-el-7-de-junio-en-argentina\/#breadcrumb"},"inLanguage":"es","potentialAction":[{"@type":"ReadAction","target":["https:\/\/cvinoticias.com\/v3\/dia-del-periodista-cual-es-el-origen-y-por-que-se-celebra-el-7-de-junio-en-argentina\/"]}]},{"@type":"ImageObject","inLanguage":"es","@id":"https:\/\/cvinoticias.com\/v3\/dia-del-periodista-cual-es-el-origen-y-por-que-se-celebra-el-7-de-junio-en-argentina\/#primaryimage","url":"https:\/\/cvinoticias.com\/wp-content\/uploads\/2025\/06\/gazeta_de_buenos_ayres.jpg","contentUrl":"https:\/\/cvinoticias.com\/wp-content\/uploads\/2025\/06\/gazeta_de_buenos_ayres.jpg","width":840,"height":472},{"@type":"BreadcrumbList","@id":"https:\/\/cvinoticias.com\/v3\/dia-del-periodista-cual-es-el-origen-y-por-que-se-celebra-el-7-de-junio-en-argentina\/#breadcrumb","itemListElement":[{"@type":"ListItem","position":1,"name":"Portada","item":"https:\/\/cvinoticias.com\/v3\/"},{"@type":"ListItem","position":2,"name":"D\u00eda del Periodista: cu\u00e1l es el origen y por qu\u00e9 se celebra el 7 de junio en Argentina"}]},{"@type":"WebSite","@id":"https:\/\/cvinoticias.com\/v3\/#website","url":"https:\/\/cvinoticias.com\/v3\/","name":"CVI NOTICIAS","description":"","publisher":{"@id":"https:\/\/cvinoticias.com\/v3\/#organization"},"alternateName":"CVI","potentialAction":[{"@type":"SearchAction","target":{"@type":"EntryPoint","urlTemplate":"https:\/\/cvinoticias.com\/v3\/?s={search_term_string}"},"query-input":{"@type":"PropertyValueSpecification","valueRequired":true,"valueName":"search_term_string"}}],"inLanguage":"es"},{"@type":"Organization","@id":"https:\/\/cvinoticias.com\/v3\/#organization","name":"CVI NOTICIAS","url":"https:\/\/cvinoticias.com\/v3\/","logo":{"@type":"ImageObject","inLanguage":"es","@id":"https:\/\/cvinoticias.com\/v3\/#\/schema\/logo\/image\/","url":"https:\/\/cvinoticias.com\/wp-content\/uploads\/2023\/04\/cropped-cropped-cropped-cropped-cropped-3-1.png","contentUrl":"https:\/\/cvinoticias.com\/wp-content\/uploads\/2023\/04\/cropped-cropped-cropped-cropped-cropped-3-1.png","width":95,"height":122,"caption":"CVI NOTICIAS"},"image":{"@id":"https:\/\/cvinoticias.com\/v3\/#\/schema\/logo\/image\/"},"sameAs":["https:\/\/www.facebook.com\/cvinoticias","https:\/\/www.instagram.com\/cvinoticias\/","https:\/\/www.youtube.com\/@CVINOTICIAS"]},{"@type":"Person","@id":"https:\/\/cvinoticias.com\/v3\/#\/schema\/person\/2db77e3c6bc03c538495d7b2b8be9b66","name":"f1000024","image":{"@type":"ImageObject","inLanguage":"es","@id":"https:\/\/secure.gravatar.com\/avatar\/d4fe7459cfc51ff5129ce1a732bbef5928568b8092d412ef95611616376bbeed?s=96&d=mm&r=g","url":"https:\/\/secure.gravatar.com\/avatar\/d4fe7459cfc51ff5129ce1a732bbef5928568b8092d412ef95611616376bbeed?s=96&d=mm&r=g","contentUrl":"https:\/\/secure.gravatar.com\/avatar\/d4fe7459cfc51ff5129ce1a732bbef5928568b8092d412ef95611616376bbeed?s=96&d=mm&r=g","caption":"f1000024"},"url":"https:\/\/cvinoticias.com\/v3\/author\/f1000024\/"}]}},"_links":{"self":[{"href":"https:\/\/cvinoticias.com\/v3\/wp-json\/wp\/v2\/posts\/44742","targetHints":{"allow":["GET"]}}],"collection":[{"href":"https:\/\/cvinoticias.com\/v3\/wp-json\/wp\/v2\/posts"}],"about":[{"href":"https:\/\/cvinoticias.com\/v3\/wp-json\/wp\/v2\/types\/post"}],"author":[{"embeddable":true,"href":"https:\/\/cvinoticias.com\/v3\/wp-json\/wp\/v2\/users\/2"}],"replies":[{"embeddable":true,"href":"https:\/\/cvinoticias.com\/v3\/wp-json\/wp\/v2\/comments?post=44742"}],"version-history":[{"count":1,"href":"https:\/\/cvinoticias.com\/v3\/wp-json\/wp\/v2\/posts\/44742\/revisions"}],"predecessor-version":[{"id":44743,"href":"https:\/\/cvinoticias.com\/v3\/wp-json\/wp\/v2\/posts\/44742\/revisions\/44743"}],"wp:featuredmedia":[{"embeddable":true,"href":"https:\/\/cvinoticias.com\/v3\/wp-json\/wp\/v2\/media\/44745"}],"wp:attachment":[{"href":"https:\/\/cvinoticias.com\/v3\/wp-json\/wp\/v2\/media?parent=44742"}],"wp:term":[{"taxonomy":"category","embeddable":true,"href":"https:\/\/cvinoticias.com\/v3\/wp-json\/wp\/v2\/categories?post=44742"},{"taxonomy":"post_tag","embeddable":true,"href":"https:\/\/cvinoticias.com\/v3\/wp-json\/wp\/v2\/tags?post=44742"}],"curies":[{"name":"wp","href":"https:\/\/api.w.org\/{rel}","templated":true}]}}