{"id":44572,"date":"2025-06-04T09:07:51","date_gmt":"2025-06-04T12:07:51","guid":{"rendered":"https:\/\/cvinoticias.com\/v3\/?p=44572"},"modified":"2025-06-04T09:07:52","modified_gmt":"2025-06-04T12:07:52","slug":"misiones-sera-sede-de-la-vi-jornada-multidisciplinaria-nea","status":"publish","type":"post","link":"https:\/\/cvinoticias.com\/v3\/misiones-sera-sede-de-la-vi-jornada-multidisciplinaria-nea\/","title":{"rendered":"Misiones ser\u00e1 sede de\u00a0la VI Jornada\u00a0Multidisciplinaria NEA"},"content":{"rendered":"\n<p>Ser\u00e1 el 13 de junio en el Parque del Conocimiento de Posadas. Contar\u00e1 con la participaci\u00f3n de destacados profesionales de todo el pa\u00eds.<\/p>\n\n\n\n<p>El vicepresidente primero de la C\u00e1mara de Representantes, diputado Mart\u00edn Cesino, recibi\u00f3 al m\u00e9dico cardi\u00f3logo Oscar Vogelmann. Destac\u00f3 la articulaci\u00f3n entre el Poder Legislativo, el Ministerio de Salud y las sociedades cient\u00edficas. La jornada fue declarada de inter\u00e9s provincial y se realizar\u00e1 el 13 de junio en el Parque del Conocimiento.<\/p>\n\n\n\n<p>Ese d\u00eda, Misiones ser\u00e1 sede de un evento de relevancia nacional: la Sexta Jornada Multidisciplinaria NEA 2025. Es organizada por la Sociedad Argentina de Cardiolog\u00eda (SAC). La actividad se llevar\u00e1 a cabo en Posadas, en el Parque del Conocimiento, y contar\u00e1 con la participaci\u00f3n de destacados profesionales de todo el pa\u00eds.<\/p>\n\n\n\n<p>En ese contexto, Cesino recibi\u00f3 a Vogelmann, representante del distrito Misiones ante la SAC. Durante el encuentro, el diputado remarc\u00f3 que \u201cdesde la Legislatura misionera, con la presidencia de Oscar Herrera Ahuad en la actualidad, y anteriormente con la de Carlos Rovira, se vienen generando leyes que fortalecen el sistema de salud. Sobre todo en el \u00e1rea de cardiolog\u00eda, donde contamos con normativas que ya se implementan y garantizan un abordaje integral\u201d.<\/p>\n\n\n\n<p>\u201cLa salud en Misiones es una pol\u00edtica de Estado. Esta jornada no solo permite compartir conocimientos, sino tambi\u00e9n mostrar al pa\u00eds el modelo de salud que hemos construido con inversi\u00f3n, planificaci\u00f3n y recursos humanos capacitados\u201d, afirm\u00f3 el legislador.<\/p>\n\n\n\n<p>En ese sentido, present\u00f3 un proyecto de declaraci\u00f3n de inter\u00e9s provincial para respaldar institucionalmente el evento. \u201cPara los profesionales, que la C\u00e1mara reconozca este tipo de jornadas es fundamental. Jerarquiza su labor y evidencia la articulaci\u00f3n entre el Poder Legislativo, el Ejecutivo y las sociedades cient\u00edficas\u201d, expres\u00f3.<\/p>\n\n\n\n<p>Cesino record\u00f3 que la provincia cuenta con leyes pioneras en el abordaje cardiovascular. Mencion\u00f3 la del infarto agudo de miocardio y la red de atenci\u00f3n integral a enfermedades cardiovasculares. \u201cHoy en Misiones la salud es una prioridad. Tenemos la tasa de mortalidad infantil m\u00e1s baja del pa\u00eds y m\u00e1s de 2 millones y medio de consultas anuales en nuestra red sanitaria. Esto se logra con decisiones pol\u00edticas firmes, inversi\u00f3n y trabajo en equipo\u201d, refiri\u00f3.<\/p>\n\n\n\n<p>(Foto: Diputado Mart\u00edn Cesino junto al m\u00e9dico cardi\u00f3logo Oscar Vogelmann)<\/p>\n\n\n\n<p>Por su parte, Vogelmann destac\u00f3 la magnitud del encuentro. \u201cVamos a tener a los principales referentes de la cardiolog\u00eda argentina. Se tratar\u00e1n temas como hipertensi\u00f3n, miocardiopat\u00edas, insuficiencia card\u00edaca, el impacto del dengue, Chagas y tambi\u00e9n inteligencia artificial aplicada a la salud\u201d.<\/p>\n\n\n\n<p>\u201cEsta jornada est\u00e1 pensada para todo el equipo de salud. No es solo para cardi\u00f3logos, sino tambi\u00e9n para m\u00e9dicos cl\u00ednicos, intensivistas, enfermeros, residentes y psic\u00f3logos. Adem\u00e1s, es gratuita y abierta, lo que muestra el compromiso de la SAC y de Misiones con la formaci\u00f3n continua\u201d, subray\u00f3 Vogelmann.<\/p>\n\n\n\n<p>El evento se desarrollar\u00e1 entre las 8:30 y las 19:30. Incluir\u00e1 m\u00faltiples conferencias, paneles y sesiones. Entre los expositores se destaca Jorge Thierer, quien cerrar\u00e1 la jornada con la charla \u201cInteligencia artificial: impacto en las enfermedades cardiovasculares\u201d.<\/p>\n\n\n\n<p>Adem\u00e1s, se abordar\u00e1n temas de alta relevancia cl\u00ednica. Algunos de ellos son el manejo de la enfermedad de Chagas, la evaluaci\u00f3n gen\u00e9tica en cardiopat\u00edas, la cardiotoxicidad oncol\u00f3gica y nuevos enfoques terap\u00e9uticos en obesidad e insuficiencia card\u00edaca. La jornada ofrecer\u00e1 una actualizaci\u00f3n cient\u00edfica completa para profesionales de todo el pa\u00eds.<\/p>\n\n\n\n<p>\u201cEsta es una oportunidad para federalizar el conocimiento. No hace falta ir a Buenos Aires para acceder a capacitaciones de alto nivel. Hoy en Misiones ya realizamos procedimientos complejos como v\u00e1lvulas percut\u00e1neas, mapeo 3D o cirug\u00edas de alta tecnolog\u00eda\u201d, se\u00f1al\u00f3 Vogelmann.<\/p>\n\n\n\n<p>La participaci\u00f3n es gratuita y abierta a todos los actores del sistema de salud. Los interesados pueden inscribirse a trav\u00e9s del sitio web oficial de la Sociedad Argentina de Cardiolog\u00eda:<br>&#x1f449; <a class=\"\" href=\"https:\/\/www.sac.org.ar\/sac-eventos\/6o-jornada-multidisciplinaria-nea-2025\/\">https:\/\/www.sac.org.ar\/sac-eventos\/6o-jornada-multidisciplinaria-nea-2025\/<\/a><\/p>\n\n\n\n<p><strong>Fuente:<\/strong> Canal 12 Misiones<\/p>\n\n\n\n<p><\/p>\n","protected":false},"excerpt":{"rendered":"<p>Ser\u00e1 el 13 de junio en el Parque del Conocimiento de Posadas. Contar\u00e1 con la participaci\u00f3n de destacados profesionales de todo el pa\u00eds. El vicepresidente primero de la C\u00e1mara de Representantes, diputado Mart\u00edn Cesino, recibi\u00f3 al m\u00e9dico cardi\u00f3logo Oscar Vogelmann. Destac\u00f3 la articulaci\u00f3n entre el Poder Legislativo, el Ministerio de Salud y las sociedades cient\u00edficas. [&hellip;]<\/p>\n","protected":false},"author":2,"featured_media":44573,"comment_status":"open","ping_status":"open","sticky":false,"template":"","format":"standard","meta":{"footnotes":""},"categories":[455],"tags":[2761,2762,2760],"class_list":["post-44572","post","type-post","status-publish","format-standard","has-post-thumbnail","hentry","category-misiones","tag-multidisciplinaria","tag-nea-2025","tag-sexta-jornada"],"yoast_head":"<!-- This site is optimized with the Yoast SEO plugin v27.4 - https:\/\/yoast.com\/product\/yoast-seo-wordpress\/ -->\n<title>Misiones ser\u00e1 sede de la Jornada Multidisciplinaria NEA | CVI NOTICIAS<\/title>\n<meta name=\"description\" content=\"El 13 de junio se realiza en Posadas la Sexta Jornada Multidisciplinaria NEA con referentes de la salud.\" \/>\n<meta name=\"robots\" content=\"index, follow, max-snippet:-1, max-image-preview:large, max-video-preview:-1\" \/>\n<link rel=\"canonical\" href=\"https:\/\/cvinoticias.com\/v3\/misiones-sera-sede-de-la-vi-jornada-multidisciplinaria-nea\/\" \/>\n<meta property=\"og:locale\" content=\"es_ES\" \/>\n<meta property=\"og:type\" content=\"article\" \/>\n<meta property=\"og:title\" content=\"Misiones ser\u00e1 sede de la Jornada Multidisciplinaria NEA | CVI NOTICIAS\" \/>\n<meta property=\"og:description\" content=\"El 13 de junio se realiza en Posadas la Sexta Jornada Multidisciplinaria NEA con referentes de la salud.\" \/>\n<meta property=\"og:url\" content=\"https:\/\/cvinoticias.com\/v3\/misiones-sera-sede-de-la-vi-jornada-multidisciplinaria-nea\/\" \/>\n<meta property=\"og:site_name\" content=\"CVI NOTICIAS\" \/>\n<meta property=\"article:publisher\" content=\"https:\/\/www.facebook.com\/cvinoticias\" \/>\n<meta property=\"article:published_time\" content=\"2025-06-04T12:07:51+00:00\" \/>\n<meta property=\"article:modified_time\" content=\"2025-06-04T12:07:52+00:00\" \/>\n<meta property=\"og:image\" content=\"https:\/\/cvinoticias.com\/wp-content\/uploads\/2025\/06\/Jornada-Multidisciplinaria-NEA-2025.webp\" \/>\n\t<meta property=\"og:image:width\" content=\"1089\" \/>\n\t<meta property=\"og:image:height\" content=\"730\" \/>\n\t<meta property=\"og:image:type\" content=\"image\/webp\" \/>\n<meta name=\"author\" content=\"f1000024\" \/>\n<meta name=\"twitter:card\" content=\"summary_large_image\" \/>\n<meta name=\"twitter:label1\" content=\"Escrito por\" \/>\n\t<meta name=\"twitter:data1\" content=\"f1000024\" \/>\n\t<meta name=\"twitter:label2\" content=\"Tiempo de lectura\" \/>\n\t<meta name=\"twitter:data2\" content=\"4 minutos\" \/>\n<script type=\"application\/ld+json\" class=\"yoast-schema-graph\">{\"@context\":\"https:\\\/\\\/schema.org\",\"@graph\":[{\"@type\":\"Article\",\"@id\":\"https:\\\/\\\/cvinoticias.com\\\/v3\\\/misiones-sera-sede-de-la-vi-jornada-multidisciplinaria-nea\\\/#article\",\"isPartOf\":{\"@id\":\"https:\\\/\\\/cvinoticias.com\\\/v3\\\/misiones-sera-sede-de-la-vi-jornada-multidisciplinaria-nea\\\/\"},\"author\":{\"name\":\"f1000024\",\"@id\":\"https:\\\/\\\/cvinoticias.com\\\/v3\\\/#\\\/schema\\\/person\\\/2db77e3c6bc03c538495d7b2b8be9b66\"},\"headline\":\"Misiones ser\u00e1 sede de\u00a0la VI Jornada\u00a0Multidisciplinaria NEA\",\"datePublished\":\"2025-06-04T12:07:51+00:00\",\"dateModified\":\"2025-06-04T12:07:52+00:00\",\"mainEntityOfPage\":{\"@id\":\"https:\\\/\\\/cvinoticias.com\\\/v3\\\/misiones-sera-sede-de-la-vi-jornada-multidisciplinaria-nea\\\/\"},\"wordCount\":693,\"commentCount\":0,\"publisher\":{\"@id\":\"https:\\\/\\\/cvinoticias.com\\\/v3\\\/#organization\"},\"image\":{\"@id\":\"https:\\\/\\\/cvinoticias.com\\\/v3\\\/misiones-sera-sede-de-la-vi-jornada-multidisciplinaria-nea\\\/#primaryimage\"},\"thumbnailUrl\":\"https:\\\/\\\/cvinoticias.com\\\/wp-content\\\/uploads\\\/2025\\\/06\\\/Jornada-Multidisciplinaria-NEA-2025.webp\",\"keywords\":[\"Multidisciplinaria\",\"NEA 2025\",\"Sexta Jornada\"],\"articleSection\":[\"Misiones\"],\"inLanguage\":\"es\",\"potentialAction\":[{\"@type\":\"CommentAction\",\"name\":\"Comment\",\"target\":[\"https:\\\/\\\/cvinoticias.com\\\/v3\\\/misiones-sera-sede-de-la-vi-jornada-multidisciplinaria-nea\\\/#respond\"]}]},{\"@type\":\"WebPage\",\"@id\":\"https:\\\/\\\/cvinoticias.com\\\/v3\\\/misiones-sera-sede-de-la-vi-jornada-multidisciplinaria-nea\\\/\",\"url\":\"https:\\\/\\\/cvinoticias.com\\\/v3\\\/misiones-sera-sede-de-la-vi-jornada-multidisciplinaria-nea\\\/\",\"name\":\"Misiones ser\u00e1 sede de la Jornada Multidisciplinaria NEA | CVI NOTICIAS\",\"isPartOf\":{\"@id\":\"https:\\\/\\\/cvinoticias.com\\\/v3\\\/#website\"},\"primaryImageOfPage\":{\"@id\":\"https:\\\/\\\/cvinoticias.com\\\/v3\\\/misiones-sera-sede-de-la-vi-jornada-multidisciplinaria-nea\\\/#primaryimage\"},\"image\":{\"@id\":\"https:\\\/\\\/cvinoticias.com\\\/v3\\\/misiones-sera-sede-de-la-vi-jornada-multidisciplinaria-nea\\\/#primaryimage\"},\"thumbnailUrl\":\"https:\\\/\\\/cvinoticias.com\\\/wp-content\\\/uploads\\\/2025\\\/06\\\/Jornada-Multidisciplinaria-NEA-2025.webp\",\"datePublished\":\"2025-06-04T12:07:51+00:00\",\"dateModified\":\"2025-06-04T12:07:52+00:00\",\"description\":\"El 13 de junio se realiza en Posadas la Sexta Jornada Multidisciplinaria NEA con referentes de la salud.\",\"breadcrumb\":{\"@id\":\"https:\\\/\\\/cvinoticias.com\\\/v3\\\/misiones-sera-sede-de-la-vi-jornada-multidisciplinaria-nea\\\/#breadcrumb\"},\"inLanguage\":\"es\",\"potentialAction\":[{\"@type\":\"ReadAction\",\"target\":[\"https:\\\/\\\/cvinoticias.com\\\/v3\\\/misiones-sera-sede-de-la-vi-jornada-multidisciplinaria-nea\\\/\"]}]},{\"@type\":\"ImageObject\",\"inLanguage\":\"es\",\"@id\":\"https:\\\/\\\/cvinoticias.com\\\/v3\\\/misiones-sera-sede-de-la-vi-jornada-multidisciplinaria-nea\\\/#primaryimage\",\"url\":\"https:\\\/\\\/cvinoticias.com\\\/wp-content\\\/uploads\\\/2025\\\/06\\\/Jornada-Multidisciplinaria-NEA-2025.webp\",\"contentUrl\":\"https:\\\/\\\/cvinoticias.com\\\/wp-content\\\/uploads\\\/2025\\\/06\\\/Jornada-Multidisciplinaria-NEA-2025.webp\",\"width\":1089,\"height\":730},{\"@type\":\"BreadcrumbList\",\"@id\":\"https:\\\/\\\/cvinoticias.com\\\/v3\\\/misiones-sera-sede-de-la-vi-jornada-multidisciplinaria-nea\\\/#breadcrumb\",\"itemListElement\":[{\"@type\":\"ListItem\",\"position\":1,\"name\":\"Portada\",\"item\":\"https:\\\/\\\/cvinoticias.com\\\/v3\\\/\"},{\"@type\":\"ListItem\",\"position\":2,\"name\":\"Misiones ser\u00e1 sede de\u00a0la VI Jornada\u00a0Multidisciplinaria NEA\"}]},{\"@type\":\"WebSite\",\"@id\":\"https:\\\/\\\/cvinoticias.com\\\/v3\\\/#website\",\"url\":\"https:\\\/\\\/cvinoticias.com\\\/v3\\\/\",\"name\":\"CVI NOTICIAS\",\"description\":\"\",\"publisher\":{\"@id\":\"https:\\\/\\\/cvinoticias.com\\\/v3\\\/#organization\"},\"alternateName\":\"CVI\",\"potentialAction\":[{\"@type\":\"SearchAction\",\"target\":{\"@type\":\"EntryPoint\",\"urlTemplate\":\"https:\\\/\\\/cvinoticias.com\\\/v3\\\/?s={search_term_string}\"},\"query-input\":{\"@type\":\"PropertyValueSpecification\",\"valueRequired\":true,\"valueName\":\"search_term_string\"}}],\"inLanguage\":\"es\"},{\"@type\":\"Organization\",\"@id\":\"https:\\\/\\\/cvinoticias.com\\\/v3\\\/#organization\",\"name\":\"CVI NOTICIAS\",\"url\":\"https:\\\/\\\/cvinoticias.com\\\/v3\\\/\",\"logo\":{\"@type\":\"ImageObject\",\"inLanguage\":\"es\",\"@id\":\"https:\\\/\\\/cvinoticias.com\\\/v3\\\/#\\\/schema\\\/logo\\\/image\\\/\",\"url\":\"https:\\\/\\\/cvinoticias.com\\\/wp-content\\\/uploads\\\/2023\\\/04\\\/cropped-cropped-cropped-cropped-cropped-3-1.png\",\"contentUrl\":\"https:\\\/\\\/cvinoticias.com\\\/wp-content\\\/uploads\\\/2023\\\/04\\\/cropped-cropped-cropped-cropped-cropped-3-1.png\",\"width\":95,\"height\":122,\"caption\":\"CVI NOTICIAS\"},\"image\":{\"@id\":\"https:\\\/\\\/cvinoticias.com\\\/v3\\\/#\\\/schema\\\/logo\\\/image\\\/\"},\"sameAs\":[\"https:\\\/\\\/www.facebook.com\\\/cvinoticias\",\"https:\\\/\\\/www.instagram.com\\\/cvinoticias\\\/\",\"https:\\\/\\\/www.youtube.com\\\/@CVINOTICIAS\"]},{\"@type\":\"Person\",\"@id\":\"https:\\\/\\\/cvinoticias.com\\\/v3\\\/#\\\/schema\\\/person\\\/2db77e3c6bc03c538495d7b2b8be9b66\",\"name\":\"f1000024\",\"image\":{\"@type\":\"ImageObject\",\"inLanguage\":\"es\",\"@id\":\"https:\\\/\\\/secure.gravatar.com\\\/avatar\\\/d4fe7459cfc51ff5129ce1a732bbef5928568b8092d412ef95611616376bbeed?s=96&d=mm&r=g\",\"url\":\"https:\\\/\\\/secure.gravatar.com\\\/avatar\\\/d4fe7459cfc51ff5129ce1a732bbef5928568b8092d412ef95611616376bbeed?s=96&d=mm&r=g\",\"contentUrl\":\"https:\\\/\\\/secure.gravatar.com\\\/avatar\\\/d4fe7459cfc51ff5129ce1a732bbef5928568b8092d412ef95611616376bbeed?s=96&d=mm&r=g\",\"caption\":\"f1000024\"},\"url\":\"https:\\\/\\\/cvinoticias.com\\\/v3\\\/author\\\/f1000024\\\/\"}]}<\/script>\n<!-- \/ Yoast SEO plugin. -->","yoast_head_json":{"title":"Misiones ser\u00e1 sede de la Jornada Multidisciplinaria NEA | CVI NOTICIAS","description":"El 13 de junio se realiza en Posadas la Sexta Jornada Multidisciplinaria NEA con referentes de la salud.","robots":{"index":"index","follow":"follow","max-snippet":"max-snippet:-1","max-image-preview":"max-image-preview:large","max-video-preview":"max-video-preview:-1"},"canonical":"https:\/\/cvinoticias.com\/v3\/misiones-sera-sede-de-la-vi-jornada-multidisciplinaria-nea\/","og_locale":"es_ES","og_type":"article","og_title":"Misiones ser\u00e1 sede de la Jornada Multidisciplinaria NEA | CVI NOTICIAS","og_description":"El 13 de junio se realiza en Posadas la Sexta Jornada Multidisciplinaria NEA con referentes de la salud.","og_url":"https:\/\/cvinoticias.com\/v3\/misiones-sera-sede-de-la-vi-jornada-multidisciplinaria-nea\/","og_site_name":"CVI NOTICIAS","article_publisher":"https:\/\/www.facebook.com\/cvinoticias","article_published_time":"2025-06-04T12:07:51+00:00","article_modified_time":"2025-06-04T12:07:52+00:00","og_image":[{"width":1089,"height":730,"url":"https:\/\/cvinoticias.com\/wp-content\/uploads\/2025\/06\/Jornada-Multidisciplinaria-NEA-2025.webp","type":"image\/webp"}],"author":"f1000024","twitter_card":"summary_large_image","twitter_misc":{"Escrito por":"f1000024","Tiempo de lectura":"4 minutos"},"schema":{"@context":"https:\/\/schema.org","@graph":[{"@type":"Article","@id":"https:\/\/cvinoticias.com\/v3\/misiones-sera-sede-de-la-vi-jornada-multidisciplinaria-nea\/#article","isPartOf":{"@id":"https:\/\/cvinoticias.com\/v3\/misiones-sera-sede-de-la-vi-jornada-multidisciplinaria-nea\/"},"author":{"name":"f1000024","@id":"https:\/\/cvinoticias.com\/v3\/#\/schema\/person\/2db77e3c6bc03c538495d7b2b8be9b66"},"headline":"Misiones ser\u00e1 sede de\u00a0la VI Jornada\u00a0Multidisciplinaria NEA","datePublished":"2025-06-04T12:07:51+00:00","dateModified":"2025-06-04T12:07:52+00:00","mainEntityOfPage":{"@id":"https:\/\/cvinoticias.com\/v3\/misiones-sera-sede-de-la-vi-jornada-multidisciplinaria-nea\/"},"wordCount":693,"commentCount":0,"publisher":{"@id":"https:\/\/cvinoticias.com\/v3\/#organization"},"image":{"@id":"https:\/\/cvinoticias.com\/v3\/misiones-sera-sede-de-la-vi-jornada-multidisciplinaria-nea\/#primaryimage"},"thumbnailUrl":"https:\/\/cvinoticias.com\/wp-content\/uploads\/2025\/06\/Jornada-Multidisciplinaria-NEA-2025.webp","keywords":["Multidisciplinaria","NEA 2025","Sexta Jornada"],"articleSection":["Misiones"],"inLanguage":"es","potentialAction":[{"@type":"CommentAction","name":"Comment","target":["https:\/\/cvinoticias.com\/v3\/misiones-sera-sede-de-la-vi-jornada-multidisciplinaria-nea\/#respond"]}]},{"@type":"WebPage","@id":"https:\/\/cvinoticias.com\/v3\/misiones-sera-sede-de-la-vi-jornada-multidisciplinaria-nea\/","url":"https:\/\/cvinoticias.com\/v3\/misiones-sera-sede-de-la-vi-jornada-multidisciplinaria-nea\/","name":"Misiones ser\u00e1 sede de la Jornada Multidisciplinaria NEA | CVI NOTICIAS","isPartOf":{"@id":"https:\/\/cvinoticias.com\/v3\/#website"},"primaryImageOfPage":{"@id":"https:\/\/cvinoticias.com\/v3\/misiones-sera-sede-de-la-vi-jornada-multidisciplinaria-nea\/#primaryimage"},"image":{"@id":"https:\/\/cvinoticias.com\/v3\/misiones-sera-sede-de-la-vi-jornada-multidisciplinaria-nea\/#primaryimage"},"thumbnailUrl":"https:\/\/cvinoticias.com\/wp-content\/uploads\/2025\/06\/Jornada-Multidisciplinaria-NEA-2025.webp","datePublished":"2025-06-04T12:07:51+00:00","dateModified":"2025-06-04T12:07:52+00:00","description":"El 13 de junio se realiza en Posadas la Sexta Jornada Multidisciplinaria NEA con referentes de la salud.","breadcrumb":{"@id":"https:\/\/cvinoticias.com\/v3\/misiones-sera-sede-de-la-vi-jornada-multidisciplinaria-nea\/#breadcrumb"},"inLanguage":"es","potentialAction":[{"@type":"ReadAction","target":["https:\/\/cvinoticias.com\/v3\/misiones-sera-sede-de-la-vi-jornada-multidisciplinaria-nea\/"]}]},{"@type":"ImageObject","inLanguage":"es","@id":"https:\/\/cvinoticias.com\/v3\/misiones-sera-sede-de-la-vi-jornada-multidisciplinaria-nea\/#primaryimage","url":"https:\/\/cvinoticias.com\/wp-content\/uploads\/2025\/06\/Jornada-Multidisciplinaria-NEA-2025.webp","contentUrl":"https:\/\/cvinoticias.com\/wp-content\/uploads\/2025\/06\/Jornada-Multidisciplinaria-NEA-2025.webp","width":1089,"height":730},{"@type":"BreadcrumbList","@id":"https:\/\/cvinoticias.com\/v3\/misiones-sera-sede-de-la-vi-jornada-multidisciplinaria-nea\/#breadcrumb","itemListElement":[{"@type":"ListItem","position":1,"name":"Portada","item":"https:\/\/cvinoticias.com\/v3\/"},{"@type":"ListItem","position":2,"name":"Misiones ser\u00e1 sede de\u00a0la VI Jornada\u00a0Multidisciplinaria NEA"}]},{"@type":"WebSite","@id":"https:\/\/cvinoticias.com\/v3\/#website","url":"https:\/\/cvinoticias.com\/v3\/","name":"CVI NOTICIAS","description":"","publisher":{"@id":"https:\/\/cvinoticias.com\/v3\/#organization"},"alternateName":"CVI","potentialAction":[{"@type":"SearchAction","target":{"@type":"EntryPoint","urlTemplate":"https:\/\/cvinoticias.com\/v3\/?s={search_term_string}"},"query-input":{"@type":"PropertyValueSpecification","valueRequired":true,"valueName":"search_term_string"}}],"inLanguage":"es"},{"@type":"Organization","@id":"https:\/\/cvinoticias.com\/v3\/#organization","name":"CVI NOTICIAS","url":"https:\/\/cvinoticias.com\/v3\/","logo":{"@type":"ImageObject","inLanguage":"es","@id":"https:\/\/cvinoticias.com\/v3\/#\/schema\/logo\/image\/","url":"https:\/\/cvinoticias.com\/wp-content\/uploads\/2023\/04\/cropped-cropped-cropped-cropped-cropped-3-1.png","contentUrl":"https:\/\/cvinoticias.com\/wp-content\/uploads\/2023\/04\/cropped-cropped-cropped-cropped-cropped-3-1.png","width":95,"height":122,"caption":"CVI NOTICIAS"},"image":{"@id":"https:\/\/cvinoticias.com\/v3\/#\/schema\/logo\/image\/"},"sameAs":["https:\/\/www.facebook.com\/cvinoticias","https:\/\/www.instagram.com\/cvinoticias\/","https:\/\/www.youtube.com\/@CVINOTICIAS"]},{"@type":"Person","@id":"https:\/\/cvinoticias.com\/v3\/#\/schema\/person\/2db77e3c6bc03c538495d7b2b8be9b66","name":"f1000024","image":{"@type":"ImageObject","inLanguage":"es","@id":"https:\/\/secure.gravatar.com\/avatar\/d4fe7459cfc51ff5129ce1a732bbef5928568b8092d412ef95611616376bbeed?s=96&d=mm&r=g","url":"https:\/\/secure.gravatar.com\/avatar\/d4fe7459cfc51ff5129ce1a732bbef5928568b8092d412ef95611616376bbeed?s=96&d=mm&r=g","contentUrl":"https:\/\/secure.gravatar.com\/avatar\/d4fe7459cfc51ff5129ce1a732bbef5928568b8092d412ef95611616376bbeed?s=96&d=mm&r=g","caption":"f1000024"},"url":"https:\/\/cvinoticias.com\/v3\/author\/f1000024\/"}]}},"_links":{"self":[{"href":"https:\/\/cvinoticias.com\/v3\/wp-json\/wp\/v2\/posts\/44572","targetHints":{"allow":["GET"]}}],"collection":[{"href":"https:\/\/cvinoticias.com\/v3\/wp-json\/wp\/v2\/posts"}],"about":[{"href":"https:\/\/cvinoticias.com\/v3\/wp-json\/wp\/v2\/types\/post"}],"author":[{"embeddable":true,"href":"https:\/\/cvinoticias.com\/v3\/wp-json\/wp\/v2\/users\/2"}],"replies":[{"embeddable":true,"href":"https:\/\/cvinoticias.com\/v3\/wp-json\/wp\/v2\/comments?post=44572"}],"version-history":[{"count":1,"href":"https:\/\/cvinoticias.com\/v3\/wp-json\/wp\/v2\/posts\/44572\/revisions"}],"predecessor-version":[{"id":44574,"href":"https:\/\/cvinoticias.com\/v3\/wp-json\/wp\/v2\/posts\/44572\/revisions\/44574"}],"wp:featuredmedia":[{"embeddable":true,"href":"https:\/\/cvinoticias.com\/v3\/wp-json\/wp\/v2\/media\/44573"}],"wp:attachment":[{"href":"https:\/\/cvinoticias.com\/v3\/wp-json\/wp\/v2\/media?parent=44572"}],"wp:term":[{"taxonomy":"category","embeddable":true,"href":"https:\/\/cvinoticias.com\/v3\/wp-json\/wp\/v2\/categories?post=44572"},{"taxonomy":"post_tag","embeddable":true,"href":"https:\/\/cvinoticias.com\/v3\/wp-json\/wp\/v2\/tags?post=44572"}],"curies":[{"name":"wp","href":"https:\/\/api.w.org\/{rel}","templated":true}]}}