{"id":44567,"date":"2025-06-04T09:02:09","date_gmt":"2025-06-04T12:02:09","guid":{"rendered":"https:\/\/cvinoticias.com\/v3\/?p=44567"},"modified":"2025-06-04T09:02:10","modified_gmt":"2025-06-04T12:02:10","slug":"este-miercoles-4-de-junio-se-celebra-el-dia-de-la-provincia-de-misiones","status":"publish","type":"post","link":"https:\/\/cvinoticias.com\/v3\/este-miercoles-4-de-junio-se-celebra-el-dia-de-la-provincia-de-misiones\/","title":{"rendered":"Este mi\u00e9rcoles 4 de junio se celebra el D\u00eda de la Provincia de Misiones"},"content":{"rendered":"\n<p>En conmemoraci\u00f3n al&nbsp;<strong>primer Gobierno democr\u00e1tico de la Provincia<\/strong>, el 27 de junio de 2002 se sancion\u00f3 la Ley VI \u2013 N\u00ba 93. Instituye que cada 4 de junio se recuerde esta fecha como&nbsp;<strong>D\u00eda de la Provincia de Misiones<\/strong>.<\/p>\n\n\n\n<p>La actual sociedad misionera es el fruto de un largo y enriquecedor proceso de construcci\u00f3n socio-cultural que&nbsp;<strong>dio forma a lo que hoy son los misioneros<\/strong>. En su historia se entrecruzan las&nbsp;<strong>culturas de los guaran\u00edes, jesuitas, inmigrantes y criollos<\/strong>&nbsp;para dar forma a una sociedad diversa y plural.<\/p>\n\n\n\n<figure class=\"wp-block-image size-large\"><a href=\"https:\/\/cvinoticias.com\/wp-content\/uploads\/2025\/06\/image.png\"><img decoding=\"async\" width=\"1024\" height=\"665\" data-src=\"https:\/\/cvinoticias.com\/wp-content\/uploads\/2025\/06\/image-1024x665.png\" alt=\"\" class=\"wp-image-44568 lazyload\" data-srcset=\"https:\/\/cvinoticias.com\/wp-content\/uploads\/2025\/06\/image-1024x665.png 1024w, https:\/\/cvinoticias.com\/wp-content\/uploads\/2025\/06\/image-300x195.png 300w, https:\/\/cvinoticias.com\/wp-content\/uploads\/2025\/06\/image-768x499.png 768w, https:\/\/cvinoticias.com\/wp-content\/uploads\/2025\/06\/image.png 1536w\" data-sizes=\"(max-width: 1024px) 100vw, 1024px\" src=\"data:image\/svg+xml;base64,PHN2ZyB3aWR0aD0iMSIgaGVpZ2h0PSIxIiB4bWxucz0iaHR0cDovL3d3dy53My5vcmcvMjAwMC9zdmciPjwvc3ZnPg==\" style=\"--smush-placeholder-width: 1024px; --smush-placeholder-aspect-ratio: 1024\/665;\" \/><\/a><\/figure>\n\n\n\n<p>Si se tuviera que resumir los hitos m\u00e1s significativos, estos ser\u00edan algunos de ellos:<\/p>\n\n\n\n<ul class=\"wp-block-list\">\n<li>Del a\u00f1o 0 al 1609: Cultura guaran\u00ed.<\/li>\n\n\n\n<li>1609 \u2013 1768: Cultura jesu\u00edtico-guaran\u00ed.<\/li>\n\n\n\n<li>1768 \u2013 1810: Cultura hispana.<\/li>\n\n\n\n<li>1810 \u2013 1832: Misiones provincia federal.<\/li>\n\n\n\n<li>1832 \u2013 1865: Ocupaci\u00f3n correntina y paraguaya.<\/li>\n\n\n\n<li>1865 \u2013 1881: Ocupaci\u00f3n correntina.<\/li>\n\n\n\n<li>1881 \u2013 1953: Territorio Nacional de Misiones.<\/li>\n\n\n\n<li>1953 \u2013 2025: Provincia de Misiones.<\/li>\n<\/ul>\n\n\n\n<p>Algo similar ocurre con el actual territorio de la provincia de Misiones, que&nbsp;<strong>se configur\u00f3 en el tiempo a partir de definiciones de l\u00edmites territoriales<\/strong>&nbsp;con pa\u00edses y provincias vecinas, como as\u00ed tambi\u00e9n producto de las enajenaciones territoriales sufridas por el antiguo espacio de las Misiones Jesu\u00edtico-Guaran\u00edes.<\/p>\n\n\n\n<h3 class=\"wp-block-heading\">Un territorio que comenz\u00f3 con la cultura guaran\u00ed y batallas hist\u00f3ricas<\/h3>\n\n\n\n<p><strong>En el pasado provincial hay una serie de hitos de vital trascendencia<\/strong>. Entre ellos, se pueden enumerar a la&nbsp;<strong>batalla de Mboror\u00e9<\/strong>, el 11 de marzo de 1641, fecha en la que los guaran\u00edes y los jesuitas derrotaron a los Bandeirantes portugueses, para iniciar una&nbsp;<strong>etapa de casi 150 a\u00f1os de consolidaci\u00f3n de las Misiones Jesu\u00edticas<\/strong>.<\/p>\n\n\n\n<p>En el marco de la revoluci\u00f3n y la independencia,&nbsp;<strong>Manuel Belgrano pas\u00f3 por Misiones<\/strong>&nbsp;y dej\u00f3 escrito un \u201cReglamento para el R\u00e9gimen Pol\u00edtico y Administrativo y Reforma de los 30 Pueblos de las Misiones\u201d, el primer antecedente constitucional de Argentina. En el art\u00edculo 24\u00b0 se establec\u00eda la creaci\u00f3n de la Milicia Patri\u00f3tica de Misiones. Y en el art\u00edculo 26\u00b0 se especific\u00f3 que su uniforme ser\u00e1 el de los \u201cPatricios de Buenos Aires\u201d, sin m\u00e1s distinci\u00f3n que un escudo blanco en el brazo derecho, con esta cifra: \u201cM.P. de Misiones\u201d.<\/p>\n\n\n\n<figure class=\"wp-block-image\"><img decoding=\"async\" data-src=\"https:\/\/www.canal12misiones.com\/wp-content\/uploads\/2024\/06\/Milicia-patrotica.webp\" alt=\"D\u00eda Provincia Misiones\" class=\"wp-image-351861 lazyload\" src=\"data:image\/svg+xml;base64,PHN2ZyB3aWR0aD0iMSIgaGVpZ2h0PSIxIiB4bWxucz0iaHR0cDovL3d3dy53My5vcmcvMjAwMC9zdmciPjwvc3ZnPg==\" \/><\/figure>\n\n\n\n<p>A fines de&nbsp;<strong>2009<\/strong>, el cuerpo de Honor de la Polic\u00eda de Misiones adopt\u00f3 el nombre de&nbsp;<strong>Milicia Patri\u00f3tica de Misiones<\/strong>. Custodia la Casa de Gobierno en Posadas y utiliza el uniforme de Patricios.<\/p>\n\n\n\n<h3 class=\"wp-block-heading\">Andr\u00e9s Guacurar\u00ed y Artigas: pr\u00f3cer misionero y argentino<\/h3>\n\n\n\n<p>Por otra parte, en&nbsp;<strong>1815<\/strong>,&nbsp;<strong>Jos\u00e9 Artigas<\/strong>&nbsp;design\u00f3 a su hijo adoptivo&nbsp;<strong>Andr\u00e9s Guacurar\u00ed y Artigas<\/strong>. Fue un guaran\u00ed nacido en San Borja y es conocido como el Comandante General de Misiones. De esta forma, un guaran\u00ed pas\u00f3 a gobernar la provincia, un hecho in\u00e9dito en la historia nacional. De inmediato,&nbsp;<strong>Guacurar\u00ed retom\u00f3 el departamento de Concepci\u00f3n.<\/strong>&nbsp;En<strong>&nbsp;septiembre de 1815 venci\u00f3 a los paraguayos en Candelaria&nbsp;<\/strong>y recuper\u00f3 los cinco pueblos de la margen izquierda del Paran\u00e1. Poco despu\u00e9s, intent\u00f3 hacer lo propio con los siete pueblos orientales del Uruguay, pero&nbsp;<strong>fue vencido por las tropas lusas-brasile\u00f1as<\/strong>.&nbsp;<\/p>\n\n\n\n<p>Durante el primer semestre del a\u00f1o 1817,&nbsp;<strong>los guaran\u00edes de Misiones sufrieron el ataque constante de las tropas portuguesas<\/strong>, hasta que el 2 de julio los guaran\u00edes vencieron en la batalla de Ap\u00f3stoles.<\/p>\n\n\n\n<p>En junio de 1819, luego de una nueva campa\u00f1a sobre las Misiones Orientales,&nbsp;<strong>Andresito fue capturado por una partida enemiga y remitido prisionero a R\u00edo de Janeiro<\/strong>. All\u00ed se le pierde el rastro, por lo que&nbsp;<strong>se desconoce su destino final<\/strong>.<\/p>\n\n\n\n<h3 class=\"wp-block-heading\">D\u00eda Provincia Misiones, un reconocimiento nacional a Guacurar\u00ed<\/h3>\n\n\n\n<p>Mediante Ley VI \u2013 N\u00b0 155 del 2012, impulsada por el diputado&nbsp;<strong>Carlos Rovira<\/strong>, la C\u00e1mara de Representantes de Misiones&nbsp;<strong>nombr\u00f3 a Andr\u00e9s Guacurar\u00ed como \u201cPr\u00f3cer Provincial\u201d<\/strong>, reconocimiento que luego se extendi\u00f3 al plano nacional mediante su designaci\u00f3n como&nbsp;<strong>\u201cH\u00e9roe Nacional\u201d<\/strong>&nbsp;por parte del Congreso Nacional y su&nbsp;<strong>ascenso a General<\/strong>&nbsp;post mortem, decisi\u00f3n adoptada por la presidenta de la Naci\u00f3n Cristina Fern\u00e1ndez de Kirchner.<\/p>\n\n\n\n<figure class=\"wp-block-image\"><img decoding=\"async\" data-src=\"https:\/\/www.canal12misiones.com\/wp-content\/uploads\/2024\/06\/image-32.png\" alt=\"D\u00eda Provincia Misiones\" class=\"wp-image-351864 lazyload\" src=\"data:image\/svg+xml;base64,PHN2ZyB3aWR0aD0iMSIgaGVpZ2h0PSIxIiB4bWxucz0iaHR0cDovL3d3dy53My5vcmcvMjAwMC9zdmciPjwvc3ZnPg==\" \/><\/figure>\n\n\n\n<p>Durante la asunci\u00f3n del gobernador&nbsp;<strong>Hugo Passalacqua<\/strong>, en diciembre de 2015, se utiliz\u00f3 por primera vez como atributo del Poder Ejecutivo Provincial, la&nbsp;<strong>\u201clanza de Andresito\u201d<\/strong>, una pieza de orfebrer\u00eda realizada por el reconocido artista Carlos Pallarolls. La lanza&nbsp;<strong>simboliza el bast\u00f3n de mando del cacique convertido en pr\u00f3cer, como s\u00edmbolo de la defensa de los intereses misioneros<\/strong>. En la ocasi\u00f3n, Passalacqua recibi\u00f3 el atributo de un grupo de caciques guaran\u00edes.<\/p>\n\n\n\n<p><strong>A fines del siglo XIX, la provincia recuper\u00f3 parte de su autonom\u00eda perdida<\/strong>, cuando el 22 de diciembre de 1881, se cre\u00f3 el Territorio Nacional de Misiones. Este proceso se complet\u00f3 el 10 de diciembre de 1953 cuando se conform\u00f3 la provincia de Misiones, con lo que este territorio recuper\u00f3 su car\u00e1cter institucional y su soberan\u00eda plena.<\/p>\n\n\n\n<p>Fuente: Canal 12 Misiones<\/p>\n\n\n\n<p><\/p>\n","protected":false},"excerpt":{"rendered":"<p>En conmemoraci\u00f3n al&nbsp;primer Gobierno democr\u00e1tico de la Provincia, el 27 de junio de 2002 se sancion\u00f3 la Ley VI \u2013 N\u00ba 93. Instituye que cada 4 de junio se recuerde esta fecha como&nbsp;D\u00eda de la Provincia de Misiones. La actual sociedad misionera es el fruto de un largo y enriquecedor proceso de construcci\u00f3n socio-cultural que&nbsp;dio [&hellip;]<\/p>\n","protected":false},"author":2,"featured_media":44569,"comment_status":"open","ping_status":"open","sticky":false,"template":"","format":"standard","meta":{"footnotes":""},"categories":[455],"tags":[554,2759],"class_list":["post-44567","post","type-post","status-publish","format-standard","has-post-thumbnail","hentry","category-misiones","tag-dia","tag-provincia-de-misiones"],"yoast_head":"<!-- This site is optimized with the Yoast SEO plugin v27.4 - https:\/\/yoast.com\/product\/yoast-seo-wordpress\/ -->\n<title>D\u00eda de la Provincia de Misiones: por qu\u00e9 se celebra hoy | CVI NOTICIAS<\/title>\n<meta name=\"description\" content=\"Este 4 de junio se conmemora el D\u00eda de la Provincia de Misiones en honor a su primer Gobierno democr\u00e1tico.\" \/>\n<meta name=\"robots\" content=\"index, follow, max-snippet:-1, max-image-preview:large, max-video-preview:-1\" \/>\n<link rel=\"canonical\" href=\"https:\/\/cvinoticias.com\/v3\/este-miercoles-4-de-junio-se-celebra-el-dia-de-la-provincia-de-misiones\/\" \/>\n<meta property=\"og:locale\" content=\"es_ES\" \/>\n<meta property=\"og:type\" content=\"article\" \/>\n<meta property=\"og:title\" content=\"D\u00eda de la Provincia de Misiones: por qu\u00e9 se celebra hoy | CVI NOTICIAS\" \/>\n<meta property=\"og:description\" content=\"Este 4 de junio se conmemora el D\u00eda de la Provincia de Misiones en honor a su primer Gobierno democr\u00e1tico.\" \/>\n<meta property=\"og:url\" content=\"https:\/\/cvinoticias.com\/v3\/este-miercoles-4-de-junio-se-celebra-el-dia-de-la-provincia-de-misiones\/\" \/>\n<meta property=\"og:site_name\" content=\"CVI NOTICIAS\" \/>\n<meta property=\"article:publisher\" content=\"https:\/\/www.facebook.com\/cvinoticias\" \/>\n<meta property=\"article:published_time\" content=\"2025-06-04T12:02:09+00:00\" \/>\n<meta property=\"article:modified_time\" content=\"2025-06-04T12:02:10+00:00\" \/>\n<meta property=\"og:image\" content=\"https:\/\/cvinoticias.com\/wp-content\/uploads\/2025\/06\/Untitled.webp\" \/>\n\t<meta property=\"og:image:width\" content=\"1080\" \/>\n\t<meta property=\"og:image:height\" content=\"1080\" \/>\n\t<meta property=\"og:image:type\" content=\"image\/webp\" \/>\n<meta name=\"author\" content=\"f1000024\" \/>\n<meta name=\"twitter:card\" content=\"summary_large_image\" \/>\n<meta name=\"twitter:label1\" content=\"Escrito por\" \/>\n\t<meta name=\"twitter:data1\" content=\"f1000024\" \/>\n\t<meta name=\"twitter:label2\" content=\"Tiempo de lectura\" \/>\n\t<meta name=\"twitter:data2\" content=\"5 minutos\" \/>\n<script type=\"application\/ld+json\" class=\"yoast-schema-graph\">{\"@context\":\"https:\\\/\\\/schema.org\",\"@graph\":[{\"@type\":\"Article\",\"@id\":\"https:\\\/\\\/cvinoticias.com\\\/v3\\\/este-miercoles-4-de-junio-se-celebra-el-dia-de-la-provincia-de-misiones\\\/#article\",\"isPartOf\":{\"@id\":\"https:\\\/\\\/cvinoticias.com\\\/v3\\\/este-miercoles-4-de-junio-se-celebra-el-dia-de-la-provincia-de-misiones\\\/\"},\"author\":{\"name\":\"f1000024\",\"@id\":\"https:\\\/\\\/cvinoticias.com\\\/v3\\\/#\\\/schema\\\/person\\\/2db77e3c6bc03c538495d7b2b8be9b66\"},\"headline\":\"Este mi\u00e9rcoles 4 de junio se celebra el D\u00eda de la Provincia de Misiones\",\"datePublished\":\"2025-06-04T12:02:09+00:00\",\"dateModified\":\"2025-06-04T12:02:10+00:00\",\"mainEntityOfPage\":{\"@id\":\"https:\\\/\\\/cvinoticias.com\\\/v3\\\/este-miercoles-4-de-junio-se-celebra-el-dia-de-la-provincia-de-misiones\\\/\"},\"wordCount\":840,\"commentCount\":0,\"publisher\":{\"@id\":\"https:\\\/\\\/cvinoticias.com\\\/v3\\\/#organization\"},\"image\":{\"@id\":\"https:\\\/\\\/cvinoticias.com\\\/v3\\\/este-miercoles-4-de-junio-se-celebra-el-dia-de-la-provincia-de-misiones\\\/#primaryimage\"},\"thumbnailUrl\":\"https:\\\/\\\/cvinoticias.com\\\/wp-content\\\/uploads\\\/2025\\\/06\\\/Untitled.webp\",\"keywords\":[\"D\u00eda\",\"Provincia de Misiones\"],\"articleSection\":[\"Misiones\"],\"inLanguage\":\"es\",\"potentialAction\":[{\"@type\":\"CommentAction\",\"name\":\"Comment\",\"target\":[\"https:\\\/\\\/cvinoticias.com\\\/v3\\\/este-miercoles-4-de-junio-se-celebra-el-dia-de-la-provincia-de-misiones\\\/#respond\"]}]},{\"@type\":\"WebPage\",\"@id\":\"https:\\\/\\\/cvinoticias.com\\\/v3\\\/este-miercoles-4-de-junio-se-celebra-el-dia-de-la-provincia-de-misiones\\\/\",\"url\":\"https:\\\/\\\/cvinoticias.com\\\/v3\\\/este-miercoles-4-de-junio-se-celebra-el-dia-de-la-provincia-de-misiones\\\/\",\"name\":\"D\u00eda de la Provincia de Misiones: por qu\u00e9 se celebra hoy | CVI NOTICIAS\",\"isPartOf\":{\"@id\":\"https:\\\/\\\/cvinoticias.com\\\/v3\\\/#website\"},\"primaryImageOfPage\":{\"@id\":\"https:\\\/\\\/cvinoticias.com\\\/v3\\\/este-miercoles-4-de-junio-se-celebra-el-dia-de-la-provincia-de-misiones\\\/#primaryimage\"},\"image\":{\"@id\":\"https:\\\/\\\/cvinoticias.com\\\/v3\\\/este-miercoles-4-de-junio-se-celebra-el-dia-de-la-provincia-de-misiones\\\/#primaryimage\"},\"thumbnailUrl\":\"https:\\\/\\\/cvinoticias.com\\\/wp-content\\\/uploads\\\/2025\\\/06\\\/Untitled.webp\",\"datePublished\":\"2025-06-04T12:02:09+00:00\",\"dateModified\":\"2025-06-04T12:02:10+00:00\",\"description\":\"Este 4 de junio se conmemora el D\u00eda de la Provincia de Misiones en honor a su primer Gobierno democr\u00e1tico.\",\"breadcrumb\":{\"@id\":\"https:\\\/\\\/cvinoticias.com\\\/v3\\\/este-miercoles-4-de-junio-se-celebra-el-dia-de-la-provincia-de-misiones\\\/#breadcrumb\"},\"inLanguage\":\"es\",\"potentialAction\":[{\"@type\":\"ReadAction\",\"target\":[\"https:\\\/\\\/cvinoticias.com\\\/v3\\\/este-miercoles-4-de-junio-se-celebra-el-dia-de-la-provincia-de-misiones\\\/\"]}]},{\"@type\":\"ImageObject\",\"inLanguage\":\"es\",\"@id\":\"https:\\\/\\\/cvinoticias.com\\\/v3\\\/este-miercoles-4-de-junio-se-celebra-el-dia-de-la-provincia-de-misiones\\\/#primaryimage\",\"url\":\"https:\\\/\\\/cvinoticias.com\\\/wp-content\\\/uploads\\\/2025\\\/06\\\/Untitled.webp\",\"contentUrl\":\"https:\\\/\\\/cvinoticias.com\\\/wp-content\\\/uploads\\\/2025\\\/06\\\/Untitled.webp\",\"width\":1080,\"height\":1080},{\"@type\":\"BreadcrumbList\",\"@id\":\"https:\\\/\\\/cvinoticias.com\\\/v3\\\/este-miercoles-4-de-junio-se-celebra-el-dia-de-la-provincia-de-misiones\\\/#breadcrumb\",\"itemListElement\":[{\"@type\":\"ListItem\",\"position\":1,\"name\":\"Portada\",\"item\":\"https:\\\/\\\/cvinoticias.com\\\/v3\\\/\"},{\"@type\":\"ListItem\",\"position\":2,\"name\":\"Este mi\u00e9rcoles 4 de junio se celebra el D\u00eda de la Provincia de Misiones\"}]},{\"@type\":\"WebSite\",\"@id\":\"https:\\\/\\\/cvinoticias.com\\\/v3\\\/#website\",\"url\":\"https:\\\/\\\/cvinoticias.com\\\/v3\\\/\",\"name\":\"CVI NOTICIAS\",\"description\":\"\",\"publisher\":{\"@id\":\"https:\\\/\\\/cvinoticias.com\\\/v3\\\/#organization\"},\"alternateName\":\"CVI\",\"potentialAction\":[{\"@type\":\"SearchAction\",\"target\":{\"@type\":\"EntryPoint\",\"urlTemplate\":\"https:\\\/\\\/cvinoticias.com\\\/v3\\\/?s={search_term_string}\"},\"query-input\":{\"@type\":\"PropertyValueSpecification\",\"valueRequired\":true,\"valueName\":\"search_term_string\"}}],\"inLanguage\":\"es\"},{\"@type\":\"Organization\",\"@id\":\"https:\\\/\\\/cvinoticias.com\\\/v3\\\/#organization\",\"name\":\"CVI NOTICIAS\",\"url\":\"https:\\\/\\\/cvinoticias.com\\\/v3\\\/\",\"logo\":{\"@type\":\"ImageObject\",\"inLanguage\":\"es\",\"@id\":\"https:\\\/\\\/cvinoticias.com\\\/v3\\\/#\\\/schema\\\/logo\\\/image\\\/\",\"url\":\"https:\\\/\\\/cvinoticias.com\\\/wp-content\\\/uploads\\\/2023\\\/04\\\/cropped-cropped-cropped-cropped-cropped-3-1.png\",\"contentUrl\":\"https:\\\/\\\/cvinoticias.com\\\/wp-content\\\/uploads\\\/2023\\\/04\\\/cropped-cropped-cropped-cropped-cropped-3-1.png\",\"width\":95,\"height\":122,\"caption\":\"CVI NOTICIAS\"},\"image\":{\"@id\":\"https:\\\/\\\/cvinoticias.com\\\/v3\\\/#\\\/schema\\\/logo\\\/image\\\/\"},\"sameAs\":[\"https:\\\/\\\/www.facebook.com\\\/cvinoticias\",\"https:\\\/\\\/www.instagram.com\\\/cvinoticias\\\/\",\"https:\\\/\\\/www.youtube.com\\\/@CVINOTICIAS\"]},{\"@type\":\"Person\",\"@id\":\"https:\\\/\\\/cvinoticias.com\\\/v3\\\/#\\\/schema\\\/person\\\/2db77e3c6bc03c538495d7b2b8be9b66\",\"name\":\"f1000024\",\"image\":{\"@type\":\"ImageObject\",\"inLanguage\":\"es\",\"@id\":\"https:\\\/\\\/secure.gravatar.com\\\/avatar\\\/d4fe7459cfc51ff5129ce1a732bbef5928568b8092d412ef95611616376bbeed?s=96&d=mm&r=g\",\"url\":\"https:\\\/\\\/secure.gravatar.com\\\/avatar\\\/d4fe7459cfc51ff5129ce1a732bbef5928568b8092d412ef95611616376bbeed?s=96&d=mm&r=g\",\"contentUrl\":\"https:\\\/\\\/secure.gravatar.com\\\/avatar\\\/d4fe7459cfc51ff5129ce1a732bbef5928568b8092d412ef95611616376bbeed?s=96&d=mm&r=g\",\"caption\":\"f1000024\"},\"url\":\"https:\\\/\\\/cvinoticias.com\\\/v3\\\/author\\\/f1000024\\\/\"}]}<\/script>\n<!-- \/ Yoast SEO plugin. -->","yoast_head_json":{"title":"D\u00eda de la Provincia de Misiones: por qu\u00e9 se celebra hoy | CVI NOTICIAS","description":"Este 4 de junio se conmemora el D\u00eda de la Provincia de Misiones en honor a su primer Gobierno democr\u00e1tico.","robots":{"index":"index","follow":"follow","max-snippet":"max-snippet:-1","max-image-preview":"max-image-preview:large","max-video-preview":"max-video-preview:-1"},"canonical":"https:\/\/cvinoticias.com\/v3\/este-miercoles-4-de-junio-se-celebra-el-dia-de-la-provincia-de-misiones\/","og_locale":"es_ES","og_type":"article","og_title":"D\u00eda de la Provincia de Misiones: por qu\u00e9 se celebra hoy | CVI NOTICIAS","og_description":"Este 4 de junio se conmemora el D\u00eda de la Provincia de Misiones en honor a su primer Gobierno democr\u00e1tico.","og_url":"https:\/\/cvinoticias.com\/v3\/este-miercoles-4-de-junio-se-celebra-el-dia-de-la-provincia-de-misiones\/","og_site_name":"CVI NOTICIAS","article_publisher":"https:\/\/www.facebook.com\/cvinoticias","article_published_time":"2025-06-04T12:02:09+00:00","article_modified_time":"2025-06-04T12:02:10+00:00","og_image":[{"width":1080,"height":1080,"url":"https:\/\/cvinoticias.com\/wp-content\/uploads\/2025\/06\/Untitled.webp","type":"image\/webp"}],"author":"f1000024","twitter_card":"summary_large_image","twitter_misc":{"Escrito por":"f1000024","Tiempo de lectura":"5 minutos"},"schema":{"@context":"https:\/\/schema.org","@graph":[{"@type":"Article","@id":"https:\/\/cvinoticias.com\/v3\/este-miercoles-4-de-junio-se-celebra-el-dia-de-la-provincia-de-misiones\/#article","isPartOf":{"@id":"https:\/\/cvinoticias.com\/v3\/este-miercoles-4-de-junio-se-celebra-el-dia-de-la-provincia-de-misiones\/"},"author":{"name":"f1000024","@id":"https:\/\/cvinoticias.com\/v3\/#\/schema\/person\/2db77e3c6bc03c538495d7b2b8be9b66"},"headline":"Este mi\u00e9rcoles 4 de junio se celebra el D\u00eda de la Provincia de Misiones","datePublished":"2025-06-04T12:02:09+00:00","dateModified":"2025-06-04T12:02:10+00:00","mainEntityOfPage":{"@id":"https:\/\/cvinoticias.com\/v3\/este-miercoles-4-de-junio-se-celebra-el-dia-de-la-provincia-de-misiones\/"},"wordCount":840,"commentCount":0,"publisher":{"@id":"https:\/\/cvinoticias.com\/v3\/#organization"},"image":{"@id":"https:\/\/cvinoticias.com\/v3\/este-miercoles-4-de-junio-se-celebra-el-dia-de-la-provincia-de-misiones\/#primaryimage"},"thumbnailUrl":"https:\/\/cvinoticias.com\/wp-content\/uploads\/2025\/06\/Untitled.webp","keywords":["D\u00eda","Provincia de Misiones"],"articleSection":["Misiones"],"inLanguage":"es","potentialAction":[{"@type":"CommentAction","name":"Comment","target":["https:\/\/cvinoticias.com\/v3\/este-miercoles-4-de-junio-se-celebra-el-dia-de-la-provincia-de-misiones\/#respond"]}]},{"@type":"WebPage","@id":"https:\/\/cvinoticias.com\/v3\/este-miercoles-4-de-junio-se-celebra-el-dia-de-la-provincia-de-misiones\/","url":"https:\/\/cvinoticias.com\/v3\/este-miercoles-4-de-junio-se-celebra-el-dia-de-la-provincia-de-misiones\/","name":"D\u00eda de la Provincia de Misiones: por qu\u00e9 se celebra hoy | CVI NOTICIAS","isPartOf":{"@id":"https:\/\/cvinoticias.com\/v3\/#website"},"primaryImageOfPage":{"@id":"https:\/\/cvinoticias.com\/v3\/este-miercoles-4-de-junio-se-celebra-el-dia-de-la-provincia-de-misiones\/#primaryimage"},"image":{"@id":"https:\/\/cvinoticias.com\/v3\/este-miercoles-4-de-junio-se-celebra-el-dia-de-la-provincia-de-misiones\/#primaryimage"},"thumbnailUrl":"https:\/\/cvinoticias.com\/wp-content\/uploads\/2025\/06\/Untitled.webp","datePublished":"2025-06-04T12:02:09+00:00","dateModified":"2025-06-04T12:02:10+00:00","description":"Este 4 de junio se conmemora el D\u00eda de la Provincia de Misiones en honor a su primer Gobierno democr\u00e1tico.","breadcrumb":{"@id":"https:\/\/cvinoticias.com\/v3\/este-miercoles-4-de-junio-se-celebra-el-dia-de-la-provincia-de-misiones\/#breadcrumb"},"inLanguage":"es","potentialAction":[{"@type":"ReadAction","target":["https:\/\/cvinoticias.com\/v3\/este-miercoles-4-de-junio-se-celebra-el-dia-de-la-provincia-de-misiones\/"]}]},{"@type":"ImageObject","inLanguage":"es","@id":"https:\/\/cvinoticias.com\/v3\/este-miercoles-4-de-junio-se-celebra-el-dia-de-la-provincia-de-misiones\/#primaryimage","url":"https:\/\/cvinoticias.com\/wp-content\/uploads\/2025\/06\/Untitled.webp","contentUrl":"https:\/\/cvinoticias.com\/wp-content\/uploads\/2025\/06\/Untitled.webp","width":1080,"height":1080},{"@type":"BreadcrumbList","@id":"https:\/\/cvinoticias.com\/v3\/este-miercoles-4-de-junio-se-celebra-el-dia-de-la-provincia-de-misiones\/#breadcrumb","itemListElement":[{"@type":"ListItem","position":1,"name":"Portada","item":"https:\/\/cvinoticias.com\/v3\/"},{"@type":"ListItem","position":2,"name":"Este mi\u00e9rcoles 4 de junio se celebra el D\u00eda de la Provincia de Misiones"}]},{"@type":"WebSite","@id":"https:\/\/cvinoticias.com\/v3\/#website","url":"https:\/\/cvinoticias.com\/v3\/","name":"CVI NOTICIAS","description":"","publisher":{"@id":"https:\/\/cvinoticias.com\/v3\/#organization"},"alternateName":"CVI","potentialAction":[{"@type":"SearchAction","target":{"@type":"EntryPoint","urlTemplate":"https:\/\/cvinoticias.com\/v3\/?s={search_term_string}"},"query-input":{"@type":"PropertyValueSpecification","valueRequired":true,"valueName":"search_term_string"}}],"inLanguage":"es"},{"@type":"Organization","@id":"https:\/\/cvinoticias.com\/v3\/#organization","name":"CVI NOTICIAS","url":"https:\/\/cvinoticias.com\/v3\/","logo":{"@type":"ImageObject","inLanguage":"es","@id":"https:\/\/cvinoticias.com\/v3\/#\/schema\/logo\/image\/","url":"https:\/\/cvinoticias.com\/wp-content\/uploads\/2023\/04\/cropped-cropped-cropped-cropped-cropped-3-1.png","contentUrl":"https:\/\/cvinoticias.com\/wp-content\/uploads\/2023\/04\/cropped-cropped-cropped-cropped-cropped-3-1.png","width":95,"height":122,"caption":"CVI NOTICIAS"},"image":{"@id":"https:\/\/cvinoticias.com\/v3\/#\/schema\/logo\/image\/"},"sameAs":["https:\/\/www.facebook.com\/cvinoticias","https:\/\/www.instagram.com\/cvinoticias\/","https:\/\/www.youtube.com\/@CVINOTICIAS"]},{"@type":"Person","@id":"https:\/\/cvinoticias.com\/v3\/#\/schema\/person\/2db77e3c6bc03c538495d7b2b8be9b66","name":"f1000024","image":{"@type":"ImageObject","inLanguage":"es","@id":"https:\/\/secure.gravatar.com\/avatar\/d4fe7459cfc51ff5129ce1a732bbef5928568b8092d412ef95611616376bbeed?s=96&d=mm&r=g","url":"https:\/\/secure.gravatar.com\/avatar\/d4fe7459cfc51ff5129ce1a732bbef5928568b8092d412ef95611616376bbeed?s=96&d=mm&r=g","contentUrl":"https:\/\/secure.gravatar.com\/avatar\/d4fe7459cfc51ff5129ce1a732bbef5928568b8092d412ef95611616376bbeed?s=96&d=mm&r=g","caption":"f1000024"},"url":"https:\/\/cvinoticias.com\/v3\/author\/f1000024\/"}]}},"_links":{"self":[{"href":"https:\/\/cvinoticias.com\/v3\/wp-json\/wp\/v2\/posts\/44567","targetHints":{"allow":["GET"]}}],"collection":[{"href":"https:\/\/cvinoticias.com\/v3\/wp-json\/wp\/v2\/posts"}],"about":[{"href":"https:\/\/cvinoticias.com\/v3\/wp-json\/wp\/v2\/types\/post"}],"author":[{"embeddable":true,"href":"https:\/\/cvinoticias.com\/v3\/wp-json\/wp\/v2\/users\/2"}],"replies":[{"embeddable":true,"href":"https:\/\/cvinoticias.com\/v3\/wp-json\/wp\/v2\/comments?post=44567"}],"version-history":[{"count":1,"href":"https:\/\/cvinoticias.com\/v3\/wp-json\/wp\/v2\/posts\/44567\/revisions"}],"predecessor-version":[{"id":44570,"href":"https:\/\/cvinoticias.com\/v3\/wp-json\/wp\/v2\/posts\/44567\/revisions\/44570"}],"wp:featuredmedia":[{"embeddable":true,"href":"https:\/\/cvinoticias.com\/v3\/wp-json\/wp\/v2\/media\/44569"}],"wp:attachment":[{"href":"https:\/\/cvinoticias.com\/v3\/wp-json\/wp\/v2\/media?parent=44567"}],"wp:term":[{"taxonomy":"category","embeddable":true,"href":"https:\/\/cvinoticias.com\/v3\/wp-json\/wp\/v2\/categories?post=44567"},{"taxonomy":"post_tag","embeddable":true,"href":"https:\/\/cvinoticias.com\/v3\/wp-json\/wp\/v2\/tags?post=44567"}],"curies":[{"name":"wp","href":"https:\/\/api.w.org\/{rel}","templated":true}]}}