{"id":44017,"date":"2025-05-25T11:24:42","date_gmt":"2025-05-25T14:24:42","guid":{"rendered":"https:\/\/cvinoticias.com\/v3\/?p=44017"},"modified":"2025-05-25T11:25:56","modified_gmt":"2025-05-25T14:25:56","slug":"operativos-de-control-en-el-parque-urugua-i-guardaparques-y-efectivos-realizaron-tres-jornadas-de-patrullajes-y-vigilancia-contra-los-delitos-ambientales","status":"publish","type":"post","link":"https:\/\/cvinoticias.com\/v3\/operativos-de-control-en-el-parque-urugua-i-guardaparques-y-efectivos-realizaron-tres-jornadas-de-patrullajes-y-vigilancia-contra-los-delitos-ambientales\/","title":{"rendered":"Operativos de control en el Parque Urugua-\u00ed: guardaparques y efectivos realizaron tres jornadas de patrullajes y vigilancia contra los delitos ambientales"},"content":{"rendered":"\n<p>Durante tres d\u00edas, guardaparques de los Parques Provinciales Urugua-\u00ed y Foerster, efectivos de la Unidad de Direcci\u00f3n de Defensa del Medio Ambiente de la Polic\u00eda de Misiones y guardafaunas voluntarios llevaron a cabo intensas tareas de control y vigilancia en distintas zonas del Parque Urugua-\u00ed. El operativo tuvo como objetivo prevenir y detectar actividades il\u00edcitas que representen un riesgo para el ambiente y la biodiversidad del \u00e1rea protegida.<\/p>\n\n\n\n<p>El viernes 17 de mayo se dio inicio al recorrido por la zona de Paraje Deseado, ex ruta vieja. All\u00ed se inspeccion\u00f3 una senda utilizada por cazadores hacia el interior del parque, donde no se registr\u00f3 actividades irregulares.<\/p>\n\n\n\n<p>Durante la jornada del s\u00e1bado 18 se patrull\u00f3 la zona de la Ruta Provincial N\u00ba 2, donde se realizaron entrevistas con vecinos y se detectaron senderos clandestinos que llegan hasta el arroyo San Antonio, en el l\u00edmite con Brasil. Estos caminos son utilizados para la caza furtiva y el contrabando. El recorrido culmin\u00f3 en la zona conocida como Integraci\u00f3n.<\/p>\n\n\n\n<p>Simult\u00e1neamente, otro grupo ingres\u00f3 al \u00e1rea natural protegida por un sendero en el Paraje Mar\u00eda Soledad, recorriendo aproximadamente 15 kil\u00f3metros. En el trayecto se identificaron varios sobrados y se desmantel\u00f3 un campamento precario de cazadores.<\/p>\n\n\n\n<p>Finalmente, el domingo 19 las tareas se concentraron en la zona del arroyo Urugua-\u00ed, remanso Yacar\u00e9 y barra del arroyo Falso. Se realizaron caminatas a lo largo de unos 3 kil\u00f3metros sobre el per\u00edmetro del lago, con identificaci\u00f3n de personas y entrevistas a los lugare\u00f1os.<\/p>\n\n\n\n<p>Estos operativos conjuntos forman parte del compromiso constante de las autoridades ambientales y fuerzas de seguridad en la protecci\u00f3n de las \u00e1reas naturales de la provincia, reforzando la presencia territorial frente a amenazas como la caza furtiva y otros delitos ambientales.<\/p>\n\n\n\n<figure class=\"wp-block-gallery has-nested-images columns-default is-cropped wp-block-gallery-1 is-layout-flex wp-block-gallery-is-layout-flex\">\n<figure class=\"wp-block-image size-large\"><a href=\"https:\/\/cvinoticias.com\/wp-content\/uploads\/2025\/05\/5-1.png\"><img decoding=\"async\" width=\"637\" height=\"406\" data-id=\"44022\" data-src=\"https:\/\/cvinoticias.com\/wp-content\/uploads\/2025\/05\/5-1.png\" alt=\"\" class=\"wp-image-44022 lazyload\" data-srcset=\"https:\/\/cvinoticias.com\/wp-content\/uploads\/2025\/05\/5-1.png 637w, https:\/\/cvinoticias.com\/wp-content\/uploads\/2025\/05\/5-1-300x191.png 300w\" data-sizes=\"(max-width: 637px) 100vw, 637px\" src=\"data:image\/svg+xml;base64,PHN2ZyB3aWR0aD0iMSIgaGVpZ2h0PSIxIiB4bWxucz0iaHR0cDovL3d3dy53My5vcmcvMjAwMC9zdmciPjwvc3ZnPg==\" style=\"--smush-placeholder-width: 637px; --smush-placeholder-aspect-ratio: 637\/406;\" \/><\/a><\/figure>\n\n\n\n<figure class=\"wp-block-image size-large\"><a href=\"https:\/\/cvinoticias.com\/wp-content\/uploads\/2025\/05\/4-1.png\"><img decoding=\"async\" width=\"361\" height=\"390\" data-id=\"44021\" data-src=\"https:\/\/cvinoticias.com\/wp-content\/uploads\/2025\/05\/4-1.png\" alt=\"\" class=\"wp-image-44021 lazyload\" data-srcset=\"https:\/\/cvinoticias.com\/wp-content\/uploads\/2025\/05\/4-1.png 361w, https:\/\/cvinoticias.com\/wp-content\/uploads\/2025\/05\/4-1-278x300.png 278w\" data-sizes=\"(max-width: 361px) 100vw, 361px\" src=\"data:image\/svg+xml;base64,PHN2ZyB3aWR0aD0iMSIgaGVpZ2h0PSIxIiB4bWxucz0iaHR0cDovL3d3dy53My5vcmcvMjAwMC9zdmciPjwvc3ZnPg==\" style=\"--smush-placeholder-width: 361px; --smush-placeholder-aspect-ratio: 361\/390;\" \/><\/a><\/figure>\n\n\n\n<figure class=\"wp-block-image size-large\"><a href=\"https:\/\/cvinoticias.com\/wp-content\/uploads\/2025\/05\/3-1.png\"><img decoding=\"async\" width=\"262\" height=\"334\" data-id=\"44020\" data-src=\"https:\/\/cvinoticias.com\/wp-content\/uploads\/2025\/05\/3-1.png\" alt=\"\" class=\"wp-image-44020 lazyload\" data-srcset=\"https:\/\/cvinoticias.com\/wp-content\/uploads\/2025\/05\/3-1.png 262w, https:\/\/cvinoticias.com\/wp-content\/uploads\/2025\/05\/3-1-235x300.png 235w\" data-sizes=\"(max-width: 262px) 100vw, 262px\" src=\"data:image\/svg+xml;base64,PHN2ZyB3aWR0aD0iMSIgaGVpZ2h0PSIxIiB4bWxucz0iaHR0cDovL3d3dy53My5vcmcvMjAwMC9zdmciPjwvc3ZnPg==\" style=\"--smush-placeholder-width: 262px; --smush-placeholder-aspect-ratio: 262\/334;\" \/><\/a><\/figure>\n<\/figure>\n\n\n\n<p><\/p>\n","protected":false},"excerpt":{"rendered":"<p>Durante tres d\u00edas, guardaparques de los Parques Provinciales Urugua-\u00ed y Foerster, efectivos de la Unidad de Direcci\u00f3n de Defensa del Medio Ambiente de la Polic\u00eda de Misiones y guardafaunas voluntarios llevaron a cabo intensas tareas de control y vigilancia en distintas zonas del Parque Urugua-\u00ed. El operativo tuvo como objetivo prevenir y detectar actividades il\u00edcitas [&hellip;]<\/p>\n","protected":false},"author":2,"featured_media":44019,"comment_status":"open","ping_status":"open","sticky":false,"template":"","format":"standard","meta":{"footnotes":""},"categories":[455],"tags":[522,196,1809,895,472],"class_list":["post-44017","post","type-post","status-publish","format-standard","has-post-thumbnail","hentry","category-misiones","tag-control","tag-guardaparques","tag-operativos","tag-parque","tag-urugua-i"],"yoast_head":"<!-- This site is optimized with the Yoast SEO plugin v27.4 - https:\/\/yoast.com\/product\/yoast-seo-wordpress\/ -->\n<title>Operativos en Parque Urugua-\u00ed contra delitos ambientales | CVI NOTICIAS<\/title>\n<meta name=\"description\" content=\"Guardaparques y polic\u00edas patrullaron tres d\u00edas el Parque Urugua-\u00ed para prevenir delitos ambientales y caza furtiva.\" \/>\n<meta name=\"robots\" content=\"index, follow, max-snippet:-1, max-image-preview:large, max-video-preview:-1\" \/>\n<link rel=\"canonical\" href=\"https:\/\/cvinoticias.com\/v3\/operativos-de-control-en-el-parque-urugua-i-guardaparques-y-efectivos-realizaron-tres-jornadas-de-patrullajes-y-vigilancia-contra-los-delitos-ambientales\/\" \/>\n<meta property=\"og:locale\" content=\"es_ES\" \/>\n<meta property=\"og:type\" content=\"article\" \/>\n<meta property=\"og:title\" content=\"Operativos en Parque Urugua-\u00ed contra delitos ambientales | CVI NOTICIAS\" \/>\n<meta property=\"og:description\" content=\"Guardaparques y polic\u00edas patrullaron tres d\u00edas el Parque Urugua-\u00ed para prevenir delitos ambientales y caza furtiva.\" \/>\n<meta property=\"og:url\" content=\"https:\/\/cvinoticias.com\/v3\/operativos-de-control-en-el-parque-urugua-i-guardaparques-y-efectivos-realizaron-tres-jornadas-de-patrullajes-y-vigilancia-contra-los-delitos-ambientales\/\" \/>\n<meta property=\"og:site_name\" content=\"CVI NOTICIAS\" \/>\n<meta property=\"article:publisher\" content=\"https:\/\/www.facebook.com\/cvinoticias\" \/>\n<meta property=\"article:published_time\" content=\"2025-05-25T14:24:42+00:00\" \/>\n<meta property=\"article:modified_time\" content=\"2025-05-25T14:25:56+00:00\" \/>\n<meta property=\"og:image\" content=\"https:\/\/cvinoticias.com\/wp-content\/uploads\/2025\/05\/operativo.png\" \/>\n\t<meta property=\"og:image:width\" content=\"645\" \/>\n\t<meta property=\"og:image:height\" content=\"451\" \/>\n\t<meta property=\"og:image:type\" content=\"image\/png\" \/>\n<meta name=\"author\" content=\"f1000024\" \/>\n<meta name=\"twitter:card\" content=\"summary_large_image\" \/>\n<meta name=\"twitter:label1\" content=\"Escrito por\" \/>\n\t<meta name=\"twitter:data1\" content=\"f1000024\" \/>\n\t<meta name=\"twitter:label2\" content=\"Tiempo de lectura\" \/>\n\t<meta name=\"twitter:data2\" content=\"3 minutos\" \/>\n<script type=\"application\/ld+json\" class=\"yoast-schema-graph\">{\"@context\":\"https:\\\/\\\/schema.org\",\"@graph\":[{\"@type\":\"Article\",\"@id\":\"https:\\\/\\\/cvinoticias.com\\\/v3\\\/operativos-de-control-en-el-parque-urugua-i-guardaparques-y-efectivos-realizaron-tres-jornadas-de-patrullajes-y-vigilancia-contra-los-delitos-ambientales\\\/#article\",\"isPartOf\":{\"@id\":\"https:\\\/\\\/cvinoticias.com\\\/v3\\\/operativos-de-control-en-el-parque-urugua-i-guardaparques-y-efectivos-realizaron-tres-jornadas-de-patrullajes-y-vigilancia-contra-los-delitos-ambientales\\\/\"},\"author\":{\"name\":\"f1000024\",\"@id\":\"https:\\\/\\\/cvinoticias.com\\\/v3\\\/#\\\/schema\\\/person\\\/2db77e3c6bc03c538495d7b2b8be9b66\"},\"headline\":\"Operativos de control en el Parque Urugua-\u00ed: guardaparques y efectivos realizaron tres jornadas de patrullajes y vigilancia contra los delitos ambientales\",\"datePublished\":\"2025-05-25T14:24:42+00:00\",\"dateModified\":\"2025-05-25T14:25:56+00:00\",\"mainEntityOfPage\":{\"@id\":\"https:\\\/\\\/cvinoticias.com\\\/v3\\\/operativos-de-control-en-el-parque-urugua-i-guardaparques-y-efectivos-realizaron-tres-jornadas-de-patrullajes-y-vigilancia-contra-los-delitos-ambientales\\\/\"},\"wordCount\":316,\"commentCount\":0,\"publisher\":{\"@id\":\"https:\\\/\\\/cvinoticias.com\\\/v3\\\/#organization\"},\"image\":{\"@id\":\"https:\\\/\\\/cvinoticias.com\\\/v3\\\/operativos-de-control-en-el-parque-urugua-i-guardaparques-y-efectivos-realizaron-tres-jornadas-de-patrullajes-y-vigilancia-contra-los-delitos-ambientales\\\/#primaryimage\"},\"thumbnailUrl\":\"https:\\\/\\\/cvinoticias.com\\\/wp-content\\\/uploads\\\/2025\\\/05\\\/operativo.png\",\"keywords\":[\"Control\",\"guardaparques\",\"Operativos\",\"Parque\",\"Urugua-\u00ed\"],\"articleSection\":[\"Misiones\"],\"inLanguage\":\"es\",\"potentialAction\":[{\"@type\":\"CommentAction\",\"name\":\"Comment\",\"target\":[\"https:\\\/\\\/cvinoticias.com\\\/v3\\\/operativos-de-control-en-el-parque-urugua-i-guardaparques-y-efectivos-realizaron-tres-jornadas-de-patrullajes-y-vigilancia-contra-los-delitos-ambientales\\\/#respond\"]}]},{\"@type\":\"WebPage\",\"@id\":\"https:\\\/\\\/cvinoticias.com\\\/v3\\\/operativos-de-control-en-el-parque-urugua-i-guardaparques-y-efectivos-realizaron-tres-jornadas-de-patrullajes-y-vigilancia-contra-los-delitos-ambientales\\\/\",\"url\":\"https:\\\/\\\/cvinoticias.com\\\/v3\\\/operativos-de-control-en-el-parque-urugua-i-guardaparques-y-efectivos-realizaron-tres-jornadas-de-patrullajes-y-vigilancia-contra-los-delitos-ambientales\\\/\",\"name\":\"Operativos en Parque Urugua-\u00ed contra delitos ambientales | CVI NOTICIAS\",\"isPartOf\":{\"@id\":\"https:\\\/\\\/cvinoticias.com\\\/v3\\\/#website\"},\"primaryImageOfPage\":{\"@id\":\"https:\\\/\\\/cvinoticias.com\\\/v3\\\/operativos-de-control-en-el-parque-urugua-i-guardaparques-y-efectivos-realizaron-tres-jornadas-de-patrullajes-y-vigilancia-contra-los-delitos-ambientales\\\/#primaryimage\"},\"image\":{\"@id\":\"https:\\\/\\\/cvinoticias.com\\\/v3\\\/operativos-de-control-en-el-parque-urugua-i-guardaparques-y-efectivos-realizaron-tres-jornadas-de-patrullajes-y-vigilancia-contra-los-delitos-ambientales\\\/#primaryimage\"},\"thumbnailUrl\":\"https:\\\/\\\/cvinoticias.com\\\/wp-content\\\/uploads\\\/2025\\\/05\\\/operativo.png\",\"datePublished\":\"2025-05-25T14:24:42+00:00\",\"dateModified\":\"2025-05-25T14:25:56+00:00\",\"description\":\"Guardaparques y polic\u00edas patrullaron tres d\u00edas el Parque Urugua-\u00ed para prevenir delitos ambientales y caza furtiva.\",\"breadcrumb\":{\"@id\":\"https:\\\/\\\/cvinoticias.com\\\/v3\\\/operativos-de-control-en-el-parque-urugua-i-guardaparques-y-efectivos-realizaron-tres-jornadas-de-patrullajes-y-vigilancia-contra-los-delitos-ambientales\\\/#breadcrumb\"},\"inLanguage\":\"es\",\"potentialAction\":[{\"@type\":\"ReadAction\",\"target\":[\"https:\\\/\\\/cvinoticias.com\\\/v3\\\/operativos-de-control-en-el-parque-urugua-i-guardaparques-y-efectivos-realizaron-tres-jornadas-de-patrullajes-y-vigilancia-contra-los-delitos-ambientales\\\/\"]}]},{\"@type\":\"ImageObject\",\"inLanguage\":\"es\",\"@id\":\"https:\\\/\\\/cvinoticias.com\\\/v3\\\/operativos-de-control-en-el-parque-urugua-i-guardaparques-y-efectivos-realizaron-tres-jornadas-de-patrullajes-y-vigilancia-contra-los-delitos-ambientales\\\/#primaryimage\",\"url\":\"https:\\\/\\\/cvinoticias.com\\\/wp-content\\\/uploads\\\/2025\\\/05\\\/operativo.png\",\"contentUrl\":\"https:\\\/\\\/cvinoticias.com\\\/wp-content\\\/uploads\\\/2025\\\/05\\\/operativo.png\",\"width\":645,\"height\":451},{\"@type\":\"BreadcrumbList\",\"@id\":\"https:\\\/\\\/cvinoticias.com\\\/v3\\\/operativos-de-control-en-el-parque-urugua-i-guardaparques-y-efectivos-realizaron-tres-jornadas-de-patrullajes-y-vigilancia-contra-los-delitos-ambientales\\\/#breadcrumb\",\"itemListElement\":[{\"@type\":\"ListItem\",\"position\":1,\"name\":\"Portada\",\"item\":\"https:\\\/\\\/cvinoticias.com\\\/v3\\\/\"},{\"@type\":\"ListItem\",\"position\":2,\"name\":\"Operativos de control en el Parque Urugua-\u00ed: guardaparques y efectivos realizaron tres jornadas de patrullajes y vigilancia contra los delitos ambientales\"}]},{\"@type\":\"WebSite\",\"@id\":\"https:\\\/\\\/cvinoticias.com\\\/v3\\\/#website\",\"url\":\"https:\\\/\\\/cvinoticias.com\\\/v3\\\/\",\"name\":\"CVI NOTICIAS\",\"description\":\"\",\"publisher\":{\"@id\":\"https:\\\/\\\/cvinoticias.com\\\/v3\\\/#organization\"},\"alternateName\":\"CVI\",\"potentialAction\":[{\"@type\":\"SearchAction\",\"target\":{\"@type\":\"EntryPoint\",\"urlTemplate\":\"https:\\\/\\\/cvinoticias.com\\\/v3\\\/?s={search_term_string}\"},\"query-input\":{\"@type\":\"PropertyValueSpecification\",\"valueRequired\":true,\"valueName\":\"search_term_string\"}}],\"inLanguage\":\"es\"},{\"@type\":\"Organization\",\"@id\":\"https:\\\/\\\/cvinoticias.com\\\/v3\\\/#organization\",\"name\":\"CVI NOTICIAS\",\"url\":\"https:\\\/\\\/cvinoticias.com\\\/v3\\\/\",\"logo\":{\"@type\":\"ImageObject\",\"inLanguage\":\"es\",\"@id\":\"https:\\\/\\\/cvinoticias.com\\\/v3\\\/#\\\/schema\\\/logo\\\/image\\\/\",\"url\":\"https:\\\/\\\/cvinoticias.com\\\/wp-content\\\/uploads\\\/2023\\\/04\\\/cropped-cropped-cropped-cropped-cropped-3-1.png\",\"contentUrl\":\"https:\\\/\\\/cvinoticias.com\\\/wp-content\\\/uploads\\\/2023\\\/04\\\/cropped-cropped-cropped-cropped-cropped-3-1.png\",\"width\":95,\"height\":122,\"caption\":\"CVI NOTICIAS\"},\"image\":{\"@id\":\"https:\\\/\\\/cvinoticias.com\\\/v3\\\/#\\\/schema\\\/logo\\\/image\\\/\"},\"sameAs\":[\"https:\\\/\\\/www.facebook.com\\\/cvinoticias\",\"https:\\\/\\\/www.instagram.com\\\/cvinoticias\\\/\",\"https:\\\/\\\/www.youtube.com\\\/@CVINOTICIAS\"]},{\"@type\":\"Person\",\"@id\":\"https:\\\/\\\/cvinoticias.com\\\/v3\\\/#\\\/schema\\\/person\\\/2db77e3c6bc03c538495d7b2b8be9b66\",\"name\":\"f1000024\",\"image\":{\"@type\":\"ImageObject\",\"inLanguage\":\"es\",\"@id\":\"https:\\\/\\\/secure.gravatar.com\\\/avatar\\\/d4fe7459cfc51ff5129ce1a732bbef5928568b8092d412ef95611616376bbeed?s=96&d=mm&r=g\",\"url\":\"https:\\\/\\\/secure.gravatar.com\\\/avatar\\\/d4fe7459cfc51ff5129ce1a732bbef5928568b8092d412ef95611616376bbeed?s=96&d=mm&r=g\",\"contentUrl\":\"https:\\\/\\\/secure.gravatar.com\\\/avatar\\\/d4fe7459cfc51ff5129ce1a732bbef5928568b8092d412ef95611616376bbeed?s=96&d=mm&r=g\",\"caption\":\"f1000024\"},\"url\":\"https:\\\/\\\/cvinoticias.com\\\/v3\\\/author\\\/f1000024\\\/\"}]}<\/script>\n<!-- \/ Yoast SEO plugin. -->","yoast_head_json":{"title":"Operativos en Parque Urugua-\u00ed contra delitos ambientales | CVI NOTICIAS","description":"Guardaparques y polic\u00edas patrullaron tres d\u00edas el Parque Urugua-\u00ed para prevenir delitos ambientales y caza furtiva.","robots":{"index":"index","follow":"follow","max-snippet":"max-snippet:-1","max-image-preview":"max-image-preview:large","max-video-preview":"max-video-preview:-1"},"canonical":"https:\/\/cvinoticias.com\/v3\/operativos-de-control-en-el-parque-urugua-i-guardaparques-y-efectivos-realizaron-tres-jornadas-de-patrullajes-y-vigilancia-contra-los-delitos-ambientales\/","og_locale":"es_ES","og_type":"article","og_title":"Operativos en Parque Urugua-\u00ed contra delitos ambientales | CVI NOTICIAS","og_description":"Guardaparques y polic\u00edas patrullaron tres d\u00edas el Parque Urugua-\u00ed para prevenir delitos ambientales y caza furtiva.","og_url":"https:\/\/cvinoticias.com\/v3\/operativos-de-control-en-el-parque-urugua-i-guardaparques-y-efectivos-realizaron-tres-jornadas-de-patrullajes-y-vigilancia-contra-los-delitos-ambientales\/","og_site_name":"CVI NOTICIAS","article_publisher":"https:\/\/www.facebook.com\/cvinoticias","article_published_time":"2025-05-25T14:24:42+00:00","article_modified_time":"2025-05-25T14:25:56+00:00","og_image":[{"width":645,"height":451,"url":"https:\/\/cvinoticias.com\/wp-content\/uploads\/2025\/05\/operativo.png","type":"image\/png"}],"author":"f1000024","twitter_card":"summary_large_image","twitter_misc":{"Escrito por":"f1000024","Tiempo de lectura":"3 minutos"},"schema":{"@context":"https:\/\/schema.org","@graph":[{"@type":"Article","@id":"https:\/\/cvinoticias.com\/v3\/operativos-de-control-en-el-parque-urugua-i-guardaparques-y-efectivos-realizaron-tres-jornadas-de-patrullajes-y-vigilancia-contra-los-delitos-ambientales\/#article","isPartOf":{"@id":"https:\/\/cvinoticias.com\/v3\/operativos-de-control-en-el-parque-urugua-i-guardaparques-y-efectivos-realizaron-tres-jornadas-de-patrullajes-y-vigilancia-contra-los-delitos-ambientales\/"},"author":{"name":"f1000024","@id":"https:\/\/cvinoticias.com\/v3\/#\/schema\/person\/2db77e3c6bc03c538495d7b2b8be9b66"},"headline":"Operativos de control en el Parque Urugua-\u00ed: guardaparques y efectivos realizaron tres jornadas de patrullajes y vigilancia contra los delitos ambientales","datePublished":"2025-05-25T14:24:42+00:00","dateModified":"2025-05-25T14:25:56+00:00","mainEntityOfPage":{"@id":"https:\/\/cvinoticias.com\/v3\/operativos-de-control-en-el-parque-urugua-i-guardaparques-y-efectivos-realizaron-tres-jornadas-de-patrullajes-y-vigilancia-contra-los-delitos-ambientales\/"},"wordCount":316,"commentCount":0,"publisher":{"@id":"https:\/\/cvinoticias.com\/v3\/#organization"},"image":{"@id":"https:\/\/cvinoticias.com\/v3\/operativos-de-control-en-el-parque-urugua-i-guardaparques-y-efectivos-realizaron-tres-jornadas-de-patrullajes-y-vigilancia-contra-los-delitos-ambientales\/#primaryimage"},"thumbnailUrl":"https:\/\/cvinoticias.com\/wp-content\/uploads\/2025\/05\/operativo.png","keywords":["Control","guardaparques","Operativos","Parque","Urugua-\u00ed"],"articleSection":["Misiones"],"inLanguage":"es","potentialAction":[{"@type":"CommentAction","name":"Comment","target":["https:\/\/cvinoticias.com\/v3\/operativos-de-control-en-el-parque-urugua-i-guardaparques-y-efectivos-realizaron-tres-jornadas-de-patrullajes-y-vigilancia-contra-los-delitos-ambientales\/#respond"]}]},{"@type":"WebPage","@id":"https:\/\/cvinoticias.com\/v3\/operativos-de-control-en-el-parque-urugua-i-guardaparques-y-efectivos-realizaron-tres-jornadas-de-patrullajes-y-vigilancia-contra-los-delitos-ambientales\/","url":"https:\/\/cvinoticias.com\/v3\/operativos-de-control-en-el-parque-urugua-i-guardaparques-y-efectivos-realizaron-tres-jornadas-de-patrullajes-y-vigilancia-contra-los-delitos-ambientales\/","name":"Operativos en Parque Urugua-\u00ed contra delitos ambientales | CVI NOTICIAS","isPartOf":{"@id":"https:\/\/cvinoticias.com\/v3\/#website"},"primaryImageOfPage":{"@id":"https:\/\/cvinoticias.com\/v3\/operativos-de-control-en-el-parque-urugua-i-guardaparques-y-efectivos-realizaron-tres-jornadas-de-patrullajes-y-vigilancia-contra-los-delitos-ambientales\/#primaryimage"},"image":{"@id":"https:\/\/cvinoticias.com\/v3\/operativos-de-control-en-el-parque-urugua-i-guardaparques-y-efectivos-realizaron-tres-jornadas-de-patrullajes-y-vigilancia-contra-los-delitos-ambientales\/#primaryimage"},"thumbnailUrl":"https:\/\/cvinoticias.com\/wp-content\/uploads\/2025\/05\/operativo.png","datePublished":"2025-05-25T14:24:42+00:00","dateModified":"2025-05-25T14:25:56+00:00","description":"Guardaparques y polic\u00edas patrullaron tres d\u00edas el Parque Urugua-\u00ed para prevenir delitos ambientales y caza furtiva.","breadcrumb":{"@id":"https:\/\/cvinoticias.com\/v3\/operativos-de-control-en-el-parque-urugua-i-guardaparques-y-efectivos-realizaron-tres-jornadas-de-patrullajes-y-vigilancia-contra-los-delitos-ambientales\/#breadcrumb"},"inLanguage":"es","potentialAction":[{"@type":"ReadAction","target":["https:\/\/cvinoticias.com\/v3\/operativos-de-control-en-el-parque-urugua-i-guardaparques-y-efectivos-realizaron-tres-jornadas-de-patrullajes-y-vigilancia-contra-los-delitos-ambientales\/"]}]},{"@type":"ImageObject","inLanguage":"es","@id":"https:\/\/cvinoticias.com\/v3\/operativos-de-control-en-el-parque-urugua-i-guardaparques-y-efectivos-realizaron-tres-jornadas-de-patrullajes-y-vigilancia-contra-los-delitos-ambientales\/#primaryimage","url":"https:\/\/cvinoticias.com\/wp-content\/uploads\/2025\/05\/operativo.png","contentUrl":"https:\/\/cvinoticias.com\/wp-content\/uploads\/2025\/05\/operativo.png","width":645,"height":451},{"@type":"BreadcrumbList","@id":"https:\/\/cvinoticias.com\/v3\/operativos-de-control-en-el-parque-urugua-i-guardaparques-y-efectivos-realizaron-tres-jornadas-de-patrullajes-y-vigilancia-contra-los-delitos-ambientales\/#breadcrumb","itemListElement":[{"@type":"ListItem","position":1,"name":"Portada","item":"https:\/\/cvinoticias.com\/v3\/"},{"@type":"ListItem","position":2,"name":"Operativos de control en el Parque Urugua-\u00ed: guardaparques y efectivos realizaron tres jornadas de patrullajes y vigilancia contra los delitos ambientales"}]},{"@type":"WebSite","@id":"https:\/\/cvinoticias.com\/v3\/#website","url":"https:\/\/cvinoticias.com\/v3\/","name":"CVI NOTICIAS","description":"","publisher":{"@id":"https:\/\/cvinoticias.com\/v3\/#organization"},"alternateName":"CVI","potentialAction":[{"@type":"SearchAction","target":{"@type":"EntryPoint","urlTemplate":"https:\/\/cvinoticias.com\/v3\/?s={search_term_string}"},"query-input":{"@type":"PropertyValueSpecification","valueRequired":true,"valueName":"search_term_string"}}],"inLanguage":"es"},{"@type":"Organization","@id":"https:\/\/cvinoticias.com\/v3\/#organization","name":"CVI NOTICIAS","url":"https:\/\/cvinoticias.com\/v3\/","logo":{"@type":"ImageObject","inLanguage":"es","@id":"https:\/\/cvinoticias.com\/v3\/#\/schema\/logo\/image\/","url":"https:\/\/cvinoticias.com\/wp-content\/uploads\/2023\/04\/cropped-cropped-cropped-cropped-cropped-3-1.png","contentUrl":"https:\/\/cvinoticias.com\/wp-content\/uploads\/2023\/04\/cropped-cropped-cropped-cropped-cropped-3-1.png","width":95,"height":122,"caption":"CVI NOTICIAS"},"image":{"@id":"https:\/\/cvinoticias.com\/v3\/#\/schema\/logo\/image\/"},"sameAs":["https:\/\/www.facebook.com\/cvinoticias","https:\/\/www.instagram.com\/cvinoticias\/","https:\/\/www.youtube.com\/@CVINOTICIAS"]},{"@type":"Person","@id":"https:\/\/cvinoticias.com\/v3\/#\/schema\/person\/2db77e3c6bc03c538495d7b2b8be9b66","name":"f1000024","image":{"@type":"ImageObject","inLanguage":"es","@id":"https:\/\/secure.gravatar.com\/avatar\/d4fe7459cfc51ff5129ce1a732bbef5928568b8092d412ef95611616376bbeed?s=96&d=mm&r=g","url":"https:\/\/secure.gravatar.com\/avatar\/d4fe7459cfc51ff5129ce1a732bbef5928568b8092d412ef95611616376bbeed?s=96&d=mm&r=g","contentUrl":"https:\/\/secure.gravatar.com\/avatar\/d4fe7459cfc51ff5129ce1a732bbef5928568b8092d412ef95611616376bbeed?s=96&d=mm&r=g","caption":"f1000024"},"url":"https:\/\/cvinoticias.com\/v3\/author\/f1000024\/"}]}},"_links":{"self":[{"href":"https:\/\/cvinoticias.com\/v3\/wp-json\/wp\/v2\/posts\/44017","targetHints":{"allow":["GET"]}}],"collection":[{"href":"https:\/\/cvinoticias.com\/v3\/wp-json\/wp\/v2\/posts"}],"about":[{"href":"https:\/\/cvinoticias.com\/v3\/wp-json\/wp\/v2\/types\/post"}],"author":[{"embeddable":true,"href":"https:\/\/cvinoticias.com\/v3\/wp-json\/wp\/v2\/users\/2"}],"replies":[{"embeddable":true,"href":"https:\/\/cvinoticias.com\/v3\/wp-json\/wp\/v2\/comments?post=44017"}],"version-history":[{"count":3,"href":"https:\/\/cvinoticias.com\/v3\/wp-json\/wp\/v2\/posts\/44017\/revisions"}],"predecessor-version":[{"id":44026,"href":"https:\/\/cvinoticias.com\/v3\/wp-json\/wp\/v2\/posts\/44017\/revisions\/44026"}],"wp:featuredmedia":[{"embeddable":true,"href":"https:\/\/cvinoticias.com\/v3\/wp-json\/wp\/v2\/media\/44019"}],"wp:attachment":[{"href":"https:\/\/cvinoticias.com\/v3\/wp-json\/wp\/v2\/media?parent=44017"}],"wp:term":[{"taxonomy":"category","embeddable":true,"href":"https:\/\/cvinoticias.com\/v3\/wp-json\/wp\/v2\/categories?post=44017"},{"taxonomy":"post_tag","embeddable":true,"href":"https:\/\/cvinoticias.com\/v3\/wp-json\/wp\/v2\/tags?post=44017"}],"curies":[{"name":"wp","href":"https:\/\/api.w.org\/{rel}","templated":true}]}}