{"id":43923,"date":"2025-05-23T13:37:37","date_gmt":"2025-05-23T16:37:37","guid":{"rendered":"https:\/\/cvinoticias.com\/v3\/?p=43923"},"modified":"2025-05-23T13:53:12","modified_gmt":"2025-05-23T16:53:12","slug":"bar-wicz-celebra-el-25-de-mayo-con-un-gran-locro-patrio","status":"publish","type":"post","link":"https:\/\/cvinoticias.com\/v3\/bar-wicz-celebra-el-25-de-mayo-con-un-gran-locro-patrio\/","title":{"rendered":"Bar Wicz celebra el 25 de Mayo con un gran locro patrio"},"content":{"rendered":"\n<p>En el marco de los festejos por el D\u00eda de la Patria, el reconocido Bar Wicz se suma a las celebraciones ofreciendo un tradicional locro criollo este 25 de mayo a tan solo 8.000 pesos la porci\u00f3n. La propuesta busca reunir a la comunidad en torno a uno de los platos m\u00e1s emblem\u00e1ticos de la gastronom\u00eda nacional.<\/p>\n\n\n\n<p>El local, ubicado sobre la avenida Tres Fronteras, a pocos metros del centro de convenciones del Hotel Amerian, estar\u00e1 vendiendo porciones durante toda la jornada festiva.<\/p>\n\n\n\n<p>En di\u00e1logo con CVI, Jorge Antonowicz, referente del local, invit\u00f3 a toda la comunidad a acercarse y disfrutar de una preparaci\u00f3n que, seg\u00fan sus palabras, \u201ctiene todos los ingredientes, la mejor cocci\u00f3n y la cocina que representa al verdadero locro argentino\u201d.<\/p>\n\n\n\n<hr class=\"wp-block-separator has-alpha-channel-opacity\"\/>\n\n\n\n<figure class=\"wp-block-video\"><video height=\"720\" style=\"aspect-ratio: 1280 \/ 720;\" width=\"1280\" controls src=\"https:\/\/cvinoticias.com\/wp-content\/uploads\/2025\/05\/1000138211.mp4\"><\/video><\/figure>\n\n\n\n<p>Entrevista con: Jorge Antonowicz (Referente de Bar Wicz)<\/p>\n","protected":false},"excerpt":{"rendered":"<p>En el marco de los festejos por el D\u00eda de la Patria, el reconocido Bar Wicz se suma a las celebraciones ofreciendo un tradicional locro criollo este 25 de mayo a tan solo 8.000 pesos la porci\u00f3n. La propuesta busca reunir a la comunidad en torno a uno de los platos m\u00e1s emblem\u00e1ticos de la [&hellip;]<\/p>\n","protected":false},"author":2,"featured_media":43924,"comment_status":"open","ping_status":"open","sticky":false,"template":"","format":"standard","meta":{"footnotes":""},"categories":[47],"tags":[2298,2557,2300,2556],"class_list":["post-43923","post","type-post","status-publish","format-standard","has-post-thumbnail","hentry","category-sociedad","tag-25-de-mayo","tag-bar-wicz","tag-locro","tag-patrio"],"yoast_head":"<!-- This site is optimized with the Yoast SEO plugin v27.5 - https:\/\/yoast.com\/product\/yoast-seo-wordpress\/ -->\n<title>Locro del 25 de Mayo en Bar Wicz: tradici\u00f3n y sabor | CVI NOTICIAS<\/title>\n<meta name=\"description\" content=\"Bar Wicz celebra el 25 de mayo con un locro criollo. Tradici\u00f3n, sabor y comunidad en el D\u00eda de la Patria\" \/>\n<meta name=\"robots\" content=\"index, follow, max-snippet:-1, max-image-preview:large, max-video-preview:-1\" \/>\n<link rel=\"canonical\" href=\"https:\/\/cvinoticias.com\/v3\/bar-wicz-celebra-el-25-de-mayo-con-un-gran-locro-patrio\/\" \/>\n<meta property=\"og:locale\" content=\"es_ES\" \/>\n<meta property=\"og:type\" content=\"article\" \/>\n<meta property=\"og:title\" content=\"Locro del 25 de Mayo en Bar Wicz: tradici\u00f3n y sabor | CVI NOTICIAS\" \/>\n<meta property=\"og:description\" content=\"Bar Wicz celebra el 25 de mayo con un locro criollo. Tradici\u00f3n, sabor y comunidad en el D\u00eda de la Patria\" \/>\n<meta property=\"og:url\" content=\"https:\/\/cvinoticias.com\/v3\/bar-wicz-celebra-el-25-de-mayo-con-un-gran-locro-patrio\/\" \/>\n<meta property=\"og:site_name\" content=\"CVI NOTICIAS\" \/>\n<meta property=\"article:publisher\" content=\"https:\/\/www.facebook.com\/cvinoticias\" \/>\n<meta property=\"article:published_time\" content=\"2025-05-23T16:37:37+00:00\" \/>\n<meta property=\"article:modified_time\" content=\"2025-05-23T16:53:12+00:00\" \/>\n<meta property=\"og:image\" content=\"https:\/\/cvinoticias.com\/wp-content\/uploads\/2025\/05\/1000138206-1.jpg\" \/>\n\t<meta property=\"og:image:width\" content=\"720\" \/>\n\t<meta property=\"og:image:height\" content=\"401\" \/>\n\t<meta property=\"og:image:type\" content=\"image\/jpeg\" \/>\n<meta name=\"author\" content=\"f1000024\" \/>\n<meta name=\"twitter:card\" content=\"summary_large_image\" \/>\n<meta name=\"twitter:label1\" content=\"Escrito por\" \/>\n\t<meta name=\"twitter:data1\" content=\"f1000024\" \/>\n\t<meta name=\"twitter:label2\" content=\"Tiempo de lectura\" \/>\n\t<meta name=\"twitter:data2\" content=\"1 minuto\" \/>\n<script type=\"application\/ld+json\" class=\"yoast-schema-graph\">{\"@context\":\"https:\\\/\\\/schema.org\",\"@graph\":[{\"@type\":\"Article\",\"@id\":\"https:\\\/\\\/cvinoticias.com\\\/v3\\\/bar-wicz-celebra-el-25-de-mayo-con-un-gran-locro-patrio\\\/#article\",\"isPartOf\":{\"@id\":\"https:\\\/\\\/cvinoticias.com\\\/v3\\\/bar-wicz-celebra-el-25-de-mayo-con-un-gran-locro-patrio\\\/\"},\"author\":{\"name\":\"f1000024\",\"@id\":\"https:\\\/\\\/cvinoticias.com\\\/v3\\\/#\\\/schema\\\/person\\\/2db77e3c6bc03c538495d7b2b8be9b66\"},\"headline\":\"Bar Wicz celebra el 25 de Mayo con un gran locro patrio\",\"datePublished\":\"2025-05-23T16:37:37+00:00\",\"dateModified\":\"2025-05-23T16:53:12+00:00\",\"mainEntityOfPage\":{\"@id\":\"https:\\\/\\\/cvinoticias.com\\\/v3\\\/bar-wicz-celebra-el-25-de-mayo-con-un-gran-locro-patrio\\\/\"},\"wordCount\":150,\"commentCount\":0,\"publisher\":{\"@id\":\"https:\\\/\\\/cvinoticias.com\\\/v3\\\/#organization\"},\"image\":{\"@id\":\"https:\\\/\\\/cvinoticias.com\\\/v3\\\/bar-wicz-celebra-el-25-de-mayo-con-un-gran-locro-patrio\\\/#primaryimage\"},\"thumbnailUrl\":\"https:\\\/\\\/cvinoticias.com\\\/wp-content\\\/uploads\\\/2025\\\/05\\\/1000138206-1.jpg\",\"keywords\":[\"25 de mayo\",\"Bar Wicz\",\"locro\",\"patrio\"],\"articleSection\":[\"Sociedad\"],\"inLanguage\":\"es\",\"potentialAction\":[{\"@type\":\"CommentAction\",\"name\":\"Comment\",\"target\":[\"https:\\\/\\\/cvinoticias.com\\\/v3\\\/bar-wicz-celebra-el-25-de-mayo-con-un-gran-locro-patrio\\\/#respond\"]}]},{\"@type\":\"WebPage\",\"@id\":\"https:\\\/\\\/cvinoticias.com\\\/v3\\\/bar-wicz-celebra-el-25-de-mayo-con-un-gran-locro-patrio\\\/\",\"url\":\"https:\\\/\\\/cvinoticias.com\\\/v3\\\/bar-wicz-celebra-el-25-de-mayo-con-un-gran-locro-patrio\\\/\",\"name\":\"Locro del 25 de Mayo en Bar Wicz: tradici\u00f3n y sabor | CVI NOTICIAS\",\"isPartOf\":{\"@id\":\"https:\\\/\\\/cvinoticias.com\\\/v3\\\/#website\"},\"primaryImageOfPage\":{\"@id\":\"https:\\\/\\\/cvinoticias.com\\\/v3\\\/bar-wicz-celebra-el-25-de-mayo-con-un-gran-locro-patrio\\\/#primaryimage\"},\"image\":{\"@id\":\"https:\\\/\\\/cvinoticias.com\\\/v3\\\/bar-wicz-celebra-el-25-de-mayo-con-un-gran-locro-patrio\\\/#primaryimage\"},\"thumbnailUrl\":\"https:\\\/\\\/cvinoticias.com\\\/wp-content\\\/uploads\\\/2025\\\/05\\\/1000138206-1.jpg\",\"datePublished\":\"2025-05-23T16:37:37+00:00\",\"dateModified\":\"2025-05-23T16:53:12+00:00\",\"description\":\"Bar Wicz celebra el 25 de mayo con un locro criollo. Tradici\u00f3n, sabor y comunidad en el D\u00eda de la Patria\",\"breadcrumb\":{\"@id\":\"https:\\\/\\\/cvinoticias.com\\\/v3\\\/bar-wicz-celebra-el-25-de-mayo-con-un-gran-locro-patrio\\\/#breadcrumb\"},\"inLanguage\":\"es\",\"potentialAction\":[{\"@type\":\"ReadAction\",\"target\":[\"https:\\\/\\\/cvinoticias.com\\\/v3\\\/bar-wicz-celebra-el-25-de-mayo-con-un-gran-locro-patrio\\\/\"]}]},{\"@type\":\"ImageObject\",\"inLanguage\":\"es\",\"@id\":\"https:\\\/\\\/cvinoticias.com\\\/v3\\\/bar-wicz-celebra-el-25-de-mayo-con-un-gran-locro-patrio\\\/#primaryimage\",\"url\":\"https:\\\/\\\/cvinoticias.com\\\/wp-content\\\/uploads\\\/2025\\\/05\\\/1000138206-1.jpg\",\"contentUrl\":\"https:\\\/\\\/cvinoticias.com\\\/wp-content\\\/uploads\\\/2025\\\/05\\\/1000138206-1.jpg\",\"width\":720,\"height\":401},{\"@type\":\"BreadcrumbList\",\"@id\":\"https:\\\/\\\/cvinoticias.com\\\/v3\\\/bar-wicz-celebra-el-25-de-mayo-con-un-gran-locro-patrio\\\/#breadcrumb\",\"itemListElement\":[{\"@type\":\"ListItem\",\"position\":1,\"name\":\"Portada\",\"item\":\"https:\\\/\\\/cvinoticias.com\\\/v3\\\/\"},{\"@type\":\"ListItem\",\"position\":2,\"name\":\"Bar Wicz celebra el 25 de Mayo con un gran locro patrio\"}]},{\"@type\":\"WebSite\",\"@id\":\"https:\\\/\\\/cvinoticias.com\\\/v3\\\/#website\",\"url\":\"https:\\\/\\\/cvinoticias.com\\\/v3\\\/\",\"name\":\"CVI NOTICIAS\",\"description\":\"\",\"publisher\":{\"@id\":\"https:\\\/\\\/cvinoticias.com\\\/v3\\\/#organization\"},\"alternateName\":\"CVI\",\"potentialAction\":[{\"@type\":\"SearchAction\",\"target\":{\"@type\":\"EntryPoint\",\"urlTemplate\":\"https:\\\/\\\/cvinoticias.com\\\/v3\\\/?s={search_term_string}\"},\"query-input\":{\"@type\":\"PropertyValueSpecification\",\"valueRequired\":true,\"valueName\":\"search_term_string\"}}],\"inLanguage\":\"es\"},{\"@type\":\"Organization\",\"@id\":\"https:\\\/\\\/cvinoticias.com\\\/v3\\\/#organization\",\"name\":\"CVI NOTICIAS\",\"url\":\"https:\\\/\\\/cvinoticias.com\\\/v3\\\/\",\"logo\":{\"@type\":\"ImageObject\",\"inLanguage\":\"es\",\"@id\":\"https:\\\/\\\/cvinoticias.com\\\/v3\\\/#\\\/schema\\\/logo\\\/image\\\/\",\"url\":\"https:\\\/\\\/cvinoticias.com\\\/wp-content\\\/uploads\\\/2023\\\/04\\\/cropped-cropped-cropped-cropped-cropped-3-1.png\",\"contentUrl\":\"https:\\\/\\\/cvinoticias.com\\\/wp-content\\\/uploads\\\/2023\\\/04\\\/cropped-cropped-cropped-cropped-cropped-3-1.png\",\"width\":95,\"height\":122,\"caption\":\"CVI NOTICIAS\"},\"image\":{\"@id\":\"https:\\\/\\\/cvinoticias.com\\\/v3\\\/#\\\/schema\\\/logo\\\/image\\\/\"},\"sameAs\":[\"https:\\\/\\\/www.facebook.com\\\/cvinoticias\",\"https:\\\/\\\/www.instagram.com\\\/cvinoticias\\\/\",\"https:\\\/\\\/www.youtube.com\\\/@CVINOTICIAS\"]},{\"@type\":\"Person\",\"@id\":\"https:\\\/\\\/cvinoticias.com\\\/v3\\\/#\\\/schema\\\/person\\\/2db77e3c6bc03c538495d7b2b8be9b66\",\"name\":\"f1000024\",\"image\":{\"@type\":\"ImageObject\",\"inLanguage\":\"es\",\"@id\":\"https:\\\/\\\/secure.gravatar.com\\\/avatar\\\/d4fe7459cfc51ff5129ce1a732bbef5928568b8092d412ef95611616376bbeed?s=96&d=mm&r=g\",\"url\":\"https:\\\/\\\/secure.gravatar.com\\\/avatar\\\/d4fe7459cfc51ff5129ce1a732bbef5928568b8092d412ef95611616376bbeed?s=96&d=mm&r=g\",\"contentUrl\":\"https:\\\/\\\/secure.gravatar.com\\\/avatar\\\/d4fe7459cfc51ff5129ce1a732bbef5928568b8092d412ef95611616376bbeed?s=96&d=mm&r=g\",\"caption\":\"f1000024\"},\"url\":\"https:\\\/\\\/cvinoticias.com\\\/v3\\\/author\\\/f1000024\\\/\"}]}<\/script>\n<!-- \/ Yoast SEO plugin. -->","yoast_head_json":{"title":"Locro del 25 de Mayo en Bar Wicz: tradici\u00f3n y sabor | CVI NOTICIAS","description":"Bar Wicz celebra el 25 de mayo con un locro criollo. Tradici\u00f3n, sabor y comunidad en el D\u00eda de la Patria","robots":{"index":"index","follow":"follow","max-snippet":"max-snippet:-1","max-image-preview":"max-image-preview:large","max-video-preview":"max-video-preview:-1"},"canonical":"https:\/\/cvinoticias.com\/v3\/bar-wicz-celebra-el-25-de-mayo-con-un-gran-locro-patrio\/","og_locale":"es_ES","og_type":"article","og_title":"Locro del 25 de Mayo en Bar Wicz: tradici\u00f3n y sabor | CVI NOTICIAS","og_description":"Bar Wicz celebra el 25 de mayo con un locro criollo. Tradici\u00f3n, sabor y comunidad en el D\u00eda de la Patria","og_url":"https:\/\/cvinoticias.com\/v3\/bar-wicz-celebra-el-25-de-mayo-con-un-gran-locro-patrio\/","og_site_name":"CVI NOTICIAS","article_publisher":"https:\/\/www.facebook.com\/cvinoticias","article_published_time":"2025-05-23T16:37:37+00:00","article_modified_time":"2025-05-23T16:53:12+00:00","og_image":[{"width":720,"height":401,"url":"https:\/\/cvinoticias.com\/wp-content\/uploads\/2025\/05\/1000138206-1.jpg","type":"image\/jpeg"}],"author":"f1000024","twitter_card":"summary_large_image","twitter_misc":{"Escrito por":"f1000024","Tiempo de lectura":"1 minuto"},"schema":{"@context":"https:\/\/schema.org","@graph":[{"@type":"Article","@id":"https:\/\/cvinoticias.com\/v3\/bar-wicz-celebra-el-25-de-mayo-con-un-gran-locro-patrio\/#article","isPartOf":{"@id":"https:\/\/cvinoticias.com\/v3\/bar-wicz-celebra-el-25-de-mayo-con-un-gran-locro-patrio\/"},"author":{"name":"f1000024","@id":"https:\/\/cvinoticias.com\/v3\/#\/schema\/person\/2db77e3c6bc03c538495d7b2b8be9b66"},"headline":"Bar Wicz celebra el 25 de Mayo con un gran locro patrio","datePublished":"2025-05-23T16:37:37+00:00","dateModified":"2025-05-23T16:53:12+00:00","mainEntityOfPage":{"@id":"https:\/\/cvinoticias.com\/v3\/bar-wicz-celebra-el-25-de-mayo-con-un-gran-locro-patrio\/"},"wordCount":150,"commentCount":0,"publisher":{"@id":"https:\/\/cvinoticias.com\/v3\/#organization"},"image":{"@id":"https:\/\/cvinoticias.com\/v3\/bar-wicz-celebra-el-25-de-mayo-con-un-gran-locro-patrio\/#primaryimage"},"thumbnailUrl":"https:\/\/cvinoticias.com\/wp-content\/uploads\/2025\/05\/1000138206-1.jpg","keywords":["25 de mayo","Bar Wicz","locro","patrio"],"articleSection":["Sociedad"],"inLanguage":"es","potentialAction":[{"@type":"CommentAction","name":"Comment","target":["https:\/\/cvinoticias.com\/v3\/bar-wicz-celebra-el-25-de-mayo-con-un-gran-locro-patrio\/#respond"]}]},{"@type":"WebPage","@id":"https:\/\/cvinoticias.com\/v3\/bar-wicz-celebra-el-25-de-mayo-con-un-gran-locro-patrio\/","url":"https:\/\/cvinoticias.com\/v3\/bar-wicz-celebra-el-25-de-mayo-con-un-gran-locro-patrio\/","name":"Locro del 25 de Mayo en Bar Wicz: tradici\u00f3n y sabor | CVI NOTICIAS","isPartOf":{"@id":"https:\/\/cvinoticias.com\/v3\/#website"},"primaryImageOfPage":{"@id":"https:\/\/cvinoticias.com\/v3\/bar-wicz-celebra-el-25-de-mayo-con-un-gran-locro-patrio\/#primaryimage"},"image":{"@id":"https:\/\/cvinoticias.com\/v3\/bar-wicz-celebra-el-25-de-mayo-con-un-gran-locro-patrio\/#primaryimage"},"thumbnailUrl":"https:\/\/cvinoticias.com\/wp-content\/uploads\/2025\/05\/1000138206-1.jpg","datePublished":"2025-05-23T16:37:37+00:00","dateModified":"2025-05-23T16:53:12+00:00","description":"Bar Wicz celebra el 25 de mayo con un locro criollo. Tradici\u00f3n, sabor y comunidad en el D\u00eda de la Patria","breadcrumb":{"@id":"https:\/\/cvinoticias.com\/v3\/bar-wicz-celebra-el-25-de-mayo-con-un-gran-locro-patrio\/#breadcrumb"},"inLanguage":"es","potentialAction":[{"@type":"ReadAction","target":["https:\/\/cvinoticias.com\/v3\/bar-wicz-celebra-el-25-de-mayo-con-un-gran-locro-patrio\/"]}]},{"@type":"ImageObject","inLanguage":"es","@id":"https:\/\/cvinoticias.com\/v3\/bar-wicz-celebra-el-25-de-mayo-con-un-gran-locro-patrio\/#primaryimage","url":"https:\/\/cvinoticias.com\/wp-content\/uploads\/2025\/05\/1000138206-1.jpg","contentUrl":"https:\/\/cvinoticias.com\/wp-content\/uploads\/2025\/05\/1000138206-1.jpg","width":720,"height":401},{"@type":"BreadcrumbList","@id":"https:\/\/cvinoticias.com\/v3\/bar-wicz-celebra-el-25-de-mayo-con-un-gran-locro-patrio\/#breadcrumb","itemListElement":[{"@type":"ListItem","position":1,"name":"Portada","item":"https:\/\/cvinoticias.com\/v3\/"},{"@type":"ListItem","position":2,"name":"Bar Wicz celebra el 25 de Mayo con un gran locro patrio"}]},{"@type":"WebSite","@id":"https:\/\/cvinoticias.com\/v3\/#website","url":"https:\/\/cvinoticias.com\/v3\/","name":"CVI NOTICIAS","description":"","publisher":{"@id":"https:\/\/cvinoticias.com\/v3\/#organization"},"alternateName":"CVI","potentialAction":[{"@type":"SearchAction","target":{"@type":"EntryPoint","urlTemplate":"https:\/\/cvinoticias.com\/v3\/?s={search_term_string}"},"query-input":{"@type":"PropertyValueSpecification","valueRequired":true,"valueName":"search_term_string"}}],"inLanguage":"es"},{"@type":"Organization","@id":"https:\/\/cvinoticias.com\/v3\/#organization","name":"CVI NOTICIAS","url":"https:\/\/cvinoticias.com\/v3\/","logo":{"@type":"ImageObject","inLanguage":"es","@id":"https:\/\/cvinoticias.com\/v3\/#\/schema\/logo\/image\/","url":"https:\/\/cvinoticias.com\/wp-content\/uploads\/2023\/04\/cropped-cropped-cropped-cropped-cropped-3-1.png","contentUrl":"https:\/\/cvinoticias.com\/wp-content\/uploads\/2023\/04\/cropped-cropped-cropped-cropped-cropped-3-1.png","width":95,"height":122,"caption":"CVI NOTICIAS"},"image":{"@id":"https:\/\/cvinoticias.com\/v3\/#\/schema\/logo\/image\/"},"sameAs":["https:\/\/www.facebook.com\/cvinoticias","https:\/\/www.instagram.com\/cvinoticias\/","https:\/\/www.youtube.com\/@CVINOTICIAS"]},{"@type":"Person","@id":"https:\/\/cvinoticias.com\/v3\/#\/schema\/person\/2db77e3c6bc03c538495d7b2b8be9b66","name":"f1000024","image":{"@type":"ImageObject","inLanguage":"es","@id":"https:\/\/secure.gravatar.com\/avatar\/d4fe7459cfc51ff5129ce1a732bbef5928568b8092d412ef95611616376bbeed?s=96&d=mm&r=g","url":"https:\/\/secure.gravatar.com\/avatar\/d4fe7459cfc51ff5129ce1a732bbef5928568b8092d412ef95611616376bbeed?s=96&d=mm&r=g","contentUrl":"https:\/\/secure.gravatar.com\/avatar\/d4fe7459cfc51ff5129ce1a732bbef5928568b8092d412ef95611616376bbeed?s=96&d=mm&r=g","caption":"f1000024"},"url":"https:\/\/cvinoticias.com\/v3\/author\/f1000024\/"}]}},"_links":{"self":[{"href":"https:\/\/cvinoticias.com\/v3\/wp-json\/wp\/v2\/posts\/43923","targetHints":{"allow":["GET"]}}],"collection":[{"href":"https:\/\/cvinoticias.com\/v3\/wp-json\/wp\/v2\/posts"}],"about":[{"href":"https:\/\/cvinoticias.com\/v3\/wp-json\/wp\/v2\/types\/post"}],"author":[{"embeddable":true,"href":"https:\/\/cvinoticias.com\/v3\/wp-json\/wp\/v2\/users\/2"}],"replies":[{"embeddable":true,"href":"https:\/\/cvinoticias.com\/v3\/wp-json\/wp\/v2\/comments?post=43923"}],"version-history":[{"count":2,"href":"https:\/\/cvinoticias.com\/v3\/wp-json\/wp\/v2\/posts\/43923\/revisions"}],"predecessor-version":[{"id":43932,"href":"https:\/\/cvinoticias.com\/v3\/wp-json\/wp\/v2\/posts\/43923\/revisions\/43932"}],"wp:featuredmedia":[{"embeddable":true,"href":"https:\/\/cvinoticias.com\/v3\/wp-json\/wp\/v2\/media\/43924"}],"wp:attachment":[{"href":"https:\/\/cvinoticias.com\/v3\/wp-json\/wp\/v2\/media?parent=43923"}],"wp:term":[{"taxonomy":"category","embeddable":true,"href":"https:\/\/cvinoticias.com\/v3\/wp-json\/wp\/v2\/categories?post=43923"},{"taxonomy":"post_tag","embeddable":true,"href":"https:\/\/cvinoticias.com\/v3\/wp-json\/wp\/v2\/tags?post=43923"}],"curies":[{"name":"wp","href":"https:\/\/api.w.org\/{rel}","templated":true}]}}