{"id":43844,"date":"2025-05-22T10:36:13","date_gmt":"2025-05-22T13:36:13","guid":{"rendered":"https:\/\/cvinoticias.com\/v3\/?p=43844"},"modified":"2025-05-22T10:36:27","modified_gmt":"2025-05-22T13:36:27","slug":"la-policia-de-misiones-y-la-comunidad-mbya-conforman-el-primer-foro-de-seguridad-conjunto","status":"publish","type":"post","link":"https:\/\/cvinoticias.com\/v3\/la-policia-de-misiones-y-la-comunidad-mbya-conforman-el-primer-foro-de-seguridad-conjunto\/","title":{"rendered":"La Polic\u00eda de Misiones y la comunidad Mby\u00e1 conforman el primer Foro de Seguridad conjunto"},"content":{"rendered":"\n<p>El pasado Martes 21 se realiz\u00f3 en la localidad de M\u00e1rtires, jurisdicci\u00f3n de la Unidad Regional II de Ober\u00e1, la primera reuni\u00f3n orientada a la conformaci\u00f3n de un Foro de Seguridad entre la Polic\u00eda de Misiones y representantes de la comunidad Mby\u00e1 Guaran\u00ed.<\/p>\n\n\n\n<p>El encuentro represent\u00f3 un avance significativo en la construcci\u00f3n de pol\u00edticas p\u00fablicas con enfoque intercultural, con el objetivo de establecer un espacio de trabajo conjunto que permita abordar temas de seguridad desde una mirada participativa e inclusiva.<\/p>\n\n\n\n<p>Durante la jornada se definieron l\u00edneas de acci\u00f3n preliminares y criterios organizativos. Tambi\u00e9n se anunci\u00f3 que el pr\u00f3ximo encuentro tendr\u00e1 lugar el 13 de junio, momento en el que se avanzar\u00e1 con la elecci\u00f3n de representantes y la formalizaci\u00f3n legal del foro.<\/p>\n\n\n\n<p>Desde el Ministerio de Gobierno destacaron que esta iniciativa sienta un precedente en la integraci\u00f3n de las comunidades originarias a los mecanismos institucionales de prevenci\u00f3n y seguridad ciudadana, fomentando el respeto mutuo y la participaci\u00f3n activa.<\/p>\n\n\n\n<p><strong>Fuente: Ministerio de Gobierno &#8211; Polic\u00eda de Misiones<\/strong><\/p>\n\n\n\n<p><\/p>\n","protected":false},"excerpt":{"rendered":"<p>El pasado Martes 21 se realiz\u00f3 en la localidad de M\u00e1rtires, jurisdicci\u00f3n de la Unidad Regional II de Ober\u00e1, la primera reuni\u00f3n orientada a la conformaci\u00f3n de un Foro de Seguridad entre la Polic\u00eda de Misiones y representantes de la comunidad Mby\u00e1 Guaran\u00ed. El encuentro represent\u00f3 un avance significativo en la construcci\u00f3n de pol\u00edticas p\u00fablicas [&hellip;]<\/p>\n","protected":false},"author":2,"featured_media":43845,"comment_status":"open","ping_status":"open","sticky":false,"template":"","format":"standard","meta":{"footnotes":""},"categories":[455],"tags":[2530,2531,677],"class_list":["post-43844","post","type-post","status-publish","format-standard","has-post-thumbnail","hentry","category-misiones","tag-comunidad-mbya","tag-foro-de-seguridad","tag-policia"],"yoast_head":"<!-- This site is optimized with the Yoast SEO plugin v27.4 - https:\/\/yoast.com\/product\/yoast-seo-wordpress\/ -->\n<title>Polic\u00eda y comunidad Mby\u00e1 crean Foro de Seguridad | CVI NOTICIAS<\/title>\n<meta name=\"description\" content=\"La Polic\u00eda de Misiones y la comunidad Mby\u00e1 iniciaron la creaci\u00f3n del primer Foro de Seguridad Intercultural en M\u00e1rtires, con pr\u00f3xima reuni\u00f3n en junio.\" \/>\n<meta name=\"robots\" content=\"index, follow, max-snippet:-1, max-image-preview:large, max-video-preview:-1\" \/>\n<link rel=\"canonical\" href=\"https:\/\/cvinoticias.com\/v3\/la-policia-de-misiones-y-la-comunidad-mbya-conforman-el-primer-foro-de-seguridad-conjunto\/\" \/>\n<meta property=\"og:locale\" content=\"es_ES\" \/>\n<meta property=\"og:type\" content=\"article\" \/>\n<meta property=\"og:title\" content=\"Polic\u00eda y comunidad Mby\u00e1 crean Foro de Seguridad | CVI NOTICIAS\" \/>\n<meta property=\"og:description\" content=\"La Polic\u00eda de Misiones y la comunidad Mby\u00e1 iniciaron la creaci\u00f3n del primer Foro de Seguridad Intercultural en M\u00e1rtires, con pr\u00f3xima reuni\u00f3n en junio.\" \/>\n<meta property=\"og:url\" content=\"https:\/\/cvinoticias.com\/v3\/la-policia-de-misiones-y-la-comunidad-mbya-conforman-el-primer-foro-de-seguridad-conjunto\/\" \/>\n<meta property=\"og:site_name\" content=\"CVI NOTICIAS\" \/>\n<meta property=\"article:publisher\" content=\"https:\/\/www.facebook.com\/cvinoticias\" \/>\n<meta property=\"article:published_time\" content=\"2025-05-22T13:36:13+00:00\" \/>\n<meta property=\"article:modified_time\" content=\"2025-05-22T13:36:27+00:00\" \/>\n<meta property=\"og:image\" content=\"https:\/\/cvinoticias.com\/wp-content\/uploads\/2025\/05\/Miercoles-21-Mayo-17.jpeg\" \/>\n\t<meta property=\"og:image:width\" content=\"1199\" \/>\n\t<meta property=\"og:image:height\" content=\"871\" \/>\n\t<meta property=\"og:image:type\" content=\"image\/jpeg\" \/>\n<meta name=\"author\" content=\"f1000024\" \/>\n<meta name=\"twitter:card\" content=\"summary_large_image\" \/>\n<meta name=\"twitter:label1\" content=\"Escrito por\" \/>\n\t<meta name=\"twitter:data1\" content=\"f1000024\" \/>\n\t<meta name=\"twitter:label2\" content=\"Tiempo de lectura\" \/>\n\t<meta name=\"twitter:data2\" content=\"1 minuto\" \/>\n<script type=\"application\/ld+json\" class=\"yoast-schema-graph\">{\"@context\":\"https:\\\/\\\/schema.org\",\"@graph\":[{\"@type\":\"Article\",\"@id\":\"https:\\\/\\\/cvinoticias.com\\\/v3\\\/la-policia-de-misiones-y-la-comunidad-mbya-conforman-el-primer-foro-de-seguridad-conjunto\\\/#article\",\"isPartOf\":{\"@id\":\"https:\\\/\\\/cvinoticias.com\\\/v3\\\/la-policia-de-misiones-y-la-comunidad-mbya-conforman-el-primer-foro-de-seguridad-conjunto\\\/\"},\"author\":{\"name\":\"f1000024\",\"@id\":\"https:\\\/\\\/cvinoticias.com\\\/v3\\\/#\\\/schema\\\/person\\\/2db77e3c6bc03c538495d7b2b8be9b66\"},\"headline\":\"La Polic\u00eda de Misiones y la comunidad Mby\u00e1 conforman el primer Foro de Seguridad conjunto\",\"datePublished\":\"2025-05-22T13:36:13+00:00\",\"dateModified\":\"2025-05-22T13:36:27+00:00\",\"mainEntityOfPage\":{\"@id\":\"https:\\\/\\\/cvinoticias.com\\\/v3\\\/la-policia-de-misiones-y-la-comunidad-mbya-conforman-el-primer-foro-de-seguridad-conjunto\\\/\"},\"wordCount\":198,\"commentCount\":0,\"publisher\":{\"@id\":\"https:\\\/\\\/cvinoticias.com\\\/v3\\\/#organization\"},\"image\":{\"@id\":\"https:\\\/\\\/cvinoticias.com\\\/v3\\\/la-policia-de-misiones-y-la-comunidad-mbya-conforman-el-primer-foro-de-seguridad-conjunto\\\/#primaryimage\"},\"thumbnailUrl\":\"https:\\\/\\\/cvinoticias.com\\\/wp-content\\\/uploads\\\/2025\\\/05\\\/Miercoles-21-Mayo-17.jpeg\",\"keywords\":[\"comunidad Mby\u00e1\",\"Foro de Seguridad\",\"Polic\u00eda\"],\"articleSection\":[\"Misiones\"],\"inLanguage\":\"es\",\"potentialAction\":[{\"@type\":\"CommentAction\",\"name\":\"Comment\",\"target\":[\"https:\\\/\\\/cvinoticias.com\\\/v3\\\/la-policia-de-misiones-y-la-comunidad-mbya-conforman-el-primer-foro-de-seguridad-conjunto\\\/#respond\"]}]},{\"@type\":\"WebPage\",\"@id\":\"https:\\\/\\\/cvinoticias.com\\\/v3\\\/la-policia-de-misiones-y-la-comunidad-mbya-conforman-el-primer-foro-de-seguridad-conjunto\\\/\",\"url\":\"https:\\\/\\\/cvinoticias.com\\\/v3\\\/la-policia-de-misiones-y-la-comunidad-mbya-conforman-el-primer-foro-de-seguridad-conjunto\\\/\",\"name\":\"Polic\u00eda y comunidad Mby\u00e1 crean Foro de Seguridad | CVI NOTICIAS\",\"isPartOf\":{\"@id\":\"https:\\\/\\\/cvinoticias.com\\\/v3\\\/#website\"},\"primaryImageOfPage\":{\"@id\":\"https:\\\/\\\/cvinoticias.com\\\/v3\\\/la-policia-de-misiones-y-la-comunidad-mbya-conforman-el-primer-foro-de-seguridad-conjunto\\\/#primaryimage\"},\"image\":{\"@id\":\"https:\\\/\\\/cvinoticias.com\\\/v3\\\/la-policia-de-misiones-y-la-comunidad-mbya-conforman-el-primer-foro-de-seguridad-conjunto\\\/#primaryimage\"},\"thumbnailUrl\":\"https:\\\/\\\/cvinoticias.com\\\/wp-content\\\/uploads\\\/2025\\\/05\\\/Miercoles-21-Mayo-17.jpeg\",\"datePublished\":\"2025-05-22T13:36:13+00:00\",\"dateModified\":\"2025-05-22T13:36:27+00:00\",\"description\":\"La Polic\u00eda de Misiones y la comunidad Mby\u00e1 iniciaron la creaci\u00f3n del primer Foro de Seguridad Intercultural en M\u00e1rtires, con pr\u00f3xima reuni\u00f3n en junio.\",\"breadcrumb\":{\"@id\":\"https:\\\/\\\/cvinoticias.com\\\/v3\\\/la-policia-de-misiones-y-la-comunidad-mbya-conforman-el-primer-foro-de-seguridad-conjunto\\\/#breadcrumb\"},\"inLanguage\":\"es\",\"potentialAction\":[{\"@type\":\"ReadAction\",\"target\":[\"https:\\\/\\\/cvinoticias.com\\\/v3\\\/la-policia-de-misiones-y-la-comunidad-mbya-conforman-el-primer-foro-de-seguridad-conjunto\\\/\"]}]},{\"@type\":\"ImageObject\",\"inLanguage\":\"es\",\"@id\":\"https:\\\/\\\/cvinoticias.com\\\/v3\\\/la-policia-de-misiones-y-la-comunidad-mbya-conforman-el-primer-foro-de-seguridad-conjunto\\\/#primaryimage\",\"url\":\"https:\\\/\\\/cvinoticias.com\\\/wp-content\\\/uploads\\\/2025\\\/05\\\/Miercoles-21-Mayo-17.jpeg\",\"contentUrl\":\"https:\\\/\\\/cvinoticias.com\\\/wp-content\\\/uploads\\\/2025\\\/05\\\/Miercoles-21-Mayo-17.jpeg\",\"width\":1199,\"height\":871},{\"@type\":\"BreadcrumbList\",\"@id\":\"https:\\\/\\\/cvinoticias.com\\\/v3\\\/la-policia-de-misiones-y-la-comunidad-mbya-conforman-el-primer-foro-de-seguridad-conjunto\\\/#breadcrumb\",\"itemListElement\":[{\"@type\":\"ListItem\",\"position\":1,\"name\":\"Portada\",\"item\":\"https:\\\/\\\/cvinoticias.com\\\/v3\\\/\"},{\"@type\":\"ListItem\",\"position\":2,\"name\":\"La Polic\u00eda de Misiones y la comunidad Mby\u00e1 conforman el primer Foro de Seguridad conjunto\"}]},{\"@type\":\"WebSite\",\"@id\":\"https:\\\/\\\/cvinoticias.com\\\/v3\\\/#website\",\"url\":\"https:\\\/\\\/cvinoticias.com\\\/v3\\\/\",\"name\":\"CVI NOTICIAS\",\"description\":\"\",\"publisher\":{\"@id\":\"https:\\\/\\\/cvinoticias.com\\\/v3\\\/#organization\"},\"alternateName\":\"CVI\",\"potentialAction\":[{\"@type\":\"SearchAction\",\"target\":{\"@type\":\"EntryPoint\",\"urlTemplate\":\"https:\\\/\\\/cvinoticias.com\\\/v3\\\/?s={search_term_string}\"},\"query-input\":{\"@type\":\"PropertyValueSpecification\",\"valueRequired\":true,\"valueName\":\"search_term_string\"}}],\"inLanguage\":\"es\"},{\"@type\":\"Organization\",\"@id\":\"https:\\\/\\\/cvinoticias.com\\\/v3\\\/#organization\",\"name\":\"CVI NOTICIAS\",\"url\":\"https:\\\/\\\/cvinoticias.com\\\/v3\\\/\",\"logo\":{\"@type\":\"ImageObject\",\"inLanguage\":\"es\",\"@id\":\"https:\\\/\\\/cvinoticias.com\\\/v3\\\/#\\\/schema\\\/logo\\\/image\\\/\",\"url\":\"https:\\\/\\\/cvinoticias.com\\\/wp-content\\\/uploads\\\/2023\\\/04\\\/cropped-cropped-cropped-cropped-cropped-3-1.png\",\"contentUrl\":\"https:\\\/\\\/cvinoticias.com\\\/wp-content\\\/uploads\\\/2023\\\/04\\\/cropped-cropped-cropped-cropped-cropped-3-1.png\",\"width\":95,\"height\":122,\"caption\":\"CVI NOTICIAS\"},\"image\":{\"@id\":\"https:\\\/\\\/cvinoticias.com\\\/v3\\\/#\\\/schema\\\/logo\\\/image\\\/\"},\"sameAs\":[\"https:\\\/\\\/www.facebook.com\\\/cvinoticias\",\"https:\\\/\\\/www.instagram.com\\\/cvinoticias\\\/\",\"https:\\\/\\\/www.youtube.com\\\/@CVINOTICIAS\"]},{\"@type\":\"Person\",\"@id\":\"https:\\\/\\\/cvinoticias.com\\\/v3\\\/#\\\/schema\\\/person\\\/2db77e3c6bc03c538495d7b2b8be9b66\",\"name\":\"f1000024\",\"image\":{\"@type\":\"ImageObject\",\"inLanguage\":\"es\",\"@id\":\"https:\\\/\\\/secure.gravatar.com\\\/avatar\\\/d4fe7459cfc51ff5129ce1a732bbef5928568b8092d412ef95611616376bbeed?s=96&d=mm&r=g\",\"url\":\"https:\\\/\\\/secure.gravatar.com\\\/avatar\\\/d4fe7459cfc51ff5129ce1a732bbef5928568b8092d412ef95611616376bbeed?s=96&d=mm&r=g\",\"contentUrl\":\"https:\\\/\\\/secure.gravatar.com\\\/avatar\\\/d4fe7459cfc51ff5129ce1a732bbef5928568b8092d412ef95611616376bbeed?s=96&d=mm&r=g\",\"caption\":\"f1000024\"},\"url\":\"https:\\\/\\\/cvinoticias.com\\\/v3\\\/author\\\/f1000024\\\/\"}]}<\/script>\n<!-- \/ Yoast SEO plugin. -->","yoast_head_json":{"title":"Polic\u00eda y comunidad Mby\u00e1 crean Foro de Seguridad | CVI NOTICIAS","description":"La Polic\u00eda de Misiones y la comunidad Mby\u00e1 iniciaron la creaci\u00f3n del primer Foro de Seguridad Intercultural en M\u00e1rtires, con pr\u00f3xima reuni\u00f3n en junio.","robots":{"index":"index","follow":"follow","max-snippet":"max-snippet:-1","max-image-preview":"max-image-preview:large","max-video-preview":"max-video-preview:-1"},"canonical":"https:\/\/cvinoticias.com\/v3\/la-policia-de-misiones-y-la-comunidad-mbya-conforman-el-primer-foro-de-seguridad-conjunto\/","og_locale":"es_ES","og_type":"article","og_title":"Polic\u00eda y comunidad Mby\u00e1 crean Foro de Seguridad | CVI NOTICIAS","og_description":"La Polic\u00eda de Misiones y la comunidad Mby\u00e1 iniciaron la creaci\u00f3n del primer Foro de Seguridad Intercultural en M\u00e1rtires, con pr\u00f3xima reuni\u00f3n en junio.","og_url":"https:\/\/cvinoticias.com\/v3\/la-policia-de-misiones-y-la-comunidad-mbya-conforman-el-primer-foro-de-seguridad-conjunto\/","og_site_name":"CVI NOTICIAS","article_publisher":"https:\/\/www.facebook.com\/cvinoticias","article_published_time":"2025-05-22T13:36:13+00:00","article_modified_time":"2025-05-22T13:36:27+00:00","og_image":[{"width":1199,"height":871,"url":"https:\/\/cvinoticias.com\/wp-content\/uploads\/2025\/05\/Miercoles-21-Mayo-17.jpeg","type":"image\/jpeg"}],"author":"f1000024","twitter_card":"summary_large_image","twitter_misc":{"Escrito por":"f1000024","Tiempo de lectura":"1 minuto"},"schema":{"@context":"https:\/\/schema.org","@graph":[{"@type":"Article","@id":"https:\/\/cvinoticias.com\/v3\/la-policia-de-misiones-y-la-comunidad-mbya-conforman-el-primer-foro-de-seguridad-conjunto\/#article","isPartOf":{"@id":"https:\/\/cvinoticias.com\/v3\/la-policia-de-misiones-y-la-comunidad-mbya-conforman-el-primer-foro-de-seguridad-conjunto\/"},"author":{"name":"f1000024","@id":"https:\/\/cvinoticias.com\/v3\/#\/schema\/person\/2db77e3c6bc03c538495d7b2b8be9b66"},"headline":"La Polic\u00eda de Misiones y la comunidad Mby\u00e1 conforman el primer Foro de Seguridad conjunto","datePublished":"2025-05-22T13:36:13+00:00","dateModified":"2025-05-22T13:36:27+00:00","mainEntityOfPage":{"@id":"https:\/\/cvinoticias.com\/v3\/la-policia-de-misiones-y-la-comunidad-mbya-conforman-el-primer-foro-de-seguridad-conjunto\/"},"wordCount":198,"commentCount":0,"publisher":{"@id":"https:\/\/cvinoticias.com\/v3\/#organization"},"image":{"@id":"https:\/\/cvinoticias.com\/v3\/la-policia-de-misiones-y-la-comunidad-mbya-conforman-el-primer-foro-de-seguridad-conjunto\/#primaryimage"},"thumbnailUrl":"https:\/\/cvinoticias.com\/wp-content\/uploads\/2025\/05\/Miercoles-21-Mayo-17.jpeg","keywords":["comunidad Mby\u00e1","Foro de Seguridad","Polic\u00eda"],"articleSection":["Misiones"],"inLanguage":"es","potentialAction":[{"@type":"CommentAction","name":"Comment","target":["https:\/\/cvinoticias.com\/v3\/la-policia-de-misiones-y-la-comunidad-mbya-conforman-el-primer-foro-de-seguridad-conjunto\/#respond"]}]},{"@type":"WebPage","@id":"https:\/\/cvinoticias.com\/v3\/la-policia-de-misiones-y-la-comunidad-mbya-conforman-el-primer-foro-de-seguridad-conjunto\/","url":"https:\/\/cvinoticias.com\/v3\/la-policia-de-misiones-y-la-comunidad-mbya-conforman-el-primer-foro-de-seguridad-conjunto\/","name":"Polic\u00eda y comunidad Mby\u00e1 crean Foro de Seguridad | CVI NOTICIAS","isPartOf":{"@id":"https:\/\/cvinoticias.com\/v3\/#website"},"primaryImageOfPage":{"@id":"https:\/\/cvinoticias.com\/v3\/la-policia-de-misiones-y-la-comunidad-mbya-conforman-el-primer-foro-de-seguridad-conjunto\/#primaryimage"},"image":{"@id":"https:\/\/cvinoticias.com\/v3\/la-policia-de-misiones-y-la-comunidad-mbya-conforman-el-primer-foro-de-seguridad-conjunto\/#primaryimage"},"thumbnailUrl":"https:\/\/cvinoticias.com\/wp-content\/uploads\/2025\/05\/Miercoles-21-Mayo-17.jpeg","datePublished":"2025-05-22T13:36:13+00:00","dateModified":"2025-05-22T13:36:27+00:00","description":"La Polic\u00eda de Misiones y la comunidad Mby\u00e1 iniciaron la creaci\u00f3n del primer Foro de Seguridad Intercultural en M\u00e1rtires, con pr\u00f3xima reuni\u00f3n en junio.","breadcrumb":{"@id":"https:\/\/cvinoticias.com\/v3\/la-policia-de-misiones-y-la-comunidad-mbya-conforman-el-primer-foro-de-seguridad-conjunto\/#breadcrumb"},"inLanguage":"es","potentialAction":[{"@type":"ReadAction","target":["https:\/\/cvinoticias.com\/v3\/la-policia-de-misiones-y-la-comunidad-mbya-conforman-el-primer-foro-de-seguridad-conjunto\/"]}]},{"@type":"ImageObject","inLanguage":"es","@id":"https:\/\/cvinoticias.com\/v3\/la-policia-de-misiones-y-la-comunidad-mbya-conforman-el-primer-foro-de-seguridad-conjunto\/#primaryimage","url":"https:\/\/cvinoticias.com\/wp-content\/uploads\/2025\/05\/Miercoles-21-Mayo-17.jpeg","contentUrl":"https:\/\/cvinoticias.com\/wp-content\/uploads\/2025\/05\/Miercoles-21-Mayo-17.jpeg","width":1199,"height":871},{"@type":"BreadcrumbList","@id":"https:\/\/cvinoticias.com\/v3\/la-policia-de-misiones-y-la-comunidad-mbya-conforman-el-primer-foro-de-seguridad-conjunto\/#breadcrumb","itemListElement":[{"@type":"ListItem","position":1,"name":"Portada","item":"https:\/\/cvinoticias.com\/v3\/"},{"@type":"ListItem","position":2,"name":"La Polic\u00eda de Misiones y la comunidad Mby\u00e1 conforman el primer Foro de Seguridad conjunto"}]},{"@type":"WebSite","@id":"https:\/\/cvinoticias.com\/v3\/#website","url":"https:\/\/cvinoticias.com\/v3\/","name":"CVI NOTICIAS","description":"","publisher":{"@id":"https:\/\/cvinoticias.com\/v3\/#organization"},"alternateName":"CVI","potentialAction":[{"@type":"SearchAction","target":{"@type":"EntryPoint","urlTemplate":"https:\/\/cvinoticias.com\/v3\/?s={search_term_string}"},"query-input":{"@type":"PropertyValueSpecification","valueRequired":true,"valueName":"search_term_string"}}],"inLanguage":"es"},{"@type":"Organization","@id":"https:\/\/cvinoticias.com\/v3\/#organization","name":"CVI NOTICIAS","url":"https:\/\/cvinoticias.com\/v3\/","logo":{"@type":"ImageObject","inLanguage":"es","@id":"https:\/\/cvinoticias.com\/v3\/#\/schema\/logo\/image\/","url":"https:\/\/cvinoticias.com\/wp-content\/uploads\/2023\/04\/cropped-cropped-cropped-cropped-cropped-3-1.png","contentUrl":"https:\/\/cvinoticias.com\/wp-content\/uploads\/2023\/04\/cropped-cropped-cropped-cropped-cropped-3-1.png","width":95,"height":122,"caption":"CVI NOTICIAS"},"image":{"@id":"https:\/\/cvinoticias.com\/v3\/#\/schema\/logo\/image\/"},"sameAs":["https:\/\/www.facebook.com\/cvinoticias","https:\/\/www.instagram.com\/cvinoticias\/","https:\/\/www.youtube.com\/@CVINOTICIAS"]},{"@type":"Person","@id":"https:\/\/cvinoticias.com\/v3\/#\/schema\/person\/2db77e3c6bc03c538495d7b2b8be9b66","name":"f1000024","image":{"@type":"ImageObject","inLanguage":"es","@id":"https:\/\/secure.gravatar.com\/avatar\/d4fe7459cfc51ff5129ce1a732bbef5928568b8092d412ef95611616376bbeed?s=96&d=mm&r=g","url":"https:\/\/secure.gravatar.com\/avatar\/d4fe7459cfc51ff5129ce1a732bbef5928568b8092d412ef95611616376bbeed?s=96&d=mm&r=g","contentUrl":"https:\/\/secure.gravatar.com\/avatar\/d4fe7459cfc51ff5129ce1a732bbef5928568b8092d412ef95611616376bbeed?s=96&d=mm&r=g","caption":"f1000024"},"url":"https:\/\/cvinoticias.com\/v3\/author\/f1000024\/"}]}},"_links":{"self":[{"href":"https:\/\/cvinoticias.com\/v3\/wp-json\/wp\/v2\/posts\/43844","targetHints":{"allow":["GET"]}}],"collection":[{"href":"https:\/\/cvinoticias.com\/v3\/wp-json\/wp\/v2\/posts"}],"about":[{"href":"https:\/\/cvinoticias.com\/v3\/wp-json\/wp\/v2\/types\/post"}],"author":[{"embeddable":true,"href":"https:\/\/cvinoticias.com\/v3\/wp-json\/wp\/v2\/users\/2"}],"replies":[{"embeddable":true,"href":"https:\/\/cvinoticias.com\/v3\/wp-json\/wp\/v2\/comments?post=43844"}],"version-history":[{"count":1,"href":"https:\/\/cvinoticias.com\/v3\/wp-json\/wp\/v2\/posts\/43844\/revisions"}],"predecessor-version":[{"id":43846,"href":"https:\/\/cvinoticias.com\/v3\/wp-json\/wp\/v2\/posts\/43844\/revisions\/43846"}],"wp:featuredmedia":[{"embeddable":true,"href":"https:\/\/cvinoticias.com\/v3\/wp-json\/wp\/v2\/media\/43845"}],"wp:attachment":[{"href":"https:\/\/cvinoticias.com\/v3\/wp-json\/wp\/v2\/media?parent=43844"}],"wp:term":[{"taxonomy":"category","embeddable":true,"href":"https:\/\/cvinoticias.com\/v3\/wp-json\/wp\/v2\/categories?post=43844"},{"taxonomy":"post_tag","embeddable":true,"href":"https:\/\/cvinoticias.com\/v3\/wp-json\/wp\/v2\/tags?post=43844"}],"curies":[{"name":"wp","href":"https:\/\/api.w.org\/{rel}","templated":true}]}}