{"id":4379,"date":"2021-04-21T05:02:26","date_gmt":"2021-04-21T05:02:26","guid":{"rendered":"https:\/\/cvinoticias.com\/v3\/?p=4379"},"modified":"2021-04-21T05:02:26","modified_gmt":"2021-04-21T05:02:26","slug":"imas-esta-poniendo-en-marcha-un-plan-de-contingencia-para-satisfacer-la-demanda-en-la-distribucion-de-agua","status":"publish","type":"post","link":"https:\/\/cvinoticias.com\/v3\/imas-esta-poniendo-en-marcha-un-plan-de-contingencia-para-satisfacer-la-demanda-en-la-distribucion-de-agua\/","title":{"rendered":"IMAS est\u00e1 poniendo en marcha un plan de contingencia para satisfacer la demanda en la distribuci\u00f3n de agua"},"content":{"rendered":"\n<p><strong><em>El 2 de mayo arrancar\u00e1n las obras en la toma Mbocay. En junio, los trabajos de adecuaci\u00f3n en la planta principal y en septiembre se entregar\u00e1 las obras que realiza el IPRODHA en aguas del Paran\u00e1.<\/em><\/strong><\/p>\n\n\n\n<p>El r\u00edo Iguaz\u00fa subi\u00f3 medio metro con relaci\u00f3n al domingo,\u00a0cuando se produjo el abrupto descenso (de 13 metros toc\u00f3 los 4,5 metros). Por ello, gracias al bombeo de la balsa,\u00a0la toma<strong> <\/strong>secundaria pudo operar ayer lunes con mediana normalidad.<\/p>\n\n\n\n<p>La toma principal sigue inactiva. Por ese motivo,\u00a0la situaci\u00f3n sigue siendo fr\u00e1gil ya que -para operar de manera \u00f3ptima- se necesita que el r\u00edo llegue a los 6 metros. Sin embargo, se plant\u00f3 en los 5 metros y ayer se hicieron \u201cmalabares\u201d para poner operativas a las dos bombas de la balsa de contingencia.<\/p>\n\n\n\n<p>De hecho,\u00a0el panorama no mejorar\u00e1 hasta que lleguen las ansiadas lluvias a la zona de Mato Grosso y Curitiba (Brasil), por ende no se vislumbra otro panorama en el caudal del r\u00edo.<\/p>\n\n\n\n<p>Si bien la crisis que causan las represas situadas en el vecino pa\u00eds se est\u00e1 tratando a nivel Canciller\u00eda, lo cierto es que parte de Iguaz\u00fa sigue aquejada por la falta de agua. Por ello,\u00a0el<strong> <\/strong>IMAS est\u00e1 poniendo en marcha un plan de contingencia para satisfacer la demanda.<\/p>\n\n\n\n<p>Ayer hubo una reuni\u00f3n de urgencia en Posadas para implementar dicho programa, hasta tanto se finalicen los trabajos en las tres tomas que tendr\u00e1 la \u201cCapital del Turismo\u201d, ya que el objetivo del Gobierno es que \u201cning\u00fan vecino de Iguaz\u00fa tenga que padecer la falta de agua\u201d, trascendi\u00f3 despu\u00e9s del encuentro.<\/p>\n\n\n\n<h5 class=\"wp-block-heading\">&#8211; <strong>A corto, mediano y largo plazo<\/strong><\/h5>\n\n\n\n<p>Desde esta semana comenzar\u00e1 la recuperaci\u00f3n y reactivaci\u00f3n de dos pozos perforados. Y la siguiente arrancar\u00e1 con la construcci\u00f3n de otros tres, m\u00e1s la puesta en operaci\u00f3n de antiguos tanques de almacenamiento de la ex-APOS y del IMAS.<\/p>\n\n\n\n<p>Esas ser\u00edan las soluciones a corto plazo y pretenden paliar la crisis ante otro eventual descenso, sin aviso o con \u00e9l, para que la poblaci\u00f3n no padezca un agudo desabastecimiento.<\/p>\n\n\n\n<p>Por otra parte, como soluciones a mediano y largo plazo,\u00a0aparecen la entrega de obras de la nueva toma en el Paran\u00e1 (que estar\u00edan listas en septiembre de este a\u00f1o) para abastecer la zona sur de Iguaz\u00fa, que es hacia donde est\u00e1 creciendo la localidad.<\/p>\n\n\n\n<p>Asimismo, el 11 de mayo se har\u00e1 llamado a licitaci\u00f3n -para comenzar en junio-, con las obras para optimizar la toma principal del r\u00edo Iguaz\u00fa, de tal manera que siempre se acompa\u00f1e el nivel del mismo con la balsa y esta inclusive pueda llegar hasta el canal si es necesario y, desde all\u00ed, extraer el agua.\u00a0El plazo de finalizaci\u00f3n de esa obra es de un a\u00f1o y el objetivo es alimentar a los barrios situados en la zona elevada de la localidad.<\/p>\n\n\n\n<p>Con respecto a la toma secundaria del arroyo Mbocay se buscar\u00e1 ampliar su capacidad,\u00a0la cual pasar\u00e1 de 250 metros c\u00fabicos por hora a 380 metros c\u00fabicos por hora, para procesar unos 500 metros c\u00fabicos de agua potable y abastecer el casco c\u00e9ntrico e hist\u00f3rico de Iguaz\u00fa. El plazo de finalizaci\u00f3n tambi\u00e9n es de un a\u00f1o.<\/p>\n\n\n\n<p>P.E<\/p>\n","protected":false},"excerpt":{"rendered":"<p>El 2 de mayo arrancar\u00e1n las obras en la toma Mbocay. En junio, los trabajos de adecuaci\u00f3n en la planta principal y en septiembre se entregar\u00e1 las obras que realiza el IPRODHA en aguas del Paran\u00e1. El r\u00edo Iguaz\u00fa subi\u00f3 medio metro con relaci\u00f3n al domingo,\u00a0cuando se produjo el abrupto descenso (de 13 metros toc\u00f3 [&hellip;]<\/p>\n","protected":false},"author":2,"featured_media":3900,"comment_status":"open","ping_status":"open","sticky":false,"template":"","format":"standard","meta":{"footnotes":""},"categories":[29],"tags":[],"class_list":["post-4379","post","type-post","status-publish","format-standard","has-post-thumbnail","hentry","category-locales"],"yoast_head":"<!-- This site is optimized with the Yoast SEO plugin v27.5 - https:\/\/yoast.com\/product\/yoast-seo-wordpress\/ -->\n<title>IMAS est\u00e1 poniendo en marcha un plan de contingencia para satisfacer la demanda en la distribuci\u00f3n de agua | CVI NOTICIAS<\/title>\n<meta name=\"robots\" content=\"index, follow, max-snippet:-1, max-image-preview:large, max-video-preview:-1\" \/>\n<link rel=\"canonical\" href=\"https:\/\/cvinoticias.com\/v3\/imas-esta-poniendo-en-marcha-un-plan-de-contingencia-para-satisfacer-la-demanda-en-la-distribucion-de-agua\/\" \/>\n<meta property=\"og:locale\" content=\"es_ES\" \/>\n<meta property=\"og:type\" content=\"article\" \/>\n<meta property=\"og:title\" content=\"IMAS est\u00e1 poniendo en marcha un plan de contingencia para satisfacer la demanda en la distribuci\u00f3n de agua | CVI NOTICIAS\" \/>\n<meta property=\"og:description\" content=\"El 2 de mayo arrancar\u00e1n las obras en la toma Mbocay. En junio, los trabajos de adecuaci\u00f3n en la planta principal y en septiembre se entregar\u00e1 las obras que realiza el IPRODHA en aguas del Paran\u00e1. El r\u00edo Iguaz\u00fa subi\u00f3 medio metro con relaci\u00f3n al domingo,\u00a0cuando se produjo el abrupto descenso (de 13 metros toc\u00f3 [&hellip;]\" \/>\n<meta property=\"og:url\" content=\"https:\/\/cvinoticias.com\/v3\/imas-esta-poniendo-en-marcha-un-plan-de-contingencia-para-satisfacer-la-demanda-en-la-distribucion-de-agua\/\" \/>\n<meta property=\"og:site_name\" content=\"CVI NOTICIAS\" \/>\n<meta property=\"article:publisher\" content=\"https:\/\/www.facebook.com\/cvinoticias\" \/>\n<meta property=\"article:published_time\" content=\"2021-04-21T05:02:26+00:00\" \/>\n<meta property=\"og:image\" content=\"https:\/\/cvinoticias.com\/wp-content\/uploads\/2021\/04\/FB_IMG_1617660963445.jpg\" \/>\n\t<meta property=\"og:image:width\" content=\"1080\" \/>\n\t<meta property=\"og:image:height\" content=\"807\" \/>\n\t<meta property=\"og:image:type\" content=\"image\/jpeg\" \/>\n<meta name=\"author\" content=\"f1000024\" \/>\n<meta name=\"twitter:card\" content=\"summary_large_image\" \/>\n<meta name=\"twitter:label1\" content=\"Escrito por\" \/>\n\t<meta name=\"twitter:data1\" content=\"f1000024\" \/>\n\t<meta name=\"twitter:label2\" content=\"Tiempo de lectura\" \/>\n\t<meta name=\"twitter:data2\" content=\"3 minutos\" \/>\n<script type=\"application\/ld+json\" class=\"yoast-schema-graph\">{\"@context\":\"https:\\\/\\\/schema.org\",\"@graph\":[{\"@type\":\"Article\",\"@id\":\"https:\\\/\\\/cvinoticias.com\\\/v3\\\/imas-esta-poniendo-en-marcha-un-plan-de-contingencia-para-satisfacer-la-demanda-en-la-distribucion-de-agua\\\/#article\",\"isPartOf\":{\"@id\":\"https:\\\/\\\/cvinoticias.com\\\/v3\\\/imas-esta-poniendo-en-marcha-un-plan-de-contingencia-para-satisfacer-la-demanda-en-la-distribucion-de-agua\\\/\"},\"author\":{\"name\":\"f1000024\",\"@id\":\"https:\\\/\\\/cvinoticias.com\\\/v3\\\/#\\\/schema\\\/person\\\/2db77e3c6bc03c538495d7b2b8be9b66\"},\"headline\":\"IMAS est\u00e1 poniendo en marcha un plan de contingencia para satisfacer la demanda en la distribuci\u00f3n de agua\",\"datePublished\":\"2021-04-21T05:02:26+00:00\",\"mainEntityOfPage\":{\"@id\":\"https:\\\/\\\/cvinoticias.com\\\/v3\\\/imas-esta-poniendo-en-marcha-un-plan-de-contingencia-para-satisfacer-la-demanda-en-la-distribucion-de-agua\\\/\"},\"wordCount\":571,\"commentCount\":0,\"publisher\":{\"@id\":\"https:\\\/\\\/cvinoticias.com\\\/v3\\\/#organization\"},\"image\":{\"@id\":\"https:\\\/\\\/cvinoticias.com\\\/v3\\\/imas-esta-poniendo-en-marcha-un-plan-de-contingencia-para-satisfacer-la-demanda-en-la-distribucion-de-agua\\\/#primaryimage\"},\"thumbnailUrl\":\"https:\\\/\\\/cvinoticias.com\\\/wp-content\\\/uploads\\\/2021\\\/04\\\/FB_IMG_1617660963445.jpg\",\"articleSection\":[\"Locales\"],\"inLanguage\":\"es\",\"potentialAction\":[{\"@type\":\"CommentAction\",\"name\":\"Comment\",\"target\":[\"https:\\\/\\\/cvinoticias.com\\\/v3\\\/imas-esta-poniendo-en-marcha-un-plan-de-contingencia-para-satisfacer-la-demanda-en-la-distribucion-de-agua\\\/#respond\"]}]},{\"@type\":\"WebPage\",\"@id\":\"https:\\\/\\\/cvinoticias.com\\\/v3\\\/imas-esta-poniendo-en-marcha-un-plan-de-contingencia-para-satisfacer-la-demanda-en-la-distribucion-de-agua\\\/\",\"url\":\"https:\\\/\\\/cvinoticias.com\\\/v3\\\/imas-esta-poniendo-en-marcha-un-plan-de-contingencia-para-satisfacer-la-demanda-en-la-distribucion-de-agua\\\/\",\"name\":\"IMAS est\u00e1 poniendo en marcha un plan de contingencia para satisfacer la demanda en la distribuci\u00f3n de agua | CVI NOTICIAS\",\"isPartOf\":{\"@id\":\"https:\\\/\\\/cvinoticias.com\\\/v3\\\/#website\"},\"primaryImageOfPage\":{\"@id\":\"https:\\\/\\\/cvinoticias.com\\\/v3\\\/imas-esta-poniendo-en-marcha-un-plan-de-contingencia-para-satisfacer-la-demanda-en-la-distribucion-de-agua\\\/#primaryimage\"},\"image\":{\"@id\":\"https:\\\/\\\/cvinoticias.com\\\/v3\\\/imas-esta-poniendo-en-marcha-un-plan-de-contingencia-para-satisfacer-la-demanda-en-la-distribucion-de-agua\\\/#primaryimage\"},\"thumbnailUrl\":\"https:\\\/\\\/cvinoticias.com\\\/wp-content\\\/uploads\\\/2021\\\/04\\\/FB_IMG_1617660963445.jpg\",\"datePublished\":\"2021-04-21T05:02:26+00:00\",\"breadcrumb\":{\"@id\":\"https:\\\/\\\/cvinoticias.com\\\/v3\\\/imas-esta-poniendo-en-marcha-un-plan-de-contingencia-para-satisfacer-la-demanda-en-la-distribucion-de-agua\\\/#breadcrumb\"},\"inLanguage\":\"es\",\"potentialAction\":[{\"@type\":\"ReadAction\",\"target\":[\"https:\\\/\\\/cvinoticias.com\\\/v3\\\/imas-esta-poniendo-en-marcha-un-plan-de-contingencia-para-satisfacer-la-demanda-en-la-distribucion-de-agua\\\/\"]}]},{\"@type\":\"ImageObject\",\"inLanguage\":\"es\",\"@id\":\"https:\\\/\\\/cvinoticias.com\\\/v3\\\/imas-esta-poniendo-en-marcha-un-plan-de-contingencia-para-satisfacer-la-demanda-en-la-distribucion-de-agua\\\/#primaryimage\",\"url\":\"https:\\\/\\\/cvinoticias.com\\\/wp-content\\\/uploads\\\/2021\\\/04\\\/FB_IMG_1617660963445.jpg\",\"contentUrl\":\"https:\\\/\\\/cvinoticias.com\\\/wp-content\\\/uploads\\\/2021\\\/04\\\/FB_IMG_1617660963445.jpg\",\"width\":1080,\"height\":807},{\"@type\":\"BreadcrumbList\",\"@id\":\"https:\\\/\\\/cvinoticias.com\\\/v3\\\/imas-esta-poniendo-en-marcha-un-plan-de-contingencia-para-satisfacer-la-demanda-en-la-distribucion-de-agua\\\/#breadcrumb\",\"itemListElement\":[{\"@type\":\"ListItem\",\"position\":1,\"name\":\"Portada\",\"item\":\"https:\\\/\\\/cvinoticias.com\\\/v3\\\/\"},{\"@type\":\"ListItem\",\"position\":2,\"name\":\"IMAS est\u00e1 poniendo en marcha un plan de contingencia para satisfacer la demanda en la distribuci\u00f3n de agua\"}]},{\"@type\":\"WebSite\",\"@id\":\"https:\\\/\\\/cvinoticias.com\\\/v3\\\/#website\",\"url\":\"https:\\\/\\\/cvinoticias.com\\\/v3\\\/\",\"name\":\"CVI NOTICIAS\",\"description\":\"\",\"publisher\":{\"@id\":\"https:\\\/\\\/cvinoticias.com\\\/v3\\\/#organization\"},\"alternateName\":\"CVI\",\"potentialAction\":[{\"@type\":\"SearchAction\",\"target\":{\"@type\":\"EntryPoint\",\"urlTemplate\":\"https:\\\/\\\/cvinoticias.com\\\/v3\\\/?s={search_term_string}\"},\"query-input\":{\"@type\":\"PropertyValueSpecification\",\"valueRequired\":true,\"valueName\":\"search_term_string\"}}],\"inLanguage\":\"es\"},{\"@type\":\"Organization\",\"@id\":\"https:\\\/\\\/cvinoticias.com\\\/v3\\\/#organization\",\"name\":\"CVI NOTICIAS\",\"url\":\"https:\\\/\\\/cvinoticias.com\\\/v3\\\/\",\"logo\":{\"@type\":\"ImageObject\",\"inLanguage\":\"es\",\"@id\":\"https:\\\/\\\/cvinoticias.com\\\/v3\\\/#\\\/schema\\\/logo\\\/image\\\/\",\"url\":\"https:\\\/\\\/cvinoticias.com\\\/wp-content\\\/uploads\\\/2023\\\/04\\\/cropped-cropped-cropped-cropped-cropped-3-1.png\",\"contentUrl\":\"https:\\\/\\\/cvinoticias.com\\\/wp-content\\\/uploads\\\/2023\\\/04\\\/cropped-cropped-cropped-cropped-cropped-3-1.png\",\"width\":95,\"height\":122,\"caption\":\"CVI NOTICIAS\"},\"image\":{\"@id\":\"https:\\\/\\\/cvinoticias.com\\\/v3\\\/#\\\/schema\\\/logo\\\/image\\\/\"},\"sameAs\":[\"https:\\\/\\\/www.facebook.com\\\/cvinoticias\",\"https:\\\/\\\/www.instagram.com\\\/cvinoticias\\\/\",\"https:\\\/\\\/www.youtube.com\\\/@CVINOTICIAS\"]},{\"@type\":\"Person\",\"@id\":\"https:\\\/\\\/cvinoticias.com\\\/v3\\\/#\\\/schema\\\/person\\\/2db77e3c6bc03c538495d7b2b8be9b66\",\"name\":\"f1000024\",\"image\":{\"@type\":\"ImageObject\",\"inLanguage\":\"es\",\"@id\":\"https:\\\/\\\/secure.gravatar.com\\\/avatar\\\/d4fe7459cfc51ff5129ce1a732bbef5928568b8092d412ef95611616376bbeed?s=96&d=mm&r=g\",\"url\":\"https:\\\/\\\/secure.gravatar.com\\\/avatar\\\/d4fe7459cfc51ff5129ce1a732bbef5928568b8092d412ef95611616376bbeed?s=96&d=mm&r=g\",\"contentUrl\":\"https:\\\/\\\/secure.gravatar.com\\\/avatar\\\/d4fe7459cfc51ff5129ce1a732bbef5928568b8092d412ef95611616376bbeed?s=96&d=mm&r=g\",\"caption\":\"f1000024\"},\"url\":\"https:\\\/\\\/cvinoticias.com\\\/v3\\\/author\\\/f1000024\\\/\"}]}<\/script>\n<!-- \/ Yoast SEO plugin. -->","yoast_head_json":{"title":"IMAS est\u00e1 poniendo en marcha un plan de contingencia para satisfacer la demanda en la distribuci\u00f3n de agua | CVI NOTICIAS","robots":{"index":"index","follow":"follow","max-snippet":"max-snippet:-1","max-image-preview":"max-image-preview:large","max-video-preview":"max-video-preview:-1"},"canonical":"https:\/\/cvinoticias.com\/v3\/imas-esta-poniendo-en-marcha-un-plan-de-contingencia-para-satisfacer-la-demanda-en-la-distribucion-de-agua\/","og_locale":"es_ES","og_type":"article","og_title":"IMAS est\u00e1 poniendo en marcha un plan de contingencia para satisfacer la demanda en la distribuci\u00f3n de agua | CVI NOTICIAS","og_description":"El 2 de mayo arrancar\u00e1n las obras en la toma Mbocay. En junio, los trabajos de adecuaci\u00f3n en la planta principal y en septiembre se entregar\u00e1 las obras que realiza el IPRODHA en aguas del Paran\u00e1. El r\u00edo Iguaz\u00fa subi\u00f3 medio metro con relaci\u00f3n al domingo,\u00a0cuando se produjo el abrupto descenso (de 13 metros toc\u00f3 [&hellip;]","og_url":"https:\/\/cvinoticias.com\/v3\/imas-esta-poniendo-en-marcha-un-plan-de-contingencia-para-satisfacer-la-demanda-en-la-distribucion-de-agua\/","og_site_name":"CVI NOTICIAS","article_publisher":"https:\/\/www.facebook.com\/cvinoticias","article_published_time":"2021-04-21T05:02:26+00:00","og_image":[{"width":1080,"height":807,"url":"https:\/\/cvinoticias.com\/wp-content\/uploads\/2021\/04\/FB_IMG_1617660963445.jpg","type":"image\/jpeg"}],"author":"f1000024","twitter_card":"summary_large_image","twitter_misc":{"Escrito por":"f1000024","Tiempo de lectura":"3 minutos"},"schema":{"@context":"https:\/\/schema.org","@graph":[{"@type":"Article","@id":"https:\/\/cvinoticias.com\/v3\/imas-esta-poniendo-en-marcha-un-plan-de-contingencia-para-satisfacer-la-demanda-en-la-distribucion-de-agua\/#article","isPartOf":{"@id":"https:\/\/cvinoticias.com\/v3\/imas-esta-poniendo-en-marcha-un-plan-de-contingencia-para-satisfacer-la-demanda-en-la-distribucion-de-agua\/"},"author":{"name":"f1000024","@id":"https:\/\/cvinoticias.com\/v3\/#\/schema\/person\/2db77e3c6bc03c538495d7b2b8be9b66"},"headline":"IMAS est\u00e1 poniendo en marcha un plan de contingencia para satisfacer la demanda en la distribuci\u00f3n de agua","datePublished":"2021-04-21T05:02:26+00:00","mainEntityOfPage":{"@id":"https:\/\/cvinoticias.com\/v3\/imas-esta-poniendo-en-marcha-un-plan-de-contingencia-para-satisfacer-la-demanda-en-la-distribucion-de-agua\/"},"wordCount":571,"commentCount":0,"publisher":{"@id":"https:\/\/cvinoticias.com\/v3\/#organization"},"image":{"@id":"https:\/\/cvinoticias.com\/v3\/imas-esta-poniendo-en-marcha-un-plan-de-contingencia-para-satisfacer-la-demanda-en-la-distribucion-de-agua\/#primaryimage"},"thumbnailUrl":"https:\/\/cvinoticias.com\/wp-content\/uploads\/2021\/04\/FB_IMG_1617660963445.jpg","articleSection":["Locales"],"inLanguage":"es","potentialAction":[{"@type":"CommentAction","name":"Comment","target":["https:\/\/cvinoticias.com\/v3\/imas-esta-poniendo-en-marcha-un-plan-de-contingencia-para-satisfacer-la-demanda-en-la-distribucion-de-agua\/#respond"]}]},{"@type":"WebPage","@id":"https:\/\/cvinoticias.com\/v3\/imas-esta-poniendo-en-marcha-un-plan-de-contingencia-para-satisfacer-la-demanda-en-la-distribucion-de-agua\/","url":"https:\/\/cvinoticias.com\/v3\/imas-esta-poniendo-en-marcha-un-plan-de-contingencia-para-satisfacer-la-demanda-en-la-distribucion-de-agua\/","name":"IMAS est\u00e1 poniendo en marcha un plan de contingencia para satisfacer la demanda en la distribuci\u00f3n de agua | CVI NOTICIAS","isPartOf":{"@id":"https:\/\/cvinoticias.com\/v3\/#website"},"primaryImageOfPage":{"@id":"https:\/\/cvinoticias.com\/v3\/imas-esta-poniendo-en-marcha-un-plan-de-contingencia-para-satisfacer-la-demanda-en-la-distribucion-de-agua\/#primaryimage"},"image":{"@id":"https:\/\/cvinoticias.com\/v3\/imas-esta-poniendo-en-marcha-un-plan-de-contingencia-para-satisfacer-la-demanda-en-la-distribucion-de-agua\/#primaryimage"},"thumbnailUrl":"https:\/\/cvinoticias.com\/wp-content\/uploads\/2021\/04\/FB_IMG_1617660963445.jpg","datePublished":"2021-04-21T05:02:26+00:00","breadcrumb":{"@id":"https:\/\/cvinoticias.com\/v3\/imas-esta-poniendo-en-marcha-un-plan-de-contingencia-para-satisfacer-la-demanda-en-la-distribucion-de-agua\/#breadcrumb"},"inLanguage":"es","potentialAction":[{"@type":"ReadAction","target":["https:\/\/cvinoticias.com\/v3\/imas-esta-poniendo-en-marcha-un-plan-de-contingencia-para-satisfacer-la-demanda-en-la-distribucion-de-agua\/"]}]},{"@type":"ImageObject","inLanguage":"es","@id":"https:\/\/cvinoticias.com\/v3\/imas-esta-poniendo-en-marcha-un-plan-de-contingencia-para-satisfacer-la-demanda-en-la-distribucion-de-agua\/#primaryimage","url":"https:\/\/cvinoticias.com\/wp-content\/uploads\/2021\/04\/FB_IMG_1617660963445.jpg","contentUrl":"https:\/\/cvinoticias.com\/wp-content\/uploads\/2021\/04\/FB_IMG_1617660963445.jpg","width":1080,"height":807},{"@type":"BreadcrumbList","@id":"https:\/\/cvinoticias.com\/v3\/imas-esta-poniendo-en-marcha-un-plan-de-contingencia-para-satisfacer-la-demanda-en-la-distribucion-de-agua\/#breadcrumb","itemListElement":[{"@type":"ListItem","position":1,"name":"Portada","item":"https:\/\/cvinoticias.com\/v3\/"},{"@type":"ListItem","position":2,"name":"IMAS est\u00e1 poniendo en marcha un plan de contingencia para satisfacer la demanda en la distribuci\u00f3n de agua"}]},{"@type":"WebSite","@id":"https:\/\/cvinoticias.com\/v3\/#website","url":"https:\/\/cvinoticias.com\/v3\/","name":"CVI NOTICIAS","description":"","publisher":{"@id":"https:\/\/cvinoticias.com\/v3\/#organization"},"alternateName":"CVI","potentialAction":[{"@type":"SearchAction","target":{"@type":"EntryPoint","urlTemplate":"https:\/\/cvinoticias.com\/v3\/?s={search_term_string}"},"query-input":{"@type":"PropertyValueSpecification","valueRequired":true,"valueName":"search_term_string"}}],"inLanguage":"es"},{"@type":"Organization","@id":"https:\/\/cvinoticias.com\/v3\/#organization","name":"CVI NOTICIAS","url":"https:\/\/cvinoticias.com\/v3\/","logo":{"@type":"ImageObject","inLanguage":"es","@id":"https:\/\/cvinoticias.com\/v3\/#\/schema\/logo\/image\/","url":"https:\/\/cvinoticias.com\/wp-content\/uploads\/2023\/04\/cropped-cropped-cropped-cropped-cropped-3-1.png","contentUrl":"https:\/\/cvinoticias.com\/wp-content\/uploads\/2023\/04\/cropped-cropped-cropped-cropped-cropped-3-1.png","width":95,"height":122,"caption":"CVI NOTICIAS"},"image":{"@id":"https:\/\/cvinoticias.com\/v3\/#\/schema\/logo\/image\/"},"sameAs":["https:\/\/www.facebook.com\/cvinoticias","https:\/\/www.instagram.com\/cvinoticias\/","https:\/\/www.youtube.com\/@CVINOTICIAS"]},{"@type":"Person","@id":"https:\/\/cvinoticias.com\/v3\/#\/schema\/person\/2db77e3c6bc03c538495d7b2b8be9b66","name":"f1000024","image":{"@type":"ImageObject","inLanguage":"es","@id":"https:\/\/secure.gravatar.com\/avatar\/d4fe7459cfc51ff5129ce1a732bbef5928568b8092d412ef95611616376bbeed?s=96&d=mm&r=g","url":"https:\/\/secure.gravatar.com\/avatar\/d4fe7459cfc51ff5129ce1a732bbef5928568b8092d412ef95611616376bbeed?s=96&d=mm&r=g","contentUrl":"https:\/\/secure.gravatar.com\/avatar\/d4fe7459cfc51ff5129ce1a732bbef5928568b8092d412ef95611616376bbeed?s=96&d=mm&r=g","caption":"f1000024"},"url":"https:\/\/cvinoticias.com\/v3\/author\/f1000024\/"}]}},"_links":{"self":[{"href":"https:\/\/cvinoticias.com\/v3\/wp-json\/wp\/v2\/posts\/4379","targetHints":{"allow":["GET"]}}],"collection":[{"href":"https:\/\/cvinoticias.com\/v3\/wp-json\/wp\/v2\/posts"}],"about":[{"href":"https:\/\/cvinoticias.com\/v3\/wp-json\/wp\/v2\/types\/post"}],"author":[{"embeddable":true,"href":"https:\/\/cvinoticias.com\/v3\/wp-json\/wp\/v2\/users\/2"}],"replies":[{"embeddable":true,"href":"https:\/\/cvinoticias.com\/v3\/wp-json\/wp\/v2\/comments?post=4379"}],"version-history":[{"count":1,"href":"https:\/\/cvinoticias.com\/v3\/wp-json\/wp\/v2\/posts\/4379\/revisions"}],"predecessor-version":[{"id":4381,"href":"https:\/\/cvinoticias.com\/v3\/wp-json\/wp\/v2\/posts\/4379\/revisions\/4381"}],"wp:featuredmedia":[{"embeddable":true,"href":"https:\/\/cvinoticias.com\/v3\/wp-json\/wp\/v2\/media\/3900"}],"wp:attachment":[{"href":"https:\/\/cvinoticias.com\/v3\/wp-json\/wp\/v2\/media?parent=4379"}],"wp:term":[{"taxonomy":"category","embeddable":true,"href":"https:\/\/cvinoticias.com\/v3\/wp-json\/wp\/v2\/categories?post=4379"},{"taxonomy":"post_tag","embeddable":true,"href":"https:\/\/cvinoticias.com\/v3\/wp-json\/wp\/v2\/tags?post=4379"}],"curies":[{"name":"wp","href":"https:\/\/api.w.org\/{rel}","templated":true}]}}