{"id":43713,"date":"2025-05-20T11:33:50","date_gmt":"2025-05-20T14:33:50","guid":{"rendered":"https:\/\/cvinoticias.com\/v3\/?p=43713"},"modified":"2025-05-20T11:33:51","modified_gmt":"2025-05-20T14:33:51","slug":"inteligencia-artificial-para-emprendedores-misiones-futura-culmina-su-ciclo-hoy-en-obera","status":"publish","type":"post","link":"https:\/\/cvinoticias.com\/v3\/inteligencia-artificial-para-emprendedores-misiones-futura-culmina-su-ciclo-hoy-en-obera\/","title":{"rendered":"Inteligencia Artificial para emprendedores: Misiones Futura culmina su ciclo hoy en Ober\u00e1"},"content":{"rendered":"\n<p>Este martes 20 de mayo se realiza en Ober\u00e1 el cierre del ciclo Misiones Futura con una charla sobre inteligencia artificial para emprendedores, a cargo de Ragaco.<\/p>\n\n\n\n<p>Este martes 20 de mayo a las 18:00 se realizar\u00e1&nbsp;<strong>en Ober\u00e1 la \u00faltima jornada del ciclo Misiones Futura<\/strong>. El evento se desarrollar\u00e1 en la Casa del Bicentenario, ubicada en Jos\u00e9 Ingenieros y Larrea. La actividad es sin costo y requiere inscripci\u00f3n previa a trav\u00e9s de un formulario online.<\/p>\n\n\n\n<p>La<strong>&nbsp;propuesta estar\u00e1 centrada en inteligencia artificial para emprendedores<\/strong>&nbsp;y ser\u00e1 dictada por&nbsp;<strong>Rafael Costa Garrido, conocido como<em>&nbsp;Ragaco<\/em><\/strong>. Es Senior Creative &amp; AI Ambassador en Media.Monks y el primer argentino nombrado Runway Creative Partner. Se destaca por su trayectoria internacional en innovaci\u00f3n y nuevas tecnolog\u00edas.<\/p>\n\n\n\n<figure class=\"wp-block-image\"><img decoding=\"async\" data-src=\"https:\/\/www.canal12misiones.com\/wp-content\/uploads\/2025\/05\/WhatsApp-Image-2025-05-15-at-7.34.13-PM-576x1024.webp\" alt=\"\" class=\"wp-image-508799 lazyload\" src=\"data:image\/svg+xml;base64,PHN2ZyB3aWR0aD0iMSIgaGVpZ2h0PSIxIiB4bWxucz0iaHR0cDovL3d3dy53My5vcmcvMjAwMC9zdmciPjwvc3ZnPg==\" style=\"--smush-placeholder-width: 576px; --smush-placeholder-aspect-ratio: 576\/1024;\" \/><\/figure>\n\n\n\n<h3 class=\"wp-block-heading\">Inteligencia artificial para emprendedores: tema central del evento<\/h3>\n\n\n\n<p>Durante la charla, Ragaco abordar\u00e1 el uso de herramientas de&nbsp;<strong>inteligencia artificial y su aplicaci\u00f3n en proyectos creativos<\/strong>. En una edici\u00f3n anterior del ciclo, sostuvo: \u201cLa diferencia competitiva y de calidad que tiene un usuario que usa inteligencia artificial es muy diferente a alguien que no la usa\u201d.<\/p>\n\n\n\n<p>Adem\u00e1s, los asistentes podr\u00e1n conocer proyectos desarrollados por emprendedores locales que participaron del programa. Estas iniciativas surgieron a partir de las herramientas y conocimientos adquiridos en el ciclo.<\/p>\n\n\n\n<p>Misiones Futura es una propuesta impulsada por la Vicegobernaci\u00f3n. Durante diez clases, el programa ofreci\u00f3 formaci\u00f3n en herramientas digitales para el sector privado. Entre los temas abordados se incluyen branding con inteligencia artificial, dise\u00f1o en Canva, edici\u00f3n multimedia y estrategias para redes sociales.<\/p>\n\n\n\n<p>El ciclo se desarroll\u00f3 en distintos puntos de Misiones, con el objetivo de fortalecer capacidades en emprendedores, estudiantes y empresarios. El cierre en Ober\u00e1 busca consolidar lo aprendido y ampliar el acceso a nuevos conocimientos<\/p>\n\n\n\n<p><\/p>\n","protected":false},"excerpt":{"rendered":"<p>Este martes 20 de mayo se realiza en Ober\u00e1 el cierre del ciclo Misiones Futura con una charla sobre inteligencia artificial para emprendedores, a cargo de Ragaco. Este martes 20 de mayo a las 18:00 se realizar\u00e1&nbsp;en Ober\u00e1 la \u00faltima jornada del ciclo Misiones Futura. El evento se desarrollar\u00e1 en la Casa del Bicentenario, ubicada [&hellip;]<\/p>\n","protected":false},"author":2,"featured_media":43714,"comment_status":"open","ping_status":"open","sticky":false,"template":"","format":"standard","meta":{"footnotes":""},"categories":[455,424],"tags":[145,1501,1947],"class_list":["post-43713","post","type-post","status-publish","format-standard","has-post-thumbnail","hentry","category-misiones","category-tecnologia","tag-emprendedores","tag-inteligencia-artificial","tag-misiones-futura"],"yoast_head":"<!-- This site is optimized with the Yoast SEO plugin v27.5 - https:\/\/yoast.com\/product\/yoast-seo-wordpress\/ -->\n<title>AI para emprendedores: Misiones Futura cierra en Ober\u00e1 | CVI NOTICIAS<\/title>\n<meta name=\"description\" content=\"Misiones Futura cierra su ciclo hoy en Ober\u00e1 con una charla sobre inteligencia artificial aplicada al emprendimiento, a cargo del creativo Ragaco.\" \/>\n<meta name=\"robots\" content=\"index, follow, max-snippet:-1, max-image-preview:large, max-video-preview:-1\" \/>\n<link rel=\"canonical\" href=\"https:\/\/cvinoticias.com\/v3\/inteligencia-artificial-para-emprendedores-misiones-futura-culmina-su-ciclo-hoy-en-obera\/\" \/>\n<meta property=\"og:locale\" content=\"es_ES\" \/>\n<meta property=\"og:type\" content=\"article\" \/>\n<meta property=\"og:title\" content=\"AI para emprendedores: Misiones Futura cierra en Ober\u00e1 | CVI NOTICIAS\" \/>\n<meta property=\"og:description\" content=\"Misiones Futura cierra su ciclo hoy en Ober\u00e1 con una charla sobre inteligencia artificial aplicada al emprendimiento, a cargo del creativo Ragaco.\" \/>\n<meta property=\"og:url\" content=\"https:\/\/cvinoticias.com\/v3\/inteligencia-artificial-para-emprendedores-misiones-futura-culmina-su-ciclo-hoy-en-obera\/\" \/>\n<meta property=\"og:site_name\" content=\"CVI NOTICIAS\" \/>\n<meta property=\"article:publisher\" content=\"https:\/\/www.facebook.com\/cvinoticias\" \/>\n<meta property=\"article:published_time\" content=\"2025-05-20T14:33:50+00:00\" \/>\n<meta property=\"article:modified_time\" content=\"2025-05-20T14:33:51+00:00\" \/>\n<meta property=\"og:image\" content=\"https:\/\/cvinoticias.com\/wp-content\/uploads\/2025\/05\/IMG-20250515-WA0012-2.webp\" \/>\n\t<meta property=\"og:image:width\" content=\"788\" \/>\n\t<meta property=\"og:image:height\" content=\"525\" \/>\n\t<meta property=\"og:image:type\" content=\"image\/webp\" \/>\n<meta name=\"author\" content=\"f1000024\" \/>\n<meta name=\"twitter:card\" content=\"summary_large_image\" \/>\n<meta name=\"twitter:label1\" content=\"Escrito por\" \/>\n\t<meta name=\"twitter:data1\" content=\"f1000024\" \/>\n\t<meta name=\"twitter:label2\" content=\"Tiempo de lectura\" \/>\n\t<meta name=\"twitter:data2\" content=\"2 minutos\" \/>\n<script type=\"application\/ld+json\" class=\"yoast-schema-graph\">{\"@context\":\"https:\\\/\\\/schema.org\",\"@graph\":[{\"@type\":\"Article\",\"@id\":\"https:\\\/\\\/cvinoticias.com\\\/v3\\\/inteligencia-artificial-para-emprendedores-misiones-futura-culmina-su-ciclo-hoy-en-obera\\\/#article\",\"isPartOf\":{\"@id\":\"https:\\\/\\\/cvinoticias.com\\\/v3\\\/inteligencia-artificial-para-emprendedores-misiones-futura-culmina-su-ciclo-hoy-en-obera\\\/\"},\"author\":{\"name\":\"f1000024\",\"@id\":\"https:\\\/\\\/cvinoticias.com\\\/v3\\\/#\\\/schema\\\/person\\\/2db77e3c6bc03c538495d7b2b8be9b66\"},\"headline\":\"Inteligencia Artificial para emprendedores: Misiones Futura culmina su ciclo hoy en Ober\u00e1\",\"datePublished\":\"2025-05-20T14:33:50+00:00\",\"dateModified\":\"2025-05-20T14:33:51+00:00\",\"mainEntityOfPage\":{\"@id\":\"https:\\\/\\\/cvinoticias.com\\\/v3\\\/inteligencia-artificial-para-emprendedores-misiones-futura-culmina-su-ciclo-hoy-en-obera\\\/\"},\"wordCount\":312,\"commentCount\":0,\"publisher\":{\"@id\":\"https:\\\/\\\/cvinoticias.com\\\/v3\\\/#organization\"},\"image\":{\"@id\":\"https:\\\/\\\/cvinoticias.com\\\/v3\\\/inteligencia-artificial-para-emprendedores-misiones-futura-culmina-su-ciclo-hoy-en-obera\\\/#primaryimage\"},\"thumbnailUrl\":\"https:\\\/\\\/cvinoticias.com\\\/wp-content\\\/uploads\\\/2025\\\/05\\\/IMG-20250515-WA0012-2.webp\",\"keywords\":[\"emprendedores\",\"Inteligencia artificial\",\"Misiones Futura\"],\"articleSection\":[\"Misiones\",\"Tecnolog\u00eda\"],\"inLanguage\":\"es\",\"potentialAction\":[{\"@type\":\"CommentAction\",\"name\":\"Comment\",\"target\":[\"https:\\\/\\\/cvinoticias.com\\\/v3\\\/inteligencia-artificial-para-emprendedores-misiones-futura-culmina-su-ciclo-hoy-en-obera\\\/#respond\"]}]},{\"@type\":\"WebPage\",\"@id\":\"https:\\\/\\\/cvinoticias.com\\\/v3\\\/inteligencia-artificial-para-emprendedores-misiones-futura-culmina-su-ciclo-hoy-en-obera\\\/\",\"url\":\"https:\\\/\\\/cvinoticias.com\\\/v3\\\/inteligencia-artificial-para-emprendedores-misiones-futura-culmina-su-ciclo-hoy-en-obera\\\/\",\"name\":\"AI para emprendedores: Misiones Futura cierra en Ober\u00e1 | CVI NOTICIAS\",\"isPartOf\":{\"@id\":\"https:\\\/\\\/cvinoticias.com\\\/v3\\\/#website\"},\"primaryImageOfPage\":{\"@id\":\"https:\\\/\\\/cvinoticias.com\\\/v3\\\/inteligencia-artificial-para-emprendedores-misiones-futura-culmina-su-ciclo-hoy-en-obera\\\/#primaryimage\"},\"image\":{\"@id\":\"https:\\\/\\\/cvinoticias.com\\\/v3\\\/inteligencia-artificial-para-emprendedores-misiones-futura-culmina-su-ciclo-hoy-en-obera\\\/#primaryimage\"},\"thumbnailUrl\":\"https:\\\/\\\/cvinoticias.com\\\/wp-content\\\/uploads\\\/2025\\\/05\\\/IMG-20250515-WA0012-2.webp\",\"datePublished\":\"2025-05-20T14:33:50+00:00\",\"dateModified\":\"2025-05-20T14:33:51+00:00\",\"description\":\"Misiones Futura cierra su ciclo hoy en Ober\u00e1 con una charla sobre inteligencia artificial aplicada al emprendimiento, a cargo del creativo Ragaco.\",\"breadcrumb\":{\"@id\":\"https:\\\/\\\/cvinoticias.com\\\/v3\\\/inteligencia-artificial-para-emprendedores-misiones-futura-culmina-su-ciclo-hoy-en-obera\\\/#breadcrumb\"},\"inLanguage\":\"es\",\"potentialAction\":[{\"@type\":\"ReadAction\",\"target\":[\"https:\\\/\\\/cvinoticias.com\\\/v3\\\/inteligencia-artificial-para-emprendedores-misiones-futura-culmina-su-ciclo-hoy-en-obera\\\/\"]}]},{\"@type\":\"ImageObject\",\"inLanguage\":\"es\",\"@id\":\"https:\\\/\\\/cvinoticias.com\\\/v3\\\/inteligencia-artificial-para-emprendedores-misiones-futura-culmina-su-ciclo-hoy-en-obera\\\/#primaryimage\",\"url\":\"https:\\\/\\\/cvinoticias.com\\\/wp-content\\\/uploads\\\/2025\\\/05\\\/IMG-20250515-WA0012-2.webp\",\"contentUrl\":\"https:\\\/\\\/cvinoticias.com\\\/wp-content\\\/uploads\\\/2025\\\/05\\\/IMG-20250515-WA0012-2.webp\",\"width\":788,\"height\":525},{\"@type\":\"BreadcrumbList\",\"@id\":\"https:\\\/\\\/cvinoticias.com\\\/v3\\\/inteligencia-artificial-para-emprendedores-misiones-futura-culmina-su-ciclo-hoy-en-obera\\\/#breadcrumb\",\"itemListElement\":[{\"@type\":\"ListItem\",\"position\":1,\"name\":\"Portada\",\"item\":\"https:\\\/\\\/cvinoticias.com\\\/v3\\\/\"},{\"@type\":\"ListItem\",\"position\":2,\"name\":\"Inteligencia Artificial para emprendedores: Misiones Futura culmina su ciclo hoy en Ober\u00e1\"}]},{\"@type\":\"WebSite\",\"@id\":\"https:\\\/\\\/cvinoticias.com\\\/v3\\\/#website\",\"url\":\"https:\\\/\\\/cvinoticias.com\\\/v3\\\/\",\"name\":\"CVI NOTICIAS\",\"description\":\"\",\"publisher\":{\"@id\":\"https:\\\/\\\/cvinoticias.com\\\/v3\\\/#organization\"},\"alternateName\":\"CVI\",\"potentialAction\":[{\"@type\":\"SearchAction\",\"target\":{\"@type\":\"EntryPoint\",\"urlTemplate\":\"https:\\\/\\\/cvinoticias.com\\\/v3\\\/?s={search_term_string}\"},\"query-input\":{\"@type\":\"PropertyValueSpecification\",\"valueRequired\":true,\"valueName\":\"search_term_string\"}}],\"inLanguage\":\"es\"},{\"@type\":\"Organization\",\"@id\":\"https:\\\/\\\/cvinoticias.com\\\/v3\\\/#organization\",\"name\":\"CVI NOTICIAS\",\"url\":\"https:\\\/\\\/cvinoticias.com\\\/v3\\\/\",\"logo\":{\"@type\":\"ImageObject\",\"inLanguage\":\"es\",\"@id\":\"https:\\\/\\\/cvinoticias.com\\\/v3\\\/#\\\/schema\\\/logo\\\/image\\\/\",\"url\":\"https:\\\/\\\/cvinoticias.com\\\/wp-content\\\/uploads\\\/2023\\\/04\\\/cropped-cropped-cropped-cropped-cropped-3-1.png\",\"contentUrl\":\"https:\\\/\\\/cvinoticias.com\\\/wp-content\\\/uploads\\\/2023\\\/04\\\/cropped-cropped-cropped-cropped-cropped-3-1.png\",\"width\":95,\"height\":122,\"caption\":\"CVI NOTICIAS\"},\"image\":{\"@id\":\"https:\\\/\\\/cvinoticias.com\\\/v3\\\/#\\\/schema\\\/logo\\\/image\\\/\"},\"sameAs\":[\"https:\\\/\\\/www.facebook.com\\\/cvinoticias\",\"https:\\\/\\\/www.instagram.com\\\/cvinoticias\\\/\",\"https:\\\/\\\/www.youtube.com\\\/@CVINOTICIAS\"]},{\"@type\":\"Person\",\"@id\":\"https:\\\/\\\/cvinoticias.com\\\/v3\\\/#\\\/schema\\\/person\\\/2db77e3c6bc03c538495d7b2b8be9b66\",\"name\":\"f1000024\",\"image\":{\"@type\":\"ImageObject\",\"inLanguage\":\"es\",\"@id\":\"https:\\\/\\\/secure.gravatar.com\\\/avatar\\\/d4fe7459cfc51ff5129ce1a732bbef5928568b8092d412ef95611616376bbeed?s=96&d=mm&r=g\",\"url\":\"https:\\\/\\\/secure.gravatar.com\\\/avatar\\\/d4fe7459cfc51ff5129ce1a732bbef5928568b8092d412ef95611616376bbeed?s=96&d=mm&r=g\",\"contentUrl\":\"https:\\\/\\\/secure.gravatar.com\\\/avatar\\\/d4fe7459cfc51ff5129ce1a732bbef5928568b8092d412ef95611616376bbeed?s=96&d=mm&r=g\",\"caption\":\"f1000024\"},\"url\":\"https:\\\/\\\/cvinoticias.com\\\/v3\\\/author\\\/f1000024\\\/\"}]}<\/script>\n<!-- \/ Yoast SEO plugin. -->","yoast_head_json":{"title":"AI para emprendedores: Misiones Futura cierra en Ober\u00e1 | CVI NOTICIAS","description":"Misiones Futura cierra su ciclo hoy en Ober\u00e1 con una charla sobre inteligencia artificial aplicada al emprendimiento, a cargo del creativo Ragaco.","robots":{"index":"index","follow":"follow","max-snippet":"max-snippet:-1","max-image-preview":"max-image-preview:large","max-video-preview":"max-video-preview:-1"},"canonical":"https:\/\/cvinoticias.com\/v3\/inteligencia-artificial-para-emprendedores-misiones-futura-culmina-su-ciclo-hoy-en-obera\/","og_locale":"es_ES","og_type":"article","og_title":"AI para emprendedores: Misiones Futura cierra en Ober\u00e1 | CVI NOTICIAS","og_description":"Misiones Futura cierra su ciclo hoy en Ober\u00e1 con una charla sobre inteligencia artificial aplicada al emprendimiento, a cargo del creativo Ragaco.","og_url":"https:\/\/cvinoticias.com\/v3\/inteligencia-artificial-para-emprendedores-misiones-futura-culmina-su-ciclo-hoy-en-obera\/","og_site_name":"CVI NOTICIAS","article_publisher":"https:\/\/www.facebook.com\/cvinoticias","article_published_time":"2025-05-20T14:33:50+00:00","article_modified_time":"2025-05-20T14:33:51+00:00","og_image":[{"width":788,"height":525,"url":"https:\/\/cvinoticias.com\/wp-content\/uploads\/2025\/05\/IMG-20250515-WA0012-2.webp","type":"image\/webp"}],"author":"f1000024","twitter_card":"summary_large_image","twitter_misc":{"Escrito por":"f1000024","Tiempo de lectura":"2 minutos"},"schema":{"@context":"https:\/\/schema.org","@graph":[{"@type":"Article","@id":"https:\/\/cvinoticias.com\/v3\/inteligencia-artificial-para-emprendedores-misiones-futura-culmina-su-ciclo-hoy-en-obera\/#article","isPartOf":{"@id":"https:\/\/cvinoticias.com\/v3\/inteligencia-artificial-para-emprendedores-misiones-futura-culmina-su-ciclo-hoy-en-obera\/"},"author":{"name":"f1000024","@id":"https:\/\/cvinoticias.com\/v3\/#\/schema\/person\/2db77e3c6bc03c538495d7b2b8be9b66"},"headline":"Inteligencia Artificial para emprendedores: Misiones Futura culmina su ciclo hoy en Ober\u00e1","datePublished":"2025-05-20T14:33:50+00:00","dateModified":"2025-05-20T14:33:51+00:00","mainEntityOfPage":{"@id":"https:\/\/cvinoticias.com\/v3\/inteligencia-artificial-para-emprendedores-misiones-futura-culmina-su-ciclo-hoy-en-obera\/"},"wordCount":312,"commentCount":0,"publisher":{"@id":"https:\/\/cvinoticias.com\/v3\/#organization"},"image":{"@id":"https:\/\/cvinoticias.com\/v3\/inteligencia-artificial-para-emprendedores-misiones-futura-culmina-su-ciclo-hoy-en-obera\/#primaryimage"},"thumbnailUrl":"https:\/\/cvinoticias.com\/wp-content\/uploads\/2025\/05\/IMG-20250515-WA0012-2.webp","keywords":["emprendedores","Inteligencia artificial","Misiones Futura"],"articleSection":["Misiones","Tecnolog\u00eda"],"inLanguage":"es","potentialAction":[{"@type":"CommentAction","name":"Comment","target":["https:\/\/cvinoticias.com\/v3\/inteligencia-artificial-para-emprendedores-misiones-futura-culmina-su-ciclo-hoy-en-obera\/#respond"]}]},{"@type":"WebPage","@id":"https:\/\/cvinoticias.com\/v3\/inteligencia-artificial-para-emprendedores-misiones-futura-culmina-su-ciclo-hoy-en-obera\/","url":"https:\/\/cvinoticias.com\/v3\/inteligencia-artificial-para-emprendedores-misiones-futura-culmina-su-ciclo-hoy-en-obera\/","name":"AI para emprendedores: Misiones Futura cierra en Ober\u00e1 | CVI NOTICIAS","isPartOf":{"@id":"https:\/\/cvinoticias.com\/v3\/#website"},"primaryImageOfPage":{"@id":"https:\/\/cvinoticias.com\/v3\/inteligencia-artificial-para-emprendedores-misiones-futura-culmina-su-ciclo-hoy-en-obera\/#primaryimage"},"image":{"@id":"https:\/\/cvinoticias.com\/v3\/inteligencia-artificial-para-emprendedores-misiones-futura-culmina-su-ciclo-hoy-en-obera\/#primaryimage"},"thumbnailUrl":"https:\/\/cvinoticias.com\/wp-content\/uploads\/2025\/05\/IMG-20250515-WA0012-2.webp","datePublished":"2025-05-20T14:33:50+00:00","dateModified":"2025-05-20T14:33:51+00:00","description":"Misiones Futura cierra su ciclo hoy en Ober\u00e1 con una charla sobre inteligencia artificial aplicada al emprendimiento, a cargo del creativo Ragaco.","breadcrumb":{"@id":"https:\/\/cvinoticias.com\/v3\/inteligencia-artificial-para-emprendedores-misiones-futura-culmina-su-ciclo-hoy-en-obera\/#breadcrumb"},"inLanguage":"es","potentialAction":[{"@type":"ReadAction","target":["https:\/\/cvinoticias.com\/v3\/inteligencia-artificial-para-emprendedores-misiones-futura-culmina-su-ciclo-hoy-en-obera\/"]}]},{"@type":"ImageObject","inLanguage":"es","@id":"https:\/\/cvinoticias.com\/v3\/inteligencia-artificial-para-emprendedores-misiones-futura-culmina-su-ciclo-hoy-en-obera\/#primaryimage","url":"https:\/\/cvinoticias.com\/wp-content\/uploads\/2025\/05\/IMG-20250515-WA0012-2.webp","contentUrl":"https:\/\/cvinoticias.com\/wp-content\/uploads\/2025\/05\/IMG-20250515-WA0012-2.webp","width":788,"height":525},{"@type":"BreadcrumbList","@id":"https:\/\/cvinoticias.com\/v3\/inteligencia-artificial-para-emprendedores-misiones-futura-culmina-su-ciclo-hoy-en-obera\/#breadcrumb","itemListElement":[{"@type":"ListItem","position":1,"name":"Portada","item":"https:\/\/cvinoticias.com\/v3\/"},{"@type":"ListItem","position":2,"name":"Inteligencia Artificial para emprendedores: Misiones Futura culmina su ciclo hoy en Ober\u00e1"}]},{"@type":"WebSite","@id":"https:\/\/cvinoticias.com\/v3\/#website","url":"https:\/\/cvinoticias.com\/v3\/","name":"CVI NOTICIAS","description":"","publisher":{"@id":"https:\/\/cvinoticias.com\/v3\/#organization"},"alternateName":"CVI","potentialAction":[{"@type":"SearchAction","target":{"@type":"EntryPoint","urlTemplate":"https:\/\/cvinoticias.com\/v3\/?s={search_term_string}"},"query-input":{"@type":"PropertyValueSpecification","valueRequired":true,"valueName":"search_term_string"}}],"inLanguage":"es"},{"@type":"Organization","@id":"https:\/\/cvinoticias.com\/v3\/#organization","name":"CVI NOTICIAS","url":"https:\/\/cvinoticias.com\/v3\/","logo":{"@type":"ImageObject","inLanguage":"es","@id":"https:\/\/cvinoticias.com\/v3\/#\/schema\/logo\/image\/","url":"https:\/\/cvinoticias.com\/wp-content\/uploads\/2023\/04\/cropped-cropped-cropped-cropped-cropped-3-1.png","contentUrl":"https:\/\/cvinoticias.com\/wp-content\/uploads\/2023\/04\/cropped-cropped-cropped-cropped-cropped-3-1.png","width":95,"height":122,"caption":"CVI NOTICIAS"},"image":{"@id":"https:\/\/cvinoticias.com\/v3\/#\/schema\/logo\/image\/"},"sameAs":["https:\/\/www.facebook.com\/cvinoticias","https:\/\/www.instagram.com\/cvinoticias\/","https:\/\/www.youtube.com\/@CVINOTICIAS"]},{"@type":"Person","@id":"https:\/\/cvinoticias.com\/v3\/#\/schema\/person\/2db77e3c6bc03c538495d7b2b8be9b66","name":"f1000024","image":{"@type":"ImageObject","inLanguage":"es","@id":"https:\/\/secure.gravatar.com\/avatar\/d4fe7459cfc51ff5129ce1a732bbef5928568b8092d412ef95611616376bbeed?s=96&d=mm&r=g","url":"https:\/\/secure.gravatar.com\/avatar\/d4fe7459cfc51ff5129ce1a732bbef5928568b8092d412ef95611616376bbeed?s=96&d=mm&r=g","contentUrl":"https:\/\/secure.gravatar.com\/avatar\/d4fe7459cfc51ff5129ce1a732bbef5928568b8092d412ef95611616376bbeed?s=96&d=mm&r=g","caption":"f1000024"},"url":"https:\/\/cvinoticias.com\/v3\/author\/f1000024\/"}]}},"_links":{"self":[{"href":"https:\/\/cvinoticias.com\/v3\/wp-json\/wp\/v2\/posts\/43713","targetHints":{"allow":["GET"]}}],"collection":[{"href":"https:\/\/cvinoticias.com\/v3\/wp-json\/wp\/v2\/posts"}],"about":[{"href":"https:\/\/cvinoticias.com\/v3\/wp-json\/wp\/v2\/types\/post"}],"author":[{"embeddable":true,"href":"https:\/\/cvinoticias.com\/v3\/wp-json\/wp\/v2\/users\/2"}],"replies":[{"embeddable":true,"href":"https:\/\/cvinoticias.com\/v3\/wp-json\/wp\/v2\/comments?post=43713"}],"version-history":[{"count":1,"href":"https:\/\/cvinoticias.com\/v3\/wp-json\/wp\/v2\/posts\/43713\/revisions"}],"predecessor-version":[{"id":43715,"href":"https:\/\/cvinoticias.com\/v3\/wp-json\/wp\/v2\/posts\/43713\/revisions\/43715"}],"wp:featuredmedia":[{"embeddable":true,"href":"https:\/\/cvinoticias.com\/v3\/wp-json\/wp\/v2\/media\/43714"}],"wp:attachment":[{"href":"https:\/\/cvinoticias.com\/v3\/wp-json\/wp\/v2\/media?parent=43713"}],"wp:term":[{"taxonomy":"category","embeddable":true,"href":"https:\/\/cvinoticias.com\/v3\/wp-json\/wp\/v2\/categories?post=43713"},{"taxonomy":"post_tag","embeddable":true,"href":"https:\/\/cvinoticias.com\/v3\/wp-json\/wp\/v2\/tags?post=43713"}],"curies":[{"name":"wp","href":"https:\/\/api.w.org\/{rel}","templated":true}]}}