{"id":43630,"date":"2025-05-19T07:53:17","date_gmt":"2025-05-19T10:53:17","guid":{"rendered":"https:\/\/cvinoticias.com\/v3\/?p=43630"},"modified":"2025-05-19T08:13:03","modified_gmt":"2025-05-19T11:13:03","slug":"adorni-gana-en-buenos-aires-el-pro-queda-tercero-luego-de-gobernar-18-anos-la-ciudad","status":"publish","type":"post","link":"https:\/\/cvinoticias.com\/v3\/adorni-gana-en-buenos-aires-el-pro-queda-tercero-luego-de-gobernar-18-anos-la-ciudad\/","title":{"rendered":"Adorni gana en Buenos Aires, el PRO queda tercero luego de gobernar 18 a\u00f1os la Ciudad"},"content":{"rendered":"\n<h2 class=\"wp-block-heading\">La Libertad Avanza se impone en las elecciones legislativas de la Ciudad de Buenos Aires<\/h2>\n\n\n\n<p>Seg\u00fan los primeros datos oficiales, <strong>La Libertad Avanza<\/strong>, la fuerza del presidente Javier Milei, se impone en las elecciones legislativas de la Ciudad de Buenos Aires con <strong>Manuel Adorni<\/strong> como candidato principal. La lista oficialista obtiene el <strong>30,19% de los votos<\/strong>, superando al peronismo, que lleva como cabeza a <strong>Leandro Santoro<\/strong>, con <strong>27,49%<\/strong>.<\/p>\n\n\n\n<p>En tercer lugar, y muy lejos de los dos primeros, se ubica el <strong>PRO<\/strong>, con <strong>Silvia Lospennato<\/strong> como principal candidata, quien cosecha apenas un poco m\u00e1s del <strong>15% de los votos<\/strong>.<\/p>\n\n\n\n<h2 class=\"wp-block-heading\">Baja participaci\u00f3n electoral y derrota hist\u00f3rica del PRO<\/h2>\n\n\n\n<p>Los datos, difundidos a las <strong>19:12 horas<\/strong>, corresponden al <strong>54,20% de los votos escrutados<\/strong>. Adem\u00e1s, se destac\u00f3 la <strong>baja participaci\u00f3n<\/strong>, que fue de apenas el <strong>52,30% del padr\u00f3n electoral<\/strong>.<\/p>\n\n\n\n<p>El resultado representa un <strong>duro rev\u00e9s para el PRO<\/strong> y para su referente nacional, <strong>Mauricio Macri<\/strong>, quien particip\u00f3 activamente en la campa\u00f1a. Se trata de un hecho hist\u00f3rico, ya que el PRO gobierna la Ciudad de Buenos Aires desde <strong>2007<\/strong> y hab\u00eda obtenido su primera victoria legislativa en <strong>2005<\/strong>, con Marcos Pe\u00f1a.<\/p>\n\n\n\n<h2 class=\"wp-block-heading\">El PRO no gan\u00f3 en ninguna comuna porte\u00f1a<\/h2>\n\n\n\n<p>El actual jefe de Gobierno porte\u00f1o, <strong>Jorge Macri<\/strong>, busc\u00f3 conservar el liderazgo distrital desdoblando los comicios y municipalizando la campa\u00f1a, pero la estrategia no dio resultados. <strong>El PRO no gan\u00f3 en ninguna de las 15 comunas de CABA<\/strong>.<\/p>\n\n\n\n<p>Por su parte, el ex jefe de Gobierno, <strong>Horacio Rodr\u00edguez Larreta<\/strong>, qued\u00f3 <strong>cuarto<\/strong> con el <strong>8,08%<\/strong> y logr\u00f3 ingresar a la Legislatura junto con <strong>Guadalupe Tagliaferri<\/strong>.<\/p>\n\n\n\n<h2 class=\"wp-block-heading\">El resto de los candidatos no super\u00f3 el 3% de los votos<\/h2>\n\n\n\n<p>A partir del quinto lugar se ubicaron fuerzas que <strong>no lograron el piso necesario para ingresar a la Legislatura<\/strong>, entre ellas:<\/p>\n\n\n\n<ul class=\"wp-block-list\">\n<li><strong>Ramiro Marra<\/strong> (2,63%)<\/li>\n\n\n\n<li><strong>Paula Oliveto<\/strong> (2,48%)<\/li>\n\n\n\n<li><strong>Lula Levy<\/strong> (2,31%)<\/li>\n\n\n\n<li><strong>Alejandro Kim<\/strong> (2,05%)<\/li>\n\n\n\n<li><strong>Ricardo Caruso Lombardi<\/strong> (1,68%)<\/li>\n\n\n\n<li><strong>Vanina Biasi<\/strong> (Frente de Izquierda)<\/li>\n\n\n\n<li>Otros siete candidatos no superaron el <strong>1% de los votos<\/strong>.<\/li>\n<\/ul>\n\n\n\n<h2 class=\"wp-block-heading\">Reacciones tras los resultados<\/h2>\n\n\n\n<p><strong>Silvia Lospennato<\/strong>, referente del PRO, <strong>reconoci\u00f3 r\u00e1pidamente la derrota<\/strong> y advirti\u00f3: \u201cEst\u00e9n atentos\u201d, en referencia a posibles hechos de corrupci\u00f3n. En tanto, <strong>Leandro Santoro<\/strong>, favorito en las encuestas previas, tambi\u00e9n reconoci\u00f3 su derrota a las <strong>19:49 horas<\/strong> y declar\u00f3:<\/p>\n\n\n\n<blockquote class=\"wp-block-quote is-layout-flow wp-block-quote-is-layout-flow\">\n<p>\u201cHoy se cerr\u00f3 el ciclo del abandono. El PRO dej\u00f3 de representar a la mayor\u00eda de los porte\u00f1os\u201d.<\/p>\n<\/blockquote>\n\n\n\n<p>Fuente: TN<\/p>\n\n\n\n<p><\/p>\n","protected":false},"excerpt":{"rendered":"<p>La Libertad Avanza se impone en las elecciones legislativas de la Ciudad de Buenos Aires Seg\u00fan los primeros datos oficiales, La Libertad Avanza, la fuerza del presidente Javier Milei, se impone en las elecciones legislativas de la Ciudad de Buenos Aires con Manuel Adorni como candidato principal. La lista oficialista obtiene el 30,19% de los [&hellip;]<\/p>\n","protected":false},"author":2,"featured_media":43631,"comment_status":"open","ping_status":"open","sticky":false,"template":"","format":"standard","meta":{"footnotes":""},"categories":[39],"tags":[1027,2456,1600,156,2094],"class_list":["post-43630","post","type-post","status-publish","format-standard","has-post-thumbnail","hentry","category-nacionales","tag-1027","tag-adorni","tag-buenos-aires","tag-elecciones","tag-pro"],"yoast_head":"<!-- This site is optimized with the Yoast SEO plugin v27.5 - https:\/\/yoast.com\/product\/yoast-seo-wordpress\/ -->\n<title>Adorni gana en CABA y el PRO cae al tercer lugar tras 18 a\u00f1os | CVI NOTICIAS<\/title>\n<meta name=\"description\" content=\"Manuel Adorni, candidato de Milei, se impone en las elecciones de CABA. El PRO queda tercero tras 18 a\u00f1os de hegemon\u00eda. Santoro, segundo con el 27,49%.\" \/>\n<meta name=\"robots\" content=\"index, follow, max-snippet:-1, max-image-preview:large, max-video-preview:-1\" \/>\n<link rel=\"canonical\" href=\"https:\/\/cvinoticias.com\/v3\/adorni-gana-en-buenos-aires-el-pro-queda-tercero-luego-de-gobernar-18-anos-la-ciudad\/\" \/>\n<meta property=\"og:locale\" content=\"es_ES\" \/>\n<meta property=\"og:type\" content=\"article\" \/>\n<meta property=\"og:title\" content=\"Adorni gana en CABA y el PRO cae al tercer lugar tras 18 a\u00f1os | CVI NOTICIAS\" \/>\n<meta property=\"og:description\" content=\"Manuel Adorni, candidato de Milei, se impone en las elecciones de CABA. El PRO queda tercero tras 18 a\u00f1os de hegemon\u00eda. Santoro, segundo con el 27,49%.\" \/>\n<meta property=\"og:url\" content=\"https:\/\/cvinoticias.com\/v3\/adorni-gana-en-buenos-aires-el-pro-queda-tercero-luego-de-gobernar-18-anos-la-ciudad\/\" \/>\n<meta property=\"og:site_name\" content=\"CVI NOTICIAS\" \/>\n<meta property=\"article:publisher\" content=\"https:\/\/www.facebook.com\/cvinoticias\" \/>\n<meta property=\"article:published_time\" content=\"2025-05-19T10:53:17+00:00\" \/>\n<meta property=\"article:modified_time\" content=\"2025-05-19T11:13:03+00:00\" \/>\n<meta property=\"og:image\" content=\"https:\/\/cvinoticias.com\/wp-content\/uploads\/2025\/05\/image-349.webp\" \/>\n\t<meta property=\"og:image:width\" content=\"992\" \/>\n\t<meta property=\"og:image:height\" content=\"558\" \/>\n\t<meta property=\"og:image:type\" content=\"image\/webp\" \/>\n<meta name=\"author\" content=\"f1000024\" \/>\n<meta name=\"twitter:card\" content=\"summary_large_image\" \/>\n<meta name=\"twitter:label1\" content=\"Escrito por\" \/>\n\t<meta name=\"twitter:data1\" content=\"f1000024\" \/>\n\t<meta name=\"twitter:label2\" content=\"Tiempo de lectura\" \/>\n\t<meta name=\"twitter:data2\" content=\"2 minutos\" \/>\n<script type=\"application\/ld+json\" class=\"yoast-schema-graph\">{\"@context\":\"https:\\\/\\\/schema.org\",\"@graph\":[{\"@type\":\"Article\",\"@id\":\"https:\\\/\\\/cvinoticias.com\\\/v3\\\/adorni-gana-en-buenos-aires-el-pro-queda-tercero-luego-de-gobernar-18-anos-la-ciudad\\\/#article\",\"isPartOf\":{\"@id\":\"https:\\\/\\\/cvinoticias.com\\\/v3\\\/adorni-gana-en-buenos-aires-el-pro-queda-tercero-luego-de-gobernar-18-anos-la-ciudad\\\/\"},\"author\":{\"name\":\"f1000024\",\"@id\":\"https:\\\/\\\/cvinoticias.com\\\/v3\\\/#\\\/schema\\\/person\\\/2db77e3c6bc03c538495d7b2b8be9b66\"},\"headline\":\"Adorni gana en Buenos Aires, el PRO queda tercero luego de gobernar 18 a\u00f1os la Ciudad\",\"datePublished\":\"2025-05-19T10:53:17+00:00\",\"dateModified\":\"2025-05-19T11:13:03+00:00\",\"mainEntityOfPage\":{\"@id\":\"https:\\\/\\\/cvinoticias.com\\\/v3\\\/adorni-gana-en-buenos-aires-el-pro-queda-tercero-luego-de-gobernar-18-anos-la-ciudad\\\/\"},\"wordCount\":407,\"commentCount\":0,\"publisher\":{\"@id\":\"https:\\\/\\\/cvinoticias.com\\\/v3\\\/#organization\"},\"image\":{\"@id\":\"https:\\\/\\\/cvinoticias.com\\\/v3\\\/adorni-gana-en-buenos-aires-el-pro-queda-tercero-luego-de-gobernar-18-anos-la-ciudad\\\/#primaryimage\"},\"thumbnailUrl\":\"https:\\\/\\\/cvinoticias.com\\\/wp-content\\\/uploads\\\/2025\\\/05\\\/image-349.webp\",\"keywords\":[\"2025\",\"Adorni\",\"Buenos Aires\",\"elecciones\",\"PRO\"],\"articleSection\":[\"Nacionales\"],\"inLanguage\":\"es\",\"potentialAction\":[{\"@type\":\"CommentAction\",\"name\":\"Comment\",\"target\":[\"https:\\\/\\\/cvinoticias.com\\\/v3\\\/adorni-gana-en-buenos-aires-el-pro-queda-tercero-luego-de-gobernar-18-anos-la-ciudad\\\/#respond\"]}]},{\"@type\":\"WebPage\",\"@id\":\"https:\\\/\\\/cvinoticias.com\\\/v3\\\/adorni-gana-en-buenos-aires-el-pro-queda-tercero-luego-de-gobernar-18-anos-la-ciudad\\\/\",\"url\":\"https:\\\/\\\/cvinoticias.com\\\/v3\\\/adorni-gana-en-buenos-aires-el-pro-queda-tercero-luego-de-gobernar-18-anos-la-ciudad\\\/\",\"name\":\"Adorni gana en CABA y el PRO cae al tercer lugar tras 18 a\u00f1os | CVI NOTICIAS\",\"isPartOf\":{\"@id\":\"https:\\\/\\\/cvinoticias.com\\\/v3\\\/#website\"},\"primaryImageOfPage\":{\"@id\":\"https:\\\/\\\/cvinoticias.com\\\/v3\\\/adorni-gana-en-buenos-aires-el-pro-queda-tercero-luego-de-gobernar-18-anos-la-ciudad\\\/#primaryimage\"},\"image\":{\"@id\":\"https:\\\/\\\/cvinoticias.com\\\/v3\\\/adorni-gana-en-buenos-aires-el-pro-queda-tercero-luego-de-gobernar-18-anos-la-ciudad\\\/#primaryimage\"},\"thumbnailUrl\":\"https:\\\/\\\/cvinoticias.com\\\/wp-content\\\/uploads\\\/2025\\\/05\\\/image-349.webp\",\"datePublished\":\"2025-05-19T10:53:17+00:00\",\"dateModified\":\"2025-05-19T11:13:03+00:00\",\"description\":\"Manuel Adorni, candidato de Milei, se impone en las elecciones de CABA. El PRO queda tercero tras 18 a\u00f1os de hegemon\u00eda. Santoro, segundo con el 27,49%.\",\"breadcrumb\":{\"@id\":\"https:\\\/\\\/cvinoticias.com\\\/v3\\\/adorni-gana-en-buenos-aires-el-pro-queda-tercero-luego-de-gobernar-18-anos-la-ciudad\\\/#breadcrumb\"},\"inLanguage\":\"es\",\"potentialAction\":[{\"@type\":\"ReadAction\",\"target\":[\"https:\\\/\\\/cvinoticias.com\\\/v3\\\/adorni-gana-en-buenos-aires-el-pro-queda-tercero-luego-de-gobernar-18-anos-la-ciudad\\\/\"]}]},{\"@type\":\"ImageObject\",\"inLanguage\":\"es\",\"@id\":\"https:\\\/\\\/cvinoticias.com\\\/v3\\\/adorni-gana-en-buenos-aires-el-pro-queda-tercero-luego-de-gobernar-18-anos-la-ciudad\\\/#primaryimage\",\"url\":\"https:\\\/\\\/cvinoticias.com\\\/wp-content\\\/uploads\\\/2025\\\/05\\\/image-349.webp\",\"contentUrl\":\"https:\\\/\\\/cvinoticias.com\\\/wp-content\\\/uploads\\\/2025\\\/05\\\/image-349.webp\",\"width\":992,\"height\":558},{\"@type\":\"BreadcrumbList\",\"@id\":\"https:\\\/\\\/cvinoticias.com\\\/v3\\\/adorni-gana-en-buenos-aires-el-pro-queda-tercero-luego-de-gobernar-18-anos-la-ciudad\\\/#breadcrumb\",\"itemListElement\":[{\"@type\":\"ListItem\",\"position\":1,\"name\":\"Portada\",\"item\":\"https:\\\/\\\/cvinoticias.com\\\/v3\\\/\"},{\"@type\":\"ListItem\",\"position\":2,\"name\":\"Adorni gana en Buenos Aires, el PRO queda tercero luego de gobernar 18 a\u00f1os la Ciudad\"}]},{\"@type\":\"WebSite\",\"@id\":\"https:\\\/\\\/cvinoticias.com\\\/v3\\\/#website\",\"url\":\"https:\\\/\\\/cvinoticias.com\\\/v3\\\/\",\"name\":\"CVI NOTICIAS\",\"description\":\"\",\"publisher\":{\"@id\":\"https:\\\/\\\/cvinoticias.com\\\/v3\\\/#organization\"},\"alternateName\":\"CVI\",\"potentialAction\":[{\"@type\":\"SearchAction\",\"target\":{\"@type\":\"EntryPoint\",\"urlTemplate\":\"https:\\\/\\\/cvinoticias.com\\\/v3\\\/?s={search_term_string}\"},\"query-input\":{\"@type\":\"PropertyValueSpecification\",\"valueRequired\":true,\"valueName\":\"search_term_string\"}}],\"inLanguage\":\"es\"},{\"@type\":\"Organization\",\"@id\":\"https:\\\/\\\/cvinoticias.com\\\/v3\\\/#organization\",\"name\":\"CVI NOTICIAS\",\"url\":\"https:\\\/\\\/cvinoticias.com\\\/v3\\\/\",\"logo\":{\"@type\":\"ImageObject\",\"inLanguage\":\"es\",\"@id\":\"https:\\\/\\\/cvinoticias.com\\\/v3\\\/#\\\/schema\\\/logo\\\/image\\\/\",\"url\":\"https:\\\/\\\/cvinoticias.com\\\/wp-content\\\/uploads\\\/2023\\\/04\\\/cropped-cropped-cropped-cropped-cropped-3-1.png\",\"contentUrl\":\"https:\\\/\\\/cvinoticias.com\\\/wp-content\\\/uploads\\\/2023\\\/04\\\/cropped-cropped-cropped-cropped-cropped-3-1.png\",\"width\":95,\"height\":122,\"caption\":\"CVI NOTICIAS\"},\"image\":{\"@id\":\"https:\\\/\\\/cvinoticias.com\\\/v3\\\/#\\\/schema\\\/logo\\\/image\\\/\"},\"sameAs\":[\"https:\\\/\\\/www.facebook.com\\\/cvinoticias\",\"https:\\\/\\\/www.instagram.com\\\/cvinoticias\\\/\",\"https:\\\/\\\/www.youtube.com\\\/@CVINOTICIAS\"]},{\"@type\":\"Person\",\"@id\":\"https:\\\/\\\/cvinoticias.com\\\/v3\\\/#\\\/schema\\\/person\\\/2db77e3c6bc03c538495d7b2b8be9b66\",\"name\":\"f1000024\",\"image\":{\"@type\":\"ImageObject\",\"inLanguage\":\"es\",\"@id\":\"https:\\\/\\\/secure.gravatar.com\\\/avatar\\\/d4fe7459cfc51ff5129ce1a732bbef5928568b8092d412ef95611616376bbeed?s=96&d=mm&r=g\",\"url\":\"https:\\\/\\\/secure.gravatar.com\\\/avatar\\\/d4fe7459cfc51ff5129ce1a732bbef5928568b8092d412ef95611616376bbeed?s=96&d=mm&r=g\",\"contentUrl\":\"https:\\\/\\\/secure.gravatar.com\\\/avatar\\\/d4fe7459cfc51ff5129ce1a732bbef5928568b8092d412ef95611616376bbeed?s=96&d=mm&r=g\",\"caption\":\"f1000024\"},\"url\":\"https:\\\/\\\/cvinoticias.com\\\/v3\\\/author\\\/f1000024\\\/\"}]}<\/script>\n<!-- \/ Yoast SEO plugin. -->","yoast_head_json":{"title":"Adorni gana en CABA y el PRO cae al tercer lugar tras 18 a\u00f1os | CVI NOTICIAS","description":"Manuel Adorni, candidato de Milei, se impone en las elecciones de CABA. El PRO queda tercero tras 18 a\u00f1os de hegemon\u00eda. Santoro, segundo con el 27,49%.","robots":{"index":"index","follow":"follow","max-snippet":"max-snippet:-1","max-image-preview":"max-image-preview:large","max-video-preview":"max-video-preview:-1"},"canonical":"https:\/\/cvinoticias.com\/v3\/adorni-gana-en-buenos-aires-el-pro-queda-tercero-luego-de-gobernar-18-anos-la-ciudad\/","og_locale":"es_ES","og_type":"article","og_title":"Adorni gana en CABA y el PRO cae al tercer lugar tras 18 a\u00f1os | CVI NOTICIAS","og_description":"Manuel Adorni, candidato de Milei, se impone en las elecciones de CABA. El PRO queda tercero tras 18 a\u00f1os de hegemon\u00eda. Santoro, segundo con el 27,49%.","og_url":"https:\/\/cvinoticias.com\/v3\/adorni-gana-en-buenos-aires-el-pro-queda-tercero-luego-de-gobernar-18-anos-la-ciudad\/","og_site_name":"CVI NOTICIAS","article_publisher":"https:\/\/www.facebook.com\/cvinoticias","article_published_time":"2025-05-19T10:53:17+00:00","article_modified_time":"2025-05-19T11:13:03+00:00","og_image":[{"width":992,"height":558,"url":"https:\/\/cvinoticias.com\/wp-content\/uploads\/2025\/05\/image-349.webp","type":"image\/webp"}],"author":"f1000024","twitter_card":"summary_large_image","twitter_misc":{"Escrito por":"f1000024","Tiempo de lectura":"2 minutos"},"schema":{"@context":"https:\/\/schema.org","@graph":[{"@type":"Article","@id":"https:\/\/cvinoticias.com\/v3\/adorni-gana-en-buenos-aires-el-pro-queda-tercero-luego-de-gobernar-18-anos-la-ciudad\/#article","isPartOf":{"@id":"https:\/\/cvinoticias.com\/v3\/adorni-gana-en-buenos-aires-el-pro-queda-tercero-luego-de-gobernar-18-anos-la-ciudad\/"},"author":{"name":"f1000024","@id":"https:\/\/cvinoticias.com\/v3\/#\/schema\/person\/2db77e3c6bc03c538495d7b2b8be9b66"},"headline":"Adorni gana en Buenos Aires, el PRO queda tercero luego de gobernar 18 a\u00f1os la Ciudad","datePublished":"2025-05-19T10:53:17+00:00","dateModified":"2025-05-19T11:13:03+00:00","mainEntityOfPage":{"@id":"https:\/\/cvinoticias.com\/v3\/adorni-gana-en-buenos-aires-el-pro-queda-tercero-luego-de-gobernar-18-anos-la-ciudad\/"},"wordCount":407,"commentCount":0,"publisher":{"@id":"https:\/\/cvinoticias.com\/v3\/#organization"},"image":{"@id":"https:\/\/cvinoticias.com\/v3\/adorni-gana-en-buenos-aires-el-pro-queda-tercero-luego-de-gobernar-18-anos-la-ciudad\/#primaryimage"},"thumbnailUrl":"https:\/\/cvinoticias.com\/wp-content\/uploads\/2025\/05\/image-349.webp","keywords":["2025","Adorni","Buenos Aires","elecciones","PRO"],"articleSection":["Nacionales"],"inLanguage":"es","potentialAction":[{"@type":"CommentAction","name":"Comment","target":["https:\/\/cvinoticias.com\/v3\/adorni-gana-en-buenos-aires-el-pro-queda-tercero-luego-de-gobernar-18-anos-la-ciudad\/#respond"]}]},{"@type":"WebPage","@id":"https:\/\/cvinoticias.com\/v3\/adorni-gana-en-buenos-aires-el-pro-queda-tercero-luego-de-gobernar-18-anos-la-ciudad\/","url":"https:\/\/cvinoticias.com\/v3\/adorni-gana-en-buenos-aires-el-pro-queda-tercero-luego-de-gobernar-18-anos-la-ciudad\/","name":"Adorni gana en CABA y el PRO cae al tercer lugar tras 18 a\u00f1os | CVI NOTICIAS","isPartOf":{"@id":"https:\/\/cvinoticias.com\/v3\/#website"},"primaryImageOfPage":{"@id":"https:\/\/cvinoticias.com\/v3\/adorni-gana-en-buenos-aires-el-pro-queda-tercero-luego-de-gobernar-18-anos-la-ciudad\/#primaryimage"},"image":{"@id":"https:\/\/cvinoticias.com\/v3\/adorni-gana-en-buenos-aires-el-pro-queda-tercero-luego-de-gobernar-18-anos-la-ciudad\/#primaryimage"},"thumbnailUrl":"https:\/\/cvinoticias.com\/wp-content\/uploads\/2025\/05\/image-349.webp","datePublished":"2025-05-19T10:53:17+00:00","dateModified":"2025-05-19T11:13:03+00:00","description":"Manuel Adorni, candidato de Milei, se impone en las elecciones de CABA. El PRO queda tercero tras 18 a\u00f1os de hegemon\u00eda. Santoro, segundo con el 27,49%.","breadcrumb":{"@id":"https:\/\/cvinoticias.com\/v3\/adorni-gana-en-buenos-aires-el-pro-queda-tercero-luego-de-gobernar-18-anos-la-ciudad\/#breadcrumb"},"inLanguage":"es","potentialAction":[{"@type":"ReadAction","target":["https:\/\/cvinoticias.com\/v3\/adorni-gana-en-buenos-aires-el-pro-queda-tercero-luego-de-gobernar-18-anos-la-ciudad\/"]}]},{"@type":"ImageObject","inLanguage":"es","@id":"https:\/\/cvinoticias.com\/v3\/adorni-gana-en-buenos-aires-el-pro-queda-tercero-luego-de-gobernar-18-anos-la-ciudad\/#primaryimage","url":"https:\/\/cvinoticias.com\/wp-content\/uploads\/2025\/05\/image-349.webp","contentUrl":"https:\/\/cvinoticias.com\/wp-content\/uploads\/2025\/05\/image-349.webp","width":992,"height":558},{"@type":"BreadcrumbList","@id":"https:\/\/cvinoticias.com\/v3\/adorni-gana-en-buenos-aires-el-pro-queda-tercero-luego-de-gobernar-18-anos-la-ciudad\/#breadcrumb","itemListElement":[{"@type":"ListItem","position":1,"name":"Portada","item":"https:\/\/cvinoticias.com\/v3\/"},{"@type":"ListItem","position":2,"name":"Adorni gana en Buenos Aires, el PRO queda tercero luego de gobernar 18 a\u00f1os la Ciudad"}]},{"@type":"WebSite","@id":"https:\/\/cvinoticias.com\/v3\/#website","url":"https:\/\/cvinoticias.com\/v3\/","name":"CVI NOTICIAS","description":"","publisher":{"@id":"https:\/\/cvinoticias.com\/v3\/#organization"},"alternateName":"CVI","potentialAction":[{"@type":"SearchAction","target":{"@type":"EntryPoint","urlTemplate":"https:\/\/cvinoticias.com\/v3\/?s={search_term_string}"},"query-input":{"@type":"PropertyValueSpecification","valueRequired":true,"valueName":"search_term_string"}}],"inLanguage":"es"},{"@type":"Organization","@id":"https:\/\/cvinoticias.com\/v3\/#organization","name":"CVI NOTICIAS","url":"https:\/\/cvinoticias.com\/v3\/","logo":{"@type":"ImageObject","inLanguage":"es","@id":"https:\/\/cvinoticias.com\/v3\/#\/schema\/logo\/image\/","url":"https:\/\/cvinoticias.com\/wp-content\/uploads\/2023\/04\/cropped-cropped-cropped-cropped-cropped-3-1.png","contentUrl":"https:\/\/cvinoticias.com\/wp-content\/uploads\/2023\/04\/cropped-cropped-cropped-cropped-cropped-3-1.png","width":95,"height":122,"caption":"CVI NOTICIAS"},"image":{"@id":"https:\/\/cvinoticias.com\/v3\/#\/schema\/logo\/image\/"},"sameAs":["https:\/\/www.facebook.com\/cvinoticias","https:\/\/www.instagram.com\/cvinoticias\/","https:\/\/www.youtube.com\/@CVINOTICIAS"]},{"@type":"Person","@id":"https:\/\/cvinoticias.com\/v3\/#\/schema\/person\/2db77e3c6bc03c538495d7b2b8be9b66","name":"f1000024","image":{"@type":"ImageObject","inLanguage":"es","@id":"https:\/\/secure.gravatar.com\/avatar\/d4fe7459cfc51ff5129ce1a732bbef5928568b8092d412ef95611616376bbeed?s=96&d=mm&r=g","url":"https:\/\/secure.gravatar.com\/avatar\/d4fe7459cfc51ff5129ce1a732bbef5928568b8092d412ef95611616376bbeed?s=96&d=mm&r=g","contentUrl":"https:\/\/secure.gravatar.com\/avatar\/d4fe7459cfc51ff5129ce1a732bbef5928568b8092d412ef95611616376bbeed?s=96&d=mm&r=g","caption":"f1000024"},"url":"https:\/\/cvinoticias.com\/v3\/author\/f1000024\/"}]}},"_links":{"self":[{"href":"https:\/\/cvinoticias.com\/v3\/wp-json\/wp\/v2\/posts\/43630","targetHints":{"allow":["GET"]}}],"collection":[{"href":"https:\/\/cvinoticias.com\/v3\/wp-json\/wp\/v2\/posts"}],"about":[{"href":"https:\/\/cvinoticias.com\/v3\/wp-json\/wp\/v2\/types\/post"}],"author":[{"embeddable":true,"href":"https:\/\/cvinoticias.com\/v3\/wp-json\/wp\/v2\/users\/2"}],"replies":[{"embeddable":true,"href":"https:\/\/cvinoticias.com\/v3\/wp-json\/wp\/v2\/comments?post=43630"}],"version-history":[{"count":3,"href":"https:\/\/cvinoticias.com\/v3\/wp-json\/wp\/v2\/posts\/43630\/revisions"}],"predecessor-version":[{"id":43643,"href":"https:\/\/cvinoticias.com\/v3\/wp-json\/wp\/v2\/posts\/43630\/revisions\/43643"}],"wp:featuredmedia":[{"embeddable":true,"href":"https:\/\/cvinoticias.com\/v3\/wp-json\/wp\/v2\/media\/43631"}],"wp:attachment":[{"href":"https:\/\/cvinoticias.com\/v3\/wp-json\/wp\/v2\/media?parent=43630"}],"wp:term":[{"taxonomy":"category","embeddable":true,"href":"https:\/\/cvinoticias.com\/v3\/wp-json\/wp\/v2\/categories?post=43630"},{"taxonomy":"post_tag","embeddable":true,"href":"https:\/\/cvinoticias.com\/v3\/wp-json\/wp\/v2\/tags?post=43630"}],"curies":[{"name":"wp","href":"https:\/\/api.w.org\/{rel}","templated":true}]}}