{"id":43564,"date":"2025-05-16T19:24:54","date_gmt":"2025-05-16T22:24:54","guid":{"rendered":"https:\/\/cvinoticias.com\/v3\/?p=43564"},"modified":"2025-05-16T19:33:37","modified_gmt":"2025-05-16T22:33:37","slug":"conoce-como-sera-el-operativo-del-movil-de-documentacion-rapida-la-otra-semana","status":"publish","type":"post","link":"https:\/\/cvinoticias.com\/v3\/conoce-como-sera-el-operativo-del-movil-de-documentacion-rapida-la-otra-semana\/","title":{"rendered":"Conoc\u00e9 c\u00f3mo ser\u00e1 el operativo del M\u00f3vil de Documentaci\u00f3n R\u00e1pida la otra semana"},"content":{"rendered":"\n<p>El pr\u00f3ximo lunes 19 y martes 20 de mayo, los vecinos del Barrio 1ro de Mayo tendr\u00e1n la oportunidad de tramitar su Documento Nacional de Identidad (DNI) de forma totalmente gratuita. La iniciativa, impulsada por el espacio \u201cEl cambio es ahora\u201d, busca acercar soluciones concretas a la comunidad y garantizar el acceso a la identidad para todos.<\/p>\n\n\n\n<p>El operativo se realizar\u00e1 en la intersecci\u00f3n de Avenida Alma Fuerte y Sol Naciente, con los siguientes horarios:<\/p>\n\n\n\n<p>Lunes 19\/05: de 8:00 a 12:30 hs y de 14:00 a 17:00 hs<\/p>\n\n\n\n<p>Martes 20\/05: de 7:00 a 14:00 hs<\/p>\n\n\n\n<p>Una unidad m\u00f3vil equipada estar\u00e1 disponible para realizar los tr\u00e1mites de renovaci\u00f3n, actualizaci\u00f3n o solicitud del DNI. La atenci\u00f3n ser\u00e1 por orden de llegada, y se recomienda a los vecinos acudir con la documentaci\u00f3n b\u00e1sica requerida.<\/p>\n","protected":false},"excerpt":{"rendered":"<p>El pr\u00f3ximo lunes 19 y martes 20 de mayo, los vecinos del Barrio 1ro de Mayo tendr\u00e1n la oportunidad de tramitar su Documento Nacional de Identidad (DNI) de forma totalmente gratuita. La iniciativa, impulsada por el espacio \u201cEl cambio es ahora\u201d, busca acercar soluciones concretas a la comunidad y garantizar el acceso a la identidad [&hellip;]<\/p>\n","protected":false},"author":2,"featured_media":43565,"comment_status":"open","ping_status":"open","sticky":false,"template":"","format":"standard","meta":{"footnotes":""},"categories":[47],"tags":[2443,2445,2446,2444],"class_list":["post-43564","post","type-post","status-publish","format-standard","has-post-thumbnail","hentry","category-sociedad","tag-1ro-de-mayo","tag-documentacion","tag-movil","tag-rapida"],"yoast_head":"<!-- This site is optimized with the Yoast SEO plugin v27.4 - https:\/\/yoast.com\/product\/yoast-seo-wordpress\/ -->\n<title>Operativo del DNI en Iguaz\u00fa: fechas y lugar de atenci\u00f3n | CVI NOTICIAS<\/title>\n<meta name=\"description\" content=\"Vecinos del Barrio 1ro de Mayo podr\u00e1n tramitar el DNI gratis los d\u00edas 19 y 20 de mayo gracias al operativo del m\u00f3vil de documentaci\u00f3n r\u00e1pida\" \/>\n<meta name=\"robots\" content=\"index, follow, max-snippet:-1, max-image-preview:large, max-video-preview:-1\" \/>\n<link rel=\"canonical\" href=\"https:\/\/cvinoticias.com\/v3\/conoce-como-sera-el-operativo-del-movil-de-documentacion-rapida-la-otra-semana\/\" \/>\n<meta property=\"og:locale\" content=\"es_ES\" \/>\n<meta property=\"og:type\" content=\"article\" \/>\n<meta property=\"og:title\" content=\"Operativo del DNI en Iguaz\u00fa: fechas y lugar de atenci\u00f3n | CVI NOTICIAS\" \/>\n<meta property=\"og:description\" content=\"Vecinos del Barrio 1ro de Mayo podr\u00e1n tramitar el DNI gratis los d\u00edas 19 y 20 de mayo gracias al operativo del m\u00f3vil de documentaci\u00f3n r\u00e1pida\" \/>\n<meta property=\"og:url\" content=\"https:\/\/cvinoticias.com\/v3\/conoce-como-sera-el-operativo-del-movil-de-documentacion-rapida-la-otra-semana\/\" \/>\n<meta property=\"og:site_name\" content=\"CVI NOTICIAS\" \/>\n<meta property=\"article:publisher\" content=\"https:\/\/www.facebook.com\/cvinoticias\" \/>\n<meta property=\"article:published_time\" content=\"2025-05-16T22:24:54+00:00\" \/>\n<meta property=\"article:modified_time\" content=\"2025-05-16T22:33:37+00:00\" \/>\n<meta property=\"og:image\" content=\"https:\/\/cvinoticias.com\/wp-content\/uploads\/2025\/05\/IMG-20250516-WA0080.jpg\" \/>\n\t<meta property=\"og:image:width\" content=\"720\" \/>\n\t<meta property=\"og:image:height\" content=\"1280\" \/>\n\t<meta property=\"og:image:type\" content=\"image\/jpeg\" \/>\n<meta name=\"author\" content=\"f1000024\" \/>\n<meta name=\"twitter:card\" content=\"summary_large_image\" \/>\n<meta name=\"twitter:label1\" content=\"Escrito por\" \/>\n\t<meta name=\"twitter:data1\" content=\"f1000024\" \/>\n\t<meta name=\"twitter:label2\" content=\"Tiempo de lectura\" \/>\n\t<meta name=\"twitter:data2\" content=\"1 minuto\" \/>\n<script type=\"application\/ld+json\" class=\"yoast-schema-graph\">{\"@context\":\"https:\\\/\\\/schema.org\",\"@graph\":[{\"@type\":\"Article\",\"@id\":\"https:\\\/\\\/cvinoticias.com\\\/v3\\\/conoce-como-sera-el-operativo-del-movil-de-documentacion-rapida-la-otra-semana\\\/#article\",\"isPartOf\":{\"@id\":\"https:\\\/\\\/cvinoticias.com\\\/v3\\\/conoce-como-sera-el-operativo-del-movil-de-documentacion-rapida-la-otra-semana\\\/\"},\"author\":{\"name\":\"f1000024\",\"@id\":\"https:\\\/\\\/cvinoticias.com\\\/v3\\\/#\\\/schema\\\/person\\\/2db77e3c6bc03c538495d7b2b8be9b66\"},\"headline\":\"Conoc\u00e9 c\u00f3mo ser\u00e1 el operativo del M\u00f3vil de Documentaci\u00f3n R\u00e1pida la otra semana\",\"datePublished\":\"2025-05-16T22:24:54+00:00\",\"dateModified\":\"2025-05-16T22:33:37+00:00\",\"mainEntityOfPage\":{\"@id\":\"https:\\\/\\\/cvinoticias.com\\\/v3\\\/conoce-como-sera-el-operativo-del-movil-de-documentacion-rapida-la-otra-semana\\\/\"},\"wordCount\":148,\"commentCount\":0,\"publisher\":{\"@id\":\"https:\\\/\\\/cvinoticias.com\\\/v3\\\/#organization\"},\"image\":{\"@id\":\"https:\\\/\\\/cvinoticias.com\\\/v3\\\/conoce-como-sera-el-operativo-del-movil-de-documentacion-rapida-la-otra-semana\\\/#primaryimage\"},\"thumbnailUrl\":\"https:\\\/\\\/cvinoticias.com\\\/wp-content\\\/uploads\\\/2025\\\/05\\\/IMG-20250516-WA0080.jpg\",\"keywords\":[\"1ro de Mayo\",\"Documentaci\u00f3n\",\"M\u00f3vil\",\"R\u00e1pida\"],\"articleSection\":[\"Sociedad\"],\"inLanguage\":\"es\",\"potentialAction\":[{\"@type\":\"CommentAction\",\"name\":\"Comment\",\"target\":[\"https:\\\/\\\/cvinoticias.com\\\/v3\\\/conoce-como-sera-el-operativo-del-movil-de-documentacion-rapida-la-otra-semana\\\/#respond\"]}]},{\"@type\":\"WebPage\",\"@id\":\"https:\\\/\\\/cvinoticias.com\\\/v3\\\/conoce-como-sera-el-operativo-del-movil-de-documentacion-rapida-la-otra-semana\\\/\",\"url\":\"https:\\\/\\\/cvinoticias.com\\\/v3\\\/conoce-como-sera-el-operativo-del-movil-de-documentacion-rapida-la-otra-semana\\\/\",\"name\":\"Operativo del DNI en Iguaz\u00fa: fechas y lugar de atenci\u00f3n | CVI NOTICIAS\",\"isPartOf\":{\"@id\":\"https:\\\/\\\/cvinoticias.com\\\/v3\\\/#website\"},\"primaryImageOfPage\":{\"@id\":\"https:\\\/\\\/cvinoticias.com\\\/v3\\\/conoce-como-sera-el-operativo-del-movil-de-documentacion-rapida-la-otra-semana\\\/#primaryimage\"},\"image\":{\"@id\":\"https:\\\/\\\/cvinoticias.com\\\/v3\\\/conoce-como-sera-el-operativo-del-movil-de-documentacion-rapida-la-otra-semana\\\/#primaryimage\"},\"thumbnailUrl\":\"https:\\\/\\\/cvinoticias.com\\\/wp-content\\\/uploads\\\/2025\\\/05\\\/IMG-20250516-WA0080.jpg\",\"datePublished\":\"2025-05-16T22:24:54+00:00\",\"dateModified\":\"2025-05-16T22:33:37+00:00\",\"description\":\"Vecinos del Barrio 1ro de Mayo podr\u00e1n tramitar el DNI gratis los d\u00edas 19 y 20 de mayo gracias al operativo del m\u00f3vil de documentaci\u00f3n r\u00e1pida\",\"breadcrumb\":{\"@id\":\"https:\\\/\\\/cvinoticias.com\\\/v3\\\/conoce-como-sera-el-operativo-del-movil-de-documentacion-rapida-la-otra-semana\\\/#breadcrumb\"},\"inLanguage\":\"es\",\"potentialAction\":[{\"@type\":\"ReadAction\",\"target\":[\"https:\\\/\\\/cvinoticias.com\\\/v3\\\/conoce-como-sera-el-operativo-del-movil-de-documentacion-rapida-la-otra-semana\\\/\"]}]},{\"@type\":\"ImageObject\",\"inLanguage\":\"es\",\"@id\":\"https:\\\/\\\/cvinoticias.com\\\/v3\\\/conoce-como-sera-el-operativo-del-movil-de-documentacion-rapida-la-otra-semana\\\/#primaryimage\",\"url\":\"https:\\\/\\\/cvinoticias.com\\\/wp-content\\\/uploads\\\/2025\\\/05\\\/IMG-20250516-WA0080.jpg\",\"contentUrl\":\"https:\\\/\\\/cvinoticias.com\\\/wp-content\\\/uploads\\\/2025\\\/05\\\/IMG-20250516-WA0080.jpg\",\"width\":720,\"height\":1280},{\"@type\":\"BreadcrumbList\",\"@id\":\"https:\\\/\\\/cvinoticias.com\\\/v3\\\/conoce-como-sera-el-operativo-del-movil-de-documentacion-rapida-la-otra-semana\\\/#breadcrumb\",\"itemListElement\":[{\"@type\":\"ListItem\",\"position\":1,\"name\":\"Portada\",\"item\":\"https:\\\/\\\/cvinoticias.com\\\/v3\\\/\"},{\"@type\":\"ListItem\",\"position\":2,\"name\":\"Conoc\u00e9 c\u00f3mo ser\u00e1 el operativo del M\u00f3vil de Documentaci\u00f3n R\u00e1pida la otra semana\"}]},{\"@type\":\"WebSite\",\"@id\":\"https:\\\/\\\/cvinoticias.com\\\/v3\\\/#website\",\"url\":\"https:\\\/\\\/cvinoticias.com\\\/v3\\\/\",\"name\":\"CVI NOTICIAS\",\"description\":\"\",\"publisher\":{\"@id\":\"https:\\\/\\\/cvinoticias.com\\\/v3\\\/#organization\"},\"alternateName\":\"CVI\",\"potentialAction\":[{\"@type\":\"SearchAction\",\"target\":{\"@type\":\"EntryPoint\",\"urlTemplate\":\"https:\\\/\\\/cvinoticias.com\\\/v3\\\/?s={search_term_string}\"},\"query-input\":{\"@type\":\"PropertyValueSpecification\",\"valueRequired\":true,\"valueName\":\"search_term_string\"}}],\"inLanguage\":\"es\"},{\"@type\":\"Organization\",\"@id\":\"https:\\\/\\\/cvinoticias.com\\\/v3\\\/#organization\",\"name\":\"CVI NOTICIAS\",\"url\":\"https:\\\/\\\/cvinoticias.com\\\/v3\\\/\",\"logo\":{\"@type\":\"ImageObject\",\"inLanguage\":\"es\",\"@id\":\"https:\\\/\\\/cvinoticias.com\\\/v3\\\/#\\\/schema\\\/logo\\\/image\\\/\",\"url\":\"https:\\\/\\\/cvinoticias.com\\\/wp-content\\\/uploads\\\/2023\\\/04\\\/cropped-cropped-cropped-cropped-cropped-3-1.png\",\"contentUrl\":\"https:\\\/\\\/cvinoticias.com\\\/wp-content\\\/uploads\\\/2023\\\/04\\\/cropped-cropped-cropped-cropped-cropped-3-1.png\",\"width\":95,\"height\":122,\"caption\":\"CVI NOTICIAS\"},\"image\":{\"@id\":\"https:\\\/\\\/cvinoticias.com\\\/v3\\\/#\\\/schema\\\/logo\\\/image\\\/\"},\"sameAs\":[\"https:\\\/\\\/www.facebook.com\\\/cvinoticias\",\"https:\\\/\\\/www.instagram.com\\\/cvinoticias\\\/\",\"https:\\\/\\\/www.youtube.com\\\/@CVINOTICIAS\"]},{\"@type\":\"Person\",\"@id\":\"https:\\\/\\\/cvinoticias.com\\\/v3\\\/#\\\/schema\\\/person\\\/2db77e3c6bc03c538495d7b2b8be9b66\",\"name\":\"f1000024\",\"image\":{\"@type\":\"ImageObject\",\"inLanguage\":\"es\",\"@id\":\"https:\\\/\\\/secure.gravatar.com\\\/avatar\\\/d4fe7459cfc51ff5129ce1a732bbef5928568b8092d412ef95611616376bbeed?s=96&d=mm&r=g\",\"url\":\"https:\\\/\\\/secure.gravatar.com\\\/avatar\\\/d4fe7459cfc51ff5129ce1a732bbef5928568b8092d412ef95611616376bbeed?s=96&d=mm&r=g\",\"contentUrl\":\"https:\\\/\\\/secure.gravatar.com\\\/avatar\\\/d4fe7459cfc51ff5129ce1a732bbef5928568b8092d412ef95611616376bbeed?s=96&d=mm&r=g\",\"caption\":\"f1000024\"},\"url\":\"https:\\\/\\\/cvinoticias.com\\\/v3\\\/author\\\/f1000024\\\/\"}]}<\/script>\n<!-- \/ Yoast SEO plugin. -->","yoast_head_json":{"title":"Operativo del DNI en Iguaz\u00fa: fechas y lugar de atenci\u00f3n | CVI NOTICIAS","description":"Vecinos del Barrio 1ro de Mayo podr\u00e1n tramitar el DNI gratis los d\u00edas 19 y 20 de mayo gracias al operativo del m\u00f3vil de documentaci\u00f3n r\u00e1pida","robots":{"index":"index","follow":"follow","max-snippet":"max-snippet:-1","max-image-preview":"max-image-preview:large","max-video-preview":"max-video-preview:-1"},"canonical":"https:\/\/cvinoticias.com\/v3\/conoce-como-sera-el-operativo-del-movil-de-documentacion-rapida-la-otra-semana\/","og_locale":"es_ES","og_type":"article","og_title":"Operativo del DNI en Iguaz\u00fa: fechas y lugar de atenci\u00f3n | CVI NOTICIAS","og_description":"Vecinos del Barrio 1ro de Mayo podr\u00e1n tramitar el DNI gratis los d\u00edas 19 y 20 de mayo gracias al operativo del m\u00f3vil de documentaci\u00f3n r\u00e1pida","og_url":"https:\/\/cvinoticias.com\/v3\/conoce-como-sera-el-operativo-del-movil-de-documentacion-rapida-la-otra-semana\/","og_site_name":"CVI NOTICIAS","article_publisher":"https:\/\/www.facebook.com\/cvinoticias","article_published_time":"2025-05-16T22:24:54+00:00","article_modified_time":"2025-05-16T22:33:37+00:00","og_image":[{"width":720,"height":1280,"url":"https:\/\/cvinoticias.com\/wp-content\/uploads\/2025\/05\/IMG-20250516-WA0080.jpg","type":"image\/jpeg"}],"author":"f1000024","twitter_card":"summary_large_image","twitter_misc":{"Escrito por":"f1000024","Tiempo de lectura":"1 minuto"},"schema":{"@context":"https:\/\/schema.org","@graph":[{"@type":"Article","@id":"https:\/\/cvinoticias.com\/v3\/conoce-como-sera-el-operativo-del-movil-de-documentacion-rapida-la-otra-semana\/#article","isPartOf":{"@id":"https:\/\/cvinoticias.com\/v3\/conoce-como-sera-el-operativo-del-movil-de-documentacion-rapida-la-otra-semana\/"},"author":{"name":"f1000024","@id":"https:\/\/cvinoticias.com\/v3\/#\/schema\/person\/2db77e3c6bc03c538495d7b2b8be9b66"},"headline":"Conoc\u00e9 c\u00f3mo ser\u00e1 el operativo del M\u00f3vil de Documentaci\u00f3n R\u00e1pida la otra semana","datePublished":"2025-05-16T22:24:54+00:00","dateModified":"2025-05-16T22:33:37+00:00","mainEntityOfPage":{"@id":"https:\/\/cvinoticias.com\/v3\/conoce-como-sera-el-operativo-del-movil-de-documentacion-rapida-la-otra-semana\/"},"wordCount":148,"commentCount":0,"publisher":{"@id":"https:\/\/cvinoticias.com\/v3\/#organization"},"image":{"@id":"https:\/\/cvinoticias.com\/v3\/conoce-como-sera-el-operativo-del-movil-de-documentacion-rapida-la-otra-semana\/#primaryimage"},"thumbnailUrl":"https:\/\/cvinoticias.com\/wp-content\/uploads\/2025\/05\/IMG-20250516-WA0080.jpg","keywords":["1ro de Mayo","Documentaci\u00f3n","M\u00f3vil","R\u00e1pida"],"articleSection":["Sociedad"],"inLanguage":"es","potentialAction":[{"@type":"CommentAction","name":"Comment","target":["https:\/\/cvinoticias.com\/v3\/conoce-como-sera-el-operativo-del-movil-de-documentacion-rapida-la-otra-semana\/#respond"]}]},{"@type":"WebPage","@id":"https:\/\/cvinoticias.com\/v3\/conoce-como-sera-el-operativo-del-movil-de-documentacion-rapida-la-otra-semana\/","url":"https:\/\/cvinoticias.com\/v3\/conoce-como-sera-el-operativo-del-movil-de-documentacion-rapida-la-otra-semana\/","name":"Operativo del DNI en Iguaz\u00fa: fechas y lugar de atenci\u00f3n | CVI NOTICIAS","isPartOf":{"@id":"https:\/\/cvinoticias.com\/v3\/#website"},"primaryImageOfPage":{"@id":"https:\/\/cvinoticias.com\/v3\/conoce-como-sera-el-operativo-del-movil-de-documentacion-rapida-la-otra-semana\/#primaryimage"},"image":{"@id":"https:\/\/cvinoticias.com\/v3\/conoce-como-sera-el-operativo-del-movil-de-documentacion-rapida-la-otra-semana\/#primaryimage"},"thumbnailUrl":"https:\/\/cvinoticias.com\/wp-content\/uploads\/2025\/05\/IMG-20250516-WA0080.jpg","datePublished":"2025-05-16T22:24:54+00:00","dateModified":"2025-05-16T22:33:37+00:00","description":"Vecinos del Barrio 1ro de Mayo podr\u00e1n tramitar el DNI gratis los d\u00edas 19 y 20 de mayo gracias al operativo del m\u00f3vil de documentaci\u00f3n r\u00e1pida","breadcrumb":{"@id":"https:\/\/cvinoticias.com\/v3\/conoce-como-sera-el-operativo-del-movil-de-documentacion-rapida-la-otra-semana\/#breadcrumb"},"inLanguage":"es","potentialAction":[{"@type":"ReadAction","target":["https:\/\/cvinoticias.com\/v3\/conoce-como-sera-el-operativo-del-movil-de-documentacion-rapida-la-otra-semana\/"]}]},{"@type":"ImageObject","inLanguage":"es","@id":"https:\/\/cvinoticias.com\/v3\/conoce-como-sera-el-operativo-del-movil-de-documentacion-rapida-la-otra-semana\/#primaryimage","url":"https:\/\/cvinoticias.com\/wp-content\/uploads\/2025\/05\/IMG-20250516-WA0080.jpg","contentUrl":"https:\/\/cvinoticias.com\/wp-content\/uploads\/2025\/05\/IMG-20250516-WA0080.jpg","width":720,"height":1280},{"@type":"BreadcrumbList","@id":"https:\/\/cvinoticias.com\/v3\/conoce-como-sera-el-operativo-del-movil-de-documentacion-rapida-la-otra-semana\/#breadcrumb","itemListElement":[{"@type":"ListItem","position":1,"name":"Portada","item":"https:\/\/cvinoticias.com\/v3\/"},{"@type":"ListItem","position":2,"name":"Conoc\u00e9 c\u00f3mo ser\u00e1 el operativo del M\u00f3vil de Documentaci\u00f3n R\u00e1pida la otra semana"}]},{"@type":"WebSite","@id":"https:\/\/cvinoticias.com\/v3\/#website","url":"https:\/\/cvinoticias.com\/v3\/","name":"CVI NOTICIAS","description":"","publisher":{"@id":"https:\/\/cvinoticias.com\/v3\/#organization"},"alternateName":"CVI","potentialAction":[{"@type":"SearchAction","target":{"@type":"EntryPoint","urlTemplate":"https:\/\/cvinoticias.com\/v3\/?s={search_term_string}"},"query-input":{"@type":"PropertyValueSpecification","valueRequired":true,"valueName":"search_term_string"}}],"inLanguage":"es"},{"@type":"Organization","@id":"https:\/\/cvinoticias.com\/v3\/#organization","name":"CVI NOTICIAS","url":"https:\/\/cvinoticias.com\/v3\/","logo":{"@type":"ImageObject","inLanguage":"es","@id":"https:\/\/cvinoticias.com\/v3\/#\/schema\/logo\/image\/","url":"https:\/\/cvinoticias.com\/wp-content\/uploads\/2023\/04\/cropped-cropped-cropped-cropped-cropped-3-1.png","contentUrl":"https:\/\/cvinoticias.com\/wp-content\/uploads\/2023\/04\/cropped-cropped-cropped-cropped-cropped-3-1.png","width":95,"height":122,"caption":"CVI NOTICIAS"},"image":{"@id":"https:\/\/cvinoticias.com\/v3\/#\/schema\/logo\/image\/"},"sameAs":["https:\/\/www.facebook.com\/cvinoticias","https:\/\/www.instagram.com\/cvinoticias\/","https:\/\/www.youtube.com\/@CVINOTICIAS"]},{"@type":"Person","@id":"https:\/\/cvinoticias.com\/v3\/#\/schema\/person\/2db77e3c6bc03c538495d7b2b8be9b66","name":"f1000024","image":{"@type":"ImageObject","inLanguage":"es","@id":"https:\/\/secure.gravatar.com\/avatar\/d4fe7459cfc51ff5129ce1a732bbef5928568b8092d412ef95611616376bbeed?s=96&d=mm&r=g","url":"https:\/\/secure.gravatar.com\/avatar\/d4fe7459cfc51ff5129ce1a732bbef5928568b8092d412ef95611616376bbeed?s=96&d=mm&r=g","contentUrl":"https:\/\/secure.gravatar.com\/avatar\/d4fe7459cfc51ff5129ce1a732bbef5928568b8092d412ef95611616376bbeed?s=96&d=mm&r=g","caption":"f1000024"},"url":"https:\/\/cvinoticias.com\/v3\/author\/f1000024\/"}]}},"_links":{"self":[{"href":"https:\/\/cvinoticias.com\/v3\/wp-json\/wp\/v2\/posts\/43564","targetHints":{"allow":["GET"]}}],"collection":[{"href":"https:\/\/cvinoticias.com\/v3\/wp-json\/wp\/v2\/posts"}],"about":[{"href":"https:\/\/cvinoticias.com\/v3\/wp-json\/wp\/v2\/types\/post"}],"author":[{"embeddable":true,"href":"https:\/\/cvinoticias.com\/v3\/wp-json\/wp\/v2\/users\/2"}],"replies":[{"embeddable":true,"href":"https:\/\/cvinoticias.com\/v3\/wp-json\/wp\/v2\/comments?post=43564"}],"version-history":[{"count":1,"href":"https:\/\/cvinoticias.com\/v3\/wp-json\/wp\/v2\/posts\/43564\/revisions"}],"predecessor-version":[{"id":43566,"href":"https:\/\/cvinoticias.com\/v3\/wp-json\/wp\/v2\/posts\/43564\/revisions\/43566"}],"wp:featuredmedia":[{"embeddable":true,"href":"https:\/\/cvinoticias.com\/v3\/wp-json\/wp\/v2\/media\/43565"}],"wp:attachment":[{"href":"https:\/\/cvinoticias.com\/v3\/wp-json\/wp\/v2\/media?parent=43564"}],"wp:term":[{"taxonomy":"category","embeddable":true,"href":"https:\/\/cvinoticias.com\/v3\/wp-json\/wp\/v2\/categories?post=43564"},{"taxonomy":"post_tag","embeddable":true,"href":"https:\/\/cvinoticias.com\/v3\/wp-json\/wp\/v2\/tags?post=43564"}],"curies":[{"name":"wp","href":"https:\/\/api.w.org\/{rel}","templated":true}]}}