{"id":43504,"date":"2025-05-16T07:24:44","date_gmt":"2025-05-16T10:24:44","guid":{"rendered":"https:\/\/cvinoticias.com\/v3\/?p=43504"},"modified":"2025-05-16T07:24:45","modified_gmt":"2025-05-16T10:24:45","slug":"fin-de-semana-con-variedad-climatica-en-misiones","status":"publish","type":"post","link":"https:\/\/cvinoticias.com\/v3\/fin-de-semana-con-variedad-climatica-en-misiones\/","title":{"rendered":"Fin de semana con variedad clim\u00e1tica en Misiones"},"content":{"rendered":"\n<p>La provincia de Misiones tendr\u00e1 un fin de semana con variedad clim\u00e1tica: d\u00edas c\u00e1lidos y secos para arrancar, y un cierre con lluvias y tormentas.<\/p>\n\n\n\n<p>Este <strong>viernes 16<\/strong>, el clima se mantiene estable, con temperaturas agradables y sin lluvias a la vista. El cielo estar\u00e1 algo nublado por momentos debido a la humedad que ingresa desde el Atl\u00e1ntico, pero no se esperan precipitaciones. Puerto Iguaz\u00fa marcar\u00eda la m\u00e1xima de la jornada con 28\u00b0C y una sensaci\u00f3n t\u00e9rmica que podr\u00eda rozar los 29\u00b0C. Por su parte, San Pedro tendr\u00eda la m\u00ednima m\u00e1s baja con 12\u00b0C.<\/p>\n\n\n\n<p>El <strong>s\u00e1bado 17<\/strong> continuar\u00e1 con condiciones similares. Se espera un d\u00eda c\u00e1lido y algo ventoso, con nubosidad en aumento por la presencia de humedad en altura proveniente del Amazonas. Aunque el cielo se presente m\u00e1s cubierto, la probabilidad de lluvias sigue siendo baja. En Posadas, la m\u00e1xima alcanzar\u00eda los 29\u00b0C, mientras que Eldorado registrar\u00eda una m\u00ednima de 16\u00b0C.<\/p>\n\n\n\n<p>Sin embargo, el <strong>domingo 18<\/strong> llega el cambio: un frente fr\u00edo se aproxima a la regi\u00f3n y traer\u00e1 consigo lluvias, chaparrones y tormentas aisladas, principalmente a partir del mediod\u00eda. La inestabilidad se sentir\u00e1 m\u00e1s en la zona Centro, donde tambi\u00e9n se esperan r\u00e1fagas intensas. Las precipitaciones podr\u00edan acumular entre 1 y 35 mm en toda la provincia.<\/p>\n","protected":false},"excerpt":{"rendered":"<p>La provincia de Misiones tendr\u00e1 un fin de semana con variedad clim\u00e1tica: d\u00edas c\u00e1lidos y secos para arrancar, y un cierre con lluvias y tormentas. Este viernes 16, el clima se mantiene estable, con temperaturas agradables y sin lluvias a la vista. El cielo estar\u00e1 algo nublado por momentos debido a la humedad que ingresa [&hellip;]<\/p>\n","protected":false},"author":2,"featured_media":43505,"comment_status":"open","ping_status":"open","sticky":false,"template":"","format":"standard","meta":{"footnotes":""},"categories":[1146],"tags":[1148,278],"class_list":["post-43504","post","type-post","status-publish","format-standard","has-post-thumbnail","hentry","category-tiempo","tag-clima","tag-misiones"],"yoast_head":"<!-- This site is optimized with the Yoast SEO plugin v27.4 - https:\/\/yoast.com\/product\/yoast-seo-wordpress\/ -->\n<title>fin de semana con variedad clim\u00e1tica | CVI NOTICIAS<\/title>\n<meta name=\"description\" content=\"La provincia de Misiones tendr\u00e1 un fin de semana con variedad clim\u00e1tica: d\u00edas c\u00e1lidos y secos para arrancar, y un cierre con lluvias y tormentas\" \/>\n<meta name=\"robots\" content=\"index, follow, max-snippet:-1, max-image-preview:large, max-video-preview:-1\" \/>\n<link rel=\"canonical\" href=\"https:\/\/cvinoticias.com\/v3\/fin-de-semana-con-variedad-climatica-en-misiones\/\" \/>\n<meta property=\"og:locale\" content=\"es_ES\" \/>\n<meta property=\"og:type\" content=\"article\" \/>\n<meta property=\"og:title\" content=\"fin de semana con variedad clim\u00e1tica | CVI NOTICIAS\" \/>\n<meta property=\"og:description\" content=\"La provincia de Misiones tendr\u00e1 un fin de semana con variedad clim\u00e1tica: d\u00edas c\u00e1lidos y secos para arrancar, y un cierre con lluvias y tormentas\" \/>\n<meta property=\"og:url\" content=\"https:\/\/cvinoticias.com\/v3\/fin-de-semana-con-variedad-climatica-en-misiones\/\" \/>\n<meta property=\"og:site_name\" content=\"CVI NOTICIAS\" \/>\n<meta property=\"article:publisher\" content=\"https:\/\/www.facebook.com\/cvinoticias\" \/>\n<meta property=\"article:published_time\" content=\"2025-05-16T10:24:44+00:00\" \/>\n<meta property=\"article:modified_time\" content=\"2025-05-16T10:24:45+00:00\" \/>\n<meta property=\"og:image\" content=\"https:\/\/cvinoticias.com\/wp-content\/uploads\/2025\/05\/IMG-20250516-WA0009.jpg\" \/>\n\t<meta property=\"og:image:width\" content=\"720\" \/>\n\t<meta property=\"og:image:height\" content=\"273\" \/>\n\t<meta property=\"og:image:type\" content=\"image\/jpeg\" \/>\n<meta name=\"author\" content=\"f1000024\" \/>\n<meta name=\"twitter:card\" content=\"summary_large_image\" \/>\n<meta name=\"twitter:label1\" content=\"Escrito por\" \/>\n\t<meta name=\"twitter:data1\" content=\"f1000024\" \/>\n\t<meta name=\"twitter:label2\" content=\"Tiempo de lectura\" \/>\n\t<meta name=\"twitter:data2\" content=\"2 minutos\" \/>\n<script type=\"application\/ld+json\" class=\"yoast-schema-graph\">{\"@context\":\"https:\\\/\\\/schema.org\",\"@graph\":[{\"@type\":\"Article\",\"@id\":\"https:\\\/\\\/cvinoticias.com\\\/v3\\\/fin-de-semana-con-variedad-climatica-en-misiones\\\/#article\",\"isPartOf\":{\"@id\":\"https:\\\/\\\/cvinoticias.com\\\/v3\\\/fin-de-semana-con-variedad-climatica-en-misiones\\\/\"},\"author\":{\"name\":\"f1000024\",\"@id\":\"https:\\\/\\\/cvinoticias.com\\\/v3\\\/#\\\/schema\\\/person\\\/2db77e3c6bc03c538495d7b2b8be9b66\"},\"headline\":\"Fin de semana con variedad clim\u00e1tica en Misiones\",\"datePublished\":\"2025-05-16T10:24:44+00:00\",\"dateModified\":\"2025-05-16T10:24:45+00:00\",\"mainEntityOfPage\":{\"@id\":\"https:\\\/\\\/cvinoticias.com\\\/v3\\\/fin-de-semana-con-variedad-climatica-en-misiones\\\/\"},\"wordCount\":240,\"commentCount\":0,\"publisher\":{\"@id\":\"https:\\\/\\\/cvinoticias.com\\\/v3\\\/#organization\"},\"image\":{\"@id\":\"https:\\\/\\\/cvinoticias.com\\\/v3\\\/fin-de-semana-con-variedad-climatica-en-misiones\\\/#primaryimage\"},\"thumbnailUrl\":\"https:\\\/\\\/cvinoticias.com\\\/wp-content\\\/uploads\\\/2025\\\/05\\\/IMG-20250516-WA0009.jpg\",\"keywords\":[\"Clima\",\"Misiones\"],\"articleSection\":[\"Tiempo\"],\"inLanguage\":\"es\",\"potentialAction\":[{\"@type\":\"CommentAction\",\"name\":\"Comment\",\"target\":[\"https:\\\/\\\/cvinoticias.com\\\/v3\\\/fin-de-semana-con-variedad-climatica-en-misiones\\\/#respond\"]}]},{\"@type\":\"WebPage\",\"@id\":\"https:\\\/\\\/cvinoticias.com\\\/v3\\\/fin-de-semana-con-variedad-climatica-en-misiones\\\/\",\"url\":\"https:\\\/\\\/cvinoticias.com\\\/v3\\\/fin-de-semana-con-variedad-climatica-en-misiones\\\/\",\"name\":\"fin de semana con variedad clim\u00e1tica | CVI NOTICIAS\",\"isPartOf\":{\"@id\":\"https:\\\/\\\/cvinoticias.com\\\/v3\\\/#website\"},\"primaryImageOfPage\":{\"@id\":\"https:\\\/\\\/cvinoticias.com\\\/v3\\\/fin-de-semana-con-variedad-climatica-en-misiones\\\/#primaryimage\"},\"image\":{\"@id\":\"https:\\\/\\\/cvinoticias.com\\\/v3\\\/fin-de-semana-con-variedad-climatica-en-misiones\\\/#primaryimage\"},\"thumbnailUrl\":\"https:\\\/\\\/cvinoticias.com\\\/wp-content\\\/uploads\\\/2025\\\/05\\\/IMG-20250516-WA0009.jpg\",\"datePublished\":\"2025-05-16T10:24:44+00:00\",\"dateModified\":\"2025-05-16T10:24:45+00:00\",\"description\":\"La provincia de Misiones tendr\u00e1 un fin de semana con variedad clim\u00e1tica: d\u00edas c\u00e1lidos y secos para arrancar, y un cierre con lluvias y tormentas\",\"breadcrumb\":{\"@id\":\"https:\\\/\\\/cvinoticias.com\\\/v3\\\/fin-de-semana-con-variedad-climatica-en-misiones\\\/#breadcrumb\"},\"inLanguage\":\"es\",\"potentialAction\":[{\"@type\":\"ReadAction\",\"target\":[\"https:\\\/\\\/cvinoticias.com\\\/v3\\\/fin-de-semana-con-variedad-climatica-en-misiones\\\/\"]}]},{\"@type\":\"ImageObject\",\"inLanguage\":\"es\",\"@id\":\"https:\\\/\\\/cvinoticias.com\\\/v3\\\/fin-de-semana-con-variedad-climatica-en-misiones\\\/#primaryimage\",\"url\":\"https:\\\/\\\/cvinoticias.com\\\/wp-content\\\/uploads\\\/2025\\\/05\\\/IMG-20250516-WA0009.jpg\",\"contentUrl\":\"https:\\\/\\\/cvinoticias.com\\\/wp-content\\\/uploads\\\/2025\\\/05\\\/IMG-20250516-WA0009.jpg\",\"width\":720,\"height\":273},{\"@type\":\"BreadcrumbList\",\"@id\":\"https:\\\/\\\/cvinoticias.com\\\/v3\\\/fin-de-semana-con-variedad-climatica-en-misiones\\\/#breadcrumb\",\"itemListElement\":[{\"@type\":\"ListItem\",\"position\":1,\"name\":\"Portada\",\"item\":\"https:\\\/\\\/cvinoticias.com\\\/v3\\\/\"},{\"@type\":\"ListItem\",\"position\":2,\"name\":\"Fin de semana con variedad clim\u00e1tica en Misiones\"}]},{\"@type\":\"WebSite\",\"@id\":\"https:\\\/\\\/cvinoticias.com\\\/v3\\\/#website\",\"url\":\"https:\\\/\\\/cvinoticias.com\\\/v3\\\/\",\"name\":\"CVI NOTICIAS\",\"description\":\"\",\"publisher\":{\"@id\":\"https:\\\/\\\/cvinoticias.com\\\/v3\\\/#organization\"},\"alternateName\":\"CVI\",\"potentialAction\":[{\"@type\":\"SearchAction\",\"target\":{\"@type\":\"EntryPoint\",\"urlTemplate\":\"https:\\\/\\\/cvinoticias.com\\\/v3\\\/?s={search_term_string}\"},\"query-input\":{\"@type\":\"PropertyValueSpecification\",\"valueRequired\":true,\"valueName\":\"search_term_string\"}}],\"inLanguage\":\"es\"},{\"@type\":\"Organization\",\"@id\":\"https:\\\/\\\/cvinoticias.com\\\/v3\\\/#organization\",\"name\":\"CVI NOTICIAS\",\"url\":\"https:\\\/\\\/cvinoticias.com\\\/v3\\\/\",\"logo\":{\"@type\":\"ImageObject\",\"inLanguage\":\"es\",\"@id\":\"https:\\\/\\\/cvinoticias.com\\\/v3\\\/#\\\/schema\\\/logo\\\/image\\\/\",\"url\":\"https:\\\/\\\/cvinoticias.com\\\/wp-content\\\/uploads\\\/2023\\\/04\\\/cropped-cropped-cropped-cropped-cropped-3-1.png\",\"contentUrl\":\"https:\\\/\\\/cvinoticias.com\\\/wp-content\\\/uploads\\\/2023\\\/04\\\/cropped-cropped-cropped-cropped-cropped-3-1.png\",\"width\":95,\"height\":122,\"caption\":\"CVI NOTICIAS\"},\"image\":{\"@id\":\"https:\\\/\\\/cvinoticias.com\\\/v3\\\/#\\\/schema\\\/logo\\\/image\\\/\"},\"sameAs\":[\"https:\\\/\\\/www.facebook.com\\\/cvinoticias\",\"https:\\\/\\\/www.instagram.com\\\/cvinoticias\\\/\",\"https:\\\/\\\/www.youtube.com\\\/@CVINOTICIAS\"]},{\"@type\":\"Person\",\"@id\":\"https:\\\/\\\/cvinoticias.com\\\/v3\\\/#\\\/schema\\\/person\\\/2db77e3c6bc03c538495d7b2b8be9b66\",\"name\":\"f1000024\",\"image\":{\"@type\":\"ImageObject\",\"inLanguage\":\"es\",\"@id\":\"https:\\\/\\\/secure.gravatar.com\\\/avatar\\\/d4fe7459cfc51ff5129ce1a732bbef5928568b8092d412ef95611616376bbeed?s=96&d=mm&r=g\",\"url\":\"https:\\\/\\\/secure.gravatar.com\\\/avatar\\\/d4fe7459cfc51ff5129ce1a732bbef5928568b8092d412ef95611616376bbeed?s=96&d=mm&r=g\",\"contentUrl\":\"https:\\\/\\\/secure.gravatar.com\\\/avatar\\\/d4fe7459cfc51ff5129ce1a732bbef5928568b8092d412ef95611616376bbeed?s=96&d=mm&r=g\",\"caption\":\"f1000024\"},\"url\":\"https:\\\/\\\/cvinoticias.com\\\/v3\\\/author\\\/f1000024\\\/\"}]}<\/script>\n<!-- \/ Yoast SEO plugin. -->","yoast_head_json":{"title":"fin de semana con variedad clim\u00e1tica | CVI NOTICIAS","description":"La provincia de Misiones tendr\u00e1 un fin de semana con variedad clim\u00e1tica: d\u00edas c\u00e1lidos y secos para arrancar, y un cierre con lluvias y tormentas","robots":{"index":"index","follow":"follow","max-snippet":"max-snippet:-1","max-image-preview":"max-image-preview:large","max-video-preview":"max-video-preview:-1"},"canonical":"https:\/\/cvinoticias.com\/v3\/fin-de-semana-con-variedad-climatica-en-misiones\/","og_locale":"es_ES","og_type":"article","og_title":"fin de semana con variedad clim\u00e1tica | CVI NOTICIAS","og_description":"La provincia de Misiones tendr\u00e1 un fin de semana con variedad clim\u00e1tica: d\u00edas c\u00e1lidos y secos para arrancar, y un cierre con lluvias y tormentas","og_url":"https:\/\/cvinoticias.com\/v3\/fin-de-semana-con-variedad-climatica-en-misiones\/","og_site_name":"CVI NOTICIAS","article_publisher":"https:\/\/www.facebook.com\/cvinoticias","article_published_time":"2025-05-16T10:24:44+00:00","article_modified_time":"2025-05-16T10:24:45+00:00","og_image":[{"width":720,"height":273,"url":"https:\/\/cvinoticias.com\/wp-content\/uploads\/2025\/05\/IMG-20250516-WA0009.jpg","type":"image\/jpeg"}],"author":"f1000024","twitter_card":"summary_large_image","twitter_misc":{"Escrito por":"f1000024","Tiempo de lectura":"2 minutos"},"schema":{"@context":"https:\/\/schema.org","@graph":[{"@type":"Article","@id":"https:\/\/cvinoticias.com\/v3\/fin-de-semana-con-variedad-climatica-en-misiones\/#article","isPartOf":{"@id":"https:\/\/cvinoticias.com\/v3\/fin-de-semana-con-variedad-climatica-en-misiones\/"},"author":{"name":"f1000024","@id":"https:\/\/cvinoticias.com\/v3\/#\/schema\/person\/2db77e3c6bc03c538495d7b2b8be9b66"},"headline":"Fin de semana con variedad clim\u00e1tica en Misiones","datePublished":"2025-05-16T10:24:44+00:00","dateModified":"2025-05-16T10:24:45+00:00","mainEntityOfPage":{"@id":"https:\/\/cvinoticias.com\/v3\/fin-de-semana-con-variedad-climatica-en-misiones\/"},"wordCount":240,"commentCount":0,"publisher":{"@id":"https:\/\/cvinoticias.com\/v3\/#organization"},"image":{"@id":"https:\/\/cvinoticias.com\/v3\/fin-de-semana-con-variedad-climatica-en-misiones\/#primaryimage"},"thumbnailUrl":"https:\/\/cvinoticias.com\/wp-content\/uploads\/2025\/05\/IMG-20250516-WA0009.jpg","keywords":["Clima","Misiones"],"articleSection":["Tiempo"],"inLanguage":"es","potentialAction":[{"@type":"CommentAction","name":"Comment","target":["https:\/\/cvinoticias.com\/v3\/fin-de-semana-con-variedad-climatica-en-misiones\/#respond"]}]},{"@type":"WebPage","@id":"https:\/\/cvinoticias.com\/v3\/fin-de-semana-con-variedad-climatica-en-misiones\/","url":"https:\/\/cvinoticias.com\/v3\/fin-de-semana-con-variedad-climatica-en-misiones\/","name":"fin de semana con variedad clim\u00e1tica | CVI NOTICIAS","isPartOf":{"@id":"https:\/\/cvinoticias.com\/v3\/#website"},"primaryImageOfPage":{"@id":"https:\/\/cvinoticias.com\/v3\/fin-de-semana-con-variedad-climatica-en-misiones\/#primaryimage"},"image":{"@id":"https:\/\/cvinoticias.com\/v3\/fin-de-semana-con-variedad-climatica-en-misiones\/#primaryimage"},"thumbnailUrl":"https:\/\/cvinoticias.com\/wp-content\/uploads\/2025\/05\/IMG-20250516-WA0009.jpg","datePublished":"2025-05-16T10:24:44+00:00","dateModified":"2025-05-16T10:24:45+00:00","description":"La provincia de Misiones tendr\u00e1 un fin de semana con variedad clim\u00e1tica: d\u00edas c\u00e1lidos y secos para arrancar, y un cierre con lluvias y tormentas","breadcrumb":{"@id":"https:\/\/cvinoticias.com\/v3\/fin-de-semana-con-variedad-climatica-en-misiones\/#breadcrumb"},"inLanguage":"es","potentialAction":[{"@type":"ReadAction","target":["https:\/\/cvinoticias.com\/v3\/fin-de-semana-con-variedad-climatica-en-misiones\/"]}]},{"@type":"ImageObject","inLanguage":"es","@id":"https:\/\/cvinoticias.com\/v3\/fin-de-semana-con-variedad-climatica-en-misiones\/#primaryimage","url":"https:\/\/cvinoticias.com\/wp-content\/uploads\/2025\/05\/IMG-20250516-WA0009.jpg","contentUrl":"https:\/\/cvinoticias.com\/wp-content\/uploads\/2025\/05\/IMG-20250516-WA0009.jpg","width":720,"height":273},{"@type":"BreadcrumbList","@id":"https:\/\/cvinoticias.com\/v3\/fin-de-semana-con-variedad-climatica-en-misiones\/#breadcrumb","itemListElement":[{"@type":"ListItem","position":1,"name":"Portada","item":"https:\/\/cvinoticias.com\/v3\/"},{"@type":"ListItem","position":2,"name":"Fin de semana con variedad clim\u00e1tica en Misiones"}]},{"@type":"WebSite","@id":"https:\/\/cvinoticias.com\/v3\/#website","url":"https:\/\/cvinoticias.com\/v3\/","name":"CVI NOTICIAS","description":"","publisher":{"@id":"https:\/\/cvinoticias.com\/v3\/#organization"},"alternateName":"CVI","potentialAction":[{"@type":"SearchAction","target":{"@type":"EntryPoint","urlTemplate":"https:\/\/cvinoticias.com\/v3\/?s={search_term_string}"},"query-input":{"@type":"PropertyValueSpecification","valueRequired":true,"valueName":"search_term_string"}}],"inLanguage":"es"},{"@type":"Organization","@id":"https:\/\/cvinoticias.com\/v3\/#organization","name":"CVI NOTICIAS","url":"https:\/\/cvinoticias.com\/v3\/","logo":{"@type":"ImageObject","inLanguage":"es","@id":"https:\/\/cvinoticias.com\/v3\/#\/schema\/logo\/image\/","url":"https:\/\/cvinoticias.com\/wp-content\/uploads\/2023\/04\/cropped-cropped-cropped-cropped-cropped-3-1.png","contentUrl":"https:\/\/cvinoticias.com\/wp-content\/uploads\/2023\/04\/cropped-cropped-cropped-cropped-cropped-3-1.png","width":95,"height":122,"caption":"CVI NOTICIAS"},"image":{"@id":"https:\/\/cvinoticias.com\/v3\/#\/schema\/logo\/image\/"},"sameAs":["https:\/\/www.facebook.com\/cvinoticias","https:\/\/www.instagram.com\/cvinoticias\/","https:\/\/www.youtube.com\/@CVINOTICIAS"]},{"@type":"Person","@id":"https:\/\/cvinoticias.com\/v3\/#\/schema\/person\/2db77e3c6bc03c538495d7b2b8be9b66","name":"f1000024","image":{"@type":"ImageObject","inLanguage":"es","@id":"https:\/\/secure.gravatar.com\/avatar\/d4fe7459cfc51ff5129ce1a732bbef5928568b8092d412ef95611616376bbeed?s=96&d=mm&r=g","url":"https:\/\/secure.gravatar.com\/avatar\/d4fe7459cfc51ff5129ce1a732bbef5928568b8092d412ef95611616376bbeed?s=96&d=mm&r=g","contentUrl":"https:\/\/secure.gravatar.com\/avatar\/d4fe7459cfc51ff5129ce1a732bbef5928568b8092d412ef95611616376bbeed?s=96&d=mm&r=g","caption":"f1000024"},"url":"https:\/\/cvinoticias.com\/v3\/author\/f1000024\/"}]}},"_links":{"self":[{"href":"https:\/\/cvinoticias.com\/v3\/wp-json\/wp\/v2\/posts\/43504","targetHints":{"allow":["GET"]}}],"collection":[{"href":"https:\/\/cvinoticias.com\/v3\/wp-json\/wp\/v2\/posts"}],"about":[{"href":"https:\/\/cvinoticias.com\/v3\/wp-json\/wp\/v2\/types\/post"}],"author":[{"embeddable":true,"href":"https:\/\/cvinoticias.com\/v3\/wp-json\/wp\/v2\/users\/2"}],"replies":[{"embeddable":true,"href":"https:\/\/cvinoticias.com\/v3\/wp-json\/wp\/v2\/comments?post=43504"}],"version-history":[{"count":1,"href":"https:\/\/cvinoticias.com\/v3\/wp-json\/wp\/v2\/posts\/43504\/revisions"}],"predecessor-version":[{"id":43506,"href":"https:\/\/cvinoticias.com\/v3\/wp-json\/wp\/v2\/posts\/43504\/revisions\/43506"}],"wp:featuredmedia":[{"embeddable":true,"href":"https:\/\/cvinoticias.com\/v3\/wp-json\/wp\/v2\/media\/43505"}],"wp:attachment":[{"href":"https:\/\/cvinoticias.com\/v3\/wp-json\/wp\/v2\/media?parent=43504"}],"wp:term":[{"taxonomy":"category","embeddable":true,"href":"https:\/\/cvinoticias.com\/v3\/wp-json\/wp\/v2\/categories?post=43504"},{"taxonomy":"post_tag","embeddable":true,"href":"https:\/\/cvinoticias.com\/v3\/wp-json\/wp\/v2\/tags?post=43504"}],"curies":[{"name":"wp","href":"https:\/\/api.w.org\/{rel}","templated":true}]}}