{"id":43478,"date":"2025-05-15T13:29:07","date_gmt":"2025-05-15T16:29:07","guid":{"rendered":"https:\/\/cvinoticias.com\/v3\/?p=43478"},"modified":"2025-05-16T09:25:00","modified_gmt":"2025-05-16T12:25:00","slug":"iguazu-se-prepara-para-celebrar-la-semana-de-la-biodiversidad","status":"publish","type":"post","link":"https:\/\/cvinoticias.com\/v3\/iguazu-se-prepara-para-celebrar-la-semana-de-la-biodiversidad\/","title":{"rendered":"Iguaz\u00fa se prepara para celebrar la Semana de la Biodiversidad"},"content":{"rendered":"\n<p>El Instituto Misionero de Biodiversidad (IMiBio) invita a toda la comunidad a participar de la Semana de la Biodiversidad, que se llevar\u00e1 a cabo del martes 20 al s\u00e1bado 24 de mayo en la ciudad de Puerto Iguaz\u00fa. Durante cinco d\u00edas, vecinos, turistas e instituciones podr\u00e1n disfrutar de una variada agenda de actividades que buscan promover el conocimiento y la conservaci\u00f3n del entorno natural de la regi\u00f3n.<\/p>\n\n\n\n<p>La apertura ser\u00e1 el martes 20 con una charla sobre peces a cargo del especialista C\u00e9sar Schmitke, en la sede del IMiBio. El mi\u00e9rcoles 21 continuar\u00e1 la programaci\u00f3n con una disertaci\u00f3n sobre plantas comestibles no convencionales, dictada por Guadalupe Anaya.<\/p>\n\n\n\n<p>El jueves 22, el Ente Municipal de Turismo (ITUREM) ser\u00e1 sede de un conversatorio sobre las pol\u00edticas de conservaci\u00f3n que impulsa la provincia de Misiones. \u201cSer\u00e1 un espacio para charlar y reflexionar sobre lo que se est\u00e1 haciendo desde la gesti\u00f3n ambiental\u201d, destac\u00f3 Emanuel Grassi, director general del IMiBio, en di\u00e1logo con CVI. Ese mismo d\u00eda, se inaugurar\u00e1 el \u201cMural de la Biodiversidad\u201d, una obra colectiva que busca visibilizar la riqueza natural misionera.<\/p>\n\n\n\n<p>El viernes 23 a las 16 horas, la Plaza San Mart\u00edn ser\u00e1 escenario de la 3\u00aa Expo Feria de la Biodiversidad, que incluir\u00e1 una colorida kermesse con exposiciones y actividades: \u201cLas instituciones que nos acompa\u00f1an mostrar\u00e1n su trabajo y lo que hacen por la biodiversidad\u201d, remarc\u00f3.<\/p>\n\n\n\n<p>Finalmente, el s\u00e1bado 24, la semana concluir\u00e1 con una caminata de observaci\u00f3n de aves, una actividad ideal para conectar con la naturaleza y cerrar el ciclo con una experiencia sensorial y educativa.<\/p>\n\n\n\n<hr class=\"wp-block-separator has-alpha-channel-opacity\"\/>\n\n\n\n<figure class=\"wp-block-image size-full\"><a href=\"https:\/\/cvinoticias.com\/wp-content\/uploads\/2025\/05\/entrevistado23.png\"><img decoding=\"async\" width=\"832\" height=\"487\" data-src=\"https:\/\/cvinoticias.com\/wp-content\/uploads\/2025\/05\/entrevistado23.png\" alt=\"\" class=\"wp-image-43480 lazyload\" data-srcset=\"https:\/\/cvinoticias.com\/wp-content\/uploads\/2025\/05\/entrevistado23.png 832w, https:\/\/cvinoticias.com\/wp-content\/uploads\/2025\/05\/entrevistado23-300x176.png 300w, https:\/\/cvinoticias.com\/wp-content\/uploads\/2025\/05\/entrevistado23-768x450.png 768w\" data-sizes=\"(max-width: 832px) 100vw, 832px\" src=\"data:image\/svg+xml;base64,PHN2ZyB3aWR0aD0iMSIgaGVpZ2h0PSIxIiB4bWxucz0iaHR0cDovL3d3dy53My5vcmcvMjAwMC9zdmciPjwvc3ZnPg==\" style=\"--smush-placeholder-width: 832px; --smush-placeholder-aspect-ratio: 832\/487;\" \/><\/a><\/figure>\n\n\n\n<p>Entrevista con: Emanuel Grassi (Dir. Gral IMiBio)<\/p>\n","protected":false},"excerpt":{"rendered":"<p>El Instituto Misionero de Biodiversidad (IMiBio) invita a toda la comunidad a participar de la Semana de la Biodiversidad, que se llevar\u00e1 a cabo del martes 20 al s\u00e1bado 24 de mayo en la ciudad de Puerto Iguaz\u00fa. Durante cinco d\u00edas, vecinos, turistas e instituciones podr\u00e1n disfrutar de una variada agenda de actividades que buscan [&hellip;]<\/p>\n","protected":false},"author":2,"featured_media":43512,"comment_status":"open","ping_status":"open","sticky":false,"template":"","format":"standard","meta":{"footnotes":""},"categories":[454],"tags":[313,777,954,2407],"class_list":["post-43478","post","type-post","status-publish","format-standard","has-post-thumbnail","hentry","category-biodiversidad","tag-iguazu","tag-imibio","tag-iturem","tag-semana-de-la-biodiversidad"],"yoast_head":"<!-- This site is optimized with the Yoast SEO plugin v27.4 - https:\/\/yoast.com\/product\/yoast-seo-wordpress\/ -->\n<title>Semana de la Biodiversidad en Iguaz\u00fa: agenda y actividades | CVI NOTICIAS<\/title>\n<meta name=\"description\" content=\"Puerto Iguaz\u00fa celebra la Semana de la Biodiversidad con charlas, ferias y caminatas del 20 al 24 de mayo. Actividades abiertas a toda la comunidad.\" \/>\n<meta name=\"robots\" content=\"index, follow, max-snippet:-1, max-image-preview:large, max-video-preview:-1\" \/>\n<link rel=\"canonical\" href=\"https:\/\/cvinoticias.com\/v3\/iguazu-se-prepara-para-celebrar-la-semana-de-la-biodiversidad\/\" \/>\n<meta property=\"og:locale\" content=\"es_ES\" \/>\n<meta property=\"og:type\" content=\"article\" \/>\n<meta property=\"og:title\" content=\"Semana de la Biodiversidad en Iguaz\u00fa: agenda y actividades | CVI NOTICIAS\" \/>\n<meta property=\"og:description\" content=\"Puerto Iguaz\u00fa celebra la Semana de la Biodiversidad con charlas, ferias y caminatas del 20 al 24 de mayo. Actividades abiertas a toda la comunidad.\" \/>\n<meta property=\"og:url\" content=\"https:\/\/cvinoticias.com\/v3\/iguazu-se-prepara-para-celebrar-la-semana-de-la-biodiversidad\/\" \/>\n<meta property=\"og:site_name\" content=\"CVI NOTICIAS\" \/>\n<meta property=\"article:publisher\" content=\"https:\/\/www.facebook.com\/cvinoticias\" \/>\n<meta property=\"article:published_time\" content=\"2025-05-15T16:29:07+00:00\" \/>\n<meta property=\"article:modified_time\" content=\"2025-05-16T12:25:00+00:00\" \/>\n<meta property=\"og:image\" content=\"https:\/\/cvinoticias.com\/wp-content\/uploads\/2025\/05\/15.png\" \/>\n\t<meta property=\"og:image:width\" content=\"424\" \/>\n\t<meta property=\"og:image:height\" content=\"528\" \/>\n\t<meta property=\"og:image:type\" content=\"image\/png\" \/>\n<meta name=\"author\" content=\"f1000024\" \/>\n<meta name=\"twitter:card\" content=\"summary_large_image\" \/>\n<meta name=\"twitter:label1\" content=\"Escrito por\" \/>\n\t<meta name=\"twitter:data1\" content=\"f1000024\" \/>\n\t<meta name=\"twitter:label2\" content=\"Tiempo de lectura\" \/>\n\t<meta name=\"twitter:data2\" content=\"2 minutos\" \/>\n<script type=\"application\/ld+json\" class=\"yoast-schema-graph\">{\"@context\":\"https:\\\/\\\/schema.org\",\"@graph\":[{\"@type\":\"Article\",\"@id\":\"https:\\\/\\\/cvinoticias.com\\\/v3\\\/iguazu-se-prepara-para-celebrar-la-semana-de-la-biodiversidad\\\/#article\",\"isPartOf\":{\"@id\":\"https:\\\/\\\/cvinoticias.com\\\/v3\\\/iguazu-se-prepara-para-celebrar-la-semana-de-la-biodiversidad\\\/\"},\"author\":{\"name\":\"f1000024\",\"@id\":\"https:\\\/\\\/cvinoticias.com\\\/v3\\\/#\\\/schema\\\/person\\\/2db77e3c6bc03c538495d7b2b8be9b66\"},\"headline\":\"Iguaz\u00fa se prepara para celebrar la Semana de la Biodiversidad\",\"datePublished\":\"2025-05-15T16:29:07+00:00\",\"dateModified\":\"2025-05-16T12:25:00+00:00\",\"mainEntityOfPage\":{\"@id\":\"https:\\\/\\\/cvinoticias.com\\\/v3\\\/iguazu-se-prepara-para-celebrar-la-semana-de-la-biodiversidad\\\/\"},\"wordCount\":285,\"commentCount\":0,\"publisher\":{\"@id\":\"https:\\\/\\\/cvinoticias.com\\\/v3\\\/#organization\"},\"image\":{\"@id\":\"https:\\\/\\\/cvinoticias.com\\\/v3\\\/iguazu-se-prepara-para-celebrar-la-semana-de-la-biodiversidad\\\/#primaryimage\"},\"thumbnailUrl\":\"https:\\\/\\\/cvinoticias.com\\\/wp-content\\\/uploads\\\/2025\\\/05\\\/15.png\",\"keywords\":[\"Iguaz\u00fa\",\"Imibio\",\"Iturem\",\"Semana de la Biodiversidad\"],\"articleSection\":[\"Biodiversidad\"],\"inLanguage\":\"es\",\"potentialAction\":[{\"@type\":\"CommentAction\",\"name\":\"Comment\",\"target\":[\"https:\\\/\\\/cvinoticias.com\\\/v3\\\/iguazu-se-prepara-para-celebrar-la-semana-de-la-biodiversidad\\\/#respond\"]}]},{\"@type\":\"WebPage\",\"@id\":\"https:\\\/\\\/cvinoticias.com\\\/v3\\\/iguazu-se-prepara-para-celebrar-la-semana-de-la-biodiversidad\\\/\",\"url\":\"https:\\\/\\\/cvinoticias.com\\\/v3\\\/iguazu-se-prepara-para-celebrar-la-semana-de-la-biodiversidad\\\/\",\"name\":\"Semana de la Biodiversidad en Iguaz\u00fa: agenda y actividades | CVI NOTICIAS\",\"isPartOf\":{\"@id\":\"https:\\\/\\\/cvinoticias.com\\\/v3\\\/#website\"},\"primaryImageOfPage\":{\"@id\":\"https:\\\/\\\/cvinoticias.com\\\/v3\\\/iguazu-se-prepara-para-celebrar-la-semana-de-la-biodiversidad\\\/#primaryimage\"},\"image\":{\"@id\":\"https:\\\/\\\/cvinoticias.com\\\/v3\\\/iguazu-se-prepara-para-celebrar-la-semana-de-la-biodiversidad\\\/#primaryimage\"},\"thumbnailUrl\":\"https:\\\/\\\/cvinoticias.com\\\/wp-content\\\/uploads\\\/2025\\\/05\\\/15.png\",\"datePublished\":\"2025-05-15T16:29:07+00:00\",\"dateModified\":\"2025-05-16T12:25:00+00:00\",\"description\":\"Puerto Iguaz\u00fa celebra la Semana de la Biodiversidad con charlas, ferias y caminatas del 20 al 24 de mayo. Actividades abiertas a toda la comunidad.\",\"breadcrumb\":{\"@id\":\"https:\\\/\\\/cvinoticias.com\\\/v3\\\/iguazu-se-prepara-para-celebrar-la-semana-de-la-biodiversidad\\\/#breadcrumb\"},\"inLanguage\":\"es\",\"potentialAction\":[{\"@type\":\"ReadAction\",\"target\":[\"https:\\\/\\\/cvinoticias.com\\\/v3\\\/iguazu-se-prepara-para-celebrar-la-semana-de-la-biodiversidad\\\/\"]}]},{\"@type\":\"ImageObject\",\"inLanguage\":\"es\",\"@id\":\"https:\\\/\\\/cvinoticias.com\\\/v3\\\/iguazu-se-prepara-para-celebrar-la-semana-de-la-biodiversidad\\\/#primaryimage\",\"url\":\"https:\\\/\\\/cvinoticias.com\\\/wp-content\\\/uploads\\\/2025\\\/05\\\/15.png\",\"contentUrl\":\"https:\\\/\\\/cvinoticias.com\\\/wp-content\\\/uploads\\\/2025\\\/05\\\/15.png\",\"width\":424,\"height\":528},{\"@type\":\"BreadcrumbList\",\"@id\":\"https:\\\/\\\/cvinoticias.com\\\/v3\\\/iguazu-se-prepara-para-celebrar-la-semana-de-la-biodiversidad\\\/#breadcrumb\",\"itemListElement\":[{\"@type\":\"ListItem\",\"position\":1,\"name\":\"Portada\",\"item\":\"https:\\\/\\\/cvinoticias.com\\\/v3\\\/\"},{\"@type\":\"ListItem\",\"position\":2,\"name\":\"Iguaz\u00fa se prepara para celebrar la Semana de la Biodiversidad\"}]},{\"@type\":\"WebSite\",\"@id\":\"https:\\\/\\\/cvinoticias.com\\\/v3\\\/#website\",\"url\":\"https:\\\/\\\/cvinoticias.com\\\/v3\\\/\",\"name\":\"CVI NOTICIAS\",\"description\":\"\",\"publisher\":{\"@id\":\"https:\\\/\\\/cvinoticias.com\\\/v3\\\/#organization\"},\"alternateName\":\"CVI\",\"potentialAction\":[{\"@type\":\"SearchAction\",\"target\":{\"@type\":\"EntryPoint\",\"urlTemplate\":\"https:\\\/\\\/cvinoticias.com\\\/v3\\\/?s={search_term_string}\"},\"query-input\":{\"@type\":\"PropertyValueSpecification\",\"valueRequired\":true,\"valueName\":\"search_term_string\"}}],\"inLanguage\":\"es\"},{\"@type\":\"Organization\",\"@id\":\"https:\\\/\\\/cvinoticias.com\\\/v3\\\/#organization\",\"name\":\"CVI NOTICIAS\",\"url\":\"https:\\\/\\\/cvinoticias.com\\\/v3\\\/\",\"logo\":{\"@type\":\"ImageObject\",\"inLanguage\":\"es\",\"@id\":\"https:\\\/\\\/cvinoticias.com\\\/v3\\\/#\\\/schema\\\/logo\\\/image\\\/\",\"url\":\"https:\\\/\\\/cvinoticias.com\\\/wp-content\\\/uploads\\\/2023\\\/04\\\/cropped-cropped-cropped-cropped-cropped-3-1.png\",\"contentUrl\":\"https:\\\/\\\/cvinoticias.com\\\/wp-content\\\/uploads\\\/2023\\\/04\\\/cropped-cropped-cropped-cropped-cropped-3-1.png\",\"width\":95,\"height\":122,\"caption\":\"CVI NOTICIAS\"},\"image\":{\"@id\":\"https:\\\/\\\/cvinoticias.com\\\/v3\\\/#\\\/schema\\\/logo\\\/image\\\/\"},\"sameAs\":[\"https:\\\/\\\/www.facebook.com\\\/cvinoticias\",\"https:\\\/\\\/www.instagram.com\\\/cvinoticias\\\/\",\"https:\\\/\\\/www.youtube.com\\\/@CVINOTICIAS\"]},{\"@type\":\"Person\",\"@id\":\"https:\\\/\\\/cvinoticias.com\\\/v3\\\/#\\\/schema\\\/person\\\/2db77e3c6bc03c538495d7b2b8be9b66\",\"name\":\"f1000024\",\"image\":{\"@type\":\"ImageObject\",\"inLanguage\":\"es\",\"@id\":\"https:\\\/\\\/secure.gravatar.com\\\/avatar\\\/d4fe7459cfc51ff5129ce1a732bbef5928568b8092d412ef95611616376bbeed?s=96&d=mm&r=g\",\"url\":\"https:\\\/\\\/secure.gravatar.com\\\/avatar\\\/d4fe7459cfc51ff5129ce1a732bbef5928568b8092d412ef95611616376bbeed?s=96&d=mm&r=g\",\"contentUrl\":\"https:\\\/\\\/secure.gravatar.com\\\/avatar\\\/d4fe7459cfc51ff5129ce1a732bbef5928568b8092d412ef95611616376bbeed?s=96&d=mm&r=g\",\"caption\":\"f1000024\"},\"url\":\"https:\\\/\\\/cvinoticias.com\\\/v3\\\/author\\\/f1000024\\\/\"}]}<\/script>\n<!-- \/ Yoast SEO plugin. -->","yoast_head_json":{"title":"Semana de la Biodiversidad en Iguaz\u00fa: agenda y actividades | CVI NOTICIAS","description":"Puerto Iguaz\u00fa celebra la Semana de la Biodiversidad con charlas, ferias y caminatas del 20 al 24 de mayo. Actividades abiertas a toda la comunidad.","robots":{"index":"index","follow":"follow","max-snippet":"max-snippet:-1","max-image-preview":"max-image-preview:large","max-video-preview":"max-video-preview:-1"},"canonical":"https:\/\/cvinoticias.com\/v3\/iguazu-se-prepara-para-celebrar-la-semana-de-la-biodiversidad\/","og_locale":"es_ES","og_type":"article","og_title":"Semana de la Biodiversidad en Iguaz\u00fa: agenda y actividades | CVI NOTICIAS","og_description":"Puerto Iguaz\u00fa celebra la Semana de la Biodiversidad con charlas, ferias y caminatas del 20 al 24 de mayo. Actividades abiertas a toda la comunidad.","og_url":"https:\/\/cvinoticias.com\/v3\/iguazu-se-prepara-para-celebrar-la-semana-de-la-biodiversidad\/","og_site_name":"CVI NOTICIAS","article_publisher":"https:\/\/www.facebook.com\/cvinoticias","article_published_time":"2025-05-15T16:29:07+00:00","article_modified_time":"2025-05-16T12:25:00+00:00","og_image":[{"width":424,"height":528,"url":"https:\/\/cvinoticias.com\/wp-content\/uploads\/2025\/05\/15.png","type":"image\/png"}],"author":"f1000024","twitter_card":"summary_large_image","twitter_misc":{"Escrito por":"f1000024","Tiempo de lectura":"2 minutos"},"schema":{"@context":"https:\/\/schema.org","@graph":[{"@type":"Article","@id":"https:\/\/cvinoticias.com\/v3\/iguazu-se-prepara-para-celebrar-la-semana-de-la-biodiversidad\/#article","isPartOf":{"@id":"https:\/\/cvinoticias.com\/v3\/iguazu-se-prepara-para-celebrar-la-semana-de-la-biodiversidad\/"},"author":{"name":"f1000024","@id":"https:\/\/cvinoticias.com\/v3\/#\/schema\/person\/2db77e3c6bc03c538495d7b2b8be9b66"},"headline":"Iguaz\u00fa se prepara para celebrar la Semana de la Biodiversidad","datePublished":"2025-05-15T16:29:07+00:00","dateModified":"2025-05-16T12:25:00+00:00","mainEntityOfPage":{"@id":"https:\/\/cvinoticias.com\/v3\/iguazu-se-prepara-para-celebrar-la-semana-de-la-biodiversidad\/"},"wordCount":285,"commentCount":0,"publisher":{"@id":"https:\/\/cvinoticias.com\/v3\/#organization"},"image":{"@id":"https:\/\/cvinoticias.com\/v3\/iguazu-se-prepara-para-celebrar-la-semana-de-la-biodiversidad\/#primaryimage"},"thumbnailUrl":"https:\/\/cvinoticias.com\/wp-content\/uploads\/2025\/05\/15.png","keywords":["Iguaz\u00fa","Imibio","Iturem","Semana de la Biodiversidad"],"articleSection":["Biodiversidad"],"inLanguage":"es","potentialAction":[{"@type":"CommentAction","name":"Comment","target":["https:\/\/cvinoticias.com\/v3\/iguazu-se-prepara-para-celebrar-la-semana-de-la-biodiversidad\/#respond"]}]},{"@type":"WebPage","@id":"https:\/\/cvinoticias.com\/v3\/iguazu-se-prepara-para-celebrar-la-semana-de-la-biodiversidad\/","url":"https:\/\/cvinoticias.com\/v3\/iguazu-se-prepara-para-celebrar-la-semana-de-la-biodiversidad\/","name":"Semana de la Biodiversidad en Iguaz\u00fa: agenda y actividades | CVI NOTICIAS","isPartOf":{"@id":"https:\/\/cvinoticias.com\/v3\/#website"},"primaryImageOfPage":{"@id":"https:\/\/cvinoticias.com\/v3\/iguazu-se-prepara-para-celebrar-la-semana-de-la-biodiversidad\/#primaryimage"},"image":{"@id":"https:\/\/cvinoticias.com\/v3\/iguazu-se-prepara-para-celebrar-la-semana-de-la-biodiversidad\/#primaryimage"},"thumbnailUrl":"https:\/\/cvinoticias.com\/wp-content\/uploads\/2025\/05\/15.png","datePublished":"2025-05-15T16:29:07+00:00","dateModified":"2025-05-16T12:25:00+00:00","description":"Puerto Iguaz\u00fa celebra la Semana de la Biodiversidad con charlas, ferias y caminatas del 20 al 24 de mayo. Actividades abiertas a toda la comunidad.","breadcrumb":{"@id":"https:\/\/cvinoticias.com\/v3\/iguazu-se-prepara-para-celebrar-la-semana-de-la-biodiversidad\/#breadcrumb"},"inLanguage":"es","potentialAction":[{"@type":"ReadAction","target":["https:\/\/cvinoticias.com\/v3\/iguazu-se-prepara-para-celebrar-la-semana-de-la-biodiversidad\/"]}]},{"@type":"ImageObject","inLanguage":"es","@id":"https:\/\/cvinoticias.com\/v3\/iguazu-se-prepara-para-celebrar-la-semana-de-la-biodiversidad\/#primaryimage","url":"https:\/\/cvinoticias.com\/wp-content\/uploads\/2025\/05\/15.png","contentUrl":"https:\/\/cvinoticias.com\/wp-content\/uploads\/2025\/05\/15.png","width":424,"height":528},{"@type":"BreadcrumbList","@id":"https:\/\/cvinoticias.com\/v3\/iguazu-se-prepara-para-celebrar-la-semana-de-la-biodiversidad\/#breadcrumb","itemListElement":[{"@type":"ListItem","position":1,"name":"Portada","item":"https:\/\/cvinoticias.com\/v3\/"},{"@type":"ListItem","position":2,"name":"Iguaz\u00fa se prepara para celebrar la Semana de la Biodiversidad"}]},{"@type":"WebSite","@id":"https:\/\/cvinoticias.com\/v3\/#website","url":"https:\/\/cvinoticias.com\/v3\/","name":"CVI NOTICIAS","description":"","publisher":{"@id":"https:\/\/cvinoticias.com\/v3\/#organization"},"alternateName":"CVI","potentialAction":[{"@type":"SearchAction","target":{"@type":"EntryPoint","urlTemplate":"https:\/\/cvinoticias.com\/v3\/?s={search_term_string}"},"query-input":{"@type":"PropertyValueSpecification","valueRequired":true,"valueName":"search_term_string"}}],"inLanguage":"es"},{"@type":"Organization","@id":"https:\/\/cvinoticias.com\/v3\/#organization","name":"CVI NOTICIAS","url":"https:\/\/cvinoticias.com\/v3\/","logo":{"@type":"ImageObject","inLanguage":"es","@id":"https:\/\/cvinoticias.com\/v3\/#\/schema\/logo\/image\/","url":"https:\/\/cvinoticias.com\/wp-content\/uploads\/2023\/04\/cropped-cropped-cropped-cropped-cropped-3-1.png","contentUrl":"https:\/\/cvinoticias.com\/wp-content\/uploads\/2023\/04\/cropped-cropped-cropped-cropped-cropped-3-1.png","width":95,"height":122,"caption":"CVI NOTICIAS"},"image":{"@id":"https:\/\/cvinoticias.com\/v3\/#\/schema\/logo\/image\/"},"sameAs":["https:\/\/www.facebook.com\/cvinoticias","https:\/\/www.instagram.com\/cvinoticias\/","https:\/\/www.youtube.com\/@CVINOTICIAS"]},{"@type":"Person","@id":"https:\/\/cvinoticias.com\/v3\/#\/schema\/person\/2db77e3c6bc03c538495d7b2b8be9b66","name":"f1000024","image":{"@type":"ImageObject","inLanguage":"es","@id":"https:\/\/secure.gravatar.com\/avatar\/d4fe7459cfc51ff5129ce1a732bbef5928568b8092d412ef95611616376bbeed?s=96&d=mm&r=g","url":"https:\/\/secure.gravatar.com\/avatar\/d4fe7459cfc51ff5129ce1a732bbef5928568b8092d412ef95611616376bbeed?s=96&d=mm&r=g","contentUrl":"https:\/\/secure.gravatar.com\/avatar\/d4fe7459cfc51ff5129ce1a732bbef5928568b8092d412ef95611616376bbeed?s=96&d=mm&r=g","caption":"f1000024"},"url":"https:\/\/cvinoticias.com\/v3\/author\/f1000024\/"}]}},"_links":{"self":[{"href":"https:\/\/cvinoticias.com\/v3\/wp-json\/wp\/v2\/posts\/43478","targetHints":{"allow":["GET"]}}],"collection":[{"href":"https:\/\/cvinoticias.com\/v3\/wp-json\/wp\/v2\/posts"}],"about":[{"href":"https:\/\/cvinoticias.com\/v3\/wp-json\/wp\/v2\/types\/post"}],"author":[{"embeddable":true,"href":"https:\/\/cvinoticias.com\/v3\/wp-json\/wp\/v2\/users\/2"}],"replies":[{"embeddable":true,"href":"https:\/\/cvinoticias.com\/v3\/wp-json\/wp\/v2\/comments?post=43478"}],"version-history":[{"count":1,"href":"https:\/\/cvinoticias.com\/v3\/wp-json\/wp\/v2\/posts\/43478\/revisions"}],"predecessor-version":[{"id":43481,"href":"https:\/\/cvinoticias.com\/v3\/wp-json\/wp\/v2\/posts\/43478\/revisions\/43481"}],"wp:featuredmedia":[{"embeddable":true,"href":"https:\/\/cvinoticias.com\/v3\/wp-json\/wp\/v2\/media\/43512"}],"wp:attachment":[{"href":"https:\/\/cvinoticias.com\/v3\/wp-json\/wp\/v2\/media?parent=43478"}],"wp:term":[{"taxonomy":"category","embeddable":true,"href":"https:\/\/cvinoticias.com\/v3\/wp-json\/wp\/v2\/categories?post=43478"},{"taxonomy":"post_tag","embeddable":true,"href":"https:\/\/cvinoticias.com\/v3\/wp-json\/wp\/v2\/tags?post=43478"}],"curies":[{"name":"wp","href":"https:\/\/api.w.org\/{rel}","templated":true}]}}