{"id":43349,"date":"2025-05-14T07:33:05","date_gmt":"2025-05-14T10:33:05","guid":{"rendered":"https:\/\/cvinoticias.com\/v3\/?p=43349"},"modified":"2025-05-14T07:33:06","modified_gmt":"2025-05-14T10:33:06","slug":"dos-detenidos-en-iguazu-tras-ser-captados-en-pleno-robo-por-las-camaras-de-seguridad","status":"publish","type":"post","link":"https:\/\/cvinoticias.com\/v3\/dos-detenidos-en-iguazu-tras-ser-captados-en-pleno-robo-por-las-camaras-de-seguridad\/","title":{"rendered":"Dos detenidos en Iguaz\u00fa tras ser captados en pleno robo por las c\u00e1maras de seguridad"},"content":{"rendered":"\n<p>La Polic\u00eda de Puerto Iguaz\u00fa logr\u00f3 arrestar a dos hombres sospechosos de cometer robos en la ciudad, gracias a la ayuda de c\u00e1maras de seguridad. En el primer caso, Jorge B. de 42 a\u00f1os fue identificado y detenido luego de un exhaustivo an\u00e1lisis de registros f\u00edlmicos que lo vinculaban a un robo de objetos de un veh\u00edculo estacionado en la calle Ushuaia.<\/p>\n\n\n\n<p>En el segundo caso, Edgardo E. de 44 a\u00f1os, con antecedentes por delitos similares, fue arrestado en el barrio Villa Nueva despu\u00e9s de que registros f\u00edlmicos de seguridad lo identificaran como el autor de un robo en el barrio Villa 14. La Polic\u00eda recuper\u00f3 un sill\u00f3n y ropa de cama que hab\u00edan sido sustra\u00eddos.<\/p>\n\n\n\n<p>Ambos detenidos permanecen alojados a disposici\u00f3n de la justicia, y lo recuperado ser\u00e1 restituido a su due\u00f1a. La investigaci\u00f3n contin\u00faa para esclarecer totalmente los hechos. La Polic\u00eda de Puerto Iguaz\u00fa demuestra su eficiencia en la resoluci\u00f3n de casos gracias al uso de tecnolog\u00eda de seguridad.<\/p>\n\n\n\n<hr class=\"wp-block-separator has-alpha-channel-opacity\"\/>\n\n\n\n<figure class=\"wp-block-video\"><video height=\"480\" style=\"aspect-ratio: 848 \/ 480;\" width=\"848\" controls src=\"https:\/\/cvinoticias.com\/wp-content\/uploads\/2025\/05\/1000127623.mp4\"><\/video><\/figure>\n","protected":false},"excerpt":{"rendered":"<p>La Polic\u00eda de Puerto Iguaz\u00fa logr\u00f3 arrestar a dos hombres sospechosos de cometer robos en la ciudad, gracias a la ayuda de c\u00e1maras de seguridad. En el primer caso, Jorge B. de 42 a\u00f1os fue identificado y detenido luego de un exhaustivo an\u00e1lisis de registros f\u00edlmicos que lo vinculaban a un robo de objetos de [&hellip;]<\/p>\n","protected":false},"author":2,"featured_media":43351,"comment_status":"open","ping_status":"open","sticky":false,"template":"","format":"standard","meta":{"footnotes":""},"categories":[41],"tags":[2064,960,313,54],"class_list":["post-43349","post","type-post","status-publish","format-standard","has-post-thumbnail","hentry","category-policiales","tag-camaras-de-seguridad","tag-detenidos","tag-iguazu","tag-robo"],"yoast_head":"<!-- This site is optimized with the Yoast SEO plugin v27.4 - https:\/\/yoast.com\/product\/yoast-seo-wordpress\/ -->\n<title>Dos detenidos por robo en Iguaz\u00fa tras ser captados por c\u00e1maras | CVI NOTICIAS<\/title>\n<meta name=\"description\" content=\"La Polic\u00eda de Iguaz\u00fa detuvo a dos hombres por robo gracias a las c\u00e1maras de seguridad. Recuperaron lo sustra\u00eddo.\" \/>\n<meta name=\"robots\" content=\"index, follow, max-snippet:-1, max-image-preview:large, max-video-preview:-1\" \/>\n<link rel=\"canonical\" href=\"https:\/\/cvinoticias.com\/v3\/dos-detenidos-en-iguazu-tras-ser-captados-en-pleno-robo-por-las-camaras-de-seguridad\/\" \/>\n<meta property=\"og:locale\" content=\"es_ES\" \/>\n<meta property=\"og:type\" content=\"article\" \/>\n<meta property=\"og:title\" content=\"Dos detenidos por robo en Iguaz\u00fa tras ser captados por c\u00e1maras | CVI NOTICIAS\" \/>\n<meta property=\"og:description\" content=\"La Polic\u00eda de Iguaz\u00fa detuvo a dos hombres por robo gracias a las c\u00e1maras de seguridad. Recuperaron lo sustra\u00eddo.\" \/>\n<meta property=\"og:url\" content=\"https:\/\/cvinoticias.com\/v3\/dos-detenidos-en-iguazu-tras-ser-captados-en-pleno-robo-por-las-camaras-de-seguridad\/\" \/>\n<meta property=\"og:site_name\" content=\"CVI NOTICIAS\" \/>\n<meta property=\"article:publisher\" content=\"https:\/\/www.facebook.com\/cvinoticias\" \/>\n<meta property=\"article:published_time\" content=\"2025-05-14T10:33:05+00:00\" \/>\n<meta property=\"article:modified_time\" content=\"2025-05-14T10:33:06+00:00\" \/>\n<meta property=\"og:image\" content=\"https:\/\/cvinoticias.com\/wp-content\/uploads\/2025\/05\/destacado_20250514_073041_0000.png\" \/>\n\t<meta property=\"og:image:width\" content=\"1600\" \/>\n\t<meta property=\"og:image:height\" content=\"900\" \/>\n\t<meta property=\"og:image:type\" content=\"image\/png\" \/>\n<meta name=\"author\" content=\"f1000024\" \/>\n<meta name=\"twitter:card\" content=\"summary_large_image\" \/>\n<meta name=\"twitter:label1\" content=\"Escrito por\" \/>\n\t<meta name=\"twitter:data1\" content=\"f1000024\" \/>\n\t<meta name=\"twitter:label2\" content=\"Tiempo de lectura\" \/>\n\t<meta name=\"twitter:data2\" content=\"1 minuto\" \/>\n<script type=\"application\/ld+json\" class=\"yoast-schema-graph\">{\"@context\":\"https:\\\/\\\/schema.org\",\"@graph\":[{\"@type\":\"Article\",\"@id\":\"https:\\\/\\\/cvinoticias.com\\\/v3\\\/dos-detenidos-en-iguazu-tras-ser-captados-en-pleno-robo-por-las-camaras-de-seguridad\\\/#article\",\"isPartOf\":{\"@id\":\"https:\\\/\\\/cvinoticias.com\\\/v3\\\/dos-detenidos-en-iguazu-tras-ser-captados-en-pleno-robo-por-las-camaras-de-seguridad\\\/\"},\"author\":{\"name\":\"f1000024\",\"@id\":\"https:\\\/\\\/cvinoticias.com\\\/v3\\\/#\\\/schema\\\/person\\\/2db77e3c6bc03c538495d7b2b8be9b66\"},\"headline\":\"Dos detenidos en Iguaz\u00fa tras ser captados en pleno robo por las c\u00e1maras de seguridad\",\"datePublished\":\"2025-05-14T10:33:05+00:00\",\"dateModified\":\"2025-05-14T10:33:06+00:00\",\"mainEntityOfPage\":{\"@id\":\"https:\\\/\\\/cvinoticias.com\\\/v3\\\/dos-detenidos-en-iguazu-tras-ser-captados-en-pleno-robo-por-las-camaras-de-seguridad\\\/\"},\"wordCount\":194,\"commentCount\":0,\"publisher\":{\"@id\":\"https:\\\/\\\/cvinoticias.com\\\/v3\\\/#organization\"},\"image\":{\"@id\":\"https:\\\/\\\/cvinoticias.com\\\/v3\\\/dos-detenidos-en-iguazu-tras-ser-captados-en-pleno-robo-por-las-camaras-de-seguridad\\\/#primaryimage\"},\"thumbnailUrl\":\"https:\\\/\\\/cvinoticias.com\\\/wp-content\\\/uploads\\\/2025\\\/05\\\/destacado_20250514_073041_0000.png\",\"keywords\":[\"c\u00e1maras de seguridad\",\"Detenidos\",\"Iguaz\u00fa\",\"Robo\"],\"articleSection\":[\"Policiales\"],\"inLanguage\":\"es\",\"potentialAction\":[{\"@type\":\"CommentAction\",\"name\":\"Comment\",\"target\":[\"https:\\\/\\\/cvinoticias.com\\\/v3\\\/dos-detenidos-en-iguazu-tras-ser-captados-en-pleno-robo-por-las-camaras-de-seguridad\\\/#respond\"]}]},{\"@type\":\"WebPage\",\"@id\":\"https:\\\/\\\/cvinoticias.com\\\/v3\\\/dos-detenidos-en-iguazu-tras-ser-captados-en-pleno-robo-por-las-camaras-de-seguridad\\\/\",\"url\":\"https:\\\/\\\/cvinoticias.com\\\/v3\\\/dos-detenidos-en-iguazu-tras-ser-captados-en-pleno-robo-por-las-camaras-de-seguridad\\\/\",\"name\":\"Dos detenidos por robo en Iguaz\u00fa tras ser captados por c\u00e1maras | CVI NOTICIAS\",\"isPartOf\":{\"@id\":\"https:\\\/\\\/cvinoticias.com\\\/v3\\\/#website\"},\"primaryImageOfPage\":{\"@id\":\"https:\\\/\\\/cvinoticias.com\\\/v3\\\/dos-detenidos-en-iguazu-tras-ser-captados-en-pleno-robo-por-las-camaras-de-seguridad\\\/#primaryimage\"},\"image\":{\"@id\":\"https:\\\/\\\/cvinoticias.com\\\/v3\\\/dos-detenidos-en-iguazu-tras-ser-captados-en-pleno-robo-por-las-camaras-de-seguridad\\\/#primaryimage\"},\"thumbnailUrl\":\"https:\\\/\\\/cvinoticias.com\\\/wp-content\\\/uploads\\\/2025\\\/05\\\/destacado_20250514_073041_0000.png\",\"datePublished\":\"2025-05-14T10:33:05+00:00\",\"dateModified\":\"2025-05-14T10:33:06+00:00\",\"description\":\"La Polic\u00eda de Iguaz\u00fa detuvo a dos hombres por robo gracias a las c\u00e1maras de seguridad. Recuperaron lo sustra\u00eddo.\",\"breadcrumb\":{\"@id\":\"https:\\\/\\\/cvinoticias.com\\\/v3\\\/dos-detenidos-en-iguazu-tras-ser-captados-en-pleno-robo-por-las-camaras-de-seguridad\\\/#breadcrumb\"},\"inLanguage\":\"es\",\"potentialAction\":[{\"@type\":\"ReadAction\",\"target\":[\"https:\\\/\\\/cvinoticias.com\\\/v3\\\/dos-detenidos-en-iguazu-tras-ser-captados-en-pleno-robo-por-las-camaras-de-seguridad\\\/\"]}]},{\"@type\":\"ImageObject\",\"inLanguage\":\"es\",\"@id\":\"https:\\\/\\\/cvinoticias.com\\\/v3\\\/dos-detenidos-en-iguazu-tras-ser-captados-en-pleno-robo-por-las-camaras-de-seguridad\\\/#primaryimage\",\"url\":\"https:\\\/\\\/cvinoticias.com\\\/wp-content\\\/uploads\\\/2025\\\/05\\\/destacado_20250514_073041_0000.png\",\"contentUrl\":\"https:\\\/\\\/cvinoticias.com\\\/wp-content\\\/uploads\\\/2025\\\/05\\\/destacado_20250514_073041_0000.png\",\"width\":1600,\"height\":900},{\"@type\":\"BreadcrumbList\",\"@id\":\"https:\\\/\\\/cvinoticias.com\\\/v3\\\/dos-detenidos-en-iguazu-tras-ser-captados-en-pleno-robo-por-las-camaras-de-seguridad\\\/#breadcrumb\",\"itemListElement\":[{\"@type\":\"ListItem\",\"position\":1,\"name\":\"Portada\",\"item\":\"https:\\\/\\\/cvinoticias.com\\\/v3\\\/\"},{\"@type\":\"ListItem\",\"position\":2,\"name\":\"Dos detenidos en Iguaz\u00fa tras ser captados en pleno robo por las c\u00e1maras de seguridad\"}]},{\"@type\":\"WebSite\",\"@id\":\"https:\\\/\\\/cvinoticias.com\\\/v3\\\/#website\",\"url\":\"https:\\\/\\\/cvinoticias.com\\\/v3\\\/\",\"name\":\"CVI NOTICIAS\",\"description\":\"\",\"publisher\":{\"@id\":\"https:\\\/\\\/cvinoticias.com\\\/v3\\\/#organization\"},\"alternateName\":\"CVI\",\"potentialAction\":[{\"@type\":\"SearchAction\",\"target\":{\"@type\":\"EntryPoint\",\"urlTemplate\":\"https:\\\/\\\/cvinoticias.com\\\/v3\\\/?s={search_term_string}\"},\"query-input\":{\"@type\":\"PropertyValueSpecification\",\"valueRequired\":true,\"valueName\":\"search_term_string\"}}],\"inLanguage\":\"es\"},{\"@type\":\"Organization\",\"@id\":\"https:\\\/\\\/cvinoticias.com\\\/v3\\\/#organization\",\"name\":\"CVI NOTICIAS\",\"url\":\"https:\\\/\\\/cvinoticias.com\\\/v3\\\/\",\"logo\":{\"@type\":\"ImageObject\",\"inLanguage\":\"es\",\"@id\":\"https:\\\/\\\/cvinoticias.com\\\/v3\\\/#\\\/schema\\\/logo\\\/image\\\/\",\"url\":\"https:\\\/\\\/cvinoticias.com\\\/wp-content\\\/uploads\\\/2023\\\/04\\\/cropped-cropped-cropped-cropped-cropped-3-1.png\",\"contentUrl\":\"https:\\\/\\\/cvinoticias.com\\\/wp-content\\\/uploads\\\/2023\\\/04\\\/cropped-cropped-cropped-cropped-cropped-3-1.png\",\"width\":95,\"height\":122,\"caption\":\"CVI NOTICIAS\"},\"image\":{\"@id\":\"https:\\\/\\\/cvinoticias.com\\\/v3\\\/#\\\/schema\\\/logo\\\/image\\\/\"},\"sameAs\":[\"https:\\\/\\\/www.facebook.com\\\/cvinoticias\",\"https:\\\/\\\/www.instagram.com\\\/cvinoticias\\\/\",\"https:\\\/\\\/www.youtube.com\\\/@CVINOTICIAS\"]},{\"@type\":\"Person\",\"@id\":\"https:\\\/\\\/cvinoticias.com\\\/v3\\\/#\\\/schema\\\/person\\\/2db77e3c6bc03c538495d7b2b8be9b66\",\"name\":\"f1000024\",\"image\":{\"@type\":\"ImageObject\",\"inLanguage\":\"es\",\"@id\":\"https:\\\/\\\/secure.gravatar.com\\\/avatar\\\/d4fe7459cfc51ff5129ce1a732bbef5928568b8092d412ef95611616376bbeed?s=96&d=mm&r=g\",\"url\":\"https:\\\/\\\/secure.gravatar.com\\\/avatar\\\/d4fe7459cfc51ff5129ce1a732bbef5928568b8092d412ef95611616376bbeed?s=96&d=mm&r=g\",\"contentUrl\":\"https:\\\/\\\/secure.gravatar.com\\\/avatar\\\/d4fe7459cfc51ff5129ce1a732bbef5928568b8092d412ef95611616376bbeed?s=96&d=mm&r=g\",\"caption\":\"f1000024\"},\"url\":\"https:\\\/\\\/cvinoticias.com\\\/v3\\\/author\\\/f1000024\\\/\"}]}<\/script>\n<!-- \/ Yoast SEO plugin. -->","yoast_head_json":{"title":"Dos detenidos por robo en Iguaz\u00fa tras ser captados por c\u00e1maras | CVI NOTICIAS","description":"La Polic\u00eda de Iguaz\u00fa detuvo a dos hombres por robo gracias a las c\u00e1maras de seguridad. Recuperaron lo sustra\u00eddo.","robots":{"index":"index","follow":"follow","max-snippet":"max-snippet:-1","max-image-preview":"max-image-preview:large","max-video-preview":"max-video-preview:-1"},"canonical":"https:\/\/cvinoticias.com\/v3\/dos-detenidos-en-iguazu-tras-ser-captados-en-pleno-robo-por-las-camaras-de-seguridad\/","og_locale":"es_ES","og_type":"article","og_title":"Dos detenidos por robo en Iguaz\u00fa tras ser captados por c\u00e1maras | CVI NOTICIAS","og_description":"La Polic\u00eda de Iguaz\u00fa detuvo a dos hombres por robo gracias a las c\u00e1maras de seguridad. Recuperaron lo sustra\u00eddo.","og_url":"https:\/\/cvinoticias.com\/v3\/dos-detenidos-en-iguazu-tras-ser-captados-en-pleno-robo-por-las-camaras-de-seguridad\/","og_site_name":"CVI NOTICIAS","article_publisher":"https:\/\/www.facebook.com\/cvinoticias","article_published_time":"2025-05-14T10:33:05+00:00","article_modified_time":"2025-05-14T10:33:06+00:00","og_image":[{"width":1600,"height":900,"url":"https:\/\/cvinoticias.com\/wp-content\/uploads\/2025\/05\/destacado_20250514_073041_0000.png","type":"image\/png"}],"author":"f1000024","twitter_card":"summary_large_image","twitter_misc":{"Escrito por":"f1000024","Tiempo de lectura":"1 minuto"},"schema":{"@context":"https:\/\/schema.org","@graph":[{"@type":"Article","@id":"https:\/\/cvinoticias.com\/v3\/dos-detenidos-en-iguazu-tras-ser-captados-en-pleno-robo-por-las-camaras-de-seguridad\/#article","isPartOf":{"@id":"https:\/\/cvinoticias.com\/v3\/dos-detenidos-en-iguazu-tras-ser-captados-en-pleno-robo-por-las-camaras-de-seguridad\/"},"author":{"name":"f1000024","@id":"https:\/\/cvinoticias.com\/v3\/#\/schema\/person\/2db77e3c6bc03c538495d7b2b8be9b66"},"headline":"Dos detenidos en Iguaz\u00fa tras ser captados en pleno robo por las c\u00e1maras de seguridad","datePublished":"2025-05-14T10:33:05+00:00","dateModified":"2025-05-14T10:33:06+00:00","mainEntityOfPage":{"@id":"https:\/\/cvinoticias.com\/v3\/dos-detenidos-en-iguazu-tras-ser-captados-en-pleno-robo-por-las-camaras-de-seguridad\/"},"wordCount":194,"commentCount":0,"publisher":{"@id":"https:\/\/cvinoticias.com\/v3\/#organization"},"image":{"@id":"https:\/\/cvinoticias.com\/v3\/dos-detenidos-en-iguazu-tras-ser-captados-en-pleno-robo-por-las-camaras-de-seguridad\/#primaryimage"},"thumbnailUrl":"https:\/\/cvinoticias.com\/wp-content\/uploads\/2025\/05\/destacado_20250514_073041_0000.png","keywords":["c\u00e1maras de seguridad","Detenidos","Iguaz\u00fa","Robo"],"articleSection":["Policiales"],"inLanguage":"es","potentialAction":[{"@type":"CommentAction","name":"Comment","target":["https:\/\/cvinoticias.com\/v3\/dos-detenidos-en-iguazu-tras-ser-captados-en-pleno-robo-por-las-camaras-de-seguridad\/#respond"]}]},{"@type":"WebPage","@id":"https:\/\/cvinoticias.com\/v3\/dos-detenidos-en-iguazu-tras-ser-captados-en-pleno-robo-por-las-camaras-de-seguridad\/","url":"https:\/\/cvinoticias.com\/v3\/dos-detenidos-en-iguazu-tras-ser-captados-en-pleno-robo-por-las-camaras-de-seguridad\/","name":"Dos detenidos por robo en Iguaz\u00fa tras ser captados por c\u00e1maras | CVI NOTICIAS","isPartOf":{"@id":"https:\/\/cvinoticias.com\/v3\/#website"},"primaryImageOfPage":{"@id":"https:\/\/cvinoticias.com\/v3\/dos-detenidos-en-iguazu-tras-ser-captados-en-pleno-robo-por-las-camaras-de-seguridad\/#primaryimage"},"image":{"@id":"https:\/\/cvinoticias.com\/v3\/dos-detenidos-en-iguazu-tras-ser-captados-en-pleno-robo-por-las-camaras-de-seguridad\/#primaryimage"},"thumbnailUrl":"https:\/\/cvinoticias.com\/wp-content\/uploads\/2025\/05\/destacado_20250514_073041_0000.png","datePublished":"2025-05-14T10:33:05+00:00","dateModified":"2025-05-14T10:33:06+00:00","description":"La Polic\u00eda de Iguaz\u00fa detuvo a dos hombres por robo gracias a las c\u00e1maras de seguridad. Recuperaron lo sustra\u00eddo.","breadcrumb":{"@id":"https:\/\/cvinoticias.com\/v3\/dos-detenidos-en-iguazu-tras-ser-captados-en-pleno-robo-por-las-camaras-de-seguridad\/#breadcrumb"},"inLanguage":"es","potentialAction":[{"@type":"ReadAction","target":["https:\/\/cvinoticias.com\/v3\/dos-detenidos-en-iguazu-tras-ser-captados-en-pleno-robo-por-las-camaras-de-seguridad\/"]}]},{"@type":"ImageObject","inLanguage":"es","@id":"https:\/\/cvinoticias.com\/v3\/dos-detenidos-en-iguazu-tras-ser-captados-en-pleno-robo-por-las-camaras-de-seguridad\/#primaryimage","url":"https:\/\/cvinoticias.com\/wp-content\/uploads\/2025\/05\/destacado_20250514_073041_0000.png","contentUrl":"https:\/\/cvinoticias.com\/wp-content\/uploads\/2025\/05\/destacado_20250514_073041_0000.png","width":1600,"height":900},{"@type":"BreadcrumbList","@id":"https:\/\/cvinoticias.com\/v3\/dos-detenidos-en-iguazu-tras-ser-captados-en-pleno-robo-por-las-camaras-de-seguridad\/#breadcrumb","itemListElement":[{"@type":"ListItem","position":1,"name":"Portada","item":"https:\/\/cvinoticias.com\/v3\/"},{"@type":"ListItem","position":2,"name":"Dos detenidos en Iguaz\u00fa tras ser captados en pleno robo por las c\u00e1maras de seguridad"}]},{"@type":"WebSite","@id":"https:\/\/cvinoticias.com\/v3\/#website","url":"https:\/\/cvinoticias.com\/v3\/","name":"CVI NOTICIAS","description":"","publisher":{"@id":"https:\/\/cvinoticias.com\/v3\/#organization"},"alternateName":"CVI","potentialAction":[{"@type":"SearchAction","target":{"@type":"EntryPoint","urlTemplate":"https:\/\/cvinoticias.com\/v3\/?s={search_term_string}"},"query-input":{"@type":"PropertyValueSpecification","valueRequired":true,"valueName":"search_term_string"}}],"inLanguage":"es"},{"@type":"Organization","@id":"https:\/\/cvinoticias.com\/v3\/#organization","name":"CVI NOTICIAS","url":"https:\/\/cvinoticias.com\/v3\/","logo":{"@type":"ImageObject","inLanguage":"es","@id":"https:\/\/cvinoticias.com\/v3\/#\/schema\/logo\/image\/","url":"https:\/\/cvinoticias.com\/wp-content\/uploads\/2023\/04\/cropped-cropped-cropped-cropped-cropped-3-1.png","contentUrl":"https:\/\/cvinoticias.com\/wp-content\/uploads\/2023\/04\/cropped-cropped-cropped-cropped-cropped-3-1.png","width":95,"height":122,"caption":"CVI NOTICIAS"},"image":{"@id":"https:\/\/cvinoticias.com\/v3\/#\/schema\/logo\/image\/"},"sameAs":["https:\/\/www.facebook.com\/cvinoticias","https:\/\/www.instagram.com\/cvinoticias\/","https:\/\/www.youtube.com\/@CVINOTICIAS"]},{"@type":"Person","@id":"https:\/\/cvinoticias.com\/v3\/#\/schema\/person\/2db77e3c6bc03c538495d7b2b8be9b66","name":"f1000024","image":{"@type":"ImageObject","inLanguage":"es","@id":"https:\/\/secure.gravatar.com\/avatar\/d4fe7459cfc51ff5129ce1a732bbef5928568b8092d412ef95611616376bbeed?s=96&d=mm&r=g","url":"https:\/\/secure.gravatar.com\/avatar\/d4fe7459cfc51ff5129ce1a732bbef5928568b8092d412ef95611616376bbeed?s=96&d=mm&r=g","contentUrl":"https:\/\/secure.gravatar.com\/avatar\/d4fe7459cfc51ff5129ce1a732bbef5928568b8092d412ef95611616376bbeed?s=96&d=mm&r=g","caption":"f1000024"},"url":"https:\/\/cvinoticias.com\/v3\/author\/f1000024\/"}]}},"_links":{"self":[{"href":"https:\/\/cvinoticias.com\/v3\/wp-json\/wp\/v2\/posts\/43349","targetHints":{"allow":["GET"]}}],"collection":[{"href":"https:\/\/cvinoticias.com\/v3\/wp-json\/wp\/v2\/posts"}],"about":[{"href":"https:\/\/cvinoticias.com\/v3\/wp-json\/wp\/v2\/types\/post"}],"author":[{"embeddable":true,"href":"https:\/\/cvinoticias.com\/v3\/wp-json\/wp\/v2\/users\/2"}],"replies":[{"embeddable":true,"href":"https:\/\/cvinoticias.com\/v3\/wp-json\/wp\/v2\/comments?post=43349"}],"version-history":[{"count":2,"href":"https:\/\/cvinoticias.com\/v3\/wp-json\/wp\/v2\/posts\/43349\/revisions"}],"predecessor-version":[{"id":43353,"href":"https:\/\/cvinoticias.com\/v3\/wp-json\/wp\/v2\/posts\/43349\/revisions\/43353"}],"wp:featuredmedia":[{"embeddable":true,"href":"https:\/\/cvinoticias.com\/v3\/wp-json\/wp\/v2\/media\/43351"}],"wp:attachment":[{"href":"https:\/\/cvinoticias.com\/v3\/wp-json\/wp\/v2\/media?parent=43349"}],"wp:term":[{"taxonomy":"category","embeddable":true,"href":"https:\/\/cvinoticias.com\/v3\/wp-json\/wp\/v2\/categories?post=43349"},{"taxonomy":"post_tag","embeddable":true,"href":"https:\/\/cvinoticias.com\/v3\/wp-json\/wp\/v2\/tags?post=43349"}],"curies":[{"name":"wp","href":"https:\/\/api.w.org\/{rel}","templated":true}]}}