{"id":43272,"date":"2025-05-13T07:54:24","date_gmt":"2025-05-13T10:54:24","guid":{"rendered":"https:\/\/cvinoticias.com\/v3\/?p=43272"},"modified":"2025-05-13T07:54:25","modified_gmt":"2025-05-13T10:54:25","slug":"martes-con-sol-y-calor-en-iguazu-se-espera-una-maxima-de-27-c","status":"publish","type":"post","link":"https:\/\/cvinoticias.com\/v3\/martes-con-sol-y-calor-en-iguazu-se-espera-una-maxima-de-27-c\/","title":{"rendered":"Martes con sol y calor en Iguaz\u00fa: se espera una m\u00e1xima de 27 \u00b0C"},"content":{"rendered":"\n<p>El buen tiempo sigue acompa\u00f1ando a Puerto Iguaz\u00fa este martes 13 de mayo. La jornada arranca con algo de nubosidad, producto del ingreso de aire h\u00famedo desde el noreste, pero se espera que hacia la tarde el cielo vuelva a despejarse parcialmente.<\/p>\n\n\n\n<p>Seg\u00fan datos de la Direcci\u00f3n General de Alerta Temprana de la provincia, no se prev\u00e9n lluvias y la probabilidad de precipitaci\u00f3n es casi nula. Los vientos soplar\u00e1n leves a moderados del este y noreste, con velocidades de entre 5 y 14 km\/h, y posibles r\u00e1fagas que podr\u00edan alcanzar los 40 km\/h.<\/p>\n\n\n\n<p>La temperatura m\u00e1xima estimada para Puerto Iguaz\u00fa es de 27 \u00b0C, con una <strong>sensaci\u00f3n t\u00e9rmica de 28 \u00b0C<\/strong>, mientras que la m\u00ednima en la provincia se registrar\u00eda en San Javier con 13 \u00b0C. La calidad del aire se mantiene en niveles \u00f3ptimos.<\/p>\n\n\n\n<p>FUENTE: Direcci\u00f3n General de Alerta Temprana \u2013 Subsecretar\u00eda de Ordenamiento Territorial &#8211; Ministerio de Ecolog\u00eda y RNR de la Provincia<\/p>\n","protected":false},"excerpt":{"rendered":"<p>El buen tiempo sigue acompa\u00f1ando a Puerto Iguaz\u00fa este martes 13 de mayo. La jornada arranca con algo de nubosidad, producto del ingreso de aire h\u00famedo desde el noreste, pero se espera que hacia la tarde el cielo vuelva a despejarse parcialmente. Seg\u00fan datos de la Direcci\u00f3n General de Alerta Temprana de la provincia, no [&hellip;]<\/p>\n","protected":false},"author":2,"featured_media":43274,"comment_status":"open","ping_status":"open","sticky":false,"template":"","format":"standard","meta":{"footnotes":""},"categories":[1146],"tags":[1148,313,278,1325],"class_list":["post-43272","post","type-post","status-publish","format-standard","has-post-thumbnail","hentry","category-tiempo","tag-clima","tag-iguazu","tag-misiones","tag-sol"],"yoast_head":"<!-- This site is optimized with the Yoast SEO plugin v27.4 - https:\/\/yoast.com\/product\/yoast-seo-wordpress\/ -->\n<title>Martes con sol y calor en Iguaz\u00fa: se espera una m\u00e1xima de 27 \u00b0C | CVI NOTICIAS<\/title>\n<meta name=\"description\" content=\"Este martes 13 de mayo contin\u00faa el buen tiempo en Iguaz\u00fa, con cielo parcialmente nublado, sin lluvias y una m\u00e1xima estimada de 27 \u00b0C.\" \/>\n<meta name=\"robots\" content=\"index, follow, max-snippet:-1, max-image-preview:large, max-video-preview:-1\" \/>\n<link rel=\"canonical\" href=\"https:\/\/cvinoticias.com\/v3\/martes-con-sol-y-calor-en-iguazu-se-espera-una-maxima-de-27-c\/\" \/>\n<meta property=\"og:locale\" content=\"es_ES\" \/>\n<meta property=\"og:type\" content=\"article\" \/>\n<meta property=\"og:title\" content=\"Martes con sol y calor en Iguaz\u00fa: se espera una m\u00e1xima de 27 \u00b0C | CVI NOTICIAS\" \/>\n<meta property=\"og:description\" content=\"Este martes 13 de mayo contin\u00faa el buen tiempo en Iguaz\u00fa, con cielo parcialmente nublado, sin lluvias y una m\u00e1xima estimada de 27 \u00b0C.\" \/>\n<meta property=\"og:url\" content=\"https:\/\/cvinoticias.com\/v3\/martes-con-sol-y-calor-en-iguazu-se-espera-una-maxima-de-27-c\/\" \/>\n<meta property=\"og:site_name\" content=\"CVI NOTICIAS\" \/>\n<meta property=\"article:publisher\" content=\"https:\/\/www.facebook.com\/cvinoticias\" \/>\n<meta property=\"article:published_time\" content=\"2025-05-13T10:54:24+00:00\" \/>\n<meta property=\"article:modified_time\" content=\"2025-05-13T10:54:25+00:00\" \/>\n<meta property=\"og:image\" content=\"https:\/\/cvinoticias.com\/wp-content\/uploads\/2025\/05\/496194205_3922087368053793_1292502688271614857_n.jpg\" \/>\n\t<meta property=\"og:image:width\" content=\"739\" \/>\n\t<meta property=\"og:image:height\" content=\"408\" \/>\n\t<meta property=\"og:image:type\" content=\"image\/jpeg\" \/>\n<meta name=\"author\" content=\"f1000024\" \/>\n<meta name=\"twitter:card\" content=\"summary_large_image\" \/>\n<meta name=\"twitter:label1\" content=\"Escrito por\" \/>\n\t<meta name=\"twitter:data1\" content=\"f1000024\" \/>\n\t<meta name=\"twitter:label2\" content=\"Tiempo de lectura\" \/>\n\t<meta name=\"twitter:data2\" content=\"1 minuto\" \/>\n<script type=\"application\/ld+json\" class=\"yoast-schema-graph\">{\"@context\":\"https:\\\/\\\/schema.org\",\"@graph\":[{\"@type\":\"Article\",\"@id\":\"https:\\\/\\\/cvinoticias.com\\\/v3\\\/martes-con-sol-y-calor-en-iguazu-se-espera-una-maxima-de-27-c\\\/#article\",\"isPartOf\":{\"@id\":\"https:\\\/\\\/cvinoticias.com\\\/v3\\\/martes-con-sol-y-calor-en-iguazu-se-espera-una-maxima-de-27-c\\\/\"},\"author\":{\"name\":\"f1000024\",\"@id\":\"https:\\\/\\\/cvinoticias.com\\\/v3\\\/#\\\/schema\\\/person\\\/2db77e3c6bc03c538495d7b2b8be9b66\"},\"headline\":\"Martes con sol y calor en Iguaz\u00fa: se espera una m\u00e1xima de 27 \u00b0C\",\"datePublished\":\"2025-05-13T10:54:24+00:00\",\"dateModified\":\"2025-05-13T10:54:25+00:00\",\"mainEntityOfPage\":{\"@id\":\"https:\\\/\\\/cvinoticias.com\\\/v3\\\/martes-con-sol-y-calor-en-iguazu-se-espera-una-maxima-de-27-c\\\/\"},\"wordCount\":180,\"commentCount\":0,\"publisher\":{\"@id\":\"https:\\\/\\\/cvinoticias.com\\\/v3\\\/#organization\"},\"image\":{\"@id\":\"https:\\\/\\\/cvinoticias.com\\\/v3\\\/martes-con-sol-y-calor-en-iguazu-se-espera-una-maxima-de-27-c\\\/#primaryimage\"},\"thumbnailUrl\":\"https:\\\/\\\/cvinoticias.com\\\/wp-content\\\/uploads\\\/2025\\\/05\\\/496194205_3922087368053793_1292502688271614857_n.jpg\",\"keywords\":[\"Clima\",\"Iguaz\u00fa\",\"Misiones\",\"Sol\"],\"articleSection\":[\"Tiempo\"],\"inLanguage\":\"es\",\"potentialAction\":[{\"@type\":\"CommentAction\",\"name\":\"Comment\",\"target\":[\"https:\\\/\\\/cvinoticias.com\\\/v3\\\/martes-con-sol-y-calor-en-iguazu-se-espera-una-maxima-de-27-c\\\/#respond\"]}]},{\"@type\":\"WebPage\",\"@id\":\"https:\\\/\\\/cvinoticias.com\\\/v3\\\/martes-con-sol-y-calor-en-iguazu-se-espera-una-maxima-de-27-c\\\/\",\"url\":\"https:\\\/\\\/cvinoticias.com\\\/v3\\\/martes-con-sol-y-calor-en-iguazu-se-espera-una-maxima-de-27-c\\\/\",\"name\":\"Martes con sol y calor en Iguaz\u00fa: se espera una m\u00e1xima de 27 \u00b0C | CVI NOTICIAS\",\"isPartOf\":{\"@id\":\"https:\\\/\\\/cvinoticias.com\\\/v3\\\/#website\"},\"primaryImageOfPage\":{\"@id\":\"https:\\\/\\\/cvinoticias.com\\\/v3\\\/martes-con-sol-y-calor-en-iguazu-se-espera-una-maxima-de-27-c\\\/#primaryimage\"},\"image\":{\"@id\":\"https:\\\/\\\/cvinoticias.com\\\/v3\\\/martes-con-sol-y-calor-en-iguazu-se-espera-una-maxima-de-27-c\\\/#primaryimage\"},\"thumbnailUrl\":\"https:\\\/\\\/cvinoticias.com\\\/wp-content\\\/uploads\\\/2025\\\/05\\\/496194205_3922087368053793_1292502688271614857_n.jpg\",\"datePublished\":\"2025-05-13T10:54:24+00:00\",\"dateModified\":\"2025-05-13T10:54:25+00:00\",\"description\":\"Este martes 13 de mayo contin\u00faa el buen tiempo en Iguaz\u00fa, con cielo parcialmente nublado, sin lluvias y una m\u00e1xima estimada de 27 \u00b0C.\",\"breadcrumb\":{\"@id\":\"https:\\\/\\\/cvinoticias.com\\\/v3\\\/martes-con-sol-y-calor-en-iguazu-se-espera-una-maxima-de-27-c\\\/#breadcrumb\"},\"inLanguage\":\"es\",\"potentialAction\":[{\"@type\":\"ReadAction\",\"target\":[\"https:\\\/\\\/cvinoticias.com\\\/v3\\\/martes-con-sol-y-calor-en-iguazu-se-espera-una-maxima-de-27-c\\\/\"]}]},{\"@type\":\"ImageObject\",\"inLanguage\":\"es\",\"@id\":\"https:\\\/\\\/cvinoticias.com\\\/v3\\\/martes-con-sol-y-calor-en-iguazu-se-espera-una-maxima-de-27-c\\\/#primaryimage\",\"url\":\"https:\\\/\\\/cvinoticias.com\\\/wp-content\\\/uploads\\\/2025\\\/05\\\/496194205_3922087368053793_1292502688271614857_n.jpg\",\"contentUrl\":\"https:\\\/\\\/cvinoticias.com\\\/wp-content\\\/uploads\\\/2025\\\/05\\\/496194205_3922087368053793_1292502688271614857_n.jpg\",\"width\":739,\"height\":408},{\"@type\":\"BreadcrumbList\",\"@id\":\"https:\\\/\\\/cvinoticias.com\\\/v3\\\/martes-con-sol-y-calor-en-iguazu-se-espera-una-maxima-de-27-c\\\/#breadcrumb\",\"itemListElement\":[{\"@type\":\"ListItem\",\"position\":1,\"name\":\"Portada\",\"item\":\"https:\\\/\\\/cvinoticias.com\\\/v3\\\/\"},{\"@type\":\"ListItem\",\"position\":2,\"name\":\"Martes con sol y calor en Iguaz\u00fa: se espera una m\u00e1xima de 27 \u00b0C\"}]},{\"@type\":\"WebSite\",\"@id\":\"https:\\\/\\\/cvinoticias.com\\\/v3\\\/#website\",\"url\":\"https:\\\/\\\/cvinoticias.com\\\/v3\\\/\",\"name\":\"CVI NOTICIAS\",\"description\":\"\",\"publisher\":{\"@id\":\"https:\\\/\\\/cvinoticias.com\\\/v3\\\/#organization\"},\"alternateName\":\"CVI\",\"potentialAction\":[{\"@type\":\"SearchAction\",\"target\":{\"@type\":\"EntryPoint\",\"urlTemplate\":\"https:\\\/\\\/cvinoticias.com\\\/v3\\\/?s={search_term_string}\"},\"query-input\":{\"@type\":\"PropertyValueSpecification\",\"valueRequired\":true,\"valueName\":\"search_term_string\"}}],\"inLanguage\":\"es\"},{\"@type\":\"Organization\",\"@id\":\"https:\\\/\\\/cvinoticias.com\\\/v3\\\/#organization\",\"name\":\"CVI NOTICIAS\",\"url\":\"https:\\\/\\\/cvinoticias.com\\\/v3\\\/\",\"logo\":{\"@type\":\"ImageObject\",\"inLanguage\":\"es\",\"@id\":\"https:\\\/\\\/cvinoticias.com\\\/v3\\\/#\\\/schema\\\/logo\\\/image\\\/\",\"url\":\"https:\\\/\\\/cvinoticias.com\\\/wp-content\\\/uploads\\\/2023\\\/04\\\/cropped-cropped-cropped-cropped-cropped-3-1.png\",\"contentUrl\":\"https:\\\/\\\/cvinoticias.com\\\/wp-content\\\/uploads\\\/2023\\\/04\\\/cropped-cropped-cropped-cropped-cropped-3-1.png\",\"width\":95,\"height\":122,\"caption\":\"CVI NOTICIAS\"},\"image\":{\"@id\":\"https:\\\/\\\/cvinoticias.com\\\/v3\\\/#\\\/schema\\\/logo\\\/image\\\/\"},\"sameAs\":[\"https:\\\/\\\/www.facebook.com\\\/cvinoticias\",\"https:\\\/\\\/www.instagram.com\\\/cvinoticias\\\/\",\"https:\\\/\\\/www.youtube.com\\\/@CVINOTICIAS\"]},{\"@type\":\"Person\",\"@id\":\"https:\\\/\\\/cvinoticias.com\\\/v3\\\/#\\\/schema\\\/person\\\/2db77e3c6bc03c538495d7b2b8be9b66\",\"name\":\"f1000024\",\"image\":{\"@type\":\"ImageObject\",\"inLanguage\":\"es\",\"@id\":\"https:\\\/\\\/secure.gravatar.com\\\/avatar\\\/d4fe7459cfc51ff5129ce1a732bbef5928568b8092d412ef95611616376bbeed?s=96&d=mm&r=g\",\"url\":\"https:\\\/\\\/secure.gravatar.com\\\/avatar\\\/d4fe7459cfc51ff5129ce1a732bbef5928568b8092d412ef95611616376bbeed?s=96&d=mm&r=g\",\"contentUrl\":\"https:\\\/\\\/secure.gravatar.com\\\/avatar\\\/d4fe7459cfc51ff5129ce1a732bbef5928568b8092d412ef95611616376bbeed?s=96&d=mm&r=g\",\"caption\":\"f1000024\"},\"url\":\"https:\\\/\\\/cvinoticias.com\\\/v3\\\/author\\\/f1000024\\\/\"}]}<\/script>\n<!-- \/ Yoast SEO plugin. -->","yoast_head_json":{"title":"Martes con sol y calor en Iguaz\u00fa: se espera una m\u00e1xima de 27 \u00b0C | CVI NOTICIAS","description":"Este martes 13 de mayo contin\u00faa el buen tiempo en Iguaz\u00fa, con cielo parcialmente nublado, sin lluvias y una m\u00e1xima estimada de 27 \u00b0C.","robots":{"index":"index","follow":"follow","max-snippet":"max-snippet:-1","max-image-preview":"max-image-preview:large","max-video-preview":"max-video-preview:-1"},"canonical":"https:\/\/cvinoticias.com\/v3\/martes-con-sol-y-calor-en-iguazu-se-espera-una-maxima-de-27-c\/","og_locale":"es_ES","og_type":"article","og_title":"Martes con sol y calor en Iguaz\u00fa: se espera una m\u00e1xima de 27 \u00b0C | CVI NOTICIAS","og_description":"Este martes 13 de mayo contin\u00faa el buen tiempo en Iguaz\u00fa, con cielo parcialmente nublado, sin lluvias y una m\u00e1xima estimada de 27 \u00b0C.","og_url":"https:\/\/cvinoticias.com\/v3\/martes-con-sol-y-calor-en-iguazu-se-espera-una-maxima-de-27-c\/","og_site_name":"CVI NOTICIAS","article_publisher":"https:\/\/www.facebook.com\/cvinoticias","article_published_time":"2025-05-13T10:54:24+00:00","article_modified_time":"2025-05-13T10:54:25+00:00","og_image":[{"width":739,"height":408,"url":"https:\/\/cvinoticias.com\/wp-content\/uploads\/2025\/05\/496194205_3922087368053793_1292502688271614857_n.jpg","type":"image\/jpeg"}],"author":"f1000024","twitter_card":"summary_large_image","twitter_misc":{"Escrito por":"f1000024","Tiempo de lectura":"1 minuto"},"schema":{"@context":"https:\/\/schema.org","@graph":[{"@type":"Article","@id":"https:\/\/cvinoticias.com\/v3\/martes-con-sol-y-calor-en-iguazu-se-espera-una-maxima-de-27-c\/#article","isPartOf":{"@id":"https:\/\/cvinoticias.com\/v3\/martes-con-sol-y-calor-en-iguazu-se-espera-una-maxima-de-27-c\/"},"author":{"name":"f1000024","@id":"https:\/\/cvinoticias.com\/v3\/#\/schema\/person\/2db77e3c6bc03c538495d7b2b8be9b66"},"headline":"Martes con sol y calor en Iguaz\u00fa: se espera una m\u00e1xima de 27 \u00b0C","datePublished":"2025-05-13T10:54:24+00:00","dateModified":"2025-05-13T10:54:25+00:00","mainEntityOfPage":{"@id":"https:\/\/cvinoticias.com\/v3\/martes-con-sol-y-calor-en-iguazu-se-espera-una-maxima-de-27-c\/"},"wordCount":180,"commentCount":0,"publisher":{"@id":"https:\/\/cvinoticias.com\/v3\/#organization"},"image":{"@id":"https:\/\/cvinoticias.com\/v3\/martes-con-sol-y-calor-en-iguazu-se-espera-una-maxima-de-27-c\/#primaryimage"},"thumbnailUrl":"https:\/\/cvinoticias.com\/wp-content\/uploads\/2025\/05\/496194205_3922087368053793_1292502688271614857_n.jpg","keywords":["Clima","Iguaz\u00fa","Misiones","Sol"],"articleSection":["Tiempo"],"inLanguage":"es","potentialAction":[{"@type":"CommentAction","name":"Comment","target":["https:\/\/cvinoticias.com\/v3\/martes-con-sol-y-calor-en-iguazu-se-espera-una-maxima-de-27-c\/#respond"]}]},{"@type":"WebPage","@id":"https:\/\/cvinoticias.com\/v3\/martes-con-sol-y-calor-en-iguazu-se-espera-una-maxima-de-27-c\/","url":"https:\/\/cvinoticias.com\/v3\/martes-con-sol-y-calor-en-iguazu-se-espera-una-maxima-de-27-c\/","name":"Martes con sol y calor en Iguaz\u00fa: se espera una m\u00e1xima de 27 \u00b0C | CVI NOTICIAS","isPartOf":{"@id":"https:\/\/cvinoticias.com\/v3\/#website"},"primaryImageOfPage":{"@id":"https:\/\/cvinoticias.com\/v3\/martes-con-sol-y-calor-en-iguazu-se-espera-una-maxima-de-27-c\/#primaryimage"},"image":{"@id":"https:\/\/cvinoticias.com\/v3\/martes-con-sol-y-calor-en-iguazu-se-espera-una-maxima-de-27-c\/#primaryimage"},"thumbnailUrl":"https:\/\/cvinoticias.com\/wp-content\/uploads\/2025\/05\/496194205_3922087368053793_1292502688271614857_n.jpg","datePublished":"2025-05-13T10:54:24+00:00","dateModified":"2025-05-13T10:54:25+00:00","description":"Este martes 13 de mayo contin\u00faa el buen tiempo en Iguaz\u00fa, con cielo parcialmente nublado, sin lluvias y una m\u00e1xima estimada de 27 \u00b0C.","breadcrumb":{"@id":"https:\/\/cvinoticias.com\/v3\/martes-con-sol-y-calor-en-iguazu-se-espera-una-maxima-de-27-c\/#breadcrumb"},"inLanguage":"es","potentialAction":[{"@type":"ReadAction","target":["https:\/\/cvinoticias.com\/v3\/martes-con-sol-y-calor-en-iguazu-se-espera-una-maxima-de-27-c\/"]}]},{"@type":"ImageObject","inLanguage":"es","@id":"https:\/\/cvinoticias.com\/v3\/martes-con-sol-y-calor-en-iguazu-se-espera-una-maxima-de-27-c\/#primaryimage","url":"https:\/\/cvinoticias.com\/wp-content\/uploads\/2025\/05\/496194205_3922087368053793_1292502688271614857_n.jpg","contentUrl":"https:\/\/cvinoticias.com\/wp-content\/uploads\/2025\/05\/496194205_3922087368053793_1292502688271614857_n.jpg","width":739,"height":408},{"@type":"BreadcrumbList","@id":"https:\/\/cvinoticias.com\/v3\/martes-con-sol-y-calor-en-iguazu-se-espera-una-maxima-de-27-c\/#breadcrumb","itemListElement":[{"@type":"ListItem","position":1,"name":"Portada","item":"https:\/\/cvinoticias.com\/v3\/"},{"@type":"ListItem","position":2,"name":"Martes con sol y calor en Iguaz\u00fa: se espera una m\u00e1xima de 27 \u00b0C"}]},{"@type":"WebSite","@id":"https:\/\/cvinoticias.com\/v3\/#website","url":"https:\/\/cvinoticias.com\/v3\/","name":"CVI NOTICIAS","description":"","publisher":{"@id":"https:\/\/cvinoticias.com\/v3\/#organization"},"alternateName":"CVI","potentialAction":[{"@type":"SearchAction","target":{"@type":"EntryPoint","urlTemplate":"https:\/\/cvinoticias.com\/v3\/?s={search_term_string}"},"query-input":{"@type":"PropertyValueSpecification","valueRequired":true,"valueName":"search_term_string"}}],"inLanguage":"es"},{"@type":"Organization","@id":"https:\/\/cvinoticias.com\/v3\/#organization","name":"CVI NOTICIAS","url":"https:\/\/cvinoticias.com\/v3\/","logo":{"@type":"ImageObject","inLanguage":"es","@id":"https:\/\/cvinoticias.com\/v3\/#\/schema\/logo\/image\/","url":"https:\/\/cvinoticias.com\/wp-content\/uploads\/2023\/04\/cropped-cropped-cropped-cropped-cropped-3-1.png","contentUrl":"https:\/\/cvinoticias.com\/wp-content\/uploads\/2023\/04\/cropped-cropped-cropped-cropped-cropped-3-1.png","width":95,"height":122,"caption":"CVI NOTICIAS"},"image":{"@id":"https:\/\/cvinoticias.com\/v3\/#\/schema\/logo\/image\/"},"sameAs":["https:\/\/www.facebook.com\/cvinoticias","https:\/\/www.instagram.com\/cvinoticias\/","https:\/\/www.youtube.com\/@CVINOTICIAS"]},{"@type":"Person","@id":"https:\/\/cvinoticias.com\/v3\/#\/schema\/person\/2db77e3c6bc03c538495d7b2b8be9b66","name":"f1000024","image":{"@type":"ImageObject","inLanguage":"es","@id":"https:\/\/secure.gravatar.com\/avatar\/d4fe7459cfc51ff5129ce1a732bbef5928568b8092d412ef95611616376bbeed?s=96&d=mm&r=g","url":"https:\/\/secure.gravatar.com\/avatar\/d4fe7459cfc51ff5129ce1a732bbef5928568b8092d412ef95611616376bbeed?s=96&d=mm&r=g","contentUrl":"https:\/\/secure.gravatar.com\/avatar\/d4fe7459cfc51ff5129ce1a732bbef5928568b8092d412ef95611616376bbeed?s=96&d=mm&r=g","caption":"f1000024"},"url":"https:\/\/cvinoticias.com\/v3\/author\/f1000024\/"}]}},"_links":{"self":[{"href":"https:\/\/cvinoticias.com\/v3\/wp-json\/wp\/v2\/posts\/43272","targetHints":{"allow":["GET"]}}],"collection":[{"href":"https:\/\/cvinoticias.com\/v3\/wp-json\/wp\/v2\/posts"}],"about":[{"href":"https:\/\/cvinoticias.com\/v3\/wp-json\/wp\/v2\/types\/post"}],"author":[{"embeddable":true,"href":"https:\/\/cvinoticias.com\/v3\/wp-json\/wp\/v2\/users\/2"}],"replies":[{"embeddable":true,"href":"https:\/\/cvinoticias.com\/v3\/wp-json\/wp\/v2\/comments?post=43272"}],"version-history":[{"count":1,"href":"https:\/\/cvinoticias.com\/v3\/wp-json\/wp\/v2\/posts\/43272\/revisions"}],"predecessor-version":[{"id":43275,"href":"https:\/\/cvinoticias.com\/v3\/wp-json\/wp\/v2\/posts\/43272\/revisions\/43275"}],"wp:featuredmedia":[{"embeddable":true,"href":"https:\/\/cvinoticias.com\/v3\/wp-json\/wp\/v2\/media\/43274"}],"wp:attachment":[{"href":"https:\/\/cvinoticias.com\/v3\/wp-json\/wp\/v2\/media?parent=43272"}],"wp:term":[{"taxonomy":"category","embeddable":true,"href":"https:\/\/cvinoticias.com\/v3\/wp-json\/wp\/v2\/categories?post=43272"},{"taxonomy":"post_tag","embeddable":true,"href":"https:\/\/cvinoticias.com\/v3\/wp-json\/wp\/v2\/tags?post=43272"}],"curies":[{"name":"wp","href":"https:\/\/api.w.org\/{rel}","templated":true}]}}