{"id":43245,"date":"2025-05-12T10:37:55","date_gmt":"2025-05-12T13:37:55","guid":{"rendered":"https:\/\/cvinoticias.com\/v3\/?p=43245"},"modified":"2025-05-12T10:38:57","modified_gmt":"2025-05-12T13:38:57","slug":"joven-de-24-anos-fallece-en-accidente-de-transito","status":"publish","type":"post","link":"https:\/\/cvinoticias.com\/v3\/joven-de-24-anos-fallece-en-accidente-de-transito\/","title":{"rendered":"Joven de 24 a\u00f1os fallece en accidente de Transito"},"content":{"rendered":"\n<p class=\"wp-block-paragraph\">Un tr\u00e1gico accidente de tr\u00e1nsito se cobr\u00f3 la vida de un joven de 24 a\u00f1os, identificado como Derlis Joel Ben\u00edtez, miembro de la comunidad Mbya de la aldea Fort\u00edn Mboror\u00e9. El incidente ocurri\u00f3 en la madrugada del domingo en la avenida Posadas de Puerto Iguion.<\/p>\n\n\n\n<p class=\"wp-block-paragraph\">Seg\u00fan las primeras investigaciones, la motocicleta en la que se desplazaba el joven despist\u00f3, provocando graves lesiones que finalmente le llevaron a la muerte en el hospital local. Las causas del accidente a\u00fan se investigan.<\/p>\n\n\n\n<p class=\"wp-block-paragraph\">La Polic\u00eda y peritos de la Divisi\u00f3n Polic\u00eda Cient\u00edfica trabajaron en el lugar para determinar las circunstancias exactas del siniestro. El m\u00e9dico policial confirm\u00f3 que la causa de muerte fue un traumatismo craneoencef\u00e1lico.<\/p>\n","protected":false},"excerpt":{"rendered":"<p>Un tr\u00e1gico accidente de tr\u00e1nsito se cobr\u00f3 la vida de un joven de 24 a\u00f1os, identificado como Derlis Joel Ben\u00edtez, miembro de la comunidad Mbya de la aldea Fort\u00edn Mboror\u00e9. El incidente ocurri\u00f3 en la madrugada del domingo en la avenida Posadas de Puerto Iguion. Seg\u00fan las primeras investigaciones, la motocicleta en la que se [&hellip;]<\/p>\n","protected":false},"author":2,"featured_media":43246,"comment_status":"open","ping_status":"open","sticky":false,"template":"","format":"standard","meta":{"footnotes":""},"categories":[1],"tags":[],"class_list":["post-43245","post","type-post","status-publish","format-standard","has-post-thumbnail","hentry","category-sin-categoria"],"yoast_head":"<!-- This site is optimized with the Yoast SEO plugin v28.3 - https:\/\/yoast.com\/product\/yoast-seo-wordpress\/ -->\n<title>Joven Mbya fallece en accidente de tr\u00e1nsito en Puerto Iguaz\u00fa | CVI NOTICIAS<\/title>\n<meta name=\"description\" content=\"Derlis Joel Ben\u00edtez, de 24 a\u00f1os, perdi\u00f3 la vida tras despistar con su motocicleta en la avenida Posadas. La Polic\u00eda Cient\u00edfica investiga el hecho.\" \/>\n<meta name=\"robots\" content=\"index, follow, max-snippet:-1, max-image-preview:large, max-video-preview:-1\" \/>\n<link rel=\"canonical\" href=\"https:\/\/cvinoticias.com\/v3\/joven-de-24-anos-fallece-en-accidente-de-transito\/\" \/>\n<meta property=\"og:locale\" content=\"es_ES\" \/>\n<meta property=\"og:type\" content=\"article\" \/>\n<meta property=\"og:title\" content=\"Joven Mbya fallece en accidente de tr\u00e1nsito en Puerto Iguaz\u00fa | CVI NOTICIAS\" \/>\n<meta property=\"og:description\" content=\"Derlis Joel Ben\u00edtez, de 24 a\u00f1os, perdi\u00f3 la vida tras despistar con su motocicleta en la avenida Posadas. La Polic\u00eda Cient\u00edfica investiga el hecho.\" \/>\n<meta property=\"og:url\" content=\"https:\/\/cvinoticias.com\/v3\/joven-de-24-anos-fallece-en-accidente-de-transito\/\" \/>\n<meta property=\"og:site_name\" content=\"CVI NOTICIAS\" \/>\n<meta property=\"article:publisher\" content=\"https:\/\/www.facebook.com\/cvinoticias\" \/>\n<meta property=\"article:published_time\" content=\"2025-05-12T13:37:55+00:00\" \/>\n<meta property=\"article:modified_time\" content=\"2025-05-12T13:38:57+00:00\" \/>\n<meta property=\"og:image\" content=\"https:\/\/cvinoticias.com\/wp-content\/uploads\/2025\/05\/hospital.png\" \/>\n\t<meta property=\"og:image:width\" content=\"1081\" \/>\n\t<meta property=\"og:image:height\" content=\"541\" \/>\n\t<meta property=\"og:image:type\" content=\"image\/png\" \/>\n<meta name=\"author\" content=\"f1000024\" \/>\n<meta name=\"twitter:card\" content=\"summary_large_image\" \/>\n<meta name=\"twitter:label1\" content=\"Escrito por\" \/>\n\t<meta name=\"twitter:data1\" content=\"f1000024\" \/>\n\t<meta name=\"twitter:label2\" content=\"Tiempo de lectura\" \/>\n\t<meta name=\"twitter:data2\" content=\"1 minuto\" \/>\n<script type=\"application\/ld+json\" class=\"yoast-schema-graph\">{\"@context\":\"https:\\\/\\\/schema.org\",\"@graph\":[{\"@type\":\"Article\",\"@id\":\"https:\\\/\\\/cvinoticias.com\\\/v3\\\/joven-de-24-anos-fallece-en-accidente-de-transito\\\/#article\",\"isPartOf\":{\"@id\":\"https:\\\/\\\/cvinoticias.com\\\/v3\\\/joven-de-24-anos-fallece-en-accidente-de-transito\\\/\"},\"author\":{\"name\":\"f1000024\",\"@id\":\"https:\\\/\\\/cvinoticias.com\\\/v3\\\/#\\\/schema\\\/person\\\/2db77e3c6bc03c538495d7b2b8be9b66\"},\"headline\":\"Joven de 24 a\u00f1os fallece en accidente de Transito\",\"datePublished\":\"2025-05-12T13:37:55+00:00\",\"dateModified\":\"2025-05-12T13:38:57+00:00\",\"mainEntityOfPage\":{\"@id\":\"https:\\\/\\\/cvinoticias.com\\\/v3\\\/joven-de-24-anos-fallece-en-accidente-de-transito\\\/\"},\"wordCount\":134,\"commentCount\":0,\"publisher\":{\"@id\":\"https:\\\/\\\/cvinoticias.com\\\/v3\\\/#organization\"},\"image\":{\"@id\":\"https:\\\/\\\/cvinoticias.com\\\/v3\\\/joven-de-24-anos-fallece-en-accidente-de-transito\\\/#primaryimage\"},\"thumbnailUrl\":\"https:\\\/\\\/cvinoticias.com\\\/wp-content\\\/uploads\\\/2025\\\/05\\\/hospital.png\",\"inLanguage\":\"es\",\"potentialAction\":[{\"@type\":\"CommentAction\",\"name\":\"Comment\",\"target\":[\"https:\\\/\\\/cvinoticias.com\\\/v3\\\/joven-de-24-anos-fallece-en-accidente-de-transito\\\/#respond\"]}]},{\"@type\":\"WebPage\",\"@id\":\"https:\\\/\\\/cvinoticias.com\\\/v3\\\/joven-de-24-anos-fallece-en-accidente-de-transito\\\/\",\"url\":\"https:\\\/\\\/cvinoticias.com\\\/v3\\\/joven-de-24-anos-fallece-en-accidente-de-transito\\\/\",\"name\":\"Joven Mbya fallece en accidente de tr\u00e1nsito en Puerto Iguaz\u00fa | CVI NOTICIAS\",\"isPartOf\":{\"@id\":\"https:\\\/\\\/cvinoticias.com\\\/v3\\\/#website\"},\"primaryImageOfPage\":{\"@id\":\"https:\\\/\\\/cvinoticias.com\\\/v3\\\/joven-de-24-anos-fallece-en-accidente-de-transito\\\/#primaryimage\"},\"image\":{\"@id\":\"https:\\\/\\\/cvinoticias.com\\\/v3\\\/joven-de-24-anos-fallece-en-accidente-de-transito\\\/#primaryimage\"},\"thumbnailUrl\":\"https:\\\/\\\/cvinoticias.com\\\/wp-content\\\/uploads\\\/2025\\\/05\\\/hospital.png\",\"datePublished\":\"2025-05-12T13:37:55+00:00\",\"dateModified\":\"2025-05-12T13:38:57+00:00\",\"description\":\"Derlis Joel Ben\u00edtez, de 24 a\u00f1os, perdi\u00f3 la vida tras despistar con su motocicleta en la avenida Posadas. La Polic\u00eda Cient\u00edfica investiga el hecho.\",\"breadcrumb\":{\"@id\":\"https:\\\/\\\/cvinoticias.com\\\/v3\\\/joven-de-24-anos-fallece-en-accidente-de-transito\\\/#breadcrumb\"},\"inLanguage\":\"es\",\"potentialAction\":[{\"@type\":\"ReadAction\",\"target\":[\"https:\\\/\\\/cvinoticias.com\\\/v3\\\/joven-de-24-anos-fallece-en-accidente-de-transito\\\/\"]}]},{\"@type\":\"ImageObject\",\"inLanguage\":\"es\",\"@id\":\"https:\\\/\\\/cvinoticias.com\\\/v3\\\/joven-de-24-anos-fallece-en-accidente-de-transito\\\/#primaryimage\",\"url\":\"https:\\\/\\\/cvinoticias.com\\\/wp-content\\\/uploads\\\/2025\\\/05\\\/hospital.png\",\"contentUrl\":\"https:\\\/\\\/cvinoticias.com\\\/wp-content\\\/uploads\\\/2025\\\/05\\\/hospital.png\",\"width\":1081,\"height\":541},{\"@type\":\"BreadcrumbList\",\"@id\":\"https:\\\/\\\/cvinoticias.com\\\/v3\\\/joven-de-24-anos-fallece-en-accidente-de-transito\\\/#breadcrumb\",\"itemListElement\":[{\"@type\":\"ListItem\",\"position\":1,\"name\":\"Portada\",\"item\":\"https:\\\/\\\/cvinoticias.com\\\/v3\\\/\"},{\"@type\":\"ListItem\",\"position\":2,\"name\":\"Joven de 24 a\u00f1os fallece en accidente de Transito\"}]},{\"@type\":\"WebSite\",\"@id\":\"https:\\\/\\\/cvinoticias.com\\\/v3\\\/#website\",\"url\":\"https:\\\/\\\/cvinoticias.com\\\/v3\\\/\",\"name\":\"CVI NOTICIAS\",\"description\":\"\",\"publisher\":{\"@id\":\"https:\\\/\\\/cvinoticias.com\\\/v3\\\/#organization\"},\"alternateName\":\"CVI\",\"potentialAction\":[{\"@type\":\"SearchAction\",\"target\":{\"@type\":\"EntryPoint\",\"urlTemplate\":\"https:\\\/\\\/cvinoticias.com\\\/v3\\\/?s={search_term_string}\"},\"query-input\":{\"@type\":\"PropertyValueSpecification\",\"valueRequired\":true,\"valueName\":\"search_term_string\"}}],\"inLanguage\":\"es\"},{\"@type\":\"Organization\",\"@id\":\"https:\\\/\\\/cvinoticias.com\\\/v3\\\/#organization\",\"name\":\"CVI NOTICIAS\",\"url\":\"https:\\\/\\\/cvinoticias.com\\\/v3\\\/\",\"logo\":{\"@type\":\"ImageObject\",\"inLanguage\":\"es\",\"@id\":\"https:\\\/\\\/cvinoticias.com\\\/v3\\\/#\\\/schema\\\/logo\\\/image\\\/\",\"url\":\"https:\\\/\\\/cvinoticias.com\\\/wp-content\\\/uploads\\\/2023\\\/04\\\/cropped-cropped-cropped-cropped-cropped-3-1.png\",\"contentUrl\":\"https:\\\/\\\/cvinoticias.com\\\/wp-content\\\/uploads\\\/2023\\\/04\\\/cropped-cropped-cropped-cropped-cropped-3-1.png\",\"width\":95,\"height\":122,\"caption\":\"CVI NOTICIAS\"},\"image\":{\"@id\":\"https:\\\/\\\/cvinoticias.com\\\/v3\\\/#\\\/schema\\\/logo\\\/image\\\/\"},\"sameAs\":[\"https:\\\/\\\/www.facebook.com\\\/cvinoticias\",\"https:\\\/\\\/www.instagram.com\\\/cvinoticias\\\/\",\"https:\\\/\\\/www.youtube.com\\\/@CVINOTICIAS\"]},{\"@type\":\"Person\",\"@id\":\"https:\\\/\\\/cvinoticias.com\\\/v3\\\/#\\\/schema\\\/person\\\/2db77e3c6bc03c538495d7b2b8be9b66\",\"name\":\"f1000024\",\"image\":{\"@type\":\"ImageObject\",\"inLanguage\":\"es\",\"@id\":\"https:\\\/\\\/secure.gravatar.com\\\/avatar\\\/d4fe7459cfc51ff5129ce1a732bbef5928568b8092d412ef95611616376bbeed?s=96&d=mm&r=g\",\"url\":\"https:\\\/\\\/secure.gravatar.com\\\/avatar\\\/d4fe7459cfc51ff5129ce1a732bbef5928568b8092d412ef95611616376bbeed?s=96&d=mm&r=g\",\"contentUrl\":\"https:\\\/\\\/secure.gravatar.com\\\/avatar\\\/d4fe7459cfc51ff5129ce1a732bbef5928568b8092d412ef95611616376bbeed?s=96&d=mm&r=g\",\"caption\":\"f1000024\"},\"url\":\"https:\\\/\\\/cvinoticias.com\\\/v3\\\/author\\\/f1000024\\\/\"}]}<\/script>\n<!-- \/ Yoast SEO plugin. -->","yoast_head_json":{"title":"Joven Mbya fallece en accidente de tr\u00e1nsito en Puerto Iguaz\u00fa | CVI NOTICIAS","description":"Derlis Joel Ben\u00edtez, de 24 a\u00f1os, perdi\u00f3 la vida tras despistar con su motocicleta en la avenida Posadas. La Polic\u00eda Cient\u00edfica investiga el hecho.","robots":{"index":"index","follow":"follow","max-snippet":"max-snippet:-1","max-image-preview":"max-image-preview:large","max-video-preview":"max-video-preview:-1"},"canonical":"https:\/\/cvinoticias.com\/v3\/joven-de-24-anos-fallece-en-accidente-de-transito\/","og_locale":"es_ES","og_type":"article","og_title":"Joven Mbya fallece en accidente de tr\u00e1nsito en Puerto Iguaz\u00fa | CVI NOTICIAS","og_description":"Derlis Joel Ben\u00edtez, de 24 a\u00f1os, perdi\u00f3 la vida tras despistar con su motocicleta en la avenida Posadas. La Polic\u00eda Cient\u00edfica investiga el hecho.","og_url":"https:\/\/cvinoticias.com\/v3\/joven-de-24-anos-fallece-en-accidente-de-transito\/","og_site_name":"CVI NOTICIAS","article_publisher":"https:\/\/www.facebook.com\/cvinoticias","article_published_time":"2025-05-12T13:37:55+00:00","article_modified_time":"2025-05-12T13:38:57+00:00","og_image":[{"width":1081,"height":541,"url":"https:\/\/cvinoticias.com\/wp-content\/uploads\/2025\/05\/hospital.png","type":"image\/png"}],"author":"f1000024","twitter_card":"summary_large_image","twitter_misc":{"Escrito por":"f1000024","Tiempo de lectura":"1 minuto"},"schema":{"@context":"https:\/\/schema.org","@graph":[{"@type":"Article","@id":"https:\/\/cvinoticias.com\/v3\/joven-de-24-anos-fallece-en-accidente-de-transito\/#article","isPartOf":{"@id":"https:\/\/cvinoticias.com\/v3\/joven-de-24-anos-fallece-en-accidente-de-transito\/"},"author":{"name":"f1000024","@id":"https:\/\/cvinoticias.com\/v3\/#\/schema\/person\/2db77e3c6bc03c538495d7b2b8be9b66"},"headline":"Joven de 24 a\u00f1os fallece en accidente de Transito","datePublished":"2025-05-12T13:37:55+00:00","dateModified":"2025-05-12T13:38:57+00:00","mainEntityOfPage":{"@id":"https:\/\/cvinoticias.com\/v3\/joven-de-24-anos-fallece-en-accidente-de-transito\/"},"wordCount":134,"commentCount":0,"publisher":{"@id":"https:\/\/cvinoticias.com\/v3\/#organization"},"image":{"@id":"https:\/\/cvinoticias.com\/v3\/joven-de-24-anos-fallece-en-accidente-de-transito\/#primaryimage"},"thumbnailUrl":"https:\/\/cvinoticias.com\/wp-content\/uploads\/2025\/05\/hospital.png","inLanguage":"es","potentialAction":[{"@type":"CommentAction","name":"Comment","target":["https:\/\/cvinoticias.com\/v3\/joven-de-24-anos-fallece-en-accidente-de-transito\/#respond"]}]},{"@type":"WebPage","@id":"https:\/\/cvinoticias.com\/v3\/joven-de-24-anos-fallece-en-accidente-de-transito\/","url":"https:\/\/cvinoticias.com\/v3\/joven-de-24-anos-fallece-en-accidente-de-transito\/","name":"Joven Mbya fallece en accidente de tr\u00e1nsito en Puerto Iguaz\u00fa | CVI NOTICIAS","isPartOf":{"@id":"https:\/\/cvinoticias.com\/v3\/#website"},"primaryImageOfPage":{"@id":"https:\/\/cvinoticias.com\/v3\/joven-de-24-anos-fallece-en-accidente-de-transito\/#primaryimage"},"image":{"@id":"https:\/\/cvinoticias.com\/v3\/joven-de-24-anos-fallece-en-accidente-de-transito\/#primaryimage"},"thumbnailUrl":"https:\/\/cvinoticias.com\/wp-content\/uploads\/2025\/05\/hospital.png","datePublished":"2025-05-12T13:37:55+00:00","dateModified":"2025-05-12T13:38:57+00:00","description":"Derlis Joel Ben\u00edtez, de 24 a\u00f1os, perdi\u00f3 la vida tras despistar con su motocicleta en la avenida Posadas. La Polic\u00eda Cient\u00edfica investiga el hecho.","breadcrumb":{"@id":"https:\/\/cvinoticias.com\/v3\/joven-de-24-anos-fallece-en-accidente-de-transito\/#breadcrumb"},"inLanguage":"es","potentialAction":[{"@type":"ReadAction","target":["https:\/\/cvinoticias.com\/v3\/joven-de-24-anos-fallece-en-accidente-de-transito\/"]}]},{"@type":"ImageObject","inLanguage":"es","@id":"https:\/\/cvinoticias.com\/v3\/joven-de-24-anos-fallece-en-accidente-de-transito\/#primaryimage","url":"https:\/\/cvinoticias.com\/wp-content\/uploads\/2025\/05\/hospital.png","contentUrl":"https:\/\/cvinoticias.com\/wp-content\/uploads\/2025\/05\/hospital.png","width":1081,"height":541},{"@type":"BreadcrumbList","@id":"https:\/\/cvinoticias.com\/v3\/joven-de-24-anos-fallece-en-accidente-de-transito\/#breadcrumb","itemListElement":[{"@type":"ListItem","position":1,"name":"Portada","item":"https:\/\/cvinoticias.com\/v3\/"},{"@type":"ListItem","position":2,"name":"Joven de 24 a\u00f1os fallece en accidente de Transito"}]},{"@type":"WebSite","@id":"https:\/\/cvinoticias.com\/v3\/#website","url":"https:\/\/cvinoticias.com\/v3\/","name":"CVI NOTICIAS","description":"","publisher":{"@id":"https:\/\/cvinoticias.com\/v3\/#organization"},"alternateName":"CVI","potentialAction":[{"@type":"SearchAction","target":{"@type":"EntryPoint","urlTemplate":"https:\/\/cvinoticias.com\/v3\/?s={search_term_string}"},"query-input":{"@type":"PropertyValueSpecification","valueRequired":true,"valueName":"search_term_string"}}],"inLanguage":"es"},{"@type":"Organization","@id":"https:\/\/cvinoticias.com\/v3\/#organization","name":"CVI NOTICIAS","url":"https:\/\/cvinoticias.com\/v3\/","logo":{"@type":"ImageObject","inLanguage":"es","@id":"https:\/\/cvinoticias.com\/v3\/#\/schema\/logo\/image\/","url":"https:\/\/cvinoticias.com\/wp-content\/uploads\/2023\/04\/cropped-cropped-cropped-cropped-cropped-3-1.png","contentUrl":"https:\/\/cvinoticias.com\/wp-content\/uploads\/2023\/04\/cropped-cropped-cropped-cropped-cropped-3-1.png","width":95,"height":122,"caption":"CVI NOTICIAS"},"image":{"@id":"https:\/\/cvinoticias.com\/v3\/#\/schema\/logo\/image\/"},"sameAs":["https:\/\/www.facebook.com\/cvinoticias","https:\/\/www.instagram.com\/cvinoticias\/","https:\/\/www.youtube.com\/@CVINOTICIAS"]},{"@type":"Person","@id":"https:\/\/cvinoticias.com\/v3\/#\/schema\/person\/2db77e3c6bc03c538495d7b2b8be9b66","name":"f1000024","image":{"@type":"ImageObject","inLanguage":"es","@id":"https:\/\/secure.gravatar.com\/avatar\/d4fe7459cfc51ff5129ce1a732bbef5928568b8092d412ef95611616376bbeed?s=96&d=mm&r=g","url":"https:\/\/secure.gravatar.com\/avatar\/d4fe7459cfc51ff5129ce1a732bbef5928568b8092d412ef95611616376bbeed?s=96&d=mm&r=g","contentUrl":"https:\/\/secure.gravatar.com\/avatar\/d4fe7459cfc51ff5129ce1a732bbef5928568b8092d412ef95611616376bbeed?s=96&d=mm&r=g","caption":"f1000024"},"url":"https:\/\/cvinoticias.com\/v3\/author\/f1000024\/"}]}},"_links":{"self":[{"href":"https:\/\/cvinoticias.com\/v3\/wp-json\/wp\/v2\/posts\/43245","targetHints":{"allow":["GET"]}}],"collection":[{"href":"https:\/\/cvinoticias.com\/v3\/wp-json\/wp\/v2\/posts"}],"about":[{"href":"https:\/\/cvinoticias.com\/v3\/wp-json\/wp\/v2\/types\/post"}],"author":[{"embeddable":true,"href":"https:\/\/cvinoticias.com\/v3\/wp-json\/wp\/v2\/users\/2"}],"replies":[{"embeddable":true,"href":"https:\/\/cvinoticias.com\/v3\/wp-json\/wp\/v2\/comments?post=43245"}],"version-history":[{"count":2,"href":"https:\/\/cvinoticias.com\/v3\/wp-json\/wp\/v2\/posts\/43245\/revisions"}],"predecessor-version":[{"id":43249,"href":"https:\/\/cvinoticias.com\/v3\/wp-json\/wp\/v2\/posts\/43245\/revisions\/43249"}],"wp:featuredmedia":[{"embeddable":true,"href":"https:\/\/cvinoticias.com\/v3\/wp-json\/wp\/v2\/media\/43246"}],"wp:attachment":[{"href":"https:\/\/cvinoticias.com\/v3\/wp-json\/wp\/v2\/media?parent=43245"}],"wp:term":[{"taxonomy":"category","embeddable":true,"href":"https:\/\/cvinoticias.com\/v3\/wp-json\/wp\/v2\/categories?post=43245"},{"taxonomy":"post_tag","embeddable":true,"href":"https:\/\/cvinoticias.com\/v3\/wp-json\/wp\/v2\/tags?post=43245"}],"curies":[{"name":"wp","href":"https:\/\/api.w.org\/{rel}","templated":true}]}}