{"id":43005,"date":"2025-05-08T07:31:39","date_gmt":"2025-05-08T10:31:39","guid":{"rendered":"https:\/\/cvinoticias.com\/v3\/?p=43005"},"modified":"2025-05-08T07:31:40","modified_gmt":"2025-05-08T10:31:40","slug":"pronostico-del-tiempo-en-misiones-jueves-con-calor-viento-y-nubosidad-variable","status":"publish","type":"post","link":"https:\/\/cvinoticias.com\/v3\/pronostico-del-tiempo-en-misiones-jueves-con-calor-viento-y-nubosidad-variable\/","title":{"rendered":"Pron\u00f3stico del tiempo en Misiones: jueves con calor, viento y nubosidad variable"},"content":{"rendered":"\n<p>La jornada de este jueves 8 de mayo se presentar\u00e1 con condiciones de tiempo seco y ventoso en toda la provincia de Misiones. Seg\u00fan el reporte de la Direcci\u00f3n General de Alerta Temprana, se espera una cobertura nubosa abundante durante la ma\u00f1ana, cielo parcialmente nublado por la tarde y nuevamente nublado hacia la noche, con un aumento de la inestabilidad hacia las \u00faltimas horas del d\u00eda.<\/p>\n\n\n\n<p>El ambiente se mantendr\u00e1 entre c\u00e1lido y caluroso por la tarde. No se prev\u00e9n precipitaciones, aunque se estima una probabilidad baja a moderada, de entre el 5 y el 25 por ciento. En cuanto a nieblas y neblinas, la probabilidad es baja.<\/p>\n\n\n\n<p>El viento ser\u00e1 protagonista: soplar\u00e1 desde el norte y noreste, con intensidades que ir\u00e1n de leves a moderadas, registrando velocidades entre 9 y 22 km\/h y la posibilidad de r\u00e1fagas que podr\u00edan alcanzar entre 20 y 50 km\/h.<\/p>\n\n\n\n<p>En cuanto a las temperaturas, se estima una m\u00e1xima provincial de 32 \u00b0C en Montecarlo, con una sensaci\u00f3n t\u00e9rmica que podr\u00eda trepar hasta los 35 \u00b0C. La m\u00ednima se registrar\u00eda en Bernardo de Irigoyen, con 17 \u00b0C. La calidad del aire se mantendr\u00eda en niveles buenos durante la jornada.<\/p>\n\n\n\n<p><strong>Fuente<\/strong>: Direcci\u00f3n General de Alerta Temprana \u2013 Subsecretar\u00eda de Ordenamiento Territorial \u2013 Ministerio de Ecolog\u00eda y RNR de la Provincia de Misiones<\/p>\n","protected":false},"excerpt":{"rendered":"<p>La jornada de este jueves 8 de mayo se presentar\u00e1 con condiciones de tiempo seco y ventoso en toda la provincia de Misiones. Seg\u00fan el reporte de la Direcci\u00f3n General de Alerta Temprana, se espera una cobertura nubosa abundante durante la ma\u00f1ana, cielo parcialmente nublado por la tarde y nuevamente nublado hacia la noche, con [&hellip;]<\/p>\n","protected":false},"author":2,"featured_media":43006,"comment_status":"open","ping_status":"open","sticky":false,"template":"","format":"standard","meta":{"footnotes":""},"categories":[1146],"tags":[1148,278],"class_list":["post-43005","post","type-post","status-publish","format-standard","has-post-thumbnail","hentry","category-tiempo","tag-clima","tag-misiones"],"yoast_head":"<!-- This site is optimized with the Yoast SEO plugin v27.4 - https:\/\/yoast.com\/product\/yoast-seo-wordpress\/ -->\n<title>Pron\u00f3stico del tiempo en Misiones: jueves 8 de mayo | CVI NOTICIAS<\/title>\n<meta name=\"description\" content=\"Jueves caluroso y ventoso en Misiones. Nubosidad variable e inestabilidad hacia la noche. Sin lluvias. Vientos del norte con r\u00e1fagas.\" \/>\n<meta name=\"robots\" content=\"index, follow, max-snippet:-1, max-image-preview:large, max-video-preview:-1\" \/>\n<link rel=\"canonical\" href=\"https:\/\/cvinoticias.com\/v3\/pronostico-del-tiempo-en-misiones-jueves-con-calor-viento-y-nubosidad-variable\/\" \/>\n<meta property=\"og:locale\" content=\"es_ES\" \/>\n<meta property=\"og:type\" content=\"article\" \/>\n<meta property=\"og:title\" content=\"Pron\u00f3stico del tiempo en Misiones: jueves 8 de mayo | CVI NOTICIAS\" \/>\n<meta property=\"og:description\" content=\"Jueves caluroso y ventoso en Misiones. Nubosidad variable e inestabilidad hacia la noche. Sin lluvias. Vientos del norte con r\u00e1fagas.\" \/>\n<meta property=\"og:url\" content=\"https:\/\/cvinoticias.com\/v3\/pronostico-del-tiempo-en-misiones-jueves-con-calor-viento-y-nubosidad-variable\/\" \/>\n<meta property=\"og:site_name\" content=\"CVI NOTICIAS\" \/>\n<meta property=\"article:publisher\" content=\"https:\/\/www.facebook.com\/cvinoticias\" \/>\n<meta property=\"article:published_time\" content=\"2025-05-08T10:31:39+00:00\" \/>\n<meta property=\"article:modified_time\" content=\"2025-05-08T10:31:40+00:00\" \/>\n<meta property=\"og:image\" content=\"https:\/\/cvinoticias.com\/wp-content\/uploads\/2025\/05\/nublado.jpeg\" \/>\n\t<meta property=\"og:image:width\" content=\"800\" \/>\n\t<meta property=\"og:image:height\" content=\"533\" \/>\n\t<meta property=\"og:image:type\" content=\"image\/jpeg\" \/>\n<meta name=\"author\" content=\"f1000024\" \/>\n<meta name=\"twitter:card\" content=\"summary_large_image\" \/>\n<meta name=\"twitter:label1\" content=\"Escrito por\" \/>\n\t<meta name=\"twitter:data1\" content=\"f1000024\" \/>\n\t<meta name=\"twitter:label2\" content=\"Tiempo de lectura\" \/>\n\t<meta name=\"twitter:data2\" content=\"2 minutos\" \/>\n<script type=\"application\/ld+json\" class=\"yoast-schema-graph\">{\"@context\":\"https:\\\/\\\/schema.org\",\"@graph\":[{\"@type\":\"Article\",\"@id\":\"https:\\\/\\\/cvinoticias.com\\\/v3\\\/pronostico-del-tiempo-en-misiones-jueves-con-calor-viento-y-nubosidad-variable\\\/#article\",\"isPartOf\":{\"@id\":\"https:\\\/\\\/cvinoticias.com\\\/v3\\\/pronostico-del-tiempo-en-misiones-jueves-con-calor-viento-y-nubosidad-variable\\\/\"},\"author\":{\"name\":\"f1000024\",\"@id\":\"https:\\\/\\\/cvinoticias.com\\\/v3\\\/#\\\/schema\\\/person\\\/2db77e3c6bc03c538495d7b2b8be9b66\"},\"headline\":\"Pron\u00f3stico del tiempo en Misiones: jueves con calor, viento y nubosidad variable\",\"datePublished\":\"2025-05-08T10:31:39+00:00\",\"dateModified\":\"2025-05-08T10:31:40+00:00\",\"mainEntityOfPage\":{\"@id\":\"https:\\\/\\\/cvinoticias.com\\\/v3\\\/pronostico-del-tiempo-en-misiones-jueves-con-calor-viento-y-nubosidad-variable\\\/\"},\"wordCount\":239,\"commentCount\":0,\"publisher\":{\"@id\":\"https:\\\/\\\/cvinoticias.com\\\/v3\\\/#organization\"},\"image\":{\"@id\":\"https:\\\/\\\/cvinoticias.com\\\/v3\\\/pronostico-del-tiempo-en-misiones-jueves-con-calor-viento-y-nubosidad-variable\\\/#primaryimage\"},\"thumbnailUrl\":\"https:\\\/\\\/cvinoticias.com\\\/wp-content\\\/uploads\\\/2025\\\/05\\\/nublado.jpeg\",\"keywords\":[\"Clima\",\"Misiones\"],\"articleSection\":[\"Tiempo\"],\"inLanguage\":\"es\",\"potentialAction\":[{\"@type\":\"CommentAction\",\"name\":\"Comment\",\"target\":[\"https:\\\/\\\/cvinoticias.com\\\/v3\\\/pronostico-del-tiempo-en-misiones-jueves-con-calor-viento-y-nubosidad-variable\\\/#respond\"]}]},{\"@type\":\"WebPage\",\"@id\":\"https:\\\/\\\/cvinoticias.com\\\/v3\\\/pronostico-del-tiempo-en-misiones-jueves-con-calor-viento-y-nubosidad-variable\\\/\",\"url\":\"https:\\\/\\\/cvinoticias.com\\\/v3\\\/pronostico-del-tiempo-en-misiones-jueves-con-calor-viento-y-nubosidad-variable\\\/\",\"name\":\"Pron\u00f3stico del tiempo en Misiones: jueves 8 de mayo | CVI NOTICIAS\",\"isPartOf\":{\"@id\":\"https:\\\/\\\/cvinoticias.com\\\/v3\\\/#website\"},\"primaryImageOfPage\":{\"@id\":\"https:\\\/\\\/cvinoticias.com\\\/v3\\\/pronostico-del-tiempo-en-misiones-jueves-con-calor-viento-y-nubosidad-variable\\\/#primaryimage\"},\"image\":{\"@id\":\"https:\\\/\\\/cvinoticias.com\\\/v3\\\/pronostico-del-tiempo-en-misiones-jueves-con-calor-viento-y-nubosidad-variable\\\/#primaryimage\"},\"thumbnailUrl\":\"https:\\\/\\\/cvinoticias.com\\\/wp-content\\\/uploads\\\/2025\\\/05\\\/nublado.jpeg\",\"datePublished\":\"2025-05-08T10:31:39+00:00\",\"dateModified\":\"2025-05-08T10:31:40+00:00\",\"description\":\"Jueves caluroso y ventoso en Misiones. Nubosidad variable e inestabilidad hacia la noche. Sin lluvias. Vientos del norte con r\u00e1fagas.\",\"breadcrumb\":{\"@id\":\"https:\\\/\\\/cvinoticias.com\\\/v3\\\/pronostico-del-tiempo-en-misiones-jueves-con-calor-viento-y-nubosidad-variable\\\/#breadcrumb\"},\"inLanguage\":\"es\",\"potentialAction\":[{\"@type\":\"ReadAction\",\"target\":[\"https:\\\/\\\/cvinoticias.com\\\/v3\\\/pronostico-del-tiempo-en-misiones-jueves-con-calor-viento-y-nubosidad-variable\\\/\"]}]},{\"@type\":\"ImageObject\",\"inLanguage\":\"es\",\"@id\":\"https:\\\/\\\/cvinoticias.com\\\/v3\\\/pronostico-del-tiempo-en-misiones-jueves-con-calor-viento-y-nubosidad-variable\\\/#primaryimage\",\"url\":\"https:\\\/\\\/cvinoticias.com\\\/wp-content\\\/uploads\\\/2025\\\/05\\\/nublado.jpeg\",\"contentUrl\":\"https:\\\/\\\/cvinoticias.com\\\/wp-content\\\/uploads\\\/2025\\\/05\\\/nublado.jpeg\",\"width\":800,\"height\":533},{\"@type\":\"BreadcrumbList\",\"@id\":\"https:\\\/\\\/cvinoticias.com\\\/v3\\\/pronostico-del-tiempo-en-misiones-jueves-con-calor-viento-y-nubosidad-variable\\\/#breadcrumb\",\"itemListElement\":[{\"@type\":\"ListItem\",\"position\":1,\"name\":\"Portada\",\"item\":\"https:\\\/\\\/cvinoticias.com\\\/v3\\\/\"},{\"@type\":\"ListItem\",\"position\":2,\"name\":\"Pron\u00f3stico del tiempo en Misiones: jueves con calor, viento y nubosidad variable\"}]},{\"@type\":\"WebSite\",\"@id\":\"https:\\\/\\\/cvinoticias.com\\\/v3\\\/#website\",\"url\":\"https:\\\/\\\/cvinoticias.com\\\/v3\\\/\",\"name\":\"CVI NOTICIAS\",\"description\":\"\",\"publisher\":{\"@id\":\"https:\\\/\\\/cvinoticias.com\\\/v3\\\/#organization\"},\"alternateName\":\"CVI\",\"potentialAction\":[{\"@type\":\"SearchAction\",\"target\":{\"@type\":\"EntryPoint\",\"urlTemplate\":\"https:\\\/\\\/cvinoticias.com\\\/v3\\\/?s={search_term_string}\"},\"query-input\":{\"@type\":\"PropertyValueSpecification\",\"valueRequired\":true,\"valueName\":\"search_term_string\"}}],\"inLanguage\":\"es\"},{\"@type\":\"Organization\",\"@id\":\"https:\\\/\\\/cvinoticias.com\\\/v3\\\/#organization\",\"name\":\"CVI NOTICIAS\",\"url\":\"https:\\\/\\\/cvinoticias.com\\\/v3\\\/\",\"logo\":{\"@type\":\"ImageObject\",\"inLanguage\":\"es\",\"@id\":\"https:\\\/\\\/cvinoticias.com\\\/v3\\\/#\\\/schema\\\/logo\\\/image\\\/\",\"url\":\"https:\\\/\\\/cvinoticias.com\\\/wp-content\\\/uploads\\\/2023\\\/04\\\/cropped-cropped-cropped-cropped-cropped-3-1.png\",\"contentUrl\":\"https:\\\/\\\/cvinoticias.com\\\/wp-content\\\/uploads\\\/2023\\\/04\\\/cropped-cropped-cropped-cropped-cropped-3-1.png\",\"width\":95,\"height\":122,\"caption\":\"CVI NOTICIAS\"},\"image\":{\"@id\":\"https:\\\/\\\/cvinoticias.com\\\/v3\\\/#\\\/schema\\\/logo\\\/image\\\/\"},\"sameAs\":[\"https:\\\/\\\/www.facebook.com\\\/cvinoticias\",\"https:\\\/\\\/www.instagram.com\\\/cvinoticias\\\/\",\"https:\\\/\\\/www.youtube.com\\\/@CVINOTICIAS\"]},{\"@type\":\"Person\",\"@id\":\"https:\\\/\\\/cvinoticias.com\\\/v3\\\/#\\\/schema\\\/person\\\/2db77e3c6bc03c538495d7b2b8be9b66\",\"name\":\"f1000024\",\"image\":{\"@type\":\"ImageObject\",\"inLanguage\":\"es\",\"@id\":\"https:\\\/\\\/secure.gravatar.com\\\/avatar\\\/d4fe7459cfc51ff5129ce1a732bbef5928568b8092d412ef95611616376bbeed?s=96&d=mm&r=g\",\"url\":\"https:\\\/\\\/secure.gravatar.com\\\/avatar\\\/d4fe7459cfc51ff5129ce1a732bbef5928568b8092d412ef95611616376bbeed?s=96&d=mm&r=g\",\"contentUrl\":\"https:\\\/\\\/secure.gravatar.com\\\/avatar\\\/d4fe7459cfc51ff5129ce1a732bbef5928568b8092d412ef95611616376bbeed?s=96&d=mm&r=g\",\"caption\":\"f1000024\"},\"url\":\"https:\\\/\\\/cvinoticias.com\\\/v3\\\/author\\\/f1000024\\\/\"}]}<\/script>\n<!-- \/ Yoast SEO plugin. -->","yoast_head_json":{"title":"Pron\u00f3stico del tiempo en Misiones: jueves 8 de mayo | CVI NOTICIAS","description":"Jueves caluroso y ventoso en Misiones. Nubosidad variable e inestabilidad hacia la noche. Sin lluvias. Vientos del norte con r\u00e1fagas.","robots":{"index":"index","follow":"follow","max-snippet":"max-snippet:-1","max-image-preview":"max-image-preview:large","max-video-preview":"max-video-preview:-1"},"canonical":"https:\/\/cvinoticias.com\/v3\/pronostico-del-tiempo-en-misiones-jueves-con-calor-viento-y-nubosidad-variable\/","og_locale":"es_ES","og_type":"article","og_title":"Pron\u00f3stico del tiempo en Misiones: jueves 8 de mayo | CVI NOTICIAS","og_description":"Jueves caluroso y ventoso en Misiones. Nubosidad variable e inestabilidad hacia la noche. Sin lluvias. Vientos del norte con r\u00e1fagas.","og_url":"https:\/\/cvinoticias.com\/v3\/pronostico-del-tiempo-en-misiones-jueves-con-calor-viento-y-nubosidad-variable\/","og_site_name":"CVI NOTICIAS","article_publisher":"https:\/\/www.facebook.com\/cvinoticias","article_published_time":"2025-05-08T10:31:39+00:00","article_modified_time":"2025-05-08T10:31:40+00:00","og_image":[{"width":800,"height":533,"url":"https:\/\/cvinoticias.com\/wp-content\/uploads\/2025\/05\/nublado.jpeg","type":"image\/jpeg"}],"author":"f1000024","twitter_card":"summary_large_image","twitter_misc":{"Escrito por":"f1000024","Tiempo de lectura":"2 minutos"},"schema":{"@context":"https:\/\/schema.org","@graph":[{"@type":"Article","@id":"https:\/\/cvinoticias.com\/v3\/pronostico-del-tiempo-en-misiones-jueves-con-calor-viento-y-nubosidad-variable\/#article","isPartOf":{"@id":"https:\/\/cvinoticias.com\/v3\/pronostico-del-tiempo-en-misiones-jueves-con-calor-viento-y-nubosidad-variable\/"},"author":{"name":"f1000024","@id":"https:\/\/cvinoticias.com\/v3\/#\/schema\/person\/2db77e3c6bc03c538495d7b2b8be9b66"},"headline":"Pron\u00f3stico del tiempo en Misiones: jueves con calor, viento y nubosidad variable","datePublished":"2025-05-08T10:31:39+00:00","dateModified":"2025-05-08T10:31:40+00:00","mainEntityOfPage":{"@id":"https:\/\/cvinoticias.com\/v3\/pronostico-del-tiempo-en-misiones-jueves-con-calor-viento-y-nubosidad-variable\/"},"wordCount":239,"commentCount":0,"publisher":{"@id":"https:\/\/cvinoticias.com\/v3\/#organization"},"image":{"@id":"https:\/\/cvinoticias.com\/v3\/pronostico-del-tiempo-en-misiones-jueves-con-calor-viento-y-nubosidad-variable\/#primaryimage"},"thumbnailUrl":"https:\/\/cvinoticias.com\/wp-content\/uploads\/2025\/05\/nublado.jpeg","keywords":["Clima","Misiones"],"articleSection":["Tiempo"],"inLanguage":"es","potentialAction":[{"@type":"CommentAction","name":"Comment","target":["https:\/\/cvinoticias.com\/v3\/pronostico-del-tiempo-en-misiones-jueves-con-calor-viento-y-nubosidad-variable\/#respond"]}]},{"@type":"WebPage","@id":"https:\/\/cvinoticias.com\/v3\/pronostico-del-tiempo-en-misiones-jueves-con-calor-viento-y-nubosidad-variable\/","url":"https:\/\/cvinoticias.com\/v3\/pronostico-del-tiempo-en-misiones-jueves-con-calor-viento-y-nubosidad-variable\/","name":"Pron\u00f3stico del tiempo en Misiones: jueves 8 de mayo | CVI NOTICIAS","isPartOf":{"@id":"https:\/\/cvinoticias.com\/v3\/#website"},"primaryImageOfPage":{"@id":"https:\/\/cvinoticias.com\/v3\/pronostico-del-tiempo-en-misiones-jueves-con-calor-viento-y-nubosidad-variable\/#primaryimage"},"image":{"@id":"https:\/\/cvinoticias.com\/v3\/pronostico-del-tiempo-en-misiones-jueves-con-calor-viento-y-nubosidad-variable\/#primaryimage"},"thumbnailUrl":"https:\/\/cvinoticias.com\/wp-content\/uploads\/2025\/05\/nublado.jpeg","datePublished":"2025-05-08T10:31:39+00:00","dateModified":"2025-05-08T10:31:40+00:00","description":"Jueves caluroso y ventoso en Misiones. Nubosidad variable e inestabilidad hacia la noche. Sin lluvias. Vientos del norte con r\u00e1fagas.","breadcrumb":{"@id":"https:\/\/cvinoticias.com\/v3\/pronostico-del-tiempo-en-misiones-jueves-con-calor-viento-y-nubosidad-variable\/#breadcrumb"},"inLanguage":"es","potentialAction":[{"@type":"ReadAction","target":["https:\/\/cvinoticias.com\/v3\/pronostico-del-tiempo-en-misiones-jueves-con-calor-viento-y-nubosidad-variable\/"]}]},{"@type":"ImageObject","inLanguage":"es","@id":"https:\/\/cvinoticias.com\/v3\/pronostico-del-tiempo-en-misiones-jueves-con-calor-viento-y-nubosidad-variable\/#primaryimage","url":"https:\/\/cvinoticias.com\/wp-content\/uploads\/2025\/05\/nublado.jpeg","contentUrl":"https:\/\/cvinoticias.com\/wp-content\/uploads\/2025\/05\/nublado.jpeg","width":800,"height":533},{"@type":"BreadcrumbList","@id":"https:\/\/cvinoticias.com\/v3\/pronostico-del-tiempo-en-misiones-jueves-con-calor-viento-y-nubosidad-variable\/#breadcrumb","itemListElement":[{"@type":"ListItem","position":1,"name":"Portada","item":"https:\/\/cvinoticias.com\/v3\/"},{"@type":"ListItem","position":2,"name":"Pron\u00f3stico del tiempo en Misiones: jueves con calor, viento y nubosidad variable"}]},{"@type":"WebSite","@id":"https:\/\/cvinoticias.com\/v3\/#website","url":"https:\/\/cvinoticias.com\/v3\/","name":"CVI NOTICIAS","description":"","publisher":{"@id":"https:\/\/cvinoticias.com\/v3\/#organization"},"alternateName":"CVI","potentialAction":[{"@type":"SearchAction","target":{"@type":"EntryPoint","urlTemplate":"https:\/\/cvinoticias.com\/v3\/?s={search_term_string}"},"query-input":{"@type":"PropertyValueSpecification","valueRequired":true,"valueName":"search_term_string"}}],"inLanguage":"es"},{"@type":"Organization","@id":"https:\/\/cvinoticias.com\/v3\/#organization","name":"CVI NOTICIAS","url":"https:\/\/cvinoticias.com\/v3\/","logo":{"@type":"ImageObject","inLanguage":"es","@id":"https:\/\/cvinoticias.com\/v3\/#\/schema\/logo\/image\/","url":"https:\/\/cvinoticias.com\/wp-content\/uploads\/2023\/04\/cropped-cropped-cropped-cropped-cropped-3-1.png","contentUrl":"https:\/\/cvinoticias.com\/wp-content\/uploads\/2023\/04\/cropped-cropped-cropped-cropped-cropped-3-1.png","width":95,"height":122,"caption":"CVI NOTICIAS"},"image":{"@id":"https:\/\/cvinoticias.com\/v3\/#\/schema\/logo\/image\/"},"sameAs":["https:\/\/www.facebook.com\/cvinoticias","https:\/\/www.instagram.com\/cvinoticias\/","https:\/\/www.youtube.com\/@CVINOTICIAS"]},{"@type":"Person","@id":"https:\/\/cvinoticias.com\/v3\/#\/schema\/person\/2db77e3c6bc03c538495d7b2b8be9b66","name":"f1000024","image":{"@type":"ImageObject","inLanguage":"es","@id":"https:\/\/secure.gravatar.com\/avatar\/d4fe7459cfc51ff5129ce1a732bbef5928568b8092d412ef95611616376bbeed?s=96&d=mm&r=g","url":"https:\/\/secure.gravatar.com\/avatar\/d4fe7459cfc51ff5129ce1a732bbef5928568b8092d412ef95611616376bbeed?s=96&d=mm&r=g","contentUrl":"https:\/\/secure.gravatar.com\/avatar\/d4fe7459cfc51ff5129ce1a732bbef5928568b8092d412ef95611616376bbeed?s=96&d=mm&r=g","caption":"f1000024"},"url":"https:\/\/cvinoticias.com\/v3\/author\/f1000024\/"}]}},"_links":{"self":[{"href":"https:\/\/cvinoticias.com\/v3\/wp-json\/wp\/v2\/posts\/43005","targetHints":{"allow":["GET"]}}],"collection":[{"href":"https:\/\/cvinoticias.com\/v3\/wp-json\/wp\/v2\/posts"}],"about":[{"href":"https:\/\/cvinoticias.com\/v3\/wp-json\/wp\/v2\/types\/post"}],"author":[{"embeddable":true,"href":"https:\/\/cvinoticias.com\/v3\/wp-json\/wp\/v2\/users\/2"}],"replies":[{"embeddable":true,"href":"https:\/\/cvinoticias.com\/v3\/wp-json\/wp\/v2\/comments?post=43005"}],"version-history":[{"count":1,"href":"https:\/\/cvinoticias.com\/v3\/wp-json\/wp\/v2\/posts\/43005\/revisions"}],"predecessor-version":[{"id":43007,"href":"https:\/\/cvinoticias.com\/v3\/wp-json\/wp\/v2\/posts\/43005\/revisions\/43007"}],"wp:featuredmedia":[{"embeddable":true,"href":"https:\/\/cvinoticias.com\/v3\/wp-json\/wp\/v2\/media\/43006"}],"wp:attachment":[{"href":"https:\/\/cvinoticias.com\/v3\/wp-json\/wp\/v2\/media?parent=43005"}],"wp:term":[{"taxonomy":"category","embeddable":true,"href":"https:\/\/cvinoticias.com\/v3\/wp-json\/wp\/v2\/categories?post=43005"},{"taxonomy":"post_tag","embeddable":true,"href":"https:\/\/cvinoticias.com\/v3\/wp-json\/wp\/v2\/tags?post=43005"}],"curies":[{"name":"wp","href":"https:\/\/api.w.org\/{rel}","templated":true}]}}