{"id":42873,"date":"2025-05-06T10:05:20","date_gmt":"2025-05-06T13:05:20","guid":{"rendered":"https:\/\/cvinoticias.com\/v3\/?p=42873"},"modified":"2025-05-06T10:05:21","modified_gmt":"2025-05-06T13:05:21","slug":"el-tribunal-oral-penal-dara-a-conocer-los-fundamentos-de-la-sentencia-a-los-kiczka","status":"publish","type":"post","link":"https:\/\/cvinoticias.com\/v3\/el-tribunal-oral-penal-dara-a-conocer-los-fundamentos-de-la-sentencia-a-los-kiczka\/","title":{"rendered":"El Tribunal Oral Penal dar\u00e1 a conocer los fundamentos de la sentencia a los Kiczka"},"content":{"rendered":"\n<p>Este 6 de mayo se conocer\u00e1n los fundamentos de la condena contra los hermanos Kiczka por MASI. El tribunal impuso 14 a\u00f1os de prisi\u00f3n a Germ\u00e1n y 12 a Sebasti\u00e1n. La sentencia marca un precedente y abre el plazo para posibles apelaciones.<\/p>\n\n\n\n<p>A 10 d\u00edas de la sentencia, este martes\u00a0<strong>se conocer\u00e1n los fundamentos de la sentencia contra los hermanos Kiczka, condenados por tenencia y distribuci\u00f3n de material de abuso sexual infantil (MASI)<\/strong>. El\u00a0Tribunal Penal N.\u00b0 1\u00a0de Posadas impuso 14 a\u00f1os de prisi\u00f3n a Germ\u00e1n (exdiputado provincial) y 12 a Sebasti\u00e1n. Al respecto, el fiscal Vladimir Glinka coment\u00f3 que \u201cen la \u00faltima jornada de juicio, se ley\u00f3 la parte resolutiva o el veredicto y los jueces ten\u00edan 10 d\u00edas h\u00e1biles para poder escribir los fundamentos. Entonces, ma\u00f1ana es el d\u00eda justamente que\u00a0<strong>se va a proceder a la lectura de todos esos argumentos que van a dar los jueces para justificar la decisi\u00f3n a la que arribaron<\/strong>\u201d.<\/p>\n\n\n\n<p>Este veredicto, emitido por mayor\u00eda, marca un precedente en la jurisprudencia provincial y nacional.<strong>&nbsp;Los tres magistrados coincidieron en la culpabilidad por los delitos digitales, aunque divergieron en la calificaci\u00f3n de algunos agravantes<\/strong>. La lectura de los 100 a 200 p\u00e1ginas de fundamentos revelar\u00e1 los criterios aplicados, en un expediente que incluye pruebas t\u00e9cnicas internacionales y testimonios clave.<\/p>\n\n\n\n<h3 class=\"wp-block-heading\"><strong>Recursos y causas paralelas<\/strong><\/h3>\n\n\n\n<p>Adem\u00e1s,&nbsp;<strong>a partir de este martes se inicia el plazo para que las defensas presenten recursos de casaci\u00f3n ante el Superior Tribunal de Justicia, primera instancia de apelaci\u00f3n<\/strong>. Paralelamente, avanzan causas derivadas por falso testimonio, incluida una contra Leonardo Kiczka (padre de los condenados).<\/p>\n\n\n\n<p>No obstante, de acuerdo al fiscal Glinka asegur\u00f3 que desde la fiscal\u00eda \u201c<strong>no vamos a casar la sentencia porque estamos de acuerdo con ella, pese a la incidencia, estamos de acuerdo con el resultado por mayor\u00eda\u201d<\/strong>. Puntualmente,\u00a0<strong>si el Superior Tribunal de Justicia ratifica la sentencia, la defensa a\u00fan podr\u00eda presentar un recurso extraordinario federal ante la Corte Suprema<\/strong>. Seg\u00fan Glinka, \u201ceso ya excede a los poderes de esta provincia\u201d, ya que pasada la doble instancia \u201ca nivel local o en lo que se dice la justicia ordinaria, est\u00e1 terminada la causa\u201d.<\/p>\n\n\n\n<p>Fuente: Canal 12 Misiones<\/p>\n","protected":false},"excerpt":{"rendered":"<p>Este 6 de mayo se conocer\u00e1n los fundamentos de la condena contra los hermanos Kiczka por MASI. El tribunal impuso 14 a\u00f1os de prisi\u00f3n a Germ\u00e1n y 12 a Sebasti\u00e1n. La sentencia marca un precedente y abre el plazo para posibles apelaciones. A 10 d\u00edas de la sentencia, este martes\u00a0se conocer\u00e1n los fundamentos de la [&hellip;]<\/p>\n","protected":false},"author":2,"featured_media":42874,"comment_status":"open","ping_status":"open","sticky":false,"template":"","format":"standard","meta":{"footnotes":""},"categories":[37],"tags":[1958,2205,2219],"class_list":["post-42873","post","type-post","status-publish","format-standard","has-post-thumbnail","hentry","category-justicia","tag-caso-kiczka","tag-sentencia","tag-tribunal-oral-penal"],"yoast_head":"<!-- This site is optimized with the Yoast SEO plugin v27.5 - https:\/\/yoast.com\/product\/yoast-seo-wordpress\/ -->\n<title>Fundamentos de la sentencia contra los hermanos Kiczka | CVI NOTICIAS<\/title>\n<meta name=\"description\" content=\"El 6 de mayo se conocer\u00e1n los fundamentos del fallo contra Germ\u00e1n y Sebasti\u00e1n Kiczka, condenados por delitos vinculados a MASI.\" \/>\n<meta name=\"robots\" content=\"index, follow, max-snippet:-1, max-image-preview:large, max-video-preview:-1\" \/>\n<link rel=\"canonical\" href=\"https:\/\/cvinoticias.com\/v3\/el-tribunal-oral-penal-dara-a-conocer-los-fundamentos-de-la-sentencia-a-los-kiczka\/\" \/>\n<meta property=\"og:locale\" content=\"es_ES\" \/>\n<meta property=\"og:type\" content=\"article\" \/>\n<meta property=\"og:title\" content=\"Fundamentos de la sentencia contra los hermanos Kiczka | CVI NOTICIAS\" \/>\n<meta property=\"og:description\" content=\"El 6 de mayo se conocer\u00e1n los fundamentos del fallo contra Germ\u00e1n y Sebasti\u00e1n Kiczka, condenados por delitos vinculados a MASI.\" \/>\n<meta property=\"og:url\" content=\"https:\/\/cvinoticias.com\/v3\/el-tribunal-oral-penal-dara-a-conocer-los-fundamentos-de-la-sentencia-a-los-kiczka\/\" \/>\n<meta property=\"og:site_name\" content=\"CVI NOTICIAS\" \/>\n<meta property=\"article:publisher\" content=\"https:\/\/www.facebook.com\/cvinoticias\" \/>\n<meta property=\"article:published_time\" content=\"2025-05-06T13:05:20+00:00\" \/>\n<meta property=\"article:modified_time\" content=\"2025-05-06T13:05:21+00:00\" \/>\n<meta property=\"og:image\" content=\"https:\/\/cvinoticias.com\/wp-content\/uploads\/2025\/05\/juicio-a-kiczka-1.webp\" \/>\n\t<meta property=\"og:image:width\" content=\"1089\" \/>\n\t<meta property=\"og:image:height\" content=\"730\" \/>\n\t<meta property=\"og:image:type\" content=\"image\/webp\" \/>\n<meta name=\"author\" content=\"f1000024\" \/>\n<meta name=\"twitter:card\" content=\"summary_large_image\" \/>\n<meta name=\"twitter:label1\" content=\"Escrito por\" \/>\n\t<meta name=\"twitter:data1\" content=\"f1000024\" \/>\n\t<meta name=\"twitter:label2\" content=\"Tiempo de lectura\" \/>\n\t<meta name=\"twitter:data2\" content=\"2 minutos\" \/>\n<script type=\"application\/ld+json\" class=\"yoast-schema-graph\">{\"@context\":\"https:\\\/\\\/schema.org\",\"@graph\":[{\"@type\":\"Article\",\"@id\":\"https:\\\/\\\/cvinoticias.com\\\/v3\\\/el-tribunal-oral-penal-dara-a-conocer-los-fundamentos-de-la-sentencia-a-los-kiczka\\\/#article\",\"isPartOf\":{\"@id\":\"https:\\\/\\\/cvinoticias.com\\\/v3\\\/el-tribunal-oral-penal-dara-a-conocer-los-fundamentos-de-la-sentencia-a-los-kiczka\\\/\"},\"author\":{\"name\":\"f1000024\",\"@id\":\"https:\\\/\\\/cvinoticias.com\\\/v3\\\/#\\\/schema\\\/person\\\/2db77e3c6bc03c538495d7b2b8be9b66\"},\"headline\":\"El Tribunal Oral Penal dar\u00e1 a conocer los fundamentos de la sentencia a los Kiczka\",\"datePublished\":\"2025-05-06T13:05:20+00:00\",\"dateModified\":\"2025-05-06T13:05:21+00:00\",\"mainEntityOfPage\":{\"@id\":\"https:\\\/\\\/cvinoticias.com\\\/v3\\\/el-tribunal-oral-penal-dara-a-conocer-los-fundamentos-de-la-sentencia-a-los-kiczka\\\/\"},\"wordCount\":397,\"commentCount\":0,\"publisher\":{\"@id\":\"https:\\\/\\\/cvinoticias.com\\\/v3\\\/#organization\"},\"image\":{\"@id\":\"https:\\\/\\\/cvinoticias.com\\\/v3\\\/el-tribunal-oral-penal-dara-a-conocer-los-fundamentos-de-la-sentencia-a-los-kiczka\\\/#primaryimage\"},\"thumbnailUrl\":\"https:\\\/\\\/cvinoticias.com\\\/wp-content\\\/uploads\\\/2025\\\/05\\\/juicio-a-kiczka-1.webp\",\"keywords\":[\"Caso Kiczka\",\"sentencia\",\"Tribunal Oral Penal\"],\"articleSection\":[\"Justicia\"],\"inLanguage\":\"es\",\"potentialAction\":[{\"@type\":\"CommentAction\",\"name\":\"Comment\",\"target\":[\"https:\\\/\\\/cvinoticias.com\\\/v3\\\/el-tribunal-oral-penal-dara-a-conocer-los-fundamentos-de-la-sentencia-a-los-kiczka\\\/#respond\"]}]},{\"@type\":\"WebPage\",\"@id\":\"https:\\\/\\\/cvinoticias.com\\\/v3\\\/el-tribunal-oral-penal-dara-a-conocer-los-fundamentos-de-la-sentencia-a-los-kiczka\\\/\",\"url\":\"https:\\\/\\\/cvinoticias.com\\\/v3\\\/el-tribunal-oral-penal-dara-a-conocer-los-fundamentos-de-la-sentencia-a-los-kiczka\\\/\",\"name\":\"Fundamentos de la sentencia contra los hermanos Kiczka | CVI NOTICIAS\",\"isPartOf\":{\"@id\":\"https:\\\/\\\/cvinoticias.com\\\/v3\\\/#website\"},\"primaryImageOfPage\":{\"@id\":\"https:\\\/\\\/cvinoticias.com\\\/v3\\\/el-tribunal-oral-penal-dara-a-conocer-los-fundamentos-de-la-sentencia-a-los-kiczka\\\/#primaryimage\"},\"image\":{\"@id\":\"https:\\\/\\\/cvinoticias.com\\\/v3\\\/el-tribunal-oral-penal-dara-a-conocer-los-fundamentos-de-la-sentencia-a-los-kiczka\\\/#primaryimage\"},\"thumbnailUrl\":\"https:\\\/\\\/cvinoticias.com\\\/wp-content\\\/uploads\\\/2025\\\/05\\\/juicio-a-kiczka-1.webp\",\"datePublished\":\"2025-05-06T13:05:20+00:00\",\"dateModified\":\"2025-05-06T13:05:21+00:00\",\"description\":\"El 6 de mayo se conocer\u00e1n los fundamentos del fallo contra Germ\u00e1n y Sebasti\u00e1n Kiczka, condenados por delitos vinculados a MASI.\",\"breadcrumb\":{\"@id\":\"https:\\\/\\\/cvinoticias.com\\\/v3\\\/el-tribunal-oral-penal-dara-a-conocer-los-fundamentos-de-la-sentencia-a-los-kiczka\\\/#breadcrumb\"},\"inLanguage\":\"es\",\"potentialAction\":[{\"@type\":\"ReadAction\",\"target\":[\"https:\\\/\\\/cvinoticias.com\\\/v3\\\/el-tribunal-oral-penal-dara-a-conocer-los-fundamentos-de-la-sentencia-a-los-kiczka\\\/\"]}]},{\"@type\":\"ImageObject\",\"inLanguage\":\"es\",\"@id\":\"https:\\\/\\\/cvinoticias.com\\\/v3\\\/el-tribunal-oral-penal-dara-a-conocer-los-fundamentos-de-la-sentencia-a-los-kiczka\\\/#primaryimage\",\"url\":\"https:\\\/\\\/cvinoticias.com\\\/wp-content\\\/uploads\\\/2025\\\/05\\\/juicio-a-kiczka-1.webp\",\"contentUrl\":\"https:\\\/\\\/cvinoticias.com\\\/wp-content\\\/uploads\\\/2025\\\/05\\\/juicio-a-kiczka-1.webp\",\"width\":1089,\"height\":730},{\"@type\":\"BreadcrumbList\",\"@id\":\"https:\\\/\\\/cvinoticias.com\\\/v3\\\/el-tribunal-oral-penal-dara-a-conocer-los-fundamentos-de-la-sentencia-a-los-kiczka\\\/#breadcrumb\",\"itemListElement\":[{\"@type\":\"ListItem\",\"position\":1,\"name\":\"Portada\",\"item\":\"https:\\\/\\\/cvinoticias.com\\\/v3\\\/\"},{\"@type\":\"ListItem\",\"position\":2,\"name\":\"El Tribunal Oral Penal dar\u00e1 a conocer los fundamentos de la sentencia a los Kiczka\"}]},{\"@type\":\"WebSite\",\"@id\":\"https:\\\/\\\/cvinoticias.com\\\/v3\\\/#website\",\"url\":\"https:\\\/\\\/cvinoticias.com\\\/v3\\\/\",\"name\":\"CVI NOTICIAS\",\"description\":\"\",\"publisher\":{\"@id\":\"https:\\\/\\\/cvinoticias.com\\\/v3\\\/#organization\"},\"alternateName\":\"CVI\",\"potentialAction\":[{\"@type\":\"SearchAction\",\"target\":{\"@type\":\"EntryPoint\",\"urlTemplate\":\"https:\\\/\\\/cvinoticias.com\\\/v3\\\/?s={search_term_string}\"},\"query-input\":{\"@type\":\"PropertyValueSpecification\",\"valueRequired\":true,\"valueName\":\"search_term_string\"}}],\"inLanguage\":\"es\"},{\"@type\":\"Organization\",\"@id\":\"https:\\\/\\\/cvinoticias.com\\\/v3\\\/#organization\",\"name\":\"CVI NOTICIAS\",\"url\":\"https:\\\/\\\/cvinoticias.com\\\/v3\\\/\",\"logo\":{\"@type\":\"ImageObject\",\"inLanguage\":\"es\",\"@id\":\"https:\\\/\\\/cvinoticias.com\\\/v3\\\/#\\\/schema\\\/logo\\\/image\\\/\",\"url\":\"https:\\\/\\\/cvinoticias.com\\\/wp-content\\\/uploads\\\/2023\\\/04\\\/cropped-cropped-cropped-cropped-cropped-3-1.png\",\"contentUrl\":\"https:\\\/\\\/cvinoticias.com\\\/wp-content\\\/uploads\\\/2023\\\/04\\\/cropped-cropped-cropped-cropped-cropped-3-1.png\",\"width\":95,\"height\":122,\"caption\":\"CVI NOTICIAS\"},\"image\":{\"@id\":\"https:\\\/\\\/cvinoticias.com\\\/v3\\\/#\\\/schema\\\/logo\\\/image\\\/\"},\"sameAs\":[\"https:\\\/\\\/www.facebook.com\\\/cvinoticias\",\"https:\\\/\\\/www.instagram.com\\\/cvinoticias\\\/\",\"https:\\\/\\\/www.youtube.com\\\/@CVINOTICIAS\"]},{\"@type\":\"Person\",\"@id\":\"https:\\\/\\\/cvinoticias.com\\\/v3\\\/#\\\/schema\\\/person\\\/2db77e3c6bc03c538495d7b2b8be9b66\",\"name\":\"f1000024\",\"image\":{\"@type\":\"ImageObject\",\"inLanguage\":\"es\",\"@id\":\"https:\\\/\\\/secure.gravatar.com\\\/avatar\\\/d4fe7459cfc51ff5129ce1a732bbef5928568b8092d412ef95611616376bbeed?s=96&d=mm&r=g\",\"url\":\"https:\\\/\\\/secure.gravatar.com\\\/avatar\\\/d4fe7459cfc51ff5129ce1a732bbef5928568b8092d412ef95611616376bbeed?s=96&d=mm&r=g\",\"contentUrl\":\"https:\\\/\\\/secure.gravatar.com\\\/avatar\\\/d4fe7459cfc51ff5129ce1a732bbef5928568b8092d412ef95611616376bbeed?s=96&d=mm&r=g\",\"caption\":\"f1000024\"},\"url\":\"https:\\\/\\\/cvinoticias.com\\\/v3\\\/author\\\/f1000024\\\/\"}]}<\/script>\n<!-- \/ Yoast SEO plugin. -->","yoast_head_json":{"title":"Fundamentos de la sentencia contra los hermanos Kiczka | CVI NOTICIAS","description":"El 6 de mayo se conocer\u00e1n los fundamentos del fallo contra Germ\u00e1n y Sebasti\u00e1n Kiczka, condenados por delitos vinculados a MASI.","robots":{"index":"index","follow":"follow","max-snippet":"max-snippet:-1","max-image-preview":"max-image-preview:large","max-video-preview":"max-video-preview:-1"},"canonical":"https:\/\/cvinoticias.com\/v3\/el-tribunal-oral-penal-dara-a-conocer-los-fundamentos-de-la-sentencia-a-los-kiczka\/","og_locale":"es_ES","og_type":"article","og_title":"Fundamentos de la sentencia contra los hermanos Kiczka | CVI NOTICIAS","og_description":"El 6 de mayo se conocer\u00e1n los fundamentos del fallo contra Germ\u00e1n y Sebasti\u00e1n Kiczka, condenados por delitos vinculados a MASI.","og_url":"https:\/\/cvinoticias.com\/v3\/el-tribunal-oral-penal-dara-a-conocer-los-fundamentos-de-la-sentencia-a-los-kiczka\/","og_site_name":"CVI NOTICIAS","article_publisher":"https:\/\/www.facebook.com\/cvinoticias","article_published_time":"2025-05-06T13:05:20+00:00","article_modified_time":"2025-05-06T13:05:21+00:00","og_image":[{"width":1089,"height":730,"url":"https:\/\/cvinoticias.com\/wp-content\/uploads\/2025\/05\/juicio-a-kiczka-1.webp","type":"image\/webp"}],"author":"f1000024","twitter_card":"summary_large_image","twitter_misc":{"Escrito por":"f1000024","Tiempo de lectura":"2 minutos"},"schema":{"@context":"https:\/\/schema.org","@graph":[{"@type":"Article","@id":"https:\/\/cvinoticias.com\/v3\/el-tribunal-oral-penal-dara-a-conocer-los-fundamentos-de-la-sentencia-a-los-kiczka\/#article","isPartOf":{"@id":"https:\/\/cvinoticias.com\/v3\/el-tribunal-oral-penal-dara-a-conocer-los-fundamentos-de-la-sentencia-a-los-kiczka\/"},"author":{"name":"f1000024","@id":"https:\/\/cvinoticias.com\/v3\/#\/schema\/person\/2db77e3c6bc03c538495d7b2b8be9b66"},"headline":"El Tribunal Oral Penal dar\u00e1 a conocer los fundamentos de la sentencia a los Kiczka","datePublished":"2025-05-06T13:05:20+00:00","dateModified":"2025-05-06T13:05:21+00:00","mainEntityOfPage":{"@id":"https:\/\/cvinoticias.com\/v3\/el-tribunal-oral-penal-dara-a-conocer-los-fundamentos-de-la-sentencia-a-los-kiczka\/"},"wordCount":397,"commentCount":0,"publisher":{"@id":"https:\/\/cvinoticias.com\/v3\/#organization"},"image":{"@id":"https:\/\/cvinoticias.com\/v3\/el-tribunal-oral-penal-dara-a-conocer-los-fundamentos-de-la-sentencia-a-los-kiczka\/#primaryimage"},"thumbnailUrl":"https:\/\/cvinoticias.com\/wp-content\/uploads\/2025\/05\/juicio-a-kiczka-1.webp","keywords":["Caso Kiczka","sentencia","Tribunal Oral Penal"],"articleSection":["Justicia"],"inLanguage":"es","potentialAction":[{"@type":"CommentAction","name":"Comment","target":["https:\/\/cvinoticias.com\/v3\/el-tribunal-oral-penal-dara-a-conocer-los-fundamentos-de-la-sentencia-a-los-kiczka\/#respond"]}]},{"@type":"WebPage","@id":"https:\/\/cvinoticias.com\/v3\/el-tribunal-oral-penal-dara-a-conocer-los-fundamentos-de-la-sentencia-a-los-kiczka\/","url":"https:\/\/cvinoticias.com\/v3\/el-tribunal-oral-penal-dara-a-conocer-los-fundamentos-de-la-sentencia-a-los-kiczka\/","name":"Fundamentos de la sentencia contra los hermanos Kiczka | CVI NOTICIAS","isPartOf":{"@id":"https:\/\/cvinoticias.com\/v3\/#website"},"primaryImageOfPage":{"@id":"https:\/\/cvinoticias.com\/v3\/el-tribunal-oral-penal-dara-a-conocer-los-fundamentos-de-la-sentencia-a-los-kiczka\/#primaryimage"},"image":{"@id":"https:\/\/cvinoticias.com\/v3\/el-tribunal-oral-penal-dara-a-conocer-los-fundamentos-de-la-sentencia-a-los-kiczka\/#primaryimage"},"thumbnailUrl":"https:\/\/cvinoticias.com\/wp-content\/uploads\/2025\/05\/juicio-a-kiczka-1.webp","datePublished":"2025-05-06T13:05:20+00:00","dateModified":"2025-05-06T13:05:21+00:00","description":"El 6 de mayo se conocer\u00e1n los fundamentos del fallo contra Germ\u00e1n y Sebasti\u00e1n Kiczka, condenados por delitos vinculados a MASI.","breadcrumb":{"@id":"https:\/\/cvinoticias.com\/v3\/el-tribunal-oral-penal-dara-a-conocer-los-fundamentos-de-la-sentencia-a-los-kiczka\/#breadcrumb"},"inLanguage":"es","potentialAction":[{"@type":"ReadAction","target":["https:\/\/cvinoticias.com\/v3\/el-tribunal-oral-penal-dara-a-conocer-los-fundamentos-de-la-sentencia-a-los-kiczka\/"]}]},{"@type":"ImageObject","inLanguage":"es","@id":"https:\/\/cvinoticias.com\/v3\/el-tribunal-oral-penal-dara-a-conocer-los-fundamentos-de-la-sentencia-a-los-kiczka\/#primaryimage","url":"https:\/\/cvinoticias.com\/wp-content\/uploads\/2025\/05\/juicio-a-kiczka-1.webp","contentUrl":"https:\/\/cvinoticias.com\/wp-content\/uploads\/2025\/05\/juicio-a-kiczka-1.webp","width":1089,"height":730},{"@type":"BreadcrumbList","@id":"https:\/\/cvinoticias.com\/v3\/el-tribunal-oral-penal-dara-a-conocer-los-fundamentos-de-la-sentencia-a-los-kiczka\/#breadcrumb","itemListElement":[{"@type":"ListItem","position":1,"name":"Portada","item":"https:\/\/cvinoticias.com\/v3\/"},{"@type":"ListItem","position":2,"name":"El Tribunal Oral Penal dar\u00e1 a conocer los fundamentos de la sentencia a los Kiczka"}]},{"@type":"WebSite","@id":"https:\/\/cvinoticias.com\/v3\/#website","url":"https:\/\/cvinoticias.com\/v3\/","name":"CVI NOTICIAS","description":"","publisher":{"@id":"https:\/\/cvinoticias.com\/v3\/#organization"},"alternateName":"CVI","potentialAction":[{"@type":"SearchAction","target":{"@type":"EntryPoint","urlTemplate":"https:\/\/cvinoticias.com\/v3\/?s={search_term_string}"},"query-input":{"@type":"PropertyValueSpecification","valueRequired":true,"valueName":"search_term_string"}}],"inLanguage":"es"},{"@type":"Organization","@id":"https:\/\/cvinoticias.com\/v3\/#organization","name":"CVI NOTICIAS","url":"https:\/\/cvinoticias.com\/v3\/","logo":{"@type":"ImageObject","inLanguage":"es","@id":"https:\/\/cvinoticias.com\/v3\/#\/schema\/logo\/image\/","url":"https:\/\/cvinoticias.com\/wp-content\/uploads\/2023\/04\/cropped-cropped-cropped-cropped-cropped-3-1.png","contentUrl":"https:\/\/cvinoticias.com\/wp-content\/uploads\/2023\/04\/cropped-cropped-cropped-cropped-cropped-3-1.png","width":95,"height":122,"caption":"CVI NOTICIAS"},"image":{"@id":"https:\/\/cvinoticias.com\/v3\/#\/schema\/logo\/image\/"},"sameAs":["https:\/\/www.facebook.com\/cvinoticias","https:\/\/www.instagram.com\/cvinoticias\/","https:\/\/www.youtube.com\/@CVINOTICIAS"]},{"@type":"Person","@id":"https:\/\/cvinoticias.com\/v3\/#\/schema\/person\/2db77e3c6bc03c538495d7b2b8be9b66","name":"f1000024","image":{"@type":"ImageObject","inLanguage":"es","@id":"https:\/\/secure.gravatar.com\/avatar\/d4fe7459cfc51ff5129ce1a732bbef5928568b8092d412ef95611616376bbeed?s=96&d=mm&r=g","url":"https:\/\/secure.gravatar.com\/avatar\/d4fe7459cfc51ff5129ce1a732bbef5928568b8092d412ef95611616376bbeed?s=96&d=mm&r=g","contentUrl":"https:\/\/secure.gravatar.com\/avatar\/d4fe7459cfc51ff5129ce1a732bbef5928568b8092d412ef95611616376bbeed?s=96&d=mm&r=g","caption":"f1000024"},"url":"https:\/\/cvinoticias.com\/v3\/author\/f1000024\/"}]}},"_links":{"self":[{"href":"https:\/\/cvinoticias.com\/v3\/wp-json\/wp\/v2\/posts\/42873","targetHints":{"allow":["GET"]}}],"collection":[{"href":"https:\/\/cvinoticias.com\/v3\/wp-json\/wp\/v2\/posts"}],"about":[{"href":"https:\/\/cvinoticias.com\/v3\/wp-json\/wp\/v2\/types\/post"}],"author":[{"embeddable":true,"href":"https:\/\/cvinoticias.com\/v3\/wp-json\/wp\/v2\/users\/2"}],"replies":[{"embeddable":true,"href":"https:\/\/cvinoticias.com\/v3\/wp-json\/wp\/v2\/comments?post=42873"}],"version-history":[{"count":1,"href":"https:\/\/cvinoticias.com\/v3\/wp-json\/wp\/v2\/posts\/42873\/revisions"}],"predecessor-version":[{"id":42875,"href":"https:\/\/cvinoticias.com\/v3\/wp-json\/wp\/v2\/posts\/42873\/revisions\/42875"}],"wp:featuredmedia":[{"embeddable":true,"href":"https:\/\/cvinoticias.com\/v3\/wp-json\/wp\/v2\/media\/42874"}],"wp:attachment":[{"href":"https:\/\/cvinoticias.com\/v3\/wp-json\/wp\/v2\/media?parent=42873"}],"wp:term":[{"taxonomy":"category","embeddable":true,"href":"https:\/\/cvinoticias.com\/v3\/wp-json\/wp\/v2\/categories?post=42873"},{"taxonomy":"post_tag","embeddable":true,"href":"https:\/\/cvinoticias.com\/v3\/wp-json\/wp\/v2\/tags?post=42873"}],"curies":[{"name":"wp","href":"https:\/\/api.w.org\/{rel}","templated":true}]}}