{"id":42788,"date":"2025-05-05T07:27:23","date_gmt":"2025-05-05T10:27:23","guid":{"rendered":"https:\/\/cvinoticias.com\/v3\/?p=42788"},"modified":"2025-05-05T07:27:24","modified_gmt":"2025-05-05T10:27:24","slug":"entregaron-a-un-menor-a-su-familia-y-secuestraron-una-moto-en-un-control-vehicular","status":"publish","type":"post","link":"https:\/\/cvinoticias.com\/v3\/entregaron-a-un-menor-a-su-familia-y-secuestraron-una-moto-en-un-control-vehicular\/","title":{"rendered":"Entregaron a un menor a su familia y secuestraron una moto en un control vehicular"},"content":{"rendered":"\n<p>Un joven de 17 a\u00f1os fue entregado a su padre luego de que una motocicleta en la que se conduc\u00eda fuera colisionada por otra moto que intentaba evadir un control policial en la Avenida N\u00e9stor Kirchner de Puerto Iguaz\u00fa.<\/p>\n\n\n\n<p>El conductor de la motocicleta Honda 150 sin dominio intent\u00f3 huir a pie despu\u00e9s del incidente, abandonando su veh\u00edculo.<\/p>\n\n\n\n<p>La Polic\u00eda secuestr\u00f3 la moto y labr\u00f3 un acta de infracci\u00f3n. El menor, E.(P), fue entregado a su padre despu\u00e9s de un examen m\u00e9dico y se le devolvi\u00f3 su motocicleta Gilera Smash, ya que contaba con la documentaci\u00f3n en regla.<\/p>\n","protected":false},"excerpt":{"rendered":"<p>Un joven de 17 a\u00f1os fue entregado a su padre luego de que una motocicleta en la que se conduc\u00eda fuera colisionada por otra moto que intentaba evadir un control policial en la Avenida N\u00e9stor Kirchner de Puerto Iguaz\u00fa. El conductor de la motocicleta Honda 150 sin dominio intent\u00f3 huir a pie despu\u00e9s del incidente, [&hellip;]<\/p>\n","protected":false},"author":2,"featured_media":42789,"comment_status":"open","ping_status":"open","sticky":false,"template":"","format":"standard","meta":{"footnotes":""},"categories":[41],"tags":[1255,633,677],"class_list":["post-42788","post","type-post","status-publish","format-standard","has-post-thumbnail","hentry","category-policiales","tag-menor","tag-moto","tag-policia"],"yoast_head":"<!-- This site is optimized with the Yoast SEO plugin v27.4 - https:\/\/yoast.com\/product\/yoast-seo-wordpress\/ -->\n<title>Secuestran una moto y entregan a un menor tras un control policial | CVI NOTICIAS<\/title>\n<meta name=\"description\" content=\"Un menor fue entregado a su familia y una moto secuestrada tras un intento de fuga en un control policial en Puerto Iguaz\u00fa\" \/>\n<meta name=\"robots\" content=\"index, follow, max-snippet:-1, max-image-preview:large, max-video-preview:-1\" \/>\n<link rel=\"canonical\" href=\"https:\/\/cvinoticias.com\/v3\/entregaron-a-un-menor-a-su-familia-y-secuestraron-una-moto-en-un-control-vehicular\/\" \/>\n<meta property=\"og:locale\" content=\"es_ES\" \/>\n<meta property=\"og:type\" content=\"article\" \/>\n<meta property=\"og:title\" content=\"Secuestran una moto y entregan a un menor tras un control policial | CVI NOTICIAS\" \/>\n<meta property=\"og:description\" content=\"Un menor fue entregado a su familia y una moto secuestrada tras un intento de fuga en un control policial en Puerto Iguaz\u00fa\" \/>\n<meta property=\"og:url\" content=\"https:\/\/cvinoticias.com\/v3\/entregaron-a-un-menor-a-su-familia-y-secuestraron-una-moto-en-un-control-vehicular\/\" \/>\n<meta property=\"og:site_name\" content=\"CVI NOTICIAS\" \/>\n<meta property=\"article:publisher\" content=\"https:\/\/www.facebook.com\/cvinoticias\" \/>\n<meta property=\"article:published_time\" content=\"2025-05-05T10:27:23+00:00\" \/>\n<meta property=\"article:modified_time\" content=\"2025-05-05T10:27:24+00:00\" \/>\n<meta property=\"og:image\" content=\"https:\/\/cvinoticias.com\/wp-content\/uploads\/2025\/05\/IMG-20250504-WA0050.jpg\" \/>\n\t<meta property=\"og:image:width\" content=\"900\" \/>\n\t<meta property=\"og:image:height\" content=\"1600\" \/>\n\t<meta property=\"og:image:type\" content=\"image\/jpeg\" \/>\n<meta name=\"author\" content=\"f1000024\" \/>\n<meta name=\"twitter:card\" content=\"summary_large_image\" \/>\n<meta name=\"twitter:label1\" content=\"Escrito por\" \/>\n\t<meta name=\"twitter:data1\" content=\"f1000024\" \/>\n\t<meta name=\"twitter:label2\" content=\"Tiempo de lectura\" \/>\n\t<meta name=\"twitter:data2\" content=\"1 minuto\" \/>\n<script type=\"application\/ld+json\" class=\"yoast-schema-graph\">{\"@context\":\"https:\\\/\\\/schema.org\",\"@graph\":[{\"@type\":\"Article\",\"@id\":\"https:\\\/\\\/cvinoticias.com\\\/v3\\\/entregaron-a-un-menor-a-su-familia-y-secuestraron-una-moto-en-un-control-vehicular\\\/#article\",\"isPartOf\":{\"@id\":\"https:\\\/\\\/cvinoticias.com\\\/v3\\\/entregaron-a-un-menor-a-su-familia-y-secuestraron-una-moto-en-un-control-vehicular\\\/\"},\"author\":{\"name\":\"f1000024\",\"@id\":\"https:\\\/\\\/cvinoticias.com\\\/v3\\\/#\\\/schema\\\/person\\\/2db77e3c6bc03c538495d7b2b8be9b66\"},\"headline\":\"Entregaron a un menor a su familia y secuestraron una moto en un control vehicular\",\"datePublished\":\"2025-05-05T10:27:23+00:00\",\"dateModified\":\"2025-05-05T10:27:24+00:00\",\"mainEntityOfPage\":{\"@id\":\"https:\\\/\\\/cvinoticias.com\\\/v3\\\/entregaron-a-un-menor-a-su-familia-y-secuestraron-una-moto-en-un-control-vehicular\\\/\"},\"wordCount\":122,\"commentCount\":0,\"publisher\":{\"@id\":\"https:\\\/\\\/cvinoticias.com\\\/v3\\\/#organization\"},\"image\":{\"@id\":\"https:\\\/\\\/cvinoticias.com\\\/v3\\\/entregaron-a-un-menor-a-su-familia-y-secuestraron-una-moto-en-un-control-vehicular\\\/#primaryimage\"},\"thumbnailUrl\":\"https:\\\/\\\/cvinoticias.com\\\/wp-content\\\/uploads\\\/2025\\\/05\\\/IMG-20250504-WA0050.jpg\",\"keywords\":[\"Menor\",\"Moto\",\"Polic\u00eda\"],\"articleSection\":[\"Policiales\"],\"inLanguage\":\"es\",\"potentialAction\":[{\"@type\":\"CommentAction\",\"name\":\"Comment\",\"target\":[\"https:\\\/\\\/cvinoticias.com\\\/v3\\\/entregaron-a-un-menor-a-su-familia-y-secuestraron-una-moto-en-un-control-vehicular\\\/#respond\"]}]},{\"@type\":\"WebPage\",\"@id\":\"https:\\\/\\\/cvinoticias.com\\\/v3\\\/entregaron-a-un-menor-a-su-familia-y-secuestraron-una-moto-en-un-control-vehicular\\\/\",\"url\":\"https:\\\/\\\/cvinoticias.com\\\/v3\\\/entregaron-a-un-menor-a-su-familia-y-secuestraron-una-moto-en-un-control-vehicular\\\/\",\"name\":\"Secuestran una moto y entregan a un menor tras un control policial | CVI NOTICIAS\",\"isPartOf\":{\"@id\":\"https:\\\/\\\/cvinoticias.com\\\/v3\\\/#website\"},\"primaryImageOfPage\":{\"@id\":\"https:\\\/\\\/cvinoticias.com\\\/v3\\\/entregaron-a-un-menor-a-su-familia-y-secuestraron-una-moto-en-un-control-vehicular\\\/#primaryimage\"},\"image\":{\"@id\":\"https:\\\/\\\/cvinoticias.com\\\/v3\\\/entregaron-a-un-menor-a-su-familia-y-secuestraron-una-moto-en-un-control-vehicular\\\/#primaryimage\"},\"thumbnailUrl\":\"https:\\\/\\\/cvinoticias.com\\\/wp-content\\\/uploads\\\/2025\\\/05\\\/IMG-20250504-WA0050.jpg\",\"datePublished\":\"2025-05-05T10:27:23+00:00\",\"dateModified\":\"2025-05-05T10:27:24+00:00\",\"description\":\"Un menor fue entregado a su familia y una moto secuestrada tras un intento de fuga en un control policial en Puerto Iguaz\u00fa\",\"breadcrumb\":{\"@id\":\"https:\\\/\\\/cvinoticias.com\\\/v3\\\/entregaron-a-un-menor-a-su-familia-y-secuestraron-una-moto-en-un-control-vehicular\\\/#breadcrumb\"},\"inLanguage\":\"es\",\"potentialAction\":[{\"@type\":\"ReadAction\",\"target\":[\"https:\\\/\\\/cvinoticias.com\\\/v3\\\/entregaron-a-un-menor-a-su-familia-y-secuestraron-una-moto-en-un-control-vehicular\\\/\"]}]},{\"@type\":\"ImageObject\",\"inLanguage\":\"es\",\"@id\":\"https:\\\/\\\/cvinoticias.com\\\/v3\\\/entregaron-a-un-menor-a-su-familia-y-secuestraron-una-moto-en-un-control-vehicular\\\/#primaryimage\",\"url\":\"https:\\\/\\\/cvinoticias.com\\\/wp-content\\\/uploads\\\/2025\\\/05\\\/IMG-20250504-WA0050.jpg\",\"contentUrl\":\"https:\\\/\\\/cvinoticias.com\\\/wp-content\\\/uploads\\\/2025\\\/05\\\/IMG-20250504-WA0050.jpg\",\"width\":900,\"height\":1600},{\"@type\":\"BreadcrumbList\",\"@id\":\"https:\\\/\\\/cvinoticias.com\\\/v3\\\/entregaron-a-un-menor-a-su-familia-y-secuestraron-una-moto-en-un-control-vehicular\\\/#breadcrumb\",\"itemListElement\":[{\"@type\":\"ListItem\",\"position\":1,\"name\":\"Portada\",\"item\":\"https:\\\/\\\/cvinoticias.com\\\/v3\\\/\"},{\"@type\":\"ListItem\",\"position\":2,\"name\":\"Entregaron a un menor a su familia y secuestraron una moto en un control vehicular\"}]},{\"@type\":\"WebSite\",\"@id\":\"https:\\\/\\\/cvinoticias.com\\\/v3\\\/#website\",\"url\":\"https:\\\/\\\/cvinoticias.com\\\/v3\\\/\",\"name\":\"CVI NOTICIAS\",\"description\":\"\",\"publisher\":{\"@id\":\"https:\\\/\\\/cvinoticias.com\\\/v3\\\/#organization\"},\"alternateName\":\"CVI\",\"potentialAction\":[{\"@type\":\"SearchAction\",\"target\":{\"@type\":\"EntryPoint\",\"urlTemplate\":\"https:\\\/\\\/cvinoticias.com\\\/v3\\\/?s={search_term_string}\"},\"query-input\":{\"@type\":\"PropertyValueSpecification\",\"valueRequired\":true,\"valueName\":\"search_term_string\"}}],\"inLanguage\":\"es\"},{\"@type\":\"Organization\",\"@id\":\"https:\\\/\\\/cvinoticias.com\\\/v3\\\/#organization\",\"name\":\"CVI NOTICIAS\",\"url\":\"https:\\\/\\\/cvinoticias.com\\\/v3\\\/\",\"logo\":{\"@type\":\"ImageObject\",\"inLanguage\":\"es\",\"@id\":\"https:\\\/\\\/cvinoticias.com\\\/v3\\\/#\\\/schema\\\/logo\\\/image\\\/\",\"url\":\"https:\\\/\\\/cvinoticias.com\\\/wp-content\\\/uploads\\\/2023\\\/04\\\/cropped-cropped-cropped-cropped-cropped-3-1.png\",\"contentUrl\":\"https:\\\/\\\/cvinoticias.com\\\/wp-content\\\/uploads\\\/2023\\\/04\\\/cropped-cropped-cropped-cropped-cropped-3-1.png\",\"width\":95,\"height\":122,\"caption\":\"CVI NOTICIAS\"},\"image\":{\"@id\":\"https:\\\/\\\/cvinoticias.com\\\/v3\\\/#\\\/schema\\\/logo\\\/image\\\/\"},\"sameAs\":[\"https:\\\/\\\/www.facebook.com\\\/cvinoticias\",\"https:\\\/\\\/www.instagram.com\\\/cvinoticias\\\/\",\"https:\\\/\\\/www.youtube.com\\\/@CVINOTICIAS\"]},{\"@type\":\"Person\",\"@id\":\"https:\\\/\\\/cvinoticias.com\\\/v3\\\/#\\\/schema\\\/person\\\/2db77e3c6bc03c538495d7b2b8be9b66\",\"name\":\"f1000024\",\"image\":{\"@type\":\"ImageObject\",\"inLanguage\":\"es\",\"@id\":\"https:\\\/\\\/secure.gravatar.com\\\/avatar\\\/d4fe7459cfc51ff5129ce1a732bbef5928568b8092d412ef95611616376bbeed?s=96&d=mm&r=g\",\"url\":\"https:\\\/\\\/secure.gravatar.com\\\/avatar\\\/d4fe7459cfc51ff5129ce1a732bbef5928568b8092d412ef95611616376bbeed?s=96&d=mm&r=g\",\"contentUrl\":\"https:\\\/\\\/secure.gravatar.com\\\/avatar\\\/d4fe7459cfc51ff5129ce1a732bbef5928568b8092d412ef95611616376bbeed?s=96&d=mm&r=g\",\"caption\":\"f1000024\"},\"url\":\"https:\\\/\\\/cvinoticias.com\\\/v3\\\/author\\\/f1000024\\\/\"}]}<\/script>\n<!-- \/ Yoast SEO plugin. -->","yoast_head_json":{"title":"Secuestran una moto y entregan a un menor tras un control policial | CVI NOTICIAS","description":"Un menor fue entregado a su familia y una moto secuestrada tras un intento de fuga en un control policial en Puerto Iguaz\u00fa","robots":{"index":"index","follow":"follow","max-snippet":"max-snippet:-1","max-image-preview":"max-image-preview:large","max-video-preview":"max-video-preview:-1"},"canonical":"https:\/\/cvinoticias.com\/v3\/entregaron-a-un-menor-a-su-familia-y-secuestraron-una-moto-en-un-control-vehicular\/","og_locale":"es_ES","og_type":"article","og_title":"Secuestran una moto y entregan a un menor tras un control policial | CVI NOTICIAS","og_description":"Un menor fue entregado a su familia y una moto secuestrada tras un intento de fuga en un control policial en Puerto Iguaz\u00fa","og_url":"https:\/\/cvinoticias.com\/v3\/entregaron-a-un-menor-a-su-familia-y-secuestraron-una-moto-en-un-control-vehicular\/","og_site_name":"CVI NOTICIAS","article_publisher":"https:\/\/www.facebook.com\/cvinoticias","article_published_time":"2025-05-05T10:27:23+00:00","article_modified_time":"2025-05-05T10:27:24+00:00","og_image":[{"width":900,"height":1600,"url":"https:\/\/cvinoticias.com\/wp-content\/uploads\/2025\/05\/IMG-20250504-WA0050.jpg","type":"image\/jpeg"}],"author":"f1000024","twitter_card":"summary_large_image","twitter_misc":{"Escrito por":"f1000024","Tiempo de lectura":"1 minuto"},"schema":{"@context":"https:\/\/schema.org","@graph":[{"@type":"Article","@id":"https:\/\/cvinoticias.com\/v3\/entregaron-a-un-menor-a-su-familia-y-secuestraron-una-moto-en-un-control-vehicular\/#article","isPartOf":{"@id":"https:\/\/cvinoticias.com\/v3\/entregaron-a-un-menor-a-su-familia-y-secuestraron-una-moto-en-un-control-vehicular\/"},"author":{"name":"f1000024","@id":"https:\/\/cvinoticias.com\/v3\/#\/schema\/person\/2db77e3c6bc03c538495d7b2b8be9b66"},"headline":"Entregaron a un menor a su familia y secuestraron una moto en un control vehicular","datePublished":"2025-05-05T10:27:23+00:00","dateModified":"2025-05-05T10:27:24+00:00","mainEntityOfPage":{"@id":"https:\/\/cvinoticias.com\/v3\/entregaron-a-un-menor-a-su-familia-y-secuestraron-una-moto-en-un-control-vehicular\/"},"wordCount":122,"commentCount":0,"publisher":{"@id":"https:\/\/cvinoticias.com\/v3\/#organization"},"image":{"@id":"https:\/\/cvinoticias.com\/v3\/entregaron-a-un-menor-a-su-familia-y-secuestraron-una-moto-en-un-control-vehicular\/#primaryimage"},"thumbnailUrl":"https:\/\/cvinoticias.com\/wp-content\/uploads\/2025\/05\/IMG-20250504-WA0050.jpg","keywords":["Menor","Moto","Polic\u00eda"],"articleSection":["Policiales"],"inLanguage":"es","potentialAction":[{"@type":"CommentAction","name":"Comment","target":["https:\/\/cvinoticias.com\/v3\/entregaron-a-un-menor-a-su-familia-y-secuestraron-una-moto-en-un-control-vehicular\/#respond"]}]},{"@type":"WebPage","@id":"https:\/\/cvinoticias.com\/v3\/entregaron-a-un-menor-a-su-familia-y-secuestraron-una-moto-en-un-control-vehicular\/","url":"https:\/\/cvinoticias.com\/v3\/entregaron-a-un-menor-a-su-familia-y-secuestraron-una-moto-en-un-control-vehicular\/","name":"Secuestran una moto y entregan a un menor tras un control policial | CVI NOTICIAS","isPartOf":{"@id":"https:\/\/cvinoticias.com\/v3\/#website"},"primaryImageOfPage":{"@id":"https:\/\/cvinoticias.com\/v3\/entregaron-a-un-menor-a-su-familia-y-secuestraron-una-moto-en-un-control-vehicular\/#primaryimage"},"image":{"@id":"https:\/\/cvinoticias.com\/v3\/entregaron-a-un-menor-a-su-familia-y-secuestraron-una-moto-en-un-control-vehicular\/#primaryimage"},"thumbnailUrl":"https:\/\/cvinoticias.com\/wp-content\/uploads\/2025\/05\/IMG-20250504-WA0050.jpg","datePublished":"2025-05-05T10:27:23+00:00","dateModified":"2025-05-05T10:27:24+00:00","description":"Un menor fue entregado a su familia y una moto secuestrada tras un intento de fuga en un control policial en Puerto Iguaz\u00fa","breadcrumb":{"@id":"https:\/\/cvinoticias.com\/v3\/entregaron-a-un-menor-a-su-familia-y-secuestraron-una-moto-en-un-control-vehicular\/#breadcrumb"},"inLanguage":"es","potentialAction":[{"@type":"ReadAction","target":["https:\/\/cvinoticias.com\/v3\/entregaron-a-un-menor-a-su-familia-y-secuestraron-una-moto-en-un-control-vehicular\/"]}]},{"@type":"ImageObject","inLanguage":"es","@id":"https:\/\/cvinoticias.com\/v3\/entregaron-a-un-menor-a-su-familia-y-secuestraron-una-moto-en-un-control-vehicular\/#primaryimage","url":"https:\/\/cvinoticias.com\/wp-content\/uploads\/2025\/05\/IMG-20250504-WA0050.jpg","contentUrl":"https:\/\/cvinoticias.com\/wp-content\/uploads\/2025\/05\/IMG-20250504-WA0050.jpg","width":900,"height":1600},{"@type":"BreadcrumbList","@id":"https:\/\/cvinoticias.com\/v3\/entregaron-a-un-menor-a-su-familia-y-secuestraron-una-moto-en-un-control-vehicular\/#breadcrumb","itemListElement":[{"@type":"ListItem","position":1,"name":"Portada","item":"https:\/\/cvinoticias.com\/v3\/"},{"@type":"ListItem","position":2,"name":"Entregaron a un menor a su familia y secuestraron una moto en un control vehicular"}]},{"@type":"WebSite","@id":"https:\/\/cvinoticias.com\/v3\/#website","url":"https:\/\/cvinoticias.com\/v3\/","name":"CVI NOTICIAS","description":"","publisher":{"@id":"https:\/\/cvinoticias.com\/v3\/#organization"},"alternateName":"CVI","potentialAction":[{"@type":"SearchAction","target":{"@type":"EntryPoint","urlTemplate":"https:\/\/cvinoticias.com\/v3\/?s={search_term_string}"},"query-input":{"@type":"PropertyValueSpecification","valueRequired":true,"valueName":"search_term_string"}}],"inLanguage":"es"},{"@type":"Organization","@id":"https:\/\/cvinoticias.com\/v3\/#organization","name":"CVI NOTICIAS","url":"https:\/\/cvinoticias.com\/v3\/","logo":{"@type":"ImageObject","inLanguage":"es","@id":"https:\/\/cvinoticias.com\/v3\/#\/schema\/logo\/image\/","url":"https:\/\/cvinoticias.com\/wp-content\/uploads\/2023\/04\/cropped-cropped-cropped-cropped-cropped-3-1.png","contentUrl":"https:\/\/cvinoticias.com\/wp-content\/uploads\/2023\/04\/cropped-cropped-cropped-cropped-cropped-3-1.png","width":95,"height":122,"caption":"CVI NOTICIAS"},"image":{"@id":"https:\/\/cvinoticias.com\/v3\/#\/schema\/logo\/image\/"},"sameAs":["https:\/\/www.facebook.com\/cvinoticias","https:\/\/www.instagram.com\/cvinoticias\/","https:\/\/www.youtube.com\/@CVINOTICIAS"]},{"@type":"Person","@id":"https:\/\/cvinoticias.com\/v3\/#\/schema\/person\/2db77e3c6bc03c538495d7b2b8be9b66","name":"f1000024","image":{"@type":"ImageObject","inLanguage":"es","@id":"https:\/\/secure.gravatar.com\/avatar\/d4fe7459cfc51ff5129ce1a732bbef5928568b8092d412ef95611616376bbeed?s=96&d=mm&r=g","url":"https:\/\/secure.gravatar.com\/avatar\/d4fe7459cfc51ff5129ce1a732bbef5928568b8092d412ef95611616376bbeed?s=96&d=mm&r=g","contentUrl":"https:\/\/secure.gravatar.com\/avatar\/d4fe7459cfc51ff5129ce1a732bbef5928568b8092d412ef95611616376bbeed?s=96&d=mm&r=g","caption":"f1000024"},"url":"https:\/\/cvinoticias.com\/v3\/author\/f1000024\/"}]}},"_links":{"self":[{"href":"https:\/\/cvinoticias.com\/v3\/wp-json\/wp\/v2\/posts\/42788","targetHints":{"allow":["GET"]}}],"collection":[{"href":"https:\/\/cvinoticias.com\/v3\/wp-json\/wp\/v2\/posts"}],"about":[{"href":"https:\/\/cvinoticias.com\/v3\/wp-json\/wp\/v2\/types\/post"}],"author":[{"embeddable":true,"href":"https:\/\/cvinoticias.com\/v3\/wp-json\/wp\/v2\/users\/2"}],"replies":[{"embeddable":true,"href":"https:\/\/cvinoticias.com\/v3\/wp-json\/wp\/v2\/comments?post=42788"}],"version-history":[{"count":1,"href":"https:\/\/cvinoticias.com\/v3\/wp-json\/wp\/v2\/posts\/42788\/revisions"}],"predecessor-version":[{"id":42790,"href":"https:\/\/cvinoticias.com\/v3\/wp-json\/wp\/v2\/posts\/42788\/revisions\/42790"}],"wp:featuredmedia":[{"embeddable":true,"href":"https:\/\/cvinoticias.com\/v3\/wp-json\/wp\/v2\/media\/42789"}],"wp:attachment":[{"href":"https:\/\/cvinoticias.com\/v3\/wp-json\/wp\/v2\/media?parent=42788"}],"wp:term":[{"taxonomy":"category","embeddable":true,"href":"https:\/\/cvinoticias.com\/v3\/wp-json\/wp\/v2\/categories?post=42788"},{"taxonomy":"post_tag","embeddable":true,"href":"https:\/\/cvinoticias.com\/v3\/wp-json\/wp\/v2\/tags?post=42788"}],"curies":[{"name":"wp","href":"https:\/\/api.w.org\/{rel}","templated":true}]}}