{"id":42358,"date":"2025-04-26T10:57:09","date_gmt":"2025-04-26T13:57:09","guid":{"rendered":"https:\/\/cvinoticias.com\/v3\/?p=42358"},"modified":"2025-04-26T10:57:09","modified_gmt":"2025-04-26T13:57:09","slug":"tras-un-historico-funeral-el-papa-francisco-descansa-en-la-basilica-de-santa-maria-la-mayor","status":"publish","type":"post","link":"https:\/\/cvinoticias.com\/v3\/tras-un-historico-funeral-el-papa-francisco-descansa-en-la-basilica-de-santa-maria-la-mayor\/","title":{"rendered":"Tras un hist\u00f3rico funeral, el Papa Francisco descansa en la bas\u00edlica de Santa Mar\u00eda la Mayor"},"content":{"rendered":"\n<p>La Plaza de San Pedro fue testigo de una despedida masiva al Papa Francisco, con una ceremonia solemne oficiada por el cardenal Giovanni Battista Re. La misa, que comenz\u00f3 a las 10:00 hora local, sigui\u00f3 un estricto protocolo que incluy\u00f3 lecturas, una homil\u00eda emotiva, oraciones universales, la consagraci\u00f3n del pan y del vino, el intercambio de la paz y un momento de oraci\u00f3n personal.  <\/p>\n\n\n\n<p>El evento congreg\u00f3 a una notable presencia internacional, con 50 jefes de Estado, 10 monarcas y m\u00e1s de 130 delegaciones extranjeras. Entre los asistentes destacados, se encontraban el expresidente estadounidense Donald Trump, el presidente ucraniano Volod\u00edmir Zelenski, el presidente argentino Javier Milei, el mandatario brasile\u00f1o Lula da Silva y el pr\u00edncipe William del Reino Unido. La convergencia de estas figuras subray\u00f3 la influencia global y el impacto del pontificado de Francisco. <\/p>\n\n\n\n<p><strong>Trump y Zelenski se reunieron previo al funeral de Francisco<\/strong><\/p>\n\n\n\n<p>El funeral se transform\u00f3, adem\u00e1s, en un punto de encuentro pol\u00edtico, donde coincidieron l\u00edderes con agendas divergentes. Donald Trump y Volod\u00edmir Zelenski se encontraron, al igual que Zelenski y la presidenta de la Comisi\u00f3n Europea, Ursula von der Leyen, en medio de negociaciones comerciales. Aunque se produjeron encuentros bilaterales, el Vaticano mantuvo el foco en la despedida solemne del pont\u00edfice.<\/p>\n\n\n\n<p>La ceremonia se caracteriz\u00f3 por su sobriedad y emotividad, con muchos asistentes visiblemente conmovidos. El evento reflej\u00f3 el deseo de Jorge Bergoglio de una despedida sencilla y sentida.<\/p>\n\n\n\n<p>Entre los asistentes, se destacaron l\u00edderes internacionales como Emmanuel Macron, los reyes de Espa\u00f1a, Felipe VI y Letizia, y las delegaciones de Italia y Argentina, lideradas por Sergio Mattarella y Giorgia Meloni, respectivamente. <\/p>\n\n\n\n<p>Mandatarios latinoamericanos como Luiz In\u00e1cio Lula da Silva de Brasil, Daniel Noboa de Ecuador, Luis Abinader de Rep\u00fablica Dominicana y Xiomara Castro de Honduras, tambi\u00e9n estuvieron presentes para rendir tributo.<\/p>\n\n\n\n<p>Tras la ceremonia, el Papa Francisco fue sepultado en la Bas\u00edlica de Santa Mar\u00eda la Mayor, donde descansar\u00e1.<\/p>\n","protected":false},"excerpt":{"rendered":"<p>La Plaza de San Pedro fue testigo de una despedida masiva al Papa Francisco, con una ceremonia solemne oficiada por el cardenal Giovanni Battista Re. La misa, que comenz\u00f3 a las 10:00 hora local, sigui\u00f3 un estricto protocolo que incluy\u00f3 lecturas, una homil\u00eda emotiva, oraciones universales, la consagraci\u00f3n del pan y del vino, el intercambio [&hellip;]<\/p>\n","protected":false},"author":2,"featured_media":42359,"comment_status":"open","ping_status":"open","sticky":false,"template":"","format":"standard","meta":{"footnotes":""},"categories":[36],"tags":[1884,2043,1183],"class_list":["post-42358","post","type-post","status-publish","format-standard","has-post-thumbnail","hentry","category-internacionales","tag-ceremonia","tag-despedida","tag-papa-francisco"],"yoast_head":"<!-- This site is optimized with the Yoast SEO plugin v27.4 - https:\/\/yoast.com\/product\/yoast-seo-wordpress\/ -->\n<title>Hist\u00f3rico funeral del Papa Francisco en el Vaticano | CVI NOTICIAS<\/title>\n<meta name=\"description\" content=\"El Papa Francisco fue despedido en el Vaticano con un funeral hist\u00f3rico y descansa en Santa Mar\u00eda la Mayor\" \/>\n<meta name=\"robots\" content=\"index, follow, max-snippet:-1, max-image-preview:large, max-video-preview:-1\" \/>\n<link rel=\"canonical\" href=\"https:\/\/cvinoticias.com\/v3\/tras-un-historico-funeral-el-papa-francisco-descansa-en-la-basilica-de-santa-maria-la-mayor\/\" \/>\n<meta property=\"og:locale\" content=\"es_ES\" \/>\n<meta property=\"og:type\" content=\"article\" \/>\n<meta property=\"og:title\" content=\"Hist\u00f3rico funeral del Papa Francisco en el Vaticano | CVI NOTICIAS\" \/>\n<meta property=\"og:description\" content=\"El Papa Francisco fue despedido en el Vaticano con un funeral hist\u00f3rico y descansa en Santa Mar\u00eda la Mayor\" \/>\n<meta property=\"og:url\" content=\"https:\/\/cvinoticias.com\/v3\/tras-un-historico-funeral-el-papa-francisco-descansa-en-la-basilica-de-santa-maria-la-mayor\/\" \/>\n<meta property=\"og:site_name\" content=\"CVI NOTICIAS\" \/>\n<meta property=\"article:publisher\" content=\"https:\/\/www.facebook.com\/cvinoticias\" \/>\n<meta property=\"article:published_time\" content=\"2025-04-26T13:57:09+00:00\" \/>\n<meta property=\"og:image\" content=\"https:\/\/cvinoticias.com\/wp-content\/uploads\/2025\/04\/jonca.jpeg\" \/>\n\t<meta property=\"og:image:width\" content=\"1089\" \/>\n\t<meta property=\"og:image:height\" content=\"730\" \/>\n\t<meta property=\"og:image:type\" content=\"image\/jpeg\" \/>\n<meta name=\"author\" content=\"f1000024\" \/>\n<meta name=\"twitter:card\" content=\"summary_large_image\" \/>\n<meta name=\"twitter:label1\" content=\"Escrito por\" \/>\n\t<meta name=\"twitter:data1\" content=\"f1000024\" \/>\n\t<meta name=\"twitter:label2\" content=\"Tiempo de lectura\" \/>\n\t<meta name=\"twitter:data2\" content=\"2 minutos\" \/>\n<script type=\"application\/ld+json\" class=\"yoast-schema-graph\">{\"@context\":\"https:\\\/\\\/schema.org\",\"@graph\":[{\"@type\":\"Article\",\"@id\":\"https:\\\/\\\/cvinoticias.com\\\/v3\\\/tras-un-historico-funeral-el-papa-francisco-descansa-en-la-basilica-de-santa-maria-la-mayor\\\/#article\",\"isPartOf\":{\"@id\":\"https:\\\/\\\/cvinoticias.com\\\/v3\\\/tras-un-historico-funeral-el-papa-francisco-descansa-en-la-basilica-de-santa-maria-la-mayor\\\/\"},\"author\":{\"name\":\"f1000024\",\"@id\":\"https:\\\/\\\/cvinoticias.com\\\/v3\\\/#\\\/schema\\\/person\\\/2db77e3c6bc03c538495d7b2b8be9b66\"},\"headline\":\"Tras un hist\u00f3rico funeral, el Papa Francisco descansa en la bas\u00edlica de Santa Mar\u00eda la Mayor\",\"datePublished\":\"2025-04-26T13:57:09+00:00\",\"mainEntityOfPage\":{\"@id\":\"https:\\\/\\\/cvinoticias.com\\\/v3\\\/tras-un-historico-funeral-el-papa-francisco-descansa-en-la-basilica-de-santa-maria-la-mayor\\\/\"},\"wordCount\":349,\"commentCount\":0,\"publisher\":{\"@id\":\"https:\\\/\\\/cvinoticias.com\\\/v3\\\/#organization\"},\"image\":{\"@id\":\"https:\\\/\\\/cvinoticias.com\\\/v3\\\/tras-un-historico-funeral-el-papa-francisco-descansa-en-la-basilica-de-santa-maria-la-mayor\\\/#primaryimage\"},\"thumbnailUrl\":\"https:\\\/\\\/cvinoticias.com\\\/wp-content\\\/uploads\\\/2025\\\/04\\\/jonca.jpeg\",\"keywords\":[\"Ceremonia\",\"despedida\",\"Papa Francisco\"],\"articleSection\":[\"Internacionales\"],\"inLanguage\":\"es\",\"potentialAction\":[{\"@type\":\"CommentAction\",\"name\":\"Comment\",\"target\":[\"https:\\\/\\\/cvinoticias.com\\\/v3\\\/tras-un-historico-funeral-el-papa-francisco-descansa-en-la-basilica-de-santa-maria-la-mayor\\\/#respond\"]}]},{\"@type\":\"WebPage\",\"@id\":\"https:\\\/\\\/cvinoticias.com\\\/v3\\\/tras-un-historico-funeral-el-papa-francisco-descansa-en-la-basilica-de-santa-maria-la-mayor\\\/\",\"url\":\"https:\\\/\\\/cvinoticias.com\\\/v3\\\/tras-un-historico-funeral-el-papa-francisco-descansa-en-la-basilica-de-santa-maria-la-mayor\\\/\",\"name\":\"Hist\u00f3rico funeral del Papa Francisco en el Vaticano | CVI NOTICIAS\",\"isPartOf\":{\"@id\":\"https:\\\/\\\/cvinoticias.com\\\/v3\\\/#website\"},\"primaryImageOfPage\":{\"@id\":\"https:\\\/\\\/cvinoticias.com\\\/v3\\\/tras-un-historico-funeral-el-papa-francisco-descansa-en-la-basilica-de-santa-maria-la-mayor\\\/#primaryimage\"},\"image\":{\"@id\":\"https:\\\/\\\/cvinoticias.com\\\/v3\\\/tras-un-historico-funeral-el-papa-francisco-descansa-en-la-basilica-de-santa-maria-la-mayor\\\/#primaryimage\"},\"thumbnailUrl\":\"https:\\\/\\\/cvinoticias.com\\\/wp-content\\\/uploads\\\/2025\\\/04\\\/jonca.jpeg\",\"datePublished\":\"2025-04-26T13:57:09+00:00\",\"description\":\"El Papa Francisco fue despedido en el Vaticano con un funeral hist\u00f3rico y descansa en Santa Mar\u00eda la Mayor\",\"breadcrumb\":{\"@id\":\"https:\\\/\\\/cvinoticias.com\\\/v3\\\/tras-un-historico-funeral-el-papa-francisco-descansa-en-la-basilica-de-santa-maria-la-mayor\\\/#breadcrumb\"},\"inLanguage\":\"es\",\"potentialAction\":[{\"@type\":\"ReadAction\",\"target\":[\"https:\\\/\\\/cvinoticias.com\\\/v3\\\/tras-un-historico-funeral-el-papa-francisco-descansa-en-la-basilica-de-santa-maria-la-mayor\\\/\"]}]},{\"@type\":\"ImageObject\",\"inLanguage\":\"es\",\"@id\":\"https:\\\/\\\/cvinoticias.com\\\/v3\\\/tras-un-historico-funeral-el-papa-francisco-descansa-en-la-basilica-de-santa-maria-la-mayor\\\/#primaryimage\",\"url\":\"https:\\\/\\\/cvinoticias.com\\\/wp-content\\\/uploads\\\/2025\\\/04\\\/jonca.jpeg\",\"contentUrl\":\"https:\\\/\\\/cvinoticias.com\\\/wp-content\\\/uploads\\\/2025\\\/04\\\/jonca.jpeg\",\"width\":1089,\"height\":730},{\"@type\":\"BreadcrumbList\",\"@id\":\"https:\\\/\\\/cvinoticias.com\\\/v3\\\/tras-un-historico-funeral-el-papa-francisco-descansa-en-la-basilica-de-santa-maria-la-mayor\\\/#breadcrumb\",\"itemListElement\":[{\"@type\":\"ListItem\",\"position\":1,\"name\":\"Portada\",\"item\":\"https:\\\/\\\/cvinoticias.com\\\/v3\\\/\"},{\"@type\":\"ListItem\",\"position\":2,\"name\":\"Tras un hist\u00f3rico funeral, el Papa Francisco descansa en la bas\u00edlica de Santa Mar\u00eda la Mayor\"}]},{\"@type\":\"WebSite\",\"@id\":\"https:\\\/\\\/cvinoticias.com\\\/v3\\\/#website\",\"url\":\"https:\\\/\\\/cvinoticias.com\\\/v3\\\/\",\"name\":\"CVI NOTICIAS\",\"description\":\"\",\"publisher\":{\"@id\":\"https:\\\/\\\/cvinoticias.com\\\/v3\\\/#organization\"},\"alternateName\":\"CVI\",\"potentialAction\":[{\"@type\":\"SearchAction\",\"target\":{\"@type\":\"EntryPoint\",\"urlTemplate\":\"https:\\\/\\\/cvinoticias.com\\\/v3\\\/?s={search_term_string}\"},\"query-input\":{\"@type\":\"PropertyValueSpecification\",\"valueRequired\":true,\"valueName\":\"search_term_string\"}}],\"inLanguage\":\"es\"},{\"@type\":\"Organization\",\"@id\":\"https:\\\/\\\/cvinoticias.com\\\/v3\\\/#organization\",\"name\":\"CVI NOTICIAS\",\"url\":\"https:\\\/\\\/cvinoticias.com\\\/v3\\\/\",\"logo\":{\"@type\":\"ImageObject\",\"inLanguage\":\"es\",\"@id\":\"https:\\\/\\\/cvinoticias.com\\\/v3\\\/#\\\/schema\\\/logo\\\/image\\\/\",\"url\":\"https:\\\/\\\/cvinoticias.com\\\/wp-content\\\/uploads\\\/2023\\\/04\\\/cropped-cropped-cropped-cropped-cropped-3-1.png\",\"contentUrl\":\"https:\\\/\\\/cvinoticias.com\\\/wp-content\\\/uploads\\\/2023\\\/04\\\/cropped-cropped-cropped-cropped-cropped-3-1.png\",\"width\":95,\"height\":122,\"caption\":\"CVI NOTICIAS\"},\"image\":{\"@id\":\"https:\\\/\\\/cvinoticias.com\\\/v3\\\/#\\\/schema\\\/logo\\\/image\\\/\"},\"sameAs\":[\"https:\\\/\\\/www.facebook.com\\\/cvinoticias\",\"https:\\\/\\\/www.instagram.com\\\/cvinoticias\\\/\",\"https:\\\/\\\/www.youtube.com\\\/@CVINOTICIAS\"]},{\"@type\":\"Person\",\"@id\":\"https:\\\/\\\/cvinoticias.com\\\/v3\\\/#\\\/schema\\\/person\\\/2db77e3c6bc03c538495d7b2b8be9b66\",\"name\":\"f1000024\",\"image\":{\"@type\":\"ImageObject\",\"inLanguage\":\"es\",\"@id\":\"https:\\\/\\\/secure.gravatar.com\\\/avatar\\\/d4fe7459cfc51ff5129ce1a732bbef5928568b8092d412ef95611616376bbeed?s=96&d=mm&r=g\",\"url\":\"https:\\\/\\\/secure.gravatar.com\\\/avatar\\\/d4fe7459cfc51ff5129ce1a732bbef5928568b8092d412ef95611616376bbeed?s=96&d=mm&r=g\",\"contentUrl\":\"https:\\\/\\\/secure.gravatar.com\\\/avatar\\\/d4fe7459cfc51ff5129ce1a732bbef5928568b8092d412ef95611616376bbeed?s=96&d=mm&r=g\",\"caption\":\"f1000024\"},\"url\":\"https:\\\/\\\/cvinoticias.com\\\/v3\\\/author\\\/f1000024\\\/\"}]}<\/script>\n<!-- \/ Yoast SEO plugin. -->","yoast_head_json":{"title":"Hist\u00f3rico funeral del Papa Francisco en el Vaticano | CVI NOTICIAS","description":"El Papa Francisco fue despedido en el Vaticano con un funeral hist\u00f3rico y descansa en Santa Mar\u00eda la Mayor","robots":{"index":"index","follow":"follow","max-snippet":"max-snippet:-1","max-image-preview":"max-image-preview:large","max-video-preview":"max-video-preview:-1"},"canonical":"https:\/\/cvinoticias.com\/v3\/tras-un-historico-funeral-el-papa-francisco-descansa-en-la-basilica-de-santa-maria-la-mayor\/","og_locale":"es_ES","og_type":"article","og_title":"Hist\u00f3rico funeral del Papa Francisco en el Vaticano | CVI NOTICIAS","og_description":"El Papa Francisco fue despedido en el Vaticano con un funeral hist\u00f3rico y descansa en Santa Mar\u00eda la Mayor","og_url":"https:\/\/cvinoticias.com\/v3\/tras-un-historico-funeral-el-papa-francisco-descansa-en-la-basilica-de-santa-maria-la-mayor\/","og_site_name":"CVI NOTICIAS","article_publisher":"https:\/\/www.facebook.com\/cvinoticias","article_published_time":"2025-04-26T13:57:09+00:00","og_image":[{"width":1089,"height":730,"url":"https:\/\/cvinoticias.com\/wp-content\/uploads\/2025\/04\/jonca.jpeg","type":"image\/jpeg"}],"author":"f1000024","twitter_card":"summary_large_image","twitter_misc":{"Escrito por":"f1000024","Tiempo de lectura":"2 minutos"},"schema":{"@context":"https:\/\/schema.org","@graph":[{"@type":"Article","@id":"https:\/\/cvinoticias.com\/v3\/tras-un-historico-funeral-el-papa-francisco-descansa-en-la-basilica-de-santa-maria-la-mayor\/#article","isPartOf":{"@id":"https:\/\/cvinoticias.com\/v3\/tras-un-historico-funeral-el-papa-francisco-descansa-en-la-basilica-de-santa-maria-la-mayor\/"},"author":{"name":"f1000024","@id":"https:\/\/cvinoticias.com\/v3\/#\/schema\/person\/2db77e3c6bc03c538495d7b2b8be9b66"},"headline":"Tras un hist\u00f3rico funeral, el Papa Francisco descansa en la bas\u00edlica de Santa Mar\u00eda la Mayor","datePublished":"2025-04-26T13:57:09+00:00","mainEntityOfPage":{"@id":"https:\/\/cvinoticias.com\/v3\/tras-un-historico-funeral-el-papa-francisco-descansa-en-la-basilica-de-santa-maria-la-mayor\/"},"wordCount":349,"commentCount":0,"publisher":{"@id":"https:\/\/cvinoticias.com\/v3\/#organization"},"image":{"@id":"https:\/\/cvinoticias.com\/v3\/tras-un-historico-funeral-el-papa-francisco-descansa-en-la-basilica-de-santa-maria-la-mayor\/#primaryimage"},"thumbnailUrl":"https:\/\/cvinoticias.com\/wp-content\/uploads\/2025\/04\/jonca.jpeg","keywords":["Ceremonia","despedida","Papa Francisco"],"articleSection":["Internacionales"],"inLanguage":"es","potentialAction":[{"@type":"CommentAction","name":"Comment","target":["https:\/\/cvinoticias.com\/v3\/tras-un-historico-funeral-el-papa-francisco-descansa-en-la-basilica-de-santa-maria-la-mayor\/#respond"]}]},{"@type":"WebPage","@id":"https:\/\/cvinoticias.com\/v3\/tras-un-historico-funeral-el-papa-francisco-descansa-en-la-basilica-de-santa-maria-la-mayor\/","url":"https:\/\/cvinoticias.com\/v3\/tras-un-historico-funeral-el-papa-francisco-descansa-en-la-basilica-de-santa-maria-la-mayor\/","name":"Hist\u00f3rico funeral del Papa Francisco en el Vaticano | CVI NOTICIAS","isPartOf":{"@id":"https:\/\/cvinoticias.com\/v3\/#website"},"primaryImageOfPage":{"@id":"https:\/\/cvinoticias.com\/v3\/tras-un-historico-funeral-el-papa-francisco-descansa-en-la-basilica-de-santa-maria-la-mayor\/#primaryimage"},"image":{"@id":"https:\/\/cvinoticias.com\/v3\/tras-un-historico-funeral-el-papa-francisco-descansa-en-la-basilica-de-santa-maria-la-mayor\/#primaryimage"},"thumbnailUrl":"https:\/\/cvinoticias.com\/wp-content\/uploads\/2025\/04\/jonca.jpeg","datePublished":"2025-04-26T13:57:09+00:00","description":"El Papa Francisco fue despedido en el Vaticano con un funeral hist\u00f3rico y descansa en Santa Mar\u00eda la Mayor","breadcrumb":{"@id":"https:\/\/cvinoticias.com\/v3\/tras-un-historico-funeral-el-papa-francisco-descansa-en-la-basilica-de-santa-maria-la-mayor\/#breadcrumb"},"inLanguage":"es","potentialAction":[{"@type":"ReadAction","target":["https:\/\/cvinoticias.com\/v3\/tras-un-historico-funeral-el-papa-francisco-descansa-en-la-basilica-de-santa-maria-la-mayor\/"]}]},{"@type":"ImageObject","inLanguage":"es","@id":"https:\/\/cvinoticias.com\/v3\/tras-un-historico-funeral-el-papa-francisco-descansa-en-la-basilica-de-santa-maria-la-mayor\/#primaryimage","url":"https:\/\/cvinoticias.com\/wp-content\/uploads\/2025\/04\/jonca.jpeg","contentUrl":"https:\/\/cvinoticias.com\/wp-content\/uploads\/2025\/04\/jonca.jpeg","width":1089,"height":730},{"@type":"BreadcrumbList","@id":"https:\/\/cvinoticias.com\/v3\/tras-un-historico-funeral-el-papa-francisco-descansa-en-la-basilica-de-santa-maria-la-mayor\/#breadcrumb","itemListElement":[{"@type":"ListItem","position":1,"name":"Portada","item":"https:\/\/cvinoticias.com\/v3\/"},{"@type":"ListItem","position":2,"name":"Tras un hist\u00f3rico funeral, el Papa Francisco descansa en la bas\u00edlica de Santa Mar\u00eda la Mayor"}]},{"@type":"WebSite","@id":"https:\/\/cvinoticias.com\/v3\/#website","url":"https:\/\/cvinoticias.com\/v3\/","name":"CVI NOTICIAS","description":"","publisher":{"@id":"https:\/\/cvinoticias.com\/v3\/#organization"},"alternateName":"CVI","potentialAction":[{"@type":"SearchAction","target":{"@type":"EntryPoint","urlTemplate":"https:\/\/cvinoticias.com\/v3\/?s={search_term_string}"},"query-input":{"@type":"PropertyValueSpecification","valueRequired":true,"valueName":"search_term_string"}}],"inLanguage":"es"},{"@type":"Organization","@id":"https:\/\/cvinoticias.com\/v3\/#organization","name":"CVI NOTICIAS","url":"https:\/\/cvinoticias.com\/v3\/","logo":{"@type":"ImageObject","inLanguage":"es","@id":"https:\/\/cvinoticias.com\/v3\/#\/schema\/logo\/image\/","url":"https:\/\/cvinoticias.com\/wp-content\/uploads\/2023\/04\/cropped-cropped-cropped-cropped-cropped-3-1.png","contentUrl":"https:\/\/cvinoticias.com\/wp-content\/uploads\/2023\/04\/cropped-cropped-cropped-cropped-cropped-3-1.png","width":95,"height":122,"caption":"CVI NOTICIAS"},"image":{"@id":"https:\/\/cvinoticias.com\/v3\/#\/schema\/logo\/image\/"},"sameAs":["https:\/\/www.facebook.com\/cvinoticias","https:\/\/www.instagram.com\/cvinoticias\/","https:\/\/www.youtube.com\/@CVINOTICIAS"]},{"@type":"Person","@id":"https:\/\/cvinoticias.com\/v3\/#\/schema\/person\/2db77e3c6bc03c538495d7b2b8be9b66","name":"f1000024","image":{"@type":"ImageObject","inLanguage":"es","@id":"https:\/\/secure.gravatar.com\/avatar\/d4fe7459cfc51ff5129ce1a732bbef5928568b8092d412ef95611616376bbeed?s=96&d=mm&r=g","url":"https:\/\/secure.gravatar.com\/avatar\/d4fe7459cfc51ff5129ce1a732bbef5928568b8092d412ef95611616376bbeed?s=96&d=mm&r=g","contentUrl":"https:\/\/secure.gravatar.com\/avatar\/d4fe7459cfc51ff5129ce1a732bbef5928568b8092d412ef95611616376bbeed?s=96&d=mm&r=g","caption":"f1000024"},"url":"https:\/\/cvinoticias.com\/v3\/author\/f1000024\/"}]}},"_links":{"self":[{"href":"https:\/\/cvinoticias.com\/v3\/wp-json\/wp\/v2\/posts\/42358","targetHints":{"allow":["GET"]}}],"collection":[{"href":"https:\/\/cvinoticias.com\/v3\/wp-json\/wp\/v2\/posts"}],"about":[{"href":"https:\/\/cvinoticias.com\/v3\/wp-json\/wp\/v2\/types\/post"}],"author":[{"embeddable":true,"href":"https:\/\/cvinoticias.com\/v3\/wp-json\/wp\/v2\/users\/2"}],"replies":[{"embeddable":true,"href":"https:\/\/cvinoticias.com\/v3\/wp-json\/wp\/v2\/comments?post=42358"}],"version-history":[{"count":1,"href":"https:\/\/cvinoticias.com\/v3\/wp-json\/wp\/v2\/posts\/42358\/revisions"}],"predecessor-version":[{"id":42360,"href":"https:\/\/cvinoticias.com\/v3\/wp-json\/wp\/v2\/posts\/42358\/revisions\/42360"}],"wp:featuredmedia":[{"embeddable":true,"href":"https:\/\/cvinoticias.com\/v3\/wp-json\/wp\/v2\/media\/42359"}],"wp:attachment":[{"href":"https:\/\/cvinoticias.com\/v3\/wp-json\/wp\/v2\/media?parent=42358"}],"wp:term":[{"taxonomy":"category","embeddable":true,"href":"https:\/\/cvinoticias.com\/v3\/wp-json\/wp\/v2\/categories?post=42358"},{"taxonomy":"post_tag","embeddable":true,"href":"https:\/\/cvinoticias.com\/v3\/wp-json\/wp\/v2\/tags?post=42358"}],"curies":[{"name":"wp","href":"https:\/\/api.w.org\/{rel}","templated":true}]}}