{"id":42182,"date":"2025-04-23T14:31:45","date_gmt":"2025-04-23T17:31:45","guid":{"rendered":"https:\/\/cvinoticias.com\/v3\/?p=42182"},"modified":"2025-04-23T14:31:46","modified_gmt":"2025-04-23T17:31:46","slug":"jornada-de-salud-integral-para-los-estudiantes-del-instituto-esperanza","status":"publish","type":"post","link":"https:\/\/cvinoticias.com\/v3\/jornada-de-salud-integral-para-los-estudiantes-del-instituto-esperanza\/","title":{"rendered":"Jornada de Salud Integral para los estudiantes del instituto Esperanza"},"content":{"rendered":"\n<p>El Hospital Modular Turistico fue escenario de una jornada de atenci\u00f3n m\u00e9dica integral destinada a los estudiantes del Instituto Esperanza. La iniciativa surgi\u00f3 a partir de una solicitud hecha al equipo de operativos de salud, quienes llevan a\u00f1os realizando este tipo de acciones comunitarias.<\/p>\n\n\n\n<p>Seg\u00fan inform\u00f3 Marianela Irala, la directora del Hospital Modular, se organizaron r\u00e1pidamente para llevar a cabo una jornada de controles y atenci\u00f3n m\u00e9dica. \u201cEstuvimos haciendo atenci\u00f3n odontol\u00f3gica, m\u00e9dica, aplicaci\u00f3n de vacunas y electrocardiogramas. Fue una jornada muy linda y tranquila\u201d, relat\u00f3.<\/p>\n\n\n\n<p>La actividad comenz\u00f3 alrededor de las 14:00 y se extendi\u00f3 hasta las 16:00 o 17:00 horas.<\/p>\n\n\n\n<p>Adem\u00e1s de la atenci\u00f3n m\u00e9dica, se completaron formularios importantes como los de aptitud f\u00edsica, ingreso escolar y otros requerimientos administrativos, dando as\u00ed un cierre integral a la jornada.<\/p>\n\n\n\n<hr class=\"wp-block-separator has-alpha-channel-opacity\"\/>\n\n\n\n<figure class=\"wp-block-gallery has-nested-images columns-default is-cropped wp-block-gallery-1 is-layout-flex wp-block-gallery-is-layout-flex\">\n<figure class=\"wp-block-image size-large\"><a href=\"https:\/\/cvinoticias.com\/wp-content\/uploads\/2025\/04\/1000103701.jpg\"><img decoding=\"async\" width=\"771\" height=\"1024\" data-id=\"42183\" data-src=\"https:\/\/cvinoticias.com\/wp-content\/uploads\/2025\/04\/1000103701-771x1024.jpg\" alt=\"\" class=\"wp-image-42183 lazyload\" data-srcset=\"https:\/\/cvinoticias.com\/wp-content\/uploads\/2025\/04\/1000103701-771x1024.jpg 771w, https:\/\/cvinoticias.com\/wp-content\/uploads\/2025\/04\/1000103701-226x300.jpg 226w, https:\/\/cvinoticias.com\/wp-content\/uploads\/2025\/04\/1000103701-768x1021.jpg 768w, https:\/\/cvinoticias.com\/wp-content\/uploads\/2025\/04\/1000103701-1156x1536.jpg 1156w, https:\/\/cvinoticias.com\/wp-content\/uploads\/2025\/04\/1000103701.jpg 1204w\" data-sizes=\"(max-width: 771px) 100vw, 771px\" src=\"data:image\/svg+xml;base64,PHN2ZyB3aWR0aD0iMSIgaGVpZ2h0PSIxIiB4bWxucz0iaHR0cDovL3d3dy53My5vcmcvMjAwMC9zdmciPjwvc3ZnPg==\" style=\"--smush-placeholder-width: 771px; --smush-placeholder-aspect-ratio: 771\/1024;\" \/><\/a><\/figure>\n\n\n\n<figure class=\"wp-block-image size-large\"><a href=\"https:\/\/cvinoticias.com\/wp-content\/uploads\/2025\/04\/1000103700.jpg\"><img decoding=\"async\" width=\"703\" height=\"1024\" data-id=\"42184\" data-src=\"https:\/\/cvinoticias.com\/wp-content\/uploads\/2025\/04\/1000103700-703x1024.jpg\" alt=\"\" class=\"wp-image-42184 lazyload\" data-srcset=\"https:\/\/cvinoticias.com\/wp-content\/uploads\/2025\/04\/1000103700-703x1024.jpg 703w, https:\/\/cvinoticias.com\/wp-content\/uploads\/2025\/04\/1000103700-206x300.jpg 206w, https:\/\/cvinoticias.com\/wp-content\/uploads\/2025\/04\/1000103700-768x1118.jpg 768w, https:\/\/cvinoticias.com\/wp-content\/uploads\/2025\/04\/1000103700-1055x1536.jpg 1055w, https:\/\/cvinoticias.com\/wp-content\/uploads\/2025\/04\/1000103700.jpg 1098w\" data-sizes=\"(max-width: 703px) 100vw, 703px\" src=\"data:image\/svg+xml;base64,PHN2ZyB3aWR0aD0iMSIgaGVpZ2h0PSIxIiB4bWxucz0iaHR0cDovL3d3dy53My5vcmcvMjAwMC9zdmciPjwvc3ZnPg==\" style=\"--smush-placeholder-width: 703px; --smush-placeholder-aspect-ratio: 703\/1024;\" \/><\/a><\/figure>\n\n\n\n<figure class=\"wp-block-image size-large\"><a href=\"https:\/\/cvinoticias.com\/wp-content\/uploads\/2025\/04\/1000103699.jpg\"><img decoding=\"async\" width=\"1024\" height=\"974\" data-id=\"42185\" data-src=\"https:\/\/cvinoticias.com\/wp-content\/uploads\/2025\/04\/1000103699-1024x974.jpg\" alt=\"\" class=\"wp-image-42185 lazyload\" data-srcset=\"https:\/\/cvinoticias.com\/wp-content\/uploads\/2025\/04\/1000103699-1024x974.jpg 1024w, https:\/\/cvinoticias.com\/wp-content\/uploads\/2025\/04\/1000103699-300x285.jpg 300w, https:\/\/cvinoticias.com\/wp-content\/uploads\/2025\/04\/1000103699-768x731.jpg 768w, https:\/\/cvinoticias.com\/wp-content\/uploads\/2025\/04\/1000103699-1536x1461.jpg 1536w, https:\/\/cvinoticias.com\/wp-content\/uploads\/2025\/04\/1000103699.jpg 1600w\" data-sizes=\"(max-width: 1024px) 100vw, 1024px\" src=\"data:image\/svg+xml;base64,PHN2ZyB3aWR0aD0iMSIgaGVpZ2h0PSIxIiB4bWxucz0iaHR0cDovL3d3dy53My5vcmcvMjAwMC9zdmciPjwvc3ZnPg==\" style=\"--smush-placeholder-width: 1024px; --smush-placeholder-aspect-ratio: 1024\/974;\" \/><\/a><\/figure>\n<\/figure>\n","protected":false},"excerpt":{"rendered":"<p>El Hospital Modular Turistico fue escenario de una jornada de atenci\u00f3n m\u00e9dica integral destinada a los estudiantes del Instituto Esperanza. La iniciativa surgi\u00f3 a partir de una solicitud hecha al equipo de operativos de salud, quienes llevan a\u00f1os realizando este tipo de acciones comunitarias. Seg\u00fan inform\u00f3 Marianela Irala, la directora del Hospital Modular, se organizaron [&hellip;]<\/p>\n","protected":false},"author":2,"featured_media":42186,"comment_status":"open","ping_status":"open","sticky":false,"template":"","format":"standard","meta":{"footnotes":""},"categories":[22],"tags":[158,280,2038],"class_list":["post-42182","post","type-post","status-publish","format-standard","has-post-thumbnail","hentry","category-salud","tag-estudiantes","tag-puerto-iguazu","tag-salud-integral"],"yoast_head":"<!-- This site is optimized with the Yoast SEO plugin v27.5 - https:\/\/yoast.com\/product\/yoast-seo-wordpress\/ -->\n<title>Jornada de salud integral en el Instituto Esperanza | CVI NOTICIAS<\/title>\n<meta name=\"description\" content=\"Estudiantes del Instituto Esperanza recibieron atenci\u00f3n m\u00e9dica integral en el Hospital Modular Tur\u00edstico con controles, vacunas y formularios escolares.\" \/>\n<meta name=\"robots\" content=\"index, follow, max-snippet:-1, max-image-preview:large, max-video-preview:-1\" \/>\n<link rel=\"canonical\" href=\"https:\/\/cvinoticias.com\/v3\/jornada-de-salud-integral-para-los-estudiantes-del-instituto-esperanza\/\" \/>\n<meta property=\"og:locale\" content=\"es_ES\" \/>\n<meta property=\"og:type\" content=\"article\" \/>\n<meta property=\"og:title\" content=\"Jornada de salud integral en el Instituto Esperanza | CVI NOTICIAS\" \/>\n<meta property=\"og:description\" content=\"Estudiantes del Instituto Esperanza recibieron atenci\u00f3n m\u00e9dica integral en el Hospital Modular Tur\u00edstico con controles, vacunas y formularios escolares.\" \/>\n<meta property=\"og:url\" content=\"https:\/\/cvinoticias.com\/v3\/jornada-de-salud-integral-para-los-estudiantes-del-instituto-esperanza\/\" \/>\n<meta property=\"og:site_name\" content=\"CVI NOTICIAS\" \/>\n<meta property=\"article:publisher\" content=\"https:\/\/www.facebook.com\/cvinoticias\" \/>\n<meta property=\"article:published_time\" content=\"2025-04-23T17:31:45+00:00\" \/>\n<meta property=\"article:modified_time\" content=\"2025-04-23T17:31:46+00:00\" \/>\n<meta property=\"og:image\" content=\"https:\/\/cvinoticias.com\/wp-content\/uploads\/2025\/04\/IMG-20250423-WA0070.jpg\" \/>\n\t<meta property=\"og:image:width\" content=\"1296\" \/>\n\t<meta property=\"og:image:height\" content=\"864\" \/>\n\t<meta property=\"og:image:type\" content=\"image\/jpeg\" \/>\n<meta name=\"author\" content=\"f1000024\" \/>\n<meta name=\"twitter:card\" content=\"summary_large_image\" \/>\n<meta name=\"twitter:label1\" content=\"Escrito por\" \/>\n\t<meta name=\"twitter:data1\" content=\"f1000024\" \/>\n\t<meta name=\"twitter:label2\" content=\"Tiempo de lectura\" \/>\n\t<meta name=\"twitter:data2\" content=\"2 minutos\" \/>\n<script type=\"application\/ld+json\" class=\"yoast-schema-graph\">{\"@context\":\"https:\\\/\\\/schema.org\",\"@graph\":[{\"@type\":\"Article\",\"@id\":\"https:\\\/\\\/cvinoticias.com\\\/v3\\\/jornada-de-salud-integral-para-los-estudiantes-del-instituto-esperanza\\\/#article\",\"isPartOf\":{\"@id\":\"https:\\\/\\\/cvinoticias.com\\\/v3\\\/jornada-de-salud-integral-para-los-estudiantes-del-instituto-esperanza\\\/\"},\"author\":{\"name\":\"f1000024\",\"@id\":\"https:\\\/\\\/cvinoticias.com\\\/v3\\\/#\\\/schema\\\/person\\\/2db77e3c6bc03c538495d7b2b8be9b66\"},\"headline\":\"Jornada de Salud Integral para los estudiantes del instituto Esperanza\",\"datePublished\":\"2025-04-23T17:31:45+00:00\",\"dateModified\":\"2025-04-23T17:31:46+00:00\",\"mainEntityOfPage\":{\"@id\":\"https:\\\/\\\/cvinoticias.com\\\/v3\\\/jornada-de-salud-integral-para-los-estudiantes-del-instituto-esperanza\\\/\"},\"wordCount\":151,\"commentCount\":0,\"publisher\":{\"@id\":\"https:\\\/\\\/cvinoticias.com\\\/v3\\\/#organization\"},\"image\":{\"@id\":\"https:\\\/\\\/cvinoticias.com\\\/v3\\\/jornada-de-salud-integral-para-los-estudiantes-del-instituto-esperanza\\\/#primaryimage\"},\"thumbnailUrl\":\"https:\\\/\\\/cvinoticias.com\\\/wp-content\\\/uploads\\\/2025\\\/04\\\/IMG-20250423-WA0070.jpg\",\"keywords\":[\"estudiantes\",\"Puerto Iguaz\u00fa\",\"Salud Integral\"],\"articleSection\":[\"Salud\"],\"inLanguage\":\"es\",\"potentialAction\":[{\"@type\":\"CommentAction\",\"name\":\"Comment\",\"target\":[\"https:\\\/\\\/cvinoticias.com\\\/v3\\\/jornada-de-salud-integral-para-los-estudiantes-del-instituto-esperanza\\\/#respond\"]}]},{\"@type\":\"WebPage\",\"@id\":\"https:\\\/\\\/cvinoticias.com\\\/v3\\\/jornada-de-salud-integral-para-los-estudiantes-del-instituto-esperanza\\\/\",\"url\":\"https:\\\/\\\/cvinoticias.com\\\/v3\\\/jornada-de-salud-integral-para-los-estudiantes-del-instituto-esperanza\\\/\",\"name\":\"Jornada de salud integral en el Instituto Esperanza | CVI NOTICIAS\",\"isPartOf\":{\"@id\":\"https:\\\/\\\/cvinoticias.com\\\/v3\\\/#website\"},\"primaryImageOfPage\":{\"@id\":\"https:\\\/\\\/cvinoticias.com\\\/v3\\\/jornada-de-salud-integral-para-los-estudiantes-del-instituto-esperanza\\\/#primaryimage\"},\"image\":{\"@id\":\"https:\\\/\\\/cvinoticias.com\\\/v3\\\/jornada-de-salud-integral-para-los-estudiantes-del-instituto-esperanza\\\/#primaryimage\"},\"thumbnailUrl\":\"https:\\\/\\\/cvinoticias.com\\\/wp-content\\\/uploads\\\/2025\\\/04\\\/IMG-20250423-WA0070.jpg\",\"datePublished\":\"2025-04-23T17:31:45+00:00\",\"dateModified\":\"2025-04-23T17:31:46+00:00\",\"description\":\"Estudiantes del Instituto Esperanza recibieron atenci\u00f3n m\u00e9dica integral en el Hospital Modular Tur\u00edstico con controles, vacunas y formularios escolares.\",\"breadcrumb\":{\"@id\":\"https:\\\/\\\/cvinoticias.com\\\/v3\\\/jornada-de-salud-integral-para-los-estudiantes-del-instituto-esperanza\\\/#breadcrumb\"},\"inLanguage\":\"es\",\"potentialAction\":[{\"@type\":\"ReadAction\",\"target\":[\"https:\\\/\\\/cvinoticias.com\\\/v3\\\/jornada-de-salud-integral-para-los-estudiantes-del-instituto-esperanza\\\/\"]}]},{\"@type\":\"ImageObject\",\"inLanguage\":\"es\",\"@id\":\"https:\\\/\\\/cvinoticias.com\\\/v3\\\/jornada-de-salud-integral-para-los-estudiantes-del-instituto-esperanza\\\/#primaryimage\",\"url\":\"https:\\\/\\\/cvinoticias.com\\\/wp-content\\\/uploads\\\/2025\\\/04\\\/IMG-20250423-WA0070.jpg\",\"contentUrl\":\"https:\\\/\\\/cvinoticias.com\\\/wp-content\\\/uploads\\\/2025\\\/04\\\/IMG-20250423-WA0070.jpg\",\"width\":1296,\"height\":864},{\"@type\":\"BreadcrumbList\",\"@id\":\"https:\\\/\\\/cvinoticias.com\\\/v3\\\/jornada-de-salud-integral-para-los-estudiantes-del-instituto-esperanza\\\/#breadcrumb\",\"itemListElement\":[{\"@type\":\"ListItem\",\"position\":1,\"name\":\"Portada\",\"item\":\"https:\\\/\\\/cvinoticias.com\\\/v3\\\/\"},{\"@type\":\"ListItem\",\"position\":2,\"name\":\"Jornada de Salud Integral para los estudiantes del instituto Esperanza\"}]},{\"@type\":\"WebSite\",\"@id\":\"https:\\\/\\\/cvinoticias.com\\\/v3\\\/#website\",\"url\":\"https:\\\/\\\/cvinoticias.com\\\/v3\\\/\",\"name\":\"CVI NOTICIAS\",\"description\":\"\",\"publisher\":{\"@id\":\"https:\\\/\\\/cvinoticias.com\\\/v3\\\/#organization\"},\"alternateName\":\"CVI\",\"potentialAction\":[{\"@type\":\"SearchAction\",\"target\":{\"@type\":\"EntryPoint\",\"urlTemplate\":\"https:\\\/\\\/cvinoticias.com\\\/v3\\\/?s={search_term_string}\"},\"query-input\":{\"@type\":\"PropertyValueSpecification\",\"valueRequired\":true,\"valueName\":\"search_term_string\"}}],\"inLanguage\":\"es\"},{\"@type\":\"Organization\",\"@id\":\"https:\\\/\\\/cvinoticias.com\\\/v3\\\/#organization\",\"name\":\"CVI NOTICIAS\",\"url\":\"https:\\\/\\\/cvinoticias.com\\\/v3\\\/\",\"logo\":{\"@type\":\"ImageObject\",\"inLanguage\":\"es\",\"@id\":\"https:\\\/\\\/cvinoticias.com\\\/v3\\\/#\\\/schema\\\/logo\\\/image\\\/\",\"url\":\"https:\\\/\\\/cvinoticias.com\\\/wp-content\\\/uploads\\\/2023\\\/04\\\/cropped-cropped-cropped-cropped-cropped-3-1.png\",\"contentUrl\":\"https:\\\/\\\/cvinoticias.com\\\/wp-content\\\/uploads\\\/2023\\\/04\\\/cropped-cropped-cropped-cropped-cropped-3-1.png\",\"width\":95,\"height\":122,\"caption\":\"CVI NOTICIAS\"},\"image\":{\"@id\":\"https:\\\/\\\/cvinoticias.com\\\/v3\\\/#\\\/schema\\\/logo\\\/image\\\/\"},\"sameAs\":[\"https:\\\/\\\/www.facebook.com\\\/cvinoticias\",\"https:\\\/\\\/www.instagram.com\\\/cvinoticias\\\/\",\"https:\\\/\\\/www.youtube.com\\\/@CVINOTICIAS\"]},{\"@type\":\"Person\",\"@id\":\"https:\\\/\\\/cvinoticias.com\\\/v3\\\/#\\\/schema\\\/person\\\/2db77e3c6bc03c538495d7b2b8be9b66\",\"name\":\"f1000024\",\"image\":{\"@type\":\"ImageObject\",\"inLanguage\":\"es\",\"@id\":\"https:\\\/\\\/secure.gravatar.com\\\/avatar\\\/d4fe7459cfc51ff5129ce1a732bbef5928568b8092d412ef95611616376bbeed?s=96&d=mm&r=g\",\"url\":\"https:\\\/\\\/secure.gravatar.com\\\/avatar\\\/d4fe7459cfc51ff5129ce1a732bbef5928568b8092d412ef95611616376bbeed?s=96&d=mm&r=g\",\"contentUrl\":\"https:\\\/\\\/secure.gravatar.com\\\/avatar\\\/d4fe7459cfc51ff5129ce1a732bbef5928568b8092d412ef95611616376bbeed?s=96&d=mm&r=g\",\"caption\":\"f1000024\"},\"url\":\"https:\\\/\\\/cvinoticias.com\\\/v3\\\/author\\\/f1000024\\\/\"}]}<\/script>\n<!-- \/ Yoast SEO plugin. -->","yoast_head_json":{"title":"Jornada de salud integral en el Instituto Esperanza | CVI NOTICIAS","description":"Estudiantes del Instituto Esperanza recibieron atenci\u00f3n m\u00e9dica integral en el Hospital Modular Tur\u00edstico con controles, vacunas y formularios escolares.","robots":{"index":"index","follow":"follow","max-snippet":"max-snippet:-1","max-image-preview":"max-image-preview:large","max-video-preview":"max-video-preview:-1"},"canonical":"https:\/\/cvinoticias.com\/v3\/jornada-de-salud-integral-para-los-estudiantes-del-instituto-esperanza\/","og_locale":"es_ES","og_type":"article","og_title":"Jornada de salud integral en el Instituto Esperanza | CVI NOTICIAS","og_description":"Estudiantes del Instituto Esperanza recibieron atenci\u00f3n m\u00e9dica integral en el Hospital Modular Tur\u00edstico con controles, vacunas y formularios escolares.","og_url":"https:\/\/cvinoticias.com\/v3\/jornada-de-salud-integral-para-los-estudiantes-del-instituto-esperanza\/","og_site_name":"CVI NOTICIAS","article_publisher":"https:\/\/www.facebook.com\/cvinoticias","article_published_time":"2025-04-23T17:31:45+00:00","article_modified_time":"2025-04-23T17:31:46+00:00","og_image":[{"width":1296,"height":864,"url":"https:\/\/cvinoticias.com\/wp-content\/uploads\/2025\/04\/IMG-20250423-WA0070.jpg","type":"image\/jpeg"}],"author":"f1000024","twitter_card":"summary_large_image","twitter_misc":{"Escrito por":"f1000024","Tiempo de lectura":"2 minutos"},"schema":{"@context":"https:\/\/schema.org","@graph":[{"@type":"Article","@id":"https:\/\/cvinoticias.com\/v3\/jornada-de-salud-integral-para-los-estudiantes-del-instituto-esperanza\/#article","isPartOf":{"@id":"https:\/\/cvinoticias.com\/v3\/jornada-de-salud-integral-para-los-estudiantes-del-instituto-esperanza\/"},"author":{"name":"f1000024","@id":"https:\/\/cvinoticias.com\/v3\/#\/schema\/person\/2db77e3c6bc03c538495d7b2b8be9b66"},"headline":"Jornada de Salud Integral para los estudiantes del instituto Esperanza","datePublished":"2025-04-23T17:31:45+00:00","dateModified":"2025-04-23T17:31:46+00:00","mainEntityOfPage":{"@id":"https:\/\/cvinoticias.com\/v3\/jornada-de-salud-integral-para-los-estudiantes-del-instituto-esperanza\/"},"wordCount":151,"commentCount":0,"publisher":{"@id":"https:\/\/cvinoticias.com\/v3\/#organization"},"image":{"@id":"https:\/\/cvinoticias.com\/v3\/jornada-de-salud-integral-para-los-estudiantes-del-instituto-esperanza\/#primaryimage"},"thumbnailUrl":"https:\/\/cvinoticias.com\/wp-content\/uploads\/2025\/04\/IMG-20250423-WA0070.jpg","keywords":["estudiantes","Puerto Iguaz\u00fa","Salud Integral"],"articleSection":["Salud"],"inLanguage":"es","potentialAction":[{"@type":"CommentAction","name":"Comment","target":["https:\/\/cvinoticias.com\/v3\/jornada-de-salud-integral-para-los-estudiantes-del-instituto-esperanza\/#respond"]}]},{"@type":"WebPage","@id":"https:\/\/cvinoticias.com\/v3\/jornada-de-salud-integral-para-los-estudiantes-del-instituto-esperanza\/","url":"https:\/\/cvinoticias.com\/v3\/jornada-de-salud-integral-para-los-estudiantes-del-instituto-esperanza\/","name":"Jornada de salud integral en el Instituto Esperanza | CVI NOTICIAS","isPartOf":{"@id":"https:\/\/cvinoticias.com\/v3\/#website"},"primaryImageOfPage":{"@id":"https:\/\/cvinoticias.com\/v3\/jornada-de-salud-integral-para-los-estudiantes-del-instituto-esperanza\/#primaryimage"},"image":{"@id":"https:\/\/cvinoticias.com\/v3\/jornada-de-salud-integral-para-los-estudiantes-del-instituto-esperanza\/#primaryimage"},"thumbnailUrl":"https:\/\/cvinoticias.com\/wp-content\/uploads\/2025\/04\/IMG-20250423-WA0070.jpg","datePublished":"2025-04-23T17:31:45+00:00","dateModified":"2025-04-23T17:31:46+00:00","description":"Estudiantes del Instituto Esperanza recibieron atenci\u00f3n m\u00e9dica integral en el Hospital Modular Tur\u00edstico con controles, vacunas y formularios escolares.","breadcrumb":{"@id":"https:\/\/cvinoticias.com\/v3\/jornada-de-salud-integral-para-los-estudiantes-del-instituto-esperanza\/#breadcrumb"},"inLanguage":"es","potentialAction":[{"@type":"ReadAction","target":["https:\/\/cvinoticias.com\/v3\/jornada-de-salud-integral-para-los-estudiantes-del-instituto-esperanza\/"]}]},{"@type":"ImageObject","inLanguage":"es","@id":"https:\/\/cvinoticias.com\/v3\/jornada-de-salud-integral-para-los-estudiantes-del-instituto-esperanza\/#primaryimage","url":"https:\/\/cvinoticias.com\/wp-content\/uploads\/2025\/04\/IMG-20250423-WA0070.jpg","contentUrl":"https:\/\/cvinoticias.com\/wp-content\/uploads\/2025\/04\/IMG-20250423-WA0070.jpg","width":1296,"height":864},{"@type":"BreadcrumbList","@id":"https:\/\/cvinoticias.com\/v3\/jornada-de-salud-integral-para-los-estudiantes-del-instituto-esperanza\/#breadcrumb","itemListElement":[{"@type":"ListItem","position":1,"name":"Portada","item":"https:\/\/cvinoticias.com\/v3\/"},{"@type":"ListItem","position":2,"name":"Jornada de Salud Integral para los estudiantes del instituto Esperanza"}]},{"@type":"WebSite","@id":"https:\/\/cvinoticias.com\/v3\/#website","url":"https:\/\/cvinoticias.com\/v3\/","name":"CVI NOTICIAS","description":"","publisher":{"@id":"https:\/\/cvinoticias.com\/v3\/#organization"},"alternateName":"CVI","potentialAction":[{"@type":"SearchAction","target":{"@type":"EntryPoint","urlTemplate":"https:\/\/cvinoticias.com\/v3\/?s={search_term_string}"},"query-input":{"@type":"PropertyValueSpecification","valueRequired":true,"valueName":"search_term_string"}}],"inLanguage":"es"},{"@type":"Organization","@id":"https:\/\/cvinoticias.com\/v3\/#organization","name":"CVI NOTICIAS","url":"https:\/\/cvinoticias.com\/v3\/","logo":{"@type":"ImageObject","inLanguage":"es","@id":"https:\/\/cvinoticias.com\/v3\/#\/schema\/logo\/image\/","url":"https:\/\/cvinoticias.com\/wp-content\/uploads\/2023\/04\/cropped-cropped-cropped-cropped-cropped-3-1.png","contentUrl":"https:\/\/cvinoticias.com\/wp-content\/uploads\/2023\/04\/cropped-cropped-cropped-cropped-cropped-3-1.png","width":95,"height":122,"caption":"CVI NOTICIAS"},"image":{"@id":"https:\/\/cvinoticias.com\/v3\/#\/schema\/logo\/image\/"},"sameAs":["https:\/\/www.facebook.com\/cvinoticias","https:\/\/www.instagram.com\/cvinoticias\/","https:\/\/www.youtube.com\/@CVINOTICIAS"]},{"@type":"Person","@id":"https:\/\/cvinoticias.com\/v3\/#\/schema\/person\/2db77e3c6bc03c538495d7b2b8be9b66","name":"f1000024","image":{"@type":"ImageObject","inLanguage":"es","@id":"https:\/\/secure.gravatar.com\/avatar\/d4fe7459cfc51ff5129ce1a732bbef5928568b8092d412ef95611616376bbeed?s=96&d=mm&r=g","url":"https:\/\/secure.gravatar.com\/avatar\/d4fe7459cfc51ff5129ce1a732bbef5928568b8092d412ef95611616376bbeed?s=96&d=mm&r=g","contentUrl":"https:\/\/secure.gravatar.com\/avatar\/d4fe7459cfc51ff5129ce1a732bbef5928568b8092d412ef95611616376bbeed?s=96&d=mm&r=g","caption":"f1000024"},"url":"https:\/\/cvinoticias.com\/v3\/author\/f1000024\/"}]}},"_links":{"self":[{"href":"https:\/\/cvinoticias.com\/v3\/wp-json\/wp\/v2\/posts\/42182","targetHints":{"allow":["GET"]}}],"collection":[{"href":"https:\/\/cvinoticias.com\/v3\/wp-json\/wp\/v2\/posts"}],"about":[{"href":"https:\/\/cvinoticias.com\/v3\/wp-json\/wp\/v2\/types\/post"}],"author":[{"embeddable":true,"href":"https:\/\/cvinoticias.com\/v3\/wp-json\/wp\/v2\/users\/2"}],"replies":[{"embeddable":true,"href":"https:\/\/cvinoticias.com\/v3\/wp-json\/wp\/v2\/comments?post=42182"}],"version-history":[{"count":1,"href":"https:\/\/cvinoticias.com\/v3\/wp-json\/wp\/v2\/posts\/42182\/revisions"}],"predecessor-version":[{"id":42187,"href":"https:\/\/cvinoticias.com\/v3\/wp-json\/wp\/v2\/posts\/42182\/revisions\/42187"}],"wp:featuredmedia":[{"embeddable":true,"href":"https:\/\/cvinoticias.com\/v3\/wp-json\/wp\/v2\/media\/42186"}],"wp:attachment":[{"href":"https:\/\/cvinoticias.com\/v3\/wp-json\/wp\/v2\/media?parent=42182"}],"wp:term":[{"taxonomy":"category","embeddable":true,"href":"https:\/\/cvinoticias.com\/v3\/wp-json\/wp\/v2\/categories?post=42182"},{"taxonomy":"post_tag","embeddable":true,"href":"https:\/\/cvinoticias.com\/v3\/wp-json\/wp\/v2\/tags?post=42182"}],"curies":[{"name":"wp","href":"https:\/\/api.w.org\/{rel}","templated":true}]}}