{"id":42041,"date":"2025-04-22T08:45:01","date_gmt":"2025-04-22T11:45:01","guid":{"rendered":"https:\/\/cvinoticias.com\/v3\/?p=42041"},"modified":"2025-04-22T08:49:05","modified_gmt":"2025-04-22T11:49:05","slug":"iguazu-despidio-al-papa-francisco-con-una-misa-central-en-la-catedral-virgen-del-carmen","status":"publish","type":"post","link":"https:\/\/cvinoticias.com\/v3\/iguazu-despidio-al-papa-francisco-con-una-misa-central-en-la-catedral-virgen-del-carmen\/","title":{"rendered":"Iguaz\u00fa despidi\u00f3 al Papa Francisco con una Misa Central en la Catedral Virgen del Carmen"},"content":{"rendered":"\n<p>En un clima de profundo respeto y recogimiento, se llev\u00f3 a cabo este lunes la misa central en homenaje al Papa Francisco en la Catedral Virgen del Carmen de Puerto Iguaz\u00fa. La ceremonia fue presidida por el obispo Nicol\u00e1s Baisi y cont\u00f3 con la participaci\u00f3n de varios sacerdotes de la di\u00f3cesis local.<\/p>\n\n\n\n<p>Los fieles se congregaron para rendir tributo al pont\u00edfice argentino, quien dej\u00f3 una huella imborrable en la Iglesia y en el coraz\u00f3n de millones de personas en el mundo. Durante la celebraci\u00f3n, se elevaron oraciones por el descanso eterno del Papa Francisco y por su tr\u00e1nsito hacia la eternidad.<\/p>\n\n\n\n<p>\u201cFue alguien que marc\u00f3 un antes y un despu\u00e9s, no solo para la Argentina sino para la humanidad\u201d, expresaron algunos asistentes visiblemente conmovidos. La misa incluy\u00f3 momentos de reflexi\u00f3n sobre el legado pastoral y humano del primer Papa latinoamericano, destacando su cercan\u00eda con los m\u00e1s humildes y su incansable llamado a la paz y la fraternidad.<\/p>\n\n\n\n<p>La comunidad de Puerto Iguaz\u00fa se sum\u00f3 as\u00ed a las m\u00faltiples muestras de afecto y despedida que se est\u00e1n realizando en distintos puntos del pa\u00eds y del mundo.<\/p>\n\n\n\n<hr class=\"wp-block-separator has-alpha-channel-opacity\"\/>\n\n\n\n<figure class=\"wp-block-gallery has-nested-images columns-default is-cropped wp-block-gallery-1 is-layout-flex wp-block-gallery-is-layout-flex\">\n<figure class=\"wp-block-image size-large\"><a href=\"https:\/\/cvinoticias.com\/wp-content\/uploads\/2025\/04\/1000101698-scaled.jpg\"><img decoding=\"async\" width=\"577\" height=\"1024\" data-id=\"42046\" data-src=\"https:\/\/cvinoticias.com\/wp-content\/uploads\/2025\/04\/1000101698-577x1024.jpg\" alt=\"\" class=\"wp-image-42046 lazyload\" data-srcset=\"https:\/\/cvinoticias.com\/wp-content\/uploads\/2025\/04\/1000101698-577x1024.jpg 577w, https:\/\/cvinoticias.com\/wp-content\/uploads\/2025\/04\/1000101698-169x300.jpg 169w, https:\/\/cvinoticias.com\/wp-content\/uploads\/2025\/04\/1000101698-768x1364.jpg 768w, https:\/\/cvinoticias.com\/wp-content\/uploads\/2025\/04\/1000101698-865x1536.jpg 865w, https:\/\/cvinoticias.com\/wp-content\/uploads\/2025\/04\/1000101698-1153x2048.jpg 1153w, https:\/\/cvinoticias.com\/wp-content\/uploads\/2025\/04\/1000101698-scaled.jpg 1441w\" data-sizes=\"(max-width: 577px) 100vw, 577px\" src=\"data:image\/svg+xml;base64,PHN2ZyB3aWR0aD0iMSIgaGVpZ2h0PSIxIiB4bWxucz0iaHR0cDovL3d3dy53My5vcmcvMjAwMC9zdmciPjwvc3ZnPg==\" style=\"--smush-placeholder-width: 577px; --smush-placeholder-aspect-ratio: 577\/1024;\" \/><\/a><\/figure>\n\n\n\n<figure class=\"wp-block-image size-large\"><a href=\"https:\/\/cvinoticias.com\/wp-content\/uploads\/2025\/04\/1000101697-scaled.jpg\"><img decoding=\"async\" width=\"1024\" height=\"577\" data-id=\"42047\" data-src=\"https:\/\/cvinoticias.com\/wp-content\/uploads\/2025\/04\/1000101697-1024x577.jpg\" alt=\"\" class=\"wp-image-42047 lazyload\" data-srcset=\"https:\/\/cvinoticias.com\/wp-content\/uploads\/2025\/04\/1000101697-1024x577.jpg 1024w, https:\/\/cvinoticias.com\/wp-content\/uploads\/2025\/04\/1000101697-300x169.jpg 300w, https:\/\/cvinoticias.com\/wp-content\/uploads\/2025\/04\/1000101697-768x432.jpg 768w, https:\/\/cvinoticias.com\/wp-content\/uploads\/2025\/04\/1000101697-1536x865.jpg 1536w, https:\/\/cvinoticias.com\/wp-content\/uploads\/2025\/04\/1000101697-2048x1153.jpg 2048w\" data-sizes=\"(max-width: 1024px) 100vw, 1024px\" src=\"data:image\/svg+xml;base64,PHN2ZyB3aWR0aD0iMSIgaGVpZ2h0PSIxIiB4bWxucz0iaHR0cDovL3d3dy53My5vcmcvMjAwMC9zdmciPjwvc3ZnPg==\" style=\"--smush-placeholder-width: 1024px; --smush-placeholder-aspect-ratio: 1024\/577;\" \/><\/a><\/figure>\n\n\n\n<figure class=\"wp-block-image size-large\"><a href=\"https:\/\/cvinoticias.com\/wp-content\/uploads\/2025\/04\/1000101696-scaled.jpg\"><img decoding=\"async\" width=\"577\" height=\"1024\" data-id=\"42045\" data-src=\"https:\/\/cvinoticias.com\/wp-content\/uploads\/2025\/04\/1000101696-577x1024.jpg\" alt=\"\" class=\"wp-image-42045 lazyload\" data-srcset=\"https:\/\/cvinoticias.com\/wp-content\/uploads\/2025\/04\/1000101696-577x1024.jpg 577w, https:\/\/cvinoticias.com\/wp-content\/uploads\/2025\/04\/1000101696-169x300.jpg 169w, https:\/\/cvinoticias.com\/wp-content\/uploads\/2025\/04\/1000101696-768x1364.jpg 768w, https:\/\/cvinoticias.com\/wp-content\/uploads\/2025\/04\/1000101696-865x1536.jpg 865w, https:\/\/cvinoticias.com\/wp-content\/uploads\/2025\/04\/1000101696-1153x2048.jpg 1153w, https:\/\/cvinoticias.com\/wp-content\/uploads\/2025\/04\/1000101696-scaled.jpg 1441w\" data-sizes=\"(max-width: 577px) 100vw, 577px\" src=\"data:image\/svg+xml;base64,PHN2ZyB3aWR0aD0iMSIgaGVpZ2h0PSIxIiB4bWxucz0iaHR0cDovL3d3dy53My5vcmcvMjAwMC9zdmciPjwvc3ZnPg==\" style=\"--smush-placeholder-width: 577px; --smush-placeholder-aspect-ratio: 577\/1024;\" \/><\/a><\/figure>\n<\/figure>\n","protected":false},"excerpt":{"rendered":"<p>En un clima de profundo respeto y recogimiento, se llev\u00f3 a cabo este lunes la misa central en homenaje al Papa Francisco en la Catedral Virgen del Carmen de Puerto Iguaz\u00fa. La ceremonia fue presidida por el obispo Nicol\u00e1s Baisi y cont\u00f3 con la participaci\u00f3n de varios sacerdotes de la di\u00f3cesis local. Los fieles se [&hellip;]<\/p>\n","protected":false},"author":2,"featured_media":42042,"comment_status":"open","ping_status":"open","sticky":false,"template":"","format":"standard","meta":{"footnotes":""},"categories":[29],"tags":[313,1987,1183],"class_list":["post-42041","post","type-post","status-publish","format-standard","has-post-thumbnail","hentry","category-locales","tag-iguazu","tag-luto","tag-papa-francisco"],"yoast_head":"<!-- This site is optimized with the Yoast SEO plugin v27.5 - https:\/\/yoast.com\/product\/yoast-seo-wordpress\/ -->\n<title>Emotiva despedida al Papa Francisco en Puerto Iguaz\u00fa | CVI NOTICIAS<\/title>\n<meta name=\"description\" content=\"Papa Francisco, Puerto Iguaz\u00fa, misa homenaje, Iglesia Cat\u00f3lica, Catedral Virgen del Carmen, obispo Nicol\u00e1s Baisi, despedida del Papa\" \/>\n<meta name=\"robots\" content=\"index, follow, max-snippet:-1, max-image-preview:large, max-video-preview:-1\" \/>\n<link rel=\"canonical\" href=\"https:\/\/cvinoticias.com\/v3\/iguazu-despidio-al-papa-francisco-con-una-misa-central-en-la-catedral-virgen-del-carmen\/\" \/>\n<meta property=\"og:locale\" content=\"es_ES\" \/>\n<meta property=\"og:type\" content=\"article\" \/>\n<meta property=\"og:title\" content=\"Emotiva despedida al Papa Francisco en Puerto Iguaz\u00fa | CVI NOTICIAS\" \/>\n<meta property=\"og:description\" content=\"Papa Francisco, Puerto Iguaz\u00fa, misa homenaje, Iglesia Cat\u00f3lica, Catedral Virgen del Carmen, obispo Nicol\u00e1s Baisi, despedida del Papa\" \/>\n<meta property=\"og:url\" content=\"https:\/\/cvinoticias.com\/v3\/iguazu-despidio-al-papa-francisco-con-una-misa-central-en-la-catedral-virgen-del-carmen\/\" \/>\n<meta property=\"og:site_name\" content=\"CVI NOTICIAS\" \/>\n<meta property=\"article:publisher\" content=\"https:\/\/www.facebook.com\/cvinoticias\" \/>\n<meta property=\"article:published_time\" content=\"2025-04-22T11:45:01+00:00\" \/>\n<meta property=\"article:modified_time\" content=\"2025-04-22T11:49:05+00:00\" \/>\n<meta property=\"og:image\" content=\"https:\/\/cvinoticias.com\/wp-content\/uploads\/2025\/04\/IMG-20250421-WA0127-scaled.jpg\" \/>\n\t<meta property=\"og:image:width\" content=\"2560\" \/>\n\t<meta property=\"og:image:height\" content=\"1441\" \/>\n\t<meta property=\"og:image:type\" content=\"image\/jpeg\" \/>\n<meta name=\"author\" content=\"f1000024\" \/>\n<meta name=\"twitter:card\" content=\"summary_large_image\" \/>\n<meta name=\"twitter:label1\" content=\"Escrito por\" \/>\n\t<meta name=\"twitter:data1\" content=\"f1000024\" \/>\n\t<meta name=\"twitter:label2\" content=\"Tiempo de lectura\" \/>\n\t<meta name=\"twitter:data2\" content=\"2 minutos\" \/>\n<script type=\"application\/ld+json\" class=\"yoast-schema-graph\">{\"@context\":\"https:\\\/\\\/schema.org\",\"@graph\":[{\"@type\":\"Article\",\"@id\":\"https:\\\/\\\/cvinoticias.com\\\/v3\\\/iguazu-despidio-al-papa-francisco-con-una-misa-central-en-la-catedral-virgen-del-carmen\\\/#article\",\"isPartOf\":{\"@id\":\"https:\\\/\\\/cvinoticias.com\\\/v3\\\/iguazu-despidio-al-papa-francisco-con-una-misa-central-en-la-catedral-virgen-del-carmen\\\/\"},\"author\":{\"name\":\"f1000024\",\"@id\":\"https:\\\/\\\/cvinoticias.com\\\/v3\\\/#\\\/schema\\\/person\\\/2db77e3c6bc03c538495d7b2b8be9b66\"},\"headline\":\"Iguaz\u00fa despidi\u00f3 al Papa Francisco con una Misa Central en la Catedral Virgen del Carmen\",\"datePublished\":\"2025-04-22T11:45:01+00:00\",\"dateModified\":\"2025-04-22T11:49:05+00:00\",\"mainEntityOfPage\":{\"@id\":\"https:\\\/\\\/cvinoticias.com\\\/v3\\\/iguazu-despidio-al-papa-francisco-con-una-misa-central-en-la-catedral-virgen-del-carmen\\\/\"},\"wordCount\":214,\"commentCount\":0,\"publisher\":{\"@id\":\"https:\\\/\\\/cvinoticias.com\\\/v3\\\/#organization\"},\"image\":{\"@id\":\"https:\\\/\\\/cvinoticias.com\\\/v3\\\/iguazu-despidio-al-papa-francisco-con-una-misa-central-en-la-catedral-virgen-del-carmen\\\/#primaryimage\"},\"thumbnailUrl\":\"https:\\\/\\\/cvinoticias.com\\\/wp-content\\\/uploads\\\/2025\\\/04\\\/IMG-20250421-WA0127-scaled.jpg\",\"keywords\":[\"Iguaz\u00fa\",\"Luto\",\"Papa Francisco\"],\"articleSection\":[\"Locales\"],\"inLanguage\":\"es\",\"potentialAction\":[{\"@type\":\"CommentAction\",\"name\":\"Comment\",\"target\":[\"https:\\\/\\\/cvinoticias.com\\\/v3\\\/iguazu-despidio-al-papa-francisco-con-una-misa-central-en-la-catedral-virgen-del-carmen\\\/#respond\"]}]},{\"@type\":\"WebPage\",\"@id\":\"https:\\\/\\\/cvinoticias.com\\\/v3\\\/iguazu-despidio-al-papa-francisco-con-una-misa-central-en-la-catedral-virgen-del-carmen\\\/\",\"url\":\"https:\\\/\\\/cvinoticias.com\\\/v3\\\/iguazu-despidio-al-papa-francisco-con-una-misa-central-en-la-catedral-virgen-del-carmen\\\/\",\"name\":\"Emotiva despedida al Papa Francisco en Puerto Iguaz\u00fa | CVI NOTICIAS\",\"isPartOf\":{\"@id\":\"https:\\\/\\\/cvinoticias.com\\\/v3\\\/#website\"},\"primaryImageOfPage\":{\"@id\":\"https:\\\/\\\/cvinoticias.com\\\/v3\\\/iguazu-despidio-al-papa-francisco-con-una-misa-central-en-la-catedral-virgen-del-carmen\\\/#primaryimage\"},\"image\":{\"@id\":\"https:\\\/\\\/cvinoticias.com\\\/v3\\\/iguazu-despidio-al-papa-francisco-con-una-misa-central-en-la-catedral-virgen-del-carmen\\\/#primaryimage\"},\"thumbnailUrl\":\"https:\\\/\\\/cvinoticias.com\\\/wp-content\\\/uploads\\\/2025\\\/04\\\/IMG-20250421-WA0127-scaled.jpg\",\"datePublished\":\"2025-04-22T11:45:01+00:00\",\"dateModified\":\"2025-04-22T11:49:05+00:00\",\"description\":\"Papa Francisco, Puerto Iguaz\u00fa, misa homenaje, Iglesia Cat\u00f3lica, Catedral Virgen del Carmen, obispo Nicol\u00e1s Baisi, despedida del Papa\",\"breadcrumb\":{\"@id\":\"https:\\\/\\\/cvinoticias.com\\\/v3\\\/iguazu-despidio-al-papa-francisco-con-una-misa-central-en-la-catedral-virgen-del-carmen\\\/#breadcrumb\"},\"inLanguage\":\"es\",\"potentialAction\":[{\"@type\":\"ReadAction\",\"target\":[\"https:\\\/\\\/cvinoticias.com\\\/v3\\\/iguazu-despidio-al-papa-francisco-con-una-misa-central-en-la-catedral-virgen-del-carmen\\\/\"]}]},{\"@type\":\"ImageObject\",\"inLanguage\":\"es\",\"@id\":\"https:\\\/\\\/cvinoticias.com\\\/v3\\\/iguazu-despidio-al-papa-francisco-con-una-misa-central-en-la-catedral-virgen-del-carmen\\\/#primaryimage\",\"url\":\"https:\\\/\\\/cvinoticias.com\\\/wp-content\\\/uploads\\\/2025\\\/04\\\/IMG-20250421-WA0127-scaled.jpg\",\"contentUrl\":\"https:\\\/\\\/cvinoticias.com\\\/wp-content\\\/uploads\\\/2025\\\/04\\\/IMG-20250421-WA0127-scaled.jpg\",\"width\":2560,\"height\":1441},{\"@type\":\"BreadcrumbList\",\"@id\":\"https:\\\/\\\/cvinoticias.com\\\/v3\\\/iguazu-despidio-al-papa-francisco-con-una-misa-central-en-la-catedral-virgen-del-carmen\\\/#breadcrumb\",\"itemListElement\":[{\"@type\":\"ListItem\",\"position\":1,\"name\":\"Portada\",\"item\":\"https:\\\/\\\/cvinoticias.com\\\/v3\\\/\"},{\"@type\":\"ListItem\",\"position\":2,\"name\":\"Iguaz\u00fa despidi\u00f3 al Papa Francisco con una Misa Central en la Catedral Virgen del Carmen\"}]},{\"@type\":\"WebSite\",\"@id\":\"https:\\\/\\\/cvinoticias.com\\\/v3\\\/#website\",\"url\":\"https:\\\/\\\/cvinoticias.com\\\/v3\\\/\",\"name\":\"CVI NOTICIAS\",\"description\":\"\",\"publisher\":{\"@id\":\"https:\\\/\\\/cvinoticias.com\\\/v3\\\/#organization\"},\"alternateName\":\"CVI\",\"potentialAction\":[{\"@type\":\"SearchAction\",\"target\":{\"@type\":\"EntryPoint\",\"urlTemplate\":\"https:\\\/\\\/cvinoticias.com\\\/v3\\\/?s={search_term_string}\"},\"query-input\":{\"@type\":\"PropertyValueSpecification\",\"valueRequired\":true,\"valueName\":\"search_term_string\"}}],\"inLanguage\":\"es\"},{\"@type\":\"Organization\",\"@id\":\"https:\\\/\\\/cvinoticias.com\\\/v3\\\/#organization\",\"name\":\"CVI NOTICIAS\",\"url\":\"https:\\\/\\\/cvinoticias.com\\\/v3\\\/\",\"logo\":{\"@type\":\"ImageObject\",\"inLanguage\":\"es\",\"@id\":\"https:\\\/\\\/cvinoticias.com\\\/v3\\\/#\\\/schema\\\/logo\\\/image\\\/\",\"url\":\"https:\\\/\\\/cvinoticias.com\\\/wp-content\\\/uploads\\\/2023\\\/04\\\/cropped-cropped-cropped-cropped-cropped-3-1.png\",\"contentUrl\":\"https:\\\/\\\/cvinoticias.com\\\/wp-content\\\/uploads\\\/2023\\\/04\\\/cropped-cropped-cropped-cropped-cropped-3-1.png\",\"width\":95,\"height\":122,\"caption\":\"CVI NOTICIAS\"},\"image\":{\"@id\":\"https:\\\/\\\/cvinoticias.com\\\/v3\\\/#\\\/schema\\\/logo\\\/image\\\/\"},\"sameAs\":[\"https:\\\/\\\/www.facebook.com\\\/cvinoticias\",\"https:\\\/\\\/www.instagram.com\\\/cvinoticias\\\/\",\"https:\\\/\\\/www.youtube.com\\\/@CVINOTICIAS\"]},{\"@type\":\"Person\",\"@id\":\"https:\\\/\\\/cvinoticias.com\\\/v3\\\/#\\\/schema\\\/person\\\/2db77e3c6bc03c538495d7b2b8be9b66\",\"name\":\"f1000024\",\"image\":{\"@type\":\"ImageObject\",\"inLanguage\":\"es\",\"@id\":\"https:\\\/\\\/secure.gravatar.com\\\/avatar\\\/d4fe7459cfc51ff5129ce1a732bbef5928568b8092d412ef95611616376bbeed?s=96&d=mm&r=g\",\"url\":\"https:\\\/\\\/secure.gravatar.com\\\/avatar\\\/d4fe7459cfc51ff5129ce1a732bbef5928568b8092d412ef95611616376bbeed?s=96&d=mm&r=g\",\"contentUrl\":\"https:\\\/\\\/secure.gravatar.com\\\/avatar\\\/d4fe7459cfc51ff5129ce1a732bbef5928568b8092d412ef95611616376bbeed?s=96&d=mm&r=g\",\"caption\":\"f1000024\"},\"url\":\"https:\\\/\\\/cvinoticias.com\\\/v3\\\/author\\\/f1000024\\\/\"}]}<\/script>\n<!-- \/ Yoast SEO plugin. -->","yoast_head_json":{"title":"Emotiva despedida al Papa Francisco en Puerto Iguaz\u00fa | CVI NOTICIAS","description":"Papa Francisco, Puerto Iguaz\u00fa, misa homenaje, Iglesia Cat\u00f3lica, Catedral Virgen del Carmen, obispo Nicol\u00e1s Baisi, despedida del Papa","robots":{"index":"index","follow":"follow","max-snippet":"max-snippet:-1","max-image-preview":"max-image-preview:large","max-video-preview":"max-video-preview:-1"},"canonical":"https:\/\/cvinoticias.com\/v3\/iguazu-despidio-al-papa-francisco-con-una-misa-central-en-la-catedral-virgen-del-carmen\/","og_locale":"es_ES","og_type":"article","og_title":"Emotiva despedida al Papa Francisco en Puerto Iguaz\u00fa | CVI NOTICIAS","og_description":"Papa Francisco, Puerto Iguaz\u00fa, misa homenaje, Iglesia Cat\u00f3lica, Catedral Virgen del Carmen, obispo Nicol\u00e1s Baisi, despedida del Papa","og_url":"https:\/\/cvinoticias.com\/v3\/iguazu-despidio-al-papa-francisco-con-una-misa-central-en-la-catedral-virgen-del-carmen\/","og_site_name":"CVI NOTICIAS","article_publisher":"https:\/\/www.facebook.com\/cvinoticias","article_published_time":"2025-04-22T11:45:01+00:00","article_modified_time":"2025-04-22T11:49:05+00:00","og_image":[{"width":2560,"height":1441,"url":"https:\/\/cvinoticias.com\/wp-content\/uploads\/2025\/04\/IMG-20250421-WA0127-scaled.jpg","type":"image\/jpeg"}],"author":"f1000024","twitter_card":"summary_large_image","twitter_misc":{"Escrito por":"f1000024","Tiempo de lectura":"2 minutos"},"schema":{"@context":"https:\/\/schema.org","@graph":[{"@type":"Article","@id":"https:\/\/cvinoticias.com\/v3\/iguazu-despidio-al-papa-francisco-con-una-misa-central-en-la-catedral-virgen-del-carmen\/#article","isPartOf":{"@id":"https:\/\/cvinoticias.com\/v3\/iguazu-despidio-al-papa-francisco-con-una-misa-central-en-la-catedral-virgen-del-carmen\/"},"author":{"name":"f1000024","@id":"https:\/\/cvinoticias.com\/v3\/#\/schema\/person\/2db77e3c6bc03c538495d7b2b8be9b66"},"headline":"Iguaz\u00fa despidi\u00f3 al Papa Francisco con una Misa Central en la Catedral Virgen del Carmen","datePublished":"2025-04-22T11:45:01+00:00","dateModified":"2025-04-22T11:49:05+00:00","mainEntityOfPage":{"@id":"https:\/\/cvinoticias.com\/v3\/iguazu-despidio-al-papa-francisco-con-una-misa-central-en-la-catedral-virgen-del-carmen\/"},"wordCount":214,"commentCount":0,"publisher":{"@id":"https:\/\/cvinoticias.com\/v3\/#organization"},"image":{"@id":"https:\/\/cvinoticias.com\/v3\/iguazu-despidio-al-papa-francisco-con-una-misa-central-en-la-catedral-virgen-del-carmen\/#primaryimage"},"thumbnailUrl":"https:\/\/cvinoticias.com\/wp-content\/uploads\/2025\/04\/IMG-20250421-WA0127-scaled.jpg","keywords":["Iguaz\u00fa","Luto","Papa Francisco"],"articleSection":["Locales"],"inLanguage":"es","potentialAction":[{"@type":"CommentAction","name":"Comment","target":["https:\/\/cvinoticias.com\/v3\/iguazu-despidio-al-papa-francisco-con-una-misa-central-en-la-catedral-virgen-del-carmen\/#respond"]}]},{"@type":"WebPage","@id":"https:\/\/cvinoticias.com\/v3\/iguazu-despidio-al-papa-francisco-con-una-misa-central-en-la-catedral-virgen-del-carmen\/","url":"https:\/\/cvinoticias.com\/v3\/iguazu-despidio-al-papa-francisco-con-una-misa-central-en-la-catedral-virgen-del-carmen\/","name":"Emotiva despedida al Papa Francisco en Puerto Iguaz\u00fa | CVI NOTICIAS","isPartOf":{"@id":"https:\/\/cvinoticias.com\/v3\/#website"},"primaryImageOfPage":{"@id":"https:\/\/cvinoticias.com\/v3\/iguazu-despidio-al-papa-francisco-con-una-misa-central-en-la-catedral-virgen-del-carmen\/#primaryimage"},"image":{"@id":"https:\/\/cvinoticias.com\/v3\/iguazu-despidio-al-papa-francisco-con-una-misa-central-en-la-catedral-virgen-del-carmen\/#primaryimage"},"thumbnailUrl":"https:\/\/cvinoticias.com\/wp-content\/uploads\/2025\/04\/IMG-20250421-WA0127-scaled.jpg","datePublished":"2025-04-22T11:45:01+00:00","dateModified":"2025-04-22T11:49:05+00:00","description":"Papa Francisco, Puerto Iguaz\u00fa, misa homenaje, Iglesia Cat\u00f3lica, Catedral Virgen del Carmen, obispo Nicol\u00e1s Baisi, despedida del Papa","breadcrumb":{"@id":"https:\/\/cvinoticias.com\/v3\/iguazu-despidio-al-papa-francisco-con-una-misa-central-en-la-catedral-virgen-del-carmen\/#breadcrumb"},"inLanguage":"es","potentialAction":[{"@type":"ReadAction","target":["https:\/\/cvinoticias.com\/v3\/iguazu-despidio-al-papa-francisco-con-una-misa-central-en-la-catedral-virgen-del-carmen\/"]}]},{"@type":"ImageObject","inLanguage":"es","@id":"https:\/\/cvinoticias.com\/v3\/iguazu-despidio-al-papa-francisco-con-una-misa-central-en-la-catedral-virgen-del-carmen\/#primaryimage","url":"https:\/\/cvinoticias.com\/wp-content\/uploads\/2025\/04\/IMG-20250421-WA0127-scaled.jpg","contentUrl":"https:\/\/cvinoticias.com\/wp-content\/uploads\/2025\/04\/IMG-20250421-WA0127-scaled.jpg","width":2560,"height":1441},{"@type":"BreadcrumbList","@id":"https:\/\/cvinoticias.com\/v3\/iguazu-despidio-al-papa-francisco-con-una-misa-central-en-la-catedral-virgen-del-carmen\/#breadcrumb","itemListElement":[{"@type":"ListItem","position":1,"name":"Portada","item":"https:\/\/cvinoticias.com\/v3\/"},{"@type":"ListItem","position":2,"name":"Iguaz\u00fa despidi\u00f3 al Papa Francisco con una Misa Central en la Catedral Virgen del Carmen"}]},{"@type":"WebSite","@id":"https:\/\/cvinoticias.com\/v3\/#website","url":"https:\/\/cvinoticias.com\/v3\/","name":"CVI NOTICIAS","description":"","publisher":{"@id":"https:\/\/cvinoticias.com\/v3\/#organization"},"alternateName":"CVI","potentialAction":[{"@type":"SearchAction","target":{"@type":"EntryPoint","urlTemplate":"https:\/\/cvinoticias.com\/v3\/?s={search_term_string}"},"query-input":{"@type":"PropertyValueSpecification","valueRequired":true,"valueName":"search_term_string"}}],"inLanguage":"es"},{"@type":"Organization","@id":"https:\/\/cvinoticias.com\/v3\/#organization","name":"CVI NOTICIAS","url":"https:\/\/cvinoticias.com\/v3\/","logo":{"@type":"ImageObject","inLanguage":"es","@id":"https:\/\/cvinoticias.com\/v3\/#\/schema\/logo\/image\/","url":"https:\/\/cvinoticias.com\/wp-content\/uploads\/2023\/04\/cropped-cropped-cropped-cropped-cropped-3-1.png","contentUrl":"https:\/\/cvinoticias.com\/wp-content\/uploads\/2023\/04\/cropped-cropped-cropped-cropped-cropped-3-1.png","width":95,"height":122,"caption":"CVI NOTICIAS"},"image":{"@id":"https:\/\/cvinoticias.com\/v3\/#\/schema\/logo\/image\/"},"sameAs":["https:\/\/www.facebook.com\/cvinoticias","https:\/\/www.instagram.com\/cvinoticias\/","https:\/\/www.youtube.com\/@CVINOTICIAS"]},{"@type":"Person","@id":"https:\/\/cvinoticias.com\/v3\/#\/schema\/person\/2db77e3c6bc03c538495d7b2b8be9b66","name":"f1000024","image":{"@type":"ImageObject","inLanguage":"es","@id":"https:\/\/secure.gravatar.com\/avatar\/d4fe7459cfc51ff5129ce1a732bbef5928568b8092d412ef95611616376bbeed?s=96&d=mm&r=g","url":"https:\/\/secure.gravatar.com\/avatar\/d4fe7459cfc51ff5129ce1a732bbef5928568b8092d412ef95611616376bbeed?s=96&d=mm&r=g","contentUrl":"https:\/\/secure.gravatar.com\/avatar\/d4fe7459cfc51ff5129ce1a732bbef5928568b8092d412ef95611616376bbeed?s=96&d=mm&r=g","caption":"f1000024"},"url":"https:\/\/cvinoticias.com\/v3\/author\/f1000024\/"}]}},"_links":{"self":[{"href":"https:\/\/cvinoticias.com\/v3\/wp-json\/wp\/v2\/posts\/42041","targetHints":{"allow":["GET"]}}],"collection":[{"href":"https:\/\/cvinoticias.com\/v3\/wp-json\/wp\/v2\/posts"}],"about":[{"href":"https:\/\/cvinoticias.com\/v3\/wp-json\/wp\/v2\/types\/post"}],"author":[{"embeddable":true,"href":"https:\/\/cvinoticias.com\/v3\/wp-json\/wp\/v2\/users\/2"}],"replies":[{"embeddable":true,"href":"https:\/\/cvinoticias.com\/v3\/wp-json\/wp\/v2\/comments?post=42041"}],"version-history":[{"count":2,"href":"https:\/\/cvinoticias.com\/v3\/wp-json\/wp\/v2\/posts\/42041\/revisions"}],"predecessor-version":[{"id":42048,"href":"https:\/\/cvinoticias.com\/v3\/wp-json\/wp\/v2\/posts\/42041\/revisions\/42048"}],"wp:featuredmedia":[{"embeddable":true,"href":"https:\/\/cvinoticias.com\/v3\/wp-json\/wp\/v2\/media\/42042"}],"wp:attachment":[{"href":"https:\/\/cvinoticias.com\/v3\/wp-json\/wp\/v2\/media?parent=42041"}],"wp:term":[{"taxonomy":"category","embeddable":true,"href":"https:\/\/cvinoticias.com\/v3\/wp-json\/wp\/v2\/categories?post=42041"},{"taxonomy":"post_tag","embeddable":true,"href":"https:\/\/cvinoticias.com\/v3\/wp-json\/wp\/v2\/tags?post=42041"}],"curies":[{"name":"wp","href":"https:\/\/api.w.org\/{rel}","templated":true}]}}