{"id":42035,"date":"2025-04-21T17:26:11","date_gmt":"2025-04-21T20:26:11","guid":{"rendered":"https:\/\/cvinoticias.com\/v3\/?p=42035"},"modified":"2025-04-21T17:26:11","modified_gmt":"2025-04-21T20:26:11","slug":"las-autoridades-del-satsaid-visitaron-iguazu-y-analizaron-la-realidad-del-sector-audiovisual","status":"publish","type":"post","link":"https:\/\/cvinoticias.com\/v3\/las-autoridades-del-satsaid-visitaron-iguazu-y-analizaron-la-realidad-del-sector-audiovisual\/","title":{"rendered":"Las autoridades del SATSAID visitaron Iguaz\u00fa y analizaron la realidad del sector audiovisual"},"content":{"rendered":"\n<p>El secretario general del Sindicato Argentino de Televisi\u00f3n, Servicios Audiovisuales, Interactivos y de Datos (SATSAID), Horacio Arreceygor, estuvo presente en Puerto Iguaz\u00fa como parte de una recorrida por la provincia de Misiones.<\/p>\n\n\n\n<p>En di\u00e1logo con CVI, brind\u00f3 detalles sobre el panorama actual del gremio y expres\u00f3 su preocupaci\u00f3n por el rumbo que ha tomado el sector audiovisual y de telecomunicaciones en el pa\u00eds.<\/p>\n\n\n\n<p>Durante su paso por Posadas, Arreceygor particip\u00f3 de una asamblea sindical donde se debatieron temas de actualidad relacionados con los trabajadores y con el contexto pol\u00edtico y econ\u00f3mico nacional. \u201cEstuvimos dialogando sobre temas de actualidad del sindicato y de inter\u00e9s p\u00fablico\u201d, se\u00f1al\u00f3.<\/p>\n\n\n\n<p>Consultado sobre la situaci\u00f3n de los trabajadores de la televisi\u00f3n, el dirigente fue contundente: \u201cEs una situaci\u00f3n dif\u00edcil. Lo que busca el gobierno nacional es derogar nuestros derechos\u201d, afirm\u00f3.<\/p>\n\n\n\n<p>Asimismo, hizo referencia a los cambios recientes en el sector de las telecomunicaciones, los cuales, seg\u00fan manifest\u00f3 han generado un impacto negativo en las condiciones laborales y en el desarrollo del sector. \u201cSe ha desmejorado mucho el \u00e1rea de las telecomunicaciones, y eso hace que nos cambien el juego. Es bastante salvaje la competencia. Es parte de lo que se est\u00e1 tratando en todo el pa\u00eds\u201d, explic\u00f3.<\/p>\n\n\n\n<hr class=\"wp-block-separator has-alpha-channel-opacity\"\/>\n\n\n\n<p><em>Entrevista con: Horacio Arreceygor (Sec. Gral SATSAID)<\/em><\/p>\n","protected":false},"excerpt":{"rendered":"<p>El secretario general del Sindicato Argentino de Televisi\u00f3n, Servicios Audiovisuales, Interactivos y de Datos (SATSAID), Horacio Arreceygor, estuvo presente en Puerto Iguaz\u00fa como parte de una recorrida por la provincia de Misiones. En di\u00e1logo con CVI, brind\u00f3 detalles sobre el panorama actual del gremio y expres\u00f3 su preocupaci\u00f3n por el rumbo que ha tomado el [&hellip;]<\/p>\n","protected":false},"author":2,"featured_media":42036,"comment_status":"open","ping_status":"open","sticky":false,"template":"","format":"standard","meta":{"footnotes":""},"categories":[29],"tags":[280,1994],"class_list":["post-42035","post","type-post","status-publish","format-standard","has-post-thumbnail","hentry","category-locales","tag-puerto-iguazu","tag-sector-audiovisual"],"yoast_head":"<!-- This site is optimized with the Yoast SEO plugin v27.5 - https:\/\/yoast.com\/product\/yoast-seo-wordpress\/ -->\n<title>SATSAID visit\u00f3 Iguaz\u00fa y analiz\u00f3 la situaci\u00f3n del sector audiovisual | CVI NOTICIAS<\/title>\n<meta name=\"description\" content=\"SATSAID visit\u00f3 Iguaz\u00fa y advirti\u00f3 sobre el impacto de las medidas nacionales en el sector audiovisual.\" \/>\n<meta name=\"robots\" content=\"index, follow, max-snippet:-1, max-image-preview:large, max-video-preview:-1\" \/>\n<link rel=\"canonical\" href=\"https:\/\/cvinoticias.com\/v3\/las-autoridades-del-satsaid-visitaron-iguazu-y-analizaron-la-realidad-del-sector-audiovisual\/\" \/>\n<meta property=\"og:locale\" content=\"es_ES\" \/>\n<meta property=\"og:type\" content=\"article\" \/>\n<meta property=\"og:title\" content=\"SATSAID visit\u00f3 Iguaz\u00fa y analiz\u00f3 la situaci\u00f3n del sector audiovisual | CVI NOTICIAS\" \/>\n<meta property=\"og:description\" content=\"SATSAID visit\u00f3 Iguaz\u00fa y advirti\u00f3 sobre el impacto de las medidas nacionales en el sector audiovisual.\" \/>\n<meta property=\"og:url\" content=\"https:\/\/cvinoticias.com\/v3\/las-autoridades-del-satsaid-visitaron-iguazu-y-analizaron-la-realidad-del-sector-audiovisual\/\" \/>\n<meta property=\"og:site_name\" content=\"CVI NOTICIAS\" \/>\n<meta property=\"article:publisher\" content=\"https:\/\/www.facebook.com\/cvinoticias\" \/>\n<meta property=\"article:published_time\" content=\"2025-04-21T20:26:11+00:00\" \/>\n<meta property=\"og:image\" content=\"https:\/\/cvinoticias.com\/wp-content\/uploads\/2025\/04\/IMG-20250421-WA01071.jpg\" \/>\n\t<meta property=\"og:image:width\" content=\"793\" \/>\n\t<meta property=\"og:image:height\" content=\"509\" \/>\n\t<meta property=\"og:image:type\" content=\"image\/jpeg\" \/>\n<meta name=\"author\" content=\"f1000024\" \/>\n<meta name=\"twitter:card\" content=\"summary_large_image\" \/>\n<meta name=\"twitter:label1\" content=\"Escrito por\" \/>\n\t<meta name=\"twitter:data1\" content=\"f1000024\" \/>\n\t<meta name=\"twitter:label2\" content=\"Tiempo de lectura\" \/>\n\t<meta name=\"twitter:data2\" content=\"2 minutos\" \/>\n<script type=\"application\/ld+json\" class=\"yoast-schema-graph\">{\"@context\":\"https:\\\/\\\/schema.org\",\"@graph\":[{\"@type\":\"Article\",\"@id\":\"https:\\\/\\\/cvinoticias.com\\\/v3\\\/las-autoridades-del-satsaid-visitaron-iguazu-y-analizaron-la-realidad-del-sector-audiovisual\\\/#article\",\"isPartOf\":{\"@id\":\"https:\\\/\\\/cvinoticias.com\\\/v3\\\/las-autoridades-del-satsaid-visitaron-iguazu-y-analizaron-la-realidad-del-sector-audiovisual\\\/\"},\"author\":{\"name\":\"f1000024\",\"@id\":\"https:\\\/\\\/cvinoticias.com\\\/v3\\\/#\\\/schema\\\/person\\\/2db77e3c6bc03c538495d7b2b8be9b66\"},\"headline\":\"Las autoridades del SATSAID visitaron Iguaz\u00fa y analizaron la realidad del sector audiovisual\",\"datePublished\":\"2025-04-21T20:26:11+00:00\",\"mainEntityOfPage\":{\"@id\":\"https:\\\/\\\/cvinoticias.com\\\/v3\\\/las-autoridades-del-satsaid-visitaron-iguazu-y-analizaron-la-realidad-del-sector-audiovisual\\\/\"},\"wordCount\":236,\"commentCount\":0,\"publisher\":{\"@id\":\"https:\\\/\\\/cvinoticias.com\\\/v3\\\/#organization\"},\"image\":{\"@id\":\"https:\\\/\\\/cvinoticias.com\\\/v3\\\/las-autoridades-del-satsaid-visitaron-iguazu-y-analizaron-la-realidad-del-sector-audiovisual\\\/#primaryimage\"},\"thumbnailUrl\":\"https:\\\/\\\/cvinoticias.com\\\/wp-content\\\/uploads\\\/2025\\\/04\\\/IMG-20250421-WA01071.jpg\",\"keywords\":[\"Puerto Iguaz\u00fa\",\"Sector audiovisual\"],\"articleSection\":[\"Locales\"],\"inLanguage\":\"es\",\"potentialAction\":[{\"@type\":\"CommentAction\",\"name\":\"Comment\",\"target\":[\"https:\\\/\\\/cvinoticias.com\\\/v3\\\/las-autoridades-del-satsaid-visitaron-iguazu-y-analizaron-la-realidad-del-sector-audiovisual\\\/#respond\"]}]},{\"@type\":\"WebPage\",\"@id\":\"https:\\\/\\\/cvinoticias.com\\\/v3\\\/las-autoridades-del-satsaid-visitaron-iguazu-y-analizaron-la-realidad-del-sector-audiovisual\\\/\",\"url\":\"https:\\\/\\\/cvinoticias.com\\\/v3\\\/las-autoridades-del-satsaid-visitaron-iguazu-y-analizaron-la-realidad-del-sector-audiovisual\\\/\",\"name\":\"SATSAID visit\u00f3 Iguaz\u00fa y analiz\u00f3 la situaci\u00f3n del sector audiovisual | CVI NOTICIAS\",\"isPartOf\":{\"@id\":\"https:\\\/\\\/cvinoticias.com\\\/v3\\\/#website\"},\"primaryImageOfPage\":{\"@id\":\"https:\\\/\\\/cvinoticias.com\\\/v3\\\/las-autoridades-del-satsaid-visitaron-iguazu-y-analizaron-la-realidad-del-sector-audiovisual\\\/#primaryimage\"},\"image\":{\"@id\":\"https:\\\/\\\/cvinoticias.com\\\/v3\\\/las-autoridades-del-satsaid-visitaron-iguazu-y-analizaron-la-realidad-del-sector-audiovisual\\\/#primaryimage\"},\"thumbnailUrl\":\"https:\\\/\\\/cvinoticias.com\\\/wp-content\\\/uploads\\\/2025\\\/04\\\/IMG-20250421-WA01071.jpg\",\"datePublished\":\"2025-04-21T20:26:11+00:00\",\"description\":\"SATSAID visit\u00f3 Iguaz\u00fa y advirti\u00f3 sobre el impacto de las medidas nacionales en el sector audiovisual.\",\"breadcrumb\":{\"@id\":\"https:\\\/\\\/cvinoticias.com\\\/v3\\\/las-autoridades-del-satsaid-visitaron-iguazu-y-analizaron-la-realidad-del-sector-audiovisual\\\/#breadcrumb\"},\"inLanguage\":\"es\",\"potentialAction\":[{\"@type\":\"ReadAction\",\"target\":[\"https:\\\/\\\/cvinoticias.com\\\/v3\\\/las-autoridades-del-satsaid-visitaron-iguazu-y-analizaron-la-realidad-del-sector-audiovisual\\\/\"]}]},{\"@type\":\"ImageObject\",\"inLanguage\":\"es\",\"@id\":\"https:\\\/\\\/cvinoticias.com\\\/v3\\\/las-autoridades-del-satsaid-visitaron-iguazu-y-analizaron-la-realidad-del-sector-audiovisual\\\/#primaryimage\",\"url\":\"https:\\\/\\\/cvinoticias.com\\\/wp-content\\\/uploads\\\/2025\\\/04\\\/IMG-20250421-WA01071.jpg\",\"contentUrl\":\"https:\\\/\\\/cvinoticias.com\\\/wp-content\\\/uploads\\\/2025\\\/04\\\/IMG-20250421-WA01071.jpg\",\"width\":793,\"height\":509},{\"@type\":\"BreadcrumbList\",\"@id\":\"https:\\\/\\\/cvinoticias.com\\\/v3\\\/las-autoridades-del-satsaid-visitaron-iguazu-y-analizaron-la-realidad-del-sector-audiovisual\\\/#breadcrumb\",\"itemListElement\":[{\"@type\":\"ListItem\",\"position\":1,\"name\":\"Portada\",\"item\":\"https:\\\/\\\/cvinoticias.com\\\/v3\\\/\"},{\"@type\":\"ListItem\",\"position\":2,\"name\":\"Las autoridades del SATSAID visitaron Iguaz\u00fa y analizaron la realidad del sector audiovisual\"}]},{\"@type\":\"WebSite\",\"@id\":\"https:\\\/\\\/cvinoticias.com\\\/v3\\\/#website\",\"url\":\"https:\\\/\\\/cvinoticias.com\\\/v3\\\/\",\"name\":\"CVI NOTICIAS\",\"description\":\"\",\"publisher\":{\"@id\":\"https:\\\/\\\/cvinoticias.com\\\/v3\\\/#organization\"},\"alternateName\":\"CVI\",\"potentialAction\":[{\"@type\":\"SearchAction\",\"target\":{\"@type\":\"EntryPoint\",\"urlTemplate\":\"https:\\\/\\\/cvinoticias.com\\\/v3\\\/?s={search_term_string}\"},\"query-input\":{\"@type\":\"PropertyValueSpecification\",\"valueRequired\":true,\"valueName\":\"search_term_string\"}}],\"inLanguage\":\"es\"},{\"@type\":\"Organization\",\"@id\":\"https:\\\/\\\/cvinoticias.com\\\/v3\\\/#organization\",\"name\":\"CVI NOTICIAS\",\"url\":\"https:\\\/\\\/cvinoticias.com\\\/v3\\\/\",\"logo\":{\"@type\":\"ImageObject\",\"inLanguage\":\"es\",\"@id\":\"https:\\\/\\\/cvinoticias.com\\\/v3\\\/#\\\/schema\\\/logo\\\/image\\\/\",\"url\":\"https:\\\/\\\/cvinoticias.com\\\/wp-content\\\/uploads\\\/2023\\\/04\\\/cropped-cropped-cropped-cropped-cropped-3-1.png\",\"contentUrl\":\"https:\\\/\\\/cvinoticias.com\\\/wp-content\\\/uploads\\\/2023\\\/04\\\/cropped-cropped-cropped-cropped-cropped-3-1.png\",\"width\":95,\"height\":122,\"caption\":\"CVI NOTICIAS\"},\"image\":{\"@id\":\"https:\\\/\\\/cvinoticias.com\\\/v3\\\/#\\\/schema\\\/logo\\\/image\\\/\"},\"sameAs\":[\"https:\\\/\\\/www.facebook.com\\\/cvinoticias\",\"https:\\\/\\\/www.instagram.com\\\/cvinoticias\\\/\",\"https:\\\/\\\/www.youtube.com\\\/@CVINOTICIAS\"]},{\"@type\":\"Person\",\"@id\":\"https:\\\/\\\/cvinoticias.com\\\/v3\\\/#\\\/schema\\\/person\\\/2db77e3c6bc03c538495d7b2b8be9b66\",\"name\":\"f1000024\",\"image\":{\"@type\":\"ImageObject\",\"inLanguage\":\"es\",\"@id\":\"https:\\\/\\\/secure.gravatar.com\\\/avatar\\\/d4fe7459cfc51ff5129ce1a732bbef5928568b8092d412ef95611616376bbeed?s=96&d=mm&r=g\",\"url\":\"https:\\\/\\\/secure.gravatar.com\\\/avatar\\\/d4fe7459cfc51ff5129ce1a732bbef5928568b8092d412ef95611616376bbeed?s=96&d=mm&r=g\",\"contentUrl\":\"https:\\\/\\\/secure.gravatar.com\\\/avatar\\\/d4fe7459cfc51ff5129ce1a732bbef5928568b8092d412ef95611616376bbeed?s=96&d=mm&r=g\",\"caption\":\"f1000024\"},\"url\":\"https:\\\/\\\/cvinoticias.com\\\/v3\\\/author\\\/f1000024\\\/\"}]}<\/script>\n<!-- \/ Yoast SEO plugin. -->","yoast_head_json":{"title":"SATSAID visit\u00f3 Iguaz\u00fa y analiz\u00f3 la situaci\u00f3n del sector audiovisual | CVI NOTICIAS","description":"SATSAID visit\u00f3 Iguaz\u00fa y advirti\u00f3 sobre el impacto de las medidas nacionales en el sector audiovisual.","robots":{"index":"index","follow":"follow","max-snippet":"max-snippet:-1","max-image-preview":"max-image-preview:large","max-video-preview":"max-video-preview:-1"},"canonical":"https:\/\/cvinoticias.com\/v3\/las-autoridades-del-satsaid-visitaron-iguazu-y-analizaron-la-realidad-del-sector-audiovisual\/","og_locale":"es_ES","og_type":"article","og_title":"SATSAID visit\u00f3 Iguaz\u00fa y analiz\u00f3 la situaci\u00f3n del sector audiovisual | CVI NOTICIAS","og_description":"SATSAID visit\u00f3 Iguaz\u00fa y advirti\u00f3 sobre el impacto de las medidas nacionales en el sector audiovisual.","og_url":"https:\/\/cvinoticias.com\/v3\/las-autoridades-del-satsaid-visitaron-iguazu-y-analizaron-la-realidad-del-sector-audiovisual\/","og_site_name":"CVI NOTICIAS","article_publisher":"https:\/\/www.facebook.com\/cvinoticias","article_published_time":"2025-04-21T20:26:11+00:00","og_image":[{"width":793,"height":509,"url":"https:\/\/cvinoticias.com\/wp-content\/uploads\/2025\/04\/IMG-20250421-WA01071.jpg","type":"image\/jpeg"}],"author":"f1000024","twitter_card":"summary_large_image","twitter_misc":{"Escrito por":"f1000024","Tiempo de lectura":"2 minutos"},"schema":{"@context":"https:\/\/schema.org","@graph":[{"@type":"Article","@id":"https:\/\/cvinoticias.com\/v3\/las-autoridades-del-satsaid-visitaron-iguazu-y-analizaron-la-realidad-del-sector-audiovisual\/#article","isPartOf":{"@id":"https:\/\/cvinoticias.com\/v3\/las-autoridades-del-satsaid-visitaron-iguazu-y-analizaron-la-realidad-del-sector-audiovisual\/"},"author":{"name":"f1000024","@id":"https:\/\/cvinoticias.com\/v3\/#\/schema\/person\/2db77e3c6bc03c538495d7b2b8be9b66"},"headline":"Las autoridades del SATSAID visitaron Iguaz\u00fa y analizaron la realidad del sector audiovisual","datePublished":"2025-04-21T20:26:11+00:00","mainEntityOfPage":{"@id":"https:\/\/cvinoticias.com\/v3\/las-autoridades-del-satsaid-visitaron-iguazu-y-analizaron-la-realidad-del-sector-audiovisual\/"},"wordCount":236,"commentCount":0,"publisher":{"@id":"https:\/\/cvinoticias.com\/v3\/#organization"},"image":{"@id":"https:\/\/cvinoticias.com\/v3\/las-autoridades-del-satsaid-visitaron-iguazu-y-analizaron-la-realidad-del-sector-audiovisual\/#primaryimage"},"thumbnailUrl":"https:\/\/cvinoticias.com\/wp-content\/uploads\/2025\/04\/IMG-20250421-WA01071.jpg","keywords":["Puerto Iguaz\u00fa","Sector audiovisual"],"articleSection":["Locales"],"inLanguage":"es","potentialAction":[{"@type":"CommentAction","name":"Comment","target":["https:\/\/cvinoticias.com\/v3\/las-autoridades-del-satsaid-visitaron-iguazu-y-analizaron-la-realidad-del-sector-audiovisual\/#respond"]}]},{"@type":"WebPage","@id":"https:\/\/cvinoticias.com\/v3\/las-autoridades-del-satsaid-visitaron-iguazu-y-analizaron-la-realidad-del-sector-audiovisual\/","url":"https:\/\/cvinoticias.com\/v3\/las-autoridades-del-satsaid-visitaron-iguazu-y-analizaron-la-realidad-del-sector-audiovisual\/","name":"SATSAID visit\u00f3 Iguaz\u00fa y analiz\u00f3 la situaci\u00f3n del sector audiovisual | CVI NOTICIAS","isPartOf":{"@id":"https:\/\/cvinoticias.com\/v3\/#website"},"primaryImageOfPage":{"@id":"https:\/\/cvinoticias.com\/v3\/las-autoridades-del-satsaid-visitaron-iguazu-y-analizaron-la-realidad-del-sector-audiovisual\/#primaryimage"},"image":{"@id":"https:\/\/cvinoticias.com\/v3\/las-autoridades-del-satsaid-visitaron-iguazu-y-analizaron-la-realidad-del-sector-audiovisual\/#primaryimage"},"thumbnailUrl":"https:\/\/cvinoticias.com\/wp-content\/uploads\/2025\/04\/IMG-20250421-WA01071.jpg","datePublished":"2025-04-21T20:26:11+00:00","description":"SATSAID visit\u00f3 Iguaz\u00fa y advirti\u00f3 sobre el impacto de las medidas nacionales en el sector audiovisual.","breadcrumb":{"@id":"https:\/\/cvinoticias.com\/v3\/las-autoridades-del-satsaid-visitaron-iguazu-y-analizaron-la-realidad-del-sector-audiovisual\/#breadcrumb"},"inLanguage":"es","potentialAction":[{"@type":"ReadAction","target":["https:\/\/cvinoticias.com\/v3\/las-autoridades-del-satsaid-visitaron-iguazu-y-analizaron-la-realidad-del-sector-audiovisual\/"]}]},{"@type":"ImageObject","inLanguage":"es","@id":"https:\/\/cvinoticias.com\/v3\/las-autoridades-del-satsaid-visitaron-iguazu-y-analizaron-la-realidad-del-sector-audiovisual\/#primaryimage","url":"https:\/\/cvinoticias.com\/wp-content\/uploads\/2025\/04\/IMG-20250421-WA01071.jpg","contentUrl":"https:\/\/cvinoticias.com\/wp-content\/uploads\/2025\/04\/IMG-20250421-WA01071.jpg","width":793,"height":509},{"@type":"BreadcrumbList","@id":"https:\/\/cvinoticias.com\/v3\/las-autoridades-del-satsaid-visitaron-iguazu-y-analizaron-la-realidad-del-sector-audiovisual\/#breadcrumb","itemListElement":[{"@type":"ListItem","position":1,"name":"Portada","item":"https:\/\/cvinoticias.com\/v3\/"},{"@type":"ListItem","position":2,"name":"Las autoridades del SATSAID visitaron Iguaz\u00fa y analizaron la realidad del sector audiovisual"}]},{"@type":"WebSite","@id":"https:\/\/cvinoticias.com\/v3\/#website","url":"https:\/\/cvinoticias.com\/v3\/","name":"CVI NOTICIAS","description":"","publisher":{"@id":"https:\/\/cvinoticias.com\/v3\/#organization"},"alternateName":"CVI","potentialAction":[{"@type":"SearchAction","target":{"@type":"EntryPoint","urlTemplate":"https:\/\/cvinoticias.com\/v3\/?s={search_term_string}"},"query-input":{"@type":"PropertyValueSpecification","valueRequired":true,"valueName":"search_term_string"}}],"inLanguage":"es"},{"@type":"Organization","@id":"https:\/\/cvinoticias.com\/v3\/#organization","name":"CVI NOTICIAS","url":"https:\/\/cvinoticias.com\/v3\/","logo":{"@type":"ImageObject","inLanguage":"es","@id":"https:\/\/cvinoticias.com\/v3\/#\/schema\/logo\/image\/","url":"https:\/\/cvinoticias.com\/wp-content\/uploads\/2023\/04\/cropped-cropped-cropped-cropped-cropped-3-1.png","contentUrl":"https:\/\/cvinoticias.com\/wp-content\/uploads\/2023\/04\/cropped-cropped-cropped-cropped-cropped-3-1.png","width":95,"height":122,"caption":"CVI NOTICIAS"},"image":{"@id":"https:\/\/cvinoticias.com\/v3\/#\/schema\/logo\/image\/"},"sameAs":["https:\/\/www.facebook.com\/cvinoticias","https:\/\/www.instagram.com\/cvinoticias\/","https:\/\/www.youtube.com\/@CVINOTICIAS"]},{"@type":"Person","@id":"https:\/\/cvinoticias.com\/v3\/#\/schema\/person\/2db77e3c6bc03c538495d7b2b8be9b66","name":"f1000024","image":{"@type":"ImageObject","inLanguage":"es","@id":"https:\/\/secure.gravatar.com\/avatar\/d4fe7459cfc51ff5129ce1a732bbef5928568b8092d412ef95611616376bbeed?s=96&d=mm&r=g","url":"https:\/\/secure.gravatar.com\/avatar\/d4fe7459cfc51ff5129ce1a732bbef5928568b8092d412ef95611616376bbeed?s=96&d=mm&r=g","contentUrl":"https:\/\/secure.gravatar.com\/avatar\/d4fe7459cfc51ff5129ce1a732bbef5928568b8092d412ef95611616376bbeed?s=96&d=mm&r=g","caption":"f1000024"},"url":"https:\/\/cvinoticias.com\/v3\/author\/f1000024\/"}]}},"_links":{"self":[{"href":"https:\/\/cvinoticias.com\/v3\/wp-json\/wp\/v2\/posts\/42035","targetHints":{"allow":["GET"]}}],"collection":[{"href":"https:\/\/cvinoticias.com\/v3\/wp-json\/wp\/v2\/posts"}],"about":[{"href":"https:\/\/cvinoticias.com\/v3\/wp-json\/wp\/v2\/types\/post"}],"author":[{"embeddable":true,"href":"https:\/\/cvinoticias.com\/v3\/wp-json\/wp\/v2\/users\/2"}],"replies":[{"embeddable":true,"href":"https:\/\/cvinoticias.com\/v3\/wp-json\/wp\/v2\/comments?post=42035"}],"version-history":[{"count":1,"href":"https:\/\/cvinoticias.com\/v3\/wp-json\/wp\/v2\/posts\/42035\/revisions"}],"predecessor-version":[{"id":42037,"href":"https:\/\/cvinoticias.com\/v3\/wp-json\/wp\/v2\/posts\/42035\/revisions\/42037"}],"wp:featuredmedia":[{"embeddable":true,"href":"https:\/\/cvinoticias.com\/v3\/wp-json\/wp\/v2\/media\/42036"}],"wp:attachment":[{"href":"https:\/\/cvinoticias.com\/v3\/wp-json\/wp\/v2\/media?parent=42035"}],"wp:term":[{"taxonomy":"category","embeddable":true,"href":"https:\/\/cvinoticias.com\/v3\/wp-json\/wp\/v2\/categories?post=42035"},{"taxonomy":"post_tag","embeddable":true,"href":"https:\/\/cvinoticias.com\/v3\/wp-json\/wp\/v2\/tags?post=42035"}],"curies":[{"name":"wp","href":"https:\/\/api.w.org\/{rel}","templated":true}]}}