{"id":41874,"date":"2025-04-17T08:35:17","date_gmt":"2025-04-17T11:35:17","guid":{"rendered":"https:\/\/cvinoticias.com\/v3\/?p=41874"},"modified":"2025-04-17T08:35:18","modified_gmt":"2025-04-17T11:35:18","slug":"fiscal-rau-hemos-logrado-nuestro-proposito-de-hacer-justicia","status":"publish","type":"post","link":"https:\/\/cvinoticias.com\/v3\/fiscal-rau-hemos-logrado-nuestro-proposito-de-hacer-justicia\/","title":{"rendered":"Fiscal Rau: \u201cHemos logrado nuestro prop\u00f3sito de hacer justicia\u201d"},"content":{"rendered":"\n<p>Este mi\u00e9rcoles en un fallo hist\u00f3rico, condenaron al exdiputado provincial Germ\u00e1n Kiczka a 14 a\u00f1os de prisi\u00f3n por tenencia, facilitaci\u00f3n y distribuci\u00f3n de Material de Abuso Sexual Infantil (MASI), y a su hermano Sebasti\u00e1n a 12, marc\u00f3 un antes y un despu\u00e9s en la justicia de Misiones. Los fiscales que estuvieron al frente del caso fueron Mart\u00edn Rau con el fiscal de tribunal adjunto Vladimir Glinka.<\/p>\n\n\n\n<p>En el Palacio de Justicia, tras los alegatos, contra alegatos y la \u00faltima declaraci\u00f3n de los imputados, los jueces Gustavo Bernie, Viviana Cukla y C\u00e9sar Antonio Yaya determinaron una sentencia de 14 a\u00f1os de prisi\u00f3n efectiva para Germ\u00e1n Kiczka, m\u00e1s accesorias legales y con costas. Esto, por distribuci\u00f3n y facilitaci\u00f3n de archivos MASI, agravado por ser las v\u00edctimas, menores de 13 a\u00f1os de edad.<\/p>\n\n\n\n<p>En tanto, para Sebasti\u00e1n Kiczka se resolvi\u00f3 una condena de 12 a\u00f1os de prisi\u00f3n de cumplimiento efectivo, m\u00e1s accesorias legales con costas porque lo encontraron autor penalmente responsable del delito de tenencia y distribuci\u00f3n de archivos MASI, adem\u00e1s de abuso sexual sin acceso carnal.<\/p>\n\n\n\n<p>\u201cCiertamente nos vamos conformes. Al menos yo creo que hemos logrado nuestro prop\u00f3sito de hacer justicia de la manera que la pensamos\u201d, sostuvo el fiscal que estuvo al frente del caso, Mart\u00edn Rau.<\/p>\n\n\n\n<p>Por otra parte, sobre las expectativas previas al fallo, Rau record\u00f3 que desde el inicio del juicio contaban con una base probatoria s\u00f3lida. \u201cNosotros el d\u00eda uno de este juicio le dijimos al tribunal que ven\u00edamos a contarle un caso s\u00f3lido con la verdad y en funci\u00f3n del gran caudal de pruebas que ten\u00edamos en el expediente\u201d.<\/p>\n\n\n\n<p>\u201cEra una cuesti\u00f3n que ten\u00edamos muy estudiada. Est\u00e1bamos absolutamente convencidos desde el principio\u201d, agreg\u00f3. \u201cLo que restaba \u00fanicamente era que las cosas salgan de acuerdo con lo que nosotros hab\u00edamos visto en el expediente, porque un juicio oral tiene cierto grado de impredecibilidad. Un testigo puede venir y no contar las cosas del mismo modo que las veces anteriores. Bueno, no pas\u00f3 esto, las cosas se confirmaron 100% como las hab\u00edamos planeado\u201d.<\/p>\n\n\n\n<hr class=\"wp-block-separator has-alpha-channel-opacity\"\/>\n\n\n\n<figure class=\"wp-block-embed is-type-video is-provider-youtube wp-block-embed-youtube wp-embed-aspect-16-9 wp-has-aspect-ratio\"><div class=\"wp-block-embed__wrapper\">\n<iframe title=\"Alegatos y Sentencia. Expte. 47936\/24 KICZKA Germ\u00e1n y Sebasti\u00e1n.\" width=\"640\" height=\"360\" data-src=\"https:\/\/www.youtube.com\/embed\/Jdof7eQNlSg?feature=oembed\" frameborder=\"0\" allow=\"accelerometer; autoplay; clipboard-write; encrypted-media; gyroscope; picture-in-picture; web-share\" referrerpolicy=\"strict-origin-when-cross-origin\" allowfullscreen src=\"data:image\/svg+xml;base64,PHN2ZyB3aWR0aD0iMSIgaGVpZ2h0PSIxIiB4bWxucz0iaHR0cDovL3d3dy53My5vcmcvMjAwMC9zdmciPjwvc3ZnPg==\" class=\"lazyload\" data-load-mode=\"1\"><\/iframe>\n<\/div><\/figure>\n\n\n\n<hr class=\"wp-block-separator has-alpha-channel-opacity\"\/>\n\n\n\n<p>Rau afirm\u00f3 que la presentaci\u00f3n del caso fue coherente desde el inicio. \u201cNos propusimos una flecha y fuimos directos en ese sentido. Lo probamos y actuamos en consecuencia pidiendo las condenas que nosotros estimamos\u201d, afirm\u00f3.<\/p>\n\n\n\n<p>Seg\u00fan Rau, el juicio represent\u00f3 un antes y un despu\u00e9s en la justicia provincial. \u201cYo creo que estamos ante un d\u00eda que para nosotros, los misioneros, es hist\u00f3rico.<strong>&nbsp;Es hist\u00f3rico por todo lo que se gener\u00f3, es hist\u00f3rico porque es un proceso \u00edntegramente a la evidencia digital\u201d,<\/strong>&nbsp;sostuvo Rau.<\/p>\n\n\n\n<p>Fuente: Canal 12 Misiones <\/p>\n","protected":false},"excerpt":{"rendered":"<p>Este mi\u00e9rcoles en un fallo hist\u00f3rico, condenaron al exdiputado provincial Germ\u00e1n Kiczka a 14 a\u00f1os de prisi\u00f3n por tenencia, facilitaci\u00f3n y distribuci\u00f3n de Material de Abuso Sexual Infantil (MASI), y a su hermano Sebasti\u00e1n a 12, marc\u00f3 un antes y un despu\u00e9s en la justicia de Misiones. Los fiscales que estuvieron al frente del caso [&hellip;]<\/p>\n","protected":false},"author":2,"featured_media":41875,"comment_status":"open","ping_status":"open","sticky":false,"template":"","format":"standard","meta":{"footnotes":""},"categories":[37,455],"tags":[1958,1955],"class_list":["post-41874","post","type-post","status-publish","format-standard","has-post-thumbnail","hentry","category-justicia","category-misiones","tag-caso-kiczka","tag-condena"],"yoast_head":"<!-- This site is optimized with the Yoast SEO plugin v27.5 - https:\/\/yoast.com\/product\/yoast-seo-wordpress\/ -->\n<title>Fiscal Rau: \u201cHemos logrado nuestro prop\u00f3sito de hacer justicia\u201d | CVI NOTICIAS<\/title>\n<meta name=\"description\" content=\"Este mi\u00e9rcoles en un fallo hist\u00f3rico, condenaron al exdiputado provincial Germ\u00e1n Kiczka a 14 a\u00f1os por (MASI) y a su hermano Sebasti\u00e1n a 12\" \/>\n<meta name=\"robots\" content=\"index, follow, max-snippet:-1, max-image-preview:large, max-video-preview:-1\" \/>\n<link rel=\"canonical\" href=\"https:\/\/cvinoticias.com\/v3\/fiscal-rau-hemos-logrado-nuestro-proposito-de-hacer-justicia\/\" \/>\n<meta property=\"og:locale\" content=\"es_ES\" \/>\n<meta property=\"og:type\" content=\"article\" \/>\n<meta property=\"og:title\" content=\"Fiscal Rau: \u201cHemos logrado nuestro prop\u00f3sito de hacer justicia\u201d | CVI NOTICIAS\" \/>\n<meta property=\"og:description\" content=\"Este mi\u00e9rcoles en un fallo hist\u00f3rico, condenaron al exdiputado provincial Germ\u00e1n Kiczka a 14 a\u00f1os por (MASI) y a su hermano Sebasti\u00e1n a 12\" \/>\n<meta property=\"og:url\" content=\"https:\/\/cvinoticias.com\/v3\/fiscal-rau-hemos-logrado-nuestro-proposito-de-hacer-justicia\/\" \/>\n<meta property=\"og:site_name\" content=\"CVI NOTICIAS\" \/>\n<meta property=\"article:publisher\" content=\"https:\/\/www.facebook.com\/cvinoticias\" \/>\n<meta property=\"article:published_time\" content=\"2025-04-17T11:35:17+00:00\" \/>\n<meta property=\"article:modified_time\" content=\"2025-04-17T11:35:18+00:00\" \/>\n<meta property=\"og:image\" content=\"https:\/\/cvinoticias.com\/wp-content\/uploads\/2025\/04\/PSX_20250416_100608.jpeg\" \/>\n\t<meta property=\"og:image:width\" content=\"768\" \/>\n\t<meta property=\"og:image:height\" content=\"515\" \/>\n\t<meta property=\"og:image:type\" content=\"image\/jpeg\" \/>\n<meta name=\"author\" content=\"f1000024\" \/>\n<meta name=\"twitter:card\" content=\"summary_large_image\" \/>\n<meta name=\"twitter:label1\" content=\"Escrito por\" \/>\n\t<meta name=\"twitter:data1\" content=\"f1000024\" \/>\n\t<meta name=\"twitter:label2\" content=\"Tiempo de lectura\" \/>\n\t<meta name=\"twitter:data2\" content=\"3 minutos\" \/>\n<script type=\"application\/ld+json\" class=\"yoast-schema-graph\">{\"@context\":\"https:\\\/\\\/schema.org\",\"@graph\":[{\"@type\":\"Article\",\"@id\":\"https:\\\/\\\/cvinoticias.com\\\/v3\\\/fiscal-rau-hemos-logrado-nuestro-proposito-de-hacer-justicia\\\/#article\",\"isPartOf\":{\"@id\":\"https:\\\/\\\/cvinoticias.com\\\/v3\\\/fiscal-rau-hemos-logrado-nuestro-proposito-de-hacer-justicia\\\/\"},\"author\":{\"name\":\"f1000024\",\"@id\":\"https:\\\/\\\/cvinoticias.com\\\/v3\\\/#\\\/schema\\\/person\\\/2db77e3c6bc03c538495d7b2b8be9b66\"},\"headline\":\"Fiscal Rau: \u201cHemos logrado nuestro prop\u00f3sito de hacer justicia\u201d\",\"datePublished\":\"2025-04-17T11:35:17+00:00\",\"dateModified\":\"2025-04-17T11:35:18+00:00\",\"mainEntityOfPage\":{\"@id\":\"https:\\\/\\\/cvinoticias.com\\\/v3\\\/fiscal-rau-hemos-logrado-nuestro-proposito-de-hacer-justicia\\\/\"},\"wordCount\":486,\"commentCount\":0,\"publisher\":{\"@id\":\"https:\\\/\\\/cvinoticias.com\\\/v3\\\/#organization\"},\"image\":{\"@id\":\"https:\\\/\\\/cvinoticias.com\\\/v3\\\/fiscal-rau-hemos-logrado-nuestro-proposito-de-hacer-justicia\\\/#primaryimage\"},\"thumbnailUrl\":\"https:\\\/\\\/cvinoticias.com\\\/wp-content\\\/uploads\\\/2025\\\/04\\\/PSX_20250416_100608.jpeg\",\"keywords\":[\"Caso Kiczka\",\"Condena\"],\"articleSection\":[\"Justicia\",\"Misiones\"],\"inLanguage\":\"es\",\"potentialAction\":[{\"@type\":\"CommentAction\",\"name\":\"Comment\",\"target\":[\"https:\\\/\\\/cvinoticias.com\\\/v3\\\/fiscal-rau-hemos-logrado-nuestro-proposito-de-hacer-justicia\\\/#respond\"]}]},{\"@type\":\"WebPage\",\"@id\":\"https:\\\/\\\/cvinoticias.com\\\/v3\\\/fiscal-rau-hemos-logrado-nuestro-proposito-de-hacer-justicia\\\/\",\"url\":\"https:\\\/\\\/cvinoticias.com\\\/v3\\\/fiscal-rau-hemos-logrado-nuestro-proposito-de-hacer-justicia\\\/\",\"name\":\"Fiscal Rau: \u201cHemos logrado nuestro prop\u00f3sito de hacer justicia\u201d | CVI NOTICIAS\",\"isPartOf\":{\"@id\":\"https:\\\/\\\/cvinoticias.com\\\/v3\\\/#website\"},\"primaryImageOfPage\":{\"@id\":\"https:\\\/\\\/cvinoticias.com\\\/v3\\\/fiscal-rau-hemos-logrado-nuestro-proposito-de-hacer-justicia\\\/#primaryimage\"},\"image\":{\"@id\":\"https:\\\/\\\/cvinoticias.com\\\/v3\\\/fiscal-rau-hemos-logrado-nuestro-proposito-de-hacer-justicia\\\/#primaryimage\"},\"thumbnailUrl\":\"https:\\\/\\\/cvinoticias.com\\\/wp-content\\\/uploads\\\/2025\\\/04\\\/PSX_20250416_100608.jpeg\",\"datePublished\":\"2025-04-17T11:35:17+00:00\",\"dateModified\":\"2025-04-17T11:35:18+00:00\",\"description\":\"Este mi\u00e9rcoles en un fallo hist\u00f3rico, condenaron al exdiputado provincial Germ\u00e1n Kiczka a 14 a\u00f1os por (MASI) y a su hermano Sebasti\u00e1n a 12\",\"breadcrumb\":{\"@id\":\"https:\\\/\\\/cvinoticias.com\\\/v3\\\/fiscal-rau-hemos-logrado-nuestro-proposito-de-hacer-justicia\\\/#breadcrumb\"},\"inLanguage\":\"es\",\"potentialAction\":[{\"@type\":\"ReadAction\",\"target\":[\"https:\\\/\\\/cvinoticias.com\\\/v3\\\/fiscal-rau-hemos-logrado-nuestro-proposito-de-hacer-justicia\\\/\"]}]},{\"@type\":\"ImageObject\",\"inLanguage\":\"es\",\"@id\":\"https:\\\/\\\/cvinoticias.com\\\/v3\\\/fiscal-rau-hemos-logrado-nuestro-proposito-de-hacer-justicia\\\/#primaryimage\",\"url\":\"https:\\\/\\\/cvinoticias.com\\\/wp-content\\\/uploads\\\/2025\\\/04\\\/PSX_20250416_100608.jpeg\",\"contentUrl\":\"https:\\\/\\\/cvinoticias.com\\\/wp-content\\\/uploads\\\/2025\\\/04\\\/PSX_20250416_100608.jpeg\",\"width\":768,\"height\":515},{\"@type\":\"BreadcrumbList\",\"@id\":\"https:\\\/\\\/cvinoticias.com\\\/v3\\\/fiscal-rau-hemos-logrado-nuestro-proposito-de-hacer-justicia\\\/#breadcrumb\",\"itemListElement\":[{\"@type\":\"ListItem\",\"position\":1,\"name\":\"Portada\",\"item\":\"https:\\\/\\\/cvinoticias.com\\\/v3\\\/\"},{\"@type\":\"ListItem\",\"position\":2,\"name\":\"Fiscal Rau: \u201cHemos logrado nuestro prop\u00f3sito de hacer justicia\u201d\"}]},{\"@type\":\"WebSite\",\"@id\":\"https:\\\/\\\/cvinoticias.com\\\/v3\\\/#website\",\"url\":\"https:\\\/\\\/cvinoticias.com\\\/v3\\\/\",\"name\":\"CVI NOTICIAS\",\"description\":\"\",\"publisher\":{\"@id\":\"https:\\\/\\\/cvinoticias.com\\\/v3\\\/#organization\"},\"alternateName\":\"CVI\",\"potentialAction\":[{\"@type\":\"SearchAction\",\"target\":{\"@type\":\"EntryPoint\",\"urlTemplate\":\"https:\\\/\\\/cvinoticias.com\\\/v3\\\/?s={search_term_string}\"},\"query-input\":{\"@type\":\"PropertyValueSpecification\",\"valueRequired\":true,\"valueName\":\"search_term_string\"}}],\"inLanguage\":\"es\"},{\"@type\":\"Organization\",\"@id\":\"https:\\\/\\\/cvinoticias.com\\\/v3\\\/#organization\",\"name\":\"CVI NOTICIAS\",\"url\":\"https:\\\/\\\/cvinoticias.com\\\/v3\\\/\",\"logo\":{\"@type\":\"ImageObject\",\"inLanguage\":\"es\",\"@id\":\"https:\\\/\\\/cvinoticias.com\\\/v3\\\/#\\\/schema\\\/logo\\\/image\\\/\",\"url\":\"https:\\\/\\\/cvinoticias.com\\\/wp-content\\\/uploads\\\/2023\\\/04\\\/cropped-cropped-cropped-cropped-cropped-3-1.png\",\"contentUrl\":\"https:\\\/\\\/cvinoticias.com\\\/wp-content\\\/uploads\\\/2023\\\/04\\\/cropped-cropped-cropped-cropped-cropped-3-1.png\",\"width\":95,\"height\":122,\"caption\":\"CVI NOTICIAS\"},\"image\":{\"@id\":\"https:\\\/\\\/cvinoticias.com\\\/v3\\\/#\\\/schema\\\/logo\\\/image\\\/\"},\"sameAs\":[\"https:\\\/\\\/www.facebook.com\\\/cvinoticias\",\"https:\\\/\\\/www.instagram.com\\\/cvinoticias\\\/\",\"https:\\\/\\\/www.youtube.com\\\/@CVINOTICIAS\"]},{\"@type\":\"Person\",\"@id\":\"https:\\\/\\\/cvinoticias.com\\\/v3\\\/#\\\/schema\\\/person\\\/2db77e3c6bc03c538495d7b2b8be9b66\",\"name\":\"f1000024\",\"image\":{\"@type\":\"ImageObject\",\"inLanguage\":\"es\",\"@id\":\"https:\\\/\\\/secure.gravatar.com\\\/avatar\\\/d4fe7459cfc51ff5129ce1a732bbef5928568b8092d412ef95611616376bbeed?s=96&d=mm&r=g\",\"url\":\"https:\\\/\\\/secure.gravatar.com\\\/avatar\\\/d4fe7459cfc51ff5129ce1a732bbef5928568b8092d412ef95611616376bbeed?s=96&d=mm&r=g\",\"contentUrl\":\"https:\\\/\\\/secure.gravatar.com\\\/avatar\\\/d4fe7459cfc51ff5129ce1a732bbef5928568b8092d412ef95611616376bbeed?s=96&d=mm&r=g\",\"caption\":\"f1000024\"},\"url\":\"https:\\\/\\\/cvinoticias.com\\\/v3\\\/author\\\/f1000024\\\/\"}]}<\/script>\n<!-- \/ Yoast SEO plugin. -->","yoast_head_json":{"title":"Fiscal Rau: \u201cHemos logrado nuestro prop\u00f3sito de hacer justicia\u201d | CVI NOTICIAS","description":"Este mi\u00e9rcoles en un fallo hist\u00f3rico, condenaron al exdiputado provincial Germ\u00e1n Kiczka a 14 a\u00f1os por (MASI) y a su hermano Sebasti\u00e1n a 12","robots":{"index":"index","follow":"follow","max-snippet":"max-snippet:-1","max-image-preview":"max-image-preview:large","max-video-preview":"max-video-preview:-1"},"canonical":"https:\/\/cvinoticias.com\/v3\/fiscal-rau-hemos-logrado-nuestro-proposito-de-hacer-justicia\/","og_locale":"es_ES","og_type":"article","og_title":"Fiscal Rau: \u201cHemos logrado nuestro prop\u00f3sito de hacer justicia\u201d | CVI NOTICIAS","og_description":"Este mi\u00e9rcoles en un fallo hist\u00f3rico, condenaron al exdiputado provincial Germ\u00e1n Kiczka a 14 a\u00f1os por (MASI) y a su hermano Sebasti\u00e1n a 12","og_url":"https:\/\/cvinoticias.com\/v3\/fiscal-rau-hemos-logrado-nuestro-proposito-de-hacer-justicia\/","og_site_name":"CVI NOTICIAS","article_publisher":"https:\/\/www.facebook.com\/cvinoticias","article_published_time":"2025-04-17T11:35:17+00:00","article_modified_time":"2025-04-17T11:35:18+00:00","og_image":[{"width":768,"height":515,"url":"https:\/\/cvinoticias.com\/wp-content\/uploads\/2025\/04\/PSX_20250416_100608.jpeg","type":"image\/jpeg"}],"author":"f1000024","twitter_card":"summary_large_image","twitter_misc":{"Escrito por":"f1000024","Tiempo de lectura":"3 minutos"},"schema":{"@context":"https:\/\/schema.org","@graph":[{"@type":"Article","@id":"https:\/\/cvinoticias.com\/v3\/fiscal-rau-hemos-logrado-nuestro-proposito-de-hacer-justicia\/#article","isPartOf":{"@id":"https:\/\/cvinoticias.com\/v3\/fiscal-rau-hemos-logrado-nuestro-proposito-de-hacer-justicia\/"},"author":{"name":"f1000024","@id":"https:\/\/cvinoticias.com\/v3\/#\/schema\/person\/2db77e3c6bc03c538495d7b2b8be9b66"},"headline":"Fiscal Rau: \u201cHemos logrado nuestro prop\u00f3sito de hacer justicia\u201d","datePublished":"2025-04-17T11:35:17+00:00","dateModified":"2025-04-17T11:35:18+00:00","mainEntityOfPage":{"@id":"https:\/\/cvinoticias.com\/v3\/fiscal-rau-hemos-logrado-nuestro-proposito-de-hacer-justicia\/"},"wordCount":486,"commentCount":0,"publisher":{"@id":"https:\/\/cvinoticias.com\/v3\/#organization"},"image":{"@id":"https:\/\/cvinoticias.com\/v3\/fiscal-rau-hemos-logrado-nuestro-proposito-de-hacer-justicia\/#primaryimage"},"thumbnailUrl":"https:\/\/cvinoticias.com\/wp-content\/uploads\/2025\/04\/PSX_20250416_100608.jpeg","keywords":["Caso Kiczka","Condena"],"articleSection":["Justicia","Misiones"],"inLanguage":"es","potentialAction":[{"@type":"CommentAction","name":"Comment","target":["https:\/\/cvinoticias.com\/v3\/fiscal-rau-hemos-logrado-nuestro-proposito-de-hacer-justicia\/#respond"]}]},{"@type":"WebPage","@id":"https:\/\/cvinoticias.com\/v3\/fiscal-rau-hemos-logrado-nuestro-proposito-de-hacer-justicia\/","url":"https:\/\/cvinoticias.com\/v3\/fiscal-rau-hemos-logrado-nuestro-proposito-de-hacer-justicia\/","name":"Fiscal Rau: \u201cHemos logrado nuestro prop\u00f3sito de hacer justicia\u201d | CVI NOTICIAS","isPartOf":{"@id":"https:\/\/cvinoticias.com\/v3\/#website"},"primaryImageOfPage":{"@id":"https:\/\/cvinoticias.com\/v3\/fiscal-rau-hemos-logrado-nuestro-proposito-de-hacer-justicia\/#primaryimage"},"image":{"@id":"https:\/\/cvinoticias.com\/v3\/fiscal-rau-hemos-logrado-nuestro-proposito-de-hacer-justicia\/#primaryimage"},"thumbnailUrl":"https:\/\/cvinoticias.com\/wp-content\/uploads\/2025\/04\/PSX_20250416_100608.jpeg","datePublished":"2025-04-17T11:35:17+00:00","dateModified":"2025-04-17T11:35:18+00:00","description":"Este mi\u00e9rcoles en un fallo hist\u00f3rico, condenaron al exdiputado provincial Germ\u00e1n Kiczka a 14 a\u00f1os por (MASI) y a su hermano Sebasti\u00e1n a 12","breadcrumb":{"@id":"https:\/\/cvinoticias.com\/v3\/fiscal-rau-hemos-logrado-nuestro-proposito-de-hacer-justicia\/#breadcrumb"},"inLanguage":"es","potentialAction":[{"@type":"ReadAction","target":["https:\/\/cvinoticias.com\/v3\/fiscal-rau-hemos-logrado-nuestro-proposito-de-hacer-justicia\/"]}]},{"@type":"ImageObject","inLanguage":"es","@id":"https:\/\/cvinoticias.com\/v3\/fiscal-rau-hemos-logrado-nuestro-proposito-de-hacer-justicia\/#primaryimage","url":"https:\/\/cvinoticias.com\/wp-content\/uploads\/2025\/04\/PSX_20250416_100608.jpeg","contentUrl":"https:\/\/cvinoticias.com\/wp-content\/uploads\/2025\/04\/PSX_20250416_100608.jpeg","width":768,"height":515},{"@type":"BreadcrumbList","@id":"https:\/\/cvinoticias.com\/v3\/fiscal-rau-hemos-logrado-nuestro-proposito-de-hacer-justicia\/#breadcrumb","itemListElement":[{"@type":"ListItem","position":1,"name":"Portada","item":"https:\/\/cvinoticias.com\/v3\/"},{"@type":"ListItem","position":2,"name":"Fiscal Rau: \u201cHemos logrado nuestro prop\u00f3sito de hacer justicia\u201d"}]},{"@type":"WebSite","@id":"https:\/\/cvinoticias.com\/v3\/#website","url":"https:\/\/cvinoticias.com\/v3\/","name":"CVI NOTICIAS","description":"","publisher":{"@id":"https:\/\/cvinoticias.com\/v3\/#organization"},"alternateName":"CVI","potentialAction":[{"@type":"SearchAction","target":{"@type":"EntryPoint","urlTemplate":"https:\/\/cvinoticias.com\/v3\/?s={search_term_string}"},"query-input":{"@type":"PropertyValueSpecification","valueRequired":true,"valueName":"search_term_string"}}],"inLanguage":"es"},{"@type":"Organization","@id":"https:\/\/cvinoticias.com\/v3\/#organization","name":"CVI NOTICIAS","url":"https:\/\/cvinoticias.com\/v3\/","logo":{"@type":"ImageObject","inLanguage":"es","@id":"https:\/\/cvinoticias.com\/v3\/#\/schema\/logo\/image\/","url":"https:\/\/cvinoticias.com\/wp-content\/uploads\/2023\/04\/cropped-cropped-cropped-cropped-cropped-3-1.png","contentUrl":"https:\/\/cvinoticias.com\/wp-content\/uploads\/2023\/04\/cropped-cropped-cropped-cropped-cropped-3-1.png","width":95,"height":122,"caption":"CVI NOTICIAS"},"image":{"@id":"https:\/\/cvinoticias.com\/v3\/#\/schema\/logo\/image\/"},"sameAs":["https:\/\/www.facebook.com\/cvinoticias","https:\/\/www.instagram.com\/cvinoticias\/","https:\/\/www.youtube.com\/@CVINOTICIAS"]},{"@type":"Person","@id":"https:\/\/cvinoticias.com\/v3\/#\/schema\/person\/2db77e3c6bc03c538495d7b2b8be9b66","name":"f1000024","image":{"@type":"ImageObject","inLanguage":"es","@id":"https:\/\/secure.gravatar.com\/avatar\/d4fe7459cfc51ff5129ce1a732bbef5928568b8092d412ef95611616376bbeed?s=96&d=mm&r=g","url":"https:\/\/secure.gravatar.com\/avatar\/d4fe7459cfc51ff5129ce1a732bbef5928568b8092d412ef95611616376bbeed?s=96&d=mm&r=g","contentUrl":"https:\/\/secure.gravatar.com\/avatar\/d4fe7459cfc51ff5129ce1a732bbef5928568b8092d412ef95611616376bbeed?s=96&d=mm&r=g","caption":"f1000024"},"url":"https:\/\/cvinoticias.com\/v3\/author\/f1000024\/"}]}},"_links":{"self":[{"href":"https:\/\/cvinoticias.com\/v3\/wp-json\/wp\/v2\/posts\/41874","targetHints":{"allow":["GET"]}}],"collection":[{"href":"https:\/\/cvinoticias.com\/v3\/wp-json\/wp\/v2\/posts"}],"about":[{"href":"https:\/\/cvinoticias.com\/v3\/wp-json\/wp\/v2\/types\/post"}],"author":[{"embeddable":true,"href":"https:\/\/cvinoticias.com\/v3\/wp-json\/wp\/v2\/users\/2"}],"replies":[{"embeddable":true,"href":"https:\/\/cvinoticias.com\/v3\/wp-json\/wp\/v2\/comments?post=41874"}],"version-history":[{"count":1,"href":"https:\/\/cvinoticias.com\/v3\/wp-json\/wp\/v2\/posts\/41874\/revisions"}],"predecessor-version":[{"id":41876,"href":"https:\/\/cvinoticias.com\/v3\/wp-json\/wp\/v2\/posts\/41874\/revisions\/41876"}],"wp:featuredmedia":[{"embeddable":true,"href":"https:\/\/cvinoticias.com\/v3\/wp-json\/wp\/v2\/media\/41875"}],"wp:attachment":[{"href":"https:\/\/cvinoticias.com\/v3\/wp-json\/wp\/v2\/media?parent=41874"}],"wp:term":[{"taxonomy":"category","embeddable":true,"href":"https:\/\/cvinoticias.com\/v3\/wp-json\/wp\/v2\/categories?post=41874"},{"taxonomy":"post_tag","embeddable":true,"href":"https:\/\/cvinoticias.com\/v3\/wp-json\/wp\/v2\/tags?post=41874"}],"curies":[{"name":"wp","href":"https:\/\/api.w.org\/{rel}","templated":true}]}}