{"id":41717,"date":"2025-04-15T09:14:51","date_gmt":"2025-04-15T12:14:51","guid":{"rendered":"https:\/\/cvinoticias.com\/v3\/?p=41717"},"modified":"2025-04-15T09:14:52","modified_gmt":"2025-04-15T12:14:52","slug":"conflicto-vecinal-derivo-en-el-incendio-de-una-vivienda-en-santa-ana","status":"publish","type":"post","link":"https:\/\/cvinoticias.com\/v3\/conflicto-vecinal-derivo-en-el-incendio-de-una-vivienda-en-santa-ana\/","title":{"rendered":"Conflicto vecinal deriv\u00f3 en el incendio de una vivienda en Santa Ana"},"content":{"rendered":"\n<p>La Polic\u00eda intervino r\u00e1pidamente, control\u00f3 el fuego y brind\u00f3 asistencia a la familia afectada. Se investigan las causas del hecho y se dispuso custodia policial. En horas de la noche del domingo, un conflicto entre vecinos de Santa Ana escal\u00f3 hasta el incendio de una vivienda minutos despu\u00e9s de que sus ocupantes radicaran una denuncia policial.<\/p>\n\n\n\n<p>El hecho ocurri\u00f3 alrededor de las 22:10, cuando una madre de 42, junto a sus hijos de 24 y de 17 a\u00f1os se presentaron en la comisar\u00eda local para denunciar una situaci\u00f3n conflictiva con otros vecinos.<\/p>\n\n\n\n<figure class=\"wp-block-image\"><img decoding=\"async\" data-src=\"https:\/\/noticiasdel6.com\/wp-content\/uploads\/2025\/04\/WhatsApp-Image-2025-04-15-at-7.49.13-AM.jpeg\" alt=\"Conflicto vecinal deriv\u00f3 en el incendio de una vivienda en Santa Ana imagen-4\" class=\"wp-image-661907 lazyload\" title=\"Conflicto vecinal deriv\u00f3 en el incendio de una vivienda en Santa Ana 5\" src=\"data:image\/svg+xml;base64,PHN2ZyB3aWR0aD0iMSIgaGVpZ2h0PSIxIiB4bWxucz0iaHR0cDovL3d3dy53My5vcmcvMjAwMC9zdmciPjwvc3ZnPg==\" \/><\/figure>\n\n\n\n<p>Mientras la familia se encontraba realizando la exposici\u00f3n, se produjo el incendio de su vivienda ubicada en la manzana 29. Gracias a la r\u00e1pida intervenci\u00f3n del personal policial, el foco \u00edgneo fue controlado y se logr\u00f3 evitar la destrucci\u00f3n total de la vivienda. Posteriormente, se realizaron las pericias cient\u00edficas y bomberiles correspondientes, con el objetivo de determinar el origen y posible intencionalidad del fuego.<\/p>\n\n\n\n<figure class=\"wp-block-image\"><img decoding=\"async\" data-src=\"https:\/\/noticiasdel6.com\/wp-content\/uploads\/2025\/04\/WhatsApp-Image-2025-04-15-at-7.49.13-AM-1.jpeg\" alt=\"Conflicto vecinal deriv\u00f3 en el incendio de una vivienda en Santa Ana imagen-6\" class=\"wp-image-661908 lazyload\" title=\"Conflicto vecinal deriv\u00f3 en el incendio de una vivienda en Santa Ana 7\" src=\"data:image\/svg+xml;base64,PHN2ZyB3aWR0aD0iMSIgaGVpZ2h0PSIxIiB4bWxucz0iaHR0cDovL3d3dy53My5vcmcvMjAwMC9zdmciPjwvc3ZnPg==\" \/><\/figure>\n\n\n\n<p>A ra\u00edz de lo ocurrido, y por disposici\u00f3n del Juzgado de Instrucci\u00f3n N.\u00ba 7 \u2013 Turno 2 de Posadas, se brind\u00f3 asistencia inmediata a la familia damnificada, as\u00ed como tambi\u00e9n custodia policial para garantizar su seguridad. Adem\u00e1s, se instruy\u00f3 proceder a la detenci\u00f3n de los posibles autores del hecho una vez que se establezca su identidad.<\/p>\n\n\n\n<figure class=\"wp-block-image\"><img decoding=\"async\" data-src=\"https:\/\/noticiasdel6.com\/wp-content\/uploads\/2025\/04\/WhatsApp-Image-2025-04-15-at-7.49.14-AM.jpeg\" alt=\"Conflicto vecinal deriv\u00f3 en el incendio de una vivienda en Santa Ana imagen-8\" class=\"wp-image-661909 lazyload\" title=\"Conflicto vecinal deriv\u00f3 en el incendio de una vivienda en Santa Ana 9\" src=\"data:image\/svg+xml;base64,PHN2ZyB3aWR0aD0iMSIgaGVpZ2h0PSIxIiB4bWxucz0iaHR0cDovL3d3dy53My5vcmcvMjAwMC9zdmciPjwvc3ZnPg==\" \/><\/figure>\n","protected":false},"excerpt":{"rendered":"<p>La Polic\u00eda intervino r\u00e1pidamente, control\u00f3 el fuego y brind\u00f3 asistencia a la familia afectada. Se investigan las causas del hecho y se dispuso custodia policial. En horas de la noche del domingo, un conflicto entre vecinos de Santa Ana escal\u00f3 hasta el incendio de una vivienda minutos despu\u00e9s de que sus ocupantes radicaran una denuncia [&hellip;]<\/p>\n","protected":false},"author":2,"featured_media":41719,"comment_status":"open","ping_status":"open","sticky":false,"template":"","format":"standard","meta":{"footnotes":""},"categories":[41,43],"tags":[1927,118],"class_list":["post-41717","post","type-post","status-publish","format-standard","has-post-thumbnail","hentry","category-policiales","category-provinciales","tag-conflicto","tag-incendio"],"yoast_head":"<!-- This site is optimized with the Yoast SEO plugin v27.4 - https:\/\/yoast.com\/product\/yoast-seo-wordpress\/ -->\n<title>Conflicto vecinal deriv\u00f3 en el incendio de una vivienda en Santa Ana | CVI NOTICIAS<\/title>\n<meta name=\"description\" content=\"La Polic\u00eda intervino r\u00e1pidamente, control\u00f3 el fuego y brind\u00f3 asistencia a la familia afectada. Se investigan las causas\" \/>\n<meta name=\"robots\" content=\"index, follow, max-snippet:-1, max-image-preview:large, max-video-preview:-1\" \/>\n<link rel=\"canonical\" href=\"https:\/\/cvinoticias.com\/v3\/conflicto-vecinal-derivo-en-el-incendio-de-una-vivienda-en-santa-ana\/\" \/>\n<meta property=\"og:locale\" content=\"es_ES\" \/>\n<meta property=\"og:type\" content=\"article\" \/>\n<meta property=\"og:title\" content=\"Conflicto vecinal deriv\u00f3 en el incendio de una vivienda en Santa Ana | CVI NOTICIAS\" \/>\n<meta property=\"og:description\" content=\"La Polic\u00eda intervino r\u00e1pidamente, control\u00f3 el fuego y brind\u00f3 asistencia a la familia afectada. Se investigan las causas\" \/>\n<meta property=\"og:url\" content=\"https:\/\/cvinoticias.com\/v3\/conflicto-vecinal-derivo-en-el-incendio-de-una-vivienda-en-santa-ana\/\" \/>\n<meta property=\"og:site_name\" content=\"CVI NOTICIAS\" \/>\n<meta property=\"article:publisher\" content=\"https:\/\/www.facebook.com\/cvinoticias\" \/>\n<meta property=\"article:published_time\" content=\"2025-04-15T12:14:51+00:00\" \/>\n<meta property=\"article:modified_time\" content=\"2025-04-15T12:14:52+00:00\" \/>\n<meta property=\"og:image\" content=\"https:\/\/cvinoticias.com\/wp-content\/uploads\/2025\/04\/WhatsApp-Image-2025-04-15-at-7.49.12-AM-768x1024-1.jpeg\" \/>\n\t<meta property=\"og:image:width\" content=\"768\" \/>\n\t<meta property=\"og:image:height\" content=\"1024\" \/>\n\t<meta property=\"og:image:type\" content=\"image\/jpeg\" \/>\n<meta name=\"author\" content=\"f1000024\" \/>\n<meta name=\"twitter:card\" content=\"summary_large_image\" \/>\n<meta name=\"twitter:label1\" content=\"Escrito por\" \/>\n\t<meta name=\"twitter:data1\" content=\"f1000024\" \/>\n\t<meta name=\"twitter:label2\" content=\"Tiempo de lectura\" \/>\n\t<meta name=\"twitter:data2\" content=\"2 minutos\" \/>\n<script type=\"application\/ld+json\" class=\"yoast-schema-graph\">{\"@context\":\"https:\\\/\\\/schema.org\",\"@graph\":[{\"@type\":\"Article\",\"@id\":\"https:\\\/\\\/cvinoticias.com\\\/v3\\\/conflicto-vecinal-derivo-en-el-incendio-de-una-vivienda-en-santa-ana\\\/#article\",\"isPartOf\":{\"@id\":\"https:\\\/\\\/cvinoticias.com\\\/v3\\\/conflicto-vecinal-derivo-en-el-incendio-de-una-vivienda-en-santa-ana\\\/\"},\"author\":{\"name\":\"f1000024\",\"@id\":\"https:\\\/\\\/cvinoticias.com\\\/v3\\\/#\\\/schema\\\/person\\\/2db77e3c6bc03c538495d7b2b8be9b66\"},\"headline\":\"Conflicto vecinal deriv\u00f3 en el incendio de una vivienda en Santa Ana\",\"datePublished\":\"2025-04-15T12:14:51+00:00\",\"dateModified\":\"2025-04-15T12:14:52+00:00\",\"mainEntityOfPage\":{\"@id\":\"https:\\\/\\\/cvinoticias.com\\\/v3\\\/conflicto-vecinal-derivo-en-el-incendio-de-una-vivienda-en-santa-ana\\\/\"},\"wordCount\":233,\"commentCount\":0,\"publisher\":{\"@id\":\"https:\\\/\\\/cvinoticias.com\\\/v3\\\/#organization\"},\"image\":{\"@id\":\"https:\\\/\\\/cvinoticias.com\\\/v3\\\/conflicto-vecinal-derivo-en-el-incendio-de-una-vivienda-en-santa-ana\\\/#primaryimage\"},\"thumbnailUrl\":\"https:\\\/\\\/cvinoticias.com\\\/wp-content\\\/uploads\\\/2025\\\/04\\\/WhatsApp-Image-2025-04-15-at-7.49.12-AM-768x1024-1.jpeg\",\"keywords\":[\"Conflicto\",\"incendio\"],\"articleSection\":[\"Policiales\",\"Provinciales\"],\"inLanguage\":\"es\",\"potentialAction\":[{\"@type\":\"CommentAction\",\"name\":\"Comment\",\"target\":[\"https:\\\/\\\/cvinoticias.com\\\/v3\\\/conflicto-vecinal-derivo-en-el-incendio-de-una-vivienda-en-santa-ana\\\/#respond\"]}]},{\"@type\":\"WebPage\",\"@id\":\"https:\\\/\\\/cvinoticias.com\\\/v3\\\/conflicto-vecinal-derivo-en-el-incendio-de-una-vivienda-en-santa-ana\\\/\",\"url\":\"https:\\\/\\\/cvinoticias.com\\\/v3\\\/conflicto-vecinal-derivo-en-el-incendio-de-una-vivienda-en-santa-ana\\\/\",\"name\":\"Conflicto vecinal deriv\u00f3 en el incendio de una vivienda en Santa Ana | CVI NOTICIAS\",\"isPartOf\":{\"@id\":\"https:\\\/\\\/cvinoticias.com\\\/v3\\\/#website\"},\"primaryImageOfPage\":{\"@id\":\"https:\\\/\\\/cvinoticias.com\\\/v3\\\/conflicto-vecinal-derivo-en-el-incendio-de-una-vivienda-en-santa-ana\\\/#primaryimage\"},\"image\":{\"@id\":\"https:\\\/\\\/cvinoticias.com\\\/v3\\\/conflicto-vecinal-derivo-en-el-incendio-de-una-vivienda-en-santa-ana\\\/#primaryimage\"},\"thumbnailUrl\":\"https:\\\/\\\/cvinoticias.com\\\/wp-content\\\/uploads\\\/2025\\\/04\\\/WhatsApp-Image-2025-04-15-at-7.49.12-AM-768x1024-1.jpeg\",\"datePublished\":\"2025-04-15T12:14:51+00:00\",\"dateModified\":\"2025-04-15T12:14:52+00:00\",\"description\":\"La Polic\u00eda intervino r\u00e1pidamente, control\u00f3 el fuego y brind\u00f3 asistencia a la familia afectada. Se investigan las causas\",\"breadcrumb\":{\"@id\":\"https:\\\/\\\/cvinoticias.com\\\/v3\\\/conflicto-vecinal-derivo-en-el-incendio-de-una-vivienda-en-santa-ana\\\/#breadcrumb\"},\"inLanguage\":\"es\",\"potentialAction\":[{\"@type\":\"ReadAction\",\"target\":[\"https:\\\/\\\/cvinoticias.com\\\/v3\\\/conflicto-vecinal-derivo-en-el-incendio-de-una-vivienda-en-santa-ana\\\/\"]}]},{\"@type\":\"ImageObject\",\"inLanguage\":\"es\",\"@id\":\"https:\\\/\\\/cvinoticias.com\\\/v3\\\/conflicto-vecinal-derivo-en-el-incendio-de-una-vivienda-en-santa-ana\\\/#primaryimage\",\"url\":\"https:\\\/\\\/cvinoticias.com\\\/wp-content\\\/uploads\\\/2025\\\/04\\\/WhatsApp-Image-2025-04-15-at-7.49.12-AM-768x1024-1.jpeg\",\"contentUrl\":\"https:\\\/\\\/cvinoticias.com\\\/wp-content\\\/uploads\\\/2025\\\/04\\\/WhatsApp-Image-2025-04-15-at-7.49.12-AM-768x1024-1.jpeg\",\"width\":768,\"height\":1024},{\"@type\":\"BreadcrumbList\",\"@id\":\"https:\\\/\\\/cvinoticias.com\\\/v3\\\/conflicto-vecinal-derivo-en-el-incendio-de-una-vivienda-en-santa-ana\\\/#breadcrumb\",\"itemListElement\":[{\"@type\":\"ListItem\",\"position\":1,\"name\":\"Portada\",\"item\":\"https:\\\/\\\/cvinoticias.com\\\/v3\\\/\"},{\"@type\":\"ListItem\",\"position\":2,\"name\":\"Conflicto vecinal deriv\u00f3 en el incendio de una vivienda en Santa Ana\"}]},{\"@type\":\"WebSite\",\"@id\":\"https:\\\/\\\/cvinoticias.com\\\/v3\\\/#website\",\"url\":\"https:\\\/\\\/cvinoticias.com\\\/v3\\\/\",\"name\":\"CVI NOTICIAS\",\"description\":\"\",\"publisher\":{\"@id\":\"https:\\\/\\\/cvinoticias.com\\\/v3\\\/#organization\"},\"alternateName\":\"CVI\",\"potentialAction\":[{\"@type\":\"SearchAction\",\"target\":{\"@type\":\"EntryPoint\",\"urlTemplate\":\"https:\\\/\\\/cvinoticias.com\\\/v3\\\/?s={search_term_string}\"},\"query-input\":{\"@type\":\"PropertyValueSpecification\",\"valueRequired\":true,\"valueName\":\"search_term_string\"}}],\"inLanguage\":\"es\"},{\"@type\":\"Organization\",\"@id\":\"https:\\\/\\\/cvinoticias.com\\\/v3\\\/#organization\",\"name\":\"CVI NOTICIAS\",\"url\":\"https:\\\/\\\/cvinoticias.com\\\/v3\\\/\",\"logo\":{\"@type\":\"ImageObject\",\"inLanguage\":\"es\",\"@id\":\"https:\\\/\\\/cvinoticias.com\\\/v3\\\/#\\\/schema\\\/logo\\\/image\\\/\",\"url\":\"https:\\\/\\\/cvinoticias.com\\\/wp-content\\\/uploads\\\/2023\\\/04\\\/cropped-cropped-cropped-cropped-cropped-3-1.png\",\"contentUrl\":\"https:\\\/\\\/cvinoticias.com\\\/wp-content\\\/uploads\\\/2023\\\/04\\\/cropped-cropped-cropped-cropped-cropped-3-1.png\",\"width\":95,\"height\":122,\"caption\":\"CVI NOTICIAS\"},\"image\":{\"@id\":\"https:\\\/\\\/cvinoticias.com\\\/v3\\\/#\\\/schema\\\/logo\\\/image\\\/\"},\"sameAs\":[\"https:\\\/\\\/www.facebook.com\\\/cvinoticias\",\"https:\\\/\\\/www.instagram.com\\\/cvinoticias\\\/\",\"https:\\\/\\\/www.youtube.com\\\/@CVINOTICIAS\"]},{\"@type\":\"Person\",\"@id\":\"https:\\\/\\\/cvinoticias.com\\\/v3\\\/#\\\/schema\\\/person\\\/2db77e3c6bc03c538495d7b2b8be9b66\",\"name\":\"f1000024\",\"image\":{\"@type\":\"ImageObject\",\"inLanguage\":\"es\",\"@id\":\"https:\\\/\\\/secure.gravatar.com\\\/avatar\\\/d4fe7459cfc51ff5129ce1a732bbef5928568b8092d412ef95611616376bbeed?s=96&d=mm&r=g\",\"url\":\"https:\\\/\\\/secure.gravatar.com\\\/avatar\\\/d4fe7459cfc51ff5129ce1a732bbef5928568b8092d412ef95611616376bbeed?s=96&d=mm&r=g\",\"contentUrl\":\"https:\\\/\\\/secure.gravatar.com\\\/avatar\\\/d4fe7459cfc51ff5129ce1a732bbef5928568b8092d412ef95611616376bbeed?s=96&d=mm&r=g\",\"caption\":\"f1000024\"},\"url\":\"https:\\\/\\\/cvinoticias.com\\\/v3\\\/author\\\/f1000024\\\/\"}]}<\/script>\n<!-- \/ Yoast SEO plugin. -->","yoast_head_json":{"title":"Conflicto vecinal deriv\u00f3 en el incendio de una vivienda en Santa Ana | CVI NOTICIAS","description":"La Polic\u00eda intervino r\u00e1pidamente, control\u00f3 el fuego y brind\u00f3 asistencia a la familia afectada. Se investigan las causas","robots":{"index":"index","follow":"follow","max-snippet":"max-snippet:-1","max-image-preview":"max-image-preview:large","max-video-preview":"max-video-preview:-1"},"canonical":"https:\/\/cvinoticias.com\/v3\/conflicto-vecinal-derivo-en-el-incendio-de-una-vivienda-en-santa-ana\/","og_locale":"es_ES","og_type":"article","og_title":"Conflicto vecinal deriv\u00f3 en el incendio de una vivienda en Santa Ana | CVI NOTICIAS","og_description":"La Polic\u00eda intervino r\u00e1pidamente, control\u00f3 el fuego y brind\u00f3 asistencia a la familia afectada. Se investigan las causas","og_url":"https:\/\/cvinoticias.com\/v3\/conflicto-vecinal-derivo-en-el-incendio-de-una-vivienda-en-santa-ana\/","og_site_name":"CVI NOTICIAS","article_publisher":"https:\/\/www.facebook.com\/cvinoticias","article_published_time":"2025-04-15T12:14:51+00:00","article_modified_time":"2025-04-15T12:14:52+00:00","og_image":[{"width":768,"height":1024,"url":"https:\/\/cvinoticias.com\/wp-content\/uploads\/2025\/04\/WhatsApp-Image-2025-04-15-at-7.49.12-AM-768x1024-1.jpeg","type":"image\/jpeg"}],"author":"f1000024","twitter_card":"summary_large_image","twitter_misc":{"Escrito por":"f1000024","Tiempo de lectura":"2 minutos"},"schema":{"@context":"https:\/\/schema.org","@graph":[{"@type":"Article","@id":"https:\/\/cvinoticias.com\/v3\/conflicto-vecinal-derivo-en-el-incendio-de-una-vivienda-en-santa-ana\/#article","isPartOf":{"@id":"https:\/\/cvinoticias.com\/v3\/conflicto-vecinal-derivo-en-el-incendio-de-una-vivienda-en-santa-ana\/"},"author":{"name":"f1000024","@id":"https:\/\/cvinoticias.com\/v3\/#\/schema\/person\/2db77e3c6bc03c538495d7b2b8be9b66"},"headline":"Conflicto vecinal deriv\u00f3 en el incendio de una vivienda en Santa Ana","datePublished":"2025-04-15T12:14:51+00:00","dateModified":"2025-04-15T12:14:52+00:00","mainEntityOfPage":{"@id":"https:\/\/cvinoticias.com\/v3\/conflicto-vecinal-derivo-en-el-incendio-de-una-vivienda-en-santa-ana\/"},"wordCount":233,"commentCount":0,"publisher":{"@id":"https:\/\/cvinoticias.com\/v3\/#organization"},"image":{"@id":"https:\/\/cvinoticias.com\/v3\/conflicto-vecinal-derivo-en-el-incendio-de-una-vivienda-en-santa-ana\/#primaryimage"},"thumbnailUrl":"https:\/\/cvinoticias.com\/wp-content\/uploads\/2025\/04\/WhatsApp-Image-2025-04-15-at-7.49.12-AM-768x1024-1.jpeg","keywords":["Conflicto","incendio"],"articleSection":["Policiales","Provinciales"],"inLanguage":"es","potentialAction":[{"@type":"CommentAction","name":"Comment","target":["https:\/\/cvinoticias.com\/v3\/conflicto-vecinal-derivo-en-el-incendio-de-una-vivienda-en-santa-ana\/#respond"]}]},{"@type":"WebPage","@id":"https:\/\/cvinoticias.com\/v3\/conflicto-vecinal-derivo-en-el-incendio-de-una-vivienda-en-santa-ana\/","url":"https:\/\/cvinoticias.com\/v3\/conflicto-vecinal-derivo-en-el-incendio-de-una-vivienda-en-santa-ana\/","name":"Conflicto vecinal deriv\u00f3 en el incendio de una vivienda en Santa Ana | CVI NOTICIAS","isPartOf":{"@id":"https:\/\/cvinoticias.com\/v3\/#website"},"primaryImageOfPage":{"@id":"https:\/\/cvinoticias.com\/v3\/conflicto-vecinal-derivo-en-el-incendio-de-una-vivienda-en-santa-ana\/#primaryimage"},"image":{"@id":"https:\/\/cvinoticias.com\/v3\/conflicto-vecinal-derivo-en-el-incendio-de-una-vivienda-en-santa-ana\/#primaryimage"},"thumbnailUrl":"https:\/\/cvinoticias.com\/wp-content\/uploads\/2025\/04\/WhatsApp-Image-2025-04-15-at-7.49.12-AM-768x1024-1.jpeg","datePublished":"2025-04-15T12:14:51+00:00","dateModified":"2025-04-15T12:14:52+00:00","description":"La Polic\u00eda intervino r\u00e1pidamente, control\u00f3 el fuego y brind\u00f3 asistencia a la familia afectada. Se investigan las causas","breadcrumb":{"@id":"https:\/\/cvinoticias.com\/v3\/conflicto-vecinal-derivo-en-el-incendio-de-una-vivienda-en-santa-ana\/#breadcrumb"},"inLanguage":"es","potentialAction":[{"@type":"ReadAction","target":["https:\/\/cvinoticias.com\/v3\/conflicto-vecinal-derivo-en-el-incendio-de-una-vivienda-en-santa-ana\/"]}]},{"@type":"ImageObject","inLanguage":"es","@id":"https:\/\/cvinoticias.com\/v3\/conflicto-vecinal-derivo-en-el-incendio-de-una-vivienda-en-santa-ana\/#primaryimage","url":"https:\/\/cvinoticias.com\/wp-content\/uploads\/2025\/04\/WhatsApp-Image-2025-04-15-at-7.49.12-AM-768x1024-1.jpeg","contentUrl":"https:\/\/cvinoticias.com\/wp-content\/uploads\/2025\/04\/WhatsApp-Image-2025-04-15-at-7.49.12-AM-768x1024-1.jpeg","width":768,"height":1024},{"@type":"BreadcrumbList","@id":"https:\/\/cvinoticias.com\/v3\/conflicto-vecinal-derivo-en-el-incendio-de-una-vivienda-en-santa-ana\/#breadcrumb","itemListElement":[{"@type":"ListItem","position":1,"name":"Portada","item":"https:\/\/cvinoticias.com\/v3\/"},{"@type":"ListItem","position":2,"name":"Conflicto vecinal deriv\u00f3 en el incendio de una vivienda en Santa Ana"}]},{"@type":"WebSite","@id":"https:\/\/cvinoticias.com\/v3\/#website","url":"https:\/\/cvinoticias.com\/v3\/","name":"CVI NOTICIAS","description":"","publisher":{"@id":"https:\/\/cvinoticias.com\/v3\/#organization"},"alternateName":"CVI","potentialAction":[{"@type":"SearchAction","target":{"@type":"EntryPoint","urlTemplate":"https:\/\/cvinoticias.com\/v3\/?s={search_term_string}"},"query-input":{"@type":"PropertyValueSpecification","valueRequired":true,"valueName":"search_term_string"}}],"inLanguage":"es"},{"@type":"Organization","@id":"https:\/\/cvinoticias.com\/v3\/#organization","name":"CVI NOTICIAS","url":"https:\/\/cvinoticias.com\/v3\/","logo":{"@type":"ImageObject","inLanguage":"es","@id":"https:\/\/cvinoticias.com\/v3\/#\/schema\/logo\/image\/","url":"https:\/\/cvinoticias.com\/wp-content\/uploads\/2023\/04\/cropped-cropped-cropped-cropped-cropped-3-1.png","contentUrl":"https:\/\/cvinoticias.com\/wp-content\/uploads\/2023\/04\/cropped-cropped-cropped-cropped-cropped-3-1.png","width":95,"height":122,"caption":"CVI NOTICIAS"},"image":{"@id":"https:\/\/cvinoticias.com\/v3\/#\/schema\/logo\/image\/"},"sameAs":["https:\/\/www.facebook.com\/cvinoticias","https:\/\/www.instagram.com\/cvinoticias\/","https:\/\/www.youtube.com\/@CVINOTICIAS"]},{"@type":"Person","@id":"https:\/\/cvinoticias.com\/v3\/#\/schema\/person\/2db77e3c6bc03c538495d7b2b8be9b66","name":"f1000024","image":{"@type":"ImageObject","inLanguage":"es","@id":"https:\/\/secure.gravatar.com\/avatar\/d4fe7459cfc51ff5129ce1a732bbef5928568b8092d412ef95611616376bbeed?s=96&d=mm&r=g","url":"https:\/\/secure.gravatar.com\/avatar\/d4fe7459cfc51ff5129ce1a732bbef5928568b8092d412ef95611616376bbeed?s=96&d=mm&r=g","contentUrl":"https:\/\/secure.gravatar.com\/avatar\/d4fe7459cfc51ff5129ce1a732bbef5928568b8092d412ef95611616376bbeed?s=96&d=mm&r=g","caption":"f1000024"},"url":"https:\/\/cvinoticias.com\/v3\/author\/f1000024\/"}]}},"_links":{"self":[{"href":"https:\/\/cvinoticias.com\/v3\/wp-json\/wp\/v2\/posts\/41717","targetHints":{"allow":["GET"]}}],"collection":[{"href":"https:\/\/cvinoticias.com\/v3\/wp-json\/wp\/v2\/posts"}],"about":[{"href":"https:\/\/cvinoticias.com\/v3\/wp-json\/wp\/v2\/types\/post"}],"author":[{"embeddable":true,"href":"https:\/\/cvinoticias.com\/v3\/wp-json\/wp\/v2\/users\/2"}],"replies":[{"embeddable":true,"href":"https:\/\/cvinoticias.com\/v3\/wp-json\/wp\/v2\/comments?post=41717"}],"version-history":[{"count":1,"href":"https:\/\/cvinoticias.com\/v3\/wp-json\/wp\/v2\/posts\/41717\/revisions"}],"predecessor-version":[{"id":41720,"href":"https:\/\/cvinoticias.com\/v3\/wp-json\/wp\/v2\/posts\/41717\/revisions\/41720"}],"wp:featuredmedia":[{"embeddable":true,"href":"https:\/\/cvinoticias.com\/v3\/wp-json\/wp\/v2\/media\/41719"}],"wp:attachment":[{"href":"https:\/\/cvinoticias.com\/v3\/wp-json\/wp\/v2\/media?parent=41717"}],"wp:term":[{"taxonomy":"category","embeddable":true,"href":"https:\/\/cvinoticias.com\/v3\/wp-json\/wp\/v2\/categories?post=41717"},{"taxonomy":"post_tag","embeddable":true,"href":"https:\/\/cvinoticias.com\/v3\/wp-json\/wp\/v2\/tags?post=41717"}],"curies":[{"name":"wp","href":"https:\/\/api.w.org\/{rel}","templated":true}]}}