{"id":41653,"date":"2025-04-14T08:49:56","date_gmt":"2025-04-14T11:49:56","guid":{"rendered":"https:\/\/cvinoticias.com\/v3\/?p=41653"},"modified":"2025-04-14T08:49:57","modified_gmt":"2025-04-14T11:49:57","slug":"accidente-en-la-ruta-17-camion-cargado-de-harina-vuelca-en-el-paraje-piray-mini","status":"publish","type":"post","link":"https:\/\/cvinoticias.com\/v3\/accidente-en-la-ruta-17-camion-cargado-de-harina-vuelca-en-el-paraje-piray-mini\/","title":{"rendered":"Accidente en la Ruta 17: Cami\u00f3n cargado de harina vuelca en el Paraje Piray Min\u00ed"},"content":{"rendered":"\n<p>Un cami\u00f3n que transportaba harina volc\u00f3 este lunes sobre la Ruta Provincial 17 a la altura del Paraje Piray Min\u00ed (Dos Hermanas). La Polic\u00eda de Misiones investiga la causa del incidente.<\/p>\n\n\n\n<p>El rodado mayor era conducido por Osvaldo A. (48) de Eldorado, quien \u201cresult\u00f3 con lesiones menores\u201d.<\/p>\n\n\n\n<p>Noticia en desarrollo\u2026<\/p>\n","protected":false},"excerpt":{"rendered":"<p>Un cami\u00f3n que transportaba harina volc\u00f3 este lunes sobre la Ruta Provincial 17 a la altura del Paraje Piray Min\u00ed (Dos Hermanas). La Polic\u00eda de Misiones investiga la causa del incidente. El rodado mayor era conducido por Osvaldo A. (48) de Eldorado, quien \u201cresult\u00f3 con lesiones menores\u201d. Noticia en desarrollo\u2026<\/p>\n","protected":false},"author":2,"featured_media":41654,"comment_status":"open","ping_status":"open","sticky":false,"template":"","format":"standard","meta":{"footnotes":""},"categories":[1],"tags":[],"class_list":["post-41653","post","type-post","status-publish","format-standard","has-post-thumbnail","hentry","category-sin-categoria"],"yoast_head":"<!-- This site is optimized with the Yoast SEO plugin v27.4 - https:\/\/yoast.com\/product\/yoast-seo-wordpress\/ -->\n<title>Cami\u00f3n volc\u00f3 sobre la Ruta 17 en el Paraje Piray Min\u00ed | CVI NOTICIAS<\/title>\n<meta name=\"description\" content=\"Un cami\u00f3n que transportaba harina volc\u00f3 este lunes sobre la Ruta 17, a la altura del Paraje Piray Min\u00ed. La Polic\u00eda de Misiones investiga la causa del incidente.\" \/>\n<meta name=\"robots\" content=\"index, follow, max-snippet:-1, max-image-preview:large, max-video-preview:-1\" \/>\n<link rel=\"canonical\" href=\"https:\/\/cvinoticias.com\/v3\/accidente-en-la-ruta-17-camion-cargado-de-harina-vuelca-en-el-paraje-piray-mini\/\" \/>\n<meta property=\"og:locale\" content=\"es_ES\" \/>\n<meta property=\"og:type\" content=\"article\" \/>\n<meta property=\"og:title\" content=\"Cami\u00f3n volc\u00f3 sobre la Ruta 17 en el Paraje Piray Min\u00ed | CVI NOTICIAS\" \/>\n<meta property=\"og:description\" content=\"Un cami\u00f3n que transportaba harina volc\u00f3 este lunes sobre la Ruta 17, a la altura del Paraje Piray Min\u00ed. La Polic\u00eda de Misiones investiga la causa del incidente.\" \/>\n<meta property=\"og:url\" content=\"https:\/\/cvinoticias.com\/v3\/accidente-en-la-ruta-17-camion-cargado-de-harina-vuelca-en-el-paraje-piray-mini\/\" \/>\n<meta property=\"og:site_name\" content=\"CVI NOTICIAS\" \/>\n<meta property=\"article:publisher\" content=\"https:\/\/www.facebook.com\/cvinoticias\" \/>\n<meta property=\"article:published_time\" content=\"2025-04-14T11:49:56+00:00\" \/>\n<meta property=\"article:modified_time\" content=\"2025-04-14T11:49:57+00:00\" \/>\n<meta property=\"og:image\" content=\"https:\/\/cvinoticias.com\/wp-content\/uploads\/2025\/04\/WhatsApp-Image-2025-04-14-at-08.22.12.webp\" \/>\n\t<meta property=\"og:image:width\" content=\"2178\" \/>\n\t<meta property=\"og:image:height\" content=\"1460\" \/>\n\t<meta property=\"og:image:type\" content=\"image\/webp\" \/>\n<meta name=\"author\" content=\"f1000024\" \/>\n<meta name=\"twitter:card\" content=\"summary_large_image\" \/>\n<meta name=\"twitter:label1\" content=\"Escrito por\" \/>\n\t<meta name=\"twitter:data1\" content=\"f1000024\" \/>\n\t<meta name=\"twitter:label2\" content=\"Tiempo de lectura\" \/>\n\t<meta name=\"twitter:data2\" content=\"1 minuto\" \/>\n<script type=\"application\/ld+json\" class=\"yoast-schema-graph\">{\"@context\":\"https:\\\/\\\/schema.org\",\"@graph\":[{\"@type\":\"Article\",\"@id\":\"https:\\\/\\\/cvinoticias.com\\\/v3\\\/accidente-en-la-ruta-17-camion-cargado-de-harina-vuelca-en-el-paraje-piray-mini\\\/#article\",\"isPartOf\":{\"@id\":\"https:\\\/\\\/cvinoticias.com\\\/v3\\\/accidente-en-la-ruta-17-camion-cargado-de-harina-vuelca-en-el-paraje-piray-mini\\\/\"},\"author\":{\"name\":\"f1000024\",\"@id\":\"https:\\\/\\\/cvinoticias.com\\\/v3\\\/#\\\/schema\\\/person\\\/2db77e3c6bc03c538495d7b2b8be9b66\"},\"headline\":\"Accidente en la Ruta 17: Cami\u00f3n cargado de harina vuelca en el Paraje Piray Min\u00ed\",\"datePublished\":\"2025-04-14T11:49:56+00:00\",\"dateModified\":\"2025-04-14T11:49:57+00:00\",\"mainEntityOfPage\":{\"@id\":\"https:\\\/\\\/cvinoticias.com\\\/v3\\\/accidente-en-la-ruta-17-camion-cargado-de-harina-vuelca-en-el-paraje-piray-mini\\\/\"},\"wordCount\":65,\"commentCount\":0,\"publisher\":{\"@id\":\"https:\\\/\\\/cvinoticias.com\\\/v3\\\/#organization\"},\"image\":{\"@id\":\"https:\\\/\\\/cvinoticias.com\\\/v3\\\/accidente-en-la-ruta-17-camion-cargado-de-harina-vuelca-en-el-paraje-piray-mini\\\/#primaryimage\"},\"thumbnailUrl\":\"https:\\\/\\\/cvinoticias.com\\\/wp-content\\\/uploads\\\/2025\\\/04\\\/WhatsApp-Image-2025-04-14-at-08.22.12.webp\",\"inLanguage\":\"es\",\"potentialAction\":[{\"@type\":\"CommentAction\",\"name\":\"Comment\",\"target\":[\"https:\\\/\\\/cvinoticias.com\\\/v3\\\/accidente-en-la-ruta-17-camion-cargado-de-harina-vuelca-en-el-paraje-piray-mini\\\/#respond\"]}]},{\"@type\":\"WebPage\",\"@id\":\"https:\\\/\\\/cvinoticias.com\\\/v3\\\/accidente-en-la-ruta-17-camion-cargado-de-harina-vuelca-en-el-paraje-piray-mini\\\/\",\"url\":\"https:\\\/\\\/cvinoticias.com\\\/v3\\\/accidente-en-la-ruta-17-camion-cargado-de-harina-vuelca-en-el-paraje-piray-mini\\\/\",\"name\":\"Cami\u00f3n volc\u00f3 sobre la Ruta 17 en el Paraje Piray Min\u00ed | CVI NOTICIAS\",\"isPartOf\":{\"@id\":\"https:\\\/\\\/cvinoticias.com\\\/v3\\\/#website\"},\"primaryImageOfPage\":{\"@id\":\"https:\\\/\\\/cvinoticias.com\\\/v3\\\/accidente-en-la-ruta-17-camion-cargado-de-harina-vuelca-en-el-paraje-piray-mini\\\/#primaryimage\"},\"image\":{\"@id\":\"https:\\\/\\\/cvinoticias.com\\\/v3\\\/accidente-en-la-ruta-17-camion-cargado-de-harina-vuelca-en-el-paraje-piray-mini\\\/#primaryimage\"},\"thumbnailUrl\":\"https:\\\/\\\/cvinoticias.com\\\/wp-content\\\/uploads\\\/2025\\\/04\\\/WhatsApp-Image-2025-04-14-at-08.22.12.webp\",\"datePublished\":\"2025-04-14T11:49:56+00:00\",\"dateModified\":\"2025-04-14T11:49:57+00:00\",\"description\":\"Un cami\u00f3n que transportaba harina volc\u00f3 este lunes sobre la Ruta 17, a la altura del Paraje Piray Min\u00ed. La Polic\u00eda de Misiones investiga la causa del incidente.\",\"breadcrumb\":{\"@id\":\"https:\\\/\\\/cvinoticias.com\\\/v3\\\/accidente-en-la-ruta-17-camion-cargado-de-harina-vuelca-en-el-paraje-piray-mini\\\/#breadcrumb\"},\"inLanguage\":\"es\",\"potentialAction\":[{\"@type\":\"ReadAction\",\"target\":[\"https:\\\/\\\/cvinoticias.com\\\/v3\\\/accidente-en-la-ruta-17-camion-cargado-de-harina-vuelca-en-el-paraje-piray-mini\\\/\"]}]},{\"@type\":\"ImageObject\",\"inLanguage\":\"es\",\"@id\":\"https:\\\/\\\/cvinoticias.com\\\/v3\\\/accidente-en-la-ruta-17-camion-cargado-de-harina-vuelca-en-el-paraje-piray-mini\\\/#primaryimage\",\"url\":\"https:\\\/\\\/cvinoticias.com\\\/wp-content\\\/uploads\\\/2025\\\/04\\\/WhatsApp-Image-2025-04-14-at-08.22.12.webp\",\"contentUrl\":\"https:\\\/\\\/cvinoticias.com\\\/wp-content\\\/uploads\\\/2025\\\/04\\\/WhatsApp-Image-2025-04-14-at-08.22.12.webp\",\"width\":2178,\"height\":1460},{\"@type\":\"BreadcrumbList\",\"@id\":\"https:\\\/\\\/cvinoticias.com\\\/v3\\\/accidente-en-la-ruta-17-camion-cargado-de-harina-vuelca-en-el-paraje-piray-mini\\\/#breadcrumb\",\"itemListElement\":[{\"@type\":\"ListItem\",\"position\":1,\"name\":\"Portada\",\"item\":\"https:\\\/\\\/cvinoticias.com\\\/v3\\\/\"},{\"@type\":\"ListItem\",\"position\":2,\"name\":\"Accidente en la Ruta 17: Cami\u00f3n cargado de harina vuelca en el Paraje Piray Min\u00ed\"}]},{\"@type\":\"WebSite\",\"@id\":\"https:\\\/\\\/cvinoticias.com\\\/v3\\\/#website\",\"url\":\"https:\\\/\\\/cvinoticias.com\\\/v3\\\/\",\"name\":\"CVI NOTICIAS\",\"description\":\"\",\"publisher\":{\"@id\":\"https:\\\/\\\/cvinoticias.com\\\/v3\\\/#organization\"},\"alternateName\":\"CVI\",\"potentialAction\":[{\"@type\":\"SearchAction\",\"target\":{\"@type\":\"EntryPoint\",\"urlTemplate\":\"https:\\\/\\\/cvinoticias.com\\\/v3\\\/?s={search_term_string}\"},\"query-input\":{\"@type\":\"PropertyValueSpecification\",\"valueRequired\":true,\"valueName\":\"search_term_string\"}}],\"inLanguage\":\"es\"},{\"@type\":\"Organization\",\"@id\":\"https:\\\/\\\/cvinoticias.com\\\/v3\\\/#organization\",\"name\":\"CVI NOTICIAS\",\"url\":\"https:\\\/\\\/cvinoticias.com\\\/v3\\\/\",\"logo\":{\"@type\":\"ImageObject\",\"inLanguage\":\"es\",\"@id\":\"https:\\\/\\\/cvinoticias.com\\\/v3\\\/#\\\/schema\\\/logo\\\/image\\\/\",\"url\":\"https:\\\/\\\/cvinoticias.com\\\/wp-content\\\/uploads\\\/2023\\\/04\\\/cropped-cropped-cropped-cropped-cropped-3-1.png\",\"contentUrl\":\"https:\\\/\\\/cvinoticias.com\\\/wp-content\\\/uploads\\\/2023\\\/04\\\/cropped-cropped-cropped-cropped-cropped-3-1.png\",\"width\":95,\"height\":122,\"caption\":\"CVI NOTICIAS\"},\"image\":{\"@id\":\"https:\\\/\\\/cvinoticias.com\\\/v3\\\/#\\\/schema\\\/logo\\\/image\\\/\"},\"sameAs\":[\"https:\\\/\\\/www.facebook.com\\\/cvinoticias\",\"https:\\\/\\\/www.instagram.com\\\/cvinoticias\\\/\",\"https:\\\/\\\/www.youtube.com\\\/@CVINOTICIAS\"]},{\"@type\":\"Person\",\"@id\":\"https:\\\/\\\/cvinoticias.com\\\/v3\\\/#\\\/schema\\\/person\\\/2db77e3c6bc03c538495d7b2b8be9b66\",\"name\":\"f1000024\",\"image\":{\"@type\":\"ImageObject\",\"inLanguage\":\"es\",\"@id\":\"https:\\\/\\\/secure.gravatar.com\\\/avatar\\\/d4fe7459cfc51ff5129ce1a732bbef5928568b8092d412ef95611616376bbeed?s=96&d=mm&r=g\",\"url\":\"https:\\\/\\\/secure.gravatar.com\\\/avatar\\\/d4fe7459cfc51ff5129ce1a732bbef5928568b8092d412ef95611616376bbeed?s=96&d=mm&r=g\",\"contentUrl\":\"https:\\\/\\\/secure.gravatar.com\\\/avatar\\\/d4fe7459cfc51ff5129ce1a732bbef5928568b8092d412ef95611616376bbeed?s=96&d=mm&r=g\",\"caption\":\"f1000024\"},\"url\":\"https:\\\/\\\/cvinoticias.com\\\/v3\\\/author\\\/f1000024\\\/\"}]}<\/script>\n<!-- \/ Yoast SEO plugin. -->","yoast_head_json":{"title":"Cami\u00f3n volc\u00f3 sobre la Ruta 17 en el Paraje Piray Min\u00ed | CVI NOTICIAS","description":"Un cami\u00f3n que transportaba harina volc\u00f3 este lunes sobre la Ruta 17, a la altura del Paraje Piray Min\u00ed. La Polic\u00eda de Misiones investiga la causa del incidente.","robots":{"index":"index","follow":"follow","max-snippet":"max-snippet:-1","max-image-preview":"max-image-preview:large","max-video-preview":"max-video-preview:-1"},"canonical":"https:\/\/cvinoticias.com\/v3\/accidente-en-la-ruta-17-camion-cargado-de-harina-vuelca-en-el-paraje-piray-mini\/","og_locale":"es_ES","og_type":"article","og_title":"Cami\u00f3n volc\u00f3 sobre la Ruta 17 en el Paraje Piray Min\u00ed | CVI NOTICIAS","og_description":"Un cami\u00f3n que transportaba harina volc\u00f3 este lunes sobre la Ruta 17, a la altura del Paraje Piray Min\u00ed. La Polic\u00eda de Misiones investiga la causa del incidente.","og_url":"https:\/\/cvinoticias.com\/v3\/accidente-en-la-ruta-17-camion-cargado-de-harina-vuelca-en-el-paraje-piray-mini\/","og_site_name":"CVI NOTICIAS","article_publisher":"https:\/\/www.facebook.com\/cvinoticias","article_published_time":"2025-04-14T11:49:56+00:00","article_modified_time":"2025-04-14T11:49:57+00:00","og_image":[{"width":2178,"height":1460,"url":"https:\/\/cvinoticias.com\/wp-content\/uploads\/2025\/04\/WhatsApp-Image-2025-04-14-at-08.22.12.webp","type":"image\/webp"}],"author":"f1000024","twitter_card":"summary_large_image","twitter_misc":{"Escrito por":"f1000024","Tiempo de lectura":"1 minuto"},"schema":{"@context":"https:\/\/schema.org","@graph":[{"@type":"Article","@id":"https:\/\/cvinoticias.com\/v3\/accidente-en-la-ruta-17-camion-cargado-de-harina-vuelca-en-el-paraje-piray-mini\/#article","isPartOf":{"@id":"https:\/\/cvinoticias.com\/v3\/accidente-en-la-ruta-17-camion-cargado-de-harina-vuelca-en-el-paraje-piray-mini\/"},"author":{"name":"f1000024","@id":"https:\/\/cvinoticias.com\/v3\/#\/schema\/person\/2db77e3c6bc03c538495d7b2b8be9b66"},"headline":"Accidente en la Ruta 17: Cami\u00f3n cargado de harina vuelca en el Paraje Piray Min\u00ed","datePublished":"2025-04-14T11:49:56+00:00","dateModified":"2025-04-14T11:49:57+00:00","mainEntityOfPage":{"@id":"https:\/\/cvinoticias.com\/v3\/accidente-en-la-ruta-17-camion-cargado-de-harina-vuelca-en-el-paraje-piray-mini\/"},"wordCount":65,"commentCount":0,"publisher":{"@id":"https:\/\/cvinoticias.com\/v3\/#organization"},"image":{"@id":"https:\/\/cvinoticias.com\/v3\/accidente-en-la-ruta-17-camion-cargado-de-harina-vuelca-en-el-paraje-piray-mini\/#primaryimage"},"thumbnailUrl":"https:\/\/cvinoticias.com\/wp-content\/uploads\/2025\/04\/WhatsApp-Image-2025-04-14-at-08.22.12.webp","inLanguage":"es","potentialAction":[{"@type":"CommentAction","name":"Comment","target":["https:\/\/cvinoticias.com\/v3\/accidente-en-la-ruta-17-camion-cargado-de-harina-vuelca-en-el-paraje-piray-mini\/#respond"]}]},{"@type":"WebPage","@id":"https:\/\/cvinoticias.com\/v3\/accidente-en-la-ruta-17-camion-cargado-de-harina-vuelca-en-el-paraje-piray-mini\/","url":"https:\/\/cvinoticias.com\/v3\/accidente-en-la-ruta-17-camion-cargado-de-harina-vuelca-en-el-paraje-piray-mini\/","name":"Cami\u00f3n volc\u00f3 sobre la Ruta 17 en el Paraje Piray Min\u00ed | CVI NOTICIAS","isPartOf":{"@id":"https:\/\/cvinoticias.com\/v3\/#website"},"primaryImageOfPage":{"@id":"https:\/\/cvinoticias.com\/v3\/accidente-en-la-ruta-17-camion-cargado-de-harina-vuelca-en-el-paraje-piray-mini\/#primaryimage"},"image":{"@id":"https:\/\/cvinoticias.com\/v3\/accidente-en-la-ruta-17-camion-cargado-de-harina-vuelca-en-el-paraje-piray-mini\/#primaryimage"},"thumbnailUrl":"https:\/\/cvinoticias.com\/wp-content\/uploads\/2025\/04\/WhatsApp-Image-2025-04-14-at-08.22.12.webp","datePublished":"2025-04-14T11:49:56+00:00","dateModified":"2025-04-14T11:49:57+00:00","description":"Un cami\u00f3n que transportaba harina volc\u00f3 este lunes sobre la Ruta 17, a la altura del Paraje Piray Min\u00ed. La Polic\u00eda de Misiones investiga la causa del incidente.","breadcrumb":{"@id":"https:\/\/cvinoticias.com\/v3\/accidente-en-la-ruta-17-camion-cargado-de-harina-vuelca-en-el-paraje-piray-mini\/#breadcrumb"},"inLanguage":"es","potentialAction":[{"@type":"ReadAction","target":["https:\/\/cvinoticias.com\/v3\/accidente-en-la-ruta-17-camion-cargado-de-harina-vuelca-en-el-paraje-piray-mini\/"]}]},{"@type":"ImageObject","inLanguage":"es","@id":"https:\/\/cvinoticias.com\/v3\/accidente-en-la-ruta-17-camion-cargado-de-harina-vuelca-en-el-paraje-piray-mini\/#primaryimage","url":"https:\/\/cvinoticias.com\/wp-content\/uploads\/2025\/04\/WhatsApp-Image-2025-04-14-at-08.22.12.webp","contentUrl":"https:\/\/cvinoticias.com\/wp-content\/uploads\/2025\/04\/WhatsApp-Image-2025-04-14-at-08.22.12.webp","width":2178,"height":1460},{"@type":"BreadcrumbList","@id":"https:\/\/cvinoticias.com\/v3\/accidente-en-la-ruta-17-camion-cargado-de-harina-vuelca-en-el-paraje-piray-mini\/#breadcrumb","itemListElement":[{"@type":"ListItem","position":1,"name":"Portada","item":"https:\/\/cvinoticias.com\/v3\/"},{"@type":"ListItem","position":2,"name":"Accidente en la Ruta 17: Cami\u00f3n cargado de harina vuelca en el Paraje Piray Min\u00ed"}]},{"@type":"WebSite","@id":"https:\/\/cvinoticias.com\/v3\/#website","url":"https:\/\/cvinoticias.com\/v3\/","name":"CVI NOTICIAS","description":"","publisher":{"@id":"https:\/\/cvinoticias.com\/v3\/#organization"},"alternateName":"CVI","potentialAction":[{"@type":"SearchAction","target":{"@type":"EntryPoint","urlTemplate":"https:\/\/cvinoticias.com\/v3\/?s={search_term_string}"},"query-input":{"@type":"PropertyValueSpecification","valueRequired":true,"valueName":"search_term_string"}}],"inLanguage":"es"},{"@type":"Organization","@id":"https:\/\/cvinoticias.com\/v3\/#organization","name":"CVI NOTICIAS","url":"https:\/\/cvinoticias.com\/v3\/","logo":{"@type":"ImageObject","inLanguage":"es","@id":"https:\/\/cvinoticias.com\/v3\/#\/schema\/logo\/image\/","url":"https:\/\/cvinoticias.com\/wp-content\/uploads\/2023\/04\/cropped-cropped-cropped-cropped-cropped-3-1.png","contentUrl":"https:\/\/cvinoticias.com\/wp-content\/uploads\/2023\/04\/cropped-cropped-cropped-cropped-cropped-3-1.png","width":95,"height":122,"caption":"CVI NOTICIAS"},"image":{"@id":"https:\/\/cvinoticias.com\/v3\/#\/schema\/logo\/image\/"},"sameAs":["https:\/\/www.facebook.com\/cvinoticias","https:\/\/www.instagram.com\/cvinoticias\/","https:\/\/www.youtube.com\/@CVINOTICIAS"]},{"@type":"Person","@id":"https:\/\/cvinoticias.com\/v3\/#\/schema\/person\/2db77e3c6bc03c538495d7b2b8be9b66","name":"f1000024","image":{"@type":"ImageObject","inLanguage":"es","@id":"https:\/\/secure.gravatar.com\/avatar\/d4fe7459cfc51ff5129ce1a732bbef5928568b8092d412ef95611616376bbeed?s=96&d=mm&r=g","url":"https:\/\/secure.gravatar.com\/avatar\/d4fe7459cfc51ff5129ce1a732bbef5928568b8092d412ef95611616376bbeed?s=96&d=mm&r=g","contentUrl":"https:\/\/secure.gravatar.com\/avatar\/d4fe7459cfc51ff5129ce1a732bbef5928568b8092d412ef95611616376bbeed?s=96&d=mm&r=g","caption":"f1000024"},"url":"https:\/\/cvinoticias.com\/v3\/author\/f1000024\/"}]}},"_links":{"self":[{"href":"https:\/\/cvinoticias.com\/v3\/wp-json\/wp\/v2\/posts\/41653","targetHints":{"allow":["GET"]}}],"collection":[{"href":"https:\/\/cvinoticias.com\/v3\/wp-json\/wp\/v2\/posts"}],"about":[{"href":"https:\/\/cvinoticias.com\/v3\/wp-json\/wp\/v2\/types\/post"}],"author":[{"embeddable":true,"href":"https:\/\/cvinoticias.com\/v3\/wp-json\/wp\/v2\/users\/2"}],"replies":[{"embeddable":true,"href":"https:\/\/cvinoticias.com\/v3\/wp-json\/wp\/v2\/comments?post=41653"}],"version-history":[{"count":1,"href":"https:\/\/cvinoticias.com\/v3\/wp-json\/wp\/v2\/posts\/41653\/revisions"}],"predecessor-version":[{"id":41655,"href":"https:\/\/cvinoticias.com\/v3\/wp-json\/wp\/v2\/posts\/41653\/revisions\/41655"}],"wp:featuredmedia":[{"embeddable":true,"href":"https:\/\/cvinoticias.com\/v3\/wp-json\/wp\/v2\/media\/41654"}],"wp:attachment":[{"href":"https:\/\/cvinoticias.com\/v3\/wp-json\/wp\/v2\/media?parent=41653"}],"wp:term":[{"taxonomy":"category","embeddable":true,"href":"https:\/\/cvinoticias.com\/v3\/wp-json\/wp\/v2\/categories?post=41653"},{"taxonomy":"post_tag","embeddable":true,"href":"https:\/\/cvinoticias.com\/v3\/wp-json\/wp\/v2\/tags?post=41653"}],"curies":[{"name":"wp","href":"https:\/\/api.w.org\/{rel}","templated":true}]}}