{"id":41646,"date":"2025-04-14T07:57:54","date_gmt":"2025-04-14T10:57:54","guid":{"rendered":"https:\/\/cvinoticias.com\/v3\/?p=41646"},"modified":"2025-04-14T07:58:11","modified_gmt":"2025-04-14T10:58:11","slug":"puerto-esperanza-asamblea-y-nueva-comision-directiva-en-la-asociacion-de-bomberos-voluntarios","status":"publish","type":"post","link":"https:\/\/cvinoticias.com\/v3\/puerto-esperanza-asamblea-y-nueva-comision-directiva-en-la-asociacion-de-bomberos-voluntarios\/","title":{"rendered":"Puerto Esperanza: asamblea y nueva comisi\u00f3n directiva en la Asociaci\u00f3n de Bomberos Voluntarios"},"content":{"rendered":"\n<p>En la sede de la Asociaci\u00f3n de Bomberos Voluntarios de Puerto Esperanza, tuvo lugar este domingo la asamblea general ordinaria donde por acefal\u00eda, se renovaron \u00edntegramente los cargos de la comisi\u00f3n directiva. El jefe del cuerpo activo que es a la vez Director de Defensa, Civil Bruno Sorgue, presidi\u00f3 la reuni\u00f3n.<\/p>\n\n\n\n<p>En la ocasi\u00f3n, Eduardo Raimondi y Adolfo Amarilla integrantes de la comisi\u00f3n saliente, hicieron entrega del libro de actas y de los balances pendientes.<\/p>\n\n\n\n<p>A continuaci\u00f3n, luego de la aprobaci\u00f3n de los mismos, se pas\u00f3 a la elecci\u00f3n de nuevas autoridades de la instituci\u00f3n bomberil. Cabe mencionar aqu\u00ed que, por iniciativa del propio cuerpo activo, y como algo novedoso que no es habitual, la comisi\u00f3n directiva electa en lista \u00fanica, estuvo integrada por los propios bomberos. Es as\u00ed que la nueva comisi\u00f3n directiva qued\u00f3 conformada: como presidente Mauricio Fassa, Vicepresidente Lucas Sorgue, secretaria Cintia Paniagua, prosecretaria Karen Bouchet, tesorero Nico Hardmeier, protesorero Daniel Sorgue. Revisor de Cuentas Titular: Guillermo Gamberini. Revisor de Cuentas Suplente: Eduardo Raimondi. Tribunal de Honor: Ricardo Sorgue, Virgilio Paniagua, y Gerardo Ram\u00edrez.<\/p>\n\n\n\n<p>La asociaci\u00f3n esperance\u00f1a, el 29 de septiembre de 1985, tiene como jefe del cuerpo activo a Bruno Sorgue, y como 2do. jefe a Augusto Paniagua. En tanto que el plantel est\u00e1 conformado por 15 bomberos, 8 aspirantes, y 24 cadetes, de ambos sexos.<\/p>\n","protected":false},"excerpt":{"rendered":"<p>En la sede de la Asociaci\u00f3n de Bomberos Voluntarios de Puerto Esperanza, tuvo lugar este domingo la asamblea general ordinaria donde por acefal\u00eda, se renovaron \u00edntegramente los cargos de la comisi\u00f3n directiva. El jefe del cuerpo activo que es a la vez Director de Defensa, Civil Bruno Sorgue, presidi\u00f3 la reuni\u00f3n. En la ocasi\u00f3n, Eduardo [&hellip;]<\/p>\n","protected":false},"author":2,"featured_media":41647,"comment_status":"open","ping_status":"open","sticky":false,"template":"","format":"standard","meta":{"footnotes":""},"categories":[47],"tags":[603,902],"class_list":["post-41646","post","type-post","status-publish","format-standard","has-post-thumbnail","hentry","category-sociedad","tag-bomberos-voluntarios","tag-puerto-esperanza"],"yoast_head":"<!-- This site is optimized with the Yoast SEO plugin v27.5 - https:\/\/yoast.com\/product\/yoast-seo-wordpress\/ -->\n<title>Puerto Esperanza: Nueva comisi\u00f3n directiva en Bomberos Voluntarios<\/title>\n<meta name=\"description\" content=\"Este domingo, la Asociaci\u00f3n de Bomberos Voluntarios de Puerto Esperanza renov\u00f3 su comisi\u00f3n directiva por acefal\u00eda.\" \/>\n<meta name=\"robots\" content=\"index, follow, max-snippet:-1, max-image-preview:large, max-video-preview:-1\" \/>\n<link rel=\"canonical\" href=\"https:\/\/cvinoticias.com\/v3\/puerto-esperanza-asamblea-y-nueva-comision-directiva-en-la-asociacion-de-bomberos-voluntarios\/\" \/>\n<meta property=\"og:locale\" content=\"es_ES\" \/>\n<meta property=\"og:type\" content=\"article\" \/>\n<meta property=\"og:title\" content=\"Puerto Esperanza: Nueva comisi\u00f3n directiva en Bomberos Voluntarios\" \/>\n<meta property=\"og:description\" content=\"Este domingo, la Asociaci\u00f3n de Bomberos Voluntarios de Puerto Esperanza renov\u00f3 su comisi\u00f3n directiva por acefal\u00eda.\" \/>\n<meta property=\"og:url\" content=\"https:\/\/cvinoticias.com\/v3\/puerto-esperanza-asamblea-y-nueva-comision-directiva-en-la-asociacion-de-bomberos-voluntarios\/\" \/>\n<meta property=\"og:site_name\" content=\"CVI NOTICIAS\" \/>\n<meta property=\"article:publisher\" content=\"https:\/\/www.facebook.com\/cvinoticias\" \/>\n<meta property=\"article:published_time\" content=\"2025-04-14T10:57:54+00:00\" \/>\n<meta property=\"article:modified_time\" content=\"2025-04-14T10:58:11+00:00\" \/>\n<meta property=\"og:image\" content=\"https:\/\/cvinoticias.com\/wp-content\/uploads\/2025\/04\/md-1-1.webp\" \/>\n\t<meta property=\"og:image:width\" content=\"992\" \/>\n\t<meta property=\"og:image:height\" content=\"792\" \/>\n\t<meta property=\"og:image:type\" content=\"image\/webp\" \/>\n<meta name=\"author\" content=\"f1000024\" \/>\n<meta name=\"twitter:card\" content=\"summary_large_image\" \/>\n<meta name=\"twitter:label1\" content=\"Escrito por\" \/>\n\t<meta name=\"twitter:data1\" content=\"f1000024\" \/>\n\t<meta name=\"twitter:label2\" content=\"Tiempo de lectura\" \/>\n\t<meta name=\"twitter:data2\" content=\"2 minutos\" \/>\n<script type=\"application\/ld+json\" class=\"yoast-schema-graph\">{\"@context\":\"https:\\\/\\\/schema.org\",\"@graph\":[{\"@type\":\"Article\",\"@id\":\"https:\\\/\\\/cvinoticias.com\\\/v3\\\/puerto-esperanza-asamblea-y-nueva-comision-directiva-en-la-asociacion-de-bomberos-voluntarios\\\/#article\",\"isPartOf\":{\"@id\":\"https:\\\/\\\/cvinoticias.com\\\/v3\\\/puerto-esperanza-asamblea-y-nueva-comision-directiva-en-la-asociacion-de-bomberos-voluntarios\\\/\"},\"author\":{\"name\":\"f1000024\",\"@id\":\"https:\\\/\\\/cvinoticias.com\\\/v3\\\/#\\\/schema\\\/person\\\/2db77e3c6bc03c538495d7b2b8be9b66\"},\"headline\":\"Puerto Esperanza: asamblea y nueva comisi\u00f3n directiva en la Asociaci\u00f3n de Bomberos Voluntarios\",\"datePublished\":\"2025-04-14T10:57:54+00:00\",\"dateModified\":\"2025-04-14T10:58:11+00:00\",\"mainEntityOfPage\":{\"@id\":\"https:\\\/\\\/cvinoticias.com\\\/v3\\\/puerto-esperanza-asamblea-y-nueva-comision-directiva-en-la-asociacion-de-bomberos-voluntarios\\\/\"},\"wordCount\":245,\"commentCount\":0,\"publisher\":{\"@id\":\"https:\\\/\\\/cvinoticias.com\\\/v3\\\/#organization\"},\"image\":{\"@id\":\"https:\\\/\\\/cvinoticias.com\\\/v3\\\/puerto-esperanza-asamblea-y-nueva-comision-directiva-en-la-asociacion-de-bomberos-voluntarios\\\/#primaryimage\"},\"thumbnailUrl\":\"https:\\\/\\\/cvinoticias.com\\\/wp-content\\\/uploads\\\/2025\\\/04\\\/md-1-1.webp\",\"keywords\":[\"Bomberos Voluntarios\",\"Puerto Esperanza\"],\"articleSection\":[\"Sociedad\"],\"inLanguage\":\"es\",\"potentialAction\":[{\"@type\":\"CommentAction\",\"name\":\"Comment\",\"target\":[\"https:\\\/\\\/cvinoticias.com\\\/v3\\\/puerto-esperanza-asamblea-y-nueva-comision-directiva-en-la-asociacion-de-bomberos-voluntarios\\\/#respond\"]}]},{\"@type\":\"WebPage\",\"@id\":\"https:\\\/\\\/cvinoticias.com\\\/v3\\\/puerto-esperanza-asamblea-y-nueva-comision-directiva-en-la-asociacion-de-bomberos-voluntarios\\\/\",\"url\":\"https:\\\/\\\/cvinoticias.com\\\/v3\\\/puerto-esperanza-asamblea-y-nueva-comision-directiva-en-la-asociacion-de-bomberos-voluntarios\\\/\",\"name\":\"Puerto Esperanza: Nueva comisi\u00f3n directiva en Bomberos Voluntarios\",\"isPartOf\":{\"@id\":\"https:\\\/\\\/cvinoticias.com\\\/v3\\\/#website\"},\"primaryImageOfPage\":{\"@id\":\"https:\\\/\\\/cvinoticias.com\\\/v3\\\/puerto-esperanza-asamblea-y-nueva-comision-directiva-en-la-asociacion-de-bomberos-voluntarios\\\/#primaryimage\"},\"image\":{\"@id\":\"https:\\\/\\\/cvinoticias.com\\\/v3\\\/puerto-esperanza-asamblea-y-nueva-comision-directiva-en-la-asociacion-de-bomberos-voluntarios\\\/#primaryimage\"},\"thumbnailUrl\":\"https:\\\/\\\/cvinoticias.com\\\/wp-content\\\/uploads\\\/2025\\\/04\\\/md-1-1.webp\",\"datePublished\":\"2025-04-14T10:57:54+00:00\",\"dateModified\":\"2025-04-14T10:58:11+00:00\",\"description\":\"Este domingo, la Asociaci\u00f3n de Bomberos Voluntarios de Puerto Esperanza renov\u00f3 su comisi\u00f3n directiva por acefal\u00eda.\",\"breadcrumb\":{\"@id\":\"https:\\\/\\\/cvinoticias.com\\\/v3\\\/puerto-esperanza-asamblea-y-nueva-comision-directiva-en-la-asociacion-de-bomberos-voluntarios\\\/#breadcrumb\"},\"inLanguage\":\"es\",\"potentialAction\":[{\"@type\":\"ReadAction\",\"target\":[\"https:\\\/\\\/cvinoticias.com\\\/v3\\\/puerto-esperanza-asamblea-y-nueva-comision-directiva-en-la-asociacion-de-bomberos-voluntarios\\\/\"]}]},{\"@type\":\"ImageObject\",\"inLanguage\":\"es\",\"@id\":\"https:\\\/\\\/cvinoticias.com\\\/v3\\\/puerto-esperanza-asamblea-y-nueva-comision-directiva-en-la-asociacion-de-bomberos-voluntarios\\\/#primaryimage\",\"url\":\"https:\\\/\\\/cvinoticias.com\\\/wp-content\\\/uploads\\\/2025\\\/04\\\/md-1-1.webp\",\"contentUrl\":\"https:\\\/\\\/cvinoticias.com\\\/wp-content\\\/uploads\\\/2025\\\/04\\\/md-1-1.webp\",\"width\":992,\"height\":792},{\"@type\":\"BreadcrumbList\",\"@id\":\"https:\\\/\\\/cvinoticias.com\\\/v3\\\/puerto-esperanza-asamblea-y-nueva-comision-directiva-en-la-asociacion-de-bomberos-voluntarios\\\/#breadcrumb\",\"itemListElement\":[{\"@type\":\"ListItem\",\"position\":1,\"name\":\"Portada\",\"item\":\"https:\\\/\\\/cvinoticias.com\\\/v3\\\/\"},{\"@type\":\"ListItem\",\"position\":2,\"name\":\"Puerto Esperanza: asamblea y nueva comisi\u00f3n directiva en la Asociaci\u00f3n de Bomberos Voluntarios\"}]},{\"@type\":\"WebSite\",\"@id\":\"https:\\\/\\\/cvinoticias.com\\\/v3\\\/#website\",\"url\":\"https:\\\/\\\/cvinoticias.com\\\/v3\\\/\",\"name\":\"CVI NOTICIAS\",\"description\":\"\",\"publisher\":{\"@id\":\"https:\\\/\\\/cvinoticias.com\\\/v3\\\/#organization\"},\"alternateName\":\"CVI\",\"potentialAction\":[{\"@type\":\"SearchAction\",\"target\":{\"@type\":\"EntryPoint\",\"urlTemplate\":\"https:\\\/\\\/cvinoticias.com\\\/v3\\\/?s={search_term_string}\"},\"query-input\":{\"@type\":\"PropertyValueSpecification\",\"valueRequired\":true,\"valueName\":\"search_term_string\"}}],\"inLanguage\":\"es\"},{\"@type\":\"Organization\",\"@id\":\"https:\\\/\\\/cvinoticias.com\\\/v3\\\/#organization\",\"name\":\"CVI NOTICIAS\",\"url\":\"https:\\\/\\\/cvinoticias.com\\\/v3\\\/\",\"logo\":{\"@type\":\"ImageObject\",\"inLanguage\":\"es\",\"@id\":\"https:\\\/\\\/cvinoticias.com\\\/v3\\\/#\\\/schema\\\/logo\\\/image\\\/\",\"url\":\"https:\\\/\\\/cvinoticias.com\\\/wp-content\\\/uploads\\\/2023\\\/04\\\/cropped-cropped-cropped-cropped-cropped-3-1.png\",\"contentUrl\":\"https:\\\/\\\/cvinoticias.com\\\/wp-content\\\/uploads\\\/2023\\\/04\\\/cropped-cropped-cropped-cropped-cropped-3-1.png\",\"width\":95,\"height\":122,\"caption\":\"CVI NOTICIAS\"},\"image\":{\"@id\":\"https:\\\/\\\/cvinoticias.com\\\/v3\\\/#\\\/schema\\\/logo\\\/image\\\/\"},\"sameAs\":[\"https:\\\/\\\/www.facebook.com\\\/cvinoticias\",\"https:\\\/\\\/www.instagram.com\\\/cvinoticias\\\/\",\"https:\\\/\\\/www.youtube.com\\\/@CVINOTICIAS\"]},{\"@type\":\"Person\",\"@id\":\"https:\\\/\\\/cvinoticias.com\\\/v3\\\/#\\\/schema\\\/person\\\/2db77e3c6bc03c538495d7b2b8be9b66\",\"name\":\"f1000024\",\"image\":{\"@type\":\"ImageObject\",\"inLanguage\":\"es\",\"@id\":\"https:\\\/\\\/secure.gravatar.com\\\/avatar\\\/d4fe7459cfc51ff5129ce1a732bbef5928568b8092d412ef95611616376bbeed?s=96&d=mm&r=g\",\"url\":\"https:\\\/\\\/secure.gravatar.com\\\/avatar\\\/d4fe7459cfc51ff5129ce1a732bbef5928568b8092d412ef95611616376bbeed?s=96&d=mm&r=g\",\"contentUrl\":\"https:\\\/\\\/secure.gravatar.com\\\/avatar\\\/d4fe7459cfc51ff5129ce1a732bbef5928568b8092d412ef95611616376bbeed?s=96&d=mm&r=g\",\"caption\":\"f1000024\"},\"url\":\"https:\\\/\\\/cvinoticias.com\\\/v3\\\/author\\\/f1000024\\\/\"}]}<\/script>\n<!-- \/ Yoast SEO plugin. -->","yoast_head_json":{"title":"Puerto Esperanza: Nueva comisi\u00f3n directiva en Bomberos Voluntarios","description":"Este domingo, la Asociaci\u00f3n de Bomberos Voluntarios de Puerto Esperanza renov\u00f3 su comisi\u00f3n directiva por acefal\u00eda.","robots":{"index":"index","follow":"follow","max-snippet":"max-snippet:-1","max-image-preview":"max-image-preview:large","max-video-preview":"max-video-preview:-1"},"canonical":"https:\/\/cvinoticias.com\/v3\/puerto-esperanza-asamblea-y-nueva-comision-directiva-en-la-asociacion-de-bomberos-voluntarios\/","og_locale":"es_ES","og_type":"article","og_title":"Puerto Esperanza: Nueva comisi\u00f3n directiva en Bomberos Voluntarios","og_description":"Este domingo, la Asociaci\u00f3n de Bomberos Voluntarios de Puerto Esperanza renov\u00f3 su comisi\u00f3n directiva por acefal\u00eda.","og_url":"https:\/\/cvinoticias.com\/v3\/puerto-esperanza-asamblea-y-nueva-comision-directiva-en-la-asociacion-de-bomberos-voluntarios\/","og_site_name":"CVI NOTICIAS","article_publisher":"https:\/\/www.facebook.com\/cvinoticias","article_published_time":"2025-04-14T10:57:54+00:00","article_modified_time":"2025-04-14T10:58:11+00:00","og_image":[{"width":992,"height":792,"url":"https:\/\/cvinoticias.com\/wp-content\/uploads\/2025\/04\/md-1-1.webp","type":"image\/webp"}],"author":"f1000024","twitter_card":"summary_large_image","twitter_misc":{"Escrito por":"f1000024","Tiempo de lectura":"2 minutos"},"schema":{"@context":"https:\/\/schema.org","@graph":[{"@type":"Article","@id":"https:\/\/cvinoticias.com\/v3\/puerto-esperanza-asamblea-y-nueva-comision-directiva-en-la-asociacion-de-bomberos-voluntarios\/#article","isPartOf":{"@id":"https:\/\/cvinoticias.com\/v3\/puerto-esperanza-asamblea-y-nueva-comision-directiva-en-la-asociacion-de-bomberos-voluntarios\/"},"author":{"name":"f1000024","@id":"https:\/\/cvinoticias.com\/v3\/#\/schema\/person\/2db77e3c6bc03c538495d7b2b8be9b66"},"headline":"Puerto Esperanza: asamblea y nueva comisi\u00f3n directiva en la Asociaci\u00f3n de Bomberos Voluntarios","datePublished":"2025-04-14T10:57:54+00:00","dateModified":"2025-04-14T10:58:11+00:00","mainEntityOfPage":{"@id":"https:\/\/cvinoticias.com\/v3\/puerto-esperanza-asamblea-y-nueva-comision-directiva-en-la-asociacion-de-bomberos-voluntarios\/"},"wordCount":245,"commentCount":0,"publisher":{"@id":"https:\/\/cvinoticias.com\/v3\/#organization"},"image":{"@id":"https:\/\/cvinoticias.com\/v3\/puerto-esperanza-asamblea-y-nueva-comision-directiva-en-la-asociacion-de-bomberos-voluntarios\/#primaryimage"},"thumbnailUrl":"https:\/\/cvinoticias.com\/wp-content\/uploads\/2025\/04\/md-1-1.webp","keywords":["Bomberos Voluntarios","Puerto Esperanza"],"articleSection":["Sociedad"],"inLanguage":"es","potentialAction":[{"@type":"CommentAction","name":"Comment","target":["https:\/\/cvinoticias.com\/v3\/puerto-esperanza-asamblea-y-nueva-comision-directiva-en-la-asociacion-de-bomberos-voluntarios\/#respond"]}]},{"@type":"WebPage","@id":"https:\/\/cvinoticias.com\/v3\/puerto-esperanza-asamblea-y-nueva-comision-directiva-en-la-asociacion-de-bomberos-voluntarios\/","url":"https:\/\/cvinoticias.com\/v3\/puerto-esperanza-asamblea-y-nueva-comision-directiva-en-la-asociacion-de-bomberos-voluntarios\/","name":"Puerto Esperanza: Nueva comisi\u00f3n directiva en Bomberos Voluntarios","isPartOf":{"@id":"https:\/\/cvinoticias.com\/v3\/#website"},"primaryImageOfPage":{"@id":"https:\/\/cvinoticias.com\/v3\/puerto-esperanza-asamblea-y-nueva-comision-directiva-en-la-asociacion-de-bomberos-voluntarios\/#primaryimage"},"image":{"@id":"https:\/\/cvinoticias.com\/v3\/puerto-esperanza-asamblea-y-nueva-comision-directiva-en-la-asociacion-de-bomberos-voluntarios\/#primaryimage"},"thumbnailUrl":"https:\/\/cvinoticias.com\/wp-content\/uploads\/2025\/04\/md-1-1.webp","datePublished":"2025-04-14T10:57:54+00:00","dateModified":"2025-04-14T10:58:11+00:00","description":"Este domingo, la Asociaci\u00f3n de Bomberos Voluntarios de Puerto Esperanza renov\u00f3 su comisi\u00f3n directiva por acefal\u00eda.","breadcrumb":{"@id":"https:\/\/cvinoticias.com\/v3\/puerto-esperanza-asamblea-y-nueva-comision-directiva-en-la-asociacion-de-bomberos-voluntarios\/#breadcrumb"},"inLanguage":"es","potentialAction":[{"@type":"ReadAction","target":["https:\/\/cvinoticias.com\/v3\/puerto-esperanza-asamblea-y-nueva-comision-directiva-en-la-asociacion-de-bomberos-voluntarios\/"]}]},{"@type":"ImageObject","inLanguage":"es","@id":"https:\/\/cvinoticias.com\/v3\/puerto-esperanza-asamblea-y-nueva-comision-directiva-en-la-asociacion-de-bomberos-voluntarios\/#primaryimage","url":"https:\/\/cvinoticias.com\/wp-content\/uploads\/2025\/04\/md-1-1.webp","contentUrl":"https:\/\/cvinoticias.com\/wp-content\/uploads\/2025\/04\/md-1-1.webp","width":992,"height":792},{"@type":"BreadcrumbList","@id":"https:\/\/cvinoticias.com\/v3\/puerto-esperanza-asamblea-y-nueva-comision-directiva-en-la-asociacion-de-bomberos-voluntarios\/#breadcrumb","itemListElement":[{"@type":"ListItem","position":1,"name":"Portada","item":"https:\/\/cvinoticias.com\/v3\/"},{"@type":"ListItem","position":2,"name":"Puerto Esperanza: asamblea y nueva comisi\u00f3n directiva en la Asociaci\u00f3n de Bomberos Voluntarios"}]},{"@type":"WebSite","@id":"https:\/\/cvinoticias.com\/v3\/#website","url":"https:\/\/cvinoticias.com\/v3\/","name":"CVI NOTICIAS","description":"","publisher":{"@id":"https:\/\/cvinoticias.com\/v3\/#organization"},"alternateName":"CVI","potentialAction":[{"@type":"SearchAction","target":{"@type":"EntryPoint","urlTemplate":"https:\/\/cvinoticias.com\/v3\/?s={search_term_string}"},"query-input":{"@type":"PropertyValueSpecification","valueRequired":true,"valueName":"search_term_string"}}],"inLanguage":"es"},{"@type":"Organization","@id":"https:\/\/cvinoticias.com\/v3\/#organization","name":"CVI NOTICIAS","url":"https:\/\/cvinoticias.com\/v3\/","logo":{"@type":"ImageObject","inLanguage":"es","@id":"https:\/\/cvinoticias.com\/v3\/#\/schema\/logo\/image\/","url":"https:\/\/cvinoticias.com\/wp-content\/uploads\/2023\/04\/cropped-cropped-cropped-cropped-cropped-3-1.png","contentUrl":"https:\/\/cvinoticias.com\/wp-content\/uploads\/2023\/04\/cropped-cropped-cropped-cropped-cropped-3-1.png","width":95,"height":122,"caption":"CVI NOTICIAS"},"image":{"@id":"https:\/\/cvinoticias.com\/v3\/#\/schema\/logo\/image\/"},"sameAs":["https:\/\/www.facebook.com\/cvinoticias","https:\/\/www.instagram.com\/cvinoticias\/","https:\/\/www.youtube.com\/@CVINOTICIAS"]},{"@type":"Person","@id":"https:\/\/cvinoticias.com\/v3\/#\/schema\/person\/2db77e3c6bc03c538495d7b2b8be9b66","name":"f1000024","image":{"@type":"ImageObject","inLanguage":"es","@id":"https:\/\/secure.gravatar.com\/avatar\/d4fe7459cfc51ff5129ce1a732bbef5928568b8092d412ef95611616376bbeed?s=96&d=mm&r=g","url":"https:\/\/secure.gravatar.com\/avatar\/d4fe7459cfc51ff5129ce1a732bbef5928568b8092d412ef95611616376bbeed?s=96&d=mm&r=g","contentUrl":"https:\/\/secure.gravatar.com\/avatar\/d4fe7459cfc51ff5129ce1a732bbef5928568b8092d412ef95611616376bbeed?s=96&d=mm&r=g","caption":"f1000024"},"url":"https:\/\/cvinoticias.com\/v3\/author\/f1000024\/"}]}},"_links":{"self":[{"href":"https:\/\/cvinoticias.com\/v3\/wp-json\/wp\/v2\/posts\/41646","targetHints":{"allow":["GET"]}}],"collection":[{"href":"https:\/\/cvinoticias.com\/v3\/wp-json\/wp\/v2\/posts"}],"about":[{"href":"https:\/\/cvinoticias.com\/v3\/wp-json\/wp\/v2\/types\/post"}],"author":[{"embeddable":true,"href":"https:\/\/cvinoticias.com\/v3\/wp-json\/wp\/v2\/users\/2"}],"replies":[{"embeddable":true,"href":"https:\/\/cvinoticias.com\/v3\/wp-json\/wp\/v2\/comments?post=41646"}],"version-history":[{"count":1,"href":"https:\/\/cvinoticias.com\/v3\/wp-json\/wp\/v2\/posts\/41646\/revisions"}],"predecessor-version":[{"id":41648,"href":"https:\/\/cvinoticias.com\/v3\/wp-json\/wp\/v2\/posts\/41646\/revisions\/41648"}],"wp:featuredmedia":[{"embeddable":true,"href":"https:\/\/cvinoticias.com\/v3\/wp-json\/wp\/v2\/media\/41647"}],"wp:attachment":[{"href":"https:\/\/cvinoticias.com\/v3\/wp-json\/wp\/v2\/media?parent=41646"}],"wp:term":[{"taxonomy":"category","embeddable":true,"href":"https:\/\/cvinoticias.com\/v3\/wp-json\/wp\/v2\/categories?post=41646"},{"taxonomy":"post_tag","embeddable":true,"href":"https:\/\/cvinoticias.com\/v3\/wp-json\/wp\/v2\/tags?post=41646"}],"curies":[{"name":"wp","href":"https:\/\/api.w.org\/{rel}","templated":true}]}}