{"id":41621,"date":"2025-04-13T12:18:42","date_gmt":"2025-04-13T15:18:42","guid":{"rendered":"https:\/\/cvinoticias.com\/v3\/?p=41621"},"modified":"2025-04-13T12:19:33","modified_gmt":"2025-04-13T15:19:33","slug":"guardaparques-colaboran-con-sus-pares-municipales-de-puerto-rico-para-cuidar-el-parque-natural-monte-seguin","status":"publish","type":"post","link":"https:\/\/cvinoticias.com\/v3\/guardaparques-colaboran-con-sus-pares-municipales-de-puerto-rico-para-cuidar-el-parque-natural-monte-seguin\/","title":{"rendered":"Guardaparques colaboran con sus pares municipales de Puerto Rico para cuidar el Parque Natural Monte Segu\u00edn"},"content":{"rendered":"\n<p>En el marco del trabajo de apoyo a municipios en control y fiscalizaci\u00f3n, guardaparques del Parque Provincial Salto Encantado, pertenecientes al Grupo de Operaciones en Selva zona Sur, realizaron una recorrida en el Parque Natural Municipal Monte Segu\u00edn de Puerto Rico.<\/p>\n\n\n\n<p>Fue en conjunto con guardaparques municipales y se extendi\u00f3 por cinco kil\u00f3metros y medio.<\/p>\n\n\n\n<p>El grupo parti\u00f3 de la comunidad guaran\u00ed Yvyra Poty. Revis\u00f3 el l\u00edmite Suroeste del \u00e1rea hasta llegar al salto Tacuaruz\u00fa, desde donde recorrieron la ribera del r\u00edo Paran\u00e1.<\/p>\n\n\n\n<p>Afortunadamente, detectaron muy poca actividad de caza furtiva.<\/p>\n\n\n\n<hr class=\"wp-block-separator has-alpha-channel-opacity\"\/>\n\n\n\n<figure class=\"wp-block-gallery has-nested-images columns-default is-cropped wp-block-gallery-1 is-layout-flex wp-block-gallery-is-layout-flex\">\n<figure class=\"wp-block-image size-large\"><a href=\"https:\/\/cvinoticias.com\/wp-content\/uploads\/2025\/04\/1000089839.jpg\"><img decoding=\"async\" width=\"576\" height=\"1024\" data-id=\"41624\" data-src=\"https:\/\/cvinoticias.com\/wp-content\/uploads\/2025\/04\/1000089839-576x1024.jpg\" alt=\"\" class=\"wp-image-41624 lazyload\" data-srcset=\"https:\/\/cvinoticias.com\/wp-content\/uploads\/2025\/04\/1000089839-576x1024.jpg 576w, https:\/\/cvinoticias.com\/wp-content\/uploads\/2025\/04\/1000089839-169x300.jpg 169w, https:\/\/cvinoticias.com\/wp-content\/uploads\/2025\/04\/1000089839.jpg 720w\" data-sizes=\"(max-width: 576px) 100vw, 576px\" src=\"data:image\/svg+xml;base64,PHN2ZyB3aWR0aD0iMSIgaGVpZ2h0PSIxIiB4bWxucz0iaHR0cDovL3d3dy53My5vcmcvMjAwMC9zdmciPjwvc3ZnPg==\" style=\"--smush-placeholder-width: 576px; --smush-placeholder-aspect-ratio: 576\/1024;\" \/><\/a><\/figure>\n\n\n\n<figure class=\"wp-block-image size-large\"><a href=\"https:\/\/cvinoticias.com\/wp-content\/uploads\/2025\/04\/1000089838.jpg\"><img decoding=\"async\" width=\"576\" height=\"1024\" data-id=\"41623\" data-src=\"https:\/\/cvinoticias.com\/wp-content\/uploads\/2025\/04\/1000089838-576x1024.jpg\" alt=\"\" class=\"wp-image-41623 lazyload\" data-srcset=\"https:\/\/cvinoticias.com\/wp-content\/uploads\/2025\/04\/1000089838-576x1024.jpg 576w, https:\/\/cvinoticias.com\/wp-content\/uploads\/2025\/04\/1000089838-169x300.jpg 169w, https:\/\/cvinoticias.com\/wp-content\/uploads\/2025\/04\/1000089838.jpg 720w\" data-sizes=\"(max-width: 576px) 100vw, 576px\" src=\"data:image\/svg+xml;base64,PHN2ZyB3aWR0aD0iMSIgaGVpZ2h0PSIxIiB4bWxucz0iaHR0cDovL3d3dy53My5vcmcvMjAwMC9zdmciPjwvc3ZnPg==\" style=\"--smush-placeholder-width: 576px; --smush-placeholder-aspect-ratio: 576\/1024;\" \/><\/a><\/figure>\n<\/figure>\n","protected":false},"excerpt":{"rendered":"<p>En el marco del trabajo de apoyo a municipios en control y fiscalizaci\u00f3n, guardaparques del Parque Provincial Salto Encantado, pertenecientes al Grupo de Operaciones en Selva zona Sur, realizaron una recorrida en el Parque Natural Municipal Monte Segu\u00edn de Puerto Rico. Fue en conjunto con guardaparques municipales y se extendi\u00f3 por cinco kil\u00f3metros y medio. [&hellip;]<\/p>\n","protected":false},"author":2,"featured_media":41622,"comment_status":"open","ping_status":"open","sticky":false,"template":"","format":"standard","meta":{"footnotes":""},"categories":[38,455],"tags":[196,1906,1907],"class_list":["post-41621","post","type-post","status-publish","format-standard","has-post-thumbnail","hentry","category-medio-ambiente","category-misiones","tag-guardaparques","tag-parque-monte-seguin","tag-puerto-rico-misiones"],"yoast_head":"<!-- This site is optimized with the Yoast SEO plugin v27.5 - https:\/\/yoast.com\/product\/yoast-seo-wordpress\/ -->\n<title>Guardaparques recorren el Parque Monte Segu\u00edn en Puerto Rico | CVI NOTICIAS<\/title>\n<meta name=\"description\" content=\"Guardaparques colaboran con sus pares municipales de Puerto Rico para cuidar el Parque Natural Monte Segu\u00edn\" \/>\n<meta name=\"robots\" content=\"index, follow, max-snippet:-1, max-image-preview:large, max-video-preview:-1\" \/>\n<link rel=\"canonical\" href=\"https:\/\/cvinoticias.com\/v3\/guardaparques-colaboran-con-sus-pares-municipales-de-puerto-rico-para-cuidar-el-parque-natural-monte-seguin\/\" \/>\n<meta property=\"og:locale\" content=\"es_ES\" \/>\n<meta property=\"og:type\" content=\"article\" \/>\n<meta property=\"og:title\" content=\"Guardaparques recorren el Parque Monte Segu\u00edn en Puerto Rico | CVI NOTICIAS\" \/>\n<meta property=\"og:description\" content=\"Guardaparques colaboran con sus pares municipales de Puerto Rico para cuidar el Parque Natural Monte Segu\u00edn\" \/>\n<meta property=\"og:url\" content=\"https:\/\/cvinoticias.com\/v3\/guardaparques-colaboran-con-sus-pares-municipales-de-puerto-rico-para-cuidar-el-parque-natural-monte-seguin\/\" \/>\n<meta property=\"og:site_name\" content=\"CVI NOTICIAS\" \/>\n<meta property=\"article:publisher\" content=\"https:\/\/www.facebook.com\/cvinoticias\" \/>\n<meta property=\"article:published_time\" content=\"2025-04-13T15:18:42+00:00\" \/>\n<meta property=\"article:modified_time\" content=\"2025-04-13T15:19:33+00:00\" \/>\n<meta property=\"og:image\" content=\"https:\/\/cvinoticias.com\/wp-content\/uploads\/2025\/04\/IMG-20250413-WA0015.jpg\" \/>\n\t<meta property=\"og:image:width\" content=\"1600\" \/>\n\t<meta property=\"og:image:height\" content=\"713\" \/>\n\t<meta property=\"og:image:type\" content=\"image\/jpeg\" \/>\n<meta name=\"author\" content=\"f1000024\" \/>\n<meta name=\"twitter:card\" content=\"summary_large_image\" \/>\n<meta name=\"twitter:label1\" content=\"Escrito por\" \/>\n\t<meta name=\"twitter:data1\" content=\"f1000024\" \/>\n\t<meta name=\"twitter:label2\" content=\"Tiempo de lectura\" \/>\n\t<meta name=\"twitter:data2\" content=\"2 minutos\" \/>\n<script type=\"application\/ld+json\" class=\"yoast-schema-graph\">{\"@context\":\"https:\\\/\\\/schema.org\",\"@graph\":[{\"@type\":\"Article\",\"@id\":\"https:\\\/\\\/cvinoticias.com\\\/v3\\\/guardaparques-colaboran-con-sus-pares-municipales-de-puerto-rico-para-cuidar-el-parque-natural-monte-seguin\\\/#article\",\"isPartOf\":{\"@id\":\"https:\\\/\\\/cvinoticias.com\\\/v3\\\/guardaparques-colaboran-con-sus-pares-municipales-de-puerto-rico-para-cuidar-el-parque-natural-monte-seguin\\\/\"},\"author\":{\"name\":\"f1000024\",\"@id\":\"https:\\\/\\\/cvinoticias.com\\\/v3\\\/#\\\/schema\\\/person\\\/2db77e3c6bc03c538495d7b2b8be9b66\"},\"headline\":\"Guardaparques colaboran con sus pares municipales de Puerto Rico para cuidar el Parque Natural Monte Segu\u00edn\",\"datePublished\":\"2025-04-13T15:18:42+00:00\",\"dateModified\":\"2025-04-13T15:19:33+00:00\",\"mainEntityOfPage\":{\"@id\":\"https:\\\/\\\/cvinoticias.com\\\/v3\\\/guardaparques-colaboran-con-sus-pares-municipales-de-puerto-rico-para-cuidar-el-parque-natural-monte-seguin\\\/\"},\"wordCount\":113,\"commentCount\":0,\"publisher\":{\"@id\":\"https:\\\/\\\/cvinoticias.com\\\/v3\\\/#organization\"},\"image\":{\"@id\":\"https:\\\/\\\/cvinoticias.com\\\/v3\\\/guardaparques-colaboran-con-sus-pares-municipales-de-puerto-rico-para-cuidar-el-parque-natural-monte-seguin\\\/#primaryimage\"},\"thumbnailUrl\":\"https:\\\/\\\/cvinoticias.com\\\/wp-content\\\/uploads\\\/2025\\\/04\\\/IMG-20250413-WA0015.jpg\",\"keywords\":[\"guardaparques\",\"Parque Monte Segu\u00edn\",\"Puerto Rico Misiones\"],\"articleSection\":[\"Medio Ambiente\",\"Misiones\"],\"inLanguage\":\"es\",\"potentialAction\":[{\"@type\":\"CommentAction\",\"name\":\"Comment\",\"target\":[\"https:\\\/\\\/cvinoticias.com\\\/v3\\\/guardaparques-colaboran-con-sus-pares-municipales-de-puerto-rico-para-cuidar-el-parque-natural-monte-seguin\\\/#respond\"]}]},{\"@type\":\"WebPage\",\"@id\":\"https:\\\/\\\/cvinoticias.com\\\/v3\\\/guardaparques-colaboran-con-sus-pares-municipales-de-puerto-rico-para-cuidar-el-parque-natural-monte-seguin\\\/\",\"url\":\"https:\\\/\\\/cvinoticias.com\\\/v3\\\/guardaparques-colaboran-con-sus-pares-municipales-de-puerto-rico-para-cuidar-el-parque-natural-monte-seguin\\\/\",\"name\":\"Guardaparques recorren el Parque Monte Segu\u00edn en Puerto Rico | CVI NOTICIAS\",\"isPartOf\":{\"@id\":\"https:\\\/\\\/cvinoticias.com\\\/v3\\\/#website\"},\"primaryImageOfPage\":{\"@id\":\"https:\\\/\\\/cvinoticias.com\\\/v3\\\/guardaparques-colaboran-con-sus-pares-municipales-de-puerto-rico-para-cuidar-el-parque-natural-monte-seguin\\\/#primaryimage\"},\"image\":{\"@id\":\"https:\\\/\\\/cvinoticias.com\\\/v3\\\/guardaparques-colaboran-con-sus-pares-municipales-de-puerto-rico-para-cuidar-el-parque-natural-monte-seguin\\\/#primaryimage\"},\"thumbnailUrl\":\"https:\\\/\\\/cvinoticias.com\\\/wp-content\\\/uploads\\\/2025\\\/04\\\/IMG-20250413-WA0015.jpg\",\"datePublished\":\"2025-04-13T15:18:42+00:00\",\"dateModified\":\"2025-04-13T15:19:33+00:00\",\"description\":\"Guardaparques colaboran con sus pares municipales de Puerto Rico para cuidar el Parque Natural Monte Segu\u00edn\",\"breadcrumb\":{\"@id\":\"https:\\\/\\\/cvinoticias.com\\\/v3\\\/guardaparques-colaboran-con-sus-pares-municipales-de-puerto-rico-para-cuidar-el-parque-natural-monte-seguin\\\/#breadcrumb\"},\"inLanguage\":\"es\",\"potentialAction\":[{\"@type\":\"ReadAction\",\"target\":[\"https:\\\/\\\/cvinoticias.com\\\/v3\\\/guardaparques-colaboran-con-sus-pares-municipales-de-puerto-rico-para-cuidar-el-parque-natural-monte-seguin\\\/\"]}]},{\"@type\":\"ImageObject\",\"inLanguage\":\"es\",\"@id\":\"https:\\\/\\\/cvinoticias.com\\\/v3\\\/guardaparques-colaboran-con-sus-pares-municipales-de-puerto-rico-para-cuidar-el-parque-natural-monte-seguin\\\/#primaryimage\",\"url\":\"https:\\\/\\\/cvinoticias.com\\\/wp-content\\\/uploads\\\/2025\\\/04\\\/IMG-20250413-WA0015.jpg\",\"contentUrl\":\"https:\\\/\\\/cvinoticias.com\\\/wp-content\\\/uploads\\\/2025\\\/04\\\/IMG-20250413-WA0015.jpg\",\"width\":1600,\"height\":713},{\"@type\":\"BreadcrumbList\",\"@id\":\"https:\\\/\\\/cvinoticias.com\\\/v3\\\/guardaparques-colaboran-con-sus-pares-municipales-de-puerto-rico-para-cuidar-el-parque-natural-monte-seguin\\\/#breadcrumb\",\"itemListElement\":[{\"@type\":\"ListItem\",\"position\":1,\"name\":\"Portada\",\"item\":\"https:\\\/\\\/cvinoticias.com\\\/v3\\\/\"},{\"@type\":\"ListItem\",\"position\":2,\"name\":\"Guardaparques colaboran con sus pares municipales de Puerto Rico para cuidar el Parque Natural Monte Segu\u00edn\"}]},{\"@type\":\"WebSite\",\"@id\":\"https:\\\/\\\/cvinoticias.com\\\/v3\\\/#website\",\"url\":\"https:\\\/\\\/cvinoticias.com\\\/v3\\\/\",\"name\":\"CVI NOTICIAS\",\"description\":\"\",\"publisher\":{\"@id\":\"https:\\\/\\\/cvinoticias.com\\\/v3\\\/#organization\"},\"alternateName\":\"CVI\",\"potentialAction\":[{\"@type\":\"SearchAction\",\"target\":{\"@type\":\"EntryPoint\",\"urlTemplate\":\"https:\\\/\\\/cvinoticias.com\\\/v3\\\/?s={search_term_string}\"},\"query-input\":{\"@type\":\"PropertyValueSpecification\",\"valueRequired\":true,\"valueName\":\"search_term_string\"}}],\"inLanguage\":\"es\"},{\"@type\":\"Organization\",\"@id\":\"https:\\\/\\\/cvinoticias.com\\\/v3\\\/#organization\",\"name\":\"CVI NOTICIAS\",\"url\":\"https:\\\/\\\/cvinoticias.com\\\/v3\\\/\",\"logo\":{\"@type\":\"ImageObject\",\"inLanguage\":\"es\",\"@id\":\"https:\\\/\\\/cvinoticias.com\\\/v3\\\/#\\\/schema\\\/logo\\\/image\\\/\",\"url\":\"https:\\\/\\\/cvinoticias.com\\\/wp-content\\\/uploads\\\/2023\\\/04\\\/cropped-cropped-cropped-cropped-cropped-3-1.png\",\"contentUrl\":\"https:\\\/\\\/cvinoticias.com\\\/wp-content\\\/uploads\\\/2023\\\/04\\\/cropped-cropped-cropped-cropped-cropped-3-1.png\",\"width\":95,\"height\":122,\"caption\":\"CVI NOTICIAS\"},\"image\":{\"@id\":\"https:\\\/\\\/cvinoticias.com\\\/v3\\\/#\\\/schema\\\/logo\\\/image\\\/\"},\"sameAs\":[\"https:\\\/\\\/www.facebook.com\\\/cvinoticias\",\"https:\\\/\\\/www.instagram.com\\\/cvinoticias\\\/\",\"https:\\\/\\\/www.youtube.com\\\/@CVINOTICIAS\"]},{\"@type\":\"Person\",\"@id\":\"https:\\\/\\\/cvinoticias.com\\\/v3\\\/#\\\/schema\\\/person\\\/2db77e3c6bc03c538495d7b2b8be9b66\",\"name\":\"f1000024\",\"image\":{\"@type\":\"ImageObject\",\"inLanguage\":\"es\",\"@id\":\"https:\\\/\\\/secure.gravatar.com\\\/avatar\\\/d4fe7459cfc51ff5129ce1a732bbef5928568b8092d412ef95611616376bbeed?s=96&d=mm&r=g\",\"url\":\"https:\\\/\\\/secure.gravatar.com\\\/avatar\\\/d4fe7459cfc51ff5129ce1a732bbef5928568b8092d412ef95611616376bbeed?s=96&d=mm&r=g\",\"contentUrl\":\"https:\\\/\\\/secure.gravatar.com\\\/avatar\\\/d4fe7459cfc51ff5129ce1a732bbef5928568b8092d412ef95611616376bbeed?s=96&d=mm&r=g\",\"caption\":\"f1000024\"},\"url\":\"https:\\\/\\\/cvinoticias.com\\\/v3\\\/author\\\/f1000024\\\/\"}]}<\/script>\n<!-- \/ Yoast SEO plugin. -->","yoast_head_json":{"title":"Guardaparques recorren el Parque Monte Segu\u00edn en Puerto Rico | CVI NOTICIAS","description":"Guardaparques colaboran con sus pares municipales de Puerto Rico para cuidar el Parque Natural Monte Segu\u00edn","robots":{"index":"index","follow":"follow","max-snippet":"max-snippet:-1","max-image-preview":"max-image-preview:large","max-video-preview":"max-video-preview:-1"},"canonical":"https:\/\/cvinoticias.com\/v3\/guardaparques-colaboran-con-sus-pares-municipales-de-puerto-rico-para-cuidar-el-parque-natural-monte-seguin\/","og_locale":"es_ES","og_type":"article","og_title":"Guardaparques recorren el Parque Monte Segu\u00edn en Puerto Rico | CVI NOTICIAS","og_description":"Guardaparques colaboran con sus pares municipales de Puerto Rico para cuidar el Parque Natural Monte Segu\u00edn","og_url":"https:\/\/cvinoticias.com\/v3\/guardaparques-colaboran-con-sus-pares-municipales-de-puerto-rico-para-cuidar-el-parque-natural-monte-seguin\/","og_site_name":"CVI NOTICIAS","article_publisher":"https:\/\/www.facebook.com\/cvinoticias","article_published_time":"2025-04-13T15:18:42+00:00","article_modified_time":"2025-04-13T15:19:33+00:00","og_image":[{"width":1600,"height":713,"url":"https:\/\/cvinoticias.com\/wp-content\/uploads\/2025\/04\/IMG-20250413-WA0015.jpg","type":"image\/jpeg"}],"author":"f1000024","twitter_card":"summary_large_image","twitter_misc":{"Escrito por":"f1000024","Tiempo de lectura":"2 minutos"},"schema":{"@context":"https:\/\/schema.org","@graph":[{"@type":"Article","@id":"https:\/\/cvinoticias.com\/v3\/guardaparques-colaboran-con-sus-pares-municipales-de-puerto-rico-para-cuidar-el-parque-natural-monte-seguin\/#article","isPartOf":{"@id":"https:\/\/cvinoticias.com\/v3\/guardaparques-colaboran-con-sus-pares-municipales-de-puerto-rico-para-cuidar-el-parque-natural-monte-seguin\/"},"author":{"name":"f1000024","@id":"https:\/\/cvinoticias.com\/v3\/#\/schema\/person\/2db77e3c6bc03c538495d7b2b8be9b66"},"headline":"Guardaparques colaboran con sus pares municipales de Puerto Rico para cuidar el Parque Natural Monte Segu\u00edn","datePublished":"2025-04-13T15:18:42+00:00","dateModified":"2025-04-13T15:19:33+00:00","mainEntityOfPage":{"@id":"https:\/\/cvinoticias.com\/v3\/guardaparques-colaboran-con-sus-pares-municipales-de-puerto-rico-para-cuidar-el-parque-natural-monte-seguin\/"},"wordCount":113,"commentCount":0,"publisher":{"@id":"https:\/\/cvinoticias.com\/v3\/#organization"},"image":{"@id":"https:\/\/cvinoticias.com\/v3\/guardaparques-colaboran-con-sus-pares-municipales-de-puerto-rico-para-cuidar-el-parque-natural-monte-seguin\/#primaryimage"},"thumbnailUrl":"https:\/\/cvinoticias.com\/wp-content\/uploads\/2025\/04\/IMG-20250413-WA0015.jpg","keywords":["guardaparques","Parque Monte Segu\u00edn","Puerto Rico Misiones"],"articleSection":["Medio Ambiente","Misiones"],"inLanguage":"es","potentialAction":[{"@type":"CommentAction","name":"Comment","target":["https:\/\/cvinoticias.com\/v3\/guardaparques-colaboran-con-sus-pares-municipales-de-puerto-rico-para-cuidar-el-parque-natural-monte-seguin\/#respond"]}]},{"@type":"WebPage","@id":"https:\/\/cvinoticias.com\/v3\/guardaparques-colaboran-con-sus-pares-municipales-de-puerto-rico-para-cuidar-el-parque-natural-monte-seguin\/","url":"https:\/\/cvinoticias.com\/v3\/guardaparques-colaboran-con-sus-pares-municipales-de-puerto-rico-para-cuidar-el-parque-natural-monte-seguin\/","name":"Guardaparques recorren el Parque Monte Segu\u00edn en Puerto Rico | CVI NOTICIAS","isPartOf":{"@id":"https:\/\/cvinoticias.com\/v3\/#website"},"primaryImageOfPage":{"@id":"https:\/\/cvinoticias.com\/v3\/guardaparques-colaboran-con-sus-pares-municipales-de-puerto-rico-para-cuidar-el-parque-natural-monte-seguin\/#primaryimage"},"image":{"@id":"https:\/\/cvinoticias.com\/v3\/guardaparques-colaboran-con-sus-pares-municipales-de-puerto-rico-para-cuidar-el-parque-natural-monte-seguin\/#primaryimage"},"thumbnailUrl":"https:\/\/cvinoticias.com\/wp-content\/uploads\/2025\/04\/IMG-20250413-WA0015.jpg","datePublished":"2025-04-13T15:18:42+00:00","dateModified":"2025-04-13T15:19:33+00:00","description":"Guardaparques colaboran con sus pares municipales de Puerto Rico para cuidar el Parque Natural Monte Segu\u00edn","breadcrumb":{"@id":"https:\/\/cvinoticias.com\/v3\/guardaparques-colaboran-con-sus-pares-municipales-de-puerto-rico-para-cuidar-el-parque-natural-monte-seguin\/#breadcrumb"},"inLanguage":"es","potentialAction":[{"@type":"ReadAction","target":["https:\/\/cvinoticias.com\/v3\/guardaparques-colaboran-con-sus-pares-municipales-de-puerto-rico-para-cuidar-el-parque-natural-monte-seguin\/"]}]},{"@type":"ImageObject","inLanguage":"es","@id":"https:\/\/cvinoticias.com\/v3\/guardaparques-colaboran-con-sus-pares-municipales-de-puerto-rico-para-cuidar-el-parque-natural-monte-seguin\/#primaryimage","url":"https:\/\/cvinoticias.com\/wp-content\/uploads\/2025\/04\/IMG-20250413-WA0015.jpg","contentUrl":"https:\/\/cvinoticias.com\/wp-content\/uploads\/2025\/04\/IMG-20250413-WA0015.jpg","width":1600,"height":713},{"@type":"BreadcrumbList","@id":"https:\/\/cvinoticias.com\/v3\/guardaparques-colaboran-con-sus-pares-municipales-de-puerto-rico-para-cuidar-el-parque-natural-monte-seguin\/#breadcrumb","itemListElement":[{"@type":"ListItem","position":1,"name":"Portada","item":"https:\/\/cvinoticias.com\/v3\/"},{"@type":"ListItem","position":2,"name":"Guardaparques colaboran con sus pares municipales de Puerto Rico para cuidar el Parque Natural Monte Segu\u00edn"}]},{"@type":"WebSite","@id":"https:\/\/cvinoticias.com\/v3\/#website","url":"https:\/\/cvinoticias.com\/v3\/","name":"CVI NOTICIAS","description":"","publisher":{"@id":"https:\/\/cvinoticias.com\/v3\/#organization"},"alternateName":"CVI","potentialAction":[{"@type":"SearchAction","target":{"@type":"EntryPoint","urlTemplate":"https:\/\/cvinoticias.com\/v3\/?s={search_term_string}"},"query-input":{"@type":"PropertyValueSpecification","valueRequired":true,"valueName":"search_term_string"}}],"inLanguage":"es"},{"@type":"Organization","@id":"https:\/\/cvinoticias.com\/v3\/#organization","name":"CVI NOTICIAS","url":"https:\/\/cvinoticias.com\/v3\/","logo":{"@type":"ImageObject","inLanguage":"es","@id":"https:\/\/cvinoticias.com\/v3\/#\/schema\/logo\/image\/","url":"https:\/\/cvinoticias.com\/wp-content\/uploads\/2023\/04\/cropped-cropped-cropped-cropped-cropped-3-1.png","contentUrl":"https:\/\/cvinoticias.com\/wp-content\/uploads\/2023\/04\/cropped-cropped-cropped-cropped-cropped-3-1.png","width":95,"height":122,"caption":"CVI NOTICIAS"},"image":{"@id":"https:\/\/cvinoticias.com\/v3\/#\/schema\/logo\/image\/"},"sameAs":["https:\/\/www.facebook.com\/cvinoticias","https:\/\/www.instagram.com\/cvinoticias\/","https:\/\/www.youtube.com\/@CVINOTICIAS"]},{"@type":"Person","@id":"https:\/\/cvinoticias.com\/v3\/#\/schema\/person\/2db77e3c6bc03c538495d7b2b8be9b66","name":"f1000024","image":{"@type":"ImageObject","inLanguage":"es","@id":"https:\/\/secure.gravatar.com\/avatar\/d4fe7459cfc51ff5129ce1a732bbef5928568b8092d412ef95611616376bbeed?s=96&d=mm&r=g","url":"https:\/\/secure.gravatar.com\/avatar\/d4fe7459cfc51ff5129ce1a732bbef5928568b8092d412ef95611616376bbeed?s=96&d=mm&r=g","contentUrl":"https:\/\/secure.gravatar.com\/avatar\/d4fe7459cfc51ff5129ce1a732bbef5928568b8092d412ef95611616376bbeed?s=96&d=mm&r=g","caption":"f1000024"},"url":"https:\/\/cvinoticias.com\/v3\/author\/f1000024\/"}]}},"_links":{"self":[{"href":"https:\/\/cvinoticias.com\/v3\/wp-json\/wp\/v2\/posts\/41621","targetHints":{"allow":["GET"]}}],"collection":[{"href":"https:\/\/cvinoticias.com\/v3\/wp-json\/wp\/v2\/posts"}],"about":[{"href":"https:\/\/cvinoticias.com\/v3\/wp-json\/wp\/v2\/types\/post"}],"author":[{"embeddable":true,"href":"https:\/\/cvinoticias.com\/v3\/wp-json\/wp\/v2\/users\/2"}],"replies":[{"embeddable":true,"href":"https:\/\/cvinoticias.com\/v3\/wp-json\/wp\/v2\/comments?post=41621"}],"version-history":[{"count":1,"href":"https:\/\/cvinoticias.com\/v3\/wp-json\/wp\/v2\/posts\/41621\/revisions"}],"predecessor-version":[{"id":41625,"href":"https:\/\/cvinoticias.com\/v3\/wp-json\/wp\/v2\/posts\/41621\/revisions\/41625"}],"wp:featuredmedia":[{"embeddable":true,"href":"https:\/\/cvinoticias.com\/v3\/wp-json\/wp\/v2\/media\/41622"}],"wp:attachment":[{"href":"https:\/\/cvinoticias.com\/v3\/wp-json\/wp\/v2\/media?parent=41621"}],"wp:term":[{"taxonomy":"category","embeddable":true,"href":"https:\/\/cvinoticias.com\/v3\/wp-json\/wp\/v2\/categories?post=41621"},{"taxonomy":"post_tag","embeddable":true,"href":"https:\/\/cvinoticias.com\/v3\/wp-json\/wp\/v2\/tags?post=41621"}],"curies":[{"name":"wp","href":"https:\/\/api.w.org\/{rel}","templated":true}]}}