{"id":41572,"date":"2025-04-11T16:19:41","date_gmt":"2025-04-11T19:19:41","guid":{"rendered":"https:\/\/cvinoticias.com\/v3\/?p=41572"},"modified":"2025-04-11T16:19:42","modified_gmt":"2025-04-11T19:19:42","slug":"iguazu-vecinos-advierten-sobre-fallas-en-un-transformador-en-av-republica-argentina","status":"publish","type":"post","link":"https:\/\/cvinoticias.com\/v3\/iguazu-vecinos-advierten-sobre-fallas-en-un-transformador-en-av-republica-argentina\/","title":{"rendered":"Iguaz\u00fa: Vecinos advierten sobre fallas en un transformador en Av. Rep\u00fablica Argentina"},"content":{"rendered":"\n<p>Vecinos de la zona de la Av Rep\u00fablica Argentina 938, expresaron su preocupaci\u00f3n ante una peligrosa situaci\u00f3n que involucra a un transformador el\u00e9ctrico de gran tama\u00f1o que presenta fallas desde hace al menos tres d\u00edas, sin recibir atenci\u00f3n por parte de Energ\u00eda de Misiones.<\/p>\n\n\n\n<p>Seg\u00fan relataron a CVI Noticias, el problema comenz\u00f3 con un cable encendido que generaba chispazos, y en las \u00faltimas horas, otro morseto del mismo transformador tambi\u00e9n prendi\u00f3 fuego, aumentando el riesgo de un siniestro mayor. La preocupaci\u00f3n crece no solo por el tiempo transcurrido sin soluciones, sino tambi\u00e9n porque debajo del transformador funciona una tienda de telas, lo que agrava la peligrosidad en caso de que el fuego se extienda.<\/p>\n\n\n\n<p>\u201cEsto llega a prender fuego y no sabemos qu\u00e9 puede pasar. Tenemos matafuegos por las dudas, pero no es suficiente\u201d, expresaron.<\/p>\n\n\n\n<hr class=\"wp-block-separator has-alpha-channel-opacity\"\/>\n\n\n\n<figure class=\"wp-block-video\"><video height=\"640\" style=\"aspect-ratio: 356 \/ 640;\" width=\"356\" controls src=\"https:\/\/cvinoticias.com\/wp-content\/uploads\/2025\/04\/1000087531.mp4\"><\/video><\/figure>\n","protected":false},"excerpt":{"rendered":"<p>Vecinos de la zona de la Av Rep\u00fablica Argentina 938, expresaron su preocupaci\u00f3n ante una peligrosa situaci\u00f3n que involucra a un transformador el\u00e9ctrico de gran tama\u00f1o que presenta fallas desde hace al menos tres d\u00edas, sin recibir atenci\u00f3n por parte de Energ\u00eda de Misiones. Seg\u00fan relataron a CVI Noticias, el problema comenz\u00f3 con un cable [&hellip;]<\/p>\n","protected":false},"author":2,"featured_media":41574,"comment_status":"open","ping_status":"open","sticky":false,"template":"","format":"standard","meta":{"footnotes":""},"categories":[29,47],"tags":[1899,1566,1900],"class_list":["post-41572","post","type-post","status-publish","format-standard","has-post-thumbnail","hentry","category-locales","category-sociedad","tag-falla","tag-preocupacion","tag-transformador"],"yoast_head":"<!-- This site is optimized with the Yoast SEO plugin v27.5 - https:\/\/yoast.com\/product\/yoast-seo-wordpress\/ -->\n<title>Vecinos alertan por transformador en mal estado en Iguaz\u00fa | CVI NOTICIAS<\/title>\n<meta name=\"description\" content=\"Vecinos de Av. Rep\u00fablica Argentina 938 advierten sobre un transformador que arroja chispas desde hace varios d\u00edas\" \/>\n<meta name=\"robots\" content=\"index, follow, max-snippet:-1, max-image-preview:large, max-video-preview:-1\" \/>\n<link rel=\"canonical\" href=\"https:\/\/cvinoticias.com\/v3\/iguazu-vecinos-advierten-sobre-fallas-en-un-transformador-en-av-republica-argentina\/\" \/>\n<meta property=\"og:locale\" content=\"es_ES\" \/>\n<meta property=\"og:type\" content=\"article\" \/>\n<meta property=\"og:title\" content=\"Vecinos alertan por transformador en mal estado en Iguaz\u00fa | CVI NOTICIAS\" \/>\n<meta property=\"og:description\" content=\"Vecinos de Av. Rep\u00fablica Argentina 938 advierten sobre un transformador que arroja chispas desde hace varios d\u00edas\" \/>\n<meta property=\"og:url\" content=\"https:\/\/cvinoticias.com\/v3\/iguazu-vecinos-advierten-sobre-fallas-en-un-transformador-en-av-republica-argentina\/\" \/>\n<meta property=\"og:site_name\" content=\"CVI NOTICIAS\" \/>\n<meta property=\"article:publisher\" content=\"https:\/\/www.facebook.com\/cvinoticias\" \/>\n<meta property=\"article:published_time\" content=\"2025-04-11T19:19:41+00:00\" \/>\n<meta property=\"article:modified_time\" content=\"2025-04-11T19:19:42+00:00\" \/>\n<meta property=\"og:image\" content=\"https:\/\/cvinoticias.com\/wp-content\/uploads\/2025\/04\/1000087529.jpg\" \/>\n\t<meta property=\"og:image:width\" content=\"720\" \/>\n\t<meta property=\"og:image:height\" content=\"1210\" \/>\n\t<meta property=\"og:image:type\" content=\"image\/jpeg\" \/>\n<meta name=\"author\" content=\"f1000024\" \/>\n<meta name=\"twitter:card\" content=\"summary_large_image\" \/>\n<meta name=\"twitter:label1\" content=\"Escrito por\" \/>\n\t<meta name=\"twitter:data1\" content=\"f1000024\" \/>\n\t<meta name=\"twitter:label2\" content=\"Tiempo de lectura\" \/>\n\t<meta name=\"twitter:data2\" content=\"1 minuto\" \/>\n<script type=\"application\/ld+json\" class=\"yoast-schema-graph\">{\"@context\":\"https:\\\/\\\/schema.org\",\"@graph\":[{\"@type\":\"Article\",\"@id\":\"https:\\\/\\\/cvinoticias.com\\\/v3\\\/iguazu-vecinos-advierten-sobre-fallas-en-un-transformador-en-av-republica-argentina\\\/#article\",\"isPartOf\":{\"@id\":\"https:\\\/\\\/cvinoticias.com\\\/v3\\\/iguazu-vecinos-advierten-sobre-fallas-en-un-transformador-en-av-republica-argentina\\\/\"},\"author\":{\"name\":\"f1000024\",\"@id\":\"https:\\\/\\\/cvinoticias.com\\\/v3\\\/#\\\/schema\\\/person\\\/2db77e3c6bc03c538495d7b2b8be9b66\"},\"headline\":\"Iguaz\u00fa: Vecinos advierten sobre fallas en un transformador en Av. Rep\u00fablica Argentina\",\"datePublished\":\"2025-04-11T19:19:41+00:00\",\"dateModified\":\"2025-04-11T19:19:42+00:00\",\"mainEntityOfPage\":{\"@id\":\"https:\\\/\\\/cvinoticias.com\\\/v3\\\/iguazu-vecinos-advierten-sobre-fallas-en-un-transformador-en-av-republica-argentina\\\/\"},\"wordCount\":159,\"commentCount\":0,\"publisher\":{\"@id\":\"https:\\\/\\\/cvinoticias.com\\\/v3\\\/#organization\"},\"image\":{\"@id\":\"https:\\\/\\\/cvinoticias.com\\\/v3\\\/iguazu-vecinos-advierten-sobre-fallas-en-un-transformador-en-av-republica-argentina\\\/#primaryimage\"},\"thumbnailUrl\":\"https:\\\/\\\/cvinoticias.com\\\/wp-content\\\/uploads\\\/2025\\\/04\\\/1000087529.jpg\",\"keywords\":[\"Falla\",\"Preocupaci\u00f3n\",\"Transformador\"],\"articleSection\":[\"Locales\",\"Sociedad\"],\"inLanguage\":\"es\",\"potentialAction\":[{\"@type\":\"CommentAction\",\"name\":\"Comment\",\"target\":[\"https:\\\/\\\/cvinoticias.com\\\/v3\\\/iguazu-vecinos-advierten-sobre-fallas-en-un-transformador-en-av-republica-argentina\\\/#respond\"]}]},{\"@type\":\"WebPage\",\"@id\":\"https:\\\/\\\/cvinoticias.com\\\/v3\\\/iguazu-vecinos-advierten-sobre-fallas-en-un-transformador-en-av-republica-argentina\\\/\",\"url\":\"https:\\\/\\\/cvinoticias.com\\\/v3\\\/iguazu-vecinos-advierten-sobre-fallas-en-un-transformador-en-av-republica-argentina\\\/\",\"name\":\"Vecinos alertan por transformador en mal estado en Iguaz\u00fa | CVI NOTICIAS\",\"isPartOf\":{\"@id\":\"https:\\\/\\\/cvinoticias.com\\\/v3\\\/#website\"},\"primaryImageOfPage\":{\"@id\":\"https:\\\/\\\/cvinoticias.com\\\/v3\\\/iguazu-vecinos-advierten-sobre-fallas-en-un-transformador-en-av-republica-argentina\\\/#primaryimage\"},\"image\":{\"@id\":\"https:\\\/\\\/cvinoticias.com\\\/v3\\\/iguazu-vecinos-advierten-sobre-fallas-en-un-transformador-en-av-republica-argentina\\\/#primaryimage\"},\"thumbnailUrl\":\"https:\\\/\\\/cvinoticias.com\\\/wp-content\\\/uploads\\\/2025\\\/04\\\/1000087529.jpg\",\"datePublished\":\"2025-04-11T19:19:41+00:00\",\"dateModified\":\"2025-04-11T19:19:42+00:00\",\"description\":\"Vecinos de Av. Rep\u00fablica Argentina 938 advierten sobre un transformador que arroja chispas desde hace varios d\u00edas\",\"breadcrumb\":{\"@id\":\"https:\\\/\\\/cvinoticias.com\\\/v3\\\/iguazu-vecinos-advierten-sobre-fallas-en-un-transformador-en-av-republica-argentina\\\/#breadcrumb\"},\"inLanguage\":\"es\",\"potentialAction\":[{\"@type\":\"ReadAction\",\"target\":[\"https:\\\/\\\/cvinoticias.com\\\/v3\\\/iguazu-vecinos-advierten-sobre-fallas-en-un-transformador-en-av-republica-argentina\\\/\"]}]},{\"@type\":\"ImageObject\",\"inLanguage\":\"es\",\"@id\":\"https:\\\/\\\/cvinoticias.com\\\/v3\\\/iguazu-vecinos-advierten-sobre-fallas-en-un-transformador-en-av-republica-argentina\\\/#primaryimage\",\"url\":\"https:\\\/\\\/cvinoticias.com\\\/wp-content\\\/uploads\\\/2025\\\/04\\\/1000087529.jpg\",\"contentUrl\":\"https:\\\/\\\/cvinoticias.com\\\/wp-content\\\/uploads\\\/2025\\\/04\\\/1000087529.jpg\",\"width\":720,\"height\":1210},{\"@type\":\"BreadcrumbList\",\"@id\":\"https:\\\/\\\/cvinoticias.com\\\/v3\\\/iguazu-vecinos-advierten-sobre-fallas-en-un-transformador-en-av-republica-argentina\\\/#breadcrumb\",\"itemListElement\":[{\"@type\":\"ListItem\",\"position\":1,\"name\":\"Portada\",\"item\":\"https:\\\/\\\/cvinoticias.com\\\/v3\\\/\"},{\"@type\":\"ListItem\",\"position\":2,\"name\":\"Iguaz\u00fa: Vecinos advierten sobre fallas en un transformador en Av. Rep\u00fablica Argentina\"}]},{\"@type\":\"WebSite\",\"@id\":\"https:\\\/\\\/cvinoticias.com\\\/v3\\\/#website\",\"url\":\"https:\\\/\\\/cvinoticias.com\\\/v3\\\/\",\"name\":\"CVI NOTICIAS\",\"description\":\"\",\"publisher\":{\"@id\":\"https:\\\/\\\/cvinoticias.com\\\/v3\\\/#organization\"},\"alternateName\":\"CVI\",\"potentialAction\":[{\"@type\":\"SearchAction\",\"target\":{\"@type\":\"EntryPoint\",\"urlTemplate\":\"https:\\\/\\\/cvinoticias.com\\\/v3\\\/?s={search_term_string}\"},\"query-input\":{\"@type\":\"PropertyValueSpecification\",\"valueRequired\":true,\"valueName\":\"search_term_string\"}}],\"inLanguage\":\"es\"},{\"@type\":\"Organization\",\"@id\":\"https:\\\/\\\/cvinoticias.com\\\/v3\\\/#organization\",\"name\":\"CVI NOTICIAS\",\"url\":\"https:\\\/\\\/cvinoticias.com\\\/v3\\\/\",\"logo\":{\"@type\":\"ImageObject\",\"inLanguage\":\"es\",\"@id\":\"https:\\\/\\\/cvinoticias.com\\\/v3\\\/#\\\/schema\\\/logo\\\/image\\\/\",\"url\":\"https:\\\/\\\/cvinoticias.com\\\/wp-content\\\/uploads\\\/2023\\\/04\\\/cropped-cropped-cropped-cropped-cropped-3-1.png\",\"contentUrl\":\"https:\\\/\\\/cvinoticias.com\\\/wp-content\\\/uploads\\\/2023\\\/04\\\/cropped-cropped-cropped-cropped-cropped-3-1.png\",\"width\":95,\"height\":122,\"caption\":\"CVI NOTICIAS\"},\"image\":{\"@id\":\"https:\\\/\\\/cvinoticias.com\\\/v3\\\/#\\\/schema\\\/logo\\\/image\\\/\"},\"sameAs\":[\"https:\\\/\\\/www.facebook.com\\\/cvinoticias\",\"https:\\\/\\\/www.instagram.com\\\/cvinoticias\\\/\",\"https:\\\/\\\/www.youtube.com\\\/@CVINOTICIAS\"]},{\"@type\":\"Person\",\"@id\":\"https:\\\/\\\/cvinoticias.com\\\/v3\\\/#\\\/schema\\\/person\\\/2db77e3c6bc03c538495d7b2b8be9b66\",\"name\":\"f1000024\",\"image\":{\"@type\":\"ImageObject\",\"inLanguage\":\"es\",\"@id\":\"https:\\\/\\\/secure.gravatar.com\\\/avatar\\\/d4fe7459cfc51ff5129ce1a732bbef5928568b8092d412ef95611616376bbeed?s=96&d=mm&r=g\",\"url\":\"https:\\\/\\\/secure.gravatar.com\\\/avatar\\\/d4fe7459cfc51ff5129ce1a732bbef5928568b8092d412ef95611616376bbeed?s=96&d=mm&r=g\",\"contentUrl\":\"https:\\\/\\\/secure.gravatar.com\\\/avatar\\\/d4fe7459cfc51ff5129ce1a732bbef5928568b8092d412ef95611616376bbeed?s=96&d=mm&r=g\",\"caption\":\"f1000024\"},\"url\":\"https:\\\/\\\/cvinoticias.com\\\/v3\\\/author\\\/f1000024\\\/\"}]}<\/script>\n<!-- \/ Yoast SEO plugin. -->","yoast_head_json":{"title":"Vecinos alertan por transformador en mal estado en Iguaz\u00fa | CVI NOTICIAS","description":"Vecinos de Av. Rep\u00fablica Argentina 938 advierten sobre un transformador que arroja chispas desde hace varios d\u00edas","robots":{"index":"index","follow":"follow","max-snippet":"max-snippet:-1","max-image-preview":"max-image-preview:large","max-video-preview":"max-video-preview:-1"},"canonical":"https:\/\/cvinoticias.com\/v3\/iguazu-vecinos-advierten-sobre-fallas-en-un-transformador-en-av-republica-argentina\/","og_locale":"es_ES","og_type":"article","og_title":"Vecinos alertan por transformador en mal estado en Iguaz\u00fa | CVI NOTICIAS","og_description":"Vecinos de Av. Rep\u00fablica Argentina 938 advierten sobre un transformador que arroja chispas desde hace varios d\u00edas","og_url":"https:\/\/cvinoticias.com\/v3\/iguazu-vecinos-advierten-sobre-fallas-en-un-transformador-en-av-republica-argentina\/","og_site_name":"CVI NOTICIAS","article_publisher":"https:\/\/www.facebook.com\/cvinoticias","article_published_time":"2025-04-11T19:19:41+00:00","article_modified_time":"2025-04-11T19:19:42+00:00","og_image":[{"width":720,"height":1210,"url":"https:\/\/cvinoticias.com\/wp-content\/uploads\/2025\/04\/1000087529.jpg","type":"image\/jpeg"}],"author":"f1000024","twitter_card":"summary_large_image","twitter_misc":{"Escrito por":"f1000024","Tiempo de lectura":"1 minuto"},"schema":{"@context":"https:\/\/schema.org","@graph":[{"@type":"Article","@id":"https:\/\/cvinoticias.com\/v3\/iguazu-vecinos-advierten-sobre-fallas-en-un-transformador-en-av-republica-argentina\/#article","isPartOf":{"@id":"https:\/\/cvinoticias.com\/v3\/iguazu-vecinos-advierten-sobre-fallas-en-un-transformador-en-av-republica-argentina\/"},"author":{"name":"f1000024","@id":"https:\/\/cvinoticias.com\/v3\/#\/schema\/person\/2db77e3c6bc03c538495d7b2b8be9b66"},"headline":"Iguaz\u00fa: Vecinos advierten sobre fallas en un transformador en Av. Rep\u00fablica Argentina","datePublished":"2025-04-11T19:19:41+00:00","dateModified":"2025-04-11T19:19:42+00:00","mainEntityOfPage":{"@id":"https:\/\/cvinoticias.com\/v3\/iguazu-vecinos-advierten-sobre-fallas-en-un-transformador-en-av-republica-argentina\/"},"wordCount":159,"commentCount":0,"publisher":{"@id":"https:\/\/cvinoticias.com\/v3\/#organization"},"image":{"@id":"https:\/\/cvinoticias.com\/v3\/iguazu-vecinos-advierten-sobre-fallas-en-un-transformador-en-av-republica-argentina\/#primaryimage"},"thumbnailUrl":"https:\/\/cvinoticias.com\/wp-content\/uploads\/2025\/04\/1000087529.jpg","keywords":["Falla","Preocupaci\u00f3n","Transformador"],"articleSection":["Locales","Sociedad"],"inLanguage":"es","potentialAction":[{"@type":"CommentAction","name":"Comment","target":["https:\/\/cvinoticias.com\/v3\/iguazu-vecinos-advierten-sobre-fallas-en-un-transformador-en-av-republica-argentina\/#respond"]}]},{"@type":"WebPage","@id":"https:\/\/cvinoticias.com\/v3\/iguazu-vecinos-advierten-sobre-fallas-en-un-transformador-en-av-republica-argentina\/","url":"https:\/\/cvinoticias.com\/v3\/iguazu-vecinos-advierten-sobre-fallas-en-un-transformador-en-av-republica-argentina\/","name":"Vecinos alertan por transformador en mal estado en Iguaz\u00fa | CVI NOTICIAS","isPartOf":{"@id":"https:\/\/cvinoticias.com\/v3\/#website"},"primaryImageOfPage":{"@id":"https:\/\/cvinoticias.com\/v3\/iguazu-vecinos-advierten-sobre-fallas-en-un-transformador-en-av-republica-argentina\/#primaryimage"},"image":{"@id":"https:\/\/cvinoticias.com\/v3\/iguazu-vecinos-advierten-sobre-fallas-en-un-transformador-en-av-republica-argentina\/#primaryimage"},"thumbnailUrl":"https:\/\/cvinoticias.com\/wp-content\/uploads\/2025\/04\/1000087529.jpg","datePublished":"2025-04-11T19:19:41+00:00","dateModified":"2025-04-11T19:19:42+00:00","description":"Vecinos de Av. Rep\u00fablica Argentina 938 advierten sobre un transformador que arroja chispas desde hace varios d\u00edas","breadcrumb":{"@id":"https:\/\/cvinoticias.com\/v3\/iguazu-vecinos-advierten-sobre-fallas-en-un-transformador-en-av-republica-argentina\/#breadcrumb"},"inLanguage":"es","potentialAction":[{"@type":"ReadAction","target":["https:\/\/cvinoticias.com\/v3\/iguazu-vecinos-advierten-sobre-fallas-en-un-transformador-en-av-republica-argentina\/"]}]},{"@type":"ImageObject","inLanguage":"es","@id":"https:\/\/cvinoticias.com\/v3\/iguazu-vecinos-advierten-sobre-fallas-en-un-transformador-en-av-republica-argentina\/#primaryimage","url":"https:\/\/cvinoticias.com\/wp-content\/uploads\/2025\/04\/1000087529.jpg","contentUrl":"https:\/\/cvinoticias.com\/wp-content\/uploads\/2025\/04\/1000087529.jpg","width":720,"height":1210},{"@type":"BreadcrumbList","@id":"https:\/\/cvinoticias.com\/v3\/iguazu-vecinos-advierten-sobre-fallas-en-un-transformador-en-av-republica-argentina\/#breadcrumb","itemListElement":[{"@type":"ListItem","position":1,"name":"Portada","item":"https:\/\/cvinoticias.com\/v3\/"},{"@type":"ListItem","position":2,"name":"Iguaz\u00fa: Vecinos advierten sobre fallas en un transformador en Av. Rep\u00fablica Argentina"}]},{"@type":"WebSite","@id":"https:\/\/cvinoticias.com\/v3\/#website","url":"https:\/\/cvinoticias.com\/v3\/","name":"CVI NOTICIAS","description":"","publisher":{"@id":"https:\/\/cvinoticias.com\/v3\/#organization"},"alternateName":"CVI","potentialAction":[{"@type":"SearchAction","target":{"@type":"EntryPoint","urlTemplate":"https:\/\/cvinoticias.com\/v3\/?s={search_term_string}"},"query-input":{"@type":"PropertyValueSpecification","valueRequired":true,"valueName":"search_term_string"}}],"inLanguage":"es"},{"@type":"Organization","@id":"https:\/\/cvinoticias.com\/v3\/#organization","name":"CVI NOTICIAS","url":"https:\/\/cvinoticias.com\/v3\/","logo":{"@type":"ImageObject","inLanguage":"es","@id":"https:\/\/cvinoticias.com\/v3\/#\/schema\/logo\/image\/","url":"https:\/\/cvinoticias.com\/wp-content\/uploads\/2023\/04\/cropped-cropped-cropped-cropped-cropped-3-1.png","contentUrl":"https:\/\/cvinoticias.com\/wp-content\/uploads\/2023\/04\/cropped-cropped-cropped-cropped-cropped-3-1.png","width":95,"height":122,"caption":"CVI NOTICIAS"},"image":{"@id":"https:\/\/cvinoticias.com\/v3\/#\/schema\/logo\/image\/"},"sameAs":["https:\/\/www.facebook.com\/cvinoticias","https:\/\/www.instagram.com\/cvinoticias\/","https:\/\/www.youtube.com\/@CVINOTICIAS"]},{"@type":"Person","@id":"https:\/\/cvinoticias.com\/v3\/#\/schema\/person\/2db77e3c6bc03c538495d7b2b8be9b66","name":"f1000024","image":{"@type":"ImageObject","inLanguage":"es","@id":"https:\/\/secure.gravatar.com\/avatar\/d4fe7459cfc51ff5129ce1a732bbef5928568b8092d412ef95611616376bbeed?s=96&d=mm&r=g","url":"https:\/\/secure.gravatar.com\/avatar\/d4fe7459cfc51ff5129ce1a732bbef5928568b8092d412ef95611616376bbeed?s=96&d=mm&r=g","contentUrl":"https:\/\/secure.gravatar.com\/avatar\/d4fe7459cfc51ff5129ce1a732bbef5928568b8092d412ef95611616376bbeed?s=96&d=mm&r=g","caption":"f1000024"},"url":"https:\/\/cvinoticias.com\/v3\/author\/f1000024\/"}]}},"_links":{"self":[{"href":"https:\/\/cvinoticias.com\/v3\/wp-json\/wp\/v2\/posts\/41572","targetHints":{"allow":["GET"]}}],"collection":[{"href":"https:\/\/cvinoticias.com\/v3\/wp-json\/wp\/v2\/posts"}],"about":[{"href":"https:\/\/cvinoticias.com\/v3\/wp-json\/wp\/v2\/types\/post"}],"author":[{"embeddable":true,"href":"https:\/\/cvinoticias.com\/v3\/wp-json\/wp\/v2\/users\/2"}],"replies":[{"embeddable":true,"href":"https:\/\/cvinoticias.com\/v3\/wp-json\/wp\/v2\/comments?post=41572"}],"version-history":[{"count":1,"href":"https:\/\/cvinoticias.com\/v3\/wp-json\/wp\/v2\/posts\/41572\/revisions"}],"predecessor-version":[{"id":41575,"href":"https:\/\/cvinoticias.com\/v3\/wp-json\/wp\/v2\/posts\/41572\/revisions\/41575"}],"wp:featuredmedia":[{"embeddable":true,"href":"https:\/\/cvinoticias.com\/v3\/wp-json\/wp\/v2\/media\/41574"}],"wp:attachment":[{"href":"https:\/\/cvinoticias.com\/v3\/wp-json\/wp\/v2\/media?parent=41572"}],"wp:term":[{"taxonomy":"category","embeddable":true,"href":"https:\/\/cvinoticias.com\/v3\/wp-json\/wp\/v2\/categories?post=41572"},{"taxonomy":"post_tag","embeddable":true,"href":"https:\/\/cvinoticias.com\/v3\/wp-json\/wp\/v2\/tags?post=41572"}],"curies":[{"name":"wp","href":"https:\/\/api.w.org\/{rel}","templated":true}]}}