{"id":41555,"date":"2025-04-11T13:50:32","date_gmt":"2025-04-11T16:50:32","guid":{"rendered":"https:\/\/cvinoticias.com\/v3\/?p=41555"},"modified":"2025-04-11T13:50:33","modified_gmt":"2025-04-11T16:50:33","slug":"eleccione-2025-el-sublema-trabajo-y-gestion-presenta-su-lista-de-candidatos-en-iguazu","status":"publish","type":"post","link":"https:\/\/cvinoticias.com\/v3\/eleccione-2025-el-sublema-trabajo-y-gestion-presenta-su-lista-de-candidatos-en-iguazu\/","title":{"rendered":"Eleccione 2025: El sublema \u201c Trabajo y Gesti\u00f3n\u201d presenta su lista de candidatos en Iguaz\u00fa"},"content":{"rendered":"\n<p>Con miras a las elecciones a realizarse el 8 de junio del corriente a\u00f1o, el sublema \u201cTrabajo y Gesti\u00f3n\u201d present\u00f3 oficialmente a sus candidatos a concejales para la ciudad de Puerto Iguaz\u00fa, encabezado por Carlos R\u00edos.<\/p>\n\n\n\n<p>El grupo, compuesto por personas comprometidas con su comunidad, apuesta a una renovaci\u00f3n con responsabilidad y cercan\u00eda, destacando que \u201cson personas que vienen del pueblo y trabajan para el pueblo\u201d.<\/p>\n\n\n\n<hr class=\"wp-block-separator has-alpha-channel-opacity\"\/>\n\n\n\n<figure class=\"wp-block-image size-full\"><a href=\"https:\/\/cvinoticias.com\/wp-content\/uploads\/2025\/04\/1000087385.jpg\"><img decoding=\"async\" width=\"720\" height=\"960\" data-src=\"https:\/\/cvinoticias.com\/wp-content\/uploads\/2025\/04\/1000087385.jpg\" alt=\"\" class=\"wp-image-41557 lazyload\" data-srcset=\"https:\/\/cvinoticias.com\/wp-content\/uploads\/2025\/04\/1000087385.jpg 720w, https:\/\/cvinoticias.com\/wp-content\/uploads\/2025\/04\/1000087385-225x300.jpg 225w\" data-sizes=\"(max-width: 720px) 100vw, 720px\" src=\"data:image\/svg+xml;base64,PHN2ZyB3aWR0aD0iMSIgaGVpZ2h0PSIxIiB4bWxucz0iaHR0cDovL3d3dy53My5vcmcvMjAwMC9zdmciPjwvc3ZnPg==\" style=\"--smush-placeholder-width: 720px; --smush-placeholder-aspect-ratio: 720\/960;\" \/><\/a><\/figure>\n\n\n\n<hr class=\"wp-block-separator has-alpha-channel-opacity\"\/>\n\n\n\n<p>La lista completa de candidatos a concejales est\u00e1 integrada por:<\/p>\n\n\n\n<ol class=\"wp-block-list\">\n<li>Carlos R\u00edos<\/li>\n\n\n\n<li>Graciela Sosa<\/li>\n\n\n\n<li>Derlis Rodas<\/li>\n\n\n\n<li>Camila Gonz\u00e1lez<\/li>\n\n\n\n<li>Lucho Bargas<\/li>\n\n\n\n<li>Silvia Esp\u00edndola<\/li>\n<\/ol>\n\n\n\n<p>Desde el espacio destacan que se trata de un equipo que cree en el valor del esfuerzo, en la importancia de escuchar y en la fuerza de estar cerca de cada vecino.<\/p>\n","protected":false},"excerpt":{"rendered":"<p>Con miras a las elecciones a realizarse el 8 de junio del corriente a\u00f1o, el sublema \u201cTrabajo y Gesti\u00f3n\u201d present\u00f3 oficialmente a sus candidatos a concejales para la ciudad de Puerto Iguaz\u00fa, encabezado por Carlos R\u00edos. El grupo, compuesto por personas comprometidas con su comunidad, apuesta a una renovaci\u00f3n con responsabilidad y cercan\u00eda, destacando que [&hellip;]<\/p>\n","protected":false},"author":2,"featured_media":41556,"comment_status":"open","ping_status":"open","sticky":false,"template":"","format":"standard","meta":{"footnotes":""},"categories":[29,42],"tags":[1027,156,313],"class_list":["post-41555","post","type-post","status-publish","format-standard","has-post-thumbnail","hentry","category-locales","category-politica","tag-1027","tag-elecciones","tag-iguazu"],"yoast_head":"<!-- This site is optimized with the Yoast SEO plugin v27.5 - https:\/\/yoast.com\/product\/yoast-seo-wordpress\/ -->\n<title>Elecciones 2025: el sublema \u201cTrabajo y Gesti\u00f3n\u201d present\u00f3 su lista | CVI NOTICIAS<\/title>\n<meta name=\"description\" content=\"El sublema \u201cTrabajo y Gesti\u00f3n\u201d present\u00f3 su lista de candidatos a concejales en Iguaz\u00fa, encabezada por Carlos R\u00edos.\" \/>\n<meta name=\"robots\" content=\"index, follow, max-snippet:-1, max-image-preview:large, max-video-preview:-1\" \/>\n<link rel=\"canonical\" href=\"https:\/\/cvinoticias.com\/v3\/eleccione-2025-el-sublema-trabajo-y-gestion-presenta-su-lista-de-candidatos-en-iguazu\/\" \/>\n<meta property=\"og:locale\" content=\"es_ES\" \/>\n<meta property=\"og:type\" content=\"article\" \/>\n<meta property=\"og:title\" content=\"Elecciones 2025: el sublema \u201cTrabajo y Gesti\u00f3n\u201d present\u00f3 su lista | CVI NOTICIAS\" \/>\n<meta property=\"og:description\" content=\"El sublema \u201cTrabajo y Gesti\u00f3n\u201d present\u00f3 su lista de candidatos a concejales en Iguaz\u00fa, encabezada por Carlos R\u00edos.\" \/>\n<meta property=\"og:url\" content=\"https:\/\/cvinoticias.com\/v3\/eleccione-2025-el-sublema-trabajo-y-gestion-presenta-su-lista-de-candidatos-en-iguazu\/\" \/>\n<meta property=\"og:site_name\" content=\"CVI NOTICIAS\" \/>\n<meta property=\"article:publisher\" content=\"https:\/\/www.facebook.com\/cvinoticias\" \/>\n<meta property=\"article:published_time\" content=\"2025-04-11T16:50:32+00:00\" \/>\n<meta property=\"article:modified_time\" content=\"2025-04-11T16:50:33+00:00\" \/>\n<meta property=\"og:image\" content=\"https:\/\/cvinoticias.com\/wp-content\/uploads\/2025\/04\/IMG-20250411-WA0066.jpg\" \/>\n\t<meta property=\"og:image:width\" content=\"1280\" \/>\n\t<meta property=\"og:image:height\" content=\"960\" \/>\n\t<meta property=\"og:image:type\" content=\"image\/jpeg\" \/>\n<meta name=\"author\" content=\"f1000024\" \/>\n<meta name=\"twitter:card\" content=\"summary_large_image\" \/>\n<meta name=\"twitter:label1\" content=\"Escrito por\" \/>\n\t<meta name=\"twitter:data1\" content=\"f1000024\" \/>\n\t<meta name=\"twitter:label2\" content=\"Tiempo de lectura\" \/>\n\t<meta name=\"twitter:data2\" content=\"1 minuto\" \/>\n<script type=\"application\/ld+json\" class=\"yoast-schema-graph\">{\"@context\":\"https:\\\/\\\/schema.org\",\"@graph\":[{\"@type\":\"Article\",\"@id\":\"https:\\\/\\\/cvinoticias.com\\\/v3\\\/eleccione-2025-el-sublema-trabajo-y-gestion-presenta-su-lista-de-candidatos-en-iguazu\\\/#article\",\"isPartOf\":{\"@id\":\"https:\\\/\\\/cvinoticias.com\\\/v3\\\/eleccione-2025-el-sublema-trabajo-y-gestion-presenta-su-lista-de-candidatos-en-iguazu\\\/\"},\"author\":{\"name\":\"f1000024\",\"@id\":\"https:\\\/\\\/cvinoticias.com\\\/v3\\\/#\\\/schema\\\/person\\\/2db77e3c6bc03c538495d7b2b8be9b66\"},\"headline\":\"Eleccione 2025: El sublema \u201c Trabajo y Gesti\u00f3n\u201d presenta su lista de candidatos en Iguaz\u00fa\",\"datePublished\":\"2025-04-11T16:50:32+00:00\",\"dateModified\":\"2025-04-11T16:50:33+00:00\",\"mainEntityOfPage\":{\"@id\":\"https:\\\/\\\/cvinoticias.com\\\/v3\\\/eleccione-2025-el-sublema-trabajo-y-gestion-presenta-su-lista-de-candidatos-en-iguazu\\\/\"},\"wordCount\":141,\"commentCount\":0,\"publisher\":{\"@id\":\"https:\\\/\\\/cvinoticias.com\\\/v3\\\/#organization\"},\"image\":{\"@id\":\"https:\\\/\\\/cvinoticias.com\\\/v3\\\/eleccione-2025-el-sublema-trabajo-y-gestion-presenta-su-lista-de-candidatos-en-iguazu\\\/#primaryimage\"},\"thumbnailUrl\":\"https:\\\/\\\/cvinoticias.com\\\/wp-content\\\/uploads\\\/2025\\\/04\\\/IMG-20250411-WA0066.jpg\",\"keywords\":[\"2025\",\"elecciones\",\"Iguaz\u00fa\"],\"articleSection\":[\"Locales\",\"Politica\"],\"inLanguage\":\"es\",\"potentialAction\":[{\"@type\":\"CommentAction\",\"name\":\"Comment\",\"target\":[\"https:\\\/\\\/cvinoticias.com\\\/v3\\\/eleccione-2025-el-sublema-trabajo-y-gestion-presenta-su-lista-de-candidatos-en-iguazu\\\/#respond\"]}]},{\"@type\":\"WebPage\",\"@id\":\"https:\\\/\\\/cvinoticias.com\\\/v3\\\/eleccione-2025-el-sublema-trabajo-y-gestion-presenta-su-lista-de-candidatos-en-iguazu\\\/\",\"url\":\"https:\\\/\\\/cvinoticias.com\\\/v3\\\/eleccione-2025-el-sublema-trabajo-y-gestion-presenta-su-lista-de-candidatos-en-iguazu\\\/\",\"name\":\"Elecciones 2025: el sublema \u201cTrabajo y Gesti\u00f3n\u201d present\u00f3 su lista | CVI NOTICIAS\",\"isPartOf\":{\"@id\":\"https:\\\/\\\/cvinoticias.com\\\/v3\\\/#website\"},\"primaryImageOfPage\":{\"@id\":\"https:\\\/\\\/cvinoticias.com\\\/v3\\\/eleccione-2025-el-sublema-trabajo-y-gestion-presenta-su-lista-de-candidatos-en-iguazu\\\/#primaryimage\"},\"image\":{\"@id\":\"https:\\\/\\\/cvinoticias.com\\\/v3\\\/eleccione-2025-el-sublema-trabajo-y-gestion-presenta-su-lista-de-candidatos-en-iguazu\\\/#primaryimage\"},\"thumbnailUrl\":\"https:\\\/\\\/cvinoticias.com\\\/wp-content\\\/uploads\\\/2025\\\/04\\\/IMG-20250411-WA0066.jpg\",\"datePublished\":\"2025-04-11T16:50:32+00:00\",\"dateModified\":\"2025-04-11T16:50:33+00:00\",\"description\":\"El sublema \u201cTrabajo y Gesti\u00f3n\u201d present\u00f3 su lista de candidatos a concejales en Iguaz\u00fa, encabezada por Carlos R\u00edos.\",\"breadcrumb\":{\"@id\":\"https:\\\/\\\/cvinoticias.com\\\/v3\\\/eleccione-2025-el-sublema-trabajo-y-gestion-presenta-su-lista-de-candidatos-en-iguazu\\\/#breadcrumb\"},\"inLanguage\":\"es\",\"potentialAction\":[{\"@type\":\"ReadAction\",\"target\":[\"https:\\\/\\\/cvinoticias.com\\\/v3\\\/eleccione-2025-el-sublema-trabajo-y-gestion-presenta-su-lista-de-candidatos-en-iguazu\\\/\"]}]},{\"@type\":\"ImageObject\",\"inLanguage\":\"es\",\"@id\":\"https:\\\/\\\/cvinoticias.com\\\/v3\\\/eleccione-2025-el-sublema-trabajo-y-gestion-presenta-su-lista-de-candidatos-en-iguazu\\\/#primaryimage\",\"url\":\"https:\\\/\\\/cvinoticias.com\\\/wp-content\\\/uploads\\\/2025\\\/04\\\/IMG-20250411-WA0066.jpg\",\"contentUrl\":\"https:\\\/\\\/cvinoticias.com\\\/wp-content\\\/uploads\\\/2025\\\/04\\\/IMG-20250411-WA0066.jpg\",\"width\":1280,\"height\":960},{\"@type\":\"BreadcrumbList\",\"@id\":\"https:\\\/\\\/cvinoticias.com\\\/v3\\\/eleccione-2025-el-sublema-trabajo-y-gestion-presenta-su-lista-de-candidatos-en-iguazu\\\/#breadcrumb\",\"itemListElement\":[{\"@type\":\"ListItem\",\"position\":1,\"name\":\"Portada\",\"item\":\"https:\\\/\\\/cvinoticias.com\\\/v3\\\/\"},{\"@type\":\"ListItem\",\"position\":2,\"name\":\"Eleccione 2025: El sublema \u201c Trabajo y Gesti\u00f3n\u201d presenta su lista de candidatos en Iguaz\u00fa\"}]},{\"@type\":\"WebSite\",\"@id\":\"https:\\\/\\\/cvinoticias.com\\\/v3\\\/#website\",\"url\":\"https:\\\/\\\/cvinoticias.com\\\/v3\\\/\",\"name\":\"CVI NOTICIAS\",\"description\":\"\",\"publisher\":{\"@id\":\"https:\\\/\\\/cvinoticias.com\\\/v3\\\/#organization\"},\"alternateName\":\"CVI\",\"potentialAction\":[{\"@type\":\"SearchAction\",\"target\":{\"@type\":\"EntryPoint\",\"urlTemplate\":\"https:\\\/\\\/cvinoticias.com\\\/v3\\\/?s={search_term_string}\"},\"query-input\":{\"@type\":\"PropertyValueSpecification\",\"valueRequired\":true,\"valueName\":\"search_term_string\"}}],\"inLanguage\":\"es\"},{\"@type\":\"Organization\",\"@id\":\"https:\\\/\\\/cvinoticias.com\\\/v3\\\/#organization\",\"name\":\"CVI NOTICIAS\",\"url\":\"https:\\\/\\\/cvinoticias.com\\\/v3\\\/\",\"logo\":{\"@type\":\"ImageObject\",\"inLanguage\":\"es\",\"@id\":\"https:\\\/\\\/cvinoticias.com\\\/v3\\\/#\\\/schema\\\/logo\\\/image\\\/\",\"url\":\"https:\\\/\\\/cvinoticias.com\\\/wp-content\\\/uploads\\\/2023\\\/04\\\/cropped-cropped-cropped-cropped-cropped-3-1.png\",\"contentUrl\":\"https:\\\/\\\/cvinoticias.com\\\/wp-content\\\/uploads\\\/2023\\\/04\\\/cropped-cropped-cropped-cropped-cropped-3-1.png\",\"width\":95,\"height\":122,\"caption\":\"CVI NOTICIAS\"},\"image\":{\"@id\":\"https:\\\/\\\/cvinoticias.com\\\/v3\\\/#\\\/schema\\\/logo\\\/image\\\/\"},\"sameAs\":[\"https:\\\/\\\/www.facebook.com\\\/cvinoticias\",\"https:\\\/\\\/www.instagram.com\\\/cvinoticias\\\/\",\"https:\\\/\\\/www.youtube.com\\\/@CVINOTICIAS\"]},{\"@type\":\"Person\",\"@id\":\"https:\\\/\\\/cvinoticias.com\\\/v3\\\/#\\\/schema\\\/person\\\/2db77e3c6bc03c538495d7b2b8be9b66\",\"name\":\"f1000024\",\"image\":{\"@type\":\"ImageObject\",\"inLanguage\":\"es\",\"@id\":\"https:\\\/\\\/secure.gravatar.com\\\/avatar\\\/d4fe7459cfc51ff5129ce1a732bbef5928568b8092d412ef95611616376bbeed?s=96&d=mm&r=g\",\"url\":\"https:\\\/\\\/secure.gravatar.com\\\/avatar\\\/d4fe7459cfc51ff5129ce1a732bbef5928568b8092d412ef95611616376bbeed?s=96&d=mm&r=g\",\"contentUrl\":\"https:\\\/\\\/secure.gravatar.com\\\/avatar\\\/d4fe7459cfc51ff5129ce1a732bbef5928568b8092d412ef95611616376bbeed?s=96&d=mm&r=g\",\"caption\":\"f1000024\"},\"url\":\"https:\\\/\\\/cvinoticias.com\\\/v3\\\/author\\\/f1000024\\\/\"}]}<\/script>\n<!-- \/ Yoast SEO plugin. -->","yoast_head_json":{"title":"Elecciones 2025: el sublema \u201cTrabajo y Gesti\u00f3n\u201d present\u00f3 su lista | CVI NOTICIAS","description":"El sublema \u201cTrabajo y Gesti\u00f3n\u201d present\u00f3 su lista de candidatos a concejales en Iguaz\u00fa, encabezada por Carlos R\u00edos.","robots":{"index":"index","follow":"follow","max-snippet":"max-snippet:-1","max-image-preview":"max-image-preview:large","max-video-preview":"max-video-preview:-1"},"canonical":"https:\/\/cvinoticias.com\/v3\/eleccione-2025-el-sublema-trabajo-y-gestion-presenta-su-lista-de-candidatos-en-iguazu\/","og_locale":"es_ES","og_type":"article","og_title":"Elecciones 2025: el sublema \u201cTrabajo y Gesti\u00f3n\u201d present\u00f3 su lista | CVI NOTICIAS","og_description":"El sublema \u201cTrabajo y Gesti\u00f3n\u201d present\u00f3 su lista de candidatos a concejales en Iguaz\u00fa, encabezada por Carlos R\u00edos.","og_url":"https:\/\/cvinoticias.com\/v3\/eleccione-2025-el-sublema-trabajo-y-gestion-presenta-su-lista-de-candidatos-en-iguazu\/","og_site_name":"CVI NOTICIAS","article_publisher":"https:\/\/www.facebook.com\/cvinoticias","article_published_time":"2025-04-11T16:50:32+00:00","article_modified_time":"2025-04-11T16:50:33+00:00","og_image":[{"width":1280,"height":960,"url":"https:\/\/cvinoticias.com\/wp-content\/uploads\/2025\/04\/IMG-20250411-WA0066.jpg","type":"image\/jpeg"}],"author":"f1000024","twitter_card":"summary_large_image","twitter_misc":{"Escrito por":"f1000024","Tiempo de lectura":"1 minuto"},"schema":{"@context":"https:\/\/schema.org","@graph":[{"@type":"Article","@id":"https:\/\/cvinoticias.com\/v3\/eleccione-2025-el-sublema-trabajo-y-gestion-presenta-su-lista-de-candidatos-en-iguazu\/#article","isPartOf":{"@id":"https:\/\/cvinoticias.com\/v3\/eleccione-2025-el-sublema-trabajo-y-gestion-presenta-su-lista-de-candidatos-en-iguazu\/"},"author":{"name":"f1000024","@id":"https:\/\/cvinoticias.com\/v3\/#\/schema\/person\/2db77e3c6bc03c538495d7b2b8be9b66"},"headline":"Eleccione 2025: El sublema \u201c Trabajo y Gesti\u00f3n\u201d presenta su lista de candidatos en Iguaz\u00fa","datePublished":"2025-04-11T16:50:32+00:00","dateModified":"2025-04-11T16:50:33+00:00","mainEntityOfPage":{"@id":"https:\/\/cvinoticias.com\/v3\/eleccione-2025-el-sublema-trabajo-y-gestion-presenta-su-lista-de-candidatos-en-iguazu\/"},"wordCount":141,"commentCount":0,"publisher":{"@id":"https:\/\/cvinoticias.com\/v3\/#organization"},"image":{"@id":"https:\/\/cvinoticias.com\/v3\/eleccione-2025-el-sublema-trabajo-y-gestion-presenta-su-lista-de-candidatos-en-iguazu\/#primaryimage"},"thumbnailUrl":"https:\/\/cvinoticias.com\/wp-content\/uploads\/2025\/04\/IMG-20250411-WA0066.jpg","keywords":["2025","elecciones","Iguaz\u00fa"],"articleSection":["Locales","Politica"],"inLanguage":"es","potentialAction":[{"@type":"CommentAction","name":"Comment","target":["https:\/\/cvinoticias.com\/v3\/eleccione-2025-el-sublema-trabajo-y-gestion-presenta-su-lista-de-candidatos-en-iguazu\/#respond"]}]},{"@type":"WebPage","@id":"https:\/\/cvinoticias.com\/v3\/eleccione-2025-el-sublema-trabajo-y-gestion-presenta-su-lista-de-candidatos-en-iguazu\/","url":"https:\/\/cvinoticias.com\/v3\/eleccione-2025-el-sublema-trabajo-y-gestion-presenta-su-lista-de-candidatos-en-iguazu\/","name":"Elecciones 2025: el sublema \u201cTrabajo y Gesti\u00f3n\u201d present\u00f3 su lista | CVI NOTICIAS","isPartOf":{"@id":"https:\/\/cvinoticias.com\/v3\/#website"},"primaryImageOfPage":{"@id":"https:\/\/cvinoticias.com\/v3\/eleccione-2025-el-sublema-trabajo-y-gestion-presenta-su-lista-de-candidatos-en-iguazu\/#primaryimage"},"image":{"@id":"https:\/\/cvinoticias.com\/v3\/eleccione-2025-el-sublema-trabajo-y-gestion-presenta-su-lista-de-candidatos-en-iguazu\/#primaryimage"},"thumbnailUrl":"https:\/\/cvinoticias.com\/wp-content\/uploads\/2025\/04\/IMG-20250411-WA0066.jpg","datePublished":"2025-04-11T16:50:32+00:00","dateModified":"2025-04-11T16:50:33+00:00","description":"El sublema \u201cTrabajo y Gesti\u00f3n\u201d present\u00f3 su lista de candidatos a concejales en Iguaz\u00fa, encabezada por Carlos R\u00edos.","breadcrumb":{"@id":"https:\/\/cvinoticias.com\/v3\/eleccione-2025-el-sublema-trabajo-y-gestion-presenta-su-lista-de-candidatos-en-iguazu\/#breadcrumb"},"inLanguage":"es","potentialAction":[{"@type":"ReadAction","target":["https:\/\/cvinoticias.com\/v3\/eleccione-2025-el-sublema-trabajo-y-gestion-presenta-su-lista-de-candidatos-en-iguazu\/"]}]},{"@type":"ImageObject","inLanguage":"es","@id":"https:\/\/cvinoticias.com\/v3\/eleccione-2025-el-sublema-trabajo-y-gestion-presenta-su-lista-de-candidatos-en-iguazu\/#primaryimage","url":"https:\/\/cvinoticias.com\/wp-content\/uploads\/2025\/04\/IMG-20250411-WA0066.jpg","contentUrl":"https:\/\/cvinoticias.com\/wp-content\/uploads\/2025\/04\/IMG-20250411-WA0066.jpg","width":1280,"height":960},{"@type":"BreadcrumbList","@id":"https:\/\/cvinoticias.com\/v3\/eleccione-2025-el-sublema-trabajo-y-gestion-presenta-su-lista-de-candidatos-en-iguazu\/#breadcrumb","itemListElement":[{"@type":"ListItem","position":1,"name":"Portada","item":"https:\/\/cvinoticias.com\/v3\/"},{"@type":"ListItem","position":2,"name":"Eleccione 2025: El sublema \u201c Trabajo y Gesti\u00f3n\u201d presenta su lista de candidatos en Iguaz\u00fa"}]},{"@type":"WebSite","@id":"https:\/\/cvinoticias.com\/v3\/#website","url":"https:\/\/cvinoticias.com\/v3\/","name":"CVI NOTICIAS","description":"","publisher":{"@id":"https:\/\/cvinoticias.com\/v3\/#organization"},"alternateName":"CVI","potentialAction":[{"@type":"SearchAction","target":{"@type":"EntryPoint","urlTemplate":"https:\/\/cvinoticias.com\/v3\/?s={search_term_string}"},"query-input":{"@type":"PropertyValueSpecification","valueRequired":true,"valueName":"search_term_string"}}],"inLanguage":"es"},{"@type":"Organization","@id":"https:\/\/cvinoticias.com\/v3\/#organization","name":"CVI NOTICIAS","url":"https:\/\/cvinoticias.com\/v3\/","logo":{"@type":"ImageObject","inLanguage":"es","@id":"https:\/\/cvinoticias.com\/v3\/#\/schema\/logo\/image\/","url":"https:\/\/cvinoticias.com\/wp-content\/uploads\/2023\/04\/cropped-cropped-cropped-cropped-cropped-3-1.png","contentUrl":"https:\/\/cvinoticias.com\/wp-content\/uploads\/2023\/04\/cropped-cropped-cropped-cropped-cropped-3-1.png","width":95,"height":122,"caption":"CVI NOTICIAS"},"image":{"@id":"https:\/\/cvinoticias.com\/v3\/#\/schema\/logo\/image\/"},"sameAs":["https:\/\/www.facebook.com\/cvinoticias","https:\/\/www.instagram.com\/cvinoticias\/","https:\/\/www.youtube.com\/@CVINOTICIAS"]},{"@type":"Person","@id":"https:\/\/cvinoticias.com\/v3\/#\/schema\/person\/2db77e3c6bc03c538495d7b2b8be9b66","name":"f1000024","image":{"@type":"ImageObject","inLanguage":"es","@id":"https:\/\/secure.gravatar.com\/avatar\/d4fe7459cfc51ff5129ce1a732bbef5928568b8092d412ef95611616376bbeed?s=96&d=mm&r=g","url":"https:\/\/secure.gravatar.com\/avatar\/d4fe7459cfc51ff5129ce1a732bbef5928568b8092d412ef95611616376bbeed?s=96&d=mm&r=g","contentUrl":"https:\/\/secure.gravatar.com\/avatar\/d4fe7459cfc51ff5129ce1a732bbef5928568b8092d412ef95611616376bbeed?s=96&d=mm&r=g","caption":"f1000024"},"url":"https:\/\/cvinoticias.com\/v3\/author\/f1000024\/"}]}},"_links":{"self":[{"href":"https:\/\/cvinoticias.com\/v3\/wp-json\/wp\/v2\/posts\/41555","targetHints":{"allow":["GET"]}}],"collection":[{"href":"https:\/\/cvinoticias.com\/v3\/wp-json\/wp\/v2\/posts"}],"about":[{"href":"https:\/\/cvinoticias.com\/v3\/wp-json\/wp\/v2\/types\/post"}],"author":[{"embeddable":true,"href":"https:\/\/cvinoticias.com\/v3\/wp-json\/wp\/v2\/users\/2"}],"replies":[{"embeddable":true,"href":"https:\/\/cvinoticias.com\/v3\/wp-json\/wp\/v2\/comments?post=41555"}],"version-history":[{"count":1,"href":"https:\/\/cvinoticias.com\/v3\/wp-json\/wp\/v2\/posts\/41555\/revisions"}],"predecessor-version":[{"id":41558,"href":"https:\/\/cvinoticias.com\/v3\/wp-json\/wp\/v2\/posts\/41555\/revisions\/41558"}],"wp:featuredmedia":[{"embeddable":true,"href":"https:\/\/cvinoticias.com\/v3\/wp-json\/wp\/v2\/media\/41556"}],"wp:attachment":[{"href":"https:\/\/cvinoticias.com\/v3\/wp-json\/wp\/v2\/media?parent=41555"}],"wp:term":[{"taxonomy":"category","embeddable":true,"href":"https:\/\/cvinoticias.com\/v3\/wp-json\/wp\/v2\/categories?post=41555"},{"taxonomy":"post_tag","embeddable":true,"href":"https:\/\/cvinoticias.com\/v3\/wp-json\/wp\/v2\/tags?post=41555"}],"curies":[{"name":"wp","href":"https:\/\/api.w.org\/{rel}","templated":true}]}}