{"id":41534,"date":"2025-04-11T11:13:05","date_gmt":"2025-04-11T14:13:05","guid":{"rendered":"https:\/\/cvinoticias.com\/v3\/?p=41534"},"modified":"2025-04-11T11:16:00","modified_gmt":"2025-04-11T14:16:00","slug":"reunion-de-coordinacion-para-conformacion-grupo-de-trabajo-en-conjunto-con-otras-comunidades-municipalidad-y-la-policia-de-misiones","status":"publish","type":"post","link":"https:\/\/cvinoticias.com\/v3\/reunion-de-coordinacion-para-conformacion-grupo-de-trabajo-en-conjunto-con-otras-comunidades-municipalidad-y-la-policia-de-misiones\/","title":{"rendered":"Reuni\u00f3n de Coordinaci\u00f3n para conformaci\u00f3n grupo de trabajo en conjunto con otras comunidades, Municipalidad y la Polic\u00eda de Misiones"},"content":{"rendered":"\n<p>En respuesta a los crecientes reclamos por parte de comunidades mbya de la ciudad, se llev\u00f3 a cabo una reuni\u00f3n clave en la comunidad Mboror\u00e9, con la participaci\u00f3n de la Direcci\u00f3n de Asuntos Guaran\u00edes, la Secretar\u00eda de Coordinaci\u00f3n Municipal, la Polic\u00eda de Misiones, representantes de las comunidades.<\/p>\n\n\n\n<p>Durante el encuentro, se decidi\u00f3 la conformaci\u00f3n de un grupo de trabajo conjunto entre los distintos actores presentes, con el objetivo de abordar la problem\u00e1tica de la inseguridad en la zona y responder de manera articulada a las necesidades de las comunidades ind\u00edgenas.<\/p>\n\n\n\n<p>En di\u00e1logo con CVI, Vanessa Caballero, directora de Asuntos Guaran\u00edes, expres\u00f3: \u201cTodos est\u00e1n de acuerdo con conformar el grupo de trabajo. Cada comunidad puso un representante que estar\u00e1 trabajando en conjunto con la polic\u00eda y el municipio\u201d, asegur\u00f3.<\/p>\n\n\n\n<p>Adem\u00e1s, se abord\u00f3 otro tema cr\u00edtico: la explotaci\u00f3n infantil vinculada a la venta ambulante. Desde la Secretar\u00eda de Coordinaci\u00f3n Municipal informaron que se contin\u00faa trabajando en operativos para evitar estas situaciones, especialmente cuando los menores son obligados por sus familias a trabajar en la v\u00eda p\u00fablica. En este sentido, se record\u00f3 que los vendedores ambulantes adultos cuentan con un espacio asignado para su actividad en la Plaza San Mart\u00edn.<\/p>\n\n\n\n<hr class=\"wp-block-separator has-alpha-channel-opacity\"\/>\n\n\n\n<figure class=\"wp-block-gallery has-nested-images columns-default is-cropped wp-block-gallery-1 is-layout-flex wp-block-gallery-is-layout-flex\">\n<figure class=\"wp-block-image size-large\"><a href=\"https:\/\/cvinoticias.com\/wp-content\/uploads\/2025\/04\/1000086915.jpg\"><img decoding=\"async\" width=\"1024\" height=\"461\" data-id=\"41539\" data-src=\"https:\/\/cvinoticias.com\/wp-content\/uploads\/2025\/04\/1000086915-1024x461.jpg\" alt=\"\" class=\"wp-image-41539 lazyload\" data-srcset=\"https:\/\/cvinoticias.com\/wp-content\/uploads\/2025\/04\/1000086915-1024x461.jpg 1024w, https:\/\/cvinoticias.com\/wp-content\/uploads\/2025\/04\/1000086915-300x135.jpg 300w, https:\/\/cvinoticias.com\/wp-content\/uploads\/2025\/04\/1000086915-768x346.jpg 768w, https:\/\/cvinoticias.com\/wp-content\/uploads\/2025\/04\/1000086915.jpg 1280w\" data-sizes=\"(max-width: 1024px) 100vw, 1024px\" src=\"data:image\/svg+xml;base64,PHN2ZyB3aWR0aD0iMSIgaGVpZ2h0PSIxIiB4bWxucz0iaHR0cDovL3d3dy53My5vcmcvMjAwMC9zdmciPjwvc3ZnPg==\" style=\"--smush-placeholder-width: 1024px; --smush-placeholder-aspect-ratio: 1024\/461;\" \/><\/a><\/figure>\n\n\n\n<figure class=\"wp-block-image size-large\"><a href=\"https:\/\/cvinoticias.com\/wp-content\/uploads\/2025\/04\/1000086914-scaled.jpg\"><img decoding=\"async\" width=\"1024\" height=\"577\" data-id=\"41540\" data-src=\"https:\/\/cvinoticias.com\/wp-content\/uploads\/2025\/04\/1000086914-1024x577.jpg\" alt=\"\" class=\"wp-image-41540 lazyload\" data-srcset=\"https:\/\/cvinoticias.com\/wp-content\/uploads\/2025\/04\/1000086914-1024x577.jpg 1024w, https:\/\/cvinoticias.com\/wp-content\/uploads\/2025\/04\/1000086914-300x169.jpg 300w, https:\/\/cvinoticias.com\/wp-content\/uploads\/2025\/04\/1000086914-768x432.jpg 768w, https:\/\/cvinoticias.com\/wp-content\/uploads\/2025\/04\/1000086914-1536x865.jpg 1536w, https:\/\/cvinoticias.com\/wp-content\/uploads\/2025\/04\/1000086914-2048x1153.jpg 2048w\" data-sizes=\"(max-width: 1024px) 100vw, 1024px\" src=\"data:image\/svg+xml;base64,PHN2ZyB3aWR0aD0iMSIgaGVpZ2h0PSIxIiB4bWxucz0iaHR0cDovL3d3dy53My5vcmcvMjAwMC9zdmciPjwvc3ZnPg==\" style=\"--smush-placeholder-width: 1024px; --smush-placeholder-aspect-ratio: 1024\/577;\" \/><\/a><\/figure>\n<\/figure>\n\n\n\n<hr class=\"wp-block-separator has-alpha-channel-opacity\"\/>\n\n\n\n<p>Entrevista con: Vanessa Caballero (Dir. Asuntos Guaran\u00edes)<\/p>\n","protected":false},"excerpt":{"rendered":"<p>En respuesta a los crecientes reclamos por parte de comunidades mbya de la ciudad, se llev\u00f3 a cabo una reuni\u00f3n clave en la comunidad Mboror\u00e9, con la participaci\u00f3n de la Direcci\u00f3n de Asuntos Guaran\u00edes, la Secretar\u00eda de Coordinaci\u00f3n Municipal, la Polic\u00eda de Misiones, representantes de las comunidades. Durante el encuentro, se decidi\u00f3 la conformaci\u00f3n de [&hellip;]<\/p>\n","protected":false},"author":2,"featured_media":41535,"comment_status":"open","ping_status":"open","sticky":false,"template":"","format":"standard","meta":{"footnotes":""},"categories":[29,47],"tags":[725,976,871,1890],"class_list":["post-41534","post","type-post","status-publish","format-standard","has-post-thumbnail","hentry","category-locales","category-sociedad","tag-comunidades","tag-municipalidad","tag-policia-de-misiones","tag-reunion-2"],"yoast_head":"<!-- This site is optimized with the Yoast SEO plugin v27.5 - https:\/\/yoast.com\/product\/yoast-seo-wordpress\/ -->\n<title>Reuni\u00f3n de coordinaci\u00f3n con comunidades mbya, Municipio y Polic\u00eda de Misiones | CVI NOTICIAS<\/title>\n<meta name=\"description\" content=\"Reuni\u00f3n de coordinaci\u00f3n con comunidades mbya\" \/>\n<meta name=\"robots\" content=\"index, follow, max-snippet:-1, max-image-preview:large, max-video-preview:-1\" \/>\n<link rel=\"canonical\" href=\"https:\/\/cvinoticias.com\/v3\/reunion-de-coordinacion-para-conformacion-grupo-de-trabajo-en-conjunto-con-otras-comunidades-municipalidad-y-la-policia-de-misiones\/\" \/>\n<meta property=\"og:locale\" content=\"es_ES\" \/>\n<meta property=\"og:type\" content=\"article\" \/>\n<meta property=\"og:title\" content=\"Reuni\u00f3n de coordinaci\u00f3n con comunidades mbya, Municipio y Polic\u00eda de Misiones | CVI NOTICIAS\" \/>\n<meta property=\"og:description\" content=\"Reuni\u00f3n de coordinaci\u00f3n con comunidades mbya\" \/>\n<meta property=\"og:url\" content=\"https:\/\/cvinoticias.com\/v3\/reunion-de-coordinacion-para-conformacion-grupo-de-trabajo-en-conjunto-con-otras-comunidades-municipalidad-y-la-policia-de-misiones\/\" \/>\n<meta property=\"og:site_name\" content=\"CVI NOTICIAS\" \/>\n<meta property=\"article:publisher\" content=\"https:\/\/www.facebook.com\/cvinoticias\" \/>\n<meta property=\"article:published_time\" content=\"2025-04-11T14:13:05+00:00\" \/>\n<meta property=\"article:modified_time\" content=\"2025-04-11T14:16:00+00:00\" \/>\n<meta property=\"og:image\" content=\"https:\/\/cvinoticias.com\/wp-content\/uploads\/2025\/04\/IMG-20250411-WA0046.jpg\" \/>\n\t<meta property=\"og:image:width\" content=\"720\" \/>\n\t<meta property=\"og:image:height\" content=\"1600\" \/>\n\t<meta property=\"og:image:type\" content=\"image\/jpeg\" \/>\n<meta name=\"author\" content=\"f1000024\" \/>\n<meta name=\"twitter:card\" content=\"summary_large_image\" \/>\n<meta name=\"twitter:label1\" content=\"Escrito por\" \/>\n\t<meta name=\"twitter:data1\" content=\"f1000024\" \/>\n\t<meta name=\"twitter:label2\" content=\"Tiempo de lectura\" \/>\n\t<meta name=\"twitter:data2\" content=\"2 minutos\" \/>\n<script type=\"application\/ld+json\" class=\"yoast-schema-graph\">{\"@context\":\"https:\\\/\\\/schema.org\",\"@graph\":[{\"@type\":\"Article\",\"@id\":\"https:\\\/\\\/cvinoticias.com\\\/v3\\\/reunion-de-coordinacion-para-conformacion-grupo-de-trabajo-en-conjunto-con-otras-comunidades-municipalidad-y-la-policia-de-misiones\\\/#article\",\"isPartOf\":{\"@id\":\"https:\\\/\\\/cvinoticias.com\\\/v3\\\/reunion-de-coordinacion-para-conformacion-grupo-de-trabajo-en-conjunto-con-otras-comunidades-municipalidad-y-la-policia-de-misiones\\\/\"},\"author\":{\"name\":\"f1000024\",\"@id\":\"https:\\\/\\\/cvinoticias.com\\\/v3\\\/#\\\/schema\\\/person\\\/2db77e3c6bc03c538495d7b2b8be9b66\"},\"headline\":\"Reuni\u00f3n de Coordinaci\u00f3n para conformaci\u00f3n grupo de trabajo en conjunto con otras comunidades, Municipalidad y la Polic\u00eda de Misiones\",\"datePublished\":\"2025-04-11T14:13:05+00:00\",\"dateModified\":\"2025-04-11T14:16:00+00:00\",\"mainEntityOfPage\":{\"@id\":\"https:\\\/\\\/cvinoticias.com\\\/v3\\\/reunion-de-coordinacion-para-conformacion-grupo-de-trabajo-en-conjunto-con-otras-comunidades-municipalidad-y-la-policia-de-misiones\\\/\"},\"wordCount\":251,\"commentCount\":0,\"publisher\":{\"@id\":\"https:\\\/\\\/cvinoticias.com\\\/v3\\\/#organization\"},\"image\":{\"@id\":\"https:\\\/\\\/cvinoticias.com\\\/v3\\\/reunion-de-coordinacion-para-conformacion-grupo-de-trabajo-en-conjunto-con-otras-comunidades-municipalidad-y-la-policia-de-misiones\\\/#primaryimage\"},\"thumbnailUrl\":\"https:\\\/\\\/cvinoticias.com\\\/wp-content\\\/uploads\\\/2025\\\/04\\\/IMG-20250411-WA0046.jpg\",\"keywords\":[\"Comunidades\",\"Municipalidad\",\"Polic\u00eda de Misiones\",\"Reunion\"],\"articleSection\":[\"Locales\",\"Sociedad\"],\"inLanguage\":\"es\",\"potentialAction\":[{\"@type\":\"CommentAction\",\"name\":\"Comment\",\"target\":[\"https:\\\/\\\/cvinoticias.com\\\/v3\\\/reunion-de-coordinacion-para-conformacion-grupo-de-trabajo-en-conjunto-con-otras-comunidades-municipalidad-y-la-policia-de-misiones\\\/#respond\"]}]},{\"@type\":\"WebPage\",\"@id\":\"https:\\\/\\\/cvinoticias.com\\\/v3\\\/reunion-de-coordinacion-para-conformacion-grupo-de-trabajo-en-conjunto-con-otras-comunidades-municipalidad-y-la-policia-de-misiones\\\/\",\"url\":\"https:\\\/\\\/cvinoticias.com\\\/v3\\\/reunion-de-coordinacion-para-conformacion-grupo-de-trabajo-en-conjunto-con-otras-comunidades-municipalidad-y-la-policia-de-misiones\\\/\",\"name\":\"Reuni\u00f3n de coordinaci\u00f3n con comunidades mbya, Municipio y Polic\u00eda de Misiones | CVI NOTICIAS\",\"isPartOf\":{\"@id\":\"https:\\\/\\\/cvinoticias.com\\\/v3\\\/#website\"},\"primaryImageOfPage\":{\"@id\":\"https:\\\/\\\/cvinoticias.com\\\/v3\\\/reunion-de-coordinacion-para-conformacion-grupo-de-trabajo-en-conjunto-con-otras-comunidades-municipalidad-y-la-policia-de-misiones\\\/#primaryimage\"},\"image\":{\"@id\":\"https:\\\/\\\/cvinoticias.com\\\/v3\\\/reunion-de-coordinacion-para-conformacion-grupo-de-trabajo-en-conjunto-con-otras-comunidades-municipalidad-y-la-policia-de-misiones\\\/#primaryimage\"},\"thumbnailUrl\":\"https:\\\/\\\/cvinoticias.com\\\/wp-content\\\/uploads\\\/2025\\\/04\\\/IMG-20250411-WA0046.jpg\",\"datePublished\":\"2025-04-11T14:13:05+00:00\",\"dateModified\":\"2025-04-11T14:16:00+00:00\",\"description\":\"Reuni\u00f3n de coordinaci\u00f3n con comunidades mbya\",\"breadcrumb\":{\"@id\":\"https:\\\/\\\/cvinoticias.com\\\/v3\\\/reunion-de-coordinacion-para-conformacion-grupo-de-trabajo-en-conjunto-con-otras-comunidades-municipalidad-y-la-policia-de-misiones\\\/#breadcrumb\"},\"inLanguage\":\"es\",\"potentialAction\":[{\"@type\":\"ReadAction\",\"target\":[\"https:\\\/\\\/cvinoticias.com\\\/v3\\\/reunion-de-coordinacion-para-conformacion-grupo-de-trabajo-en-conjunto-con-otras-comunidades-municipalidad-y-la-policia-de-misiones\\\/\"]}]},{\"@type\":\"ImageObject\",\"inLanguage\":\"es\",\"@id\":\"https:\\\/\\\/cvinoticias.com\\\/v3\\\/reunion-de-coordinacion-para-conformacion-grupo-de-trabajo-en-conjunto-con-otras-comunidades-municipalidad-y-la-policia-de-misiones\\\/#primaryimage\",\"url\":\"https:\\\/\\\/cvinoticias.com\\\/wp-content\\\/uploads\\\/2025\\\/04\\\/IMG-20250411-WA0046.jpg\",\"contentUrl\":\"https:\\\/\\\/cvinoticias.com\\\/wp-content\\\/uploads\\\/2025\\\/04\\\/IMG-20250411-WA0046.jpg\",\"width\":720,\"height\":1600},{\"@type\":\"BreadcrumbList\",\"@id\":\"https:\\\/\\\/cvinoticias.com\\\/v3\\\/reunion-de-coordinacion-para-conformacion-grupo-de-trabajo-en-conjunto-con-otras-comunidades-municipalidad-y-la-policia-de-misiones\\\/#breadcrumb\",\"itemListElement\":[{\"@type\":\"ListItem\",\"position\":1,\"name\":\"Portada\",\"item\":\"https:\\\/\\\/cvinoticias.com\\\/v3\\\/\"},{\"@type\":\"ListItem\",\"position\":2,\"name\":\"Reuni\u00f3n de Coordinaci\u00f3n para conformaci\u00f3n grupo de trabajo en conjunto con otras comunidades, Municipalidad y la Polic\u00eda de Misiones\"}]},{\"@type\":\"WebSite\",\"@id\":\"https:\\\/\\\/cvinoticias.com\\\/v3\\\/#website\",\"url\":\"https:\\\/\\\/cvinoticias.com\\\/v3\\\/\",\"name\":\"CVI NOTICIAS\",\"description\":\"\",\"publisher\":{\"@id\":\"https:\\\/\\\/cvinoticias.com\\\/v3\\\/#organization\"},\"alternateName\":\"CVI\",\"potentialAction\":[{\"@type\":\"SearchAction\",\"target\":{\"@type\":\"EntryPoint\",\"urlTemplate\":\"https:\\\/\\\/cvinoticias.com\\\/v3\\\/?s={search_term_string}\"},\"query-input\":{\"@type\":\"PropertyValueSpecification\",\"valueRequired\":true,\"valueName\":\"search_term_string\"}}],\"inLanguage\":\"es\"},{\"@type\":\"Organization\",\"@id\":\"https:\\\/\\\/cvinoticias.com\\\/v3\\\/#organization\",\"name\":\"CVI NOTICIAS\",\"url\":\"https:\\\/\\\/cvinoticias.com\\\/v3\\\/\",\"logo\":{\"@type\":\"ImageObject\",\"inLanguage\":\"es\",\"@id\":\"https:\\\/\\\/cvinoticias.com\\\/v3\\\/#\\\/schema\\\/logo\\\/image\\\/\",\"url\":\"https:\\\/\\\/cvinoticias.com\\\/wp-content\\\/uploads\\\/2023\\\/04\\\/cropped-cropped-cropped-cropped-cropped-3-1.png\",\"contentUrl\":\"https:\\\/\\\/cvinoticias.com\\\/wp-content\\\/uploads\\\/2023\\\/04\\\/cropped-cropped-cropped-cropped-cropped-3-1.png\",\"width\":95,\"height\":122,\"caption\":\"CVI NOTICIAS\"},\"image\":{\"@id\":\"https:\\\/\\\/cvinoticias.com\\\/v3\\\/#\\\/schema\\\/logo\\\/image\\\/\"},\"sameAs\":[\"https:\\\/\\\/www.facebook.com\\\/cvinoticias\",\"https:\\\/\\\/www.instagram.com\\\/cvinoticias\\\/\",\"https:\\\/\\\/www.youtube.com\\\/@CVINOTICIAS\"]},{\"@type\":\"Person\",\"@id\":\"https:\\\/\\\/cvinoticias.com\\\/v3\\\/#\\\/schema\\\/person\\\/2db77e3c6bc03c538495d7b2b8be9b66\",\"name\":\"f1000024\",\"image\":{\"@type\":\"ImageObject\",\"inLanguage\":\"es\",\"@id\":\"https:\\\/\\\/secure.gravatar.com\\\/avatar\\\/d4fe7459cfc51ff5129ce1a732bbef5928568b8092d412ef95611616376bbeed?s=96&d=mm&r=g\",\"url\":\"https:\\\/\\\/secure.gravatar.com\\\/avatar\\\/d4fe7459cfc51ff5129ce1a732bbef5928568b8092d412ef95611616376bbeed?s=96&d=mm&r=g\",\"contentUrl\":\"https:\\\/\\\/secure.gravatar.com\\\/avatar\\\/d4fe7459cfc51ff5129ce1a732bbef5928568b8092d412ef95611616376bbeed?s=96&d=mm&r=g\",\"caption\":\"f1000024\"},\"url\":\"https:\\\/\\\/cvinoticias.com\\\/v3\\\/author\\\/f1000024\\\/\"}]}<\/script>\n<!-- \/ Yoast SEO plugin. -->","yoast_head_json":{"title":"Reuni\u00f3n de coordinaci\u00f3n con comunidades mbya, Municipio y Polic\u00eda de Misiones | CVI NOTICIAS","description":"Reuni\u00f3n de coordinaci\u00f3n con comunidades mbya","robots":{"index":"index","follow":"follow","max-snippet":"max-snippet:-1","max-image-preview":"max-image-preview:large","max-video-preview":"max-video-preview:-1"},"canonical":"https:\/\/cvinoticias.com\/v3\/reunion-de-coordinacion-para-conformacion-grupo-de-trabajo-en-conjunto-con-otras-comunidades-municipalidad-y-la-policia-de-misiones\/","og_locale":"es_ES","og_type":"article","og_title":"Reuni\u00f3n de coordinaci\u00f3n con comunidades mbya, Municipio y Polic\u00eda de Misiones | CVI NOTICIAS","og_description":"Reuni\u00f3n de coordinaci\u00f3n con comunidades mbya","og_url":"https:\/\/cvinoticias.com\/v3\/reunion-de-coordinacion-para-conformacion-grupo-de-trabajo-en-conjunto-con-otras-comunidades-municipalidad-y-la-policia-de-misiones\/","og_site_name":"CVI NOTICIAS","article_publisher":"https:\/\/www.facebook.com\/cvinoticias","article_published_time":"2025-04-11T14:13:05+00:00","article_modified_time":"2025-04-11T14:16:00+00:00","og_image":[{"width":720,"height":1600,"url":"https:\/\/cvinoticias.com\/wp-content\/uploads\/2025\/04\/IMG-20250411-WA0046.jpg","type":"image\/jpeg"}],"author":"f1000024","twitter_card":"summary_large_image","twitter_misc":{"Escrito por":"f1000024","Tiempo de lectura":"2 minutos"},"schema":{"@context":"https:\/\/schema.org","@graph":[{"@type":"Article","@id":"https:\/\/cvinoticias.com\/v3\/reunion-de-coordinacion-para-conformacion-grupo-de-trabajo-en-conjunto-con-otras-comunidades-municipalidad-y-la-policia-de-misiones\/#article","isPartOf":{"@id":"https:\/\/cvinoticias.com\/v3\/reunion-de-coordinacion-para-conformacion-grupo-de-trabajo-en-conjunto-con-otras-comunidades-municipalidad-y-la-policia-de-misiones\/"},"author":{"name":"f1000024","@id":"https:\/\/cvinoticias.com\/v3\/#\/schema\/person\/2db77e3c6bc03c538495d7b2b8be9b66"},"headline":"Reuni\u00f3n de Coordinaci\u00f3n para conformaci\u00f3n grupo de trabajo en conjunto con otras comunidades, Municipalidad y la Polic\u00eda de Misiones","datePublished":"2025-04-11T14:13:05+00:00","dateModified":"2025-04-11T14:16:00+00:00","mainEntityOfPage":{"@id":"https:\/\/cvinoticias.com\/v3\/reunion-de-coordinacion-para-conformacion-grupo-de-trabajo-en-conjunto-con-otras-comunidades-municipalidad-y-la-policia-de-misiones\/"},"wordCount":251,"commentCount":0,"publisher":{"@id":"https:\/\/cvinoticias.com\/v3\/#organization"},"image":{"@id":"https:\/\/cvinoticias.com\/v3\/reunion-de-coordinacion-para-conformacion-grupo-de-trabajo-en-conjunto-con-otras-comunidades-municipalidad-y-la-policia-de-misiones\/#primaryimage"},"thumbnailUrl":"https:\/\/cvinoticias.com\/wp-content\/uploads\/2025\/04\/IMG-20250411-WA0046.jpg","keywords":["Comunidades","Municipalidad","Polic\u00eda de Misiones","Reunion"],"articleSection":["Locales","Sociedad"],"inLanguage":"es","potentialAction":[{"@type":"CommentAction","name":"Comment","target":["https:\/\/cvinoticias.com\/v3\/reunion-de-coordinacion-para-conformacion-grupo-de-trabajo-en-conjunto-con-otras-comunidades-municipalidad-y-la-policia-de-misiones\/#respond"]}]},{"@type":"WebPage","@id":"https:\/\/cvinoticias.com\/v3\/reunion-de-coordinacion-para-conformacion-grupo-de-trabajo-en-conjunto-con-otras-comunidades-municipalidad-y-la-policia-de-misiones\/","url":"https:\/\/cvinoticias.com\/v3\/reunion-de-coordinacion-para-conformacion-grupo-de-trabajo-en-conjunto-con-otras-comunidades-municipalidad-y-la-policia-de-misiones\/","name":"Reuni\u00f3n de coordinaci\u00f3n con comunidades mbya, Municipio y Polic\u00eda de Misiones | CVI NOTICIAS","isPartOf":{"@id":"https:\/\/cvinoticias.com\/v3\/#website"},"primaryImageOfPage":{"@id":"https:\/\/cvinoticias.com\/v3\/reunion-de-coordinacion-para-conformacion-grupo-de-trabajo-en-conjunto-con-otras-comunidades-municipalidad-y-la-policia-de-misiones\/#primaryimage"},"image":{"@id":"https:\/\/cvinoticias.com\/v3\/reunion-de-coordinacion-para-conformacion-grupo-de-trabajo-en-conjunto-con-otras-comunidades-municipalidad-y-la-policia-de-misiones\/#primaryimage"},"thumbnailUrl":"https:\/\/cvinoticias.com\/wp-content\/uploads\/2025\/04\/IMG-20250411-WA0046.jpg","datePublished":"2025-04-11T14:13:05+00:00","dateModified":"2025-04-11T14:16:00+00:00","description":"Reuni\u00f3n de coordinaci\u00f3n con comunidades mbya","breadcrumb":{"@id":"https:\/\/cvinoticias.com\/v3\/reunion-de-coordinacion-para-conformacion-grupo-de-trabajo-en-conjunto-con-otras-comunidades-municipalidad-y-la-policia-de-misiones\/#breadcrumb"},"inLanguage":"es","potentialAction":[{"@type":"ReadAction","target":["https:\/\/cvinoticias.com\/v3\/reunion-de-coordinacion-para-conformacion-grupo-de-trabajo-en-conjunto-con-otras-comunidades-municipalidad-y-la-policia-de-misiones\/"]}]},{"@type":"ImageObject","inLanguage":"es","@id":"https:\/\/cvinoticias.com\/v3\/reunion-de-coordinacion-para-conformacion-grupo-de-trabajo-en-conjunto-con-otras-comunidades-municipalidad-y-la-policia-de-misiones\/#primaryimage","url":"https:\/\/cvinoticias.com\/wp-content\/uploads\/2025\/04\/IMG-20250411-WA0046.jpg","contentUrl":"https:\/\/cvinoticias.com\/wp-content\/uploads\/2025\/04\/IMG-20250411-WA0046.jpg","width":720,"height":1600},{"@type":"BreadcrumbList","@id":"https:\/\/cvinoticias.com\/v3\/reunion-de-coordinacion-para-conformacion-grupo-de-trabajo-en-conjunto-con-otras-comunidades-municipalidad-y-la-policia-de-misiones\/#breadcrumb","itemListElement":[{"@type":"ListItem","position":1,"name":"Portada","item":"https:\/\/cvinoticias.com\/v3\/"},{"@type":"ListItem","position":2,"name":"Reuni\u00f3n de Coordinaci\u00f3n para conformaci\u00f3n grupo de trabajo en conjunto con otras comunidades, Municipalidad y la Polic\u00eda de Misiones"}]},{"@type":"WebSite","@id":"https:\/\/cvinoticias.com\/v3\/#website","url":"https:\/\/cvinoticias.com\/v3\/","name":"CVI NOTICIAS","description":"","publisher":{"@id":"https:\/\/cvinoticias.com\/v3\/#organization"},"alternateName":"CVI","potentialAction":[{"@type":"SearchAction","target":{"@type":"EntryPoint","urlTemplate":"https:\/\/cvinoticias.com\/v3\/?s={search_term_string}"},"query-input":{"@type":"PropertyValueSpecification","valueRequired":true,"valueName":"search_term_string"}}],"inLanguage":"es"},{"@type":"Organization","@id":"https:\/\/cvinoticias.com\/v3\/#organization","name":"CVI NOTICIAS","url":"https:\/\/cvinoticias.com\/v3\/","logo":{"@type":"ImageObject","inLanguage":"es","@id":"https:\/\/cvinoticias.com\/v3\/#\/schema\/logo\/image\/","url":"https:\/\/cvinoticias.com\/wp-content\/uploads\/2023\/04\/cropped-cropped-cropped-cropped-cropped-3-1.png","contentUrl":"https:\/\/cvinoticias.com\/wp-content\/uploads\/2023\/04\/cropped-cropped-cropped-cropped-cropped-3-1.png","width":95,"height":122,"caption":"CVI NOTICIAS"},"image":{"@id":"https:\/\/cvinoticias.com\/v3\/#\/schema\/logo\/image\/"},"sameAs":["https:\/\/www.facebook.com\/cvinoticias","https:\/\/www.instagram.com\/cvinoticias\/","https:\/\/www.youtube.com\/@CVINOTICIAS"]},{"@type":"Person","@id":"https:\/\/cvinoticias.com\/v3\/#\/schema\/person\/2db77e3c6bc03c538495d7b2b8be9b66","name":"f1000024","image":{"@type":"ImageObject","inLanguage":"es","@id":"https:\/\/secure.gravatar.com\/avatar\/d4fe7459cfc51ff5129ce1a732bbef5928568b8092d412ef95611616376bbeed?s=96&d=mm&r=g","url":"https:\/\/secure.gravatar.com\/avatar\/d4fe7459cfc51ff5129ce1a732bbef5928568b8092d412ef95611616376bbeed?s=96&d=mm&r=g","contentUrl":"https:\/\/secure.gravatar.com\/avatar\/d4fe7459cfc51ff5129ce1a732bbef5928568b8092d412ef95611616376bbeed?s=96&d=mm&r=g","caption":"f1000024"},"url":"https:\/\/cvinoticias.com\/v3\/author\/f1000024\/"}]}},"_links":{"self":[{"href":"https:\/\/cvinoticias.com\/v3\/wp-json\/wp\/v2\/posts\/41534","targetHints":{"allow":["GET"]}}],"collection":[{"href":"https:\/\/cvinoticias.com\/v3\/wp-json\/wp\/v2\/posts"}],"about":[{"href":"https:\/\/cvinoticias.com\/v3\/wp-json\/wp\/v2\/types\/post"}],"author":[{"embeddable":true,"href":"https:\/\/cvinoticias.com\/v3\/wp-json\/wp\/v2\/users\/2"}],"replies":[{"embeddable":true,"href":"https:\/\/cvinoticias.com\/v3\/wp-json\/wp\/v2\/comments?post=41534"}],"version-history":[{"count":3,"href":"https:\/\/cvinoticias.com\/v3\/wp-json\/wp\/v2\/posts\/41534\/revisions"}],"predecessor-version":[{"id":41542,"href":"https:\/\/cvinoticias.com\/v3\/wp-json\/wp\/v2\/posts\/41534\/revisions\/41542"}],"wp:featuredmedia":[{"embeddable":true,"href":"https:\/\/cvinoticias.com\/v3\/wp-json\/wp\/v2\/media\/41535"}],"wp:attachment":[{"href":"https:\/\/cvinoticias.com\/v3\/wp-json\/wp\/v2\/media?parent=41534"}],"wp:term":[{"taxonomy":"category","embeddable":true,"href":"https:\/\/cvinoticias.com\/v3\/wp-json\/wp\/v2\/categories?post=41534"},{"taxonomy":"post_tag","embeddable":true,"href":"https:\/\/cvinoticias.com\/v3\/wp-json\/wp\/v2\/tags?post=41534"}],"curies":[{"name":"wp","href":"https:\/\/api.w.org\/{rel}","templated":true}]}}