{"id":41212,"date":"2025-04-08T09:27:58","date_gmt":"2025-04-08T12:27:58","guid":{"rendered":"https:\/\/cvinoticias.com\/v3\/?p=41212"},"modified":"2025-04-08T09:27:59","modified_gmt":"2025-04-08T12:27:59","slug":"iguazu-dos-detenidos-y-elementos-recuperados-en-operativos-policiales","status":"publish","type":"post","link":"https:\/\/cvinoticias.com\/v3\/iguazu-dos-detenidos-y-elementos-recuperados-en-operativos-policiales\/","title":{"rendered":"Iguaz\u00fa: Dos detenidos y elementos recuperados en operativos policiales"},"content":{"rendered":"\n<p>En las \u00faltimas horas, efectivos de la Unidad Regional V realizaron dos importantes procedimientos en la ciudad de Puerto Iguaz\u00fa que culminaron con la detenci\u00f3n de dos hombres y el secuestro de una motocicleta con pedido de secuestro desde 2015.<\/p>\n\n\n\n<p>El primero de los operativos fue llevado a cabo por la Comisar\u00eda 1ra URV sobre la avenida Victoria Aguirre, donde fue detenido un hombre de 26 a\u00f1os que se desplazaba en una motocicleta de 110 c.c. Al ser identificado, los agentes constataron que el veh\u00edculo ten\u00eda un pedido de secuestro activo por robo, denunciado en la Comisar\u00eda Seccional 1ra de Ober\u00e1 hace casi una d\u00e9cada.<\/p>\n\n\n\n<p>En un segundo procedimiento, agentes de la Comisar\u00eda 2da URV arrestaron a un joven de 18 a\u00f1os en la zona de Granjas. El detenido fue se\u00f1alado como el presunto autor de un intento de robo a una adolescente de 17 a\u00f1os, a quien habr\u00eda intentado arrebatarle su tel\u00e9fono celular en la v\u00eda p\u00fablica.<\/p>\n\n\n\n<p>Ambos detenidos fueron trasladados a dependencias policiales y quedaron a disposici\u00f3n de la Justicia. En tanto, el motoveh\u00edculo ser\u00e1 restituido a su leg\u00edtimo propietario luego de los tr\u00e1mites legales correspondientes.<\/p>\n","protected":false},"excerpt":{"rendered":"<p>En las \u00faltimas horas, efectivos de la Unidad Regional V realizaron dos importantes procedimientos en la ciudad de Puerto Iguaz\u00fa que culminaron con la detenci\u00f3n de dos hombres y el secuestro de una motocicleta con pedido de secuestro desde 2015. El primero de los operativos fue llevado a cabo por la Comisar\u00eda 1ra URV sobre [&hellip;]<\/p>\n","protected":false},"author":2,"featured_media":41213,"comment_status":"open","ping_status":"open","sticky":false,"template":"","format":"standard","meta":{"footnotes":""},"categories":[41],"tags":[960,1843],"class_list":["post-41212","post","type-post","status-publish","format-standard","has-post-thumbnail","hentry","category-policiales","tag-detenidos","tag-motocicleta"],"yoast_head":"<!-- This site is optimized with the Yoast SEO plugin v27.4 - https:\/\/yoast.com\/product\/yoast-seo-wordpress\/ -->\n<title>Detenidos en Puerto Iguaz\u00fa tras operativos policiales | CVI NOTICIAS<\/title>\n<meta name=\"description\" content=\"Dos hombres fueron detenidos en Puerto Iguaz\u00fa durante operativos policiales. Uno circulaba en una moto robada en 2015 y el otro est\u00e1 acusado de intento de robo a una adolescente.\" \/>\n<meta name=\"robots\" content=\"index, follow, max-snippet:-1, max-image-preview:large, max-video-preview:-1\" \/>\n<link rel=\"canonical\" href=\"https:\/\/cvinoticias.com\/v3\/iguazu-dos-detenidos-y-elementos-recuperados-en-operativos-policiales\/\" \/>\n<meta property=\"og:locale\" content=\"es_ES\" \/>\n<meta property=\"og:type\" content=\"article\" \/>\n<meta property=\"og:title\" content=\"Detenidos en Puerto Iguaz\u00fa tras operativos policiales | CVI NOTICIAS\" \/>\n<meta property=\"og:description\" content=\"Dos hombres fueron detenidos en Puerto Iguaz\u00fa durante operativos policiales. Uno circulaba en una moto robada en 2015 y el otro est\u00e1 acusado de intento de robo a una adolescente.\" \/>\n<meta property=\"og:url\" content=\"https:\/\/cvinoticias.com\/v3\/iguazu-dos-detenidos-y-elementos-recuperados-en-operativos-policiales\/\" \/>\n<meta property=\"og:site_name\" content=\"CVI NOTICIAS\" \/>\n<meta property=\"article:publisher\" content=\"https:\/\/www.facebook.com\/cvinoticias\" \/>\n<meta property=\"article:published_time\" content=\"2025-04-08T12:27:58+00:00\" \/>\n<meta property=\"article:modified_time\" content=\"2025-04-08T12:27:59+00:00\" \/>\n<meta property=\"og:image\" content=\"https:\/\/cvinoticias.com\/wp-content\/uploads\/2025\/04\/IMG_20250408_092059-COLLAGE2.jpg\" \/>\n\t<meta property=\"og:image:width\" content=\"995\" \/>\n\t<meta property=\"og:image:height\" content=\"1001\" \/>\n\t<meta property=\"og:image:type\" content=\"image\/jpeg\" \/>\n<meta name=\"author\" content=\"f1000024\" \/>\n<meta name=\"twitter:card\" content=\"summary_large_image\" \/>\n<meta name=\"twitter:label1\" content=\"Escrito por\" \/>\n\t<meta name=\"twitter:data1\" content=\"f1000024\" \/>\n\t<meta name=\"twitter:label2\" content=\"Tiempo de lectura\" \/>\n\t<meta name=\"twitter:data2\" content=\"2 minutos\" \/>\n<script type=\"application\/ld+json\" class=\"yoast-schema-graph\">{\"@context\":\"https:\\\/\\\/schema.org\",\"@graph\":[{\"@type\":\"Article\",\"@id\":\"https:\\\/\\\/cvinoticias.com\\\/v3\\\/iguazu-dos-detenidos-y-elementos-recuperados-en-operativos-policiales\\\/#article\",\"isPartOf\":{\"@id\":\"https:\\\/\\\/cvinoticias.com\\\/v3\\\/iguazu-dos-detenidos-y-elementos-recuperados-en-operativos-policiales\\\/\"},\"author\":{\"name\":\"f1000024\",\"@id\":\"https:\\\/\\\/cvinoticias.com\\\/v3\\\/#\\\/schema\\\/person\\\/2db77e3c6bc03c538495d7b2b8be9b66\"},\"headline\":\"Iguaz\u00fa: Dos detenidos y elementos recuperados en operativos policiales\",\"datePublished\":\"2025-04-08T12:27:58+00:00\",\"dateModified\":\"2025-04-08T12:27:59+00:00\",\"mainEntityOfPage\":{\"@id\":\"https:\\\/\\\/cvinoticias.com\\\/v3\\\/iguazu-dos-detenidos-y-elementos-recuperados-en-operativos-policiales\\\/\"},\"wordCount\":212,\"commentCount\":0,\"publisher\":{\"@id\":\"https:\\\/\\\/cvinoticias.com\\\/v3\\\/#organization\"},\"image\":{\"@id\":\"https:\\\/\\\/cvinoticias.com\\\/v3\\\/iguazu-dos-detenidos-y-elementos-recuperados-en-operativos-policiales\\\/#primaryimage\"},\"thumbnailUrl\":\"https:\\\/\\\/cvinoticias.com\\\/wp-content\\\/uploads\\\/2025\\\/04\\\/IMG_20250408_092059-COLLAGE2.jpg\",\"keywords\":[\"Detenidos\",\"Motocicleta\"],\"articleSection\":[\"Policiales\"],\"inLanguage\":\"es\",\"potentialAction\":[{\"@type\":\"CommentAction\",\"name\":\"Comment\",\"target\":[\"https:\\\/\\\/cvinoticias.com\\\/v3\\\/iguazu-dos-detenidos-y-elementos-recuperados-en-operativos-policiales\\\/#respond\"]}]},{\"@type\":\"WebPage\",\"@id\":\"https:\\\/\\\/cvinoticias.com\\\/v3\\\/iguazu-dos-detenidos-y-elementos-recuperados-en-operativos-policiales\\\/\",\"url\":\"https:\\\/\\\/cvinoticias.com\\\/v3\\\/iguazu-dos-detenidos-y-elementos-recuperados-en-operativos-policiales\\\/\",\"name\":\"Detenidos en Puerto Iguaz\u00fa tras operativos policiales | CVI NOTICIAS\",\"isPartOf\":{\"@id\":\"https:\\\/\\\/cvinoticias.com\\\/v3\\\/#website\"},\"primaryImageOfPage\":{\"@id\":\"https:\\\/\\\/cvinoticias.com\\\/v3\\\/iguazu-dos-detenidos-y-elementos-recuperados-en-operativos-policiales\\\/#primaryimage\"},\"image\":{\"@id\":\"https:\\\/\\\/cvinoticias.com\\\/v3\\\/iguazu-dos-detenidos-y-elementos-recuperados-en-operativos-policiales\\\/#primaryimage\"},\"thumbnailUrl\":\"https:\\\/\\\/cvinoticias.com\\\/wp-content\\\/uploads\\\/2025\\\/04\\\/IMG_20250408_092059-COLLAGE2.jpg\",\"datePublished\":\"2025-04-08T12:27:58+00:00\",\"dateModified\":\"2025-04-08T12:27:59+00:00\",\"description\":\"Dos hombres fueron detenidos en Puerto Iguaz\u00fa durante operativos policiales. Uno circulaba en una moto robada en 2015 y el otro est\u00e1 acusado de intento de robo a una adolescente.\",\"breadcrumb\":{\"@id\":\"https:\\\/\\\/cvinoticias.com\\\/v3\\\/iguazu-dos-detenidos-y-elementos-recuperados-en-operativos-policiales\\\/#breadcrumb\"},\"inLanguage\":\"es\",\"potentialAction\":[{\"@type\":\"ReadAction\",\"target\":[\"https:\\\/\\\/cvinoticias.com\\\/v3\\\/iguazu-dos-detenidos-y-elementos-recuperados-en-operativos-policiales\\\/\"]}]},{\"@type\":\"ImageObject\",\"inLanguage\":\"es\",\"@id\":\"https:\\\/\\\/cvinoticias.com\\\/v3\\\/iguazu-dos-detenidos-y-elementos-recuperados-en-operativos-policiales\\\/#primaryimage\",\"url\":\"https:\\\/\\\/cvinoticias.com\\\/wp-content\\\/uploads\\\/2025\\\/04\\\/IMG_20250408_092059-COLLAGE2.jpg\",\"contentUrl\":\"https:\\\/\\\/cvinoticias.com\\\/wp-content\\\/uploads\\\/2025\\\/04\\\/IMG_20250408_092059-COLLAGE2.jpg\",\"width\":995,\"height\":1001},{\"@type\":\"BreadcrumbList\",\"@id\":\"https:\\\/\\\/cvinoticias.com\\\/v3\\\/iguazu-dos-detenidos-y-elementos-recuperados-en-operativos-policiales\\\/#breadcrumb\",\"itemListElement\":[{\"@type\":\"ListItem\",\"position\":1,\"name\":\"Portada\",\"item\":\"https:\\\/\\\/cvinoticias.com\\\/v3\\\/\"},{\"@type\":\"ListItem\",\"position\":2,\"name\":\"Iguaz\u00fa: Dos detenidos y elementos recuperados en operativos policiales\"}]},{\"@type\":\"WebSite\",\"@id\":\"https:\\\/\\\/cvinoticias.com\\\/v3\\\/#website\",\"url\":\"https:\\\/\\\/cvinoticias.com\\\/v3\\\/\",\"name\":\"CVI NOTICIAS\",\"description\":\"\",\"publisher\":{\"@id\":\"https:\\\/\\\/cvinoticias.com\\\/v3\\\/#organization\"},\"alternateName\":\"CVI\",\"potentialAction\":[{\"@type\":\"SearchAction\",\"target\":{\"@type\":\"EntryPoint\",\"urlTemplate\":\"https:\\\/\\\/cvinoticias.com\\\/v3\\\/?s={search_term_string}\"},\"query-input\":{\"@type\":\"PropertyValueSpecification\",\"valueRequired\":true,\"valueName\":\"search_term_string\"}}],\"inLanguage\":\"es\"},{\"@type\":\"Organization\",\"@id\":\"https:\\\/\\\/cvinoticias.com\\\/v3\\\/#organization\",\"name\":\"CVI NOTICIAS\",\"url\":\"https:\\\/\\\/cvinoticias.com\\\/v3\\\/\",\"logo\":{\"@type\":\"ImageObject\",\"inLanguage\":\"es\",\"@id\":\"https:\\\/\\\/cvinoticias.com\\\/v3\\\/#\\\/schema\\\/logo\\\/image\\\/\",\"url\":\"https:\\\/\\\/cvinoticias.com\\\/wp-content\\\/uploads\\\/2023\\\/04\\\/cropped-cropped-cropped-cropped-cropped-3-1.png\",\"contentUrl\":\"https:\\\/\\\/cvinoticias.com\\\/wp-content\\\/uploads\\\/2023\\\/04\\\/cropped-cropped-cropped-cropped-cropped-3-1.png\",\"width\":95,\"height\":122,\"caption\":\"CVI NOTICIAS\"},\"image\":{\"@id\":\"https:\\\/\\\/cvinoticias.com\\\/v3\\\/#\\\/schema\\\/logo\\\/image\\\/\"},\"sameAs\":[\"https:\\\/\\\/www.facebook.com\\\/cvinoticias\",\"https:\\\/\\\/www.instagram.com\\\/cvinoticias\\\/\",\"https:\\\/\\\/www.youtube.com\\\/@CVINOTICIAS\"]},{\"@type\":\"Person\",\"@id\":\"https:\\\/\\\/cvinoticias.com\\\/v3\\\/#\\\/schema\\\/person\\\/2db77e3c6bc03c538495d7b2b8be9b66\",\"name\":\"f1000024\",\"image\":{\"@type\":\"ImageObject\",\"inLanguage\":\"es\",\"@id\":\"https:\\\/\\\/secure.gravatar.com\\\/avatar\\\/d4fe7459cfc51ff5129ce1a732bbef5928568b8092d412ef95611616376bbeed?s=96&d=mm&r=g\",\"url\":\"https:\\\/\\\/secure.gravatar.com\\\/avatar\\\/d4fe7459cfc51ff5129ce1a732bbef5928568b8092d412ef95611616376bbeed?s=96&d=mm&r=g\",\"contentUrl\":\"https:\\\/\\\/secure.gravatar.com\\\/avatar\\\/d4fe7459cfc51ff5129ce1a732bbef5928568b8092d412ef95611616376bbeed?s=96&d=mm&r=g\",\"caption\":\"f1000024\"},\"url\":\"https:\\\/\\\/cvinoticias.com\\\/v3\\\/author\\\/f1000024\\\/\"}]}<\/script>\n<!-- \/ Yoast SEO plugin. -->","yoast_head_json":{"title":"Detenidos en Puerto Iguaz\u00fa tras operativos policiales | CVI NOTICIAS","description":"Dos hombres fueron detenidos en Puerto Iguaz\u00fa durante operativos policiales. Uno circulaba en una moto robada en 2015 y el otro est\u00e1 acusado de intento de robo a una adolescente.","robots":{"index":"index","follow":"follow","max-snippet":"max-snippet:-1","max-image-preview":"max-image-preview:large","max-video-preview":"max-video-preview:-1"},"canonical":"https:\/\/cvinoticias.com\/v3\/iguazu-dos-detenidos-y-elementos-recuperados-en-operativos-policiales\/","og_locale":"es_ES","og_type":"article","og_title":"Detenidos en Puerto Iguaz\u00fa tras operativos policiales | CVI NOTICIAS","og_description":"Dos hombres fueron detenidos en Puerto Iguaz\u00fa durante operativos policiales. Uno circulaba en una moto robada en 2015 y el otro est\u00e1 acusado de intento de robo a una adolescente.","og_url":"https:\/\/cvinoticias.com\/v3\/iguazu-dos-detenidos-y-elementos-recuperados-en-operativos-policiales\/","og_site_name":"CVI NOTICIAS","article_publisher":"https:\/\/www.facebook.com\/cvinoticias","article_published_time":"2025-04-08T12:27:58+00:00","article_modified_time":"2025-04-08T12:27:59+00:00","og_image":[{"width":995,"height":1001,"url":"https:\/\/cvinoticias.com\/wp-content\/uploads\/2025\/04\/IMG_20250408_092059-COLLAGE2.jpg","type":"image\/jpeg"}],"author":"f1000024","twitter_card":"summary_large_image","twitter_misc":{"Escrito por":"f1000024","Tiempo de lectura":"2 minutos"},"schema":{"@context":"https:\/\/schema.org","@graph":[{"@type":"Article","@id":"https:\/\/cvinoticias.com\/v3\/iguazu-dos-detenidos-y-elementos-recuperados-en-operativos-policiales\/#article","isPartOf":{"@id":"https:\/\/cvinoticias.com\/v3\/iguazu-dos-detenidos-y-elementos-recuperados-en-operativos-policiales\/"},"author":{"name":"f1000024","@id":"https:\/\/cvinoticias.com\/v3\/#\/schema\/person\/2db77e3c6bc03c538495d7b2b8be9b66"},"headline":"Iguaz\u00fa: Dos detenidos y elementos recuperados en operativos policiales","datePublished":"2025-04-08T12:27:58+00:00","dateModified":"2025-04-08T12:27:59+00:00","mainEntityOfPage":{"@id":"https:\/\/cvinoticias.com\/v3\/iguazu-dos-detenidos-y-elementos-recuperados-en-operativos-policiales\/"},"wordCount":212,"commentCount":0,"publisher":{"@id":"https:\/\/cvinoticias.com\/v3\/#organization"},"image":{"@id":"https:\/\/cvinoticias.com\/v3\/iguazu-dos-detenidos-y-elementos-recuperados-en-operativos-policiales\/#primaryimage"},"thumbnailUrl":"https:\/\/cvinoticias.com\/wp-content\/uploads\/2025\/04\/IMG_20250408_092059-COLLAGE2.jpg","keywords":["Detenidos","Motocicleta"],"articleSection":["Policiales"],"inLanguage":"es","potentialAction":[{"@type":"CommentAction","name":"Comment","target":["https:\/\/cvinoticias.com\/v3\/iguazu-dos-detenidos-y-elementos-recuperados-en-operativos-policiales\/#respond"]}]},{"@type":"WebPage","@id":"https:\/\/cvinoticias.com\/v3\/iguazu-dos-detenidos-y-elementos-recuperados-en-operativos-policiales\/","url":"https:\/\/cvinoticias.com\/v3\/iguazu-dos-detenidos-y-elementos-recuperados-en-operativos-policiales\/","name":"Detenidos en Puerto Iguaz\u00fa tras operativos policiales | CVI NOTICIAS","isPartOf":{"@id":"https:\/\/cvinoticias.com\/v3\/#website"},"primaryImageOfPage":{"@id":"https:\/\/cvinoticias.com\/v3\/iguazu-dos-detenidos-y-elementos-recuperados-en-operativos-policiales\/#primaryimage"},"image":{"@id":"https:\/\/cvinoticias.com\/v3\/iguazu-dos-detenidos-y-elementos-recuperados-en-operativos-policiales\/#primaryimage"},"thumbnailUrl":"https:\/\/cvinoticias.com\/wp-content\/uploads\/2025\/04\/IMG_20250408_092059-COLLAGE2.jpg","datePublished":"2025-04-08T12:27:58+00:00","dateModified":"2025-04-08T12:27:59+00:00","description":"Dos hombres fueron detenidos en Puerto Iguaz\u00fa durante operativos policiales. Uno circulaba en una moto robada en 2015 y el otro est\u00e1 acusado de intento de robo a una adolescente.","breadcrumb":{"@id":"https:\/\/cvinoticias.com\/v3\/iguazu-dos-detenidos-y-elementos-recuperados-en-operativos-policiales\/#breadcrumb"},"inLanguage":"es","potentialAction":[{"@type":"ReadAction","target":["https:\/\/cvinoticias.com\/v3\/iguazu-dos-detenidos-y-elementos-recuperados-en-operativos-policiales\/"]}]},{"@type":"ImageObject","inLanguage":"es","@id":"https:\/\/cvinoticias.com\/v3\/iguazu-dos-detenidos-y-elementos-recuperados-en-operativos-policiales\/#primaryimage","url":"https:\/\/cvinoticias.com\/wp-content\/uploads\/2025\/04\/IMG_20250408_092059-COLLAGE2.jpg","contentUrl":"https:\/\/cvinoticias.com\/wp-content\/uploads\/2025\/04\/IMG_20250408_092059-COLLAGE2.jpg","width":995,"height":1001},{"@type":"BreadcrumbList","@id":"https:\/\/cvinoticias.com\/v3\/iguazu-dos-detenidos-y-elementos-recuperados-en-operativos-policiales\/#breadcrumb","itemListElement":[{"@type":"ListItem","position":1,"name":"Portada","item":"https:\/\/cvinoticias.com\/v3\/"},{"@type":"ListItem","position":2,"name":"Iguaz\u00fa: Dos detenidos y elementos recuperados en operativos policiales"}]},{"@type":"WebSite","@id":"https:\/\/cvinoticias.com\/v3\/#website","url":"https:\/\/cvinoticias.com\/v3\/","name":"CVI NOTICIAS","description":"","publisher":{"@id":"https:\/\/cvinoticias.com\/v3\/#organization"},"alternateName":"CVI","potentialAction":[{"@type":"SearchAction","target":{"@type":"EntryPoint","urlTemplate":"https:\/\/cvinoticias.com\/v3\/?s={search_term_string}"},"query-input":{"@type":"PropertyValueSpecification","valueRequired":true,"valueName":"search_term_string"}}],"inLanguage":"es"},{"@type":"Organization","@id":"https:\/\/cvinoticias.com\/v3\/#organization","name":"CVI NOTICIAS","url":"https:\/\/cvinoticias.com\/v3\/","logo":{"@type":"ImageObject","inLanguage":"es","@id":"https:\/\/cvinoticias.com\/v3\/#\/schema\/logo\/image\/","url":"https:\/\/cvinoticias.com\/wp-content\/uploads\/2023\/04\/cropped-cropped-cropped-cropped-cropped-3-1.png","contentUrl":"https:\/\/cvinoticias.com\/wp-content\/uploads\/2023\/04\/cropped-cropped-cropped-cropped-cropped-3-1.png","width":95,"height":122,"caption":"CVI NOTICIAS"},"image":{"@id":"https:\/\/cvinoticias.com\/v3\/#\/schema\/logo\/image\/"},"sameAs":["https:\/\/www.facebook.com\/cvinoticias","https:\/\/www.instagram.com\/cvinoticias\/","https:\/\/www.youtube.com\/@CVINOTICIAS"]},{"@type":"Person","@id":"https:\/\/cvinoticias.com\/v3\/#\/schema\/person\/2db77e3c6bc03c538495d7b2b8be9b66","name":"f1000024","image":{"@type":"ImageObject","inLanguage":"es","@id":"https:\/\/secure.gravatar.com\/avatar\/d4fe7459cfc51ff5129ce1a732bbef5928568b8092d412ef95611616376bbeed?s=96&d=mm&r=g","url":"https:\/\/secure.gravatar.com\/avatar\/d4fe7459cfc51ff5129ce1a732bbef5928568b8092d412ef95611616376bbeed?s=96&d=mm&r=g","contentUrl":"https:\/\/secure.gravatar.com\/avatar\/d4fe7459cfc51ff5129ce1a732bbef5928568b8092d412ef95611616376bbeed?s=96&d=mm&r=g","caption":"f1000024"},"url":"https:\/\/cvinoticias.com\/v3\/author\/f1000024\/"}]}},"_links":{"self":[{"href":"https:\/\/cvinoticias.com\/v3\/wp-json\/wp\/v2\/posts\/41212","targetHints":{"allow":["GET"]}}],"collection":[{"href":"https:\/\/cvinoticias.com\/v3\/wp-json\/wp\/v2\/posts"}],"about":[{"href":"https:\/\/cvinoticias.com\/v3\/wp-json\/wp\/v2\/types\/post"}],"author":[{"embeddable":true,"href":"https:\/\/cvinoticias.com\/v3\/wp-json\/wp\/v2\/users\/2"}],"replies":[{"embeddable":true,"href":"https:\/\/cvinoticias.com\/v3\/wp-json\/wp\/v2\/comments?post=41212"}],"version-history":[{"count":1,"href":"https:\/\/cvinoticias.com\/v3\/wp-json\/wp\/v2\/posts\/41212\/revisions"}],"predecessor-version":[{"id":41214,"href":"https:\/\/cvinoticias.com\/v3\/wp-json\/wp\/v2\/posts\/41212\/revisions\/41214"}],"wp:featuredmedia":[{"embeddable":true,"href":"https:\/\/cvinoticias.com\/v3\/wp-json\/wp\/v2\/media\/41213"}],"wp:attachment":[{"href":"https:\/\/cvinoticias.com\/v3\/wp-json\/wp\/v2\/media?parent=41212"}],"wp:term":[{"taxonomy":"category","embeddable":true,"href":"https:\/\/cvinoticias.com\/v3\/wp-json\/wp\/v2\/categories?post=41212"},{"taxonomy":"post_tag","embeddable":true,"href":"https:\/\/cvinoticias.com\/v3\/wp-json\/wp\/v2\/tags?post=41212"}],"curies":[{"name":"wp","href":"https:\/\/api.w.org\/{rel}","templated":true}]}}