{"id":41159,"date":"2025-04-07T12:44:51","date_gmt":"2025-04-07T15:44:51","guid":{"rendered":"https:\/\/cvinoticias.com\/v3\/?p=41159"},"modified":"2025-04-07T12:44:53","modified_gmt":"2025-04-07T15:44:53","slug":"avanzan-los-proyectos-para-agilizar-el-paso-fronterizo-en-puerto-iguazu","status":"publish","type":"post","link":"https:\/\/cvinoticias.com\/v3\/avanzan-los-proyectos-para-agilizar-el-paso-fronterizo-en-puerto-iguazu\/","title":{"rendered":"Avanzan los proyectos para agilizar el paso fronterizo en Puerto Iguaz\u00fa"},"content":{"rendered":"\n<p>En di\u00e1logo con CVI, el coordinador del Centro de Frontera, Manuel Vargas, confirm\u00f3 importantes avances en los proyectos de modernizaci\u00f3n del paso internacional. Tras una reuni\u00f3n con el Director Nacional de Asuntos T\u00e9cnicos de Frontera, Ricardo Botana, y el Subsecretario de Interior, Tom\u00e1s Pannunzio, se aprob\u00f3 la implementaci\u00f3n de un nuevo sistema tecnol\u00f3gico para facilitar el tr\u00e1nsito entre pa\u00edses vecinos.<\/p>\n\n\n\n<p>Uno de los ejes principales del proyecto es la creaci\u00f3n de un paso vecinal fronterizo que establecer\u00e1 un r\u00e9gimen especial de paso libre entre Argentina y Brasil. Este paso contar\u00e1 con un sistema de control digital basado en una tarjeta que permitir\u00e1 a los residentes de ambas regiones fronterizas ingresar y salir del pa\u00eds dentro de un radio de kilometraje determinado. El objetivo es optimizar los controles migratorios y garantizar la seguridad, al mismo tiempo que se promueve una mayor fluidez en el tr\u00e1nsito cotidiano.<\/p>\n\n\n\n<hr class=\"wp-block-separator has-alpha-channel-opacity\"\/>\n\n\n\n<figure class=\"wp-block-image size-large\"><a href=\"https:\/\/cvinoticias.com\/wp-content\/uploads\/2025\/04\/1000080533-scaled.jpg\"><img decoding=\"async\" width=\"1024\" height=\"577\" data-src=\"https:\/\/cvinoticias.com\/wp-content\/uploads\/2025\/04\/1000080533-1024x577.jpg\" alt=\"\" class=\"wp-image-41162 lazyload\" data-srcset=\"https:\/\/cvinoticias.com\/wp-content\/uploads\/2025\/04\/1000080533-1024x577.jpg 1024w, https:\/\/cvinoticias.com\/wp-content\/uploads\/2025\/04\/1000080533-300x169.jpg 300w, https:\/\/cvinoticias.com\/wp-content\/uploads\/2025\/04\/1000080533-768x432.jpg 768w, https:\/\/cvinoticias.com\/wp-content\/uploads\/2025\/04\/1000080533-1536x865.jpg 1536w, https:\/\/cvinoticias.com\/wp-content\/uploads\/2025\/04\/1000080533-2048x1153.jpg 2048w\" data-sizes=\"(max-width: 1024px) 100vw, 1024px\" src=\"data:image\/svg+xml;base64,PHN2ZyB3aWR0aD0iMSIgaGVpZ2h0PSIxIiB4bWxucz0iaHR0cDovL3d3dy53My5vcmcvMjAwMC9zdmciPjwvc3ZnPg==\" style=\"--smush-placeholder-width: 1024px; --smush-placeholder-aspect-ratio: 1024\/577;\" \/><\/a><\/figure>\n\n\n\n<hr class=\"wp-block-separator has-alpha-channel-opacity\"\/>\n\n\n\n<p>Adem\u00e1s, se confirm\u00f3 la modificaci\u00f3n de las casillas de control, que ser\u00e1n reubicadas en un \u00e1ngulo de 45 grados para agilizar el paso vehicular. Seg\u00fan detall\u00f3 el coordinador, el sistema actual colapsa con frecuencia debido al alto volumen de autos y motos.<\/p>\n\n\n\n<p>Como parte de las mejoras inmediatas, Vargas adelant\u00f3 que a partir de ma\u00f1ana se habilitar\u00e1 un carril exclusivo de ingreso para motocicletas, en el marco de una prueba piloto que buscar\u00e1 evaluar la efectividad de este nuevo esquema.<\/p>\n\n\n\n<hr class=\"wp-block-separator has-alpha-channel-opacity\"\/>\n\n\n\n<figure class=\"wp-block-image size-large\"><a href=\"https:\/\/cvinoticias.com\/wp-content\/uploads\/2025\/04\/1000080528-scaled.jpg\"><img decoding=\"async\" width=\"1024\" height=\"577\" data-src=\"https:\/\/cvinoticias.com\/wp-content\/uploads\/2025\/04\/1000080528-1024x577.jpg\" alt=\"\" class=\"wp-image-41161 lazyload\" data-srcset=\"https:\/\/cvinoticias.com\/wp-content\/uploads\/2025\/04\/1000080528-1024x577.jpg 1024w, https:\/\/cvinoticias.com\/wp-content\/uploads\/2025\/04\/1000080528-300x169.jpg 300w, https:\/\/cvinoticias.com\/wp-content\/uploads\/2025\/04\/1000080528-768x432.jpg 768w, https:\/\/cvinoticias.com\/wp-content\/uploads\/2025\/04\/1000080528-1536x865.jpg 1536w, https:\/\/cvinoticias.com\/wp-content\/uploads\/2025\/04\/1000080528-2048x1153.jpg 2048w\" data-sizes=\"(max-width: 1024px) 100vw, 1024px\" src=\"data:image\/svg+xml;base64,PHN2ZyB3aWR0aD0iMSIgaGVpZ2h0PSIxIiB4bWxucz0iaHR0cDovL3d3dy53My5vcmcvMjAwMC9zdmciPjwvc3ZnPg==\" style=\"--smush-placeholder-width: 1024px; --smush-placeholder-aspect-ratio: 1024\/577;\" \/><\/a><\/figure>\n\n\n\n<hr class=\"wp-block-separator has-alpha-channel-opacity\"\/>\n\n\n\n<p class=\"has-text-align-center\">Entrevista con: Manuel Vargas (Coord. Centro de Fronteras)<\/p>\n","protected":false},"excerpt":{"rendered":"<p>En di\u00e1logo con CVI, el coordinador del Centro de Frontera, Manuel Vargas, confirm\u00f3 importantes avances en los proyectos de modernizaci\u00f3n del paso internacional. Tras una reuni\u00f3n con el Director Nacional de Asuntos T\u00e9cnicos de Frontera, Ricardo Botana, y el Subsecretario de Interior, Tom\u00e1s Pannunzio, se aprob\u00f3 la implementaci\u00f3n de un nuevo sistema tecnol\u00f3gico para facilitar [&hellip;]<\/p>\n","protected":false},"author":2,"featured_media":41160,"comment_status":"open","ping_status":"open","sticky":false,"template":"","format":"standard","meta":{"footnotes":""},"categories":[49],"tags":[313,640,709],"class_list":["post-41159","post","type-post","status-publish","format-standard","has-post-thumbnail","hentry","category-triple-frontera","tag-iguazu","tag-paso-fronterizo","tag-proyectos"],"yoast_head":"<!-- This site is optimized with the Yoast SEO plugin v27.4 - https:\/\/yoast.com\/product\/yoast-seo-wordpress\/ -->\n<title>Avanzan los proyectos para agilizar el paso fronterizo en Iguaz\u00fa | CVI NOTICIAS<\/title>\n<meta name=\"description\" content=\"Avanzan los proyectos para agilizar el paso fronterizo en Puerto Iguaz\u00fa con nuevas medidas tecnol\u00f3gicas.\" \/>\n<meta name=\"robots\" content=\"index, follow, max-snippet:-1, max-image-preview:large, max-video-preview:-1\" \/>\n<link rel=\"canonical\" href=\"https:\/\/cvinoticias.com\/v3\/avanzan-los-proyectos-para-agilizar-el-paso-fronterizo-en-puerto-iguazu\/\" \/>\n<meta property=\"og:locale\" content=\"es_ES\" \/>\n<meta property=\"og:type\" content=\"article\" \/>\n<meta property=\"og:title\" content=\"Avanzan los proyectos para agilizar el paso fronterizo en Iguaz\u00fa | CVI NOTICIAS\" \/>\n<meta property=\"og:description\" content=\"Avanzan los proyectos para agilizar el paso fronterizo en Puerto Iguaz\u00fa con nuevas medidas tecnol\u00f3gicas.\" \/>\n<meta property=\"og:url\" content=\"https:\/\/cvinoticias.com\/v3\/avanzan-los-proyectos-para-agilizar-el-paso-fronterizo-en-puerto-iguazu\/\" \/>\n<meta property=\"og:site_name\" content=\"CVI NOTICIAS\" \/>\n<meta property=\"article:publisher\" content=\"https:\/\/www.facebook.com\/cvinoticias\" \/>\n<meta property=\"article:published_time\" content=\"2025-04-07T15:44:51+00:00\" \/>\n<meta property=\"article:modified_time\" content=\"2025-04-07T15:44:53+00:00\" \/>\n<meta property=\"og:image\" content=\"https:\/\/cvinoticias.com\/wp-content\/uploads\/2025\/04\/IMG-20250407-WA0046-scaled.jpg\" \/>\n\t<meta property=\"og:image:width\" content=\"2560\" \/>\n\t<meta property=\"og:image:height\" content=\"1441\" \/>\n\t<meta property=\"og:image:type\" content=\"image\/jpeg\" \/>\n<meta name=\"author\" content=\"f1000024\" \/>\n<meta name=\"twitter:card\" content=\"summary_large_image\" \/>\n<meta name=\"twitter:label1\" content=\"Escrito por\" \/>\n\t<meta name=\"twitter:data1\" content=\"f1000024\" \/>\n\t<meta name=\"twitter:label2\" content=\"Tiempo de lectura\" \/>\n\t<meta name=\"twitter:data2\" content=\"2 minutos\" \/>\n<script type=\"application\/ld+json\" class=\"yoast-schema-graph\">{\"@context\":\"https:\\\/\\\/schema.org\",\"@graph\":[{\"@type\":\"Article\",\"@id\":\"https:\\\/\\\/cvinoticias.com\\\/v3\\\/avanzan-los-proyectos-para-agilizar-el-paso-fronterizo-en-puerto-iguazu\\\/#article\",\"isPartOf\":{\"@id\":\"https:\\\/\\\/cvinoticias.com\\\/v3\\\/avanzan-los-proyectos-para-agilizar-el-paso-fronterizo-en-puerto-iguazu\\\/\"},\"author\":{\"name\":\"f1000024\",\"@id\":\"https:\\\/\\\/cvinoticias.com\\\/v3\\\/#\\\/schema\\\/person\\\/2db77e3c6bc03c538495d7b2b8be9b66\"},\"headline\":\"Avanzan los proyectos para agilizar el paso fronterizo en Puerto Iguaz\u00fa\",\"datePublished\":\"2025-04-07T15:44:51+00:00\",\"dateModified\":\"2025-04-07T15:44:53+00:00\",\"mainEntityOfPage\":{\"@id\":\"https:\\\/\\\/cvinoticias.com\\\/v3\\\/avanzan-los-proyectos-para-agilizar-el-paso-fronterizo-en-puerto-iguazu\\\/\"},\"wordCount\":261,\"commentCount\":0,\"publisher\":{\"@id\":\"https:\\\/\\\/cvinoticias.com\\\/v3\\\/#organization\"},\"image\":{\"@id\":\"https:\\\/\\\/cvinoticias.com\\\/v3\\\/avanzan-los-proyectos-para-agilizar-el-paso-fronterizo-en-puerto-iguazu\\\/#primaryimage\"},\"thumbnailUrl\":\"https:\\\/\\\/cvinoticias.com\\\/wp-content\\\/uploads\\\/2025\\\/04\\\/IMG-20250407-WA0046-scaled.jpg\",\"keywords\":[\"Iguaz\u00fa\",\"Paso fronterizo\",\"Proyectos\"],\"articleSection\":[\"Triple Frontera\"],\"inLanguage\":\"es\",\"potentialAction\":[{\"@type\":\"CommentAction\",\"name\":\"Comment\",\"target\":[\"https:\\\/\\\/cvinoticias.com\\\/v3\\\/avanzan-los-proyectos-para-agilizar-el-paso-fronterizo-en-puerto-iguazu\\\/#respond\"]}]},{\"@type\":\"WebPage\",\"@id\":\"https:\\\/\\\/cvinoticias.com\\\/v3\\\/avanzan-los-proyectos-para-agilizar-el-paso-fronterizo-en-puerto-iguazu\\\/\",\"url\":\"https:\\\/\\\/cvinoticias.com\\\/v3\\\/avanzan-los-proyectos-para-agilizar-el-paso-fronterizo-en-puerto-iguazu\\\/\",\"name\":\"Avanzan los proyectos para agilizar el paso fronterizo en Iguaz\u00fa | CVI NOTICIAS\",\"isPartOf\":{\"@id\":\"https:\\\/\\\/cvinoticias.com\\\/v3\\\/#website\"},\"primaryImageOfPage\":{\"@id\":\"https:\\\/\\\/cvinoticias.com\\\/v3\\\/avanzan-los-proyectos-para-agilizar-el-paso-fronterizo-en-puerto-iguazu\\\/#primaryimage\"},\"image\":{\"@id\":\"https:\\\/\\\/cvinoticias.com\\\/v3\\\/avanzan-los-proyectos-para-agilizar-el-paso-fronterizo-en-puerto-iguazu\\\/#primaryimage\"},\"thumbnailUrl\":\"https:\\\/\\\/cvinoticias.com\\\/wp-content\\\/uploads\\\/2025\\\/04\\\/IMG-20250407-WA0046-scaled.jpg\",\"datePublished\":\"2025-04-07T15:44:51+00:00\",\"dateModified\":\"2025-04-07T15:44:53+00:00\",\"description\":\"Avanzan los proyectos para agilizar el paso fronterizo en Puerto Iguaz\u00fa con nuevas medidas tecnol\u00f3gicas.\",\"breadcrumb\":{\"@id\":\"https:\\\/\\\/cvinoticias.com\\\/v3\\\/avanzan-los-proyectos-para-agilizar-el-paso-fronterizo-en-puerto-iguazu\\\/#breadcrumb\"},\"inLanguage\":\"es\",\"potentialAction\":[{\"@type\":\"ReadAction\",\"target\":[\"https:\\\/\\\/cvinoticias.com\\\/v3\\\/avanzan-los-proyectos-para-agilizar-el-paso-fronterizo-en-puerto-iguazu\\\/\"]}]},{\"@type\":\"ImageObject\",\"inLanguage\":\"es\",\"@id\":\"https:\\\/\\\/cvinoticias.com\\\/v3\\\/avanzan-los-proyectos-para-agilizar-el-paso-fronterizo-en-puerto-iguazu\\\/#primaryimage\",\"url\":\"https:\\\/\\\/cvinoticias.com\\\/wp-content\\\/uploads\\\/2025\\\/04\\\/IMG-20250407-WA0046-scaled.jpg\",\"contentUrl\":\"https:\\\/\\\/cvinoticias.com\\\/wp-content\\\/uploads\\\/2025\\\/04\\\/IMG-20250407-WA0046-scaled.jpg\",\"width\":2560,\"height\":1441},{\"@type\":\"BreadcrumbList\",\"@id\":\"https:\\\/\\\/cvinoticias.com\\\/v3\\\/avanzan-los-proyectos-para-agilizar-el-paso-fronterizo-en-puerto-iguazu\\\/#breadcrumb\",\"itemListElement\":[{\"@type\":\"ListItem\",\"position\":1,\"name\":\"Portada\",\"item\":\"https:\\\/\\\/cvinoticias.com\\\/v3\\\/\"},{\"@type\":\"ListItem\",\"position\":2,\"name\":\"Avanzan los proyectos para agilizar el paso fronterizo en Puerto Iguaz\u00fa\"}]},{\"@type\":\"WebSite\",\"@id\":\"https:\\\/\\\/cvinoticias.com\\\/v3\\\/#website\",\"url\":\"https:\\\/\\\/cvinoticias.com\\\/v3\\\/\",\"name\":\"CVI NOTICIAS\",\"description\":\"\",\"publisher\":{\"@id\":\"https:\\\/\\\/cvinoticias.com\\\/v3\\\/#organization\"},\"alternateName\":\"CVI\",\"potentialAction\":[{\"@type\":\"SearchAction\",\"target\":{\"@type\":\"EntryPoint\",\"urlTemplate\":\"https:\\\/\\\/cvinoticias.com\\\/v3\\\/?s={search_term_string}\"},\"query-input\":{\"@type\":\"PropertyValueSpecification\",\"valueRequired\":true,\"valueName\":\"search_term_string\"}}],\"inLanguage\":\"es\"},{\"@type\":\"Organization\",\"@id\":\"https:\\\/\\\/cvinoticias.com\\\/v3\\\/#organization\",\"name\":\"CVI NOTICIAS\",\"url\":\"https:\\\/\\\/cvinoticias.com\\\/v3\\\/\",\"logo\":{\"@type\":\"ImageObject\",\"inLanguage\":\"es\",\"@id\":\"https:\\\/\\\/cvinoticias.com\\\/v3\\\/#\\\/schema\\\/logo\\\/image\\\/\",\"url\":\"https:\\\/\\\/cvinoticias.com\\\/wp-content\\\/uploads\\\/2023\\\/04\\\/cropped-cropped-cropped-cropped-cropped-3-1.png\",\"contentUrl\":\"https:\\\/\\\/cvinoticias.com\\\/wp-content\\\/uploads\\\/2023\\\/04\\\/cropped-cropped-cropped-cropped-cropped-3-1.png\",\"width\":95,\"height\":122,\"caption\":\"CVI NOTICIAS\"},\"image\":{\"@id\":\"https:\\\/\\\/cvinoticias.com\\\/v3\\\/#\\\/schema\\\/logo\\\/image\\\/\"},\"sameAs\":[\"https:\\\/\\\/www.facebook.com\\\/cvinoticias\",\"https:\\\/\\\/www.instagram.com\\\/cvinoticias\\\/\",\"https:\\\/\\\/www.youtube.com\\\/@CVINOTICIAS\"]},{\"@type\":\"Person\",\"@id\":\"https:\\\/\\\/cvinoticias.com\\\/v3\\\/#\\\/schema\\\/person\\\/2db77e3c6bc03c538495d7b2b8be9b66\",\"name\":\"f1000024\",\"image\":{\"@type\":\"ImageObject\",\"inLanguage\":\"es\",\"@id\":\"https:\\\/\\\/secure.gravatar.com\\\/avatar\\\/d4fe7459cfc51ff5129ce1a732bbef5928568b8092d412ef95611616376bbeed?s=96&d=mm&r=g\",\"url\":\"https:\\\/\\\/secure.gravatar.com\\\/avatar\\\/d4fe7459cfc51ff5129ce1a732bbef5928568b8092d412ef95611616376bbeed?s=96&d=mm&r=g\",\"contentUrl\":\"https:\\\/\\\/secure.gravatar.com\\\/avatar\\\/d4fe7459cfc51ff5129ce1a732bbef5928568b8092d412ef95611616376bbeed?s=96&d=mm&r=g\",\"caption\":\"f1000024\"},\"url\":\"https:\\\/\\\/cvinoticias.com\\\/v3\\\/author\\\/f1000024\\\/\"}]}<\/script>\n<!-- \/ Yoast SEO plugin. -->","yoast_head_json":{"title":"Avanzan los proyectos para agilizar el paso fronterizo en Iguaz\u00fa | CVI NOTICIAS","description":"Avanzan los proyectos para agilizar el paso fronterizo en Puerto Iguaz\u00fa con nuevas medidas tecnol\u00f3gicas.","robots":{"index":"index","follow":"follow","max-snippet":"max-snippet:-1","max-image-preview":"max-image-preview:large","max-video-preview":"max-video-preview:-1"},"canonical":"https:\/\/cvinoticias.com\/v3\/avanzan-los-proyectos-para-agilizar-el-paso-fronterizo-en-puerto-iguazu\/","og_locale":"es_ES","og_type":"article","og_title":"Avanzan los proyectos para agilizar el paso fronterizo en Iguaz\u00fa | CVI NOTICIAS","og_description":"Avanzan los proyectos para agilizar el paso fronterizo en Puerto Iguaz\u00fa con nuevas medidas tecnol\u00f3gicas.","og_url":"https:\/\/cvinoticias.com\/v3\/avanzan-los-proyectos-para-agilizar-el-paso-fronterizo-en-puerto-iguazu\/","og_site_name":"CVI NOTICIAS","article_publisher":"https:\/\/www.facebook.com\/cvinoticias","article_published_time":"2025-04-07T15:44:51+00:00","article_modified_time":"2025-04-07T15:44:53+00:00","og_image":[{"width":2560,"height":1441,"url":"https:\/\/cvinoticias.com\/wp-content\/uploads\/2025\/04\/IMG-20250407-WA0046-scaled.jpg","type":"image\/jpeg"}],"author":"f1000024","twitter_card":"summary_large_image","twitter_misc":{"Escrito por":"f1000024","Tiempo de lectura":"2 minutos"},"schema":{"@context":"https:\/\/schema.org","@graph":[{"@type":"Article","@id":"https:\/\/cvinoticias.com\/v3\/avanzan-los-proyectos-para-agilizar-el-paso-fronterizo-en-puerto-iguazu\/#article","isPartOf":{"@id":"https:\/\/cvinoticias.com\/v3\/avanzan-los-proyectos-para-agilizar-el-paso-fronterizo-en-puerto-iguazu\/"},"author":{"name":"f1000024","@id":"https:\/\/cvinoticias.com\/v3\/#\/schema\/person\/2db77e3c6bc03c538495d7b2b8be9b66"},"headline":"Avanzan los proyectos para agilizar el paso fronterizo en Puerto Iguaz\u00fa","datePublished":"2025-04-07T15:44:51+00:00","dateModified":"2025-04-07T15:44:53+00:00","mainEntityOfPage":{"@id":"https:\/\/cvinoticias.com\/v3\/avanzan-los-proyectos-para-agilizar-el-paso-fronterizo-en-puerto-iguazu\/"},"wordCount":261,"commentCount":0,"publisher":{"@id":"https:\/\/cvinoticias.com\/v3\/#organization"},"image":{"@id":"https:\/\/cvinoticias.com\/v3\/avanzan-los-proyectos-para-agilizar-el-paso-fronterizo-en-puerto-iguazu\/#primaryimage"},"thumbnailUrl":"https:\/\/cvinoticias.com\/wp-content\/uploads\/2025\/04\/IMG-20250407-WA0046-scaled.jpg","keywords":["Iguaz\u00fa","Paso fronterizo","Proyectos"],"articleSection":["Triple Frontera"],"inLanguage":"es","potentialAction":[{"@type":"CommentAction","name":"Comment","target":["https:\/\/cvinoticias.com\/v3\/avanzan-los-proyectos-para-agilizar-el-paso-fronterizo-en-puerto-iguazu\/#respond"]}]},{"@type":"WebPage","@id":"https:\/\/cvinoticias.com\/v3\/avanzan-los-proyectos-para-agilizar-el-paso-fronterizo-en-puerto-iguazu\/","url":"https:\/\/cvinoticias.com\/v3\/avanzan-los-proyectos-para-agilizar-el-paso-fronterizo-en-puerto-iguazu\/","name":"Avanzan los proyectos para agilizar el paso fronterizo en Iguaz\u00fa | CVI NOTICIAS","isPartOf":{"@id":"https:\/\/cvinoticias.com\/v3\/#website"},"primaryImageOfPage":{"@id":"https:\/\/cvinoticias.com\/v3\/avanzan-los-proyectos-para-agilizar-el-paso-fronterizo-en-puerto-iguazu\/#primaryimage"},"image":{"@id":"https:\/\/cvinoticias.com\/v3\/avanzan-los-proyectos-para-agilizar-el-paso-fronterizo-en-puerto-iguazu\/#primaryimage"},"thumbnailUrl":"https:\/\/cvinoticias.com\/wp-content\/uploads\/2025\/04\/IMG-20250407-WA0046-scaled.jpg","datePublished":"2025-04-07T15:44:51+00:00","dateModified":"2025-04-07T15:44:53+00:00","description":"Avanzan los proyectos para agilizar el paso fronterizo en Puerto Iguaz\u00fa con nuevas medidas tecnol\u00f3gicas.","breadcrumb":{"@id":"https:\/\/cvinoticias.com\/v3\/avanzan-los-proyectos-para-agilizar-el-paso-fronterizo-en-puerto-iguazu\/#breadcrumb"},"inLanguage":"es","potentialAction":[{"@type":"ReadAction","target":["https:\/\/cvinoticias.com\/v3\/avanzan-los-proyectos-para-agilizar-el-paso-fronterizo-en-puerto-iguazu\/"]}]},{"@type":"ImageObject","inLanguage":"es","@id":"https:\/\/cvinoticias.com\/v3\/avanzan-los-proyectos-para-agilizar-el-paso-fronterizo-en-puerto-iguazu\/#primaryimage","url":"https:\/\/cvinoticias.com\/wp-content\/uploads\/2025\/04\/IMG-20250407-WA0046-scaled.jpg","contentUrl":"https:\/\/cvinoticias.com\/wp-content\/uploads\/2025\/04\/IMG-20250407-WA0046-scaled.jpg","width":2560,"height":1441},{"@type":"BreadcrumbList","@id":"https:\/\/cvinoticias.com\/v3\/avanzan-los-proyectos-para-agilizar-el-paso-fronterizo-en-puerto-iguazu\/#breadcrumb","itemListElement":[{"@type":"ListItem","position":1,"name":"Portada","item":"https:\/\/cvinoticias.com\/v3\/"},{"@type":"ListItem","position":2,"name":"Avanzan los proyectos para agilizar el paso fronterizo en Puerto Iguaz\u00fa"}]},{"@type":"WebSite","@id":"https:\/\/cvinoticias.com\/v3\/#website","url":"https:\/\/cvinoticias.com\/v3\/","name":"CVI NOTICIAS","description":"","publisher":{"@id":"https:\/\/cvinoticias.com\/v3\/#organization"},"alternateName":"CVI","potentialAction":[{"@type":"SearchAction","target":{"@type":"EntryPoint","urlTemplate":"https:\/\/cvinoticias.com\/v3\/?s={search_term_string}"},"query-input":{"@type":"PropertyValueSpecification","valueRequired":true,"valueName":"search_term_string"}}],"inLanguage":"es"},{"@type":"Organization","@id":"https:\/\/cvinoticias.com\/v3\/#organization","name":"CVI NOTICIAS","url":"https:\/\/cvinoticias.com\/v3\/","logo":{"@type":"ImageObject","inLanguage":"es","@id":"https:\/\/cvinoticias.com\/v3\/#\/schema\/logo\/image\/","url":"https:\/\/cvinoticias.com\/wp-content\/uploads\/2023\/04\/cropped-cropped-cropped-cropped-cropped-3-1.png","contentUrl":"https:\/\/cvinoticias.com\/wp-content\/uploads\/2023\/04\/cropped-cropped-cropped-cropped-cropped-3-1.png","width":95,"height":122,"caption":"CVI NOTICIAS"},"image":{"@id":"https:\/\/cvinoticias.com\/v3\/#\/schema\/logo\/image\/"},"sameAs":["https:\/\/www.facebook.com\/cvinoticias","https:\/\/www.instagram.com\/cvinoticias\/","https:\/\/www.youtube.com\/@CVINOTICIAS"]},{"@type":"Person","@id":"https:\/\/cvinoticias.com\/v3\/#\/schema\/person\/2db77e3c6bc03c538495d7b2b8be9b66","name":"f1000024","image":{"@type":"ImageObject","inLanguage":"es","@id":"https:\/\/secure.gravatar.com\/avatar\/d4fe7459cfc51ff5129ce1a732bbef5928568b8092d412ef95611616376bbeed?s=96&d=mm&r=g","url":"https:\/\/secure.gravatar.com\/avatar\/d4fe7459cfc51ff5129ce1a732bbef5928568b8092d412ef95611616376bbeed?s=96&d=mm&r=g","contentUrl":"https:\/\/secure.gravatar.com\/avatar\/d4fe7459cfc51ff5129ce1a732bbef5928568b8092d412ef95611616376bbeed?s=96&d=mm&r=g","caption":"f1000024"},"url":"https:\/\/cvinoticias.com\/v3\/author\/f1000024\/"}]}},"_links":{"self":[{"href":"https:\/\/cvinoticias.com\/v3\/wp-json\/wp\/v2\/posts\/41159","targetHints":{"allow":["GET"]}}],"collection":[{"href":"https:\/\/cvinoticias.com\/v3\/wp-json\/wp\/v2\/posts"}],"about":[{"href":"https:\/\/cvinoticias.com\/v3\/wp-json\/wp\/v2\/types\/post"}],"author":[{"embeddable":true,"href":"https:\/\/cvinoticias.com\/v3\/wp-json\/wp\/v2\/users\/2"}],"replies":[{"embeddable":true,"href":"https:\/\/cvinoticias.com\/v3\/wp-json\/wp\/v2\/comments?post=41159"}],"version-history":[{"count":1,"href":"https:\/\/cvinoticias.com\/v3\/wp-json\/wp\/v2\/posts\/41159\/revisions"}],"predecessor-version":[{"id":41163,"href":"https:\/\/cvinoticias.com\/v3\/wp-json\/wp\/v2\/posts\/41159\/revisions\/41163"}],"wp:featuredmedia":[{"embeddable":true,"href":"https:\/\/cvinoticias.com\/v3\/wp-json\/wp\/v2\/media\/41160"}],"wp:attachment":[{"href":"https:\/\/cvinoticias.com\/v3\/wp-json\/wp\/v2\/media?parent=41159"}],"wp:term":[{"taxonomy":"category","embeddable":true,"href":"https:\/\/cvinoticias.com\/v3\/wp-json\/wp\/v2\/categories?post=41159"},{"taxonomy":"post_tag","embeddable":true,"href":"https:\/\/cvinoticias.com\/v3\/wp-json\/wp\/v2\/tags?post=41159"}],"curies":[{"name":"wp","href":"https:\/\/api.w.org\/{rel}","templated":true}]}}