{"id":40834,"date":"2025-04-02T09:09:30","date_gmt":"2025-04-02T12:09:30","guid":{"rendered":"https:\/\/cvinoticias.com\/v3\/?p=40834"},"modified":"2025-04-02T09:11:18","modified_gmt":"2025-04-02T12:11:18","slug":"las-razones-por-las-cuales-el-tribunal-penal-no-1-restringe-el-acceso-a-las-sesiones-del-juicio-a-los-kiczka","status":"publish","type":"post","link":"https:\/\/cvinoticias.com\/v3\/las-razones-por-las-cuales-el-tribunal-penal-no-1-restringe-el-acceso-a-las-sesiones-del-juicio-a-los-kiczka\/","title":{"rendered":"Las razones por las cuales el Tribunal Penal N\u00ba 1 restringe el acceso a las sesiones del juicio a los Kiczka"},"content":{"rendered":"\n<p>El Tribunal Penal de Posadas determin\u00f3 que solo permitir\u00e1 el acceso p\u00fablico a la primera y a la \u00faltima sesi\u00f3n del juicio contra el diputado puertista Germ\u00e1n Kiczka y su hermano Sebasti\u00e1n. Algunos medios de comunicaci\u00f3n han criticado esta decisi\u00f3n, alegando que atenta contra la transparencia judicial. Sin embargo, la resoluci\u00f3n se basa en normas nacionales e internacionales que buscan proteger a las v\u00edctimas de delitos contra la integridad sexual. La aplicaci\u00f3n de las&nbsp;<strong>Reglas de Heredia<\/strong>&nbsp;y la Ley 27.372 justifica la medida, garantizando un proceso justo y resguardando la privacidad de los afectados.<\/p>\n\n\n\n<p>El Tribunal Penal de Posadas fundament\u00f3 su decisi\u00f3n en la necesidad de equilibrar el principio de publicidad de los actos jurisdiccionales con la protecci\u00f3n de la privacidad de las v\u00edctimas. La resoluci\u00f3n judicial sostiene que la exposici\u00f3n medi\u00e1tica podr\u00eda afectar la dignidad de los involucrados, especialmente en casos de delitos contra la integridad sexual.<\/p>\n\n\n\n<figure class=\"wp-block-image\"><img decoding=\"async\" data-src=\"https:\/\/www.canal12misiones.com\/wp-content\/uploads\/2025\/03\/caso-kiczka-4-1024x683.jpg\" alt=\"Tribunal Penal Posadas\" class=\"wp-image-483415 lazyload\" src=\"data:image\/svg+xml;base64,PHN2ZyB3aWR0aD0iMSIgaGVpZ2h0PSIxIiB4bWxucz0iaHR0cDovL3d3dy53My5vcmcvMjAwMC9zdmciPjwvc3ZnPg==\" style=\"--smush-placeholder-width: 1024px; --smush-placeholder-aspect-ratio: 1024\/683;\" \/><\/figure>\n\n\n\n<hr class=\"wp-block-separator has-alpha-channel-opacity\"\/>\n\n\n\n<h3 class=\"wp-block-heading\"><strong>La resoluci\u00f3n del Tribunal<\/strong>&nbsp;Penal N\u00b01 de Posadas<\/h3>\n\n\n\n<p>Seg\u00fan el Tribunal, la Ley 27.372 de Derechos y Garant\u00edas de las Personas V\u00edctimas de Delitos establece que deben evitarse situaciones de revictimizaci\u00f3n. La norma garantiza el derecho a un trato digno y respetuoso. La resoluci\u00f3n tambi\u00e9n cita el art\u00edculo 380 del C\u00f3digo Procesal Penal, que permite restringir la publicidad de audiencias cuando pueda verse afectada la moral o la seguridad p\u00fablica.<\/p>\n\n\n\n<p>Adem\u00e1s, se orden\u00f3 la anonimizaci\u00f3n de los nombres de las presuntas v\u00edctimas en todas las resoluciones y registros p\u00fablicos, con el fin de evitar cualquier tipo de exposici\u00f3n innecesaria que pueda resultar perjudicial para ellas. Esta medida es fundamental para garantizar la protecci\u00f3n de sus derechos y evitar una nueva vulneraci\u00f3n a su integridad.<\/p>\n\n\n\n<h3 class=\"wp-block-heading\"><strong>Origen y objetivos de las Reglas de Heredia<\/strong><\/h3>\n\n\n\n<p>Las Reglas de Heredia surgieron en 2003 durante la \u201cConferencia de Ministros de Justicia de los Pa\u00edses Iberoamericanos\u201d en Heredia, Costa Rica. Este conjunto de normas busca estandarizar la protecci\u00f3n de v\u00edctimas y testigos en los procesos penales, asegurando que no sean revictimizados ni expuestos innecesariamente.<\/p>\n\n\n\n<p>El consenso internacional reconoci\u00f3 la necesidad de adaptar los sistemas judiciales para proteger los derechos de quienes han sufrido delitos graves, en particular los delitos de violencia sexual. Las reglas establecen lineamientos claros para evitar que los procedimientos judiciales se conviertan en una nueva fuente de sufrimiento para las v\u00edctimas.<\/p>\n\n\n\n<h3 class=\"wp-block-heading\"><strong>Las Reglas de Heredia<\/strong>&nbsp;que tuvo en cuenta por el Tribunal Penal de Posadas<\/h3>\n\n\n\n<p>Algunas disposiciones clave de las Reglas de Heredia que se relacionan de manera directa con el juicio al diputado puertista Germ\u00e1n Kiczka y su hermano Sebasti\u00e1n establecen que:<\/p>\n\n\n\n<p>Quinta regla: \u201c<em>Se deber\u00e1 procurar que las v\u00edctimas de delitos de violencia sexual no sean expuestas a una innecesaria publicidad ni a la repetici\u00f3n de sus testimonios m\u00e1s all\u00e1 de lo estrictamente indispensable para el cumplimiento de los fines del proceso penal<\/em>\u201c.<\/p>\n\n\n\n<p>Sexta regla: \u201c<em>La transparencia de los procesos penales s\u00f3lo debe prevalecer sobre la protecci\u00f3n de la v\u00edctima cuando el involucrado tenga notoriedad p\u00fablica y el caso est\u00e9 vinculado con su actividad p\u00fablica<\/em>\u201c.<\/p>\n\n\n\n<p>S\u00e9ptima regla: \u201c<em>Los registros judiciales deber\u00e1n mantener el anonimato de las v\u00edctimas y testigos en los casos en que su divulgaci\u00f3n pueda representar un peligro para su integridad o dignidad<\/em>\u201c.<\/p>\n\n\n\n<p>El Tribunal Penal de Posadas aplic\u00f3 estos principios para justificar la restricci\u00f3n parcial del acceso p\u00fablico, asegurando la integridad de las v\u00edctimas y cumpliendo con los est\u00e1ndares internacionales de derechos humanos.<\/p>\n\n\n\n<h3 class=\"wp-block-heading\"><strong>Un precedente para casos similares<\/strong><\/h3>\n\n\n\n<p>La decisi\u00f3n del Tribunal Penal de Posadas sienta un precedente en la provincia para casos que involucren delitos de car\u00e1cter sensible. Responde a un marco normativo que busca proteger la intimidad sin afectar el derecho a la informaci\u00f3n.<\/p>\n\n\n\n<p>Los medios de comunicaci\u00f3n pueden acceder a la informaci\u00f3n clave del proceso sin vulnerar los derechos de las v\u00edctimas. La restricci\u00f3n de audiencias no implica opacidad, sino un ejercicio responsable de la administraci\u00f3n de justicia.<\/p>\n\n\n\n<p>Fuente: Canal 12 Misiones <a href=\"https:\/\/chat.whatsapp.com\/GY1d6ARPw2O65D2FdUrah6\" target=\"_blank\" rel=\"noreferrer noopener\"><\/a><\/p>\n","protected":false},"excerpt":{"rendered":"<p>El Tribunal Penal de Posadas determin\u00f3 que solo permitir\u00e1 el acceso p\u00fablico a la primera y a la \u00faltima sesi\u00f3n del juicio contra el diputado puertista Germ\u00e1n Kiczka y su hermano Sebasti\u00e1n. Algunos medios de comunicaci\u00f3n han criticado esta decisi\u00f3n, alegando que atenta contra la transparencia judicial. Sin embargo, la resoluci\u00f3n se basa en normas [&hellip;]<\/p>\n","protected":false},"author":2,"featured_media":40836,"comment_status":"open","ping_status":"open","sticky":false,"template":"","format":"standard","meta":{"footnotes":""},"categories":[37,455],"tags":[1754,1770,1756],"class_list":["post-40834","post","type-post","status-publish","format-standard","has-post-thumbnail","hentry","category-justicia","category-misiones","tag-juicio","tag-kiczka","tag-pedofilia"],"yoast_head":"<!-- This site is optimized with the Yoast SEO plugin v27.5 - https:\/\/yoast.com\/product\/yoast-seo-wordpress\/ -->\n<title>Restringen el acceso a Juicio contra los hermanos Kiczka | CVI NOTICIAS<\/title>\n<meta name=\"description\" content=\"Restricci\u00f3n de acceso publico al juicio Kiczka el Tribunal Penal de Posadas prioriza la protecci\u00f3n de v\u00edctimas\" \/>\n<meta name=\"robots\" content=\"index, follow, max-snippet:-1, max-image-preview:large, max-video-preview:-1\" \/>\n<link rel=\"canonical\" href=\"https:\/\/cvinoticias.com\/v3\/las-razones-por-las-cuales-el-tribunal-penal-no-1-restringe-el-acceso-a-las-sesiones-del-juicio-a-los-kiczka\/\" \/>\n<meta property=\"og:locale\" content=\"es_ES\" \/>\n<meta property=\"og:type\" content=\"article\" \/>\n<meta property=\"og:title\" content=\"Restringen el acceso a Juicio contra los hermanos Kiczka | CVI NOTICIAS\" \/>\n<meta property=\"og:description\" content=\"Restricci\u00f3n de acceso publico al juicio Kiczka el Tribunal Penal de Posadas prioriza la protecci\u00f3n de v\u00edctimas\" \/>\n<meta property=\"og:url\" content=\"https:\/\/cvinoticias.com\/v3\/las-razones-por-las-cuales-el-tribunal-penal-no-1-restringe-el-acceso-a-las-sesiones-del-juicio-a-los-kiczka\/\" \/>\n<meta property=\"og:site_name\" content=\"CVI NOTICIAS\" \/>\n<meta property=\"article:publisher\" content=\"https:\/\/www.facebook.com\/cvinoticias\" \/>\n<meta property=\"article:published_time\" content=\"2025-04-02T12:09:30+00:00\" \/>\n<meta property=\"article:modified_time\" content=\"2025-04-02T12:11:18+00:00\" \/>\n<meta property=\"og:image\" content=\"https:\/\/cvinoticias.com\/wp-content\/uploads\/2025\/04\/Palacio-de-Justicia-de-Misiones-31-de-marzo-de-2025-Juicio-a-los-hermanos-Kiczka-Foto-Marcos-Otano-1089x730-1.jpg\" \/>\n\t<meta property=\"og:image:width\" content=\"1089\" \/>\n\t<meta property=\"og:image:height\" content=\"730\" \/>\n\t<meta property=\"og:image:type\" content=\"image\/jpeg\" \/>\n<meta name=\"author\" content=\"f1000024\" \/>\n<meta name=\"twitter:card\" content=\"summary_large_image\" \/>\n<meta name=\"twitter:label1\" content=\"Escrito por\" \/>\n\t<meta name=\"twitter:data1\" content=\"f1000024\" \/>\n\t<meta name=\"twitter:label2\" content=\"Tiempo de lectura\" \/>\n\t<meta name=\"twitter:data2\" content=\"4 minutos\" \/>\n<script type=\"application\/ld+json\" class=\"yoast-schema-graph\">{\"@context\":\"https:\\\/\\\/schema.org\",\"@graph\":[{\"@type\":\"Article\",\"@id\":\"https:\\\/\\\/cvinoticias.com\\\/v3\\\/las-razones-por-las-cuales-el-tribunal-penal-no-1-restringe-el-acceso-a-las-sesiones-del-juicio-a-los-kiczka\\\/#article\",\"isPartOf\":{\"@id\":\"https:\\\/\\\/cvinoticias.com\\\/v3\\\/las-razones-por-las-cuales-el-tribunal-penal-no-1-restringe-el-acceso-a-las-sesiones-del-juicio-a-los-kiczka\\\/\"},\"author\":{\"name\":\"f1000024\",\"@id\":\"https:\\\/\\\/cvinoticias.com\\\/v3\\\/#\\\/schema\\\/person\\\/2db77e3c6bc03c538495d7b2b8be9b66\"},\"headline\":\"Las razones por las cuales el Tribunal Penal N\u00ba 1 restringe el acceso a las sesiones del juicio a los Kiczka\",\"datePublished\":\"2025-04-02T12:09:30+00:00\",\"dateModified\":\"2025-04-02T12:11:18+00:00\",\"mainEntityOfPage\":{\"@id\":\"https:\\\/\\\/cvinoticias.com\\\/v3\\\/las-razones-por-las-cuales-el-tribunal-penal-no-1-restringe-el-acceso-a-las-sesiones-del-juicio-a-los-kiczka\\\/\"},\"wordCount\":718,\"commentCount\":0,\"publisher\":{\"@id\":\"https:\\\/\\\/cvinoticias.com\\\/v3\\\/#organization\"},\"image\":{\"@id\":\"https:\\\/\\\/cvinoticias.com\\\/v3\\\/las-razones-por-las-cuales-el-tribunal-penal-no-1-restringe-el-acceso-a-las-sesiones-del-juicio-a-los-kiczka\\\/#primaryimage\"},\"thumbnailUrl\":\"https:\\\/\\\/cvinoticias.com\\\/wp-content\\\/uploads\\\/2025\\\/04\\\/Palacio-de-Justicia-de-Misiones-31-de-marzo-de-2025-Juicio-a-los-hermanos-Kiczka-Foto-Marcos-Otano-1089x730-1.jpg\",\"keywords\":[\"Juicio\",\"Kiczka\",\"Pedofilia\"],\"articleSection\":[\"Justicia\",\"Misiones\"],\"inLanguage\":\"es\",\"potentialAction\":[{\"@type\":\"CommentAction\",\"name\":\"Comment\",\"target\":[\"https:\\\/\\\/cvinoticias.com\\\/v3\\\/las-razones-por-las-cuales-el-tribunal-penal-no-1-restringe-el-acceso-a-las-sesiones-del-juicio-a-los-kiczka\\\/#respond\"]}]},{\"@type\":\"WebPage\",\"@id\":\"https:\\\/\\\/cvinoticias.com\\\/v3\\\/las-razones-por-las-cuales-el-tribunal-penal-no-1-restringe-el-acceso-a-las-sesiones-del-juicio-a-los-kiczka\\\/\",\"url\":\"https:\\\/\\\/cvinoticias.com\\\/v3\\\/las-razones-por-las-cuales-el-tribunal-penal-no-1-restringe-el-acceso-a-las-sesiones-del-juicio-a-los-kiczka\\\/\",\"name\":\"Restringen el acceso a Juicio contra los hermanos Kiczka | CVI NOTICIAS\",\"isPartOf\":{\"@id\":\"https:\\\/\\\/cvinoticias.com\\\/v3\\\/#website\"},\"primaryImageOfPage\":{\"@id\":\"https:\\\/\\\/cvinoticias.com\\\/v3\\\/las-razones-por-las-cuales-el-tribunal-penal-no-1-restringe-el-acceso-a-las-sesiones-del-juicio-a-los-kiczka\\\/#primaryimage\"},\"image\":{\"@id\":\"https:\\\/\\\/cvinoticias.com\\\/v3\\\/las-razones-por-las-cuales-el-tribunal-penal-no-1-restringe-el-acceso-a-las-sesiones-del-juicio-a-los-kiczka\\\/#primaryimage\"},\"thumbnailUrl\":\"https:\\\/\\\/cvinoticias.com\\\/wp-content\\\/uploads\\\/2025\\\/04\\\/Palacio-de-Justicia-de-Misiones-31-de-marzo-de-2025-Juicio-a-los-hermanos-Kiczka-Foto-Marcos-Otano-1089x730-1.jpg\",\"datePublished\":\"2025-04-02T12:09:30+00:00\",\"dateModified\":\"2025-04-02T12:11:18+00:00\",\"description\":\"Restricci\u00f3n de acceso publico al juicio Kiczka el Tribunal Penal de Posadas prioriza la protecci\u00f3n de v\u00edctimas\",\"breadcrumb\":{\"@id\":\"https:\\\/\\\/cvinoticias.com\\\/v3\\\/las-razones-por-las-cuales-el-tribunal-penal-no-1-restringe-el-acceso-a-las-sesiones-del-juicio-a-los-kiczka\\\/#breadcrumb\"},\"inLanguage\":\"es\",\"potentialAction\":[{\"@type\":\"ReadAction\",\"target\":[\"https:\\\/\\\/cvinoticias.com\\\/v3\\\/las-razones-por-las-cuales-el-tribunal-penal-no-1-restringe-el-acceso-a-las-sesiones-del-juicio-a-los-kiczka\\\/\"]}]},{\"@type\":\"ImageObject\",\"inLanguage\":\"es\",\"@id\":\"https:\\\/\\\/cvinoticias.com\\\/v3\\\/las-razones-por-las-cuales-el-tribunal-penal-no-1-restringe-el-acceso-a-las-sesiones-del-juicio-a-los-kiczka\\\/#primaryimage\",\"url\":\"https:\\\/\\\/cvinoticias.com\\\/wp-content\\\/uploads\\\/2025\\\/04\\\/Palacio-de-Justicia-de-Misiones-31-de-marzo-de-2025-Juicio-a-los-hermanos-Kiczka-Foto-Marcos-Otano-1089x730-1.jpg\",\"contentUrl\":\"https:\\\/\\\/cvinoticias.com\\\/wp-content\\\/uploads\\\/2025\\\/04\\\/Palacio-de-Justicia-de-Misiones-31-de-marzo-de-2025-Juicio-a-los-hermanos-Kiczka-Foto-Marcos-Otano-1089x730-1.jpg\",\"width\":1089,\"height\":730},{\"@type\":\"BreadcrumbList\",\"@id\":\"https:\\\/\\\/cvinoticias.com\\\/v3\\\/las-razones-por-las-cuales-el-tribunal-penal-no-1-restringe-el-acceso-a-las-sesiones-del-juicio-a-los-kiczka\\\/#breadcrumb\",\"itemListElement\":[{\"@type\":\"ListItem\",\"position\":1,\"name\":\"Portada\",\"item\":\"https:\\\/\\\/cvinoticias.com\\\/v3\\\/\"},{\"@type\":\"ListItem\",\"position\":2,\"name\":\"Las razones por las cuales el Tribunal Penal N\u00ba 1 restringe el acceso a las sesiones del juicio a los Kiczka\"}]},{\"@type\":\"WebSite\",\"@id\":\"https:\\\/\\\/cvinoticias.com\\\/v3\\\/#website\",\"url\":\"https:\\\/\\\/cvinoticias.com\\\/v3\\\/\",\"name\":\"CVI NOTICIAS\",\"description\":\"\",\"publisher\":{\"@id\":\"https:\\\/\\\/cvinoticias.com\\\/v3\\\/#organization\"},\"alternateName\":\"CVI\",\"potentialAction\":[{\"@type\":\"SearchAction\",\"target\":{\"@type\":\"EntryPoint\",\"urlTemplate\":\"https:\\\/\\\/cvinoticias.com\\\/v3\\\/?s={search_term_string}\"},\"query-input\":{\"@type\":\"PropertyValueSpecification\",\"valueRequired\":true,\"valueName\":\"search_term_string\"}}],\"inLanguage\":\"es\"},{\"@type\":\"Organization\",\"@id\":\"https:\\\/\\\/cvinoticias.com\\\/v3\\\/#organization\",\"name\":\"CVI NOTICIAS\",\"url\":\"https:\\\/\\\/cvinoticias.com\\\/v3\\\/\",\"logo\":{\"@type\":\"ImageObject\",\"inLanguage\":\"es\",\"@id\":\"https:\\\/\\\/cvinoticias.com\\\/v3\\\/#\\\/schema\\\/logo\\\/image\\\/\",\"url\":\"https:\\\/\\\/cvinoticias.com\\\/wp-content\\\/uploads\\\/2023\\\/04\\\/cropped-cropped-cropped-cropped-cropped-3-1.png\",\"contentUrl\":\"https:\\\/\\\/cvinoticias.com\\\/wp-content\\\/uploads\\\/2023\\\/04\\\/cropped-cropped-cropped-cropped-cropped-3-1.png\",\"width\":95,\"height\":122,\"caption\":\"CVI NOTICIAS\"},\"image\":{\"@id\":\"https:\\\/\\\/cvinoticias.com\\\/v3\\\/#\\\/schema\\\/logo\\\/image\\\/\"},\"sameAs\":[\"https:\\\/\\\/www.facebook.com\\\/cvinoticias\",\"https:\\\/\\\/www.instagram.com\\\/cvinoticias\\\/\",\"https:\\\/\\\/www.youtube.com\\\/@CVINOTICIAS\"]},{\"@type\":\"Person\",\"@id\":\"https:\\\/\\\/cvinoticias.com\\\/v3\\\/#\\\/schema\\\/person\\\/2db77e3c6bc03c538495d7b2b8be9b66\",\"name\":\"f1000024\",\"image\":{\"@type\":\"ImageObject\",\"inLanguage\":\"es\",\"@id\":\"https:\\\/\\\/secure.gravatar.com\\\/avatar\\\/d4fe7459cfc51ff5129ce1a732bbef5928568b8092d412ef95611616376bbeed?s=96&d=mm&r=g\",\"url\":\"https:\\\/\\\/secure.gravatar.com\\\/avatar\\\/d4fe7459cfc51ff5129ce1a732bbef5928568b8092d412ef95611616376bbeed?s=96&d=mm&r=g\",\"contentUrl\":\"https:\\\/\\\/secure.gravatar.com\\\/avatar\\\/d4fe7459cfc51ff5129ce1a732bbef5928568b8092d412ef95611616376bbeed?s=96&d=mm&r=g\",\"caption\":\"f1000024\"},\"url\":\"https:\\\/\\\/cvinoticias.com\\\/v3\\\/author\\\/f1000024\\\/\"}]}<\/script>\n<!-- \/ Yoast SEO plugin. -->","yoast_head_json":{"title":"Restringen el acceso a Juicio contra los hermanos Kiczka | CVI NOTICIAS","description":"Restricci\u00f3n de acceso publico al juicio Kiczka el Tribunal Penal de Posadas prioriza la protecci\u00f3n de v\u00edctimas","robots":{"index":"index","follow":"follow","max-snippet":"max-snippet:-1","max-image-preview":"max-image-preview:large","max-video-preview":"max-video-preview:-1"},"canonical":"https:\/\/cvinoticias.com\/v3\/las-razones-por-las-cuales-el-tribunal-penal-no-1-restringe-el-acceso-a-las-sesiones-del-juicio-a-los-kiczka\/","og_locale":"es_ES","og_type":"article","og_title":"Restringen el acceso a Juicio contra los hermanos Kiczka | CVI NOTICIAS","og_description":"Restricci\u00f3n de acceso publico al juicio Kiczka el Tribunal Penal de Posadas prioriza la protecci\u00f3n de v\u00edctimas","og_url":"https:\/\/cvinoticias.com\/v3\/las-razones-por-las-cuales-el-tribunal-penal-no-1-restringe-el-acceso-a-las-sesiones-del-juicio-a-los-kiczka\/","og_site_name":"CVI NOTICIAS","article_publisher":"https:\/\/www.facebook.com\/cvinoticias","article_published_time":"2025-04-02T12:09:30+00:00","article_modified_time":"2025-04-02T12:11:18+00:00","og_image":[{"width":1089,"height":730,"url":"https:\/\/cvinoticias.com\/wp-content\/uploads\/2025\/04\/Palacio-de-Justicia-de-Misiones-31-de-marzo-de-2025-Juicio-a-los-hermanos-Kiczka-Foto-Marcos-Otano-1089x730-1.jpg","type":"image\/jpeg"}],"author":"f1000024","twitter_card":"summary_large_image","twitter_misc":{"Escrito por":"f1000024","Tiempo de lectura":"4 minutos"},"schema":{"@context":"https:\/\/schema.org","@graph":[{"@type":"Article","@id":"https:\/\/cvinoticias.com\/v3\/las-razones-por-las-cuales-el-tribunal-penal-no-1-restringe-el-acceso-a-las-sesiones-del-juicio-a-los-kiczka\/#article","isPartOf":{"@id":"https:\/\/cvinoticias.com\/v3\/las-razones-por-las-cuales-el-tribunal-penal-no-1-restringe-el-acceso-a-las-sesiones-del-juicio-a-los-kiczka\/"},"author":{"name":"f1000024","@id":"https:\/\/cvinoticias.com\/v3\/#\/schema\/person\/2db77e3c6bc03c538495d7b2b8be9b66"},"headline":"Las razones por las cuales el Tribunal Penal N\u00ba 1 restringe el acceso a las sesiones del juicio a los Kiczka","datePublished":"2025-04-02T12:09:30+00:00","dateModified":"2025-04-02T12:11:18+00:00","mainEntityOfPage":{"@id":"https:\/\/cvinoticias.com\/v3\/las-razones-por-las-cuales-el-tribunal-penal-no-1-restringe-el-acceso-a-las-sesiones-del-juicio-a-los-kiczka\/"},"wordCount":718,"commentCount":0,"publisher":{"@id":"https:\/\/cvinoticias.com\/v3\/#organization"},"image":{"@id":"https:\/\/cvinoticias.com\/v3\/las-razones-por-las-cuales-el-tribunal-penal-no-1-restringe-el-acceso-a-las-sesiones-del-juicio-a-los-kiczka\/#primaryimage"},"thumbnailUrl":"https:\/\/cvinoticias.com\/wp-content\/uploads\/2025\/04\/Palacio-de-Justicia-de-Misiones-31-de-marzo-de-2025-Juicio-a-los-hermanos-Kiczka-Foto-Marcos-Otano-1089x730-1.jpg","keywords":["Juicio","Kiczka","Pedofilia"],"articleSection":["Justicia","Misiones"],"inLanguage":"es","potentialAction":[{"@type":"CommentAction","name":"Comment","target":["https:\/\/cvinoticias.com\/v3\/las-razones-por-las-cuales-el-tribunal-penal-no-1-restringe-el-acceso-a-las-sesiones-del-juicio-a-los-kiczka\/#respond"]}]},{"@type":"WebPage","@id":"https:\/\/cvinoticias.com\/v3\/las-razones-por-las-cuales-el-tribunal-penal-no-1-restringe-el-acceso-a-las-sesiones-del-juicio-a-los-kiczka\/","url":"https:\/\/cvinoticias.com\/v3\/las-razones-por-las-cuales-el-tribunal-penal-no-1-restringe-el-acceso-a-las-sesiones-del-juicio-a-los-kiczka\/","name":"Restringen el acceso a Juicio contra los hermanos Kiczka | CVI NOTICIAS","isPartOf":{"@id":"https:\/\/cvinoticias.com\/v3\/#website"},"primaryImageOfPage":{"@id":"https:\/\/cvinoticias.com\/v3\/las-razones-por-las-cuales-el-tribunal-penal-no-1-restringe-el-acceso-a-las-sesiones-del-juicio-a-los-kiczka\/#primaryimage"},"image":{"@id":"https:\/\/cvinoticias.com\/v3\/las-razones-por-las-cuales-el-tribunal-penal-no-1-restringe-el-acceso-a-las-sesiones-del-juicio-a-los-kiczka\/#primaryimage"},"thumbnailUrl":"https:\/\/cvinoticias.com\/wp-content\/uploads\/2025\/04\/Palacio-de-Justicia-de-Misiones-31-de-marzo-de-2025-Juicio-a-los-hermanos-Kiczka-Foto-Marcos-Otano-1089x730-1.jpg","datePublished":"2025-04-02T12:09:30+00:00","dateModified":"2025-04-02T12:11:18+00:00","description":"Restricci\u00f3n de acceso publico al juicio Kiczka el Tribunal Penal de Posadas prioriza la protecci\u00f3n de v\u00edctimas","breadcrumb":{"@id":"https:\/\/cvinoticias.com\/v3\/las-razones-por-las-cuales-el-tribunal-penal-no-1-restringe-el-acceso-a-las-sesiones-del-juicio-a-los-kiczka\/#breadcrumb"},"inLanguage":"es","potentialAction":[{"@type":"ReadAction","target":["https:\/\/cvinoticias.com\/v3\/las-razones-por-las-cuales-el-tribunal-penal-no-1-restringe-el-acceso-a-las-sesiones-del-juicio-a-los-kiczka\/"]}]},{"@type":"ImageObject","inLanguage":"es","@id":"https:\/\/cvinoticias.com\/v3\/las-razones-por-las-cuales-el-tribunal-penal-no-1-restringe-el-acceso-a-las-sesiones-del-juicio-a-los-kiczka\/#primaryimage","url":"https:\/\/cvinoticias.com\/wp-content\/uploads\/2025\/04\/Palacio-de-Justicia-de-Misiones-31-de-marzo-de-2025-Juicio-a-los-hermanos-Kiczka-Foto-Marcos-Otano-1089x730-1.jpg","contentUrl":"https:\/\/cvinoticias.com\/wp-content\/uploads\/2025\/04\/Palacio-de-Justicia-de-Misiones-31-de-marzo-de-2025-Juicio-a-los-hermanos-Kiczka-Foto-Marcos-Otano-1089x730-1.jpg","width":1089,"height":730},{"@type":"BreadcrumbList","@id":"https:\/\/cvinoticias.com\/v3\/las-razones-por-las-cuales-el-tribunal-penal-no-1-restringe-el-acceso-a-las-sesiones-del-juicio-a-los-kiczka\/#breadcrumb","itemListElement":[{"@type":"ListItem","position":1,"name":"Portada","item":"https:\/\/cvinoticias.com\/v3\/"},{"@type":"ListItem","position":2,"name":"Las razones por las cuales el Tribunal Penal N\u00ba 1 restringe el acceso a las sesiones del juicio a los Kiczka"}]},{"@type":"WebSite","@id":"https:\/\/cvinoticias.com\/v3\/#website","url":"https:\/\/cvinoticias.com\/v3\/","name":"CVI NOTICIAS","description":"","publisher":{"@id":"https:\/\/cvinoticias.com\/v3\/#organization"},"alternateName":"CVI","potentialAction":[{"@type":"SearchAction","target":{"@type":"EntryPoint","urlTemplate":"https:\/\/cvinoticias.com\/v3\/?s={search_term_string}"},"query-input":{"@type":"PropertyValueSpecification","valueRequired":true,"valueName":"search_term_string"}}],"inLanguage":"es"},{"@type":"Organization","@id":"https:\/\/cvinoticias.com\/v3\/#organization","name":"CVI NOTICIAS","url":"https:\/\/cvinoticias.com\/v3\/","logo":{"@type":"ImageObject","inLanguage":"es","@id":"https:\/\/cvinoticias.com\/v3\/#\/schema\/logo\/image\/","url":"https:\/\/cvinoticias.com\/wp-content\/uploads\/2023\/04\/cropped-cropped-cropped-cropped-cropped-3-1.png","contentUrl":"https:\/\/cvinoticias.com\/wp-content\/uploads\/2023\/04\/cropped-cropped-cropped-cropped-cropped-3-1.png","width":95,"height":122,"caption":"CVI NOTICIAS"},"image":{"@id":"https:\/\/cvinoticias.com\/v3\/#\/schema\/logo\/image\/"},"sameAs":["https:\/\/www.facebook.com\/cvinoticias","https:\/\/www.instagram.com\/cvinoticias\/","https:\/\/www.youtube.com\/@CVINOTICIAS"]},{"@type":"Person","@id":"https:\/\/cvinoticias.com\/v3\/#\/schema\/person\/2db77e3c6bc03c538495d7b2b8be9b66","name":"f1000024","image":{"@type":"ImageObject","inLanguage":"es","@id":"https:\/\/secure.gravatar.com\/avatar\/d4fe7459cfc51ff5129ce1a732bbef5928568b8092d412ef95611616376bbeed?s=96&d=mm&r=g","url":"https:\/\/secure.gravatar.com\/avatar\/d4fe7459cfc51ff5129ce1a732bbef5928568b8092d412ef95611616376bbeed?s=96&d=mm&r=g","contentUrl":"https:\/\/secure.gravatar.com\/avatar\/d4fe7459cfc51ff5129ce1a732bbef5928568b8092d412ef95611616376bbeed?s=96&d=mm&r=g","caption":"f1000024"},"url":"https:\/\/cvinoticias.com\/v3\/author\/f1000024\/"}]}},"_links":{"self":[{"href":"https:\/\/cvinoticias.com\/v3\/wp-json\/wp\/v2\/posts\/40834","targetHints":{"allow":["GET"]}}],"collection":[{"href":"https:\/\/cvinoticias.com\/v3\/wp-json\/wp\/v2\/posts"}],"about":[{"href":"https:\/\/cvinoticias.com\/v3\/wp-json\/wp\/v2\/types\/post"}],"author":[{"embeddable":true,"href":"https:\/\/cvinoticias.com\/v3\/wp-json\/wp\/v2\/users\/2"}],"replies":[{"embeddable":true,"href":"https:\/\/cvinoticias.com\/v3\/wp-json\/wp\/v2\/comments?post=40834"}],"version-history":[{"count":1,"href":"https:\/\/cvinoticias.com\/v3\/wp-json\/wp\/v2\/posts\/40834\/revisions"}],"predecessor-version":[{"id":40837,"href":"https:\/\/cvinoticias.com\/v3\/wp-json\/wp\/v2\/posts\/40834\/revisions\/40837"}],"wp:featuredmedia":[{"embeddable":true,"href":"https:\/\/cvinoticias.com\/v3\/wp-json\/wp\/v2\/media\/40836"}],"wp:attachment":[{"href":"https:\/\/cvinoticias.com\/v3\/wp-json\/wp\/v2\/media?parent=40834"}],"wp:term":[{"taxonomy":"category","embeddable":true,"href":"https:\/\/cvinoticias.com\/v3\/wp-json\/wp\/v2\/categories?post=40834"},{"taxonomy":"post_tag","embeddable":true,"href":"https:\/\/cvinoticias.com\/v3\/wp-json\/wp\/v2\/tags?post=40834"}],"curies":[{"name":"wp","href":"https:\/\/api.w.org\/{rel}","templated":true}]}}