{"id":40763,"date":"2025-03-31T20:05:16","date_gmt":"2025-03-31T23:05:16","guid":{"rendered":"https:\/\/cvinoticias.com\/v3\/?p=40763"},"modified":"2025-03-31T20:05:16","modified_gmt":"2025-03-31T23:05:16","slug":"en-exclusiva-con-cvi-el-intendente-claudio-filippa-hablo-sobre-el-paquete-de-obras-la-tasa-del-abasto-y-el-balance-municipal-del-ano-2023","status":"publish","type":"post","link":"https:\/\/cvinoticias.com\/v3\/en-exclusiva-con-cvi-el-intendente-claudio-filippa-hablo-sobre-el-paquete-de-obras-la-tasa-del-abasto-y-el-balance-municipal-del-ano-2023\/","title":{"rendered":"En exclusiva con CVI: El Intendente Claudio Filippa habl\u00f3 sobre el paquete de obras, la tasa del Abasto y el balance municipal del a\u00f1o 2023"},"content":{"rendered":"\n<p>En una entrevista exclusiva, el intendente de Puerto Iguaz\u00fa, Claudio R. Filippa, revel\u00f3 un importante paquete de obras acordado con el Presidente de la Direcci\u00f3n Provincial de Vialidad (DPV), Ingeniero Sebasti\u00e1n Macias. Este acuerdo incluye trabajos de mantenimiento que abarcan bacheo y repavimentaci\u00f3n de la Avenida San Mart\u00edn, una de las arterias principales del centro de la ciudad. Este proyecto beneficiar\u00e1 directamente a la zona que rodea la plaza San Mart\u00edn, el Juzgado Municipal de Faltas y varios establecimientos educativos cercanos.<\/p>\n\n\n\n<p>Adem\u00e1s, se defini\u00f3 un pr\u00f3ximo plan de trabajo en el marco del programa Pavimento Urbano, que contempla la ejecuci\u00f3n de nuevas cuadras de asfalto sobre empedrado.<\/p>\n\n\n\n<p>En otro orden de temas, el intendente abord\u00f3 el proyecto discutido en el Honorable Concejo Deliberante, que busca la derogaci\u00f3n de la tasa del abasto. Filippa argument\u00f3 que esta tasa es fundamental para la ciudad, ya que permite controlar la mercader\u00eda que ingresa a la ciudad, y los comercios que la reciben, garantizando que los productos que ingresan sean utilizados legalmente y cumplan con los requisitos de salubridad generando una competencia leal, \u00abno tiene impacto en la g\u00f3ndola y es un cr\u00e9dito que se le da a los comercios que luego se le descuenta con el pago de la tasa de comercio correspondiente\u00bb, sostuvo.<\/p>\n\n\n\n<p>Por \u00faltimo, el intendente se refiri\u00f3 a la desaprobaci\u00f3n del Tribunal de Cuentas de la Provincia de Misiones sobre el balance municipal correspondiente al a\u00f1o 2023, donde explic\u00f3 que la desaprobaci\u00f3n se debi\u00f3 a la falta de regularizaci\u00f3n de dos equipos de f\u00fatbol locales, quienes no presentaron la documentaci\u00f3n necesaria en el tiempo adecuado, como tener la personer\u00eda jur\u00eddica y los recibos correspondientes al d\u00eda. \u201cLos clubes deb\u00edan solucionar eso y no lo hicieron. Cuando cerraron el balance, lo desaprobaron por ese tema\u201d, enfatiz\u00f3 el intendente. Sin embargo, asegur\u00f3 que ya se han realizado los descargos formales y que trataran los asuntos administrativos.<\/p>\n","protected":false},"excerpt":{"rendered":"<p>En una entrevista exclusiva, el intendente de Puerto Iguaz\u00fa, Claudio R. Filippa, revel\u00f3 un importante paquete de obras acordado con el Presidente de la Direcci\u00f3n Provincial de Vialidad (DPV), Ingeniero Sebasti\u00e1n Macias. Este acuerdo incluye trabajos de mantenimiento que abarcan bacheo y repavimentaci\u00f3n de la Avenida San Mart\u00edn, una de las arterias principales del centro [&hellip;]<\/p>\n","protected":false},"author":2,"featured_media":40764,"comment_status":"open","ping_status":"open","sticky":false,"template":"","format":"standard","meta":{"footnotes":""},"categories":[917],"tags":[1761,881,331,1664],"class_list":["post-40763","post","type-post","status-publish","format-standard","has-post-thumbnail","hentry","category-gobierno","tag-exclusiva","tag-filippa","tag-gobierno","tag-obras"],"yoast_head":"<!-- This site is optimized with the Yoast SEO plugin v27.5 - https:\/\/yoast.com\/product\/yoast-seo-wordpress\/ -->\n<title>En exclusiva con CVI: El Intendente Claudio Filippa habl\u00f3 sobre el paquete de obras, la tasa del Abasto y el balance municipal del a\u00f1o 2023 | CVI NOTICIAS<\/title>\n<meta name=\"robots\" content=\"index, follow, max-snippet:-1, max-image-preview:large, max-video-preview:-1\" \/>\n<link rel=\"canonical\" href=\"https:\/\/cvinoticias.com\/v3\/en-exclusiva-con-cvi-el-intendente-claudio-filippa-hablo-sobre-el-paquete-de-obras-la-tasa-del-abasto-y-el-balance-municipal-del-ano-2023\/\" \/>\n<meta property=\"og:locale\" content=\"es_ES\" \/>\n<meta property=\"og:type\" content=\"article\" \/>\n<meta property=\"og:title\" content=\"En exclusiva con CVI: El Intendente Claudio Filippa habl\u00f3 sobre el paquete de obras, la tasa del Abasto y el balance municipal del a\u00f1o 2023 | CVI NOTICIAS\" \/>\n<meta property=\"og:description\" content=\"En una entrevista exclusiva, el intendente de Puerto Iguaz\u00fa, Claudio R. Filippa, revel\u00f3 un importante paquete de obras acordado con el Presidente de la Direcci\u00f3n Provincial de Vialidad (DPV), Ingeniero Sebasti\u00e1n Macias. Este acuerdo incluye trabajos de mantenimiento que abarcan bacheo y repavimentaci\u00f3n de la Avenida San Mart\u00edn, una de las arterias principales del centro [&hellip;]\" \/>\n<meta property=\"og:url\" content=\"https:\/\/cvinoticias.com\/v3\/en-exclusiva-con-cvi-el-intendente-claudio-filippa-hablo-sobre-el-paquete-de-obras-la-tasa-del-abasto-y-el-balance-municipal-del-ano-2023\/\" \/>\n<meta property=\"og:site_name\" content=\"CVI NOTICIAS\" \/>\n<meta property=\"article:publisher\" content=\"https:\/\/www.facebook.com\/cvinoticias\" \/>\n<meta property=\"article:published_time\" content=\"2025-03-31T23:05:16+00:00\" \/>\n<meta property=\"og:image\" content=\"https:\/\/cvinoticias.com\/wp-content\/uploads\/2025\/03\/56f49cea-6f07-4d17-8c7b-ad5c9642a624.jpeg\" \/>\n\t<meta property=\"og:image:width\" content=\"1000\" \/>\n\t<meta property=\"og:image:height\" content=\"750\" \/>\n\t<meta property=\"og:image:type\" content=\"image\/jpeg\" \/>\n<meta name=\"author\" content=\"f1000024\" \/>\n<meta name=\"twitter:card\" content=\"summary_large_image\" \/>\n<meta name=\"twitter:label1\" content=\"Escrito por\" \/>\n\t<meta name=\"twitter:data1\" content=\"f1000024\" \/>\n\t<meta name=\"twitter:label2\" content=\"Tiempo de lectura\" \/>\n\t<meta name=\"twitter:data2\" content=\"2 minutos\" \/>\n<script type=\"application\/ld+json\" class=\"yoast-schema-graph\">{\"@context\":\"https:\\\/\\\/schema.org\",\"@graph\":[{\"@type\":\"Article\",\"@id\":\"https:\\\/\\\/cvinoticias.com\\\/v3\\\/en-exclusiva-con-cvi-el-intendente-claudio-filippa-hablo-sobre-el-paquete-de-obras-la-tasa-del-abasto-y-el-balance-municipal-del-ano-2023\\\/#article\",\"isPartOf\":{\"@id\":\"https:\\\/\\\/cvinoticias.com\\\/v3\\\/en-exclusiva-con-cvi-el-intendente-claudio-filippa-hablo-sobre-el-paquete-de-obras-la-tasa-del-abasto-y-el-balance-municipal-del-ano-2023\\\/\"},\"author\":{\"name\":\"f1000024\",\"@id\":\"https:\\\/\\\/cvinoticias.com\\\/v3\\\/#\\\/schema\\\/person\\\/2db77e3c6bc03c538495d7b2b8be9b66\"},\"headline\":\"En exclusiva con CVI: El Intendente Claudio Filippa habl\u00f3 sobre el paquete de obras, la tasa del Abasto y el balance municipal del a\u00f1o 2023\",\"datePublished\":\"2025-03-31T23:05:16+00:00\",\"mainEntityOfPage\":{\"@id\":\"https:\\\/\\\/cvinoticias.com\\\/v3\\\/en-exclusiva-con-cvi-el-intendente-claudio-filippa-hablo-sobre-el-paquete-de-obras-la-tasa-del-abasto-y-el-balance-municipal-del-ano-2023\\\/\"},\"wordCount\":360,\"commentCount\":0,\"publisher\":{\"@id\":\"https:\\\/\\\/cvinoticias.com\\\/v3\\\/#organization\"},\"image\":{\"@id\":\"https:\\\/\\\/cvinoticias.com\\\/v3\\\/en-exclusiva-con-cvi-el-intendente-claudio-filippa-hablo-sobre-el-paquete-de-obras-la-tasa-del-abasto-y-el-balance-municipal-del-ano-2023\\\/#primaryimage\"},\"thumbnailUrl\":\"https:\\\/\\\/cvinoticias.com\\\/wp-content\\\/uploads\\\/2025\\\/03\\\/56f49cea-6f07-4d17-8c7b-ad5c9642a624.jpeg\",\"keywords\":[\"Exclusiva\",\"Filippa\",\"Gobierno\",\"Obras\"],\"articleSection\":[\"Gobierno\"],\"inLanguage\":\"es\",\"potentialAction\":[{\"@type\":\"CommentAction\",\"name\":\"Comment\",\"target\":[\"https:\\\/\\\/cvinoticias.com\\\/v3\\\/en-exclusiva-con-cvi-el-intendente-claudio-filippa-hablo-sobre-el-paquete-de-obras-la-tasa-del-abasto-y-el-balance-municipal-del-ano-2023\\\/#respond\"]}]},{\"@type\":\"WebPage\",\"@id\":\"https:\\\/\\\/cvinoticias.com\\\/v3\\\/en-exclusiva-con-cvi-el-intendente-claudio-filippa-hablo-sobre-el-paquete-de-obras-la-tasa-del-abasto-y-el-balance-municipal-del-ano-2023\\\/\",\"url\":\"https:\\\/\\\/cvinoticias.com\\\/v3\\\/en-exclusiva-con-cvi-el-intendente-claudio-filippa-hablo-sobre-el-paquete-de-obras-la-tasa-del-abasto-y-el-balance-municipal-del-ano-2023\\\/\",\"name\":\"En exclusiva con CVI: El Intendente Claudio Filippa habl\u00f3 sobre el paquete de obras, la tasa del Abasto y el balance municipal del a\u00f1o 2023 | CVI NOTICIAS\",\"isPartOf\":{\"@id\":\"https:\\\/\\\/cvinoticias.com\\\/v3\\\/#website\"},\"primaryImageOfPage\":{\"@id\":\"https:\\\/\\\/cvinoticias.com\\\/v3\\\/en-exclusiva-con-cvi-el-intendente-claudio-filippa-hablo-sobre-el-paquete-de-obras-la-tasa-del-abasto-y-el-balance-municipal-del-ano-2023\\\/#primaryimage\"},\"image\":{\"@id\":\"https:\\\/\\\/cvinoticias.com\\\/v3\\\/en-exclusiva-con-cvi-el-intendente-claudio-filippa-hablo-sobre-el-paquete-de-obras-la-tasa-del-abasto-y-el-balance-municipal-del-ano-2023\\\/#primaryimage\"},\"thumbnailUrl\":\"https:\\\/\\\/cvinoticias.com\\\/wp-content\\\/uploads\\\/2025\\\/03\\\/56f49cea-6f07-4d17-8c7b-ad5c9642a624.jpeg\",\"datePublished\":\"2025-03-31T23:05:16+00:00\",\"breadcrumb\":{\"@id\":\"https:\\\/\\\/cvinoticias.com\\\/v3\\\/en-exclusiva-con-cvi-el-intendente-claudio-filippa-hablo-sobre-el-paquete-de-obras-la-tasa-del-abasto-y-el-balance-municipal-del-ano-2023\\\/#breadcrumb\"},\"inLanguage\":\"es\",\"potentialAction\":[{\"@type\":\"ReadAction\",\"target\":[\"https:\\\/\\\/cvinoticias.com\\\/v3\\\/en-exclusiva-con-cvi-el-intendente-claudio-filippa-hablo-sobre-el-paquete-de-obras-la-tasa-del-abasto-y-el-balance-municipal-del-ano-2023\\\/\"]}]},{\"@type\":\"ImageObject\",\"inLanguage\":\"es\",\"@id\":\"https:\\\/\\\/cvinoticias.com\\\/v3\\\/en-exclusiva-con-cvi-el-intendente-claudio-filippa-hablo-sobre-el-paquete-de-obras-la-tasa-del-abasto-y-el-balance-municipal-del-ano-2023\\\/#primaryimage\",\"url\":\"https:\\\/\\\/cvinoticias.com\\\/wp-content\\\/uploads\\\/2025\\\/03\\\/56f49cea-6f07-4d17-8c7b-ad5c9642a624.jpeg\",\"contentUrl\":\"https:\\\/\\\/cvinoticias.com\\\/wp-content\\\/uploads\\\/2025\\\/03\\\/56f49cea-6f07-4d17-8c7b-ad5c9642a624.jpeg\",\"width\":1000,\"height\":750},{\"@type\":\"BreadcrumbList\",\"@id\":\"https:\\\/\\\/cvinoticias.com\\\/v3\\\/en-exclusiva-con-cvi-el-intendente-claudio-filippa-hablo-sobre-el-paquete-de-obras-la-tasa-del-abasto-y-el-balance-municipal-del-ano-2023\\\/#breadcrumb\",\"itemListElement\":[{\"@type\":\"ListItem\",\"position\":1,\"name\":\"Portada\",\"item\":\"https:\\\/\\\/cvinoticias.com\\\/v3\\\/\"},{\"@type\":\"ListItem\",\"position\":2,\"name\":\"En exclusiva con CVI: El Intendente Claudio Filippa habl\u00f3 sobre el paquete de obras, la tasa del Abasto y el balance municipal del a\u00f1o 2023\"}]},{\"@type\":\"WebSite\",\"@id\":\"https:\\\/\\\/cvinoticias.com\\\/v3\\\/#website\",\"url\":\"https:\\\/\\\/cvinoticias.com\\\/v3\\\/\",\"name\":\"CVI NOTICIAS\",\"description\":\"\",\"publisher\":{\"@id\":\"https:\\\/\\\/cvinoticias.com\\\/v3\\\/#organization\"},\"alternateName\":\"CVI\",\"potentialAction\":[{\"@type\":\"SearchAction\",\"target\":{\"@type\":\"EntryPoint\",\"urlTemplate\":\"https:\\\/\\\/cvinoticias.com\\\/v3\\\/?s={search_term_string}\"},\"query-input\":{\"@type\":\"PropertyValueSpecification\",\"valueRequired\":true,\"valueName\":\"search_term_string\"}}],\"inLanguage\":\"es\"},{\"@type\":\"Organization\",\"@id\":\"https:\\\/\\\/cvinoticias.com\\\/v3\\\/#organization\",\"name\":\"CVI NOTICIAS\",\"url\":\"https:\\\/\\\/cvinoticias.com\\\/v3\\\/\",\"logo\":{\"@type\":\"ImageObject\",\"inLanguage\":\"es\",\"@id\":\"https:\\\/\\\/cvinoticias.com\\\/v3\\\/#\\\/schema\\\/logo\\\/image\\\/\",\"url\":\"https:\\\/\\\/cvinoticias.com\\\/wp-content\\\/uploads\\\/2023\\\/04\\\/cropped-cropped-cropped-cropped-cropped-3-1.png\",\"contentUrl\":\"https:\\\/\\\/cvinoticias.com\\\/wp-content\\\/uploads\\\/2023\\\/04\\\/cropped-cropped-cropped-cropped-cropped-3-1.png\",\"width\":95,\"height\":122,\"caption\":\"CVI NOTICIAS\"},\"image\":{\"@id\":\"https:\\\/\\\/cvinoticias.com\\\/v3\\\/#\\\/schema\\\/logo\\\/image\\\/\"},\"sameAs\":[\"https:\\\/\\\/www.facebook.com\\\/cvinoticias\",\"https:\\\/\\\/www.instagram.com\\\/cvinoticias\\\/\",\"https:\\\/\\\/www.youtube.com\\\/@CVINOTICIAS\"]},{\"@type\":\"Person\",\"@id\":\"https:\\\/\\\/cvinoticias.com\\\/v3\\\/#\\\/schema\\\/person\\\/2db77e3c6bc03c538495d7b2b8be9b66\",\"name\":\"f1000024\",\"image\":{\"@type\":\"ImageObject\",\"inLanguage\":\"es\",\"@id\":\"https:\\\/\\\/secure.gravatar.com\\\/avatar\\\/d4fe7459cfc51ff5129ce1a732bbef5928568b8092d412ef95611616376bbeed?s=96&d=mm&r=g\",\"url\":\"https:\\\/\\\/secure.gravatar.com\\\/avatar\\\/d4fe7459cfc51ff5129ce1a732bbef5928568b8092d412ef95611616376bbeed?s=96&d=mm&r=g\",\"contentUrl\":\"https:\\\/\\\/secure.gravatar.com\\\/avatar\\\/d4fe7459cfc51ff5129ce1a732bbef5928568b8092d412ef95611616376bbeed?s=96&d=mm&r=g\",\"caption\":\"f1000024\"},\"url\":\"https:\\\/\\\/cvinoticias.com\\\/v3\\\/author\\\/f1000024\\\/\"}]}<\/script>\n<!-- \/ Yoast SEO plugin. -->","yoast_head_json":{"title":"En exclusiva con CVI: El Intendente Claudio Filippa habl\u00f3 sobre el paquete de obras, la tasa del Abasto y el balance municipal del a\u00f1o 2023 | CVI NOTICIAS","robots":{"index":"index","follow":"follow","max-snippet":"max-snippet:-1","max-image-preview":"max-image-preview:large","max-video-preview":"max-video-preview:-1"},"canonical":"https:\/\/cvinoticias.com\/v3\/en-exclusiva-con-cvi-el-intendente-claudio-filippa-hablo-sobre-el-paquete-de-obras-la-tasa-del-abasto-y-el-balance-municipal-del-ano-2023\/","og_locale":"es_ES","og_type":"article","og_title":"En exclusiva con CVI: El Intendente Claudio Filippa habl\u00f3 sobre el paquete de obras, la tasa del Abasto y el balance municipal del a\u00f1o 2023 | CVI NOTICIAS","og_description":"En una entrevista exclusiva, el intendente de Puerto Iguaz\u00fa, Claudio R. Filippa, revel\u00f3 un importante paquete de obras acordado con el Presidente de la Direcci\u00f3n Provincial de Vialidad (DPV), Ingeniero Sebasti\u00e1n Macias. Este acuerdo incluye trabajos de mantenimiento que abarcan bacheo y repavimentaci\u00f3n de la Avenida San Mart\u00edn, una de las arterias principales del centro [&hellip;]","og_url":"https:\/\/cvinoticias.com\/v3\/en-exclusiva-con-cvi-el-intendente-claudio-filippa-hablo-sobre-el-paquete-de-obras-la-tasa-del-abasto-y-el-balance-municipal-del-ano-2023\/","og_site_name":"CVI NOTICIAS","article_publisher":"https:\/\/www.facebook.com\/cvinoticias","article_published_time":"2025-03-31T23:05:16+00:00","og_image":[{"width":1000,"height":750,"url":"https:\/\/cvinoticias.com\/wp-content\/uploads\/2025\/03\/56f49cea-6f07-4d17-8c7b-ad5c9642a624.jpeg","type":"image\/jpeg"}],"author":"f1000024","twitter_card":"summary_large_image","twitter_misc":{"Escrito por":"f1000024","Tiempo de lectura":"2 minutos"},"schema":{"@context":"https:\/\/schema.org","@graph":[{"@type":"Article","@id":"https:\/\/cvinoticias.com\/v3\/en-exclusiva-con-cvi-el-intendente-claudio-filippa-hablo-sobre-el-paquete-de-obras-la-tasa-del-abasto-y-el-balance-municipal-del-ano-2023\/#article","isPartOf":{"@id":"https:\/\/cvinoticias.com\/v3\/en-exclusiva-con-cvi-el-intendente-claudio-filippa-hablo-sobre-el-paquete-de-obras-la-tasa-del-abasto-y-el-balance-municipal-del-ano-2023\/"},"author":{"name":"f1000024","@id":"https:\/\/cvinoticias.com\/v3\/#\/schema\/person\/2db77e3c6bc03c538495d7b2b8be9b66"},"headline":"En exclusiva con CVI: El Intendente Claudio Filippa habl\u00f3 sobre el paquete de obras, la tasa del Abasto y el balance municipal del a\u00f1o 2023","datePublished":"2025-03-31T23:05:16+00:00","mainEntityOfPage":{"@id":"https:\/\/cvinoticias.com\/v3\/en-exclusiva-con-cvi-el-intendente-claudio-filippa-hablo-sobre-el-paquete-de-obras-la-tasa-del-abasto-y-el-balance-municipal-del-ano-2023\/"},"wordCount":360,"commentCount":0,"publisher":{"@id":"https:\/\/cvinoticias.com\/v3\/#organization"},"image":{"@id":"https:\/\/cvinoticias.com\/v3\/en-exclusiva-con-cvi-el-intendente-claudio-filippa-hablo-sobre-el-paquete-de-obras-la-tasa-del-abasto-y-el-balance-municipal-del-ano-2023\/#primaryimage"},"thumbnailUrl":"https:\/\/cvinoticias.com\/wp-content\/uploads\/2025\/03\/56f49cea-6f07-4d17-8c7b-ad5c9642a624.jpeg","keywords":["Exclusiva","Filippa","Gobierno","Obras"],"articleSection":["Gobierno"],"inLanguage":"es","potentialAction":[{"@type":"CommentAction","name":"Comment","target":["https:\/\/cvinoticias.com\/v3\/en-exclusiva-con-cvi-el-intendente-claudio-filippa-hablo-sobre-el-paquete-de-obras-la-tasa-del-abasto-y-el-balance-municipal-del-ano-2023\/#respond"]}]},{"@type":"WebPage","@id":"https:\/\/cvinoticias.com\/v3\/en-exclusiva-con-cvi-el-intendente-claudio-filippa-hablo-sobre-el-paquete-de-obras-la-tasa-del-abasto-y-el-balance-municipal-del-ano-2023\/","url":"https:\/\/cvinoticias.com\/v3\/en-exclusiva-con-cvi-el-intendente-claudio-filippa-hablo-sobre-el-paquete-de-obras-la-tasa-del-abasto-y-el-balance-municipal-del-ano-2023\/","name":"En exclusiva con CVI: El Intendente Claudio Filippa habl\u00f3 sobre el paquete de obras, la tasa del Abasto y el balance municipal del a\u00f1o 2023 | CVI NOTICIAS","isPartOf":{"@id":"https:\/\/cvinoticias.com\/v3\/#website"},"primaryImageOfPage":{"@id":"https:\/\/cvinoticias.com\/v3\/en-exclusiva-con-cvi-el-intendente-claudio-filippa-hablo-sobre-el-paquete-de-obras-la-tasa-del-abasto-y-el-balance-municipal-del-ano-2023\/#primaryimage"},"image":{"@id":"https:\/\/cvinoticias.com\/v3\/en-exclusiva-con-cvi-el-intendente-claudio-filippa-hablo-sobre-el-paquete-de-obras-la-tasa-del-abasto-y-el-balance-municipal-del-ano-2023\/#primaryimage"},"thumbnailUrl":"https:\/\/cvinoticias.com\/wp-content\/uploads\/2025\/03\/56f49cea-6f07-4d17-8c7b-ad5c9642a624.jpeg","datePublished":"2025-03-31T23:05:16+00:00","breadcrumb":{"@id":"https:\/\/cvinoticias.com\/v3\/en-exclusiva-con-cvi-el-intendente-claudio-filippa-hablo-sobre-el-paquete-de-obras-la-tasa-del-abasto-y-el-balance-municipal-del-ano-2023\/#breadcrumb"},"inLanguage":"es","potentialAction":[{"@type":"ReadAction","target":["https:\/\/cvinoticias.com\/v3\/en-exclusiva-con-cvi-el-intendente-claudio-filippa-hablo-sobre-el-paquete-de-obras-la-tasa-del-abasto-y-el-balance-municipal-del-ano-2023\/"]}]},{"@type":"ImageObject","inLanguage":"es","@id":"https:\/\/cvinoticias.com\/v3\/en-exclusiva-con-cvi-el-intendente-claudio-filippa-hablo-sobre-el-paquete-de-obras-la-tasa-del-abasto-y-el-balance-municipal-del-ano-2023\/#primaryimage","url":"https:\/\/cvinoticias.com\/wp-content\/uploads\/2025\/03\/56f49cea-6f07-4d17-8c7b-ad5c9642a624.jpeg","contentUrl":"https:\/\/cvinoticias.com\/wp-content\/uploads\/2025\/03\/56f49cea-6f07-4d17-8c7b-ad5c9642a624.jpeg","width":1000,"height":750},{"@type":"BreadcrumbList","@id":"https:\/\/cvinoticias.com\/v3\/en-exclusiva-con-cvi-el-intendente-claudio-filippa-hablo-sobre-el-paquete-de-obras-la-tasa-del-abasto-y-el-balance-municipal-del-ano-2023\/#breadcrumb","itemListElement":[{"@type":"ListItem","position":1,"name":"Portada","item":"https:\/\/cvinoticias.com\/v3\/"},{"@type":"ListItem","position":2,"name":"En exclusiva con CVI: El Intendente Claudio Filippa habl\u00f3 sobre el paquete de obras, la tasa del Abasto y el balance municipal del a\u00f1o 2023"}]},{"@type":"WebSite","@id":"https:\/\/cvinoticias.com\/v3\/#website","url":"https:\/\/cvinoticias.com\/v3\/","name":"CVI NOTICIAS","description":"","publisher":{"@id":"https:\/\/cvinoticias.com\/v3\/#organization"},"alternateName":"CVI","potentialAction":[{"@type":"SearchAction","target":{"@type":"EntryPoint","urlTemplate":"https:\/\/cvinoticias.com\/v3\/?s={search_term_string}"},"query-input":{"@type":"PropertyValueSpecification","valueRequired":true,"valueName":"search_term_string"}}],"inLanguage":"es"},{"@type":"Organization","@id":"https:\/\/cvinoticias.com\/v3\/#organization","name":"CVI NOTICIAS","url":"https:\/\/cvinoticias.com\/v3\/","logo":{"@type":"ImageObject","inLanguage":"es","@id":"https:\/\/cvinoticias.com\/v3\/#\/schema\/logo\/image\/","url":"https:\/\/cvinoticias.com\/wp-content\/uploads\/2023\/04\/cropped-cropped-cropped-cropped-cropped-3-1.png","contentUrl":"https:\/\/cvinoticias.com\/wp-content\/uploads\/2023\/04\/cropped-cropped-cropped-cropped-cropped-3-1.png","width":95,"height":122,"caption":"CVI NOTICIAS"},"image":{"@id":"https:\/\/cvinoticias.com\/v3\/#\/schema\/logo\/image\/"},"sameAs":["https:\/\/www.facebook.com\/cvinoticias","https:\/\/www.instagram.com\/cvinoticias\/","https:\/\/www.youtube.com\/@CVINOTICIAS"]},{"@type":"Person","@id":"https:\/\/cvinoticias.com\/v3\/#\/schema\/person\/2db77e3c6bc03c538495d7b2b8be9b66","name":"f1000024","image":{"@type":"ImageObject","inLanguage":"es","@id":"https:\/\/secure.gravatar.com\/avatar\/d4fe7459cfc51ff5129ce1a732bbef5928568b8092d412ef95611616376bbeed?s=96&d=mm&r=g","url":"https:\/\/secure.gravatar.com\/avatar\/d4fe7459cfc51ff5129ce1a732bbef5928568b8092d412ef95611616376bbeed?s=96&d=mm&r=g","contentUrl":"https:\/\/secure.gravatar.com\/avatar\/d4fe7459cfc51ff5129ce1a732bbef5928568b8092d412ef95611616376bbeed?s=96&d=mm&r=g","caption":"f1000024"},"url":"https:\/\/cvinoticias.com\/v3\/author\/f1000024\/"}]}},"_links":{"self":[{"href":"https:\/\/cvinoticias.com\/v3\/wp-json\/wp\/v2\/posts\/40763","targetHints":{"allow":["GET"]}}],"collection":[{"href":"https:\/\/cvinoticias.com\/v3\/wp-json\/wp\/v2\/posts"}],"about":[{"href":"https:\/\/cvinoticias.com\/v3\/wp-json\/wp\/v2\/types\/post"}],"author":[{"embeddable":true,"href":"https:\/\/cvinoticias.com\/v3\/wp-json\/wp\/v2\/users\/2"}],"replies":[{"embeddable":true,"href":"https:\/\/cvinoticias.com\/v3\/wp-json\/wp\/v2\/comments?post=40763"}],"version-history":[{"count":1,"href":"https:\/\/cvinoticias.com\/v3\/wp-json\/wp\/v2\/posts\/40763\/revisions"}],"predecessor-version":[{"id":40765,"href":"https:\/\/cvinoticias.com\/v3\/wp-json\/wp\/v2\/posts\/40763\/revisions\/40765"}],"wp:featuredmedia":[{"embeddable":true,"href":"https:\/\/cvinoticias.com\/v3\/wp-json\/wp\/v2\/media\/40764"}],"wp:attachment":[{"href":"https:\/\/cvinoticias.com\/v3\/wp-json\/wp\/v2\/media?parent=40763"}],"wp:term":[{"taxonomy":"category","embeddable":true,"href":"https:\/\/cvinoticias.com\/v3\/wp-json\/wp\/v2\/categories?post=40763"},{"taxonomy":"post_tag","embeddable":true,"href":"https:\/\/cvinoticias.com\/v3\/wp-json\/wp\/v2\/tags?post=40763"}],"curies":[{"name":"wp","href":"https:\/\/api.w.org\/{rel}","templated":true}]}}