{"id":40612,"date":"2025-03-28T13:04:50","date_gmt":"2025-03-28T16:04:50","guid":{"rendered":"https:\/\/cvinoticias.com\/v3\/?p=40612"},"modified":"2025-03-28T13:04:51","modified_gmt":"2025-03-28T16:04:51","slug":"el-gobierno-de-la-provincia-de-misiones-trabaja-para-construir-las-aulas-de-la-escuela-n-862-tras-el-acto-de-vandalismo","status":"publish","type":"post","link":"https:\/\/cvinoticias.com\/v3\/el-gobierno-de-la-provincia-de-misiones-trabaja-para-construir-las-aulas-de-la-escuela-n-862-tras-el-acto-de-vandalismo\/","title":{"rendered":"El gobierno de la provincia de Misiones trabaja para construir las aulas de la escuela N 862 tras el acto de vandalismo"},"content":{"rendered":"\n<p>El Gobierno de la Provincia de Misiones, a trav\u00e9s de la visita del diputado provincial Rudi Bundziak, se hizo presente en la escuela N\u00b0862 del barrio de las 2000 hect\u00e1reas, que hab\u00eda sufrido un acto de vandalismo. En este incidente, varias aulas fueron destrozadas y algunas incluso prendidas fuego.<\/p>\n\n\n\n<p>Seg\u00fan declaraciones de Rudi Bundziak a CVI, la gesti\u00f3n para abordar esta situaci\u00f3n comenz\u00f3 inmediatamente despu\u00e9s de enterarse del incidente a trav\u00e9s del mismo medio. Se comunicaron con los directivos de la escuela para coordinar las acciones necesarias con el Ministro de Educaci\u00f3n de la Misiones, Ramiro Aranda.<\/p>\n\n\n\n<figure class=\"wp-block-image size-large\"><a href=\"https:\/\/cvinoticias.com\/wp-content\/uploads\/2025\/03\/fa7f1bc1-b591-40df-9c01-70c68858b981-scaled.jpeg\"><img decoding=\"async\" width=\"1024\" height=\"577\" data-src=\"https:\/\/cvinoticias.com\/wp-content\/uploads\/2025\/03\/fa7f1bc1-b591-40df-9c01-70c68858b981-1024x577.jpeg\" alt=\"\" class=\"wp-image-40615 lazyload\" data-srcset=\"https:\/\/cvinoticias.com\/wp-content\/uploads\/2025\/03\/fa7f1bc1-b591-40df-9c01-70c68858b981-1024x577.jpeg 1024w, https:\/\/cvinoticias.com\/wp-content\/uploads\/2025\/03\/fa7f1bc1-b591-40df-9c01-70c68858b981-300x169.jpeg 300w, https:\/\/cvinoticias.com\/wp-content\/uploads\/2025\/03\/fa7f1bc1-b591-40df-9c01-70c68858b981-768x432.jpeg 768w, https:\/\/cvinoticias.com\/wp-content\/uploads\/2025\/03\/fa7f1bc1-b591-40df-9c01-70c68858b981-1536x865.jpeg 1536w, https:\/\/cvinoticias.com\/wp-content\/uploads\/2025\/03\/fa7f1bc1-b591-40df-9c01-70c68858b981-2048x1153.jpeg 2048w\" data-sizes=\"(max-width: 1024px) 100vw, 1024px\" src=\"data:image\/svg+xml;base64,PHN2ZyB3aWR0aD0iMSIgaGVpZ2h0PSIxIiB4bWxucz0iaHR0cDovL3d3dy53My5vcmcvMjAwMC9zdmciPjwvc3ZnPg==\" style=\"--smush-placeholder-width: 1024px; --smush-placeholder-aspect-ratio: 1024\/577;\" \/><\/a><\/figure>\n\n\n\n<p>El objetivo principal es reanudar las clases lo antes posible. Para ello, se gestion\u00f3 el trabajo de reparaciones edilicias con una empresa que se encargar\u00e1 de restaurar las aulas da\u00f1adas. Adem\u00e1s, el ministro de educaci\u00f3n se comprometi\u00f3 a brindar ayuda para resolver la falta de sillas y mesas en la escuela.<\/p>\n\n\n\n<figure class=\"wp-block-image size-large\"><a href=\"https:\/\/cvinoticias.com\/wp-content\/uploads\/2025\/03\/46fc441d-6f35-4b9a-b301-92f415bd7b95-scaled.jpeg\"><img decoding=\"async\" width=\"1024\" height=\"577\" data-src=\"https:\/\/cvinoticias.com\/wp-content\/uploads\/2025\/03\/46fc441d-6f35-4b9a-b301-92f415bd7b95-1024x577.jpeg\" alt=\"\" class=\"wp-image-40614 lazyload\" data-srcset=\"https:\/\/cvinoticias.com\/wp-content\/uploads\/2025\/03\/46fc441d-6f35-4b9a-b301-92f415bd7b95-1024x577.jpeg 1024w, https:\/\/cvinoticias.com\/wp-content\/uploads\/2025\/03\/46fc441d-6f35-4b9a-b301-92f415bd7b95-300x169.jpeg 300w, https:\/\/cvinoticias.com\/wp-content\/uploads\/2025\/03\/46fc441d-6f35-4b9a-b301-92f415bd7b95-768x432.jpeg 768w, https:\/\/cvinoticias.com\/wp-content\/uploads\/2025\/03\/46fc441d-6f35-4b9a-b301-92f415bd7b95-1536x865.jpeg 1536w, https:\/\/cvinoticias.com\/wp-content\/uploads\/2025\/03\/46fc441d-6f35-4b9a-b301-92f415bd7b95-2048x1153.jpeg 2048w\" data-sizes=\"(max-width: 1024px) 100vw, 1024px\" src=\"data:image\/svg+xml;base64,PHN2ZyB3aWR0aD0iMSIgaGVpZ2h0PSIxIiB4bWxucz0iaHR0cDovL3d3dy53My5vcmcvMjAwMC9zdmciPjwvc3ZnPg==\" style=\"--smush-placeholder-width: 1024px; --smush-placeholder-aspect-ratio: 1024\/577;\" \/><\/a><\/figure>\n\n\n\n<p>Rudi Bundziak enfatiz\u00f3 la importancia de que los alumnos puedan continuar aprendiendo, y asegur\u00f3 que est\u00e1n trabajando para lograrlo.<\/p>\n","protected":false},"excerpt":{"rendered":"<p>El Gobierno de la Provincia de Misiones, a trav\u00e9s de la visita del diputado provincial Rudi Bundziak, se hizo presente en la escuela N\u00b0862 del barrio de las 2000 hect\u00e1reas, que hab\u00eda sufrido un acto de vandalismo. En este incidente, varias aulas fueron destrozadas y algunas incluso prendidas fuego. Seg\u00fan declaraciones de Rudi Bundziak a [&hellip;]<\/p>\n","protected":false},"author":2,"featured_media":40613,"comment_status":"open","ping_status":"open","sticky":false,"template":"","format":"standard","meta":{"footnotes":""},"categories":[493,917,1335],"tags":[496,1733,845],"class_list":["post-40612","post","type-post","status-publish","format-standard","has-post-thumbnail","hentry","category-educacion-2","category-gobierno","category-vandalismo","tag-educacion","tag-gobierno-de-misiones","tag-vandalismo"],"yoast_head":"<!-- This site is optimized with the Yoast SEO plugin v27.5 - https:\/\/yoast.com\/product\/yoast-seo-wordpress\/ -->\n<title>El gobierno de la provincia de Misiones trabaja para construir las aulas de la escuela N 862 tras el acto de vandalismo | CVI NOTICIAS<\/title>\n<meta name=\"robots\" content=\"index, follow, max-snippet:-1, max-image-preview:large, max-video-preview:-1\" \/>\n<link rel=\"canonical\" href=\"https:\/\/cvinoticias.com\/v3\/el-gobierno-de-la-provincia-de-misiones-trabaja-para-construir-las-aulas-de-la-escuela-n-862-tras-el-acto-de-vandalismo\/\" \/>\n<meta property=\"og:locale\" content=\"es_ES\" \/>\n<meta property=\"og:type\" content=\"article\" \/>\n<meta property=\"og:title\" content=\"El gobierno de la provincia de Misiones trabaja para construir las aulas de la escuela N 862 tras el acto de vandalismo | CVI NOTICIAS\" \/>\n<meta property=\"og:description\" content=\"El Gobierno de la Provincia de Misiones, a trav\u00e9s de la visita del diputado provincial Rudi Bundziak, se hizo presente en la escuela N\u00b0862 del barrio de las 2000 hect\u00e1reas, que hab\u00eda sufrido un acto de vandalismo. En este incidente, varias aulas fueron destrozadas y algunas incluso prendidas fuego. Seg\u00fan declaraciones de Rudi Bundziak a [&hellip;]\" \/>\n<meta property=\"og:url\" content=\"https:\/\/cvinoticias.com\/v3\/el-gobierno-de-la-provincia-de-misiones-trabaja-para-construir-las-aulas-de-la-escuela-n-862-tras-el-acto-de-vandalismo\/\" \/>\n<meta property=\"og:site_name\" content=\"CVI NOTICIAS\" \/>\n<meta property=\"article:publisher\" content=\"https:\/\/www.facebook.com\/cvinoticias\" \/>\n<meta property=\"article:published_time\" content=\"2025-03-28T16:04:50+00:00\" \/>\n<meta property=\"article:modified_time\" content=\"2025-03-28T16:04:51+00:00\" \/>\n<meta property=\"og:image\" content=\"https:\/\/cvinoticias.com\/wp-content\/uploads\/2025\/03\/478f4468-ac0d-4d8e-889f-53b00e73f60c-scaled.jpeg\" \/>\n\t<meta property=\"og:image:width\" content=\"2560\" \/>\n\t<meta property=\"og:image:height\" content=\"1441\" \/>\n\t<meta property=\"og:image:type\" content=\"image\/jpeg\" \/>\n<meta name=\"author\" content=\"f1000024\" \/>\n<meta name=\"twitter:card\" content=\"summary_large_image\" \/>\n<meta name=\"twitter:label1\" content=\"Escrito por\" \/>\n\t<meta name=\"twitter:data1\" content=\"f1000024\" \/>\n\t<meta name=\"twitter:label2\" content=\"Tiempo de lectura\" \/>\n\t<meta name=\"twitter:data2\" content=\"2 minutos\" \/>\n<script type=\"application\/ld+json\" class=\"yoast-schema-graph\">{\"@context\":\"https:\\\/\\\/schema.org\",\"@graph\":[{\"@type\":\"Article\",\"@id\":\"https:\\\/\\\/cvinoticias.com\\\/v3\\\/el-gobierno-de-la-provincia-de-misiones-trabaja-para-construir-las-aulas-de-la-escuela-n-862-tras-el-acto-de-vandalismo\\\/#article\",\"isPartOf\":{\"@id\":\"https:\\\/\\\/cvinoticias.com\\\/v3\\\/el-gobierno-de-la-provincia-de-misiones-trabaja-para-construir-las-aulas-de-la-escuela-n-862-tras-el-acto-de-vandalismo\\\/\"},\"author\":{\"name\":\"f1000024\",\"@id\":\"https:\\\/\\\/cvinoticias.com\\\/v3\\\/#\\\/schema\\\/person\\\/2db77e3c6bc03c538495d7b2b8be9b66\"},\"headline\":\"El gobierno de la provincia de Misiones trabaja para construir las aulas de la escuela N 862 tras el acto de vandalismo\",\"datePublished\":\"2025-03-28T16:04:50+00:00\",\"dateModified\":\"2025-03-28T16:04:51+00:00\",\"mainEntityOfPage\":{\"@id\":\"https:\\\/\\\/cvinoticias.com\\\/v3\\\/el-gobierno-de-la-provincia-de-misiones-trabaja-para-construir-las-aulas-de-la-escuela-n-862-tras-el-acto-de-vandalismo\\\/\"},\"wordCount\":200,\"commentCount\":0,\"publisher\":{\"@id\":\"https:\\\/\\\/cvinoticias.com\\\/v3\\\/#organization\"},\"image\":{\"@id\":\"https:\\\/\\\/cvinoticias.com\\\/v3\\\/el-gobierno-de-la-provincia-de-misiones-trabaja-para-construir-las-aulas-de-la-escuela-n-862-tras-el-acto-de-vandalismo\\\/#primaryimage\"},\"thumbnailUrl\":\"https:\\\/\\\/cvinoticias.com\\\/wp-content\\\/uploads\\\/2025\\\/03\\\/478f4468-ac0d-4d8e-889f-53b00e73f60c-scaled.jpeg\",\"keywords\":[\"Educaci\u00f3n\",\"gobierno de Misiones\",\"Vandalismo\"],\"articleSection\":[\"Educaci\u00f3n\",\"Gobierno\",\"Vandalismo\"],\"inLanguage\":\"es\",\"potentialAction\":[{\"@type\":\"CommentAction\",\"name\":\"Comment\",\"target\":[\"https:\\\/\\\/cvinoticias.com\\\/v3\\\/el-gobierno-de-la-provincia-de-misiones-trabaja-para-construir-las-aulas-de-la-escuela-n-862-tras-el-acto-de-vandalismo\\\/#respond\"]}]},{\"@type\":\"WebPage\",\"@id\":\"https:\\\/\\\/cvinoticias.com\\\/v3\\\/el-gobierno-de-la-provincia-de-misiones-trabaja-para-construir-las-aulas-de-la-escuela-n-862-tras-el-acto-de-vandalismo\\\/\",\"url\":\"https:\\\/\\\/cvinoticias.com\\\/v3\\\/el-gobierno-de-la-provincia-de-misiones-trabaja-para-construir-las-aulas-de-la-escuela-n-862-tras-el-acto-de-vandalismo\\\/\",\"name\":\"El gobierno de la provincia de Misiones trabaja para construir las aulas de la escuela N 862 tras el acto de vandalismo | CVI NOTICIAS\",\"isPartOf\":{\"@id\":\"https:\\\/\\\/cvinoticias.com\\\/v3\\\/#website\"},\"primaryImageOfPage\":{\"@id\":\"https:\\\/\\\/cvinoticias.com\\\/v3\\\/el-gobierno-de-la-provincia-de-misiones-trabaja-para-construir-las-aulas-de-la-escuela-n-862-tras-el-acto-de-vandalismo\\\/#primaryimage\"},\"image\":{\"@id\":\"https:\\\/\\\/cvinoticias.com\\\/v3\\\/el-gobierno-de-la-provincia-de-misiones-trabaja-para-construir-las-aulas-de-la-escuela-n-862-tras-el-acto-de-vandalismo\\\/#primaryimage\"},\"thumbnailUrl\":\"https:\\\/\\\/cvinoticias.com\\\/wp-content\\\/uploads\\\/2025\\\/03\\\/478f4468-ac0d-4d8e-889f-53b00e73f60c-scaled.jpeg\",\"datePublished\":\"2025-03-28T16:04:50+00:00\",\"dateModified\":\"2025-03-28T16:04:51+00:00\",\"breadcrumb\":{\"@id\":\"https:\\\/\\\/cvinoticias.com\\\/v3\\\/el-gobierno-de-la-provincia-de-misiones-trabaja-para-construir-las-aulas-de-la-escuela-n-862-tras-el-acto-de-vandalismo\\\/#breadcrumb\"},\"inLanguage\":\"es\",\"potentialAction\":[{\"@type\":\"ReadAction\",\"target\":[\"https:\\\/\\\/cvinoticias.com\\\/v3\\\/el-gobierno-de-la-provincia-de-misiones-trabaja-para-construir-las-aulas-de-la-escuela-n-862-tras-el-acto-de-vandalismo\\\/\"]}]},{\"@type\":\"ImageObject\",\"inLanguage\":\"es\",\"@id\":\"https:\\\/\\\/cvinoticias.com\\\/v3\\\/el-gobierno-de-la-provincia-de-misiones-trabaja-para-construir-las-aulas-de-la-escuela-n-862-tras-el-acto-de-vandalismo\\\/#primaryimage\",\"url\":\"https:\\\/\\\/cvinoticias.com\\\/wp-content\\\/uploads\\\/2025\\\/03\\\/478f4468-ac0d-4d8e-889f-53b00e73f60c-scaled.jpeg\",\"contentUrl\":\"https:\\\/\\\/cvinoticias.com\\\/wp-content\\\/uploads\\\/2025\\\/03\\\/478f4468-ac0d-4d8e-889f-53b00e73f60c-scaled.jpeg\",\"width\":2560,\"height\":1441},{\"@type\":\"BreadcrumbList\",\"@id\":\"https:\\\/\\\/cvinoticias.com\\\/v3\\\/el-gobierno-de-la-provincia-de-misiones-trabaja-para-construir-las-aulas-de-la-escuela-n-862-tras-el-acto-de-vandalismo\\\/#breadcrumb\",\"itemListElement\":[{\"@type\":\"ListItem\",\"position\":1,\"name\":\"Portada\",\"item\":\"https:\\\/\\\/cvinoticias.com\\\/v3\\\/\"},{\"@type\":\"ListItem\",\"position\":2,\"name\":\"El gobierno de la provincia de Misiones trabaja para construir las aulas de la escuela N 862 tras el acto de vandalismo\"}]},{\"@type\":\"WebSite\",\"@id\":\"https:\\\/\\\/cvinoticias.com\\\/v3\\\/#website\",\"url\":\"https:\\\/\\\/cvinoticias.com\\\/v3\\\/\",\"name\":\"CVI NOTICIAS\",\"description\":\"\",\"publisher\":{\"@id\":\"https:\\\/\\\/cvinoticias.com\\\/v3\\\/#organization\"},\"alternateName\":\"CVI\",\"potentialAction\":[{\"@type\":\"SearchAction\",\"target\":{\"@type\":\"EntryPoint\",\"urlTemplate\":\"https:\\\/\\\/cvinoticias.com\\\/v3\\\/?s={search_term_string}\"},\"query-input\":{\"@type\":\"PropertyValueSpecification\",\"valueRequired\":true,\"valueName\":\"search_term_string\"}}],\"inLanguage\":\"es\"},{\"@type\":\"Organization\",\"@id\":\"https:\\\/\\\/cvinoticias.com\\\/v3\\\/#organization\",\"name\":\"CVI NOTICIAS\",\"url\":\"https:\\\/\\\/cvinoticias.com\\\/v3\\\/\",\"logo\":{\"@type\":\"ImageObject\",\"inLanguage\":\"es\",\"@id\":\"https:\\\/\\\/cvinoticias.com\\\/v3\\\/#\\\/schema\\\/logo\\\/image\\\/\",\"url\":\"https:\\\/\\\/cvinoticias.com\\\/wp-content\\\/uploads\\\/2023\\\/04\\\/cropped-cropped-cropped-cropped-cropped-3-1.png\",\"contentUrl\":\"https:\\\/\\\/cvinoticias.com\\\/wp-content\\\/uploads\\\/2023\\\/04\\\/cropped-cropped-cropped-cropped-cropped-3-1.png\",\"width\":95,\"height\":122,\"caption\":\"CVI NOTICIAS\"},\"image\":{\"@id\":\"https:\\\/\\\/cvinoticias.com\\\/v3\\\/#\\\/schema\\\/logo\\\/image\\\/\"},\"sameAs\":[\"https:\\\/\\\/www.facebook.com\\\/cvinoticias\",\"https:\\\/\\\/www.instagram.com\\\/cvinoticias\\\/\",\"https:\\\/\\\/www.youtube.com\\\/@CVINOTICIAS\"]},{\"@type\":\"Person\",\"@id\":\"https:\\\/\\\/cvinoticias.com\\\/v3\\\/#\\\/schema\\\/person\\\/2db77e3c6bc03c538495d7b2b8be9b66\",\"name\":\"f1000024\",\"image\":{\"@type\":\"ImageObject\",\"inLanguage\":\"es\",\"@id\":\"https:\\\/\\\/secure.gravatar.com\\\/avatar\\\/d4fe7459cfc51ff5129ce1a732bbef5928568b8092d412ef95611616376bbeed?s=96&d=mm&r=g\",\"url\":\"https:\\\/\\\/secure.gravatar.com\\\/avatar\\\/d4fe7459cfc51ff5129ce1a732bbef5928568b8092d412ef95611616376bbeed?s=96&d=mm&r=g\",\"contentUrl\":\"https:\\\/\\\/secure.gravatar.com\\\/avatar\\\/d4fe7459cfc51ff5129ce1a732bbef5928568b8092d412ef95611616376bbeed?s=96&d=mm&r=g\",\"caption\":\"f1000024\"},\"url\":\"https:\\\/\\\/cvinoticias.com\\\/v3\\\/author\\\/f1000024\\\/\"}]}<\/script>\n<!-- \/ Yoast SEO plugin. -->","yoast_head_json":{"title":"El gobierno de la provincia de Misiones trabaja para construir las aulas de la escuela N 862 tras el acto de vandalismo | CVI NOTICIAS","robots":{"index":"index","follow":"follow","max-snippet":"max-snippet:-1","max-image-preview":"max-image-preview:large","max-video-preview":"max-video-preview:-1"},"canonical":"https:\/\/cvinoticias.com\/v3\/el-gobierno-de-la-provincia-de-misiones-trabaja-para-construir-las-aulas-de-la-escuela-n-862-tras-el-acto-de-vandalismo\/","og_locale":"es_ES","og_type":"article","og_title":"El gobierno de la provincia de Misiones trabaja para construir las aulas de la escuela N 862 tras el acto de vandalismo | CVI NOTICIAS","og_description":"El Gobierno de la Provincia de Misiones, a trav\u00e9s de la visita del diputado provincial Rudi Bundziak, se hizo presente en la escuela N\u00b0862 del barrio de las 2000 hect\u00e1reas, que hab\u00eda sufrido un acto de vandalismo. En este incidente, varias aulas fueron destrozadas y algunas incluso prendidas fuego. Seg\u00fan declaraciones de Rudi Bundziak a [&hellip;]","og_url":"https:\/\/cvinoticias.com\/v3\/el-gobierno-de-la-provincia-de-misiones-trabaja-para-construir-las-aulas-de-la-escuela-n-862-tras-el-acto-de-vandalismo\/","og_site_name":"CVI NOTICIAS","article_publisher":"https:\/\/www.facebook.com\/cvinoticias","article_published_time":"2025-03-28T16:04:50+00:00","article_modified_time":"2025-03-28T16:04:51+00:00","og_image":[{"width":2560,"height":1441,"url":"https:\/\/cvinoticias.com\/wp-content\/uploads\/2025\/03\/478f4468-ac0d-4d8e-889f-53b00e73f60c-scaled.jpeg","type":"image\/jpeg"}],"author":"f1000024","twitter_card":"summary_large_image","twitter_misc":{"Escrito por":"f1000024","Tiempo de lectura":"2 minutos"},"schema":{"@context":"https:\/\/schema.org","@graph":[{"@type":"Article","@id":"https:\/\/cvinoticias.com\/v3\/el-gobierno-de-la-provincia-de-misiones-trabaja-para-construir-las-aulas-de-la-escuela-n-862-tras-el-acto-de-vandalismo\/#article","isPartOf":{"@id":"https:\/\/cvinoticias.com\/v3\/el-gobierno-de-la-provincia-de-misiones-trabaja-para-construir-las-aulas-de-la-escuela-n-862-tras-el-acto-de-vandalismo\/"},"author":{"name":"f1000024","@id":"https:\/\/cvinoticias.com\/v3\/#\/schema\/person\/2db77e3c6bc03c538495d7b2b8be9b66"},"headline":"El gobierno de la provincia de Misiones trabaja para construir las aulas de la escuela N 862 tras el acto de vandalismo","datePublished":"2025-03-28T16:04:50+00:00","dateModified":"2025-03-28T16:04:51+00:00","mainEntityOfPage":{"@id":"https:\/\/cvinoticias.com\/v3\/el-gobierno-de-la-provincia-de-misiones-trabaja-para-construir-las-aulas-de-la-escuela-n-862-tras-el-acto-de-vandalismo\/"},"wordCount":200,"commentCount":0,"publisher":{"@id":"https:\/\/cvinoticias.com\/v3\/#organization"},"image":{"@id":"https:\/\/cvinoticias.com\/v3\/el-gobierno-de-la-provincia-de-misiones-trabaja-para-construir-las-aulas-de-la-escuela-n-862-tras-el-acto-de-vandalismo\/#primaryimage"},"thumbnailUrl":"https:\/\/cvinoticias.com\/wp-content\/uploads\/2025\/03\/478f4468-ac0d-4d8e-889f-53b00e73f60c-scaled.jpeg","keywords":["Educaci\u00f3n","gobierno de Misiones","Vandalismo"],"articleSection":["Educaci\u00f3n","Gobierno","Vandalismo"],"inLanguage":"es","potentialAction":[{"@type":"CommentAction","name":"Comment","target":["https:\/\/cvinoticias.com\/v3\/el-gobierno-de-la-provincia-de-misiones-trabaja-para-construir-las-aulas-de-la-escuela-n-862-tras-el-acto-de-vandalismo\/#respond"]}]},{"@type":"WebPage","@id":"https:\/\/cvinoticias.com\/v3\/el-gobierno-de-la-provincia-de-misiones-trabaja-para-construir-las-aulas-de-la-escuela-n-862-tras-el-acto-de-vandalismo\/","url":"https:\/\/cvinoticias.com\/v3\/el-gobierno-de-la-provincia-de-misiones-trabaja-para-construir-las-aulas-de-la-escuela-n-862-tras-el-acto-de-vandalismo\/","name":"El gobierno de la provincia de Misiones trabaja para construir las aulas de la escuela N 862 tras el acto de vandalismo | CVI NOTICIAS","isPartOf":{"@id":"https:\/\/cvinoticias.com\/v3\/#website"},"primaryImageOfPage":{"@id":"https:\/\/cvinoticias.com\/v3\/el-gobierno-de-la-provincia-de-misiones-trabaja-para-construir-las-aulas-de-la-escuela-n-862-tras-el-acto-de-vandalismo\/#primaryimage"},"image":{"@id":"https:\/\/cvinoticias.com\/v3\/el-gobierno-de-la-provincia-de-misiones-trabaja-para-construir-las-aulas-de-la-escuela-n-862-tras-el-acto-de-vandalismo\/#primaryimage"},"thumbnailUrl":"https:\/\/cvinoticias.com\/wp-content\/uploads\/2025\/03\/478f4468-ac0d-4d8e-889f-53b00e73f60c-scaled.jpeg","datePublished":"2025-03-28T16:04:50+00:00","dateModified":"2025-03-28T16:04:51+00:00","breadcrumb":{"@id":"https:\/\/cvinoticias.com\/v3\/el-gobierno-de-la-provincia-de-misiones-trabaja-para-construir-las-aulas-de-la-escuela-n-862-tras-el-acto-de-vandalismo\/#breadcrumb"},"inLanguage":"es","potentialAction":[{"@type":"ReadAction","target":["https:\/\/cvinoticias.com\/v3\/el-gobierno-de-la-provincia-de-misiones-trabaja-para-construir-las-aulas-de-la-escuela-n-862-tras-el-acto-de-vandalismo\/"]}]},{"@type":"ImageObject","inLanguage":"es","@id":"https:\/\/cvinoticias.com\/v3\/el-gobierno-de-la-provincia-de-misiones-trabaja-para-construir-las-aulas-de-la-escuela-n-862-tras-el-acto-de-vandalismo\/#primaryimage","url":"https:\/\/cvinoticias.com\/wp-content\/uploads\/2025\/03\/478f4468-ac0d-4d8e-889f-53b00e73f60c-scaled.jpeg","contentUrl":"https:\/\/cvinoticias.com\/wp-content\/uploads\/2025\/03\/478f4468-ac0d-4d8e-889f-53b00e73f60c-scaled.jpeg","width":2560,"height":1441},{"@type":"BreadcrumbList","@id":"https:\/\/cvinoticias.com\/v3\/el-gobierno-de-la-provincia-de-misiones-trabaja-para-construir-las-aulas-de-la-escuela-n-862-tras-el-acto-de-vandalismo\/#breadcrumb","itemListElement":[{"@type":"ListItem","position":1,"name":"Portada","item":"https:\/\/cvinoticias.com\/v3\/"},{"@type":"ListItem","position":2,"name":"El gobierno de la provincia de Misiones trabaja para construir las aulas de la escuela N 862 tras el acto de vandalismo"}]},{"@type":"WebSite","@id":"https:\/\/cvinoticias.com\/v3\/#website","url":"https:\/\/cvinoticias.com\/v3\/","name":"CVI NOTICIAS","description":"","publisher":{"@id":"https:\/\/cvinoticias.com\/v3\/#organization"},"alternateName":"CVI","potentialAction":[{"@type":"SearchAction","target":{"@type":"EntryPoint","urlTemplate":"https:\/\/cvinoticias.com\/v3\/?s={search_term_string}"},"query-input":{"@type":"PropertyValueSpecification","valueRequired":true,"valueName":"search_term_string"}}],"inLanguage":"es"},{"@type":"Organization","@id":"https:\/\/cvinoticias.com\/v3\/#organization","name":"CVI NOTICIAS","url":"https:\/\/cvinoticias.com\/v3\/","logo":{"@type":"ImageObject","inLanguage":"es","@id":"https:\/\/cvinoticias.com\/v3\/#\/schema\/logo\/image\/","url":"https:\/\/cvinoticias.com\/wp-content\/uploads\/2023\/04\/cropped-cropped-cropped-cropped-cropped-3-1.png","contentUrl":"https:\/\/cvinoticias.com\/wp-content\/uploads\/2023\/04\/cropped-cropped-cropped-cropped-cropped-3-1.png","width":95,"height":122,"caption":"CVI NOTICIAS"},"image":{"@id":"https:\/\/cvinoticias.com\/v3\/#\/schema\/logo\/image\/"},"sameAs":["https:\/\/www.facebook.com\/cvinoticias","https:\/\/www.instagram.com\/cvinoticias\/","https:\/\/www.youtube.com\/@CVINOTICIAS"]},{"@type":"Person","@id":"https:\/\/cvinoticias.com\/v3\/#\/schema\/person\/2db77e3c6bc03c538495d7b2b8be9b66","name":"f1000024","image":{"@type":"ImageObject","inLanguage":"es","@id":"https:\/\/secure.gravatar.com\/avatar\/d4fe7459cfc51ff5129ce1a732bbef5928568b8092d412ef95611616376bbeed?s=96&d=mm&r=g","url":"https:\/\/secure.gravatar.com\/avatar\/d4fe7459cfc51ff5129ce1a732bbef5928568b8092d412ef95611616376bbeed?s=96&d=mm&r=g","contentUrl":"https:\/\/secure.gravatar.com\/avatar\/d4fe7459cfc51ff5129ce1a732bbef5928568b8092d412ef95611616376bbeed?s=96&d=mm&r=g","caption":"f1000024"},"url":"https:\/\/cvinoticias.com\/v3\/author\/f1000024\/"}]}},"_links":{"self":[{"href":"https:\/\/cvinoticias.com\/v3\/wp-json\/wp\/v2\/posts\/40612","targetHints":{"allow":["GET"]}}],"collection":[{"href":"https:\/\/cvinoticias.com\/v3\/wp-json\/wp\/v2\/posts"}],"about":[{"href":"https:\/\/cvinoticias.com\/v3\/wp-json\/wp\/v2\/types\/post"}],"author":[{"embeddable":true,"href":"https:\/\/cvinoticias.com\/v3\/wp-json\/wp\/v2\/users\/2"}],"replies":[{"embeddable":true,"href":"https:\/\/cvinoticias.com\/v3\/wp-json\/wp\/v2\/comments?post=40612"}],"version-history":[{"count":1,"href":"https:\/\/cvinoticias.com\/v3\/wp-json\/wp\/v2\/posts\/40612\/revisions"}],"predecessor-version":[{"id":40616,"href":"https:\/\/cvinoticias.com\/v3\/wp-json\/wp\/v2\/posts\/40612\/revisions\/40616"}],"wp:featuredmedia":[{"embeddable":true,"href":"https:\/\/cvinoticias.com\/v3\/wp-json\/wp\/v2\/media\/40613"}],"wp:attachment":[{"href":"https:\/\/cvinoticias.com\/v3\/wp-json\/wp\/v2\/media?parent=40612"}],"wp:term":[{"taxonomy":"category","embeddable":true,"href":"https:\/\/cvinoticias.com\/v3\/wp-json\/wp\/v2\/categories?post=40612"},{"taxonomy":"post_tag","embeddable":true,"href":"https:\/\/cvinoticias.com\/v3\/wp-json\/wp\/v2\/tags?post=40612"}],"curies":[{"name":"wp","href":"https:\/\/api.w.org\/{rel}","templated":true}]}}