{"id":40409,"date":"2025-03-20T13:20:00","date_gmt":"2025-03-20T16:20:00","guid":{"rendered":"https:\/\/cvinoticias.com\/v3\/?p=40409"},"modified":"2025-03-20T15:29:30","modified_gmt":"2025-03-20T18:29:30","slug":"el-concejal-hugo-sartori-impulsa-el-proyecto-de-regimen-especial-de-compras-para-residentes-de-iguazu","status":"publish","type":"post","link":"https:\/\/cvinoticias.com\/v3\/el-concejal-hugo-sartori-impulsa-el-proyecto-de-regimen-especial-de-compras-para-residentes-de-iguazu\/","title":{"rendered":"El Concejal Hugo Sartori impulsa el proyecto de R\u00e9gimen especial de compras para residentes de Iguaz\u00fa"},"content":{"rendered":"\n<p>El proyecto de comunicaci\u00f3n presentado por la banca del concejal, Hugo Sartori en el Honorable Concejo Deliberante de la ciudad de Iguaz\u00fa busca implementar un r\u00e9gimen especial de compras para los residentes de la ciudad.<\/p>\n\n\n\n<p>El objetivo principal es fomentar el desarrollo econ\u00f3mico local y brindar apoyo a los residentes de la ciudad.<\/p>\n\n\n\n<p>La iniciativa surge debido a las asimetr\u00edas econ\u00f3micas en la frontera entre Argentina y Brasil, que han generado un contexto desfavorable para los residentes de Puerto Iguaz\u00fa. La diferencia de precios y la falta de competitividad han llevado a muchos comercios a cerrar o reducir su personal, lo que ha generado una crisis econ\u00f3mica en la ciudad.<\/p>\n\n\n\n<figure class=\"wp-block-image size-large\"><a href=\"https:\/\/cvinoticias.com\/wp-content\/uploads\/2025\/03\/dc2200f1-6a71-482d-988a-34541ebb3281-scaled.jpeg\"><img decoding=\"async\" width=\"576\" height=\"1024\" data-src=\"https:\/\/cvinoticias.com\/wp-content\/uploads\/2025\/03\/dc2200f1-6a71-482d-988a-34541ebb3281-576x1024.jpeg\" alt=\"\" class=\"wp-image-40402 lazyload\" data-srcset=\"https:\/\/cvinoticias.com\/wp-content\/uploads\/2025\/03\/dc2200f1-6a71-482d-988a-34541ebb3281-576x1024.jpeg 576w, https:\/\/cvinoticias.com\/wp-content\/uploads\/2025\/03\/dc2200f1-6a71-482d-988a-34541ebb3281-169x300.jpeg 169w, https:\/\/cvinoticias.com\/wp-content\/uploads\/2025\/03\/dc2200f1-6a71-482d-988a-34541ebb3281-768x1365.jpeg 768w, https:\/\/cvinoticias.com\/wp-content\/uploads\/2025\/03\/dc2200f1-6a71-482d-988a-34541ebb3281-864x1536.jpeg 864w, https:\/\/cvinoticias.com\/wp-content\/uploads\/2025\/03\/dc2200f1-6a71-482d-988a-34541ebb3281-1152x2048.jpeg 1152w, https:\/\/cvinoticias.com\/wp-content\/uploads\/2025\/03\/dc2200f1-6a71-482d-988a-34541ebb3281-scaled.jpeg 1440w\" data-sizes=\"(max-width: 576px) 100vw, 576px\" src=\"data:image\/svg+xml;base64,PHN2ZyB3aWR0aD0iMSIgaGVpZ2h0PSIxIiB4bWxucz0iaHR0cDovL3d3dy53My5vcmcvMjAwMC9zdmciPjwvc3ZnPg==\" style=\"--smush-placeholder-width: 576px; --smush-placeholder-aspect-ratio: 576\/1024;\" \/><\/a><\/figure>\n\n\n\n<p>El r\u00e9gimen especial de compras permitir\u00eda a los residentes de Iguaz\u00fa adquirir productos sin aranceles hasta un monto m\u00e1ximo de US$ 5000 d\u00f3lares mensuales. Adem\u00e1s, se autorizar\u00eda la reventa de estos productos en cualquier parte del pa\u00eds, lo que incentivar\u00eda el comercio y la actividad econ\u00f3mica local.<\/p>\n\n\n\n<p>Para acceder a este beneficio, se establecen requisitos espec\u00edficos, como tener una residencia m\u00ednima de dos a\u00f1os en la ciudad y estar registrado como monotributista.<\/p>\n","protected":false},"excerpt":{"rendered":"<p>El proyecto de comunicaci\u00f3n presentado por la banca del concejal, Hugo Sartori en el Honorable Concejo Deliberante de la ciudad de Iguaz\u00fa busca implementar un r\u00e9gimen especial de compras para los residentes de la ciudad. El objetivo principal es fomentar el desarrollo econ\u00f3mico local y brindar apoyo a los residentes de la ciudad. La iniciativa [&hellip;]<\/p>\n","protected":false},"author":2,"featured_media":40410,"comment_status":"open","ping_status":"open","sticky":false,"template":"","format":"standard","meta":{"footnotes":""},"categories":[25,427],"tags":[1659,1656,551,501,1658],"class_list":["post-40409","post","type-post","status-publish","format-standard","has-post-thumbnail","hentry","category-concejo-deliberante","category-frontera","tag-compras","tag-concejal","tag-frontera","tag-proyecto","tag-sartori"],"yoast_head":"<!-- This site is optimized with the Yoast SEO plugin v27.4 - https:\/\/yoast.com\/product\/yoast-seo-wordpress\/ -->\n<title>El Concejal Hugo Sartori impulsa el proyecto de R\u00e9gimen especial de compras para residentes de Iguaz\u00fa | CVI NOTICIAS<\/title>\n<meta name=\"robots\" content=\"index, follow, max-snippet:-1, max-image-preview:large, max-video-preview:-1\" \/>\n<link rel=\"canonical\" href=\"https:\/\/cvinoticias.com\/v3\/el-concejal-hugo-sartori-impulsa-el-proyecto-de-regimen-especial-de-compras-para-residentes-de-iguazu\/\" \/>\n<meta property=\"og:locale\" content=\"es_ES\" \/>\n<meta property=\"og:type\" content=\"article\" \/>\n<meta property=\"og:title\" content=\"El Concejal Hugo Sartori impulsa el proyecto de R\u00e9gimen especial de compras para residentes de Iguaz\u00fa | CVI NOTICIAS\" \/>\n<meta property=\"og:description\" content=\"El proyecto de comunicaci\u00f3n presentado por la banca del concejal, Hugo Sartori en el Honorable Concejo Deliberante de la ciudad de Iguaz\u00fa busca implementar un r\u00e9gimen especial de compras para los residentes de la ciudad. El objetivo principal es fomentar el desarrollo econ\u00f3mico local y brindar apoyo a los residentes de la ciudad. La iniciativa [&hellip;]\" \/>\n<meta property=\"og:url\" content=\"https:\/\/cvinoticias.com\/v3\/el-concejal-hugo-sartori-impulsa-el-proyecto-de-regimen-especial-de-compras-para-residentes-de-iguazu\/\" \/>\n<meta property=\"og:site_name\" content=\"CVI NOTICIAS\" \/>\n<meta property=\"article:publisher\" content=\"https:\/\/www.facebook.com\/cvinoticias\" \/>\n<meta property=\"article:published_time\" content=\"2025-03-20T16:20:00+00:00\" \/>\n<meta property=\"article:modified_time\" content=\"2025-03-20T18:29:30+00:00\" \/>\n<meta property=\"og:image\" content=\"https:\/\/cvinoticias.com\/wp-content\/uploads\/2025\/03\/3bd5defc-e583-43ee-8889-bf225743624d.jpeg\" \/>\n\t<meta property=\"og:image:width\" content=\"1600\" \/>\n\t<meta property=\"og:image:height\" content=\"793\" \/>\n\t<meta property=\"og:image:type\" content=\"image\/jpeg\" \/>\n<meta name=\"author\" content=\"f1000024\" \/>\n<meta name=\"twitter:card\" content=\"summary_large_image\" \/>\n<meta name=\"twitter:label1\" content=\"Escrito por\" \/>\n\t<meta name=\"twitter:data1\" content=\"f1000024\" \/>\n\t<meta name=\"twitter:label2\" content=\"Tiempo de lectura\" \/>\n\t<meta name=\"twitter:data2\" content=\"2 minutos\" \/>\n<script type=\"application\/ld+json\" class=\"yoast-schema-graph\">{\"@context\":\"https:\\\/\\\/schema.org\",\"@graph\":[{\"@type\":\"Article\",\"@id\":\"https:\\\/\\\/cvinoticias.com\\\/v3\\\/el-concejal-hugo-sartori-impulsa-el-proyecto-de-regimen-especial-de-compras-para-residentes-de-iguazu\\\/#article\",\"isPartOf\":{\"@id\":\"https:\\\/\\\/cvinoticias.com\\\/v3\\\/el-concejal-hugo-sartori-impulsa-el-proyecto-de-regimen-especial-de-compras-para-residentes-de-iguazu\\\/\"},\"author\":{\"name\":\"f1000024\",\"@id\":\"https:\\\/\\\/cvinoticias.com\\\/v3\\\/#\\\/schema\\\/person\\\/2db77e3c6bc03c538495d7b2b8be9b66\"},\"headline\":\"El Concejal Hugo Sartori impulsa el proyecto de R\u00e9gimen especial de compras para residentes de Iguaz\u00fa\",\"datePublished\":\"2025-03-20T16:20:00+00:00\",\"dateModified\":\"2025-03-20T18:29:30+00:00\",\"mainEntityOfPage\":{\"@id\":\"https:\\\/\\\/cvinoticias.com\\\/v3\\\/el-concejal-hugo-sartori-impulsa-el-proyecto-de-regimen-especial-de-compras-para-residentes-de-iguazu\\\/\"},\"wordCount\":216,\"commentCount\":0,\"publisher\":{\"@id\":\"https:\\\/\\\/cvinoticias.com\\\/v3\\\/#organization\"},\"image\":{\"@id\":\"https:\\\/\\\/cvinoticias.com\\\/v3\\\/el-concejal-hugo-sartori-impulsa-el-proyecto-de-regimen-especial-de-compras-para-residentes-de-iguazu\\\/#primaryimage\"},\"thumbnailUrl\":\"https:\\\/\\\/cvinoticias.com\\\/wp-content\\\/uploads\\\/2025\\\/03\\\/3bd5defc-e583-43ee-8889-bf225743624d.jpeg\",\"keywords\":[\"compras\",\"Concejal\",\"Frontera\",\"Proyecto\",\"sartori\"],\"articleSection\":[\"Concejo Deliberante\",\"Frontera\"],\"inLanguage\":\"es\",\"potentialAction\":[{\"@type\":\"CommentAction\",\"name\":\"Comment\",\"target\":[\"https:\\\/\\\/cvinoticias.com\\\/v3\\\/el-concejal-hugo-sartori-impulsa-el-proyecto-de-regimen-especial-de-compras-para-residentes-de-iguazu\\\/#respond\"]}]},{\"@type\":\"WebPage\",\"@id\":\"https:\\\/\\\/cvinoticias.com\\\/v3\\\/el-concejal-hugo-sartori-impulsa-el-proyecto-de-regimen-especial-de-compras-para-residentes-de-iguazu\\\/\",\"url\":\"https:\\\/\\\/cvinoticias.com\\\/v3\\\/el-concejal-hugo-sartori-impulsa-el-proyecto-de-regimen-especial-de-compras-para-residentes-de-iguazu\\\/\",\"name\":\"El Concejal Hugo Sartori impulsa el proyecto de R\u00e9gimen especial de compras para residentes de Iguaz\u00fa | CVI NOTICIAS\",\"isPartOf\":{\"@id\":\"https:\\\/\\\/cvinoticias.com\\\/v3\\\/#website\"},\"primaryImageOfPage\":{\"@id\":\"https:\\\/\\\/cvinoticias.com\\\/v3\\\/el-concejal-hugo-sartori-impulsa-el-proyecto-de-regimen-especial-de-compras-para-residentes-de-iguazu\\\/#primaryimage\"},\"image\":{\"@id\":\"https:\\\/\\\/cvinoticias.com\\\/v3\\\/el-concejal-hugo-sartori-impulsa-el-proyecto-de-regimen-especial-de-compras-para-residentes-de-iguazu\\\/#primaryimage\"},\"thumbnailUrl\":\"https:\\\/\\\/cvinoticias.com\\\/wp-content\\\/uploads\\\/2025\\\/03\\\/3bd5defc-e583-43ee-8889-bf225743624d.jpeg\",\"datePublished\":\"2025-03-20T16:20:00+00:00\",\"dateModified\":\"2025-03-20T18:29:30+00:00\",\"breadcrumb\":{\"@id\":\"https:\\\/\\\/cvinoticias.com\\\/v3\\\/el-concejal-hugo-sartori-impulsa-el-proyecto-de-regimen-especial-de-compras-para-residentes-de-iguazu\\\/#breadcrumb\"},\"inLanguage\":\"es\",\"potentialAction\":[{\"@type\":\"ReadAction\",\"target\":[\"https:\\\/\\\/cvinoticias.com\\\/v3\\\/el-concejal-hugo-sartori-impulsa-el-proyecto-de-regimen-especial-de-compras-para-residentes-de-iguazu\\\/\"]}]},{\"@type\":\"ImageObject\",\"inLanguage\":\"es\",\"@id\":\"https:\\\/\\\/cvinoticias.com\\\/v3\\\/el-concejal-hugo-sartori-impulsa-el-proyecto-de-regimen-especial-de-compras-para-residentes-de-iguazu\\\/#primaryimage\",\"url\":\"https:\\\/\\\/cvinoticias.com\\\/wp-content\\\/uploads\\\/2025\\\/03\\\/3bd5defc-e583-43ee-8889-bf225743624d.jpeg\",\"contentUrl\":\"https:\\\/\\\/cvinoticias.com\\\/wp-content\\\/uploads\\\/2025\\\/03\\\/3bd5defc-e583-43ee-8889-bf225743624d.jpeg\",\"width\":1600,\"height\":793},{\"@type\":\"BreadcrumbList\",\"@id\":\"https:\\\/\\\/cvinoticias.com\\\/v3\\\/el-concejal-hugo-sartori-impulsa-el-proyecto-de-regimen-especial-de-compras-para-residentes-de-iguazu\\\/#breadcrumb\",\"itemListElement\":[{\"@type\":\"ListItem\",\"position\":1,\"name\":\"Portada\",\"item\":\"https:\\\/\\\/cvinoticias.com\\\/v3\\\/\"},{\"@type\":\"ListItem\",\"position\":2,\"name\":\"El Concejal Hugo Sartori impulsa el proyecto de R\u00e9gimen especial de compras para residentes de Iguaz\u00fa\"}]},{\"@type\":\"WebSite\",\"@id\":\"https:\\\/\\\/cvinoticias.com\\\/v3\\\/#website\",\"url\":\"https:\\\/\\\/cvinoticias.com\\\/v3\\\/\",\"name\":\"CVI NOTICIAS\",\"description\":\"\",\"publisher\":{\"@id\":\"https:\\\/\\\/cvinoticias.com\\\/v3\\\/#organization\"},\"alternateName\":\"CVI\",\"potentialAction\":[{\"@type\":\"SearchAction\",\"target\":{\"@type\":\"EntryPoint\",\"urlTemplate\":\"https:\\\/\\\/cvinoticias.com\\\/v3\\\/?s={search_term_string}\"},\"query-input\":{\"@type\":\"PropertyValueSpecification\",\"valueRequired\":true,\"valueName\":\"search_term_string\"}}],\"inLanguage\":\"es\"},{\"@type\":\"Organization\",\"@id\":\"https:\\\/\\\/cvinoticias.com\\\/v3\\\/#organization\",\"name\":\"CVI NOTICIAS\",\"url\":\"https:\\\/\\\/cvinoticias.com\\\/v3\\\/\",\"logo\":{\"@type\":\"ImageObject\",\"inLanguage\":\"es\",\"@id\":\"https:\\\/\\\/cvinoticias.com\\\/v3\\\/#\\\/schema\\\/logo\\\/image\\\/\",\"url\":\"https:\\\/\\\/cvinoticias.com\\\/wp-content\\\/uploads\\\/2023\\\/04\\\/cropped-cropped-cropped-cropped-cropped-3-1.png\",\"contentUrl\":\"https:\\\/\\\/cvinoticias.com\\\/wp-content\\\/uploads\\\/2023\\\/04\\\/cropped-cropped-cropped-cropped-cropped-3-1.png\",\"width\":95,\"height\":122,\"caption\":\"CVI NOTICIAS\"},\"image\":{\"@id\":\"https:\\\/\\\/cvinoticias.com\\\/v3\\\/#\\\/schema\\\/logo\\\/image\\\/\"},\"sameAs\":[\"https:\\\/\\\/www.facebook.com\\\/cvinoticias\",\"https:\\\/\\\/www.instagram.com\\\/cvinoticias\\\/\",\"https:\\\/\\\/www.youtube.com\\\/@CVINOTICIAS\"]},{\"@type\":\"Person\",\"@id\":\"https:\\\/\\\/cvinoticias.com\\\/v3\\\/#\\\/schema\\\/person\\\/2db77e3c6bc03c538495d7b2b8be9b66\",\"name\":\"f1000024\",\"image\":{\"@type\":\"ImageObject\",\"inLanguage\":\"es\",\"@id\":\"https:\\\/\\\/secure.gravatar.com\\\/avatar\\\/d4fe7459cfc51ff5129ce1a732bbef5928568b8092d412ef95611616376bbeed?s=96&d=mm&r=g\",\"url\":\"https:\\\/\\\/secure.gravatar.com\\\/avatar\\\/d4fe7459cfc51ff5129ce1a732bbef5928568b8092d412ef95611616376bbeed?s=96&d=mm&r=g\",\"contentUrl\":\"https:\\\/\\\/secure.gravatar.com\\\/avatar\\\/d4fe7459cfc51ff5129ce1a732bbef5928568b8092d412ef95611616376bbeed?s=96&d=mm&r=g\",\"caption\":\"f1000024\"},\"url\":\"https:\\\/\\\/cvinoticias.com\\\/v3\\\/author\\\/f1000024\\\/\"}]}<\/script>\n<!-- \/ Yoast SEO plugin. -->","yoast_head_json":{"title":"El Concejal Hugo Sartori impulsa el proyecto de R\u00e9gimen especial de compras para residentes de Iguaz\u00fa | CVI NOTICIAS","robots":{"index":"index","follow":"follow","max-snippet":"max-snippet:-1","max-image-preview":"max-image-preview:large","max-video-preview":"max-video-preview:-1"},"canonical":"https:\/\/cvinoticias.com\/v3\/el-concejal-hugo-sartori-impulsa-el-proyecto-de-regimen-especial-de-compras-para-residentes-de-iguazu\/","og_locale":"es_ES","og_type":"article","og_title":"El Concejal Hugo Sartori impulsa el proyecto de R\u00e9gimen especial de compras para residentes de Iguaz\u00fa | CVI NOTICIAS","og_description":"El proyecto de comunicaci\u00f3n presentado por la banca del concejal, Hugo Sartori en el Honorable Concejo Deliberante de la ciudad de Iguaz\u00fa busca implementar un r\u00e9gimen especial de compras para los residentes de la ciudad. El objetivo principal es fomentar el desarrollo econ\u00f3mico local y brindar apoyo a los residentes de la ciudad. La iniciativa [&hellip;]","og_url":"https:\/\/cvinoticias.com\/v3\/el-concejal-hugo-sartori-impulsa-el-proyecto-de-regimen-especial-de-compras-para-residentes-de-iguazu\/","og_site_name":"CVI NOTICIAS","article_publisher":"https:\/\/www.facebook.com\/cvinoticias","article_published_time":"2025-03-20T16:20:00+00:00","article_modified_time":"2025-03-20T18:29:30+00:00","og_image":[{"width":1600,"height":793,"url":"https:\/\/cvinoticias.com\/wp-content\/uploads\/2025\/03\/3bd5defc-e583-43ee-8889-bf225743624d.jpeg","type":"image\/jpeg"}],"author":"f1000024","twitter_card":"summary_large_image","twitter_misc":{"Escrito por":"f1000024","Tiempo de lectura":"2 minutos"},"schema":{"@context":"https:\/\/schema.org","@graph":[{"@type":"Article","@id":"https:\/\/cvinoticias.com\/v3\/el-concejal-hugo-sartori-impulsa-el-proyecto-de-regimen-especial-de-compras-para-residentes-de-iguazu\/#article","isPartOf":{"@id":"https:\/\/cvinoticias.com\/v3\/el-concejal-hugo-sartori-impulsa-el-proyecto-de-regimen-especial-de-compras-para-residentes-de-iguazu\/"},"author":{"name":"f1000024","@id":"https:\/\/cvinoticias.com\/v3\/#\/schema\/person\/2db77e3c6bc03c538495d7b2b8be9b66"},"headline":"El Concejal Hugo Sartori impulsa el proyecto de R\u00e9gimen especial de compras para residentes de Iguaz\u00fa","datePublished":"2025-03-20T16:20:00+00:00","dateModified":"2025-03-20T18:29:30+00:00","mainEntityOfPage":{"@id":"https:\/\/cvinoticias.com\/v3\/el-concejal-hugo-sartori-impulsa-el-proyecto-de-regimen-especial-de-compras-para-residentes-de-iguazu\/"},"wordCount":216,"commentCount":0,"publisher":{"@id":"https:\/\/cvinoticias.com\/v3\/#organization"},"image":{"@id":"https:\/\/cvinoticias.com\/v3\/el-concejal-hugo-sartori-impulsa-el-proyecto-de-regimen-especial-de-compras-para-residentes-de-iguazu\/#primaryimage"},"thumbnailUrl":"https:\/\/cvinoticias.com\/wp-content\/uploads\/2025\/03\/3bd5defc-e583-43ee-8889-bf225743624d.jpeg","keywords":["compras","Concejal","Frontera","Proyecto","sartori"],"articleSection":["Concejo Deliberante","Frontera"],"inLanguage":"es","potentialAction":[{"@type":"CommentAction","name":"Comment","target":["https:\/\/cvinoticias.com\/v3\/el-concejal-hugo-sartori-impulsa-el-proyecto-de-regimen-especial-de-compras-para-residentes-de-iguazu\/#respond"]}]},{"@type":"WebPage","@id":"https:\/\/cvinoticias.com\/v3\/el-concejal-hugo-sartori-impulsa-el-proyecto-de-regimen-especial-de-compras-para-residentes-de-iguazu\/","url":"https:\/\/cvinoticias.com\/v3\/el-concejal-hugo-sartori-impulsa-el-proyecto-de-regimen-especial-de-compras-para-residentes-de-iguazu\/","name":"El Concejal Hugo Sartori impulsa el proyecto de R\u00e9gimen especial de compras para residentes de Iguaz\u00fa | CVI NOTICIAS","isPartOf":{"@id":"https:\/\/cvinoticias.com\/v3\/#website"},"primaryImageOfPage":{"@id":"https:\/\/cvinoticias.com\/v3\/el-concejal-hugo-sartori-impulsa-el-proyecto-de-regimen-especial-de-compras-para-residentes-de-iguazu\/#primaryimage"},"image":{"@id":"https:\/\/cvinoticias.com\/v3\/el-concejal-hugo-sartori-impulsa-el-proyecto-de-regimen-especial-de-compras-para-residentes-de-iguazu\/#primaryimage"},"thumbnailUrl":"https:\/\/cvinoticias.com\/wp-content\/uploads\/2025\/03\/3bd5defc-e583-43ee-8889-bf225743624d.jpeg","datePublished":"2025-03-20T16:20:00+00:00","dateModified":"2025-03-20T18:29:30+00:00","breadcrumb":{"@id":"https:\/\/cvinoticias.com\/v3\/el-concejal-hugo-sartori-impulsa-el-proyecto-de-regimen-especial-de-compras-para-residentes-de-iguazu\/#breadcrumb"},"inLanguage":"es","potentialAction":[{"@type":"ReadAction","target":["https:\/\/cvinoticias.com\/v3\/el-concejal-hugo-sartori-impulsa-el-proyecto-de-regimen-especial-de-compras-para-residentes-de-iguazu\/"]}]},{"@type":"ImageObject","inLanguage":"es","@id":"https:\/\/cvinoticias.com\/v3\/el-concejal-hugo-sartori-impulsa-el-proyecto-de-regimen-especial-de-compras-para-residentes-de-iguazu\/#primaryimage","url":"https:\/\/cvinoticias.com\/wp-content\/uploads\/2025\/03\/3bd5defc-e583-43ee-8889-bf225743624d.jpeg","contentUrl":"https:\/\/cvinoticias.com\/wp-content\/uploads\/2025\/03\/3bd5defc-e583-43ee-8889-bf225743624d.jpeg","width":1600,"height":793},{"@type":"BreadcrumbList","@id":"https:\/\/cvinoticias.com\/v3\/el-concejal-hugo-sartori-impulsa-el-proyecto-de-regimen-especial-de-compras-para-residentes-de-iguazu\/#breadcrumb","itemListElement":[{"@type":"ListItem","position":1,"name":"Portada","item":"https:\/\/cvinoticias.com\/v3\/"},{"@type":"ListItem","position":2,"name":"El Concejal Hugo Sartori impulsa el proyecto de R\u00e9gimen especial de compras para residentes de Iguaz\u00fa"}]},{"@type":"WebSite","@id":"https:\/\/cvinoticias.com\/v3\/#website","url":"https:\/\/cvinoticias.com\/v3\/","name":"CVI NOTICIAS","description":"","publisher":{"@id":"https:\/\/cvinoticias.com\/v3\/#organization"},"alternateName":"CVI","potentialAction":[{"@type":"SearchAction","target":{"@type":"EntryPoint","urlTemplate":"https:\/\/cvinoticias.com\/v3\/?s={search_term_string}"},"query-input":{"@type":"PropertyValueSpecification","valueRequired":true,"valueName":"search_term_string"}}],"inLanguage":"es"},{"@type":"Organization","@id":"https:\/\/cvinoticias.com\/v3\/#organization","name":"CVI NOTICIAS","url":"https:\/\/cvinoticias.com\/v3\/","logo":{"@type":"ImageObject","inLanguage":"es","@id":"https:\/\/cvinoticias.com\/v3\/#\/schema\/logo\/image\/","url":"https:\/\/cvinoticias.com\/wp-content\/uploads\/2023\/04\/cropped-cropped-cropped-cropped-cropped-3-1.png","contentUrl":"https:\/\/cvinoticias.com\/wp-content\/uploads\/2023\/04\/cropped-cropped-cropped-cropped-cropped-3-1.png","width":95,"height":122,"caption":"CVI NOTICIAS"},"image":{"@id":"https:\/\/cvinoticias.com\/v3\/#\/schema\/logo\/image\/"},"sameAs":["https:\/\/www.facebook.com\/cvinoticias","https:\/\/www.instagram.com\/cvinoticias\/","https:\/\/www.youtube.com\/@CVINOTICIAS"]},{"@type":"Person","@id":"https:\/\/cvinoticias.com\/v3\/#\/schema\/person\/2db77e3c6bc03c538495d7b2b8be9b66","name":"f1000024","image":{"@type":"ImageObject","inLanguage":"es","@id":"https:\/\/secure.gravatar.com\/avatar\/d4fe7459cfc51ff5129ce1a732bbef5928568b8092d412ef95611616376bbeed?s=96&d=mm&r=g","url":"https:\/\/secure.gravatar.com\/avatar\/d4fe7459cfc51ff5129ce1a732bbef5928568b8092d412ef95611616376bbeed?s=96&d=mm&r=g","contentUrl":"https:\/\/secure.gravatar.com\/avatar\/d4fe7459cfc51ff5129ce1a732bbef5928568b8092d412ef95611616376bbeed?s=96&d=mm&r=g","caption":"f1000024"},"url":"https:\/\/cvinoticias.com\/v3\/author\/f1000024\/"}]}},"_links":{"self":[{"href":"https:\/\/cvinoticias.com\/v3\/wp-json\/wp\/v2\/posts\/40409","targetHints":{"allow":["GET"]}}],"collection":[{"href":"https:\/\/cvinoticias.com\/v3\/wp-json\/wp\/v2\/posts"}],"about":[{"href":"https:\/\/cvinoticias.com\/v3\/wp-json\/wp\/v2\/types\/post"}],"author":[{"embeddable":true,"href":"https:\/\/cvinoticias.com\/v3\/wp-json\/wp\/v2\/users\/2"}],"replies":[{"embeddable":true,"href":"https:\/\/cvinoticias.com\/v3\/wp-json\/wp\/v2\/comments?post=40409"}],"version-history":[{"count":1,"href":"https:\/\/cvinoticias.com\/v3\/wp-json\/wp\/v2\/posts\/40409\/revisions"}],"predecessor-version":[{"id":40411,"href":"https:\/\/cvinoticias.com\/v3\/wp-json\/wp\/v2\/posts\/40409\/revisions\/40411"}],"wp:featuredmedia":[{"embeddable":true,"href":"https:\/\/cvinoticias.com\/v3\/wp-json\/wp\/v2\/media\/40410"}],"wp:attachment":[{"href":"https:\/\/cvinoticias.com\/v3\/wp-json\/wp\/v2\/media?parent=40409"}],"wp:term":[{"taxonomy":"category","embeddable":true,"href":"https:\/\/cvinoticias.com\/v3\/wp-json\/wp\/v2\/categories?post=40409"},{"taxonomy":"post_tag","embeddable":true,"href":"https:\/\/cvinoticias.com\/v3\/wp-json\/wp\/v2\/tags?post=40409"}],"curies":[{"name":"wp","href":"https:\/\/api.w.org\/{rel}","templated":true}]}}