{"id":40043,"date":"2025-03-05T21:59:00","date_gmt":"2025-03-06T00:59:00","guid":{"rendered":"https:\/\/cvinoticias.com\/v3\/?p=40043"},"modified":"2025-03-06T17:56:59","modified_gmt":"2025-03-06T20:56:59","slug":"bailanta-el-monarca-celebra-el-dia-de-la-mujer","status":"publish","type":"post","link":"https:\/\/cvinoticias.com\/v3\/bailanta-el-monarca-celebra-el-dia-de-la-mujer\/","title":{"rendered":"Bailanta El Monarca celebra el d\u00eda de la mujer"},"content":{"rendered":"\n<p>Este fin de semana, Bailanta El Monarca se convertir\u00e1 en el lugar perfecto para celebrar el D\u00eda Internacional de la Mujer.<\/p>\n\n\n\n<p>El viernes, la noche se calentar\u00e1 con la presentaci\u00f3n de Potencia Cervecera y Ruben y Diego, quienes garantizan una noche llena de energ\u00eda y diversi\u00f3n.<\/p>\n\n\n\n<p>Pero el s\u00e1bado es cuando la fiesta alcanzar\u00e1 su punto m\u00e1ximo con la presentaci\u00f3n de Preguinho y Seus Teclados y Lucas y Banda.<\/p>\n\n\n\n<p>A partir de las 00:00 hs, vivilo en Bailanta El Monarca.<\/p>\n","protected":false},"excerpt":{"rendered":"<p>Este fin de semana, Bailanta El Monarca se convertir\u00e1 en el lugar perfecto para celebrar el D\u00eda Internacional de la Mujer. El viernes, la noche se calentar\u00e1 con la presentaci\u00f3n de Potencia Cervecera y Ruben y Diego, quienes garantizan una noche llena de energ\u00eda y diversi\u00f3n. Pero el s\u00e1bado es cuando la fiesta alcanzar\u00e1 su [&hellip;]<\/p>\n","protected":false},"author":2,"featured_media":40047,"comment_status":"open","ping_status":"open","sticky":false,"template":"","format":"standard","meta":{"footnotes":""},"categories":[34],"tags":[1318,1317],"class_list":["post-40043","post","type-post","status-publish","format-standard","has-post-thumbnail","hentry","category-espectaculos","tag-bailanta","tag-el-monarca"],"yoast_head":"<!-- This site is optimized with the Yoast SEO plugin v27.5 - https:\/\/yoast.com\/product\/yoast-seo-wordpress\/ -->\n<title>Bailanta El Monarca celebra el d\u00eda de la mujer | CVI NOTICIAS<\/title>\n<meta name=\"robots\" content=\"index, follow, max-snippet:-1, max-image-preview:large, max-video-preview:-1\" \/>\n<link rel=\"canonical\" href=\"https:\/\/cvinoticias.com\/v3\/bailanta-el-monarca-celebra-el-dia-de-la-mujer\/\" \/>\n<meta property=\"og:locale\" content=\"es_ES\" \/>\n<meta property=\"og:type\" content=\"article\" \/>\n<meta property=\"og:title\" content=\"Bailanta El Monarca celebra el d\u00eda de la mujer | CVI NOTICIAS\" \/>\n<meta property=\"og:description\" content=\"Este fin de semana, Bailanta El Monarca se convertir\u00e1 en el lugar perfecto para celebrar el D\u00eda Internacional de la Mujer. El viernes, la noche se calentar\u00e1 con la presentaci\u00f3n de Potencia Cervecera y Ruben y Diego, quienes garantizan una noche llena de energ\u00eda y diversi\u00f3n. Pero el s\u00e1bado es cuando la fiesta alcanzar\u00e1 su [&hellip;]\" \/>\n<meta property=\"og:url\" content=\"https:\/\/cvinoticias.com\/v3\/bailanta-el-monarca-celebra-el-dia-de-la-mujer\/\" \/>\n<meta property=\"og:site_name\" content=\"CVI NOTICIAS\" \/>\n<meta property=\"article:publisher\" content=\"https:\/\/www.facebook.com\/cvinoticias\" \/>\n<meta property=\"article:published_time\" content=\"2025-03-06T00:59:00+00:00\" \/>\n<meta property=\"article:modified_time\" content=\"2025-03-06T20:56:59+00:00\" \/>\n<meta property=\"og:image\" content=\"https:\/\/cvinoticias.com\/wp-content\/uploads\/2025\/03\/Screenshot_20250306_160152_WhatsApp.jpg\" \/>\n\t<meta property=\"og:image:width\" content=\"720\" \/>\n\t<meta property=\"og:image:height\" content=\"1280\" \/>\n\t<meta property=\"og:image:type\" content=\"image\/jpeg\" \/>\n<meta name=\"author\" content=\"f1000024\" \/>\n<meta name=\"twitter:card\" content=\"summary_large_image\" \/>\n<meta name=\"twitter:label1\" content=\"Escrito por\" \/>\n\t<meta name=\"twitter:data1\" content=\"f1000024\" \/>\n\t<meta name=\"twitter:label2\" content=\"Tiempo de lectura\" \/>\n\t<meta name=\"twitter:data2\" content=\"1 minuto\" \/>\n<script type=\"application\/ld+json\" class=\"yoast-schema-graph\">{\"@context\":\"https:\\\/\\\/schema.org\",\"@graph\":[{\"@type\":\"Article\",\"@id\":\"https:\\\/\\\/cvinoticias.com\\\/v3\\\/bailanta-el-monarca-celebra-el-dia-de-la-mujer\\\/#article\",\"isPartOf\":{\"@id\":\"https:\\\/\\\/cvinoticias.com\\\/v3\\\/bailanta-el-monarca-celebra-el-dia-de-la-mujer\\\/\"},\"author\":{\"name\":\"f1000024\",\"@id\":\"https:\\\/\\\/cvinoticias.com\\\/v3\\\/#\\\/schema\\\/person\\\/2db77e3c6bc03c538495d7b2b8be9b66\"},\"headline\":\"Bailanta El Monarca celebra el d\u00eda de la mujer\",\"datePublished\":\"2025-03-06T00:59:00+00:00\",\"dateModified\":\"2025-03-06T20:56:59+00:00\",\"mainEntityOfPage\":{\"@id\":\"https:\\\/\\\/cvinoticias.com\\\/v3\\\/bailanta-el-monarca-celebra-el-dia-de-la-mujer\\\/\"},\"wordCount\":96,\"commentCount\":0,\"publisher\":{\"@id\":\"https:\\\/\\\/cvinoticias.com\\\/v3\\\/#organization\"},\"image\":{\"@id\":\"https:\\\/\\\/cvinoticias.com\\\/v3\\\/bailanta-el-monarca-celebra-el-dia-de-la-mujer\\\/#primaryimage\"},\"thumbnailUrl\":\"https:\\\/\\\/cvinoticias.com\\\/wp-content\\\/uploads\\\/2025\\\/03\\\/Screenshot_20250306_160152_WhatsApp.jpg\",\"keywords\":[\"Bailanta\",\"El monarca\"],\"articleSection\":[\"Espect\u00e1culos\"],\"inLanguage\":\"es\",\"potentialAction\":[{\"@type\":\"CommentAction\",\"name\":\"Comment\",\"target\":[\"https:\\\/\\\/cvinoticias.com\\\/v3\\\/bailanta-el-monarca-celebra-el-dia-de-la-mujer\\\/#respond\"]}]},{\"@type\":\"WebPage\",\"@id\":\"https:\\\/\\\/cvinoticias.com\\\/v3\\\/bailanta-el-monarca-celebra-el-dia-de-la-mujer\\\/\",\"url\":\"https:\\\/\\\/cvinoticias.com\\\/v3\\\/bailanta-el-monarca-celebra-el-dia-de-la-mujer\\\/\",\"name\":\"Bailanta El Monarca celebra el d\u00eda de la mujer | CVI NOTICIAS\",\"isPartOf\":{\"@id\":\"https:\\\/\\\/cvinoticias.com\\\/v3\\\/#website\"},\"primaryImageOfPage\":{\"@id\":\"https:\\\/\\\/cvinoticias.com\\\/v3\\\/bailanta-el-monarca-celebra-el-dia-de-la-mujer\\\/#primaryimage\"},\"image\":{\"@id\":\"https:\\\/\\\/cvinoticias.com\\\/v3\\\/bailanta-el-monarca-celebra-el-dia-de-la-mujer\\\/#primaryimage\"},\"thumbnailUrl\":\"https:\\\/\\\/cvinoticias.com\\\/wp-content\\\/uploads\\\/2025\\\/03\\\/Screenshot_20250306_160152_WhatsApp.jpg\",\"datePublished\":\"2025-03-06T00:59:00+00:00\",\"dateModified\":\"2025-03-06T20:56:59+00:00\",\"breadcrumb\":{\"@id\":\"https:\\\/\\\/cvinoticias.com\\\/v3\\\/bailanta-el-monarca-celebra-el-dia-de-la-mujer\\\/#breadcrumb\"},\"inLanguage\":\"es\",\"potentialAction\":[{\"@type\":\"ReadAction\",\"target\":[\"https:\\\/\\\/cvinoticias.com\\\/v3\\\/bailanta-el-monarca-celebra-el-dia-de-la-mujer\\\/\"]}]},{\"@type\":\"ImageObject\",\"inLanguage\":\"es\",\"@id\":\"https:\\\/\\\/cvinoticias.com\\\/v3\\\/bailanta-el-monarca-celebra-el-dia-de-la-mujer\\\/#primaryimage\",\"url\":\"https:\\\/\\\/cvinoticias.com\\\/wp-content\\\/uploads\\\/2025\\\/03\\\/Screenshot_20250306_160152_WhatsApp.jpg\",\"contentUrl\":\"https:\\\/\\\/cvinoticias.com\\\/wp-content\\\/uploads\\\/2025\\\/03\\\/Screenshot_20250306_160152_WhatsApp.jpg\",\"width\":720,\"height\":1280},{\"@type\":\"BreadcrumbList\",\"@id\":\"https:\\\/\\\/cvinoticias.com\\\/v3\\\/bailanta-el-monarca-celebra-el-dia-de-la-mujer\\\/#breadcrumb\",\"itemListElement\":[{\"@type\":\"ListItem\",\"position\":1,\"name\":\"Portada\",\"item\":\"https:\\\/\\\/cvinoticias.com\\\/v3\\\/\"},{\"@type\":\"ListItem\",\"position\":2,\"name\":\"Bailanta El Monarca celebra el d\u00eda de la mujer\"}]},{\"@type\":\"WebSite\",\"@id\":\"https:\\\/\\\/cvinoticias.com\\\/v3\\\/#website\",\"url\":\"https:\\\/\\\/cvinoticias.com\\\/v3\\\/\",\"name\":\"CVI NOTICIAS\",\"description\":\"\",\"publisher\":{\"@id\":\"https:\\\/\\\/cvinoticias.com\\\/v3\\\/#organization\"},\"alternateName\":\"CVI\",\"potentialAction\":[{\"@type\":\"SearchAction\",\"target\":{\"@type\":\"EntryPoint\",\"urlTemplate\":\"https:\\\/\\\/cvinoticias.com\\\/v3\\\/?s={search_term_string}\"},\"query-input\":{\"@type\":\"PropertyValueSpecification\",\"valueRequired\":true,\"valueName\":\"search_term_string\"}}],\"inLanguage\":\"es\"},{\"@type\":\"Organization\",\"@id\":\"https:\\\/\\\/cvinoticias.com\\\/v3\\\/#organization\",\"name\":\"CVI NOTICIAS\",\"url\":\"https:\\\/\\\/cvinoticias.com\\\/v3\\\/\",\"logo\":{\"@type\":\"ImageObject\",\"inLanguage\":\"es\",\"@id\":\"https:\\\/\\\/cvinoticias.com\\\/v3\\\/#\\\/schema\\\/logo\\\/image\\\/\",\"url\":\"https:\\\/\\\/cvinoticias.com\\\/wp-content\\\/uploads\\\/2023\\\/04\\\/cropped-cropped-cropped-cropped-cropped-3-1.png\",\"contentUrl\":\"https:\\\/\\\/cvinoticias.com\\\/wp-content\\\/uploads\\\/2023\\\/04\\\/cropped-cropped-cropped-cropped-cropped-3-1.png\",\"width\":95,\"height\":122,\"caption\":\"CVI NOTICIAS\"},\"image\":{\"@id\":\"https:\\\/\\\/cvinoticias.com\\\/v3\\\/#\\\/schema\\\/logo\\\/image\\\/\"},\"sameAs\":[\"https:\\\/\\\/www.facebook.com\\\/cvinoticias\",\"https:\\\/\\\/www.instagram.com\\\/cvinoticias\\\/\",\"https:\\\/\\\/www.youtube.com\\\/@CVINOTICIAS\"]},{\"@type\":\"Person\",\"@id\":\"https:\\\/\\\/cvinoticias.com\\\/v3\\\/#\\\/schema\\\/person\\\/2db77e3c6bc03c538495d7b2b8be9b66\",\"name\":\"f1000024\",\"image\":{\"@type\":\"ImageObject\",\"inLanguage\":\"es\",\"@id\":\"https:\\\/\\\/secure.gravatar.com\\\/avatar\\\/d4fe7459cfc51ff5129ce1a732bbef5928568b8092d412ef95611616376bbeed?s=96&d=mm&r=g\",\"url\":\"https:\\\/\\\/secure.gravatar.com\\\/avatar\\\/d4fe7459cfc51ff5129ce1a732bbef5928568b8092d412ef95611616376bbeed?s=96&d=mm&r=g\",\"contentUrl\":\"https:\\\/\\\/secure.gravatar.com\\\/avatar\\\/d4fe7459cfc51ff5129ce1a732bbef5928568b8092d412ef95611616376bbeed?s=96&d=mm&r=g\",\"caption\":\"f1000024\"},\"url\":\"https:\\\/\\\/cvinoticias.com\\\/v3\\\/author\\\/f1000024\\\/\"}]}<\/script>\n<!-- \/ Yoast SEO plugin. -->","yoast_head_json":{"title":"Bailanta El Monarca celebra el d\u00eda de la mujer | CVI NOTICIAS","robots":{"index":"index","follow":"follow","max-snippet":"max-snippet:-1","max-image-preview":"max-image-preview:large","max-video-preview":"max-video-preview:-1"},"canonical":"https:\/\/cvinoticias.com\/v3\/bailanta-el-monarca-celebra-el-dia-de-la-mujer\/","og_locale":"es_ES","og_type":"article","og_title":"Bailanta El Monarca celebra el d\u00eda de la mujer | CVI NOTICIAS","og_description":"Este fin de semana, Bailanta El Monarca se convertir\u00e1 en el lugar perfecto para celebrar el D\u00eda Internacional de la Mujer. El viernes, la noche se calentar\u00e1 con la presentaci\u00f3n de Potencia Cervecera y Ruben y Diego, quienes garantizan una noche llena de energ\u00eda y diversi\u00f3n. Pero el s\u00e1bado es cuando la fiesta alcanzar\u00e1 su [&hellip;]","og_url":"https:\/\/cvinoticias.com\/v3\/bailanta-el-monarca-celebra-el-dia-de-la-mujer\/","og_site_name":"CVI NOTICIAS","article_publisher":"https:\/\/www.facebook.com\/cvinoticias","article_published_time":"2025-03-06T00:59:00+00:00","article_modified_time":"2025-03-06T20:56:59+00:00","og_image":[{"width":720,"height":1280,"url":"https:\/\/cvinoticias.com\/wp-content\/uploads\/2025\/03\/Screenshot_20250306_160152_WhatsApp.jpg","type":"image\/jpeg"}],"author":"f1000024","twitter_card":"summary_large_image","twitter_misc":{"Escrito por":"f1000024","Tiempo de lectura":"1 minuto"},"schema":{"@context":"https:\/\/schema.org","@graph":[{"@type":"Article","@id":"https:\/\/cvinoticias.com\/v3\/bailanta-el-monarca-celebra-el-dia-de-la-mujer\/#article","isPartOf":{"@id":"https:\/\/cvinoticias.com\/v3\/bailanta-el-monarca-celebra-el-dia-de-la-mujer\/"},"author":{"name":"f1000024","@id":"https:\/\/cvinoticias.com\/v3\/#\/schema\/person\/2db77e3c6bc03c538495d7b2b8be9b66"},"headline":"Bailanta El Monarca celebra el d\u00eda de la mujer","datePublished":"2025-03-06T00:59:00+00:00","dateModified":"2025-03-06T20:56:59+00:00","mainEntityOfPage":{"@id":"https:\/\/cvinoticias.com\/v3\/bailanta-el-monarca-celebra-el-dia-de-la-mujer\/"},"wordCount":96,"commentCount":0,"publisher":{"@id":"https:\/\/cvinoticias.com\/v3\/#organization"},"image":{"@id":"https:\/\/cvinoticias.com\/v3\/bailanta-el-monarca-celebra-el-dia-de-la-mujer\/#primaryimage"},"thumbnailUrl":"https:\/\/cvinoticias.com\/wp-content\/uploads\/2025\/03\/Screenshot_20250306_160152_WhatsApp.jpg","keywords":["Bailanta","El monarca"],"articleSection":["Espect\u00e1culos"],"inLanguage":"es","potentialAction":[{"@type":"CommentAction","name":"Comment","target":["https:\/\/cvinoticias.com\/v3\/bailanta-el-monarca-celebra-el-dia-de-la-mujer\/#respond"]}]},{"@type":"WebPage","@id":"https:\/\/cvinoticias.com\/v3\/bailanta-el-monarca-celebra-el-dia-de-la-mujer\/","url":"https:\/\/cvinoticias.com\/v3\/bailanta-el-monarca-celebra-el-dia-de-la-mujer\/","name":"Bailanta El Monarca celebra el d\u00eda de la mujer | CVI NOTICIAS","isPartOf":{"@id":"https:\/\/cvinoticias.com\/v3\/#website"},"primaryImageOfPage":{"@id":"https:\/\/cvinoticias.com\/v3\/bailanta-el-monarca-celebra-el-dia-de-la-mujer\/#primaryimage"},"image":{"@id":"https:\/\/cvinoticias.com\/v3\/bailanta-el-monarca-celebra-el-dia-de-la-mujer\/#primaryimage"},"thumbnailUrl":"https:\/\/cvinoticias.com\/wp-content\/uploads\/2025\/03\/Screenshot_20250306_160152_WhatsApp.jpg","datePublished":"2025-03-06T00:59:00+00:00","dateModified":"2025-03-06T20:56:59+00:00","breadcrumb":{"@id":"https:\/\/cvinoticias.com\/v3\/bailanta-el-monarca-celebra-el-dia-de-la-mujer\/#breadcrumb"},"inLanguage":"es","potentialAction":[{"@type":"ReadAction","target":["https:\/\/cvinoticias.com\/v3\/bailanta-el-monarca-celebra-el-dia-de-la-mujer\/"]}]},{"@type":"ImageObject","inLanguage":"es","@id":"https:\/\/cvinoticias.com\/v3\/bailanta-el-monarca-celebra-el-dia-de-la-mujer\/#primaryimage","url":"https:\/\/cvinoticias.com\/wp-content\/uploads\/2025\/03\/Screenshot_20250306_160152_WhatsApp.jpg","contentUrl":"https:\/\/cvinoticias.com\/wp-content\/uploads\/2025\/03\/Screenshot_20250306_160152_WhatsApp.jpg","width":720,"height":1280},{"@type":"BreadcrumbList","@id":"https:\/\/cvinoticias.com\/v3\/bailanta-el-monarca-celebra-el-dia-de-la-mujer\/#breadcrumb","itemListElement":[{"@type":"ListItem","position":1,"name":"Portada","item":"https:\/\/cvinoticias.com\/v3\/"},{"@type":"ListItem","position":2,"name":"Bailanta El Monarca celebra el d\u00eda de la mujer"}]},{"@type":"WebSite","@id":"https:\/\/cvinoticias.com\/v3\/#website","url":"https:\/\/cvinoticias.com\/v3\/","name":"CVI NOTICIAS","description":"","publisher":{"@id":"https:\/\/cvinoticias.com\/v3\/#organization"},"alternateName":"CVI","potentialAction":[{"@type":"SearchAction","target":{"@type":"EntryPoint","urlTemplate":"https:\/\/cvinoticias.com\/v3\/?s={search_term_string}"},"query-input":{"@type":"PropertyValueSpecification","valueRequired":true,"valueName":"search_term_string"}}],"inLanguage":"es"},{"@type":"Organization","@id":"https:\/\/cvinoticias.com\/v3\/#organization","name":"CVI NOTICIAS","url":"https:\/\/cvinoticias.com\/v3\/","logo":{"@type":"ImageObject","inLanguage":"es","@id":"https:\/\/cvinoticias.com\/v3\/#\/schema\/logo\/image\/","url":"https:\/\/cvinoticias.com\/wp-content\/uploads\/2023\/04\/cropped-cropped-cropped-cropped-cropped-3-1.png","contentUrl":"https:\/\/cvinoticias.com\/wp-content\/uploads\/2023\/04\/cropped-cropped-cropped-cropped-cropped-3-1.png","width":95,"height":122,"caption":"CVI NOTICIAS"},"image":{"@id":"https:\/\/cvinoticias.com\/v3\/#\/schema\/logo\/image\/"},"sameAs":["https:\/\/www.facebook.com\/cvinoticias","https:\/\/www.instagram.com\/cvinoticias\/","https:\/\/www.youtube.com\/@CVINOTICIAS"]},{"@type":"Person","@id":"https:\/\/cvinoticias.com\/v3\/#\/schema\/person\/2db77e3c6bc03c538495d7b2b8be9b66","name":"f1000024","image":{"@type":"ImageObject","inLanguage":"es","@id":"https:\/\/secure.gravatar.com\/avatar\/d4fe7459cfc51ff5129ce1a732bbef5928568b8092d412ef95611616376bbeed?s=96&d=mm&r=g","url":"https:\/\/secure.gravatar.com\/avatar\/d4fe7459cfc51ff5129ce1a732bbef5928568b8092d412ef95611616376bbeed?s=96&d=mm&r=g","contentUrl":"https:\/\/secure.gravatar.com\/avatar\/d4fe7459cfc51ff5129ce1a732bbef5928568b8092d412ef95611616376bbeed?s=96&d=mm&r=g","caption":"f1000024"},"url":"https:\/\/cvinoticias.com\/v3\/author\/f1000024\/"}]}},"_links":{"self":[{"href":"https:\/\/cvinoticias.com\/v3\/wp-json\/wp\/v2\/posts\/40043","targetHints":{"allow":["GET"]}}],"collection":[{"href":"https:\/\/cvinoticias.com\/v3\/wp-json\/wp\/v2\/posts"}],"about":[{"href":"https:\/\/cvinoticias.com\/v3\/wp-json\/wp\/v2\/types\/post"}],"author":[{"embeddable":true,"href":"https:\/\/cvinoticias.com\/v3\/wp-json\/wp\/v2\/users\/2"}],"replies":[{"embeddable":true,"href":"https:\/\/cvinoticias.com\/v3\/wp-json\/wp\/v2\/comments?post=40043"}],"version-history":[{"count":1,"href":"https:\/\/cvinoticias.com\/v3\/wp-json\/wp\/v2\/posts\/40043\/revisions"}],"predecessor-version":[{"id":40048,"href":"https:\/\/cvinoticias.com\/v3\/wp-json\/wp\/v2\/posts\/40043\/revisions\/40048"}],"wp:featuredmedia":[{"embeddable":true,"href":"https:\/\/cvinoticias.com\/v3\/wp-json\/wp\/v2\/media\/40047"}],"wp:attachment":[{"href":"https:\/\/cvinoticias.com\/v3\/wp-json\/wp\/v2\/media?parent=40043"}],"wp:term":[{"taxonomy":"category","embeddable":true,"href":"https:\/\/cvinoticias.com\/v3\/wp-json\/wp\/v2\/categories?post=40043"},{"taxonomy":"post_tag","embeddable":true,"href":"https:\/\/cvinoticias.com\/v3\/wp-json\/wp\/v2\/tags?post=40043"}],"curies":[{"name":"wp","href":"https:\/\/api.w.org\/{rel}","templated":true}]}}