{"id":39677,"date":"2025-02-19T13:22:00","date_gmt":"2025-02-19T16:22:00","guid":{"rendered":"https:\/\/cvinoticias.com\/v3\/?p=39677"},"modified":"2025-02-20T01:26:25","modified_gmt":"2025-02-20T04:26:25","slug":"filippa-responde-a-rumores-sobre-su-salud-y-reafirma-su-compromiso-con-iguazu","status":"publish","type":"post","link":"https:\/\/cvinoticias.com\/v3\/filippa-responde-a-rumores-sobre-su-salud-y-reafirma-su-compromiso-con-iguazu\/","title":{"rendered":"Filippa responde a rumores sobre su salud y reafirma su compromiso con Iguaz\u00fa"},"content":{"rendered":"\n<p>En las \u00faltimas semanas, trascendidos en distintos medios de comunicaci\u00f3n pusieron en duda la continuidad del intendente de Puerto Iguaz\u00fa, Dr. Claudio Ra\u00fal Filippa, en sus funciones debido a su estado de salud. Ante esto, el jefe comunal brind\u00f3 una entrevista exclusiva en la que aclar\u00f3 su situaci\u00f3n y ratific\u00f3 su compromiso con la gesti\u00f3n municipal.<\/p>\n\n\n\n<p>\u201cTodos los d\u00edas estoy presente en la oficina, reuni\u00e9ndome con los funcionarios de distintos sectores para seguir d\u00e1ndole al pueblo lo que corresponde. No he dejado de trabajar ni un solo d\u00eda\u201d, asegur\u00f3 Filippa. Adem\u00e1s, detall\u00f3 las acciones que se est\u00e1n llevando adelante en materia de obras p\u00fablicas, saneamiento, mantenimiento del parque vial y planificaci\u00f3n de proyectos estrat\u00e9gicos como la finalizaci\u00f3n de la costanera este y la feria artesanal sobre la calle Ortiz.<\/p>\n\n\n\n<p>El intendente tambi\u00e9n se refiri\u00f3 a las gestiones en curso con el gobierno provincial para abordar problem\u00e1ticas como el suministro de energ\u00eda el\u00e9ctrica y el transporte internacional. \u201cEstamos trabajando junto al gobernador y distintos funcionarios provinciales para solucionar los inconvenientes que van apareciendo. Adem\u00e1s, mantenemos un di\u00e1logo permanente con los vecinos para atender las necesidades de cada barrio\u201d, afirm\u00f3.<\/p>\n\n\n\n<p>Consultado sobre los rumores respecto a su salud, Filippa fue contundente: \u201cTuve una cirug\u00eda importante en la cadera y otra en el tal\u00f3n del pie izquierdo. No tengo por qu\u00e9 esconderlo ni mentir. Estoy en plena recuperaci\u00f3n, me siento bien y sigo trabajando con la misma capacidad y compromiso de siempre\u201d.<\/p>\n\n\n\n<p>El jefe comunal tambi\u00e9n hizo un llamado al respeto y a la responsabilidad en la informaci\u00f3n que se difunde: \u201cA cualquiera le puede tocar atravesar un problema de salud, pero eso no significa que haya dejado mis funciones. Agradezco el apoyo de los vecinos y seguir\u00e9 adelante con la voluntad de Dios y el respaldo de la comunidad\u201d.<\/p>\n\n\n\n<p>Mientras se disipan las especulaciones, la gesti\u00f3n municipal contin\u00faa con su agenda de trabajo en Puerto Iguaz\u00fa, enfocada en obras, servicios y el desarrollo de la ciudad como destino tur\u00edstico de referencia en la regi\u00f3n.<\/p>\n","protected":false},"excerpt":{"rendered":"<p>En las \u00faltimas semanas, trascendidos en distintos medios de comunicaci\u00f3n pusieron en duda la continuidad del intendente de Puerto Iguaz\u00fa, Dr. Claudio Ra\u00fal Filippa, en sus funciones debido a su estado de salud. Ante esto, el jefe comunal brind\u00f3 una entrevista exclusiva en la que aclar\u00f3 su situaci\u00f3n y ratific\u00f3 su compromiso con la gesti\u00f3n [&hellip;]<\/p>\n","protected":false},"author":2,"featured_media":39678,"comment_status":"open","ping_status":"open","sticky":false,"template":"","format":"standard","meta":{"footnotes":""},"categories":[917,22],"tags":[881,976,107],"class_list":["post-39677","post","type-post","status-publish","format-standard","has-post-thumbnail","hentry","category-gobierno","category-salud","tag-filippa","tag-municipalidad","tag-salud"],"yoast_head":"<!-- This site is optimized with the Yoast SEO plugin v27.5 - https:\/\/yoast.com\/product\/yoast-seo-wordpress\/ -->\n<title>Filippa responde a rumores sobre su salud y reafirma su compromiso con Iguaz\u00fa | CVI NOTICIAS<\/title>\n<meta name=\"robots\" content=\"index, follow, max-snippet:-1, max-image-preview:large, max-video-preview:-1\" \/>\n<link rel=\"canonical\" href=\"https:\/\/cvinoticias.com\/v3\/filippa-responde-a-rumores-sobre-su-salud-y-reafirma-su-compromiso-con-iguazu\/\" \/>\n<meta property=\"og:locale\" content=\"es_ES\" \/>\n<meta property=\"og:type\" content=\"article\" \/>\n<meta property=\"og:title\" content=\"Filippa responde a rumores sobre su salud y reafirma su compromiso con Iguaz\u00fa | CVI NOTICIAS\" \/>\n<meta property=\"og:description\" content=\"En las \u00faltimas semanas, trascendidos en distintos medios de comunicaci\u00f3n pusieron en duda la continuidad del intendente de Puerto Iguaz\u00fa, Dr. Claudio Ra\u00fal Filippa, en sus funciones debido a su estado de salud. Ante esto, el jefe comunal brind\u00f3 una entrevista exclusiva en la que aclar\u00f3 su situaci\u00f3n y ratific\u00f3 su compromiso con la gesti\u00f3n [&hellip;]\" \/>\n<meta property=\"og:url\" content=\"https:\/\/cvinoticias.com\/v3\/filippa-responde-a-rumores-sobre-su-salud-y-reafirma-su-compromiso-con-iguazu\/\" \/>\n<meta property=\"og:site_name\" content=\"CVI NOTICIAS\" \/>\n<meta property=\"article:publisher\" content=\"https:\/\/www.facebook.com\/cvinoticias\" \/>\n<meta property=\"article:published_time\" content=\"2025-02-19T16:22:00+00:00\" \/>\n<meta property=\"article:modified_time\" content=\"2025-02-20T04:26:25+00:00\" \/>\n<meta property=\"og:image\" content=\"https:\/\/cvinoticias.com\/wp-content\/uploads\/2025\/02\/Screenshot_20250220_012315_Video-Player.jpg\" \/>\n\t<meta property=\"og:image:width\" content=\"720\" \/>\n\t<meta property=\"og:image:height\" content=\"974\" \/>\n\t<meta property=\"og:image:type\" content=\"image\/jpeg\" \/>\n<meta name=\"author\" content=\"f1000024\" \/>\n<meta name=\"twitter:card\" content=\"summary_large_image\" \/>\n<meta name=\"twitter:label1\" content=\"Escrito por\" \/>\n\t<meta name=\"twitter:data1\" content=\"f1000024\" \/>\n\t<meta name=\"twitter:label2\" content=\"Tiempo de lectura\" \/>\n\t<meta name=\"twitter:data2\" content=\"2 minutos\" \/>\n<script type=\"application\/ld+json\" class=\"yoast-schema-graph\">{\"@context\":\"https:\\\/\\\/schema.org\",\"@graph\":[{\"@type\":\"Article\",\"@id\":\"https:\\\/\\\/cvinoticias.com\\\/v3\\\/filippa-responde-a-rumores-sobre-su-salud-y-reafirma-su-compromiso-con-iguazu\\\/#article\",\"isPartOf\":{\"@id\":\"https:\\\/\\\/cvinoticias.com\\\/v3\\\/filippa-responde-a-rumores-sobre-su-salud-y-reafirma-su-compromiso-con-iguazu\\\/\"},\"author\":{\"name\":\"f1000024\",\"@id\":\"https:\\\/\\\/cvinoticias.com\\\/v3\\\/#\\\/schema\\\/person\\\/2db77e3c6bc03c538495d7b2b8be9b66\"},\"headline\":\"Filippa responde a rumores sobre su salud y reafirma su compromiso con Iguaz\u00fa\",\"datePublished\":\"2025-02-19T16:22:00+00:00\",\"dateModified\":\"2025-02-20T04:26:25+00:00\",\"mainEntityOfPage\":{\"@id\":\"https:\\\/\\\/cvinoticias.com\\\/v3\\\/filippa-responde-a-rumores-sobre-su-salud-y-reafirma-su-compromiso-con-iguazu\\\/\"},\"wordCount\":374,\"commentCount\":0,\"publisher\":{\"@id\":\"https:\\\/\\\/cvinoticias.com\\\/v3\\\/#organization\"},\"image\":{\"@id\":\"https:\\\/\\\/cvinoticias.com\\\/v3\\\/filippa-responde-a-rumores-sobre-su-salud-y-reafirma-su-compromiso-con-iguazu\\\/#primaryimage\"},\"thumbnailUrl\":\"https:\\\/\\\/cvinoticias.com\\\/wp-content\\\/uploads\\\/2025\\\/02\\\/Screenshot_20250220_012315_Video-Player.jpg\",\"keywords\":[\"Filippa\",\"Municipalidad\",\"salud\"],\"articleSection\":[\"Gobierno\",\"Salud\"],\"inLanguage\":\"es\",\"potentialAction\":[{\"@type\":\"CommentAction\",\"name\":\"Comment\",\"target\":[\"https:\\\/\\\/cvinoticias.com\\\/v3\\\/filippa-responde-a-rumores-sobre-su-salud-y-reafirma-su-compromiso-con-iguazu\\\/#respond\"]}]},{\"@type\":\"WebPage\",\"@id\":\"https:\\\/\\\/cvinoticias.com\\\/v3\\\/filippa-responde-a-rumores-sobre-su-salud-y-reafirma-su-compromiso-con-iguazu\\\/\",\"url\":\"https:\\\/\\\/cvinoticias.com\\\/v3\\\/filippa-responde-a-rumores-sobre-su-salud-y-reafirma-su-compromiso-con-iguazu\\\/\",\"name\":\"Filippa responde a rumores sobre su salud y reafirma su compromiso con Iguaz\u00fa | CVI NOTICIAS\",\"isPartOf\":{\"@id\":\"https:\\\/\\\/cvinoticias.com\\\/v3\\\/#website\"},\"primaryImageOfPage\":{\"@id\":\"https:\\\/\\\/cvinoticias.com\\\/v3\\\/filippa-responde-a-rumores-sobre-su-salud-y-reafirma-su-compromiso-con-iguazu\\\/#primaryimage\"},\"image\":{\"@id\":\"https:\\\/\\\/cvinoticias.com\\\/v3\\\/filippa-responde-a-rumores-sobre-su-salud-y-reafirma-su-compromiso-con-iguazu\\\/#primaryimage\"},\"thumbnailUrl\":\"https:\\\/\\\/cvinoticias.com\\\/wp-content\\\/uploads\\\/2025\\\/02\\\/Screenshot_20250220_012315_Video-Player.jpg\",\"datePublished\":\"2025-02-19T16:22:00+00:00\",\"dateModified\":\"2025-02-20T04:26:25+00:00\",\"breadcrumb\":{\"@id\":\"https:\\\/\\\/cvinoticias.com\\\/v3\\\/filippa-responde-a-rumores-sobre-su-salud-y-reafirma-su-compromiso-con-iguazu\\\/#breadcrumb\"},\"inLanguage\":\"es\",\"potentialAction\":[{\"@type\":\"ReadAction\",\"target\":[\"https:\\\/\\\/cvinoticias.com\\\/v3\\\/filippa-responde-a-rumores-sobre-su-salud-y-reafirma-su-compromiso-con-iguazu\\\/\"]}]},{\"@type\":\"ImageObject\",\"inLanguage\":\"es\",\"@id\":\"https:\\\/\\\/cvinoticias.com\\\/v3\\\/filippa-responde-a-rumores-sobre-su-salud-y-reafirma-su-compromiso-con-iguazu\\\/#primaryimage\",\"url\":\"https:\\\/\\\/cvinoticias.com\\\/wp-content\\\/uploads\\\/2025\\\/02\\\/Screenshot_20250220_012315_Video-Player.jpg\",\"contentUrl\":\"https:\\\/\\\/cvinoticias.com\\\/wp-content\\\/uploads\\\/2025\\\/02\\\/Screenshot_20250220_012315_Video-Player.jpg\",\"width\":720,\"height\":974},{\"@type\":\"BreadcrumbList\",\"@id\":\"https:\\\/\\\/cvinoticias.com\\\/v3\\\/filippa-responde-a-rumores-sobre-su-salud-y-reafirma-su-compromiso-con-iguazu\\\/#breadcrumb\",\"itemListElement\":[{\"@type\":\"ListItem\",\"position\":1,\"name\":\"Portada\",\"item\":\"https:\\\/\\\/cvinoticias.com\\\/v3\\\/\"},{\"@type\":\"ListItem\",\"position\":2,\"name\":\"Filippa responde a rumores sobre su salud y reafirma su compromiso con Iguaz\u00fa\"}]},{\"@type\":\"WebSite\",\"@id\":\"https:\\\/\\\/cvinoticias.com\\\/v3\\\/#website\",\"url\":\"https:\\\/\\\/cvinoticias.com\\\/v3\\\/\",\"name\":\"CVI NOTICIAS\",\"description\":\"\",\"publisher\":{\"@id\":\"https:\\\/\\\/cvinoticias.com\\\/v3\\\/#organization\"},\"alternateName\":\"CVI\",\"potentialAction\":[{\"@type\":\"SearchAction\",\"target\":{\"@type\":\"EntryPoint\",\"urlTemplate\":\"https:\\\/\\\/cvinoticias.com\\\/v3\\\/?s={search_term_string}\"},\"query-input\":{\"@type\":\"PropertyValueSpecification\",\"valueRequired\":true,\"valueName\":\"search_term_string\"}}],\"inLanguage\":\"es\"},{\"@type\":\"Organization\",\"@id\":\"https:\\\/\\\/cvinoticias.com\\\/v3\\\/#organization\",\"name\":\"CVI NOTICIAS\",\"url\":\"https:\\\/\\\/cvinoticias.com\\\/v3\\\/\",\"logo\":{\"@type\":\"ImageObject\",\"inLanguage\":\"es\",\"@id\":\"https:\\\/\\\/cvinoticias.com\\\/v3\\\/#\\\/schema\\\/logo\\\/image\\\/\",\"url\":\"https:\\\/\\\/cvinoticias.com\\\/wp-content\\\/uploads\\\/2023\\\/04\\\/cropped-cropped-cropped-cropped-cropped-3-1.png\",\"contentUrl\":\"https:\\\/\\\/cvinoticias.com\\\/wp-content\\\/uploads\\\/2023\\\/04\\\/cropped-cropped-cropped-cropped-cropped-3-1.png\",\"width\":95,\"height\":122,\"caption\":\"CVI NOTICIAS\"},\"image\":{\"@id\":\"https:\\\/\\\/cvinoticias.com\\\/v3\\\/#\\\/schema\\\/logo\\\/image\\\/\"},\"sameAs\":[\"https:\\\/\\\/www.facebook.com\\\/cvinoticias\",\"https:\\\/\\\/www.instagram.com\\\/cvinoticias\\\/\",\"https:\\\/\\\/www.youtube.com\\\/@CVINOTICIAS\"]},{\"@type\":\"Person\",\"@id\":\"https:\\\/\\\/cvinoticias.com\\\/v3\\\/#\\\/schema\\\/person\\\/2db77e3c6bc03c538495d7b2b8be9b66\",\"name\":\"f1000024\",\"image\":{\"@type\":\"ImageObject\",\"inLanguage\":\"es\",\"@id\":\"https:\\\/\\\/secure.gravatar.com\\\/avatar\\\/d4fe7459cfc51ff5129ce1a732bbef5928568b8092d412ef95611616376bbeed?s=96&d=mm&r=g\",\"url\":\"https:\\\/\\\/secure.gravatar.com\\\/avatar\\\/d4fe7459cfc51ff5129ce1a732bbef5928568b8092d412ef95611616376bbeed?s=96&d=mm&r=g\",\"contentUrl\":\"https:\\\/\\\/secure.gravatar.com\\\/avatar\\\/d4fe7459cfc51ff5129ce1a732bbef5928568b8092d412ef95611616376bbeed?s=96&d=mm&r=g\",\"caption\":\"f1000024\"},\"url\":\"https:\\\/\\\/cvinoticias.com\\\/v3\\\/author\\\/f1000024\\\/\"}]}<\/script>\n<!-- \/ Yoast SEO plugin. -->","yoast_head_json":{"title":"Filippa responde a rumores sobre su salud y reafirma su compromiso con Iguaz\u00fa | CVI NOTICIAS","robots":{"index":"index","follow":"follow","max-snippet":"max-snippet:-1","max-image-preview":"max-image-preview:large","max-video-preview":"max-video-preview:-1"},"canonical":"https:\/\/cvinoticias.com\/v3\/filippa-responde-a-rumores-sobre-su-salud-y-reafirma-su-compromiso-con-iguazu\/","og_locale":"es_ES","og_type":"article","og_title":"Filippa responde a rumores sobre su salud y reafirma su compromiso con Iguaz\u00fa | CVI NOTICIAS","og_description":"En las \u00faltimas semanas, trascendidos en distintos medios de comunicaci\u00f3n pusieron en duda la continuidad del intendente de Puerto Iguaz\u00fa, Dr. Claudio Ra\u00fal Filippa, en sus funciones debido a su estado de salud. Ante esto, el jefe comunal brind\u00f3 una entrevista exclusiva en la que aclar\u00f3 su situaci\u00f3n y ratific\u00f3 su compromiso con la gesti\u00f3n [&hellip;]","og_url":"https:\/\/cvinoticias.com\/v3\/filippa-responde-a-rumores-sobre-su-salud-y-reafirma-su-compromiso-con-iguazu\/","og_site_name":"CVI NOTICIAS","article_publisher":"https:\/\/www.facebook.com\/cvinoticias","article_published_time":"2025-02-19T16:22:00+00:00","article_modified_time":"2025-02-20T04:26:25+00:00","og_image":[{"width":720,"height":974,"url":"https:\/\/cvinoticias.com\/wp-content\/uploads\/2025\/02\/Screenshot_20250220_012315_Video-Player.jpg","type":"image\/jpeg"}],"author":"f1000024","twitter_card":"summary_large_image","twitter_misc":{"Escrito por":"f1000024","Tiempo de lectura":"2 minutos"},"schema":{"@context":"https:\/\/schema.org","@graph":[{"@type":"Article","@id":"https:\/\/cvinoticias.com\/v3\/filippa-responde-a-rumores-sobre-su-salud-y-reafirma-su-compromiso-con-iguazu\/#article","isPartOf":{"@id":"https:\/\/cvinoticias.com\/v3\/filippa-responde-a-rumores-sobre-su-salud-y-reafirma-su-compromiso-con-iguazu\/"},"author":{"name":"f1000024","@id":"https:\/\/cvinoticias.com\/v3\/#\/schema\/person\/2db77e3c6bc03c538495d7b2b8be9b66"},"headline":"Filippa responde a rumores sobre su salud y reafirma su compromiso con Iguaz\u00fa","datePublished":"2025-02-19T16:22:00+00:00","dateModified":"2025-02-20T04:26:25+00:00","mainEntityOfPage":{"@id":"https:\/\/cvinoticias.com\/v3\/filippa-responde-a-rumores-sobre-su-salud-y-reafirma-su-compromiso-con-iguazu\/"},"wordCount":374,"commentCount":0,"publisher":{"@id":"https:\/\/cvinoticias.com\/v3\/#organization"},"image":{"@id":"https:\/\/cvinoticias.com\/v3\/filippa-responde-a-rumores-sobre-su-salud-y-reafirma-su-compromiso-con-iguazu\/#primaryimage"},"thumbnailUrl":"https:\/\/cvinoticias.com\/wp-content\/uploads\/2025\/02\/Screenshot_20250220_012315_Video-Player.jpg","keywords":["Filippa","Municipalidad","salud"],"articleSection":["Gobierno","Salud"],"inLanguage":"es","potentialAction":[{"@type":"CommentAction","name":"Comment","target":["https:\/\/cvinoticias.com\/v3\/filippa-responde-a-rumores-sobre-su-salud-y-reafirma-su-compromiso-con-iguazu\/#respond"]}]},{"@type":"WebPage","@id":"https:\/\/cvinoticias.com\/v3\/filippa-responde-a-rumores-sobre-su-salud-y-reafirma-su-compromiso-con-iguazu\/","url":"https:\/\/cvinoticias.com\/v3\/filippa-responde-a-rumores-sobre-su-salud-y-reafirma-su-compromiso-con-iguazu\/","name":"Filippa responde a rumores sobre su salud y reafirma su compromiso con Iguaz\u00fa | CVI NOTICIAS","isPartOf":{"@id":"https:\/\/cvinoticias.com\/v3\/#website"},"primaryImageOfPage":{"@id":"https:\/\/cvinoticias.com\/v3\/filippa-responde-a-rumores-sobre-su-salud-y-reafirma-su-compromiso-con-iguazu\/#primaryimage"},"image":{"@id":"https:\/\/cvinoticias.com\/v3\/filippa-responde-a-rumores-sobre-su-salud-y-reafirma-su-compromiso-con-iguazu\/#primaryimage"},"thumbnailUrl":"https:\/\/cvinoticias.com\/wp-content\/uploads\/2025\/02\/Screenshot_20250220_012315_Video-Player.jpg","datePublished":"2025-02-19T16:22:00+00:00","dateModified":"2025-02-20T04:26:25+00:00","breadcrumb":{"@id":"https:\/\/cvinoticias.com\/v3\/filippa-responde-a-rumores-sobre-su-salud-y-reafirma-su-compromiso-con-iguazu\/#breadcrumb"},"inLanguage":"es","potentialAction":[{"@type":"ReadAction","target":["https:\/\/cvinoticias.com\/v3\/filippa-responde-a-rumores-sobre-su-salud-y-reafirma-su-compromiso-con-iguazu\/"]}]},{"@type":"ImageObject","inLanguage":"es","@id":"https:\/\/cvinoticias.com\/v3\/filippa-responde-a-rumores-sobre-su-salud-y-reafirma-su-compromiso-con-iguazu\/#primaryimage","url":"https:\/\/cvinoticias.com\/wp-content\/uploads\/2025\/02\/Screenshot_20250220_012315_Video-Player.jpg","contentUrl":"https:\/\/cvinoticias.com\/wp-content\/uploads\/2025\/02\/Screenshot_20250220_012315_Video-Player.jpg","width":720,"height":974},{"@type":"BreadcrumbList","@id":"https:\/\/cvinoticias.com\/v3\/filippa-responde-a-rumores-sobre-su-salud-y-reafirma-su-compromiso-con-iguazu\/#breadcrumb","itemListElement":[{"@type":"ListItem","position":1,"name":"Portada","item":"https:\/\/cvinoticias.com\/v3\/"},{"@type":"ListItem","position":2,"name":"Filippa responde a rumores sobre su salud y reafirma su compromiso con Iguaz\u00fa"}]},{"@type":"WebSite","@id":"https:\/\/cvinoticias.com\/v3\/#website","url":"https:\/\/cvinoticias.com\/v3\/","name":"CVI NOTICIAS","description":"","publisher":{"@id":"https:\/\/cvinoticias.com\/v3\/#organization"},"alternateName":"CVI","potentialAction":[{"@type":"SearchAction","target":{"@type":"EntryPoint","urlTemplate":"https:\/\/cvinoticias.com\/v3\/?s={search_term_string}"},"query-input":{"@type":"PropertyValueSpecification","valueRequired":true,"valueName":"search_term_string"}}],"inLanguage":"es"},{"@type":"Organization","@id":"https:\/\/cvinoticias.com\/v3\/#organization","name":"CVI NOTICIAS","url":"https:\/\/cvinoticias.com\/v3\/","logo":{"@type":"ImageObject","inLanguage":"es","@id":"https:\/\/cvinoticias.com\/v3\/#\/schema\/logo\/image\/","url":"https:\/\/cvinoticias.com\/wp-content\/uploads\/2023\/04\/cropped-cropped-cropped-cropped-cropped-3-1.png","contentUrl":"https:\/\/cvinoticias.com\/wp-content\/uploads\/2023\/04\/cropped-cropped-cropped-cropped-cropped-3-1.png","width":95,"height":122,"caption":"CVI NOTICIAS"},"image":{"@id":"https:\/\/cvinoticias.com\/v3\/#\/schema\/logo\/image\/"},"sameAs":["https:\/\/www.facebook.com\/cvinoticias","https:\/\/www.instagram.com\/cvinoticias\/","https:\/\/www.youtube.com\/@CVINOTICIAS"]},{"@type":"Person","@id":"https:\/\/cvinoticias.com\/v3\/#\/schema\/person\/2db77e3c6bc03c538495d7b2b8be9b66","name":"f1000024","image":{"@type":"ImageObject","inLanguage":"es","@id":"https:\/\/secure.gravatar.com\/avatar\/d4fe7459cfc51ff5129ce1a732bbef5928568b8092d412ef95611616376bbeed?s=96&d=mm&r=g","url":"https:\/\/secure.gravatar.com\/avatar\/d4fe7459cfc51ff5129ce1a732bbef5928568b8092d412ef95611616376bbeed?s=96&d=mm&r=g","contentUrl":"https:\/\/secure.gravatar.com\/avatar\/d4fe7459cfc51ff5129ce1a732bbef5928568b8092d412ef95611616376bbeed?s=96&d=mm&r=g","caption":"f1000024"},"url":"https:\/\/cvinoticias.com\/v3\/author\/f1000024\/"}]}},"_links":{"self":[{"href":"https:\/\/cvinoticias.com\/v3\/wp-json\/wp\/v2\/posts\/39677","targetHints":{"allow":["GET"]}}],"collection":[{"href":"https:\/\/cvinoticias.com\/v3\/wp-json\/wp\/v2\/posts"}],"about":[{"href":"https:\/\/cvinoticias.com\/v3\/wp-json\/wp\/v2\/types\/post"}],"author":[{"embeddable":true,"href":"https:\/\/cvinoticias.com\/v3\/wp-json\/wp\/v2\/users\/2"}],"replies":[{"embeddable":true,"href":"https:\/\/cvinoticias.com\/v3\/wp-json\/wp\/v2\/comments?post=39677"}],"version-history":[{"count":1,"href":"https:\/\/cvinoticias.com\/v3\/wp-json\/wp\/v2\/posts\/39677\/revisions"}],"predecessor-version":[{"id":39679,"href":"https:\/\/cvinoticias.com\/v3\/wp-json\/wp\/v2\/posts\/39677\/revisions\/39679"}],"wp:featuredmedia":[{"embeddable":true,"href":"https:\/\/cvinoticias.com\/v3\/wp-json\/wp\/v2\/media\/39678"}],"wp:attachment":[{"href":"https:\/\/cvinoticias.com\/v3\/wp-json\/wp\/v2\/media?parent=39677"}],"wp:term":[{"taxonomy":"category","embeddable":true,"href":"https:\/\/cvinoticias.com\/v3\/wp-json\/wp\/v2\/categories?post=39677"},{"taxonomy":"post_tag","embeddable":true,"href":"https:\/\/cvinoticias.com\/v3\/wp-json\/wp\/v2\/tags?post=39677"}],"curies":[{"name":"wp","href":"https:\/\/api.w.org\/{rel}","templated":true}]}}