{"id":39613,"date":"2025-02-14T18:58:00","date_gmt":"2025-02-14T21:58:00","guid":{"rendered":"https:\/\/cvinoticias.com\/v3\/?p=39613"},"modified":"2025-02-15T02:03:44","modified_gmt":"2025-02-15T05:03:44","slug":"celebra-el-dia-de-los-enamorados-en-bailanta-el-monarca-2","status":"publish","type":"post","link":"https:\/\/cvinoticias.com\/v3\/celebra-el-dia-de-los-enamorados-en-bailanta-el-monarca-2\/","title":{"rendered":"Celebr\u00e1 el d\u00eda de los enamorados en Bailanta El Monarca"},"content":{"rendered":"\n<p>Este viernes 14 y s\u00e1bado 15 de febrero, Bailanta El Monarca se convertir\u00e1 en el lugar ideal para celebrar el D\u00eda de los Enamorados. La emblem\u00e1tica bailanta prepara una noche inolvidable con shows en vivo, las mejores bebidas y un ambiente rom\u00e1ntico y divertido.<\/p>\n\n\n\n<p>Los amantes de la m\u00fasica y la diversi\u00f3n podr\u00e1n disfrutar de una noche llena de emoci\u00f3n y pasi\u00f3n, rodeados de una atm\u00f3sfera \u00fanica y especial. Bailanta El Monarca se compromete a hacer que esta noche sea inolvidable para todos los que la vivan.<\/p>\n\n\n\n<p>As\u00ed que no te pierdas la oportunidad de celebrar el amor en grande. Ven\u00ed a Bailanta El Monarca este viernes 14 y s\u00e1bado 15 de febrero y vive una noche que recordar\u00e1s para siempre.<\/p>\n","protected":false},"excerpt":{"rendered":"<p>Este viernes 14 y s\u00e1bado 15 de febrero, Bailanta El Monarca se convertir\u00e1 en el lugar ideal para celebrar el D\u00eda de los Enamorados. La emblem\u00e1tica bailanta prepara una noche inolvidable con shows en vivo, las mejores bebidas y un ambiente rom\u00e1ntico y divertido. Los amantes de la m\u00fasica y la diversi\u00f3n podr\u00e1n disfrutar de [&hellip;]<\/p>\n","protected":false},"author":2,"featured_media":39614,"comment_status":"open","ping_status":"open","sticky":false,"template":"","format":"standard","meta":{"footnotes":""},"categories":[34],"tags":[1318,1317,1420,860,1421],"class_list":["post-39613","post","type-post","status-publish","format-standard","has-post-thumbnail","hentry","category-espectaculos","tag-bailanta","tag-el-monarca","tag-enamorados","tag-sabado","tag-viernes"],"yoast_head":"<!-- This site is optimized with the Yoast SEO plugin v27.5 - https:\/\/yoast.com\/product\/yoast-seo-wordpress\/ -->\n<title>Celebr\u00e1 el d\u00eda de los enamorados en Bailanta El Monarca | CVI NOTICIAS<\/title>\n<meta name=\"robots\" content=\"index, follow, max-snippet:-1, max-image-preview:large, max-video-preview:-1\" \/>\n<link rel=\"canonical\" href=\"https:\/\/cvinoticias.com\/v3\/celebra-el-dia-de-los-enamorados-en-bailanta-el-monarca-2\/\" \/>\n<meta property=\"og:locale\" content=\"es_ES\" \/>\n<meta property=\"og:type\" content=\"article\" \/>\n<meta property=\"og:title\" content=\"Celebr\u00e1 el d\u00eda de los enamorados en Bailanta El Monarca | CVI NOTICIAS\" \/>\n<meta property=\"og:description\" content=\"Este viernes 14 y s\u00e1bado 15 de febrero, Bailanta El Monarca se convertir\u00e1 en el lugar ideal para celebrar el D\u00eda de los Enamorados. La emblem\u00e1tica bailanta prepara una noche inolvidable con shows en vivo, las mejores bebidas y un ambiente rom\u00e1ntico y divertido. Los amantes de la m\u00fasica y la diversi\u00f3n podr\u00e1n disfrutar de [&hellip;]\" \/>\n<meta property=\"og:url\" content=\"https:\/\/cvinoticias.com\/v3\/celebra-el-dia-de-los-enamorados-en-bailanta-el-monarca-2\/\" \/>\n<meta property=\"og:site_name\" content=\"CVI NOTICIAS\" \/>\n<meta property=\"article:publisher\" content=\"https:\/\/www.facebook.com\/cvinoticias\" \/>\n<meta property=\"article:published_time\" content=\"2025-02-14T21:58:00+00:00\" \/>\n<meta property=\"article:modified_time\" content=\"2025-02-15T05:03:44+00:00\" \/>\n<meta property=\"og:image\" content=\"https:\/\/cvinoticias.com\/wp-content\/uploads\/2025\/02\/Screenshot_20250215_020145_WhatsApp.jpg\" \/>\n\t<meta property=\"og:image:width\" content=\"720\" \/>\n\t<meta property=\"og:image:height\" content=\"1152\" \/>\n\t<meta property=\"og:image:type\" content=\"image\/jpeg\" \/>\n<meta name=\"author\" content=\"f1000024\" \/>\n<meta name=\"twitter:card\" content=\"summary_large_image\" \/>\n<meta name=\"twitter:label1\" content=\"Escrito por\" \/>\n\t<meta name=\"twitter:data1\" content=\"f1000024\" \/>\n\t<meta name=\"twitter:label2\" content=\"Tiempo de lectura\" \/>\n\t<meta name=\"twitter:data2\" content=\"1 minuto\" \/>\n<script type=\"application\/ld+json\" class=\"yoast-schema-graph\">{\"@context\":\"https:\\\/\\\/schema.org\",\"@graph\":[{\"@type\":\"Article\",\"@id\":\"https:\\\/\\\/cvinoticias.com\\\/v3\\\/celebra-el-dia-de-los-enamorados-en-bailanta-el-monarca-2\\\/#article\",\"isPartOf\":{\"@id\":\"https:\\\/\\\/cvinoticias.com\\\/v3\\\/celebra-el-dia-de-los-enamorados-en-bailanta-el-monarca-2\\\/\"},\"author\":{\"name\":\"f1000024\",\"@id\":\"https:\\\/\\\/cvinoticias.com\\\/v3\\\/#\\\/schema\\\/person\\\/2db77e3c6bc03c538495d7b2b8be9b66\"},\"headline\":\"Celebr\u00e1 el d\u00eda de los enamorados en Bailanta El Monarca\",\"datePublished\":\"2025-02-14T21:58:00+00:00\",\"dateModified\":\"2025-02-15T05:03:44+00:00\",\"mainEntityOfPage\":{\"@id\":\"https:\\\/\\\/cvinoticias.com\\\/v3\\\/celebra-el-dia-de-los-enamorados-en-bailanta-el-monarca-2\\\/\"},\"wordCount\":140,\"commentCount\":0,\"publisher\":{\"@id\":\"https:\\\/\\\/cvinoticias.com\\\/v3\\\/#organization\"},\"image\":{\"@id\":\"https:\\\/\\\/cvinoticias.com\\\/v3\\\/celebra-el-dia-de-los-enamorados-en-bailanta-el-monarca-2\\\/#primaryimage\"},\"thumbnailUrl\":\"https:\\\/\\\/cvinoticias.com\\\/wp-content\\\/uploads\\\/2025\\\/02\\\/Screenshot_20250215_020145_WhatsApp.jpg\",\"keywords\":[\"Bailanta\",\"El monarca\",\"Enamorados\",\"S\u00e1bado\",\"Viernes\"],\"articleSection\":[\"Espect\u00e1culos\"],\"inLanguage\":\"es\",\"potentialAction\":[{\"@type\":\"CommentAction\",\"name\":\"Comment\",\"target\":[\"https:\\\/\\\/cvinoticias.com\\\/v3\\\/celebra-el-dia-de-los-enamorados-en-bailanta-el-monarca-2\\\/#respond\"]}]},{\"@type\":\"WebPage\",\"@id\":\"https:\\\/\\\/cvinoticias.com\\\/v3\\\/celebra-el-dia-de-los-enamorados-en-bailanta-el-monarca-2\\\/\",\"url\":\"https:\\\/\\\/cvinoticias.com\\\/v3\\\/celebra-el-dia-de-los-enamorados-en-bailanta-el-monarca-2\\\/\",\"name\":\"Celebr\u00e1 el d\u00eda de los enamorados en Bailanta El Monarca | CVI NOTICIAS\",\"isPartOf\":{\"@id\":\"https:\\\/\\\/cvinoticias.com\\\/v3\\\/#website\"},\"primaryImageOfPage\":{\"@id\":\"https:\\\/\\\/cvinoticias.com\\\/v3\\\/celebra-el-dia-de-los-enamorados-en-bailanta-el-monarca-2\\\/#primaryimage\"},\"image\":{\"@id\":\"https:\\\/\\\/cvinoticias.com\\\/v3\\\/celebra-el-dia-de-los-enamorados-en-bailanta-el-monarca-2\\\/#primaryimage\"},\"thumbnailUrl\":\"https:\\\/\\\/cvinoticias.com\\\/wp-content\\\/uploads\\\/2025\\\/02\\\/Screenshot_20250215_020145_WhatsApp.jpg\",\"datePublished\":\"2025-02-14T21:58:00+00:00\",\"dateModified\":\"2025-02-15T05:03:44+00:00\",\"breadcrumb\":{\"@id\":\"https:\\\/\\\/cvinoticias.com\\\/v3\\\/celebra-el-dia-de-los-enamorados-en-bailanta-el-monarca-2\\\/#breadcrumb\"},\"inLanguage\":\"es\",\"potentialAction\":[{\"@type\":\"ReadAction\",\"target\":[\"https:\\\/\\\/cvinoticias.com\\\/v3\\\/celebra-el-dia-de-los-enamorados-en-bailanta-el-monarca-2\\\/\"]}]},{\"@type\":\"ImageObject\",\"inLanguage\":\"es\",\"@id\":\"https:\\\/\\\/cvinoticias.com\\\/v3\\\/celebra-el-dia-de-los-enamorados-en-bailanta-el-monarca-2\\\/#primaryimage\",\"url\":\"https:\\\/\\\/cvinoticias.com\\\/wp-content\\\/uploads\\\/2025\\\/02\\\/Screenshot_20250215_020145_WhatsApp.jpg\",\"contentUrl\":\"https:\\\/\\\/cvinoticias.com\\\/wp-content\\\/uploads\\\/2025\\\/02\\\/Screenshot_20250215_020145_WhatsApp.jpg\",\"width\":720,\"height\":1152},{\"@type\":\"BreadcrumbList\",\"@id\":\"https:\\\/\\\/cvinoticias.com\\\/v3\\\/celebra-el-dia-de-los-enamorados-en-bailanta-el-monarca-2\\\/#breadcrumb\",\"itemListElement\":[{\"@type\":\"ListItem\",\"position\":1,\"name\":\"Portada\",\"item\":\"https:\\\/\\\/cvinoticias.com\\\/v3\\\/\"},{\"@type\":\"ListItem\",\"position\":2,\"name\":\"Celebr\u00e1 el d\u00eda de los enamorados en Bailanta El Monarca\"}]},{\"@type\":\"WebSite\",\"@id\":\"https:\\\/\\\/cvinoticias.com\\\/v3\\\/#website\",\"url\":\"https:\\\/\\\/cvinoticias.com\\\/v3\\\/\",\"name\":\"CVI NOTICIAS\",\"description\":\"\",\"publisher\":{\"@id\":\"https:\\\/\\\/cvinoticias.com\\\/v3\\\/#organization\"},\"alternateName\":\"CVI\",\"potentialAction\":[{\"@type\":\"SearchAction\",\"target\":{\"@type\":\"EntryPoint\",\"urlTemplate\":\"https:\\\/\\\/cvinoticias.com\\\/v3\\\/?s={search_term_string}\"},\"query-input\":{\"@type\":\"PropertyValueSpecification\",\"valueRequired\":true,\"valueName\":\"search_term_string\"}}],\"inLanguage\":\"es\"},{\"@type\":\"Organization\",\"@id\":\"https:\\\/\\\/cvinoticias.com\\\/v3\\\/#organization\",\"name\":\"CVI NOTICIAS\",\"url\":\"https:\\\/\\\/cvinoticias.com\\\/v3\\\/\",\"logo\":{\"@type\":\"ImageObject\",\"inLanguage\":\"es\",\"@id\":\"https:\\\/\\\/cvinoticias.com\\\/v3\\\/#\\\/schema\\\/logo\\\/image\\\/\",\"url\":\"https:\\\/\\\/cvinoticias.com\\\/wp-content\\\/uploads\\\/2023\\\/04\\\/cropped-cropped-cropped-cropped-cropped-3-1.png\",\"contentUrl\":\"https:\\\/\\\/cvinoticias.com\\\/wp-content\\\/uploads\\\/2023\\\/04\\\/cropped-cropped-cropped-cropped-cropped-3-1.png\",\"width\":95,\"height\":122,\"caption\":\"CVI NOTICIAS\"},\"image\":{\"@id\":\"https:\\\/\\\/cvinoticias.com\\\/v3\\\/#\\\/schema\\\/logo\\\/image\\\/\"},\"sameAs\":[\"https:\\\/\\\/www.facebook.com\\\/cvinoticias\",\"https:\\\/\\\/www.instagram.com\\\/cvinoticias\\\/\",\"https:\\\/\\\/www.youtube.com\\\/@CVINOTICIAS\"]},{\"@type\":\"Person\",\"@id\":\"https:\\\/\\\/cvinoticias.com\\\/v3\\\/#\\\/schema\\\/person\\\/2db77e3c6bc03c538495d7b2b8be9b66\",\"name\":\"f1000024\",\"image\":{\"@type\":\"ImageObject\",\"inLanguage\":\"es\",\"@id\":\"https:\\\/\\\/secure.gravatar.com\\\/avatar\\\/d4fe7459cfc51ff5129ce1a732bbef5928568b8092d412ef95611616376bbeed?s=96&d=mm&r=g\",\"url\":\"https:\\\/\\\/secure.gravatar.com\\\/avatar\\\/d4fe7459cfc51ff5129ce1a732bbef5928568b8092d412ef95611616376bbeed?s=96&d=mm&r=g\",\"contentUrl\":\"https:\\\/\\\/secure.gravatar.com\\\/avatar\\\/d4fe7459cfc51ff5129ce1a732bbef5928568b8092d412ef95611616376bbeed?s=96&d=mm&r=g\",\"caption\":\"f1000024\"},\"url\":\"https:\\\/\\\/cvinoticias.com\\\/v3\\\/author\\\/f1000024\\\/\"}]}<\/script>\n<!-- \/ Yoast SEO plugin. -->","yoast_head_json":{"title":"Celebr\u00e1 el d\u00eda de los enamorados en Bailanta El Monarca | CVI NOTICIAS","robots":{"index":"index","follow":"follow","max-snippet":"max-snippet:-1","max-image-preview":"max-image-preview:large","max-video-preview":"max-video-preview:-1"},"canonical":"https:\/\/cvinoticias.com\/v3\/celebra-el-dia-de-los-enamorados-en-bailanta-el-monarca-2\/","og_locale":"es_ES","og_type":"article","og_title":"Celebr\u00e1 el d\u00eda de los enamorados en Bailanta El Monarca | CVI NOTICIAS","og_description":"Este viernes 14 y s\u00e1bado 15 de febrero, Bailanta El Monarca se convertir\u00e1 en el lugar ideal para celebrar el D\u00eda de los Enamorados. La emblem\u00e1tica bailanta prepara una noche inolvidable con shows en vivo, las mejores bebidas y un ambiente rom\u00e1ntico y divertido. Los amantes de la m\u00fasica y la diversi\u00f3n podr\u00e1n disfrutar de [&hellip;]","og_url":"https:\/\/cvinoticias.com\/v3\/celebra-el-dia-de-los-enamorados-en-bailanta-el-monarca-2\/","og_site_name":"CVI NOTICIAS","article_publisher":"https:\/\/www.facebook.com\/cvinoticias","article_published_time":"2025-02-14T21:58:00+00:00","article_modified_time":"2025-02-15T05:03:44+00:00","og_image":[{"width":720,"height":1152,"url":"https:\/\/cvinoticias.com\/wp-content\/uploads\/2025\/02\/Screenshot_20250215_020145_WhatsApp.jpg","type":"image\/jpeg"}],"author":"f1000024","twitter_card":"summary_large_image","twitter_misc":{"Escrito por":"f1000024","Tiempo de lectura":"1 minuto"},"schema":{"@context":"https:\/\/schema.org","@graph":[{"@type":"Article","@id":"https:\/\/cvinoticias.com\/v3\/celebra-el-dia-de-los-enamorados-en-bailanta-el-monarca-2\/#article","isPartOf":{"@id":"https:\/\/cvinoticias.com\/v3\/celebra-el-dia-de-los-enamorados-en-bailanta-el-monarca-2\/"},"author":{"name":"f1000024","@id":"https:\/\/cvinoticias.com\/v3\/#\/schema\/person\/2db77e3c6bc03c538495d7b2b8be9b66"},"headline":"Celebr\u00e1 el d\u00eda de los enamorados en Bailanta El Monarca","datePublished":"2025-02-14T21:58:00+00:00","dateModified":"2025-02-15T05:03:44+00:00","mainEntityOfPage":{"@id":"https:\/\/cvinoticias.com\/v3\/celebra-el-dia-de-los-enamorados-en-bailanta-el-monarca-2\/"},"wordCount":140,"commentCount":0,"publisher":{"@id":"https:\/\/cvinoticias.com\/v3\/#organization"},"image":{"@id":"https:\/\/cvinoticias.com\/v3\/celebra-el-dia-de-los-enamorados-en-bailanta-el-monarca-2\/#primaryimage"},"thumbnailUrl":"https:\/\/cvinoticias.com\/wp-content\/uploads\/2025\/02\/Screenshot_20250215_020145_WhatsApp.jpg","keywords":["Bailanta","El monarca","Enamorados","S\u00e1bado","Viernes"],"articleSection":["Espect\u00e1culos"],"inLanguage":"es","potentialAction":[{"@type":"CommentAction","name":"Comment","target":["https:\/\/cvinoticias.com\/v3\/celebra-el-dia-de-los-enamorados-en-bailanta-el-monarca-2\/#respond"]}]},{"@type":"WebPage","@id":"https:\/\/cvinoticias.com\/v3\/celebra-el-dia-de-los-enamorados-en-bailanta-el-monarca-2\/","url":"https:\/\/cvinoticias.com\/v3\/celebra-el-dia-de-los-enamorados-en-bailanta-el-monarca-2\/","name":"Celebr\u00e1 el d\u00eda de los enamorados en Bailanta El Monarca | CVI NOTICIAS","isPartOf":{"@id":"https:\/\/cvinoticias.com\/v3\/#website"},"primaryImageOfPage":{"@id":"https:\/\/cvinoticias.com\/v3\/celebra-el-dia-de-los-enamorados-en-bailanta-el-monarca-2\/#primaryimage"},"image":{"@id":"https:\/\/cvinoticias.com\/v3\/celebra-el-dia-de-los-enamorados-en-bailanta-el-monarca-2\/#primaryimage"},"thumbnailUrl":"https:\/\/cvinoticias.com\/wp-content\/uploads\/2025\/02\/Screenshot_20250215_020145_WhatsApp.jpg","datePublished":"2025-02-14T21:58:00+00:00","dateModified":"2025-02-15T05:03:44+00:00","breadcrumb":{"@id":"https:\/\/cvinoticias.com\/v3\/celebra-el-dia-de-los-enamorados-en-bailanta-el-monarca-2\/#breadcrumb"},"inLanguage":"es","potentialAction":[{"@type":"ReadAction","target":["https:\/\/cvinoticias.com\/v3\/celebra-el-dia-de-los-enamorados-en-bailanta-el-monarca-2\/"]}]},{"@type":"ImageObject","inLanguage":"es","@id":"https:\/\/cvinoticias.com\/v3\/celebra-el-dia-de-los-enamorados-en-bailanta-el-monarca-2\/#primaryimage","url":"https:\/\/cvinoticias.com\/wp-content\/uploads\/2025\/02\/Screenshot_20250215_020145_WhatsApp.jpg","contentUrl":"https:\/\/cvinoticias.com\/wp-content\/uploads\/2025\/02\/Screenshot_20250215_020145_WhatsApp.jpg","width":720,"height":1152},{"@type":"BreadcrumbList","@id":"https:\/\/cvinoticias.com\/v3\/celebra-el-dia-de-los-enamorados-en-bailanta-el-monarca-2\/#breadcrumb","itemListElement":[{"@type":"ListItem","position":1,"name":"Portada","item":"https:\/\/cvinoticias.com\/v3\/"},{"@type":"ListItem","position":2,"name":"Celebr\u00e1 el d\u00eda de los enamorados en Bailanta El Monarca"}]},{"@type":"WebSite","@id":"https:\/\/cvinoticias.com\/v3\/#website","url":"https:\/\/cvinoticias.com\/v3\/","name":"CVI NOTICIAS","description":"","publisher":{"@id":"https:\/\/cvinoticias.com\/v3\/#organization"},"alternateName":"CVI","potentialAction":[{"@type":"SearchAction","target":{"@type":"EntryPoint","urlTemplate":"https:\/\/cvinoticias.com\/v3\/?s={search_term_string}"},"query-input":{"@type":"PropertyValueSpecification","valueRequired":true,"valueName":"search_term_string"}}],"inLanguage":"es"},{"@type":"Organization","@id":"https:\/\/cvinoticias.com\/v3\/#organization","name":"CVI NOTICIAS","url":"https:\/\/cvinoticias.com\/v3\/","logo":{"@type":"ImageObject","inLanguage":"es","@id":"https:\/\/cvinoticias.com\/v3\/#\/schema\/logo\/image\/","url":"https:\/\/cvinoticias.com\/wp-content\/uploads\/2023\/04\/cropped-cropped-cropped-cropped-cropped-3-1.png","contentUrl":"https:\/\/cvinoticias.com\/wp-content\/uploads\/2023\/04\/cropped-cropped-cropped-cropped-cropped-3-1.png","width":95,"height":122,"caption":"CVI NOTICIAS"},"image":{"@id":"https:\/\/cvinoticias.com\/v3\/#\/schema\/logo\/image\/"},"sameAs":["https:\/\/www.facebook.com\/cvinoticias","https:\/\/www.instagram.com\/cvinoticias\/","https:\/\/www.youtube.com\/@CVINOTICIAS"]},{"@type":"Person","@id":"https:\/\/cvinoticias.com\/v3\/#\/schema\/person\/2db77e3c6bc03c538495d7b2b8be9b66","name":"f1000024","image":{"@type":"ImageObject","inLanguage":"es","@id":"https:\/\/secure.gravatar.com\/avatar\/d4fe7459cfc51ff5129ce1a732bbef5928568b8092d412ef95611616376bbeed?s=96&d=mm&r=g","url":"https:\/\/secure.gravatar.com\/avatar\/d4fe7459cfc51ff5129ce1a732bbef5928568b8092d412ef95611616376bbeed?s=96&d=mm&r=g","contentUrl":"https:\/\/secure.gravatar.com\/avatar\/d4fe7459cfc51ff5129ce1a732bbef5928568b8092d412ef95611616376bbeed?s=96&d=mm&r=g","caption":"f1000024"},"url":"https:\/\/cvinoticias.com\/v3\/author\/f1000024\/"}]}},"_links":{"self":[{"href":"https:\/\/cvinoticias.com\/v3\/wp-json\/wp\/v2\/posts\/39613","targetHints":{"allow":["GET"]}}],"collection":[{"href":"https:\/\/cvinoticias.com\/v3\/wp-json\/wp\/v2\/posts"}],"about":[{"href":"https:\/\/cvinoticias.com\/v3\/wp-json\/wp\/v2\/types\/post"}],"author":[{"embeddable":true,"href":"https:\/\/cvinoticias.com\/v3\/wp-json\/wp\/v2\/users\/2"}],"replies":[{"embeddable":true,"href":"https:\/\/cvinoticias.com\/v3\/wp-json\/wp\/v2\/comments?post=39613"}],"version-history":[{"count":1,"href":"https:\/\/cvinoticias.com\/v3\/wp-json\/wp\/v2\/posts\/39613\/revisions"}],"predecessor-version":[{"id":39615,"href":"https:\/\/cvinoticias.com\/v3\/wp-json\/wp\/v2\/posts\/39613\/revisions\/39615"}],"wp:featuredmedia":[{"embeddable":true,"href":"https:\/\/cvinoticias.com\/v3\/wp-json\/wp\/v2\/media\/39614"}],"wp:attachment":[{"href":"https:\/\/cvinoticias.com\/v3\/wp-json\/wp\/v2\/media?parent=39613"}],"wp:term":[{"taxonomy":"category","embeddable":true,"href":"https:\/\/cvinoticias.com\/v3\/wp-json\/wp\/v2\/categories?post=39613"},{"taxonomy":"post_tag","embeddable":true,"href":"https:\/\/cvinoticias.com\/v3\/wp-json\/wp\/v2\/tags?post=39613"}],"curies":[{"name":"wp","href":"https:\/\/api.w.org\/{rel}","templated":true}]}}