{"id":39508,"date":"2025-02-12T15:25:57","date_gmt":"2025-02-12T18:25:57","guid":{"rendered":"https:\/\/cvinoticias.com\/v3\/?p=39508"},"modified":"2025-02-12T15:25:57","modified_gmt":"2025-02-12T18:25:57","slug":"prefectura-abrio-la-inscripcion-a-su-curso-piloto-de-yate","status":"publish","type":"post","link":"https:\/\/cvinoticias.com\/v3\/prefectura-abrio-la-inscripcion-a-su-curso-piloto-de-yate\/","title":{"rendered":"Prefectura abri\u00f3 la inscripci\u00f3n a su curso \u201cPiloto de Yate\u201d"},"content":{"rendered":"\n<p>La Prefectura Naval Argentina, a trav\u00e9s de su Centro de Extensi\u00f3n Universitaria en N\u00e1utica Deportiva y Recreativa, abri\u00f3 la inscripci\u00f3n para su curso \u201cPiloto de Yate\u201d.<\/p>\n\n\n\n<p>Para inscribirse, los interesados deben estar certificados como Patr\u00f3n de Yate, con una antig\u00fcedad que supere los dos a\u00f1os, presentar carnet vigente, fotocopia color, copia del DNI (anverso y reverso) y una foto 4 x 4 de frente.<\/p>\n\n\n\n<p>La capacitaci\u00f3n est\u00e1 dividida en dos etapas: por un lado, el primer ciclo inicia el primer lunes de abril de cada a\u00f1o y dura entre cuatro a seis semanas. En este periodo se verificar\u00e1 el nivel del alumno y, a su t\u00e9rmino, se realizar\u00e1 un examen de selecci\u00f3n. Pasar\u00e1n a la siguiente fase quienes hayan aprobado el mismo y seg\u00fan disponibilidad de vacantes.<\/p>\n\n\n\n<p>Por otro lado, el segundo ciclo transcurrir\u00e1 desde mayo a fin de noviembre, aproximadamente, con quince d\u00edas de receso invernal (acorde al calendario educativo de la Naci\u00f3n). Las clases son de lunes a jueves de 19 a 21.30 hs.<\/p>\n\n\n\n<p>Los alumnos tendr\u00e1n cuatro materias: Navegaci\u00f3n Astron\u00f3mica, Meteorolog\u00eda, Seguridad, Legislaci\u00f3n y Reglamentaci\u00f3n, y los ex\u00e1menes finales ser\u00e1n en noviembre.<\/p>\n\n\n\n<p>Para aquellos que quieran dar el examen en forma libre deber\u00e1n inscribirse los primeros d\u00edas de septiembre (en el caso que quieran rendir en noviembre), y en febrero, si quieren hacerlo en marzo. Las condiciones y requisitos son las mismas.<\/p>\n\n\n\n<p>Para m\u00e1s informaci\u00f3n comunicarse a:<\/p>\n\n\n\n<ul class=\"wp-block-list\">\n<li>Tel\u00e9fono: (011) 4512-1010 Encargado AT. ACU\u00d1A EMANUEL<br>E-MAILS: cursodepilotodeyate.pna@gmail.com<br>Direcci\u00f3n: Corrientes 180 \u2013 Puerto de Olivos (1636) \u2013 Pcia. Bs. A<br>Horario de inscripci\u00f3n: 15:00 A 20:00 HS.<\/li>\n<\/ul>\n","protected":false},"excerpt":{"rendered":"<p>La Prefectura Naval Argentina, a trav\u00e9s de su Centro de Extensi\u00f3n Universitaria en N\u00e1utica Deportiva y Recreativa, abri\u00f3 la inscripci\u00f3n para su curso \u201cPiloto de Yate\u201d. Para inscribirse, los interesados deben estar certificados como Patr\u00f3n de Yate, con una antig\u00fcedad que supere los dos a\u00f1os, presentar carnet vigente, fotocopia color, copia del DNI (anverso y [&hellip;]<\/p>\n","protected":false},"author":2,"featured_media":39509,"comment_status":"open","ping_status":"open","sticky":false,"template":"","format":"standard","meta":{"footnotes":""},"categories":[1387,896],"tags":[656,1388,569,1389],"class_list":["post-39508","post","type-post","status-publish","format-standard","has-post-thumbnail","hentry","category-curso","category-prefectura","tag-curso","tag-piloto","tag-taller","tag-yate"],"yoast_head":"<!-- This site is optimized with the Yoast SEO plugin v27.5 - https:\/\/yoast.com\/product\/yoast-seo-wordpress\/ -->\n<title>Prefectura abri\u00f3 la inscripci\u00f3n a su curso \u201cPiloto de Yate\u201d | CVI NOTICIAS<\/title>\n<meta name=\"robots\" content=\"index, follow, max-snippet:-1, max-image-preview:large, max-video-preview:-1\" \/>\n<link rel=\"canonical\" href=\"https:\/\/cvinoticias.com\/v3\/prefectura-abrio-la-inscripcion-a-su-curso-piloto-de-yate\/\" \/>\n<meta property=\"og:locale\" content=\"es_ES\" \/>\n<meta property=\"og:type\" content=\"article\" \/>\n<meta property=\"og:title\" content=\"Prefectura abri\u00f3 la inscripci\u00f3n a su curso \u201cPiloto de Yate\u201d | CVI NOTICIAS\" \/>\n<meta property=\"og:description\" content=\"La Prefectura Naval Argentina, a trav\u00e9s de su Centro de Extensi\u00f3n Universitaria en N\u00e1utica Deportiva y Recreativa, abri\u00f3 la inscripci\u00f3n para su curso \u201cPiloto de Yate\u201d. Para inscribirse, los interesados deben estar certificados como Patr\u00f3n de Yate, con una antig\u00fcedad que supere los dos a\u00f1os, presentar carnet vigente, fotocopia color, copia del DNI (anverso y [&hellip;]\" \/>\n<meta property=\"og:url\" content=\"https:\/\/cvinoticias.com\/v3\/prefectura-abrio-la-inscripcion-a-su-curso-piloto-de-yate\/\" \/>\n<meta property=\"og:site_name\" content=\"CVI NOTICIAS\" \/>\n<meta property=\"article:publisher\" content=\"https:\/\/www.facebook.com\/cvinoticias\" \/>\n<meta property=\"article:published_time\" content=\"2025-02-12T18:25:57+00:00\" \/>\n<meta property=\"og:image\" content=\"https:\/\/cvinoticias.com\/wp-content\/uploads\/2025\/02\/IMG-20250212-WA0115.jpg\" \/>\n\t<meta property=\"og:image:width\" content=\"400\" \/>\n\t<meta property=\"og:image:height\" content=\"294\" \/>\n\t<meta property=\"og:image:type\" content=\"image\/jpeg\" \/>\n<meta name=\"author\" content=\"f1000024\" \/>\n<meta name=\"twitter:card\" content=\"summary_large_image\" \/>\n<meta name=\"twitter:label1\" content=\"Escrito por\" \/>\n\t<meta name=\"twitter:data1\" content=\"f1000024\" \/>\n\t<meta name=\"twitter:label2\" content=\"Tiempo de lectura\" \/>\n\t<meta name=\"twitter:data2\" content=\"2 minutos\" \/>\n<script type=\"application\/ld+json\" class=\"yoast-schema-graph\">{\"@context\":\"https:\\\/\\\/schema.org\",\"@graph\":[{\"@type\":\"Article\",\"@id\":\"https:\\\/\\\/cvinoticias.com\\\/v3\\\/prefectura-abrio-la-inscripcion-a-su-curso-piloto-de-yate\\\/#article\",\"isPartOf\":{\"@id\":\"https:\\\/\\\/cvinoticias.com\\\/v3\\\/prefectura-abrio-la-inscripcion-a-su-curso-piloto-de-yate\\\/\"},\"author\":{\"name\":\"f1000024\",\"@id\":\"https:\\\/\\\/cvinoticias.com\\\/v3\\\/#\\\/schema\\\/person\\\/2db77e3c6bc03c538495d7b2b8be9b66\"},\"headline\":\"Prefectura abri\u00f3 la inscripci\u00f3n a su curso \u201cPiloto de Yate\u201d\",\"datePublished\":\"2025-02-12T18:25:57+00:00\",\"mainEntityOfPage\":{\"@id\":\"https:\\\/\\\/cvinoticias.com\\\/v3\\\/prefectura-abrio-la-inscripcion-a-su-curso-piloto-de-yate\\\/\"},\"wordCount\":289,\"commentCount\":0,\"publisher\":{\"@id\":\"https:\\\/\\\/cvinoticias.com\\\/v3\\\/#organization\"},\"image\":{\"@id\":\"https:\\\/\\\/cvinoticias.com\\\/v3\\\/prefectura-abrio-la-inscripcion-a-su-curso-piloto-de-yate\\\/#primaryimage\"},\"thumbnailUrl\":\"https:\\\/\\\/cvinoticias.com\\\/wp-content\\\/uploads\\\/2025\\\/02\\\/IMG-20250212-WA0115.jpg\",\"keywords\":[\"Curso\",\"Piloto\",\"Taller\",\"Yate\"],\"articleSection\":[\"Curso\",\"Prefectura\"],\"inLanguage\":\"es\",\"potentialAction\":[{\"@type\":\"CommentAction\",\"name\":\"Comment\",\"target\":[\"https:\\\/\\\/cvinoticias.com\\\/v3\\\/prefectura-abrio-la-inscripcion-a-su-curso-piloto-de-yate\\\/#respond\"]}]},{\"@type\":\"WebPage\",\"@id\":\"https:\\\/\\\/cvinoticias.com\\\/v3\\\/prefectura-abrio-la-inscripcion-a-su-curso-piloto-de-yate\\\/\",\"url\":\"https:\\\/\\\/cvinoticias.com\\\/v3\\\/prefectura-abrio-la-inscripcion-a-su-curso-piloto-de-yate\\\/\",\"name\":\"Prefectura abri\u00f3 la inscripci\u00f3n a su curso \u201cPiloto de Yate\u201d | CVI NOTICIAS\",\"isPartOf\":{\"@id\":\"https:\\\/\\\/cvinoticias.com\\\/v3\\\/#website\"},\"primaryImageOfPage\":{\"@id\":\"https:\\\/\\\/cvinoticias.com\\\/v3\\\/prefectura-abrio-la-inscripcion-a-su-curso-piloto-de-yate\\\/#primaryimage\"},\"image\":{\"@id\":\"https:\\\/\\\/cvinoticias.com\\\/v3\\\/prefectura-abrio-la-inscripcion-a-su-curso-piloto-de-yate\\\/#primaryimage\"},\"thumbnailUrl\":\"https:\\\/\\\/cvinoticias.com\\\/wp-content\\\/uploads\\\/2025\\\/02\\\/IMG-20250212-WA0115.jpg\",\"datePublished\":\"2025-02-12T18:25:57+00:00\",\"breadcrumb\":{\"@id\":\"https:\\\/\\\/cvinoticias.com\\\/v3\\\/prefectura-abrio-la-inscripcion-a-su-curso-piloto-de-yate\\\/#breadcrumb\"},\"inLanguage\":\"es\",\"potentialAction\":[{\"@type\":\"ReadAction\",\"target\":[\"https:\\\/\\\/cvinoticias.com\\\/v3\\\/prefectura-abrio-la-inscripcion-a-su-curso-piloto-de-yate\\\/\"]}]},{\"@type\":\"ImageObject\",\"inLanguage\":\"es\",\"@id\":\"https:\\\/\\\/cvinoticias.com\\\/v3\\\/prefectura-abrio-la-inscripcion-a-su-curso-piloto-de-yate\\\/#primaryimage\",\"url\":\"https:\\\/\\\/cvinoticias.com\\\/wp-content\\\/uploads\\\/2025\\\/02\\\/IMG-20250212-WA0115.jpg\",\"contentUrl\":\"https:\\\/\\\/cvinoticias.com\\\/wp-content\\\/uploads\\\/2025\\\/02\\\/IMG-20250212-WA0115.jpg\",\"width\":400,\"height\":294},{\"@type\":\"BreadcrumbList\",\"@id\":\"https:\\\/\\\/cvinoticias.com\\\/v3\\\/prefectura-abrio-la-inscripcion-a-su-curso-piloto-de-yate\\\/#breadcrumb\",\"itemListElement\":[{\"@type\":\"ListItem\",\"position\":1,\"name\":\"Portada\",\"item\":\"https:\\\/\\\/cvinoticias.com\\\/v3\\\/\"},{\"@type\":\"ListItem\",\"position\":2,\"name\":\"Prefectura abri\u00f3 la inscripci\u00f3n a su curso \u201cPiloto de Yate\u201d\"}]},{\"@type\":\"WebSite\",\"@id\":\"https:\\\/\\\/cvinoticias.com\\\/v3\\\/#website\",\"url\":\"https:\\\/\\\/cvinoticias.com\\\/v3\\\/\",\"name\":\"CVI NOTICIAS\",\"description\":\"\",\"publisher\":{\"@id\":\"https:\\\/\\\/cvinoticias.com\\\/v3\\\/#organization\"},\"alternateName\":\"CVI\",\"potentialAction\":[{\"@type\":\"SearchAction\",\"target\":{\"@type\":\"EntryPoint\",\"urlTemplate\":\"https:\\\/\\\/cvinoticias.com\\\/v3\\\/?s={search_term_string}\"},\"query-input\":{\"@type\":\"PropertyValueSpecification\",\"valueRequired\":true,\"valueName\":\"search_term_string\"}}],\"inLanguage\":\"es\"},{\"@type\":\"Organization\",\"@id\":\"https:\\\/\\\/cvinoticias.com\\\/v3\\\/#organization\",\"name\":\"CVI NOTICIAS\",\"url\":\"https:\\\/\\\/cvinoticias.com\\\/v3\\\/\",\"logo\":{\"@type\":\"ImageObject\",\"inLanguage\":\"es\",\"@id\":\"https:\\\/\\\/cvinoticias.com\\\/v3\\\/#\\\/schema\\\/logo\\\/image\\\/\",\"url\":\"https:\\\/\\\/cvinoticias.com\\\/wp-content\\\/uploads\\\/2023\\\/04\\\/cropped-cropped-cropped-cropped-cropped-3-1.png\",\"contentUrl\":\"https:\\\/\\\/cvinoticias.com\\\/wp-content\\\/uploads\\\/2023\\\/04\\\/cropped-cropped-cropped-cropped-cropped-3-1.png\",\"width\":95,\"height\":122,\"caption\":\"CVI NOTICIAS\"},\"image\":{\"@id\":\"https:\\\/\\\/cvinoticias.com\\\/v3\\\/#\\\/schema\\\/logo\\\/image\\\/\"},\"sameAs\":[\"https:\\\/\\\/www.facebook.com\\\/cvinoticias\",\"https:\\\/\\\/www.instagram.com\\\/cvinoticias\\\/\",\"https:\\\/\\\/www.youtube.com\\\/@CVINOTICIAS\"]},{\"@type\":\"Person\",\"@id\":\"https:\\\/\\\/cvinoticias.com\\\/v3\\\/#\\\/schema\\\/person\\\/2db77e3c6bc03c538495d7b2b8be9b66\",\"name\":\"f1000024\",\"image\":{\"@type\":\"ImageObject\",\"inLanguage\":\"es\",\"@id\":\"https:\\\/\\\/secure.gravatar.com\\\/avatar\\\/d4fe7459cfc51ff5129ce1a732bbef5928568b8092d412ef95611616376bbeed?s=96&d=mm&r=g\",\"url\":\"https:\\\/\\\/secure.gravatar.com\\\/avatar\\\/d4fe7459cfc51ff5129ce1a732bbef5928568b8092d412ef95611616376bbeed?s=96&d=mm&r=g\",\"contentUrl\":\"https:\\\/\\\/secure.gravatar.com\\\/avatar\\\/d4fe7459cfc51ff5129ce1a732bbef5928568b8092d412ef95611616376bbeed?s=96&d=mm&r=g\",\"caption\":\"f1000024\"},\"url\":\"https:\\\/\\\/cvinoticias.com\\\/v3\\\/author\\\/f1000024\\\/\"}]}<\/script>\n<!-- \/ Yoast SEO plugin. -->","yoast_head_json":{"title":"Prefectura abri\u00f3 la inscripci\u00f3n a su curso \u201cPiloto de Yate\u201d | CVI NOTICIAS","robots":{"index":"index","follow":"follow","max-snippet":"max-snippet:-1","max-image-preview":"max-image-preview:large","max-video-preview":"max-video-preview:-1"},"canonical":"https:\/\/cvinoticias.com\/v3\/prefectura-abrio-la-inscripcion-a-su-curso-piloto-de-yate\/","og_locale":"es_ES","og_type":"article","og_title":"Prefectura abri\u00f3 la inscripci\u00f3n a su curso \u201cPiloto de Yate\u201d | CVI NOTICIAS","og_description":"La Prefectura Naval Argentina, a trav\u00e9s de su Centro de Extensi\u00f3n Universitaria en N\u00e1utica Deportiva y Recreativa, abri\u00f3 la inscripci\u00f3n para su curso \u201cPiloto de Yate\u201d. Para inscribirse, los interesados deben estar certificados como Patr\u00f3n de Yate, con una antig\u00fcedad que supere los dos a\u00f1os, presentar carnet vigente, fotocopia color, copia del DNI (anverso y [&hellip;]","og_url":"https:\/\/cvinoticias.com\/v3\/prefectura-abrio-la-inscripcion-a-su-curso-piloto-de-yate\/","og_site_name":"CVI NOTICIAS","article_publisher":"https:\/\/www.facebook.com\/cvinoticias","article_published_time":"2025-02-12T18:25:57+00:00","og_image":[{"width":400,"height":294,"url":"https:\/\/cvinoticias.com\/wp-content\/uploads\/2025\/02\/IMG-20250212-WA0115.jpg","type":"image\/jpeg"}],"author":"f1000024","twitter_card":"summary_large_image","twitter_misc":{"Escrito por":"f1000024","Tiempo de lectura":"2 minutos"},"schema":{"@context":"https:\/\/schema.org","@graph":[{"@type":"Article","@id":"https:\/\/cvinoticias.com\/v3\/prefectura-abrio-la-inscripcion-a-su-curso-piloto-de-yate\/#article","isPartOf":{"@id":"https:\/\/cvinoticias.com\/v3\/prefectura-abrio-la-inscripcion-a-su-curso-piloto-de-yate\/"},"author":{"name":"f1000024","@id":"https:\/\/cvinoticias.com\/v3\/#\/schema\/person\/2db77e3c6bc03c538495d7b2b8be9b66"},"headline":"Prefectura abri\u00f3 la inscripci\u00f3n a su curso \u201cPiloto de Yate\u201d","datePublished":"2025-02-12T18:25:57+00:00","mainEntityOfPage":{"@id":"https:\/\/cvinoticias.com\/v3\/prefectura-abrio-la-inscripcion-a-su-curso-piloto-de-yate\/"},"wordCount":289,"commentCount":0,"publisher":{"@id":"https:\/\/cvinoticias.com\/v3\/#organization"},"image":{"@id":"https:\/\/cvinoticias.com\/v3\/prefectura-abrio-la-inscripcion-a-su-curso-piloto-de-yate\/#primaryimage"},"thumbnailUrl":"https:\/\/cvinoticias.com\/wp-content\/uploads\/2025\/02\/IMG-20250212-WA0115.jpg","keywords":["Curso","Piloto","Taller","Yate"],"articleSection":["Curso","Prefectura"],"inLanguage":"es","potentialAction":[{"@type":"CommentAction","name":"Comment","target":["https:\/\/cvinoticias.com\/v3\/prefectura-abrio-la-inscripcion-a-su-curso-piloto-de-yate\/#respond"]}]},{"@type":"WebPage","@id":"https:\/\/cvinoticias.com\/v3\/prefectura-abrio-la-inscripcion-a-su-curso-piloto-de-yate\/","url":"https:\/\/cvinoticias.com\/v3\/prefectura-abrio-la-inscripcion-a-su-curso-piloto-de-yate\/","name":"Prefectura abri\u00f3 la inscripci\u00f3n a su curso \u201cPiloto de Yate\u201d | CVI NOTICIAS","isPartOf":{"@id":"https:\/\/cvinoticias.com\/v3\/#website"},"primaryImageOfPage":{"@id":"https:\/\/cvinoticias.com\/v3\/prefectura-abrio-la-inscripcion-a-su-curso-piloto-de-yate\/#primaryimage"},"image":{"@id":"https:\/\/cvinoticias.com\/v3\/prefectura-abrio-la-inscripcion-a-su-curso-piloto-de-yate\/#primaryimage"},"thumbnailUrl":"https:\/\/cvinoticias.com\/wp-content\/uploads\/2025\/02\/IMG-20250212-WA0115.jpg","datePublished":"2025-02-12T18:25:57+00:00","breadcrumb":{"@id":"https:\/\/cvinoticias.com\/v3\/prefectura-abrio-la-inscripcion-a-su-curso-piloto-de-yate\/#breadcrumb"},"inLanguage":"es","potentialAction":[{"@type":"ReadAction","target":["https:\/\/cvinoticias.com\/v3\/prefectura-abrio-la-inscripcion-a-su-curso-piloto-de-yate\/"]}]},{"@type":"ImageObject","inLanguage":"es","@id":"https:\/\/cvinoticias.com\/v3\/prefectura-abrio-la-inscripcion-a-su-curso-piloto-de-yate\/#primaryimage","url":"https:\/\/cvinoticias.com\/wp-content\/uploads\/2025\/02\/IMG-20250212-WA0115.jpg","contentUrl":"https:\/\/cvinoticias.com\/wp-content\/uploads\/2025\/02\/IMG-20250212-WA0115.jpg","width":400,"height":294},{"@type":"BreadcrumbList","@id":"https:\/\/cvinoticias.com\/v3\/prefectura-abrio-la-inscripcion-a-su-curso-piloto-de-yate\/#breadcrumb","itemListElement":[{"@type":"ListItem","position":1,"name":"Portada","item":"https:\/\/cvinoticias.com\/v3\/"},{"@type":"ListItem","position":2,"name":"Prefectura abri\u00f3 la inscripci\u00f3n a su curso \u201cPiloto de Yate\u201d"}]},{"@type":"WebSite","@id":"https:\/\/cvinoticias.com\/v3\/#website","url":"https:\/\/cvinoticias.com\/v3\/","name":"CVI NOTICIAS","description":"","publisher":{"@id":"https:\/\/cvinoticias.com\/v3\/#organization"},"alternateName":"CVI","potentialAction":[{"@type":"SearchAction","target":{"@type":"EntryPoint","urlTemplate":"https:\/\/cvinoticias.com\/v3\/?s={search_term_string}"},"query-input":{"@type":"PropertyValueSpecification","valueRequired":true,"valueName":"search_term_string"}}],"inLanguage":"es"},{"@type":"Organization","@id":"https:\/\/cvinoticias.com\/v3\/#organization","name":"CVI NOTICIAS","url":"https:\/\/cvinoticias.com\/v3\/","logo":{"@type":"ImageObject","inLanguage":"es","@id":"https:\/\/cvinoticias.com\/v3\/#\/schema\/logo\/image\/","url":"https:\/\/cvinoticias.com\/wp-content\/uploads\/2023\/04\/cropped-cropped-cropped-cropped-cropped-3-1.png","contentUrl":"https:\/\/cvinoticias.com\/wp-content\/uploads\/2023\/04\/cropped-cropped-cropped-cropped-cropped-3-1.png","width":95,"height":122,"caption":"CVI NOTICIAS"},"image":{"@id":"https:\/\/cvinoticias.com\/v3\/#\/schema\/logo\/image\/"},"sameAs":["https:\/\/www.facebook.com\/cvinoticias","https:\/\/www.instagram.com\/cvinoticias\/","https:\/\/www.youtube.com\/@CVINOTICIAS"]},{"@type":"Person","@id":"https:\/\/cvinoticias.com\/v3\/#\/schema\/person\/2db77e3c6bc03c538495d7b2b8be9b66","name":"f1000024","image":{"@type":"ImageObject","inLanguage":"es","@id":"https:\/\/secure.gravatar.com\/avatar\/d4fe7459cfc51ff5129ce1a732bbef5928568b8092d412ef95611616376bbeed?s=96&d=mm&r=g","url":"https:\/\/secure.gravatar.com\/avatar\/d4fe7459cfc51ff5129ce1a732bbef5928568b8092d412ef95611616376bbeed?s=96&d=mm&r=g","contentUrl":"https:\/\/secure.gravatar.com\/avatar\/d4fe7459cfc51ff5129ce1a732bbef5928568b8092d412ef95611616376bbeed?s=96&d=mm&r=g","caption":"f1000024"},"url":"https:\/\/cvinoticias.com\/v3\/author\/f1000024\/"}]}},"_links":{"self":[{"href":"https:\/\/cvinoticias.com\/v3\/wp-json\/wp\/v2\/posts\/39508","targetHints":{"allow":["GET"]}}],"collection":[{"href":"https:\/\/cvinoticias.com\/v3\/wp-json\/wp\/v2\/posts"}],"about":[{"href":"https:\/\/cvinoticias.com\/v3\/wp-json\/wp\/v2\/types\/post"}],"author":[{"embeddable":true,"href":"https:\/\/cvinoticias.com\/v3\/wp-json\/wp\/v2\/users\/2"}],"replies":[{"embeddable":true,"href":"https:\/\/cvinoticias.com\/v3\/wp-json\/wp\/v2\/comments?post=39508"}],"version-history":[{"count":1,"href":"https:\/\/cvinoticias.com\/v3\/wp-json\/wp\/v2\/posts\/39508\/revisions"}],"predecessor-version":[{"id":39510,"href":"https:\/\/cvinoticias.com\/v3\/wp-json\/wp\/v2\/posts\/39508\/revisions\/39510"}],"wp:featuredmedia":[{"embeddable":true,"href":"https:\/\/cvinoticias.com\/v3\/wp-json\/wp\/v2\/media\/39509"}],"wp:attachment":[{"href":"https:\/\/cvinoticias.com\/v3\/wp-json\/wp\/v2\/media?parent=39508"}],"wp:term":[{"taxonomy":"category","embeddable":true,"href":"https:\/\/cvinoticias.com\/v3\/wp-json\/wp\/v2\/categories?post=39508"},{"taxonomy":"post_tag","embeddable":true,"href":"https:\/\/cvinoticias.com\/v3\/wp-json\/wp\/v2\/tags?post=39508"}],"curies":[{"name":"wp","href":"https:\/\/api.w.org\/{rel}","templated":true}]}}