{"id":39338,"date":"2025-02-06T17:07:46","date_gmt":"2025-02-06T20:07:46","guid":{"rendered":"https:\/\/cvinoticias.com\/v3\/?p=39338"},"modified":"2025-02-06T17:38:07","modified_gmt":"2025-02-06T20:38:07","slug":"como-cada-ano-se-viene-el-programa-volver-a-clases","status":"publish","type":"post","link":"https:\/\/cvinoticias.com\/v3\/como-cada-ano-se-viene-el-programa-volver-a-clases\/","title":{"rendered":"Como cada a\u00f1o se viene el programa \u00abVolver a clases\u00bb"},"content":{"rendered":"\n<p>El Director de Asistentesocial y Discapacidad Martin Alejandro Gonz\u00e1lez cont\u00f3 acerca de c\u00f3mo se va a desarrollar el programa \u00abVolver a Clases\u00bb, y dijo \u00abComo cada a\u00f1o realizamos el programa volver a clases lo hacemos desde el municipio particularmente la secretar\u00eda de salud y acci\u00f3n social en esta oportunidad vamos a realizar en la semana del lunes 10 al viernes 14 de febrero. Comenzamos el lunes en el barrio Primero de Mayo espec\u00edficamente en la capilla San Jos\u00e9 Carpintero, el martes estaremos en el polideportivo municipal en el el barrio Villanueva, el mi\u00e9rcoles estar\u00edamos de vuelta otra vez en la capilla de San Jos\u00e9 Carpintero, el jueves vamos a estar en el Centro Comunitario de Barrio Hermoso y el viernes vamos a estar en la escuela de la zona rural dos mil hect\u00e1reas\u00bb.<\/p>\n\n\n\n<figure class=\"wp-block-image size-full\"><a href=\"https:\/\/cvinoticias.com\/wp-content\/uploads\/2025\/02\/Screenshot_20250206_170244_Video-Player.jpg\"><img decoding=\"async\" width=\"720\" height=\"967\" data-src=\"https:\/\/cvinoticias.com\/wp-content\/uploads\/2025\/02\/Screenshot_20250206_170244_Video-Player.jpg\" alt=\"\" class=\"wp-image-39339 lazyload\" data-srcset=\"https:\/\/cvinoticias.com\/wp-content\/uploads\/2025\/02\/Screenshot_20250206_170244_Video-Player.jpg 720w, https:\/\/cvinoticias.com\/wp-content\/uploads\/2025\/02\/Screenshot_20250206_170244_Video-Player-223x300.jpg 223w\" data-sizes=\"(max-width: 720px) 100vw, 720px\" src=\"data:image\/svg+xml;base64,PHN2ZyB3aWR0aD0iMSIgaGVpZ2h0PSIxIiB4bWxucz0iaHR0cDovL3d3dy53My5vcmcvMjAwMC9zdmciPjwvc3ZnPg==\" style=\"--smush-placeholder-width: 720px; --smush-placeholder-aspect-ratio: 720\/967;\" \/><\/a><\/figure>\n\n\n\n<p>\u00bfA qui\u00e9n est\u00e1 dirigido este programa vuelta a clase?<\/p>\n\n\n\n<p>Vuelta a clases es un programa creado por la Direcci\u00f3n de la Juventud Municipal con el acompa\u00f1amiento de la Secretar\u00eda de Salud y Acci\u00f3n Social y que lo venimos realizando todos los a\u00f1os est\u00e1 destinado a todo los chicos que concurren a las escuelas primaria y secundaria.&nbsp;<\/p>\n\n\n\n<figure class=\"wp-block-image size-large\"><a href=\"https:\/\/cvinoticias.com\/wp-content\/uploads\/2025\/02\/IMG-20250206-WA0157.jpg\"><img decoding=\"async\" width=\"1024\" height=\"682\" data-src=\"https:\/\/cvinoticias.com\/wp-content\/uploads\/2025\/02\/IMG-20250206-WA0157-1024x682.jpg\" alt=\"\" class=\"wp-image-39348 lazyload\" data-srcset=\"https:\/\/cvinoticias.com\/wp-content\/uploads\/2025\/02\/IMG-20250206-WA0157-1024x682.jpg 1024w, https:\/\/cvinoticias.com\/wp-content\/uploads\/2025\/02\/IMG-20250206-WA0157-300x200.jpg 300w, https:\/\/cvinoticias.com\/wp-content\/uploads\/2025\/02\/IMG-20250206-WA0157-768x512.jpg 768w, https:\/\/cvinoticias.com\/wp-content\/uploads\/2025\/02\/IMG-20250206-WA0157-1536x1023.jpg 1536w, https:\/\/cvinoticias.com\/wp-content\/uploads\/2025\/02\/IMG-20250206-WA0157.jpg 1600w\" data-sizes=\"(max-width: 1024px) 100vw, 1024px\" src=\"data:image\/svg+xml;base64,PHN2ZyB3aWR0aD0iMSIgaGVpZ2h0PSIxIiB4bWxucz0iaHR0cDovL3d3dy53My5vcmcvMjAwMC9zdmciPjwvc3ZnPg==\" style=\"--smush-placeholder-width: 1024px; --smush-placeholder-aspect-ratio: 1024\/682;\" \/><\/a><\/figure>\n\n\n\n<p>Las actividades que se van a realizar&nbsp; son las usuales, las b\u00e1sicas de control m\u00e9dico, de control bucodental, control de peso, talla y determinaci\u00f3n de \u00edndice de masa corporal para determinar as\u00ed el control nutricional.<\/p>\n\n\n\n<figure class=\"wp-block-image size-full\"><a href=\"https:\/\/cvinoticias.com\/wp-content\/uploads\/2025\/02\/IMG-20250206-WA0003.jpg\"><img decoding=\"async\" width=\"748\" height=\"788\" data-src=\"https:\/\/cvinoticias.com\/wp-content\/uploads\/2025\/02\/IMG-20250206-WA0003.jpg\" alt=\"\" class=\"wp-image-39334 lazyload\" data-srcset=\"https:\/\/cvinoticias.com\/wp-content\/uploads\/2025\/02\/IMG-20250206-WA0003.jpg 748w, https:\/\/cvinoticias.com\/wp-content\/uploads\/2025\/02\/IMG-20250206-WA0003-285x300.jpg 285w\" data-sizes=\"(max-width: 748px) 100vw, 748px\" src=\"data:image\/svg+xml;base64,PHN2ZyB3aWR0aD0iMSIgaGVpZ2h0PSIxIiB4bWxucz0iaHR0cDovL3d3dy53My5vcmcvMjAwMC9zdmciPjwvc3ZnPg==\" style=\"--smush-placeholder-width: 748px; --smush-placeholder-aspect-ratio: 748\/788;\" \/><\/a><\/figure>\n\n\n\n<p>\u00abNuestro programa hace mucho hincapi\u00e9 en esta \u00faltima parte que es la parte nutricional, ya que nuestra secretar\u00eda tambi\u00e9n colabora con los comedores comunitarios y generalmente para nosotros y para la parte de salud, es importante conocer el estado nutricional para poder despu\u00e9s de ese resultado poder tomar las acciones pertinentes\u00bb, concluy\u00f3 Gonz\u00e1lez.<\/p>\n\n\n\n<figure class=\"wp-block-image size-full\"><a href=\"https:\/\/cvinoticias.com\/wp-content\/uploads\/2025\/02\/IMG-20250206-WA0154.jpg\"><img decoding=\"async\" width=\"800\" height=\"800\" data-src=\"https:\/\/cvinoticias.com\/wp-content\/uploads\/2025\/02\/IMG-20250206-WA0154.jpg\" alt=\"\" class=\"wp-image-39350 lazyload\" data-srcset=\"https:\/\/cvinoticias.com\/wp-content\/uploads\/2025\/02\/IMG-20250206-WA0154.jpg 800w, https:\/\/cvinoticias.com\/wp-content\/uploads\/2025\/02\/IMG-20250206-WA0154-300x300.jpg 300w, https:\/\/cvinoticias.com\/wp-content\/uploads\/2025\/02\/IMG-20250206-WA0154-150x150.jpg 150w, https:\/\/cvinoticias.com\/wp-content\/uploads\/2025\/02\/IMG-20250206-WA0154-768x768.jpg 768w\" data-sizes=\"(max-width: 800px) 100vw, 800px\" src=\"data:image\/svg+xml;base64,PHN2ZyB3aWR0aD0iMSIgaGVpZ2h0PSIxIiB4bWxucz0iaHR0cDovL3d3dy53My5vcmcvMjAwMC9zdmciPjwvc3ZnPg==\" style=\"--smush-placeholder-width: 800px; --smush-placeholder-aspect-ratio: 800\/800;\" \/><\/a><\/figure>\n","protected":false},"excerpt":{"rendered":"<p>El Director de Asistentesocial y Discapacidad Martin Alejandro Gonz\u00e1lez cont\u00f3 acerca de c\u00f3mo se va a desarrollar el programa \u00abVolver a Clases\u00bb, y dijo \u00abComo cada a\u00f1o realizamos el programa volver a clases lo hacemos desde el municipio particularmente la secretar\u00eda de salud y acci\u00f3n social en esta oportunidad vamos a realizar en la semana [&hellip;]<\/p>\n","protected":false},"author":2,"featured_media":39335,"comment_status":"open","ping_status":"open","sticky":false,"template":"","format":"standard","meta":{"footnotes":""},"categories":[493,22],"tags":[496,1345,976,1343,107,1346],"class_list":["post-39338","post","type-post","status-publish","format-standard","has-post-thumbnail","hentry","category-educacion-2","category-salud","tag-educacion","tag-gonzalez","tag-municipalidad","tag-nutricion","tag-salud","tag-volver-a-clases"],"yoast_head":"<!-- This site is optimized with the Yoast SEO plugin v27.5 - https:\/\/yoast.com\/product\/yoast-seo-wordpress\/ -->\n<title>Como cada a\u00f1o se viene el programa &quot;Volver a clases&quot; | CVI NOTICIAS<\/title>\n<meta name=\"robots\" content=\"index, follow, max-snippet:-1, max-image-preview:large, max-video-preview:-1\" \/>\n<link rel=\"canonical\" href=\"https:\/\/cvinoticias.com\/v3\/como-cada-ano-se-viene-el-programa-volver-a-clases\/\" \/>\n<meta property=\"og:locale\" content=\"es_ES\" \/>\n<meta property=\"og:type\" content=\"article\" \/>\n<meta property=\"og:title\" content=\"Como cada a\u00f1o se viene el programa &quot;Volver a clases&quot; | CVI NOTICIAS\" \/>\n<meta property=\"og:description\" content=\"El Director de Asistentesocial y Discapacidad Martin Alejandro Gonz\u00e1lez cont\u00f3 acerca de c\u00f3mo se va a desarrollar el programa \u00abVolver a Clases\u00bb, y dijo \u00abComo cada a\u00f1o realizamos el programa volver a clases lo hacemos desde el municipio particularmente la secretar\u00eda de salud y acci\u00f3n social en esta oportunidad vamos a realizar en la semana [&hellip;]\" \/>\n<meta property=\"og:url\" content=\"https:\/\/cvinoticias.com\/v3\/como-cada-ano-se-viene-el-programa-volver-a-clases\/\" \/>\n<meta property=\"og:site_name\" content=\"CVI NOTICIAS\" \/>\n<meta property=\"article:publisher\" content=\"https:\/\/www.facebook.com\/cvinoticias\" \/>\n<meta property=\"article:published_time\" content=\"2025-02-06T20:07:46+00:00\" \/>\n<meta property=\"article:modified_time\" content=\"2025-02-06T20:38:07+00:00\" \/>\n<meta property=\"og:image\" content=\"https:\/\/cvinoticias.com\/wp-content\/uploads\/2025\/02\/IMG-20250206-WA0002.jpg\" \/>\n\t<meta property=\"og:image:width\" content=\"780\" \/>\n\t<meta property=\"og:image:height\" content=\"788\" \/>\n\t<meta property=\"og:image:type\" content=\"image\/jpeg\" \/>\n<meta name=\"author\" content=\"f1000024\" \/>\n<meta name=\"twitter:card\" content=\"summary_large_image\" \/>\n<meta name=\"twitter:label1\" content=\"Escrito por\" \/>\n\t<meta name=\"twitter:data1\" content=\"f1000024\" \/>\n\t<meta name=\"twitter:label2\" content=\"Tiempo de lectura\" \/>\n\t<meta name=\"twitter:data2\" content=\"2 minutos\" \/>\n<script type=\"application\/ld+json\" class=\"yoast-schema-graph\">{\"@context\":\"https:\\\/\\\/schema.org\",\"@graph\":[{\"@type\":\"Article\",\"@id\":\"https:\\\/\\\/cvinoticias.com\\\/v3\\\/como-cada-ano-se-viene-el-programa-volver-a-clases\\\/#article\",\"isPartOf\":{\"@id\":\"https:\\\/\\\/cvinoticias.com\\\/v3\\\/como-cada-ano-se-viene-el-programa-volver-a-clases\\\/\"},\"author\":{\"name\":\"f1000024\",\"@id\":\"https:\\\/\\\/cvinoticias.com\\\/v3\\\/#\\\/schema\\\/person\\\/2db77e3c6bc03c538495d7b2b8be9b66\"},\"headline\":\"Como cada a\u00f1o se viene el programa \u00abVolver a clases\u00bb\",\"datePublished\":\"2025-02-06T20:07:46+00:00\",\"dateModified\":\"2025-02-06T20:38:07+00:00\",\"mainEntityOfPage\":{\"@id\":\"https:\\\/\\\/cvinoticias.com\\\/v3\\\/como-cada-ano-se-viene-el-programa-volver-a-clases\\\/\"},\"wordCount\":310,\"commentCount\":0,\"publisher\":{\"@id\":\"https:\\\/\\\/cvinoticias.com\\\/v3\\\/#organization\"},\"image\":{\"@id\":\"https:\\\/\\\/cvinoticias.com\\\/v3\\\/como-cada-ano-se-viene-el-programa-volver-a-clases\\\/#primaryimage\"},\"thumbnailUrl\":\"https:\\\/\\\/cvinoticias.com\\\/wp-content\\\/uploads\\\/2025\\\/02\\\/IMG-20250206-WA0002.jpg\",\"keywords\":[\"Educaci\u00f3n\",\"Gonz\u00e1lez\",\"Municipalidad\",\"Nutrici\u00f3n\",\"salud\",\"Volver a clases\"],\"articleSection\":[\"Educaci\u00f3n\",\"Salud\"],\"inLanguage\":\"es\",\"potentialAction\":[{\"@type\":\"CommentAction\",\"name\":\"Comment\",\"target\":[\"https:\\\/\\\/cvinoticias.com\\\/v3\\\/como-cada-ano-se-viene-el-programa-volver-a-clases\\\/#respond\"]}]},{\"@type\":\"WebPage\",\"@id\":\"https:\\\/\\\/cvinoticias.com\\\/v3\\\/como-cada-ano-se-viene-el-programa-volver-a-clases\\\/\",\"url\":\"https:\\\/\\\/cvinoticias.com\\\/v3\\\/como-cada-ano-se-viene-el-programa-volver-a-clases\\\/\",\"name\":\"Como cada a\u00f1o se viene el programa \\\"Volver a clases\\\" | CVI NOTICIAS\",\"isPartOf\":{\"@id\":\"https:\\\/\\\/cvinoticias.com\\\/v3\\\/#website\"},\"primaryImageOfPage\":{\"@id\":\"https:\\\/\\\/cvinoticias.com\\\/v3\\\/como-cada-ano-se-viene-el-programa-volver-a-clases\\\/#primaryimage\"},\"image\":{\"@id\":\"https:\\\/\\\/cvinoticias.com\\\/v3\\\/como-cada-ano-se-viene-el-programa-volver-a-clases\\\/#primaryimage\"},\"thumbnailUrl\":\"https:\\\/\\\/cvinoticias.com\\\/wp-content\\\/uploads\\\/2025\\\/02\\\/IMG-20250206-WA0002.jpg\",\"datePublished\":\"2025-02-06T20:07:46+00:00\",\"dateModified\":\"2025-02-06T20:38:07+00:00\",\"breadcrumb\":{\"@id\":\"https:\\\/\\\/cvinoticias.com\\\/v3\\\/como-cada-ano-se-viene-el-programa-volver-a-clases\\\/#breadcrumb\"},\"inLanguage\":\"es\",\"potentialAction\":[{\"@type\":\"ReadAction\",\"target\":[\"https:\\\/\\\/cvinoticias.com\\\/v3\\\/como-cada-ano-se-viene-el-programa-volver-a-clases\\\/\"]}]},{\"@type\":\"ImageObject\",\"inLanguage\":\"es\",\"@id\":\"https:\\\/\\\/cvinoticias.com\\\/v3\\\/como-cada-ano-se-viene-el-programa-volver-a-clases\\\/#primaryimage\",\"url\":\"https:\\\/\\\/cvinoticias.com\\\/wp-content\\\/uploads\\\/2025\\\/02\\\/IMG-20250206-WA0002.jpg\",\"contentUrl\":\"https:\\\/\\\/cvinoticias.com\\\/wp-content\\\/uploads\\\/2025\\\/02\\\/IMG-20250206-WA0002.jpg\",\"width\":780,\"height\":788},{\"@type\":\"BreadcrumbList\",\"@id\":\"https:\\\/\\\/cvinoticias.com\\\/v3\\\/como-cada-ano-se-viene-el-programa-volver-a-clases\\\/#breadcrumb\",\"itemListElement\":[{\"@type\":\"ListItem\",\"position\":1,\"name\":\"Portada\",\"item\":\"https:\\\/\\\/cvinoticias.com\\\/v3\\\/\"},{\"@type\":\"ListItem\",\"position\":2,\"name\":\"Como cada a\u00f1o se viene el programa \u00abVolver a clases\u00bb\"}]},{\"@type\":\"WebSite\",\"@id\":\"https:\\\/\\\/cvinoticias.com\\\/v3\\\/#website\",\"url\":\"https:\\\/\\\/cvinoticias.com\\\/v3\\\/\",\"name\":\"CVI NOTICIAS\",\"description\":\"\",\"publisher\":{\"@id\":\"https:\\\/\\\/cvinoticias.com\\\/v3\\\/#organization\"},\"alternateName\":\"CVI\",\"potentialAction\":[{\"@type\":\"SearchAction\",\"target\":{\"@type\":\"EntryPoint\",\"urlTemplate\":\"https:\\\/\\\/cvinoticias.com\\\/v3\\\/?s={search_term_string}\"},\"query-input\":{\"@type\":\"PropertyValueSpecification\",\"valueRequired\":true,\"valueName\":\"search_term_string\"}}],\"inLanguage\":\"es\"},{\"@type\":\"Organization\",\"@id\":\"https:\\\/\\\/cvinoticias.com\\\/v3\\\/#organization\",\"name\":\"CVI NOTICIAS\",\"url\":\"https:\\\/\\\/cvinoticias.com\\\/v3\\\/\",\"logo\":{\"@type\":\"ImageObject\",\"inLanguage\":\"es\",\"@id\":\"https:\\\/\\\/cvinoticias.com\\\/v3\\\/#\\\/schema\\\/logo\\\/image\\\/\",\"url\":\"https:\\\/\\\/cvinoticias.com\\\/wp-content\\\/uploads\\\/2023\\\/04\\\/cropped-cropped-cropped-cropped-cropped-3-1.png\",\"contentUrl\":\"https:\\\/\\\/cvinoticias.com\\\/wp-content\\\/uploads\\\/2023\\\/04\\\/cropped-cropped-cropped-cropped-cropped-3-1.png\",\"width\":95,\"height\":122,\"caption\":\"CVI NOTICIAS\"},\"image\":{\"@id\":\"https:\\\/\\\/cvinoticias.com\\\/v3\\\/#\\\/schema\\\/logo\\\/image\\\/\"},\"sameAs\":[\"https:\\\/\\\/www.facebook.com\\\/cvinoticias\",\"https:\\\/\\\/www.instagram.com\\\/cvinoticias\\\/\",\"https:\\\/\\\/www.youtube.com\\\/@CVINOTICIAS\"]},{\"@type\":\"Person\",\"@id\":\"https:\\\/\\\/cvinoticias.com\\\/v3\\\/#\\\/schema\\\/person\\\/2db77e3c6bc03c538495d7b2b8be9b66\",\"name\":\"f1000024\",\"image\":{\"@type\":\"ImageObject\",\"inLanguage\":\"es\",\"@id\":\"https:\\\/\\\/secure.gravatar.com\\\/avatar\\\/d4fe7459cfc51ff5129ce1a732bbef5928568b8092d412ef95611616376bbeed?s=96&d=mm&r=g\",\"url\":\"https:\\\/\\\/secure.gravatar.com\\\/avatar\\\/d4fe7459cfc51ff5129ce1a732bbef5928568b8092d412ef95611616376bbeed?s=96&d=mm&r=g\",\"contentUrl\":\"https:\\\/\\\/secure.gravatar.com\\\/avatar\\\/d4fe7459cfc51ff5129ce1a732bbef5928568b8092d412ef95611616376bbeed?s=96&d=mm&r=g\",\"caption\":\"f1000024\"},\"url\":\"https:\\\/\\\/cvinoticias.com\\\/v3\\\/author\\\/f1000024\\\/\"}]}<\/script>\n<!-- \/ Yoast SEO plugin. -->","yoast_head_json":{"title":"Como cada a\u00f1o se viene el programa \"Volver a clases\" | CVI NOTICIAS","robots":{"index":"index","follow":"follow","max-snippet":"max-snippet:-1","max-image-preview":"max-image-preview:large","max-video-preview":"max-video-preview:-1"},"canonical":"https:\/\/cvinoticias.com\/v3\/como-cada-ano-se-viene-el-programa-volver-a-clases\/","og_locale":"es_ES","og_type":"article","og_title":"Como cada a\u00f1o se viene el programa \"Volver a clases\" | CVI NOTICIAS","og_description":"El Director de Asistentesocial y Discapacidad Martin Alejandro Gonz\u00e1lez cont\u00f3 acerca de c\u00f3mo se va a desarrollar el programa \u00abVolver a Clases\u00bb, y dijo \u00abComo cada a\u00f1o realizamos el programa volver a clases lo hacemos desde el municipio particularmente la secretar\u00eda de salud y acci\u00f3n social en esta oportunidad vamos a realizar en la semana [&hellip;]","og_url":"https:\/\/cvinoticias.com\/v3\/como-cada-ano-se-viene-el-programa-volver-a-clases\/","og_site_name":"CVI NOTICIAS","article_publisher":"https:\/\/www.facebook.com\/cvinoticias","article_published_time":"2025-02-06T20:07:46+00:00","article_modified_time":"2025-02-06T20:38:07+00:00","og_image":[{"width":780,"height":788,"url":"https:\/\/cvinoticias.com\/wp-content\/uploads\/2025\/02\/IMG-20250206-WA0002.jpg","type":"image\/jpeg"}],"author":"f1000024","twitter_card":"summary_large_image","twitter_misc":{"Escrito por":"f1000024","Tiempo de lectura":"2 minutos"},"schema":{"@context":"https:\/\/schema.org","@graph":[{"@type":"Article","@id":"https:\/\/cvinoticias.com\/v3\/como-cada-ano-se-viene-el-programa-volver-a-clases\/#article","isPartOf":{"@id":"https:\/\/cvinoticias.com\/v3\/como-cada-ano-se-viene-el-programa-volver-a-clases\/"},"author":{"name":"f1000024","@id":"https:\/\/cvinoticias.com\/v3\/#\/schema\/person\/2db77e3c6bc03c538495d7b2b8be9b66"},"headline":"Como cada a\u00f1o se viene el programa \u00abVolver a clases\u00bb","datePublished":"2025-02-06T20:07:46+00:00","dateModified":"2025-02-06T20:38:07+00:00","mainEntityOfPage":{"@id":"https:\/\/cvinoticias.com\/v3\/como-cada-ano-se-viene-el-programa-volver-a-clases\/"},"wordCount":310,"commentCount":0,"publisher":{"@id":"https:\/\/cvinoticias.com\/v3\/#organization"},"image":{"@id":"https:\/\/cvinoticias.com\/v3\/como-cada-ano-se-viene-el-programa-volver-a-clases\/#primaryimage"},"thumbnailUrl":"https:\/\/cvinoticias.com\/wp-content\/uploads\/2025\/02\/IMG-20250206-WA0002.jpg","keywords":["Educaci\u00f3n","Gonz\u00e1lez","Municipalidad","Nutrici\u00f3n","salud","Volver a clases"],"articleSection":["Educaci\u00f3n","Salud"],"inLanguage":"es","potentialAction":[{"@type":"CommentAction","name":"Comment","target":["https:\/\/cvinoticias.com\/v3\/como-cada-ano-se-viene-el-programa-volver-a-clases\/#respond"]}]},{"@type":"WebPage","@id":"https:\/\/cvinoticias.com\/v3\/como-cada-ano-se-viene-el-programa-volver-a-clases\/","url":"https:\/\/cvinoticias.com\/v3\/como-cada-ano-se-viene-el-programa-volver-a-clases\/","name":"Como cada a\u00f1o se viene el programa \"Volver a clases\" | CVI NOTICIAS","isPartOf":{"@id":"https:\/\/cvinoticias.com\/v3\/#website"},"primaryImageOfPage":{"@id":"https:\/\/cvinoticias.com\/v3\/como-cada-ano-se-viene-el-programa-volver-a-clases\/#primaryimage"},"image":{"@id":"https:\/\/cvinoticias.com\/v3\/como-cada-ano-se-viene-el-programa-volver-a-clases\/#primaryimage"},"thumbnailUrl":"https:\/\/cvinoticias.com\/wp-content\/uploads\/2025\/02\/IMG-20250206-WA0002.jpg","datePublished":"2025-02-06T20:07:46+00:00","dateModified":"2025-02-06T20:38:07+00:00","breadcrumb":{"@id":"https:\/\/cvinoticias.com\/v3\/como-cada-ano-se-viene-el-programa-volver-a-clases\/#breadcrumb"},"inLanguage":"es","potentialAction":[{"@type":"ReadAction","target":["https:\/\/cvinoticias.com\/v3\/como-cada-ano-se-viene-el-programa-volver-a-clases\/"]}]},{"@type":"ImageObject","inLanguage":"es","@id":"https:\/\/cvinoticias.com\/v3\/como-cada-ano-se-viene-el-programa-volver-a-clases\/#primaryimage","url":"https:\/\/cvinoticias.com\/wp-content\/uploads\/2025\/02\/IMG-20250206-WA0002.jpg","contentUrl":"https:\/\/cvinoticias.com\/wp-content\/uploads\/2025\/02\/IMG-20250206-WA0002.jpg","width":780,"height":788},{"@type":"BreadcrumbList","@id":"https:\/\/cvinoticias.com\/v3\/como-cada-ano-se-viene-el-programa-volver-a-clases\/#breadcrumb","itemListElement":[{"@type":"ListItem","position":1,"name":"Portada","item":"https:\/\/cvinoticias.com\/v3\/"},{"@type":"ListItem","position":2,"name":"Como cada a\u00f1o se viene el programa \u00abVolver a clases\u00bb"}]},{"@type":"WebSite","@id":"https:\/\/cvinoticias.com\/v3\/#website","url":"https:\/\/cvinoticias.com\/v3\/","name":"CVI NOTICIAS","description":"","publisher":{"@id":"https:\/\/cvinoticias.com\/v3\/#organization"},"alternateName":"CVI","potentialAction":[{"@type":"SearchAction","target":{"@type":"EntryPoint","urlTemplate":"https:\/\/cvinoticias.com\/v3\/?s={search_term_string}"},"query-input":{"@type":"PropertyValueSpecification","valueRequired":true,"valueName":"search_term_string"}}],"inLanguage":"es"},{"@type":"Organization","@id":"https:\/\/cvinoticias.com\/v3\/#organization","name":"CVI NOTICIAS","url":"https:\/\/cvinoticias.com\/v3\/","logo":{"@type":"ImageObject","inLanguage":"es","@id":"https:\/\/cvinoticias.com\/v3\/#\/schema\/logo\/image\/","url":"https:\/\/cvinoticias.com\/wp-content\/uploads\/2023\/04\/cropped-cropped-cropped-cropped-cropped-3-1.png","contentUrl":"https:\/\/cvinoticias.com\/wp-content\/uploads\/2023\/04\/cropped-cropped-cropped-cropped-cropped-3-1.png","width":95,"height":122,"caption":"CVI NOTICIAS"},"image":{"@id":"https:\/\/cvinoticias.com\/v3\/#\/schema\/logo\/image\/"},"sameAs":["https:\/\/www.facebook.com\/cvinoticias","https:\/\/www.instagram.com\/cvinoticias\/","https:\/\/www.youtube.com\/@CVINOTICIAS"]},{"@type":"Person","@id":"https:\/\/cvinoticias.com\/v3\/#\/schema\/person\/2db77e3c6bc03c538495d7b2b8be9b66","name":"f1000024","image":{"@type":"ImageObject","inLanguage":"es","@id":"https:\/\/secure.gravatar.com\/avatar\/d4fe7459cfc51ff5129ce1a732bbef5928568b8092d412ef95611616376bbeed?s=96&d=mm&r=g","url":"https:\/\/secure.gravatar.com\/avatar\/d4fe7459cfc51ff5129ce1a732bbef5928568b8092d412ef95611616376bbeed?s=96&d=mm&r=g","contentUrl":"https:\/\/secure.gravatar.com\/avatar\/d4fe7459cfc51ff5129ce1a732bbef5928568b8092d412ef95611616376bbeed?s=96&d=mm&r=g","caption":"f1000024"},"url":"https:\/\/cvinoticias.com\/v3\/author\/f1000024\/"}]}},"_links":{"self":[{"href":"https:\/\/cvinoticias.com\/v3\/wp-json\/wp\/v2\/posts\/39338","targetHints":{"allow":["GET"]}}],"collection":[{"href":"https:\/\/cvinoticias.com\/v3\/wp-json\/wp\/v2\/posts"}],"about":[{"href":"https:\/\/cvinoticias.com\/v3\/wp-json\/wp\/v2\/types\/post"}],"author":[{"embeddable":true,"href":"https:\/\/cvinoticias.com\/v3\/wp-json\/wp\/v2\/users\/2"}],"replies":[{"embeddable":true,"href":"https:\/\/cvinoticias.com\/v3\/wp-json\/wp\/v2\/comments?post=39338"}],"version-history":[{"count":3,"href":"https:\/\/cvinoticias.com\/v3\/wp-json\/wp\/v2\/posts\/39338\/revisions"}],"predecessor-version":[{"id":39351,"href":"https:\/\/cvinoticias.com\/v3\/wp-json\/wp\/v2\/posts\/39338\/revisions\/39351"}],"wp:featuredmedia":[{"embeddable":true,"href":"https:\/\/cvinoticias.com\/v3\/wp-json\/wp\/v2\/media\/39335"}],"wp:attachment":[{"href":"https:\/\/cvinoticias.com\/v3\/wp-json\/wp\/v2\/media?parent=39338"}],"wp:term":[{"taxonomy":"category","embeddable":true,"href":"https:\/\/cvinoticias.com\/v3\/wp-json\/wp\/v2\/categories?post=39338"},{"taxonomy":"post_tag","embeddable":true,"href":"https:\/\/cvinoticias.com\/v3\/wp-json\/wp\/v2\/tags?post=39338"}],"curies":[{"name":"wp","href":"https:\/\/api.w.org\/{rel}","templated":true}]}}