{"id":39033,"date":"2025-01-27T10:50:00","date_gmt":"2025-01-27T13:50:00","guid":{"rendered":"https:\/\/cvinoticias.com\/v3\/?p=39033"},"modified":"2025-01-28T10:33:11","modified_gmt":"2025-01-28T13:33:11","slug":"un-menor-de-edad-fallecio-tras-ahogarse-en-un-arroyo","status":"publish","type":"post","link":"https:\/\/cvinoticias.com\/v3\/un-menor-de-edad-fallecio-tras-ahogarse-en-un-arroyo\/","title":{"rendered":"Un menor de edad falleci\u00f3 tras ahogarse en un arroyo"},"content":{"rendered":"\n<p>Un tr\u00e1gico accidente ocurri\u00f3 ayer en el barrio San Miguel de Wanda, cuando Isaias Ismael Arrieta, un ni\u00f1o de solo 4 a\u00f1os, se ahog\u00f3 en el arroyo Bonito. Seg\u00fan informes, Isaias se hab\u00eda ido a refrescarse en el arroyo con otros ni\u00f1os, pero desapareci\u00f3 en el agua. Su madre, alarmada por su desaparici\u00f3n, inform\u00f3 a la polic\u00eda, quienes iniciaron una b\u00fasqueda junto a los bomberos voluntarios.<\/p>\n\n\n\n<p>Despu\u00e9s de horas de rastrillaje, el cuerpo de Isaias fue hallado sin vida en el cauce del arroyo. El m\u00e9dico policial determin\u00f3 que la causa de muerte fue asfixia por inmersi\u00f3n. El juez orden\u00f3 la entrega del cuerpo para velatorio e inhumaci\u00f3n.<\/p>\n\n\n\n<p>La comunidad de Wanda se encuentra conmocionada por este tr\u00e1gico evento, y se espera que se tomen medidas para evitar que algo similar vuelva a suceder en el futuro.<\/p>\n","protected":false},"excerpt":{"rendered":"<p>Un tr\u00e1gico accidente ocurri\u00f3 ayer en el barrio San Miguel de Wanda, cuando Isaias Ismael Arrieta, un ni\u00f1o de solo 4 a\u00f1os, se ahog\u00f3 en el arroyo Bonito. Seg\u00fan informes, Isaias se hab\u00eda ido a refrescarse en el arroyo con otros ni\u00f1os, pero desapareci\u00f3 en el agua. Su madre, alarmada por su desaparici\u00f3n, inform\u00f3 a [&hellip;]<\/p>\n","protected":false},"author":2,"featured_media":39034,"comment_status":"open","ping_status":"open","sticky":false,"template":"","format":"standard","meta":{"footnotes":""},"categories":[41],"tags":[1256,1255,677],"class_list":["post-39033","post","type-post","status-publish","format-standard","has-post-thumbnail","hentry","category-policiales","tag-ahogado","tag-menor","tag-policia"],"yoast_head":"<!-- This site is optimized with the Yoast SEO plugin v27.4 - https:\/\/yoast.com\/product\/yoast-seo-wordpress\/ -->\n<title>Un menor de edad falleci\u00f3 tras ahogarse en un arroyo | CVI NOTICIAS<\/title>\n<meta name=\"robots\" content=\"index, follow, max-snippet:-1, max-image-preview:large, max-video-preview:-1\" \/>\n<link rel=\"canonical\" href=\"https:\/\/cvinoticias.com\/v3\/un-menor-de-edad-fallecio-tras-ahogarse-en-un-arroyo\/\" \/>\n<meta property=\"og:locale\" content=\"es_ES\" \/>\n<meta property=\"og:type\" content=\"article\" \/>\n<meta property=\"og:title\" content=\"Un menor de edad falleci\u00f3 tras ahogarse en un arroyo | CVI NOTICIAS\" \/>\n<meta property=\"og:description\" content=\"Un tr\u00e1gico accidente ocurri\u00f3 ayer en el barrio San Miguel de Wanda, cuando Isaias Ismael Arrieta, un ni\u00f1o de solo 4 a\u00f1os, se ahog\u00f3 en el arroyo Bonito. Seg\u00fan informes, Isaias se hab\u00eda ido a refrescarse en el arroyo con otros ni\u00f1os, pero desapareci\u00f3 en el agua. Su madre, alarmada por su desaparici\u00f3n, inform\u00f3 a [&hellip;]\" \/>\n<meta property=\"og:url\" content=\"https:\/\/cvinoticias.com\/v3\/un-menor-de-edad-fallecio-tras-ahogarse-en-un-arroyo\/\" \/>\n<meta property=\"og:site_name\" content=\"CVI NOTICIAS\" \/>\n<meta property=\"article:publisher\" content=\"https:\/\/www.facebook.com\/cvinoticias\" \/>\n<meta property=\"article:published_time\" content=\"2025-01-27T13:50:00+00:00\" \/>\n<meta property=\"article:modified_time\" content=\"2025-01-28T13:33:11+00:00\" \/>\n<meta property=\"og:image\" content=\"https:\/\/cvinoticias.com\/wp-content\/uploads\/2025\/01\/IMG-20250127-WA0104.jpg\" \/>\n\t<meta property=\"og:image:width\" content=\"1080\" \/>\n\t<meta property=\"og:image:height\" content=\"608\" \/>\n\t<meta property=\"og:image:type\" content=\"image\/jpeg\" \/>\n<meta name=\"author\" content=\"f1000024\" \/>\n<meta name=\"twitter:card\" content=\"summary_large_image\" \/>\n<meta name=\"twitter:label1\" content=\"Escrito por\" \/>\n\t<meta name=\"twitter:data1\" content=\"f1000024\" \/>\n\t<meta name=\"twitter:label2\" content=\"Tiempo de lectura\" \/>\n\t<meta name=\"twitter:data2\" content=\"1 minuto\" \/>\n<script type=\"application\/ld+json\" class=\"yoast-schema-graph\">{\"@context\":\"https:\\\/\\\/schema.org\",\"@graph\":[{\"@type\":\"Article\",\"@id\":\"https:\\\/\\\/cvinoticias.com\\\/v3\\\/un-menor-de-edad-fallecio-tras-ahogarse-en-un-arroyo\\\/#article\",\"isPartOf\":{\"@id\":\"https:\\\/\\\/cvinoticias.com\\\/v3\\\/un-menor-de-edad-fallecio-tras-ahogarse-en-un-arroyo\\\/\"},\"author\":{\"name\":\"f1000024\",\"@id\":\"https:\\\/\\\/cvinoticias.com\\\/v3\\\/#\\\/schema\\\/person\\\/2db77e3c6bc03c538495d7b2b8be9b66\"},\"headline\":\"Un menor de edad falleci\u00f3 tras ahogarse en un arroyo\",\"datePublished\":\"2025-01-27T13:50:00+00:00\",\"dateModified\":\"2025-01-28T13:33:11+00:00\",\"mainEntityOfPage\":{\"@id\":\"https:\\\/\\\/cvinoticias.com\\\/v3\\\/un-menor-de-edad-fallecio-tras-ahogarse-en-un-arroyo\\\/\"},\"wordCount\":160,\"commentCount\":0,\"publisher\":{\"@id\":\"https:\\\/\\\/cvinoticias.com\\\/v3\\\/#organization\"},\"image\":{\"@id\":\"https:\\\/\\\/cvinoticias.com\\\/v3\\\/un-menor-de-edad-fallecio-tras-ahogarse-en-un-arroyo\\\/#primaryimage\"},\"thumbnailUrl\":\"https:\\\/\\\/cvinoticias.com\\\/wp-content\\\/uploads\\\/2025\\\/01\\\/IMG-20250127-WA0104.jpg\",\"keywords\":[\"Ahogado\",\"Menor\",\"Polic\u00eda\"],\"articleSection\":[\"Policiales\"],\"inLanguage\":\"es\",\"potentialAction\":[{\"@type\":\"CommentAction\",\"name\":\"Comment\",\"target\":[\"https:\\\/\\\/cvinoticias.com\\\/v3\\\/un-menor-de-edad-fallecio-tras-ahogarse-en-un-arroyo\\\/#respond\"]}]},{\"@type\":\"WebPage\",\"@id\":\"https:\\\/\\\/cvinoticias.com\\\/v3\\\/un-menor-de-edad-fallecio-tras-ahogarse-en-un-arroyo\\\/\",\"url\":\"https:\\\/\\\/cvinoticias.com\\\/v3\\\/un-menor-de-edad-fallecio-tras-ahogarse-en-un-arroyo\\\/\",\"name\":\"Un menor de edad falleci\u00f3 tras ahogarse en un arroyo | CVI NOTICIAS\",\"isPartOf\":{\"@id\":\"https:\\\/\\\/cvinoticias.com\\\/v3\\\/#website\"},\"primaryImageOfPage\":{\"@id\":\"https:\\\/\\\/cvinoticias.com\\\/v3\\\/un-menor-de-edad-fallecio-tras-ahogarse-en-un-arroyo\\\/#primaryimage\"},\"image\":{\"@id\":\"https:\\\/\\\/cvinoticias.com\\\/v3\\\/un-menor-de-edad-fallecio-tras-ahogarse-en-un-arroyo\\\/#primaryimage\"},\"thumbnailUrl\":\"https:\\\/\\\/cvinoticias.com\\\/wp-content\\\/uploads\\\/2025\\\/01\\\/IMG-20250127-WA0104.jpg\",\"datePublished\":\"2025-01-27T13:50:00+00:00\",\"dateModified\":\"2025-01-28T13:33:11+00:00\",\"breadcrumb\":{\"@id\":\"https:\\\/\\\/cvinoticias.com\\\/v3\\\/un-menor-de-edad-fallecio-tras-ahogarse-en-un-arroyo\\\/#breadcrumb\"},\"inLanguage\":\"es\",\"potentialAction\":[{\"@type\":\"ReadAction\",\"target\":[\"https:\\\/\\\/cvinoticias.com\\\/v3\\\/un-menor-de-edad-fallecio-tras-ahogarse-en-un-arroyo\\\/\"]}]},{\"@type\":\"ImageObject\",\"inLanguage\":\"es\",\"@id\":\"https:\\\/\\\/cvinoticias.com\\\/v3\\\/un-menor-de-edad-fallecio-tras-ahogarse-en-un-arroyo\\\/#primaryimage\",\"url\":\"https:\\\/\\\/cvinoticias.com\\\/wp-content\\\/uploads\\\/2025\\\/01\\\/IMG-20250127-WA0104.jpg\",\"contentUrl\":\"https:\\\/\\\/cvinoticias.com\\\/wp-content\\\/uploads\\\/2025\\\/01\\\/IMG-20250127-WA0104.jpg\",\"width\":1080,\"height\":608},{\"@type\":\"BreadcrumbList\",\"@id\":\"https:\\\/\\\/cvinoticias.com\\\/v3\\\/un-menor-de-edad-fallecio-tras-ahogarse-en-un-arroyo\\\/#breadcrumb\",\"itemListElement\":[{\"@type\":\"ListItem\",\"position\":1,\"name\":\"Portada\",\"item\":\"https:\\\/\\\/cvinoticias.com\\\/v3\\\/\"},{\"@type\":\"ListItem\",\"position\":2,\"name\":\"Un menor de edad falleci\u00f3 tras ahogarse en un arroyo\"}]},{\"@type\":\"WebSite\",\"@id\":\"https:\\\/\\\/cvinoticias.com\\\/v3\\\/#website\",\"url\":\"https:\\\/\\\/cvinoticias.com\\\/v3\\\/\",\"name\":\"CVI NOTICIAS\",\"description\":\"\",\"publisher\":{\"@id\":\"https:\\\/\\\/cvinoticias.com\\\/v3\\\/#organization\"},\"alternateName\":\"CVI\",\"potentialAction\":[{\"@type\":\"SearchAction\",\"target\":{\"@type\":\"EntryPoint\",\"urlTemplate\":\"https:\\\/\\\/cvinoticias.com\\\/v3\\\/?s={search_term_string}\"},\"query-input\":{\"@type\":\"PropertyValueSpecification\",\"valueRequired\":true,\"valueName\":\"search_term_string\"}}],\"inLanguage\":\"es\"},{\"@type\":\"Organization\",\"@id\":\"https:\\\/\\\/cvinoticias.com\\\/v3\\\/#organization\",\"name\":\"CVI NOTICIAS\",\"url\":\"https:\\\/\\\/cvinoticias.com\\\/v3\\\/\",\"logo\":{\"@type\":\"ImageObject\",\"inLanguage\":\"es\",\"@id\":\"https:\\\/\\\/cvinoticias.com\\\/v3\\\/#\\\/schema\\\/logo\\\/image\\\/\",\"url\":\"https:\\\/\\\/cvinoticias.com\\\/wp-content\\\/uploads\\\/2023\\\/04\\\/cropped-cropped-cropped-cropped-cropped-3-1.png\",\"contentUrl\":\"https:\\\/\\\/cvinoticias.com\\\/wp-content\\\/uploads\\\/2023\\\/04\\\/cropped-cropped-cropped-cropped-cropped-3-1.png\",\"width\":95,\"height\":122,\"caption\":\"CVI NOTICIAS\"},\"image\":{\"@id\":\"https:\\\/\\\/cvinoticias.com\\\/v3\\\/#\\\/schema\\\/logo\\\/image\\\/\"},\"sameAs\":[\"https:\\\/\\\/www.facebook.com\\\/cvinoticias\",\"https:\\\/\\\/www.instagram.com\\\/cvinoticias\\\/\",\"https:\\\/\\\/www.youtube.com\\\/@CVINOTICIAS\"]},{\"@type\":\"Person\",\"@id\":\"https:\\\/\\\/cvinoticias.com\\\/v3\\\/#\\\/schema\\\/person\\\/2db77e3c6bc03c538495d7b2b8be9b66\",\"name\":\"f1000024\",\"image\":{\"@type\":\"ImageObject\",\"inLanguage\":\"es\",\"@id\":\"https:\\\/\\\/secure.gravatar.com\\\/avatar\\\/d4fe7459cfc51ff5129ce1a732bbef5928568b8092d412ef95611616376bbeed?s=96&d=mm&r=g\",\"url\":\"https:\\\/\\\/secure.gravatar.com\\\/avatar\\\/d4fe7459cfc51ff5129ce1a732bbef5928568b8092d412ef95611616376bbeed?s=96&d=mm&r=g\",\"contentUrl\":\"https:\\\/\\\/secure.gravatar.com\\\/avatar\\\/d4fe7459cfc51ff5129ce1a732bbef5928568b8092d412ef95611616376bbeed?s=96&d=mm&r=g\",\"caption\":\"f1000024\"},\"url\":\"https:\\\/\\\/cvinoticias.com\\\/v3\\\/author\\\/f1000024\\\/\"}]}<\/script>\n<!-- \/ Yoast SEO plugin. -->","yoast_head_json":{"title":"Un menor de edad falleci\u00f3 tras ahogarse en un arroyo | CVI NOTICIAS","robots":{"index":"index","follow":"follow","max-snippet":"max-snippet:-1","max-image-preview":"max-image-preview:large","max-video-preview":"max-video-preview:-1"},"canonical":"https:\/\/cvinoticias.com\/v3\/un-menor-de-edad-fallecio-tras-ahogarse-en-un-arroyo\/","og_locale":"es_ES","og_type":"article","og_title":"Un menor de edad falleci\u00f3 tras ahogarse en un arroyo | CVI NOTICIAS","og_description":"Un tr\u00e1gico accidente ocurri\u00f3 ayer en el barrio San Miguel de Wanda, cuando Isaias Ismael Arrieta, un ni\u00f1o de solo 4 a\u00f1os, se ahog\u00f3 en el arroyo Bonito. Seg\u00fan informes, Isaias se hab\u00eda ido a refrescarse en el arroyo con otros ni\u00f1os, pero desapareci\u00f3 en el agua. Su madre, alarmada por su desaparici\u00f3n, inform\u00f3 a [&hellip;]","og_url":"https:\/\/cvinoticias.com\/v3\/un-menor-de-edad-fallecio-tras-ahogarse-en-un-arroyo\/","og_site_name":"CVI NOTICIAS","article_publisher":"https:\/\/www.facebook.com\/cvinoticias","article_published_time":"2025-01-27T13:50:00+00:00","article_modified_time":"2025-01-28T13:33:11+00:00","og_image":[{"width":1080,"height":608,"url":"https:\/\/cvinoticias.com\/wp-content\/uploads\/2025\/01\/IMG-20250127-WA0104.jpg","type":"image\/jpeg"}],"author":"f1000024","twitter_card":"summary_large_image","twitter_misc":{"Escrito por":"f1000024","Tiempo de lectura":"1 minuto"},"schema":{"@context":"https:\/\/schema.org","@graph":[{"@type":"Article","@id":"https:\/\/cvinoticias.com\/v3\/un-menor-de-edad-fallecio-tras-ahogarse-en-un-arroyo\/#article","isPartOf":{"@id":"https:\/\/cvinoticias.com\/v3\/un-menor-de-edad-fallecio-tras-ahogarse-en-un-arroyo\/"},"author":{"name":"f1000024","@id":"https:\/\/cvinoticias.com\/v3\/#\/schema\/person\/2db77e3c6bc03c538495d7b2b8be9b66"},"headline":"Un menor de edad falleci\u00f3 tras ahogarse en un arroyo","datePublished":"2025-01-27T13:50:00+00:00","dateModified":"2025-01-28T13:33:11+00:00","mainEntityOfPage":{"@id":"https:\/\/cvinoticias.com\/v3\/un-menor-de-edad-fallecio-tras-ahogarse-en-un-arroyo\/"},"wordCount":160,"commentCount":0,"publisher":{"@id":"https:\/\/cvinoticias.com\/v3\/#organization"},"image":{"@id":"https:\/\/cvinoticias.com\/v3\/un-menor-de-edad-fallecio-tras-ahogarse-en-un-arroyo\/#primaryimage"},"thumbnailUrl":"https:\/\/cvinoticias.com\/wp-content\/uploads\/2025\/01\/IMG-20250127-WA0104.jpg","keywords":["Ahogado","Menor","Polic\u00eda"],"articleSection":["Policiales"],"inLanguage":"es","potentialAction":[{"@type":"CommentAction","name":"Comment","target":["https:\/\/cvinoticias.com\/v3\/un-menor-de-edad-fallecio-tras-ahogarse-en-un-arroyo\/#respond"]}]},{"@type":"WebPage","@id":"https:\/\/cvinoticias.com\/v3\/un-menor-de-edad-fallecio-tras-ahogarse-en-un-arroyo\/","url":"https:\/\/cvinoticias.com\/v3\/un-menor-de-edad-fallecio-tras-ahogarse-en-un-arroyo\/","name":"Un menor de edad falleci\u00f3 tras ahogarse en un arroyo | CVI NOTICIAS","isPartOf":{"@id":"https:\/\/cvinoticias.com\/v3\/#website"},"primaryImageOfPage":{"@id":"https:\/\/cvinoticias.com\/v3\/un-menor-de-edad-fallecio-tras-ahogarse-en-un-arroyo\/#primaryimage"},"image":{"@id":"https:\/\/cvinoticias.com\/v3\/un-menor-de-edad-fallecio-tras-ahogarse-en-un-arroyo\/#primaryimage"},"thumbnailUrl":"https:\/\/cvinoticias.com\/wp-content\/uploads\/2025\/01\/IMG-20250127-WA0104.jpg","datePublished":"2025-01-27T13:50:00+00:00","dateModified":"2025-01-28T13:33:11+00:00","breadcrumb":{"@id":"https:\/\/cvinoticias.com\/v3\/un-menor-de-edad-fallecio-tras-ahogarse-en-un-arroyo\/#breadcrumb"},"inLanguage":"es","potentialAction":[{"@type":"ReadAction","target":["https:\/\/cvinoticias.com\/v3\/un-menor-de-edad-fallecio-tras-ahogarse-en-un-arroyo\/"]}]},{"@type":"ImageObject","inLanguage":"es","@id":"https:\/\/cvinoticias.com\/v3\/un-menor-de-edad-fallecio-tras-ahogarse-en-un-arroyo\/#primaryimage","url":"https:\/\/cvinoticias.com\/wp-content\/uploads\/2025\/01\/IMG-20250127-WA0104.jpg","contentUrl":"https:\/\/cvinoticias.com\/wp-content\/uploads\/2025\/01\/IMG-20250127-WA0104.jpg","width":1080,"height":608},{"@type":"BreadcrumbList","@id":"https:\/\/cvinoticias.com\/v3\/un-menor-de-edad-fallecio-tras-ahogarse-en-un-arroyo\/#breadcrumb","itemListElement":[{"@type":"ListItem","position":1,"name":"Portada","item":"https:\/\/cvinoticias.com\/v3\/"},{"@type":"ListItem","position":2,"name":"Un menor de edad falleci\u00f3 tras ahogarse en un arroyo"}]},{"@type":"WebSite","@id":"https:\/\/cvinoticias.com\/v3\/#website","url":"https:\/\/cvinoticias.com\/v3\/","name":"CVI NOTICIAS","description":"","publisher":{"@id":"https:\/\/cvinoticias.com\/v3\/#organization"},"alternateName":"CVI","potentialAction":[{"@type":"SearchAction","target":{"@type":"EntryPoint","urlTemplate":"https:\/\/cvinoticias.com\/v3\/?s={search_term_string}"},"query-input":{"@type":"PropertyValueSpecification","valueRequired":true,"valueName":"search_term_string"}}],"inLanguage":"es"},{"@type":"Organization","@id":"https:\/\/cvinoticias.com\/v3\/#organization","name":"CVI NOTICIAS","url":"https:\/\/cvinoticias.com\/v3\/","logo":{"@type":"ImageObject","inLanguage":"es","@id":"https:\/\/cvinoticias.com\/v3\/#\/schema\/logo\/image\/","url":"https:\/\/cvinoticias.com\/wp-content\/uploads\/2023\/04\/cropped-cropped-cropped-cropped-cropped-3-1.png","contentUrl":"https:\/\/cvinoticias.com\/wp-content\/uploads\/2023\/04\/cropped-cropped-cropped-cropped-cropped-3-1.png","width":95,"height":122,"caption":"CVI NOTICIAS"},"image":{"@id":"https:\/\/cvinoticias.com\/v3\/#\/schema\/logo\/image\/"},"sameAs":["https:\/\/www.facebook.com\/cvinoticias","https:\/\/www.instagram.com\/cvinoticias\/","https:\/\/www.youtube.com\/@CVINOTICIAS"]},{"@type":"Person","@id":"https:\/\/cvinoticias.com\/v3\/#\/schema\/person\/2db77e3c6bc03c538495d7b2b8be9b66","name":"f1000024","image":{"@type":"ImageObject","inLanguage":"es","@id":"https:\/\/secure.gravatar.com\/avatar\/d4fe7459cfc51ff5129ce1a732bbef5928568b8092d412ef95611616376bbeed?s=96&d=mm&r=g","url":"https:\/\/secure.gravatar.com\/avatar\/d4fe7459cfc51ff5129ce1a732bbef5928568b8092d412ef95611616376bbeed?s=96&d=mm&r=g","contentUrl":"https:\/\/secure.gravatar.com\/avatar\/d4fe7459cfc51ff5129ce1a732bbef5928568b8092d412ef95611616376bbeed?s=96&d=mm&r=g","caption":"f1000024"},"url":"https:\/\/cvinoticias.com\/v3\/author\/f1000024\/"}]}},"_links":{"self":[{"href":"https:\/\/cvinoticias.com\/v3\/wp-json\/wp\/v2\/posts\/39033","targetHints":{"allow":["GET"]}}],"collection":[{"href":"https:\/\/cvinoticias.com\/v3\/wp-json\/wp\/v2\/posts"}],"about":[{"href":"https:\/\/cvinoticias.com\/v3\/wp-json\/wp\/v2\/types\/post"}],"author":[{"embeddable":true,"href":"https:\/\/cvinoticias.com\/v3\/wp-json\/wp\/v2\/users\/2"}],"replies":[{"embeddable":true,"href":"https:\/\/cvinoticias.com\/v3\/wp-json\/wp\/v2\/comments?post=39033"}],"version-history":[{"count":1,"href":"https:\/\/cvinoticias.com\/v3\/wp-json\/wp\/v2\/posts\/39033\/revisions"}],"predecessor-version":[{"id":39035,"href":"https:\/\/cvinoticias.com\/v3\/wp-json\/wp\/v2\/posts\/39033\/revisions\/39035"}],"wp:featuredmedia":[{"embeddable":true,"href":"https:\/\/cvinoticias.com\/v3\/wp-json\/wp\/v2\/media\/39034"}],"wp:attachment":[{"href":"https:\/\/cvinoticias.com\/v3\/wp-json\/wp\/v2\/media?parent=39033"}],"wp:term":[{"taxonomy":"category","embeddable":true,"href":"https:\/\/cvinoticias.com\/v3\/wp-json\/wp\/v2\/categories?post=39033"},{"taxonomy":"post_tag","embeddable":true,"href":"https:\/\/cvinoticias.com\/v3\/wp-json\/wp\/v2\/tags?post=39033"}],"curies":[{"name":"wp","href":"https:\/\/api.w.org\/{rel}","templated":true}]}}