{"id":38764,"date":"2025-01-16T09:59:00","date_gmt":"2025-01-16T12:59:00","guid":{"rendered":"https:\/\/cvinoticias.com\/v3\/?p=38764"},"modified":"2025-01-16T12:48:33","modified_gmt":"2025-01-16T15:48:33","slug":"villa-nueva-se-prepara-para-la-liga-regional-de-futbol","status":"publish","type":"post","link":"https:\/\/cvinoticias.com\/v3\/villa-nueva-se-prepara-para-la-liga-regional-de-futbol\/","title":{"rendered":"Villa Nueva se prepara para la liga regional de f\u00fatbol"},"content":{"rendered":"\n<p>El equipo de primera del Club Atl\u00e9tico Villa Nueva inici\u00f3 su pretemporada con el objetivo de prepararse para el torneo que se realizar\u00e1 en Foz Do Iguaz\u00fa en febrero. Los entrenamientos se centran en trabajos de resistencia y recuperaci\u00f3n para enfrentar el desaf\u00edo que se avecina.<\/p>\n\n\n\n<figure class=\"wp-block-image size-large\"><a href=\"https:\/\/cvinoticias.com\/wp-content\/uploads\/2025\/01\/IMG-20250116-WA0081-scaled.jpg\"><img decoding=\"async\" width=\"1024\" height=\"577\" data-src=\"https:\/\/cvinoticias.com\/wp-content\/uploads\/2025\/01\/IMG-20250116-WA0081-1024x577.jpg\" alt=\"\" class=\"wp-image-38769 lazyload\" data-srcset=\"https:\/\/cvinoticias.com\/wp-content\/uploads\/2025\/01\/IMG-20250116-WA0081-1024x577.jpg 1024w, https:\/\/cvinoticias.com\/wp-content\/uploads\/2025\/01\/IMG-20250116-WA0081-300x169.jpg 300w, https:\/\/cvinoticias.com\/wp-content\/uploads\/2025\/01\/IMG-20250116-WA0081-768x432.jpg 768w, https:\/\/cvinoticias.com\/wp-content\/uploads\/2025\/01\/IMG-20250116-WA0081-1536x865.jpg 1536w, https:\/\/cvinoticias.com\/wp-content\/uploads\/2025\/01\/IMG-20250116-WA0081-2048x1153.jpg 2048w\" data-sizes=\"(max-width: 1024px) 100vw, 1024px\" src=\"data:image\/svg+xml;base64,PHN2ZyB3aWR0aD0iMSIgaGVpZ2h0PSIxIiB4bWxucz0iaHR0cDovL3d3dy53My5vcmcvMjAwMC9zdmciPjwvc3ZnPg==\" style=\"--smush-placeholder-width: 1024px; --smush-placeholder-aspect-ratio: 1024\/577;\" \/><\/a><\/figure>\n\n\n\n<p>En cuanto a los proyectos para el a\u00f1o 2025, el entrenador Nicol\u00e1s Nu\u00f1ez destac\u00f3 que el objetivo principal es obtener buenos resultados en el campeonato de la Liga Regional de F\u00fatbol de Iguaz\u00fa. \u00abEl a\u00f1o pasado tuvimos un torneo regular, pero este a\u00f1o queremos afrontar la liga con m\u00e1s fuerza\u00bb, expres\u00f3.<\/p>\n\n\n\n<figure class=\"wp-block-image size-large\"><a href=\"https:\/\/cvinoticias.com\/wp-content\/uploads\/2025\/01\/IMG-20250116-WA0077-scaled.jpg\"><img decoding=\"async\" width=\"1024\" height=\"577\" data-src=\"https:\/\/cvinoticias.com\/wp-content\/uploads\/2025\/01\/IMG-20250116-WA0077-1024x577.jpg\" alt=\"\" class=\"wp-image-38767 lazyload\" data-srcset=\"https:\/\/cvinoticias.com\/wp-content\/uploads\/2025\/01\/IMG-20250116-WA0077-1024x577.jpg 1024w, https:\/\/cvinoticias.com\/wp-content\/uploads\/2025\/01\/IMG-20250116-WA0077-300x169.jpg 300w, https:\/\/cvinoticias.com\/wp-content\/uploads\/2025\/01\/IMG-20250116-WA0077-768x432.jpg 768w, https:\/\/cvinoticias.com\/wp-content\/uploads\/2025\/01\/IMG-20250116-WA0077-1536x865.jpg 1536w, https:\/\/cvinoticias.com\/wp-content\/uploads\/2025\/01\/IMG-20250116-WA0077-2048x1153.jpg 2048w\" data-sizes=\"(max-width: 1024px) 100vw, 1024px\" src=\"data:image\/svg+xml;base64,PHN2ZyB3aWR0aD0iMSIgaGVpZ2h0PSIxIiB4bWxucz0iaHR0cDovL3d3dy53My5vcmcvMjAwMC9zdmciPjwvc3ZnPg==\" style=\"--smush-placeholder-width: 1024px; --smush-placeholder-aspect-ratio: 1024\/577;\" \/><\/a><\/figure>\n\n\n\n<p>Aunque el equipo no participar\u00e1 del Torneo Provincial, Nu\u00f1ez coment\u00f3 que su objetivo es prepararse para la liga y asegur\u00f3 que est\u00e1n trabajando a fondo para lograrlo. Con una visi\u00f3n clara y un equipo comprometido, Villa Nueva se prepara para enfrentar el desaf\u00edo de la Liga Regional.<\/p>\n\n\n\n<figure class=\"wp-block-image size-large\"><a href=\"https:\/\/cvinoticias.com\/wp-content\/uploads\/2025\/01\/IMG-20250116-WA0079-scaled.jpg\"><img decoding=\"async\" width=\"1024\" height=\"643\" data-src=\"https:\/\/cvinoticias.com\/wp-content\/uploads\/2025\/01\/IMG-20250116-WA0079-1024x643.jpg\" alt=\"\" class=\"wp-image-38768 lazyload\" data-srcset=\"https:\/\/cvinoticias.com\/wp-content\/uploads\/2025\/01\/IMG-20250116-WA0079-1024x643.jpg 1024w, https:\/\/cvinoticias.com\/wp-content\/uploads\/2025\/01\/IMG-20250116-WA0079-300x188.jpg 300w, https:\/\/cvinoticias.com\/wp-content\/uploads\/2025\/01\/IMG-20250116-WA0079-768x482.jpg 768w, https:\/\/cvinoticias.com\/wp-content\/uploads\/2025\/01\/IMG-20250116-WA0079-1536x964.jpg 1536w, https:\/\/cvinoticias.com\/wp-content\/uploads\/2025\/01\/IMG-20250116-WA0079-2048x1285.jpg 2048w\" data-sizes=\"(max-width: 1024px) 100vw, 1024px\" src=\"data:image\/svg+xml;base64,PHN2ZyB3aWR0aD0iMSIgaGVpZ2h0PSIxIiB4bWxucz0iaHR0cDovL3d3dy53My5vcmcvMjAwMC9zdmciPjwvc3ZnPg==\" style=\"--smush-placeholder-width: 1024px; --smush-placeholder-aspect-ratio: 1024\/643;\" \/><\/a><\/figure>\n","protected":false},"excerpt":{"rendered":"<p>El equipo de primera del Club Atl\u00e9tico Villa Nueva inici\u00f3 su pretemporada con el objetivo de prepararse para el torneo que se realizar\u00e1 en Foz Do Iguaz\u00fa en febrero. Los entrenamientos se centran en trabajos de resistencia y recuperaci\u00f3n para enfrentar el desaf\u00edo que se avecina. En cuanto a los proyectos para el a\u00f1o 2025, [&hellip;]<\/p>\n","protected":false},"author":2,"featured_media":38765,"comment_status":"open","ping_status":"open","sticky":false,"template":"","format":"standard","meta":{"footnotes":""},"categories":[24],"tags":[274,1174,1173],"class_list":["post-38764","post","type-post","status-publish","format-standard","has-post-thumbnail","hentry","category-deportes","tag-futbol-2","tag-pretemporada","tag-villa-nueva"],"yoast_head":"<!-- This site is optimized with the Yoast SEO plugin v27.4 - https:\/\/yoast.com\/product\/yoast-seo-wordpress\/ -->\n<title>Villa Nueva se prepara para la liga regional de f\u00fatbol | CVI NOTICIAS<\/title>\n<meta name=\"robots\" content=\"index, follow, max-snippet:-1, max-image-preview:large, max-video-preview:-1\" \/>\n<link rel=\"canonical\" href=\"https:\/\/cvinoticias.com\/v3\/villa-nueva-se-prepara-para-la-liga-regional-de-futbol\/\" \/>\n<meta property=\"og:locale\" content=\"es_ES\" \/>\n<meta property=\"og:type\" content=\"article\" \/>\n<meta property=\"og:title\" content=\"Villa Nueva se prepara para la liga regional de f\u00fatbol | CVI NOTICIAS\" \/>\n<meta property=\"og:description\" content=\"El equipo de primera del Club Atl\u00e9tico Villa Nueva inici\u00f3 su pretemporada con el objetivo de prepararse para el torneo que se realizar\u00e1 en Foz Do Iguaz\u00fa en febrero. Los entrenamientos se centran en trabajos de resistencia y recuperaci\u00f3n para enfrentar el desaf\u00edo que se avecina. En cuanto a los proyectos para el a\u00f1o 2025, [&hellip;]\" \/>\n<meta property=\"og:url\" content=\"https:\/\/cvinoticias.com\/v3\/villa-nueva-se-prepara-para-la-liga-regional-de-futbol\/\" \/>\n<meta property=\"og:site_name\" content=\"CVI NOTICIAS\" \/>\n<meta property=\"article:publisher\" content=\"https:\/\/www.facebook.com\/cvinoticias\" \/>\n<meta property=\"article:published_time\" content=\"2025-01-16T12:59:00+00:00\" \/>\n<meta property=\"article:modified_time\" content=\"2025-01-16T15:48:33+00:00\" \/>\n<meta property=\"og:image\" content=\"https:\/\/cvinoticias.com\/wp-content\/uploads\/2025\/01\/IMG-20250116-WA0075-scaled.jpg\" \/>\n\t<meta property=\"og:image:width\" content=\"2560\" \/>\n\t<meta property=\"og:image:height\" content=\"1441\" \/>\n\t<meta property=\"og:image:type\" content=\"image\/jpeg\" \/>\n<meta name=\"author\" content=\"f1000024\" \/>\n<meta name=\"twitter:card\" content=\"summary_large_image\" \/>\n<meta name=\"twitter:label1\" content=\"Escrito por\" \/>\n\t<meta name=\"twitter:data1\" content=\"f1000024\" \/>\n\t<meta name=\"twitter:label2\" content=\"Tiempo de lectura\" \/>\n\t<meta name=\"twitter:data2\" content=\"2 minutos\" \/>\n<script type=\"application\/ld+json\" class=\"yoast-schema-graph\">{\"@context\":\"https:\\\/\\\/schema.org\",\"@graph\":[{\"@type\":\"Article\",\"@id\":\"https:\\\/\\\/cvinoticias.com\\\/v3\\\/villa-nueva-se-prepara-para-la-liga-regional-de-futbol\\\/#article\",\"isPartOf\":{\"@id\":\"https:\\\/\\\/cvinoticias.com\\\/v3\\\/villa-nueva-se-prepara-para-la-liga-regional-de-futbol\\\/\"},\"author\":{\"name\":\"f1000024\",\"@id\":\"https:\\\/\\\/cvinoticias.com\\\/v3\\\/#\\\/schema\\\/person\\\/2db77e3c6bc03c538495d7b2b8be9b66\"},\"headline\":\"Villa Nueva se prepara para la liga regional de f\u00fatbol\",\"datePublished\":\"2025-01-16T12:59:00+00:00\",\"dateModified\":\"2025-01-16T15:48:33+00:00\",\"mainEntityOfPage\":{\"@id\":\"https:\\\/\\\/cvinoticias.com\\\/v3\\\/villa-nueva-se-prepara-para-la-liga-regional-de-futbol\\\/\"},\"wordCount\":168,\"commentCount\":0,\"publisher\":{\"@id\":\"https:\\\/\\\/cvinoticias.com\\\/v3\\\/#organization\"},\"image\":{\"@id\":\"https:\\\/\\\/cvinoticias.com\\\/v3\\\/villa-nueva-se-prepara-para-la-liga-regional-de-futbol\\\/#primaryimage\"},\"thumbnailUrl\":\"https:\\\/\\\/cvinoticias.com\\\/wp-content\\\/uploads\\\/2025\\\/01\\\/IMG-20250116-WA0075-scaled.jpg\",\"keywords\":[\"F\u00fatbol\",\"Pretemporada\",\"Villa nueva\"],\"articleSection\":[\"Deportes\"],\"inLanguage\":\"es\",\"potentialAction\":[{\"@type\":\"CommentAction\",\"name\":\"Comment\",\"target\":[\"https:\\\/\\\/cvinoticias.com\\\/v3\\\/villa-nueva-se-prepara-para-la-liga-regional-de-futbol\\\/#respond\"]}]},{\"@type\":\"WebPage\",\"@id\":\"https:\\\/\\\/cvinoticias.com\\\/v3\\\/villa-nueva-se-prepara-para-la-liga-regional-de-futbol\\\/\",\"url\":\"https:\\\/\\\/cvinoticias.com\\\/v3\\\/villa-nueva-se-prepara-para-la-liga-regional-de-futbol\\\/\",\"name\":\"Villa Nueva se prepara para la liga regional de f\u00fatbol | CVI NOTICIAS\",\"isPartOf\":{\"@id\":\"https:\\\/\\\/cvinoticias.com\\\/v3\\\/#website\"},\"primaryImageOfPage\":{\"@id\":\"https:\\\/\\\/cvinoticias.com\\\/v3\\\/villa-nueva-se-prepara-para-la-liga-regional-de-futbol\\\/#primaryimage\"},\"image\":{\"@id\":\"https:\\\/\\\/cvinoticias.com\\\/v3\\\/villa-nueva-se-prepara-para-la-liga-regional-de-futbol\\\/#primaryimage\"},\"thumbnailUrl\":\"https:\\\/\\\/cvinoticias.com\\\/wp-content\\\/uploads\\\/2025\\\/01\\\/IMG-20250116-WA0075-scaled.jpg\",\"datePublished\":\"2025-01-16T12:59:00+00:00\",\"dateModified\":\"2025-01-16T15:48:33+00:00\",\"breadcrumb\":{\"@id\":\"https:\\\/\\\/cvinoticias.com\\\/v3\\\/villa-nueva-se-prepara-para-la-liga-regional-de-futbol\\\/#breadcrumb\"},\"inLanguage\":\"es\",\"potentialAction\":[{\"@type\":\"ReadAction\",\"target\":[\"https:\\\/\\\/cvinoticias.com\\\/v3\\\/villa-nueva-se-prepara-para-la-liga-regional-de-futbol\\\/\"]}]},{\"@type\":\"ImageObject\",\"inLanguage\":\"es\",\"@id\":\"https:\\\/\\\/cvinoticias.com\\\/v3\\\/villa-nueva-se-prepara-para-la-liga-regional-de-futbol\\\/#primaryimage\",\"url\":\"https:\\\/\\\/cvinoticias.com\\\/wp-content\\\/uploads\\\/2025\\\/01\\\/IMG-20250116-WA0075-scaled.jpg\",\"contentUrl\":\"https:\\\/\\\/cvinoticias.com\\\/wp-content\\\/uploads\\\/2025\\\/01\\\/IMG-20250116-WA0075-scaled.jpg\",\"width\":2560,\"height\":1441},{\"@type\":\"BreadcrumbList\",\"@id\":\"https:\\\/\\\/cvinoticias.com\\\/v3\\\/villa-nueva-se-prepara-para-la-liga-regional-de-futbol\\\/#breadcrumb\",\"itemListElement\":[{\"@type\":\"ListItem\",\"position\":1,\"name\":\"Portada\",\"item\":\"https:\\\/\\\/cvinoticias.com\\\/v3\\\/\"},{\"@type\":\"ListItem\",\"position\":2,\"name\":\"Villa Nueva se prepara para la liga regional de f\u00fatbol\"}]},{\"@type\":\"WebSite\",\"@id\":\"https:\\\/\\\/cvinoticias.com\\\/v3\\\/#website\",\"url\":\"https:\\\/\\\/cvinoticias.com\\\/v3\\\/\",\"name\":\"CVI NOTICIAS\",\"description\":\"\",\"publisher\":{\"@id\":\"https:\\\/\\\/cvinoticias.com\\\/v3\\\/#organization\"},\"alternateName\":\"CVI\",\"potentialAction\":[{\"@type\":\"SearchAction\",\"target\":{\"@type\":\"EntryPoint\",\"urlTemplate\":\"https:\\\/\\\/cvinoticias.com\\\/v3\\\/?s={search_term_string}\"},\"query-input\":{\"@type\":\"PropertyValueSpecification\",\"valueRequired\":true,\"valueName\":\"search_term_string\"}}],\"inLanguage\":\"es\"},{\"@type\":\"Organization\",\"@id\":\"https:\\\/\\\/cvinoticias.com\\\/v3\\\/#organization\",\"name\":\"CVI NOTICIAS\",\"url\":\"https:\\\/\\\/cvinoticias.com\\\/v3\\\/\",\"logo\":{\"@type\":\"ImageObject\",\"inLanguage\":\"es\",\"@id\":\"https:\\\/\\\/cvinoticias.com\\\/v3\\\/#\\\/schema\\\/logo\\\/image\\\/\",\"url\":\"https:\\\/\\\/cvinoticias.com\\\/wp-content\\\/uploads\\\/2023\\\/04\\\/cropped-cropped-cropped-cropped-cropped-3-1.png\",\"contentUrl\":\"https:\\\/\\\/cvinoticias.com\\\/wp-content\\\/uploads\\\/2023\\\/04\\\/cropped-cropped-cropped-cropped-cropped-3-1.png\",\"width\":95,\"height\":122,\"caption\":\"CVI NOTICIAS\"},\"image\":{\"@id\":\"https:\\\/\\\/cvinoticias.com\\\/v3\\\/#\\\/schema\\\/logo\\\/image\\\/\"},\"sameAs\":[\"https:\\\/\\\/www.facebook.com\\\/cvinoticias\",\"https:\\\/\\\/www.instagram.com\\\/cvinoticias\\\/\",\"https:\\\/\\\/www.youtube.com\\\/@CVINOTICIAS\"]},{\"@type\":\"Person\",\"@id\":\"https:\\\/\\\/cvinoticias.com\\\/v3\\\/#\\\/schema\\\/person\\\/2db77e3c6bc03c538495d7b2b8be9b66\",\"name\":\"f1000024\",\"image\":{\"@type\":\"ImageObject\",\"inLanguage\":\"es\",\"@id\":\"https:\\\/\\\/secure.gravatar.com\\\/avatar\\\/d4fe7459cfc51ff5129ce1a732bbef5928568b8092d412ef95611616376bbeed?s=96&d=mm&r=g\",\"url\":\"https:\\\/\\\/secure.gravatar.com\\\/avatar\\\/d4fe7459cfc51ff5129ce1a732bbef5928568b8092d412ef95611616376bbeed?s=96&d=mm&r=g\",\"contentUrl\":\"https:\\\/\\\/secure.gravatar.com\\\/avatar\\\/d4fe7459cfc51ff5129ce1a732bbef5928568b8092d412ef95611616376bbeed?s=96&d=mm&r=g\",\"caption\":\"f1000024\"},\"url\":\"https:\\\/\\\/cvinoticias.com\\\/v3\\\/author\\\/f1000024\\\/\"}]}<\/script>\n<!-- \/ Yoast SEO plugin. -->","yoast_head_json":{"title":"Villa Nueva se prepara para la liga regional de f\u00fatbol | CVI NOTICIAS","robots":{"index":"index","follow":"follow","max-snippet":"max-snippet:-1","max-image-preview":"max-image-preview:large","max-video-preview":"max-video-preview:-1"},"canonical":"https:\/\/cvinoticias.com\/v3\/villa-nueva-se-prepara-para-la-liga-regional-de-futbol\/","og_locale":"es_ES","og_type":"article","og_title":"Villa Nueva se prepara para la liga regional de f\u00fatbol | CVI NOTICIAS","og_description":"El equipo de primera del Club Atl\u00e9tico Villa Nueva inici\u00f3 su pretemporada con el objetivo de prepararse para el torneo que se realizar\u00e1 en Foz Do Iguaz\u00fa en febrero. Los entrenamientos se centran en trabajos de resistencia y recuperaci\u00f3n para enfrentar el desaf\u00edo que se avecina. En cuanto a los proyectos para el a\u00f1o 2025, [&hellip;]","og_url":"https:\/\/cvinoticias.com\/v3\/villa-nueva-se-prepara-para-la-liga-regional-de-futbol\/","og_site_name":"CVI NOTICIAS","article_publisher":"https:\/\/www.facebook.com\/cvinoticias","article_published_time":"2025-01-16T12:59:00+00:00","article_modified_time":"2025-01-16T15:48:33+00:00","og_image":[{"width":2560,"height":1441,"url":"https:\/\/cvinoticias.com\/wp-content\/uploads\/2025\/01\/IMG-20250116-WA0075-scaled.jpg","type":"image\/jpeg"}],"author":"f1000024","twitter_card":"summary_large_image","twitter_misc":{"Escrito por":"f1000024","Tiempo de lectura":"2 minutos"},"schema":{"@context":"https:\/\/schema.org","@graph":[{"@type":"Article","@id":"https:\/\/cvinoticias.com\/v3\/villa-nueva-se-prepara-para-la-liga-regional-de-futbol\/#article","isPartOf":{"@id":"https:\/\/cvinoticias.com\/v3\/villa-nueva-se-prepara-para-la-liga-regional-de-futbol\/"},"author":{"name":"f1000024","@id":"https:\/\/cvinoticias.com\/v3\/#\/schema\/person\/2db77e3c6bc03c538495d7b2b8be9b66"},"headline":"Villa Nueva se prepara para la liga regional de f\u00fatbol","datePublished":"2025-01-16T12:59:00+00:00","dateModified":"2025-01-16T15:48:33+00:00","mainEntityOfPage":{"@id":"https:\/\/cvinoticias.com\/v3\/villa-nueva-se-prepara-para-la-liga-regional-de-futbol\/"},"wordCount":168,"commentCount":0,"publisher":{"@id":"https:\/\/cvinoticias.com\/v3\/#organization"},"image":{"@id":"https:\/\/cvinoticias.com\/v3\/villa-nueva-se-prepara-para-la-liga-regional-de-futbol\/#primaryimage"},"thumbnailUrl":"https:\/\/cvinoticias.com\/wp-content\/uploads\/2025\/01\/IMG-20250116-WA0075-scaled.jpg","keywords":["F\u00fatbol","Pretemporada","Villa nueva"],"articleSection":["Deportes"],"inLanguage":"es","potentialAction":[{"@type":"CommentAction","name":"Comment","target":["https:\/\/cvinoticias.com\/v3\/villa-nueva-se-prepara-para-la-liga-regional-de-futbol\/#respond"]}]},{"@type":"WebPage","@id":"https:\/\/cvinoticias.com\/v3\/villa-nueva-se-prepara-para-la-liga-regional-de-futbol\/","url":"https:\/\/cvinoticias.com\/v3\/villa-nueva-se-prepara-para-la-liga-regional-de-futbol\/","name":"Villa Nueva se prepara para la liga regional de f\u00fatbol | CVI NOTICIAS","isPartOf":{"@id":"https:\/\/cvinoticias.com\/v3\/#website"},"primaryImageOfPage":{"@id":"https:\/\/cvinoticias.com\/v3\/villa-nueva-se-prepara-para-la-liga-regional-de-futbol\/#primaryimage"},"image":{"@id":"https:\/\/cvinoticias.com\/v3\/villa-nueva-se-prepara-para-la-liga-regional-de-futbol\/#primaryimage"},"thumbnailUrl":"https:\/\/cvinoticias.com\/wp-content\/uploads\/2025\/01\/IMG-20250116-WA0075-scaled.jpg","datePublished":"2025-01-16T12:59:00+00:00","dateModified":"2025-01-16T15:48:33+00:00","breadcrumb":{"@id":"https:\/\/cvinoticias.com\/v3\/villa-nueva-se-prepara-para-la-liga-regional-de-futbol\/#breadcrumb"},"inLanguage":"es","potentialAction":[{"@type":"ReadAction","target":["https:\/\/cvinoticias.com\/v3\/villa-nueva-se-prepara-para-la-liga-regional-de-futbol\/"]}]},{"@type":"ImageObject","inLanguage":"es","@id":"https:\/\/cvinoticias.com\/v3\/villa-nueva-se-prepara-para-la-liga-regional-de-futbol\/#primaryimage","url":"https:\/\/cvinoticias.com\/wp-content\/uploads\/2025\/01\/IMG-20250116-WA0075-scaled.jpg","contentUrl":"https:\/\/cvinoticias.com\/wp-content\/uploads\/2025\/01\/IMG-20250116-WA0075-scaled.jpg","width":2560,"height":1441},{"@type":"BreadcrumbList","@id":"https:\/\/cvinoticias.com\/v3\/villa-nueva-se-prepara-para-la-liga-regional-de-futbol\/#breadcrumb","itemListElement":[{"@type":"ListItem","position":1,"name":"Portada","item":"https:\/\/cvinoticias.com\/v3\/"},{"@type":"ListItem","position":2,"name":"Villa Nueva se prepara para la liga regional de f\u00fatbol"}]},{"@type":"WebSite","@id":"https:\/\/cvinoticias.com\/v3\/#website","url":"https:\/\/cvinoticias.com\/v3\/","name":"CVI NOTICIAS","description":"","publisher":{"@id":"https:\/\/cvinoticias.com\/v3\/#organization"},"alternateName":"CVI","potentialAction":[{"@type":"SearchAction","target":{"@type":"EntryPoint","urlTemplate":"https:\/\/cvinoticias.com\/v3\/?s={search_term_string}"},"query-input":{"@type":"PropertyValueSpecification","valueRequired":true,"valueName":"search_term_string"}}],"inLanguage":"es"},{"@type":"Organization","@id":"https:\/\/cvinoticias.com\/v3\/#organization","name":"CVI NOTICIAS","url":"https:\/\/cvinoticias.com\/v3\/","logo":{"@type":"ImageObject","inLanguage":"es","@id":"https:\/\/cvinoticias.com\/v3\/#\/schema\/logo\/image\/","url":"https:\/\/cvinoticias.com\/wp-content\/uploads\/2023\/04\/cropped-cropped-cropped-cropped-cropped-3-1.png","contentUrl":"https:\/\/cvinoticias.com\/wp-content\/uploads\/2023\/04\/cropped-cropped-cropped-cropped-cropped-3-1.png","width":95,"height":122,"caption":"CVI NOTICIAS"},"image":{"@id":"https:\/\/cvinoticias.com\/v3\/#\/schema\/logo\/image\/"},"sameAs":["https:\/\/www.facebook.com\/cvinoticias","https:\/\/www.instagram.com\/cvinoticias\/","https:\/\/www.youtube.com\/@CVINOTICIAS"]},{"@type":"Person","@id":"https:\/\/cvinoticias.com\/v3\/#\/schema\/person\/2db77e3c6bc03c538495d7b2b8be9b66","name":"f1000024","image":{"@type":"ImageObject","inLanguage":"es","@id":"https:\/\/secure.gravatar.com\/avatar\/d4fe7459cfc51ff5129ce1a732bbef5928568b8092d412ef95611616376bbeed?s=96&d=mm&r=g","url":"https:\/\/secure.gravatar.com\/avatar\/d4fe7459cfc51ff5129ce1a732bbef5928568b8092d412ef95611616376bbeed?s=96&d=mm&r=g","contentUrl":"https:\/\/secure.gravatar.com\/avatar\/d4fe7459cfc51ff5129ce1a732bbef5928568b8092d412ef95611616376bbeed?s=96&d=mm&r=g","caption":"f1000024"},"url":"https:\/\/cvinoticias.com\/v3\/author\/f1000024\/"}]}},"_links":{"self":[{"href":"https:\/\/cvinoticias.com\/v3\/wp-json\/wp\/v2\/posts\/38764","targetHints":{"allow":["GET"]}}],"collection":[{"href":"https:\/\/cvinoticias.com\/v3\/wp-json\/wp\/v2\/posts"}],"about":[{"href":"https:\/\/cvinoticias.com\/v3\/wp-json\/wp\/v2\/types\/post"}],"author":[{"embeddable":true,"href":"https:\/\/cvinoticias.com\/v3\/wp-json\/wp\/v2\/users\/2"}],"replies":[{"embeddable":true,"href":"https:\/\/cvinoticias.com\/v3\/wp-json\/wp\/v2\/comments?post=38764"}],"version-history":[{"count":1,"href":"https:\/\/cvinoticias.com\/v3\/wp-json\/wp\/v2\/posts\/38764\/revisions"}],"predecessor-version":[{"id":38770,"href":"https:\/\/cvinoticias.com\/v3\/wp-json\/wp\/v2\/posts\/38764\/revisions\/38770"}],"wp:featuredmedia":[{"embeddable":true,"href":"https:\/\/cvinoticias.com\/v3\/wp-json\/wp\/v2\/media\/38765"}],"wp:attachment":[{"href":"https:\/\/cvinoticias.com\/v3\/wp-json\/wp\/v2\/media?parent=38764"}],"wp:term":[{"taxonomy":"category","embeddable":true,"href":"https:\/\/cvinoticias.com\/v3\/wp-json\/wp\/v2\/categories?post=38764"},{"taxonomy":"post_tag","embeddable":true,"href":"https:\/\/cvinoticias.com\/v3\/wp-json\/wp\/v2\/tags?post=38764"}],"curies":[{"name":"wp","href":"https:\/\/api.w.org\/{rel}","templated":true}]}}