{"id":38578,"date":"2025-01-09T18:26:39","date_gmt":"2025-01-09T21:26:39","guid":{"rendered":"https:\/\/cvinoticias.com\/v3\/?p=38578"},"modified":"2025-01-09T18:26:40","modified_gmt":"2025-01-09T21:26:40","slug":"la-comparsa-arcoiris-abre-sus-puertas-para-el-carnaval-2025","status":"publish","type":"post","link":"https:\/\/cvinoticias.com\/v3\/la-comparsa-arcoiris-abre-sus-puertas-para-el-carnaval-2025\/","title":{"rendered":"La comparsa Arcoiris abre sus puertas para el carnaval 2025"},"content":{"rendered":"\n<p>La tradicional Comparsa Arcoiris de Iguaz\u00fa, con 26 a\u00f1os de trayectoria, anuncia la convocatoria para aquellos que deseen participar en el carnaval 2025. La comparsa, referente en la regi\u00f3n, busca sumar nuevos integrantes para seguir brindando espect\u00e1culos de alta calidad.<\/p>\n\n\n\n<figure class=\"wp-block-image size-large\"><a href=\"https:\/\/cvinoticias.com\/wp-content\/uploads\/2025\/01\/IMG-20250109-WA0124.jpg\"><img decoding=\"async\" width=\"1024\" height=\"683\" data-src=\"https:\/\/cvinoticias.com\/wp-content\/uploads\/2025\/01\/IMG-20250109-WA0124-1024x683.jpg\" alt=\"\" class=\"wp-image-38582 lazyload\" data-srcset=\"https:\/\/cvinoticias.com\/wp-content\/uploads\/2025\/01\/IMG-20250109-WA0124-1024x683.jpg 1024w, https:\/\/cvinoticias.com\/wp-content\/uploads\/2025\/01\/IMG-20250109-WA0124-300x200.jpg 300w, https:\/\/cvinoticias.com\/wp-content\/uploads\/2025\/01\/IMG-20250109-WA0124-768x512.jpg 768w, https:\/\/cvinoticias.com\/wp-content\/uploads\/2025\/01\/IMG-20250109-WA0124-1536x1024.jpg 1536w, https:\/\/cvinoticias.com\/wp-content\/uploads\/2025\/01\/IMG-20250109-WA0124.jpg 1599w\" data-sizes=\"(max-width: 1024px) 100vw, 1024px\" src=\"data:image\/svg+xml;base64,PHN2ZyB3aWR0aD0iMSIgaGVpZ2h0PSIxIiB4bWxucz0iaHR0cDovL3d3dy53My5vcmcvMjAwMC9zdmciPjwvc3ZnPg==\" style=\"--smush-placeholder-width: 1024px; --smush-placeholder-aspect-ratio: 1024\/683;\" \/><\/a><\/figure>\n\n\n\n<p>Los interesados pueden acercarse de lunes a s\u00e1bado, de 19:30 hs a 21:30 hs, en la cancha del Barrio Villa Tacuara.<\/p>\n\n\n\n<figure class=\"wp-block-image size-large\"><a href=\"https:\/\/cvinoticias.com\/wp-content\/uploads\/2025\/01\/IMG-20250109-WA0123.jpg\"><img decoding=\"async\" width=\"1024\" height=\"683\" data-src=\"https:\/\/cvinoticias.com\/wp-content\/uploads\/2025\/01\/IMG-20250109-WA0123-1024x683.jpg\" alt=\"\" class=\"wp-image-38581 lazyload\" data-srcset=\"https:\/\/cvinoticias.com\/wp-content\/uploads\/2025\/01\/IMG-20250109-WA0123-1024x683.jpg 1024w, https:\/\/cvinoticias.com\/wp-content\/uploads\/2025\/01\/IMG-20250109-WA0123-300x200.jpg 300w, https:\/\/cvinoticias.com\/wp-content\/uploads\/2025\/01\/IMG-20250109-WA0123-768x512.jpg 768w, https:\/\/cvinoticias.com\/wp-content\/uploads\/2025\/01\/IMG-20250109-WA0123-1536x1024.jpg 1536w, https:\/\/cvinoticias.com\/wp-content\/uploads\/2025\/01\/IMG-20250109-WA0123.jpg 1599w\" data-sizes=\"(max-width: 1024px) 100vw, 1024px\" src=\"data:image\/svg+xml;base64,PHN2ZyB3aWR0aD0iMSIgaGVpZ2h0PSIxIiB4bWxucz0iaHR0cDovL3d3dy53My5vcmcvMjAwMC9zdmciPjwvc3ZnPg==\" style=\"--smush-placeholder-width: 1024px; --smush-placeholder-aspect-ratio: 1024\/683;\" \/><\/a><\/figure>\n\n\n\n<p>Norma Talavera, una de las referentes de la comparsa, expres\u00f3 que \u00ablas puertas est\u00e1n abiertas para los que deseen colaborar con la comparsa en lo que sea\u00bb.<\/p>\n\n\n\n<figure class=\"wp-block-image size-large\"><a href=\"https:\/\/cvinoticias.com\/wp-content\/uploads\/2025\/01\/IMG-20250109-WA0122.jpg\"><img decoding=\"async\" width=\"1024\" height=\"683\" data-src=\"https:\/\/cvinoticias.com\/wp-content\/uploads\/2025\/01\/IMG-20250109-WA0122-1024x683.jpg\" alt=\"\" class=\"wp-image-38580 lazyload\" data-srcset=\"https:\/\/cvinoticias.com\/wp-content\/uploads\/2025\/01\/IMG-20250109-WA0122-1024x683.jpg 1024w, https:\/\/cvinoticias.com\/wp-content\/uploads\/2025\/01\/IMG-20250109-WA0122-300x200.jpg 300w, https:\/\/cvinoticias.com\/wp-content\/uploads\/2025\/01\/IMG-20250109-WA0122-768x512.jpg 768w, https:\/\/cvinoticias.com\/wp-content\/uploads\/2025\/01\/IMG-20250109-WA0122-1536x1024.jpg 1536w, https:\/\/cvinoticias.com\/wp-content\/uploads\/2025\/01\/IMG-20250109-WA0122.jpg 1599w\" data-sizes=\"(max-width: 1024px) 100vw, 1024px\" src=\"data:image\/svg+xml;base64,PHN2ZyB3aWR0aD0iMSIgaGVpZ2h0PSIxIiB4bWxucz0iaHR0cDovL3d3dy53My5vcmcvMjAwMC9zdmciPjwvc3ZnPg==\" style=\"--smush-placeholder-width: 1024px; --smush-placeholder-aspect-ratio: 1024\/683;\" \/><\/a><\/figure>\n\n\n\n<p>Talavera, quien se sum\u00f3 a la comparsa en 1999, destac\u00f3 la importancia del carnaval en su vida. \u00abTrabajar con ellos, ni\u00f1os, adultos, es algo inexplicable\u00bb, concluy\u00f3.<\/p>\n\n\n\n<figure class=\"wp-block-image size-large\"><a href=\"https:\/\/cvinoticias.com\/wp-content\/uploads\/2025\/01\/IMG-20250109-WA0120.jpg\"><img decoding=\"async\" width=\"683\" height=\"1024\" data-src=\"https:\/\/cvinoticias.com\/wp-content\/uploads\/2025\/01\/IMG-20250109-WA0120-683x1024.jpg\" alt=\"\" class=\"wp-image-38579 lazyload\" data-srcset=\"https:\/\/cvinoticias.com\/wp-content\/uploads\/2025\/01\/IMG-20250109-WA0120-683x1024.jpg 683w, https:\/\/cvinoticias.com\/wp-content\/uploads\/2025\/01\/IMG-20250109-WA0120-200x300.jpg 200w, https:\/\/cvinoticias.com\/wp-content\/uploads\/2025\/01\/IMG-20250109-WA0120-768x1152.jpg 768w, https:\/\/cvinoticias.com\/wp-content\/uploads\/2025\/01\/IMG-20250109-WA0120-1024x1536.jpg 1024w, https:\/\/cvinoticias.com\/wp-content\/uploads\/2025\/01\/IMG-20250109-WA0120.jpg 1066w\" data-sizes=\"(max-width: 683px) 100vw, 683px\" src=\"data:image\/svg+xml;base64,PHN2ZyB3aWR0aD0iMSIgaGVpZ2h0PSIxIiB4bWxucz0iaHR0cDovL3d3dy53My5vcmcvMjAwMC9zdmciPjwvc3ZnPg==\" style=\"--smush-placeholder-width: 683px; --smush-placeholder-aspect-ratio: 683\/1024;\" \/><\/a><\/figure>\n","protected":false},"excerpt":{"rendered":"<p>La tradicional Comparsa Arcoiris de Iguaz\u00fa, con 26 a\u00f1os de trayectoria, anuncia la convocatoria para aquellos que deseen participar en el carnaval 2025. La comparsa, referente en la regi\u00f3n, busca sumar nuevos integrantes para seguir brindando espect\u00e1culos de alta calidad. Los interesados pueden acercarse de lunes a s\u00e1bado, de 19:30 hs a 21:30 hs, en [&hellip;]<\/p>\n","protected":false},"author":2,"featured_media":38584,"comment_status":"open","ping_status":"open","sticky":false,"template":"","format":"standard","meta":{"footnotes":""},"categories":[679],"tags":[1108,680,1082,226],"class_list":["post-38578","post","type-post","status-publish","format-standard","has-post-thumbnail","hentry","category-carnavales","tag-arcoiris","tag-carnavales","tag-comparsa","tag-convocatoria"],"yoast_head":"<!-- This site is optimized with the Yoast SEO plugin v27.5 - https:\/\/yoast.com\/product\/yoast-seo-wordpress\/ -->\n<title>La comparsa Arcoiris abre sus puertas para el carnaval 2025 | CVI NOTICIAS<\/title>\n<meta name=\"robots\" content=\"index, follow, max-snippet:-1, max-image-preview:large, max-video-preview:-1\" \/>\n<link rel=\"canonical\" href=\"https:\/\/cvinoticias.com\/v3\/la-comparsa-arcoiris-abre-sus-puertas-para-el-carnaval-2025\/\" \/>\n<meta property=\"og:locale\" content=\"es_ES\" \/>\n<meta property=\"og:type\" content=\"article\" \/>\n<meta property=\"og:title\" content=\"La comparsa Arcoiris abre sus puertas para el carnaval 2025 | CVI NOTICIAS\" \/>\n<meta property=\"og:description\" content=\"La tradicional Comparsa Arcoiris de Iguaz\u00fa, con 26 a\u00f1os de trayectoria, anuncia la convocatoria para aquellos que deseen participar en el carnaval 2025. La comparsa, referente en la regi\u00f3n, busca sumar nuevos integrantes para seguir brindando espect\u00e1culos de alta calidad. Los interesados pueden acercarse de lunes a s\u00e1bado, de 19:30 hs a 21:30 hs, en [&hellip;]\" \/>\n<meta property=\"og:url\" content=\"https:\/\/cvinoticias.com\/v3\/la-comparsa-arcoiris-abre-sus-puertas-para-el-carnaval-2025\/\" \/>\n<meta property=\"og:site_name\" content=\"CVI NOTICIAS\" \/>\n<meta property=\"article:publisher\" content=\"https:\/\/www.facebook.com\/cvinoticias\" \/>\n<meta property=\"article:published_time\" content=\"2025-01-09T21:26:39+00:00\" \/>\n<meta property=\"article:modified_time\" content=\"2025-01-09T21:26:40+00:00\" \/>\n<meta property=\"og:image\" content=\"https:\/\/cvinoticias.com\/wp-content\/uploads\/2025\/01\/IMG-20250109-WA0121.jpg\" \/>\n\t<meta property=\"og:image:width\" content=\"1599\" \/>\n\t<meta property=\"og:image:height\" content=\"1066\" \/>\n\t<meta property=\"og:image:type\" content=\"image\/jpeg\" \/>\n<meta name=\"author\" content=\"f1000024\" \/>\n<meta name=\"twitter:card\" content=\"summary_large_image\" \/>\n<meta name=\"twitter:label1\" content=\"Escrito por\" \/>\n\t<meta name=\"twitter:data1\" content=\"f1000024\" \/>\n\t<meta name=\"twitter:label2\" content=\"Tiempo de lectura\" \/>\n\t<meta name=\"twitter:data2\" content=\"2 minutos\" \/>\n<script type=\"application\/ld+json\" class=\"yoast-schema-graph\">{\"@context\":\"https:\\\/\\\/schema.org\",\"@graph\":[{\"@type\":\"Article\",\"@id\":\"https:\\\/\\\/cvinoticias.com\\\/v3\\\/la-comparsa-arcoiris-abre-sus-puertas-para-el-carnaval-2025\\\/#article\",\"isPartOf\":{\"@id\":\"https:\\\/\\\/cvinoticias.com\\\/v3\\\/la-comparsa-arcoiris-abre-sus-puertas-para-el-carnaval-2025\\\/\"},\"author\":{\"name\":\"f1000024\",\"@id\":\"https:\\\/\\\/cvinoticias.com\\\/v3\\\/#\\\/schema\\\/person\\\/2db77e3c6bc03c538495d7b2b8be9b66\"},\"headline\":\"La comparsa Arcoiris abre sus puertas para el carnaval 2025\",\"datePublished\":\"2025-01-09T21:26:39+00:00\",\"dateModified\":\"2025-01-09T21:26:40+00:00\",\"mainEntityOfPage\":{\"@id\":\"https:\\\/\\\/cvinoticias.com\\\/v3\\\/la-comparsa-arcoiris-abre-sus-puertas-para-el-carnaval-2025\\\/\"},\"wordCount\":124,\"commentCount\":0,\"publisher\":{\"@id\":\"https:\\\/\\\/cvinoticias.com\\\/v3\\\/#organization\"},\"image\":{\"@id\":\"https:\\\/\\\/cvinoticias.com\\\/v3\\\/la-comparsa-arcoiris-abre-sus-puertas-para-el-carnaval-2025\\\/#primaryimage\"},\"thumbnailUrl\":\"https:\\\/\\\/cvinoticias.com\\\/wp-content\\\/uploads\\\/2025\\\/01\\\/IMG-20250109-WA0121.jpg\",\"keywords\":[\"Arcoiris\",\"Carnavales\",\"Comparsa\",\"convocatoria\"],\"articleSection\":[\"Carnavales\"],\"inLanguage\":\"es\",\"potentialAction\":[{\"@type\":\"CommentAction\",\"name\":\"Comment\",\"target\":[\"https:\\\/\\\/cvinoticias.com\\\/v3\\\/la-comparsa-arcoiris-abre-sus-puertas-para-el-carnaval-2025\\\/#respond\"]}]},{\"@type\":\"WebPage\",\"@id\":\"https:\\\/\\\/cvinoticias.com\\\/v3\\\/la-comparsa-arcoiris-abre-sus-puertas-para-el-carnaval-2025\\\/\",\"url\":\"https:\\\/\\\/cvinoticias.com\\\/v3\\\/la-comparsa-arcoiris-abre-sus-puertas-para-el-carnaval-2025\\\/\",\"name\":\"La comparsa Arcoiris abre sus puertas para el carnaval 2025 | CVI NOTICIAS\",\"isPartOf\":{\"@id\":\"https:\\\/\\\/cvinoticias.com\\\/v3\\\/#website\"},\"primaryImageOfPage\":{\"@id\":\"https:\\\/\\\/cvinoticias.com\\\/v3\\\/la-comparsa-arcoiris-abre-sus-puertas-para-el-carnaval-2025\\\/#primaryimage\"},\"image\":{\"@id\":\"https:\\\/\\\/cvinoticias.com\\\/v3\\\/la-comparsa-arcoiris-abre-sus-puertas-para-el-carnaval-2025\\\/#primaryimage\"},\"thumbnailUrl\":\"https:\\\/\\\/cvinoticias.com\\\/wp-content\\\/uploads\\\/2025\\\/01\\\/IMG-20250109-WA0121.jpg\",\"datePublished\":\"2025-01-09T21:26:39+00:00\",\"dateModified\":\"2025-01-09T21:26:40+00:00\",\"breadcrumb\":{\"@id\":\"https:\\\/\\\/cvinoticias.com\\\/v3\\\/la-comparsa-arcoiris-abre-sus-puertas-para-el-carnaval-2025\\\/#breadcrumb\"},\"inLanguage\":\"es\",\"potentialAction\":[{\"@type\":\"ReadAction\",\"target\":[\"https:\\\/\\\/cvinoticias.com\\\/v3\\\/la-comparsa-arcoiris-abre-sus-puertas-para-el-carnaval-2025\\\/\"]}]},{\"@type\":\"ImageObject\",\"inLanguage\":\"es\",\"@id\":\"https:\\\/\\\/cvinoticias.com\\\/v3\\\/la-comparsa-arcoiris-abre-sus-puertas-para-el-carnaval-2025\\\/#primaryimage\",\"url\":\"https:\\\/\\\/cvinoticias.com\\\/wp-content\\\/uploads\\\/2025\\\/01\\\/IMG-20250109-WA0121.jpg\",\"contentUrl\":\"https:\\\/\\\/cvinoticias.com\\\/wp-content\\\/uploads\\\/2025\\\/01\\\/IMG-20250109-WA0121.jpg\",\"width\":1599,\"height\":1066},{\"@type\":\"BreadcrumbList\",\"@id\":\"https:\\\/\\\/cvinoticias.com\\\/v3\\\/la-comparsa-arcoiris-abre-sus-puertas-para-el-carnaval-2025\\\/#breadcrumb\",\"itemListElement\":[{\"@type\":\"ListItem\",\"position\":1,\"name\":\"Portada\",\"item\":\"https:\\\/\\\/cvinoticias.com\\\/v3\\\/\"},{\"@type\":\"ListItem\",\"position\":2,\"name\":\"La comparsa Arcoiris abre sus puertas para el carnaval 2025\"}]},{\"@type\":\"WebSite\",\"@id\":\"https:\\\/\\\/cvinoticias.com\\\/v3\\\/#website\",\"url\":\"https:\\\/\\\/cvinoticias.com\\\/v3\\\/\",\"name\":\"CVI NOTICIAS\",\"description\":\"\",\"publisher\":{\"@id\":\"https:\\\/\\\/cvinoticias.com\\\/v3\\\/#organization\"},\"alternateName\":\"CVI\",\"potentialAction\":[{\"@type\":\"SearchAction\",\"target\":{\"@type\":\"EntryPoint\",\"urlTemplate\":\"https:\\\/\\\/cvinoticias.com\\\/v3\\\/?s={search_term_string}\"},\"query-input\":{\"@type\":\"PropertyValueSpecification\",\"valueRequired\":true,\"valueName\":\"search_term_string\"}}],\"inLanguage\":\"es\"},{\"@type\":\"Organization\",\"@id\":\"https:\\\/\\\/cvinoticias.com\\\/v3\\\/#organization\",\"name\":\"CVI NOTICIAS\",\"url\":\"https:\\\/\\\/cvinoticias.com\\\/v3\\\/\",\"logo\":{\"@type\":\"ImageObject\",\"inLanguage\":\"es\",\"@id\":\"https:\\\/\\\/cvinoticias.com\\\/v3\\\/#\\\/schema\\\/logo\\\/image\\\/\",\"url\":\"https:\\\/\\\/cvinoticias.com\\\/wp-content\\\/uploads\\\/2023\\\/04\\\/cropped-cropped-cropped-cropped-cropped-3-1.png\",\"contentUrl\":\"https:\\\/\\\/cvinoticias.com\\\/wp-content\\\/uploads\\\/2023\\\/04\\\/cropped-cropped-cropped-cropped-cropped-3-1.png\",\"width\":95,\"height\":122,\"caption\":\"CVI NOTICIAS\"},\"image\":{\"@id\":\"https:\\\/\\\/cvinoticias.com\\\/v3\\\/#\\\/schema\\\/logo\\\/image\\\/\"},\"sameAs\":[\"https:\\\/\\\/www.facebook.com\\\/cvinoticias\",\"https:\\\/\\\/www.instagram.com\\\/cvinoticias\\\/\",\"https:\\\/\\\/www.youtube.com\\\/@CVINOTICIAS\"]},{\"@type\":\"Person\",\"@id\":\"https:\\\/\\\/cvinoticias.com\\\/v3\\\/#\\\/schema\\\/person\\\/2db77e3c6bc03c538495d7b2b8be9b66\",\"name\":\"f1000024\",\"image\":{\"@type\":\"ImageObject\",\"inLanguage\":\"es\",\"@id\":\"https:\\\/\\\/secure.gravatar.com\\\/avatar\\\/d4fe7459cfc51ff5129ce1a732bbef5928568b8092d412ef95611616376bbeed?s=96&d=mm&r=g\",\"url\":\"https:\\\/\\\/secure.gravatar.com\\\/avatar\\\/d4fe7459cfc51ff5129ce1a732bbef5928568b8092d412ef95611616376bbeed?s=96&d=mm&r=g\",\"contentUrl\":\"https:\\\/\\\/secure.gravatar.com\\\/avatar\\\/d4fe7459cfc51ff5129ce1a732bbef5928568b8092d412ef95611616376bbeed?s=96&d=mm&r=g\",\"caption\":\"f1000024\"},\"url\":\"https:\\\/\\\/cvinoticias.com\\\/v3\\\/author\\\/f1000024\\\/\"}]}<\/script>\n<!-- \/ Yoast SEO plugin. -->","yoast_head_json":{"title":"La comparsa Arcoiris abre sus puertas para el carnaval 2025 | CVI NOTICIAS","robots":{"index":"index","follow":"follow","max-snippet":"max-snippet:-1","max-image-preview":"max-image-preview:large","max-video-preview":"max-video-preview:-1"},"canonical":"https:\/\/cvinoticias.com\/v3\/la-comparsa-arcoiris-abre-sus-puertas-para-el-carnaval-2025\/","og_locale":"es_ES","og_type":"article","og_title":"La comparsa Arcoiris abre sus puertas para el carnaval 2025 | CVI NOTICIAS","og_description":"La tradicional Comparsa Arcoiris de Iguaz\u00fa, con 26 a\u00f1os de trayectoria, anuncia la convocatoria para aquellos que deseen participar en el carnaval 2025. La comparsa, referente en la regi\u00f3n, busca sumar nuevos integrantes para seguir brindando espect\u00e1culos de alta calidad. Los interesados pueden acercarse de lunes a s\u00e1bado, de 19:30 hs a 21:30 hs, en [&hellip;]","og_url":"https:\/\/cvinoticias.com\/v3\/la-comparsa-arcoiris-abre-sus-puertas-para-el-carnaval-2025\/","og_site_name":"CVI NOTICIAS","article_publisher":"https:\/\/www.facebook.com\/cvinoticias","article_published_time":"2025-01-09T21:26:39+00:00","article_modified_time":"2025-01-09T21:26:40+00:00","og_image":[{"width":1599,"height":1066,"url":"https:\/\/cvinoticias.com\/wp-content\/uploads\/2025\/01\/IMG-20250109-WA0121.jpg","type":"image\/jpeg"}],"author":"f1000024","twitter_card":"summary_large_image","twitter_misc":{"Escrito por":"f1000024","Tiempo de lectura":"2 minutos"},"schema":{"@context":"https:\/\/schema.org","@graph":[{"@type":"Article","@id":"https:\/\/cvinoticias.com\/v3\/la-comparsa-arcoiris-abre-sus-puertas-para-el-carnaval-2025\/#article","isPartOf":{"@id":"https:\/\/cvinoticias.com\/v3\/la-comparsa-arcoiris-abre-sus-puertas-para-el-carnaval-2025\/"},"author":{"name":"f1000024","@id":"https:\/\/cvinoticias.com\/v3\/#\/schema\/person\/2db77e3c6bc03c538495d7b2b8be9b66"},"headline":"La comparsa Arcoiris abre sus puertas para el carnaval 2025","datePublished":"2025-01-09T21:26:39+00:00","dateModified":"2025-01-09T21:26:40+00:00","mainEntityOfPage":{"@id":"https:\/\/cvinoticias.com\/v3\/la-comparsa-arcoiris-abre-sus-puertas-para-el-carnaval-2025\/"},"wordCount":124,"commentCount":0,"publisher":{"@id":"https:\/\/cvinoticias.com\/v3\/#organization"},"image":{"@id":"https:\/\/cvinoticias.com\/v3\/la-comparsa-arcoiris-abre-sus-puertas-para-el-carnaval-2025\/#primaryimage"},"thumbnailUrl":"https:\/\/cvinoticias.com\/wp-content\/uploads\/2025\/01\/IMG-20250109-WA0121.jpg","keywords":["Arcoiris","Carnavales","Comparsa","convocatoria"],"articleSection":["Carnavales"],"inLanguage":"es","potentialAction":[{"@type":"CommentAction","name":"Comment","target":["https:\/\/cvinoticias.com\/v3\/la-comparsa-arcoiris-abre-sus-puertas-para-el-carnaval-2025\/#respond"]}]},{"@type":"WebPage","@id":"https:\/\/cvinoticias.com\/v3\/la-comparsa-arcoiris-abre-sus-puertas-para-el-carnaval-2025\/","url":"https:\/\/cvinoticias.com\/v3\/la-comparsa-arcoiris-abre-sus-puertas-para-el-carnaval-2025\/","name":"La comparsa Arcoiris abre sus puertas para el carnaval 2025 | CVI NOTICIAS","isPartOf":{"@id":"https:\/\/cvinoticias.com\/v3\/#website"},"primaryImageOfPage":{"@id":"https:\/\/cvinoticias.com\/v3\/la-comparsa-arcoiris-abre-sus-puertas-para-el-carnaval-2025\/#primaryimage"},"image":{"@id":"https:\/\/cvinoticias.com\/v3\/la-comparsa-arcoiris-abre-sus-puertas-para-el-carnaval-2025\/#primaryimage"},"thumbnailUrl":"https:\/\/cvinoticias.com\/wp-content\/uploads\/2025\/01\/IMG-20250109-WA0121.jpg","datePublished":"2025-01-09T21:26:39+00:00","dateModified":"2025-01-09T21:26:40+00:00","breadcrumb":{"@id":"https:\/\/cvinoticias.com\/v3\/la-comparsa-arcoiris-abre-sus-puertas-para-el-carnaval-2025\/#breadcrumb"},"inLanguage":"es","potentialAction":[{"@type":"ReadAction","target":["https:\/\/cvinoticias.com\/v3\/la-comparsa-arcoiris-abre-sus-puertas-para-el-carnaval-2025\/"]}]},{"@type":"ImageObject","inLanguage":"es","@id":"https:\/\/cvinoticias.com\/v3\/la-comparsa-arcoiris-abre-sus-puertas-para-el-carnaval-2025\/#primaryimage","url":"https:\/\/cvinoticias.com\/wp-content\/uploads\/2025\/01\/IMG-20250109-WA0121.jpg","contentUrl":"https:\/\/cvinoticias.com\/wp-content\/uploads\/2025\/01\/IMG-20250109-WA0121.jpg","width":1599,"height":1066},{"@type":"BreadcrumbList","@id":"https:\/\/cvinoticias.com\/v3\/la-comparsa-arcoiris-abre-sus-puertas-para-el-carnaval-2025\/#breadcrumb","itemListElement":[{"@type":"ListItem","position":1,"name":"Portada","item":"https:\/\/cvinoticias.com\/v3\/"},{"@type":"ListItem","position":2,"name":"La comparsa Arcoiris abre sus puertas para el carnaval 2025"}]},{"@type":"WebSite","@id":"https:\/\/cvinoticias.com\/v3\/#website","url":"https:\/\/cvinoticias.com\/v3\/","name":"CVI NOTICIAS","description":"","publisher":{"@id":"https:\/\/cvinoticias.com\/v3\/#organization"},"alternateName":"CVI","potentialAction":[{"@type":"SearchAction","target":{"@type":"EntryPoint","urlTemplate":"https:\/\/cvinoticias.com\/v3\/?s={search_term_string}"},"query-input":{"@type":"PropertyValueSpecification","valueRequired":true,"valueName":"search_term_string"}}],"inLanguage":"es"},{"@type":"Organization","@id":"https:\/\/cvinoticias.com\/v3\/#organization","name":"CVI NOTICIAS","url":"https:\/\/cvinoticias.com\/v3\/","logo":{"@type":"ImageObject","inLanguage":"es","@id":"https:\/\/cvinoticias.com\/v3\/#\/schema\/logo\/image\/","url":"https:\/\/cvinoticias.com\/wp-content\/uploads\/2023\/04\/cropped-cropped-cropped-cropped-cropped-3-1.png","contentUrl":"https:\/\/cvinoticias.com\/wp-content\/uploads\/2023\/04\/cropped-cropped-cropped-cropped-cropped-3-1.png","width":95,"height":122,"caption":"CVI NOTICIAS"},"image":{"@id":"https:\/\/cvinoticias.com\/v3\/#\/schema\/logo\/image\/"},"sameAs":["https:\/\/www.facebook.com\/cvinoticias","https:\/\/www.instagram.com\/cvinoticias\/","https:\/\/www.youtube.com\/@CVINOTICIAS"]},{"@type":"Person","@id":"https:\/\/cvinoticias.com\/v3\/#\/schema\/person\/2db77e3c6bc03c538495d7b2b8be9b66","name":"f1000024","image":{"@type":"ImageObject","inLanguage":"es","@id":"https:\/\/secure.gravatar.com\/avatar\/d4fe7459cfc51ff5129ce1a732bbef5928568b8092d412ef95611616376bbeed?s=96&d=mm&r=g","url":"https:\/\/secure.gravatar.com\/avatar\/d4fe7459cfc51ff5129ce1a732bbef5928568b8092d412ef95611616376bbeed?s=96&d=mm&r=g","contentUrl":"https:\/\/secure.gravatar.com\/avatar\/d4fe7459cfc51ff5129ce1a732bbef5928568b8092d412ef95611616376bbeed?s=96&d=mm&r=g","caption":"f1000024"},"url":"https:\/\/cvinoticias.com\/v3\/author\/f1000024\/"}]}},"_links":{"self":[{"href":"https:\/\/cvinoticias.com\/v3\/wp-json\/wp\/v2\/posts\/38578","targetHints":{"allow":["GET"]}}],"collection":[{"href":"https:\/\/cvinoticias.com\/v3\/wp-json\/wp\/v2\/posts"}],"about":[{"href":"https:\/\/cvinoticias.com\/v3\/wp-json\/wp\/v2\/types\/post"}],"author":[{"embeddable":true,"href":"https:\/\/cvinoticias.com\/v3\/wp-json\/wp\/v2\/users\/2"}],"replies":[{"embeddable":true,"href":"https:\/\/cvinoticias.com\/v3\/wp-json\/wp\/v2\/comments?post=38578"}],"version-history":[{"count":1,"href":"https:\/\/cvinoticias.com\/v3\/wp-json\/wp\/v2\/posts\/38578\/revisions"}],"predecessor-version":[{"id":38585,"href":"https:\/\/cvinoticias.com\/v3\/wp-json\/wp\/v2\/posts\/38578\/revisions\/38585"}],"wp:featuredmedia":[{"embeddable":true,"href":"https:\/\/cvinoticias.com\/v3\/wp-json\/wp\/v2\/media\/38584"}],"wp:attachment":[{"href":"https:\/\/cvinoticias.com\/v3\/wp-json\/wp\/v2\/media?parent=38578"}],"wp:term":[{"taxonomy":"category","embeddable":true,"href":"https:\/\/cvinoticias.com\/v3\/wp-json\/wp\/v2\/categories?post=38578"},{"taxonomy":"post_tag","embeddable":true,"href":"https:\/\/cvinoticias.com\/v3\/wp-json\/wp\/v2\/tags?post=38578"}],"curies":[{"name":"wp","href":"https:\/\/api.w.org\/{rel}","templated":true}]}}