{"id":38530,"date":"2025-01-08T16:10:00","date_gmt":"2025-01-08T19:10:00","guid":{"rendered":"https:\/\/cvinoticias.com\/v3\/?p=38530"},"modified":"2025-01-09T00:13:28","modified_gmt":"2025-01-09T03:13:28","slug":"iguazu-celebrara-hoy-el-dia-del-gauchito-gil","status":"publish","type":"post","link":"https:\/\/cvinoticias.com\/v3\/iguazu-celebrara-hoy-el-dia-del-gauchito-gil\/","title":{"rendered":"Iguaz\u00fa celebrar\u00e1 hoy el d\u00eda del Gauchito Gil"},"content":{"rendered":"\n<p>Este mi\u00e9rcoles 8 de enero de 2025, la comunidad de Iguaz\u00fa se suma a la conmemoraci\u00f3n nacional del D\u00eda del Gauchito Gil, una figura que genera una profunda devoci\u00f3n en todo el pa\u00eds.<\/p>\n\n\n\n<p>En el Santuario ubicado en la Ruta Nacional N\u00b012, frente al Autom\u00f3vil Club, se realizar\u00e1 la tradicional fiesta en honor al Gauchito Gil. A partir de las 18 hs, la comunidad est\u00e1 invitada a participar en un lindo momento de compartir, con shows de bandas en vivo y la oportunidad de compartir comida con los fieles.<\/p>\n\n\n\n<figure class=\"wp-block-image size-large\"><a href=\"https:\/\/cvinoticias.com\/wp-content\/uploads\/2025\/01\/IMG-20250108-WA0146-scaled.jpg\"><img decoding=\"async\" width=\"1024\" height=\"577\" data-src=\"https:\/\/cvinoticias.com\/wp-content\/uploads\/2025\/01\/IMG-20250108-WA0146-1024x577.jpg\" alt=\"\" class=\"wp-image-38531 lazyload\" data-srcset=\"https:\/\/cvinoticias.com\/wp-content\/uploads\/2025\/01\/IMG-20250108-WA0146-1024x577.jpg 1024w, https:\/\/cvinoticias.com\/wp-content\/uploads\/2025\/01\/IMG-20250108-WA0146-300x169.jpg 300w, https:\/\/cvinoticias.com\/wp-content\/uploads\/2025\/01\/IMG-20250108-WA0146-768x432.jpg 768w, https:\/\/cvinoticias.com\/wp-content\/uploads\/2025\/01\/IMG-20250108-WA0146-1536x865.jpg 1536w, https:\/\/cvinoticias.com\/wp-content\/uploads\/2025\/01\/IMG-20250108-WA0146-2048x1153.jpg 2048w\" data-sizes=\"(max-width: 1024px) 100vw, 1024px\" src=\"data:image\/svg+xml;base64,PHN2ZyB3aWR0aD0iMSIgaGVpZ2h0PSIxIiB4bWxucz0iaHR0cDovL3d3dy53My5vcmcvMjAwMC9zdmciPjwvc3ZnPg==\" style=\"--smush-placeholder-width: 1024px; --smush-placeholder-aspect-ratio: 1024\/577;\" \/><\/a><\/figure>\n\n\n\n<p>La fiesta es un momento especial para recordar y homenajear a esta figura tan querida, y se espera que muchos vecinos de Iguaz\u00fa se unan a la celebraci\u00f3n.<\/p>\n","protected":false},"excerpt":{"rendered":"<p>Este mi\u00e9rcoles 8 de enero de 2025, la comunidad de Iguaz\u00fa se suma a la conmemoraci\u00f3n nacional del D\u00eda del Gauchito Gil, una figura que genera una profunda devoci\u00f3n en todo el pa\u00eds. En el Santuario ubicado en la Ruta Nacional N\u00b012, frente al Autom\u00f3vil Club, se realizar\u00e1 la tradicional fiesta en honor al Gauchito [&hellip;]<\/p>\n","protected":false},"author":2,"featured_media":38532,"comment_status":"open","ping_status":"open","sticky":false,"template":"","format":"standard","meta":{"footnotes":""},"categories":[44],"tags":[1089,1090,612],"class_list":["post-38530","post","type-post","status-publish","format-standard","has-post-thumbnail","hentry","category-religion","tag-gauchito","tag-gil","tag-religion"],"yoast_head":"<!-- This site is optimized with the Yoast SEO plugin v27.5 - https:\/\/yoast.com\/product\/yoast-seo-wordpress\/ -->\n<title>Iguaz\u00fa celebrar\u00e1 hoy el d\u00eda del Gauchito Gil | CVI NOTICIAS<\/title>\n<meta name=\"robots\" content=\"index, follow, max-snippet:-1, max-image-preview:large, max-video-preview:-1\" \/>\n<link rel=\"canonical\" href=\"https:\/\/cvinoticias.com\/v3\/iguazu-celebrara-hoy-el-dia-del-gauchito-gil\/\" \/>\n<meta property=\"og:locale\" content=\"es_ES\" \/>\n<meta property=\"og:type\" content=\"article\" \/>\n<meta property=\"og:title\" content=\"Iguaz\u00fa celebrar\u00e1 hoy el d\u00eda del Gauchito Gil | CVI NOTICIAS\" \/>\n<meta property=\"og:description\" content=\"Este mi\u00e9rcoles 8 de enero de 2025, la comunidad de Iguaz\u00fa se suma a la conmemoraci\u00f3n nacional del D\u00eda del Gauchito Gil, una figura que genera una profunda devoci\u00f3n en todo el pa\u00eds. En el Santuario ubicado en la Ruta Nacional N\u00b012, frente al Autom\u00f3vil Club, se realizar\u00e1 la tradicional fiesta en honor al Gauchito [&hellip;]\" \/>\n<meta property=\"og:url\" content=\"https:\/\/cvinoticias.com\/v3\/iguazu-celebrara-hoy-el-dia-del-gauchito-gil\/\" \/>\n<meta property=\"og:site_name\" content=\"CVI NOTICIAS\" \/>\n<meta property=\"article:publisher\" content=\"https:\/\/www.facebook.com\/cvinoticias\" \/>\n<meta property=\"article:published_time\" content=\"2025-01-08T19:10:00+00:00\" \/>\n<meta property=\"article:modified_time\" content=\"2025-01-09T03:13:28+00:00\" \/>\n<meta property=\"og:image\" content=\"https:\/\/cvinoticias.com\/wp-content\/uploads\/2025\/01\/IMG-20250108-WA0144-scaled.jpg\" \/>\n\t<meta property=\"og:image:width\" content=\"1441\" \/>\n\t<meta property=\"og:image:height\" content=\"2560\" \/>\n\t<meta property=\"og:image:type\" content=\"image\/jpeg\" \/>\n<meta name=\"author\" content=\"f1000024\" \/>\n<meta name=\"twitter:card\" content=\"summary_large_image\" \/>\n<meta name=\"twitter:label1\" content=\"Escrito por\" \/>\n\t<meta name=\"twitter:data1\" content=\"f1000024\" \/>\n\t<meta name=\"twitter:label2\" content=\"Tiempo de lectura\" \/>\n\t<meta name=\"twitter:data2\" content=\"1 minuto\" \/>\n<script type=\"application\/ld+json\" class=\"yoast-schema-graph\">{\"@context\":\"https:\\\/\\\/schema.org\",\"@graph\":[{\"@type\":\"Article\",\"@id\":\"https:\\\/\\\/cvinoticias.com\\\/v3\\\/iguazu-celebrara-hoy-el-dia-del-gauchito-gil\\\/#article\",\"isPartOf\":{\"@id\":\"https:\\\/\\\/cvinoticias.com\\\/v3\\\/iguazu-celebrara-hoy-el-dia-del-gauchito-gil\\\/\"},\"author\":{\"name\":\"f1000024\",\"@id\":\"https:\\\/\\\/cvinoticias.com\\\/v3\\\/#\\\/schema\\\/person\\\/2db77e3c6bc03c538495d7b2b8be9b66\"},\"headline\":\"Iguaz\u00fa celebrar\u00e1 hoy el d\u00eda del Gauchito Gil\",\"datePublished\":\"2025-01-08T19:10:00+00:00\",\"dateModified\":\"2025-01-09T03:13:28+00:00\",\"mainEntityOfPage\":{\"@id\":\"https:\\\/\\\/cvinoticias.com\\\/v3\\\/iguazu-celebrara-hoy-el-dia-del-gauchito-gil\\\/\"},\"wordCount\":130,\"commentCount\":0,\"publisher\":{\"@id\":\"https:\\\/\\\/cvinoticias.com\\\/v3\\\/#organization\"},\"image\":{\"@id\":\"https:\\\/\\\/cvinoticias.com\\\/v3\\\/iguazu-celebrara-hoy-el-dia-del-gauchito-gil\\\/#primaryimage\"},\"thumbnailUrl\":\"https:\\\/\\\/cvinoticias.com\\\/wp-content\\\/uploads\\\/2025\\\/01\\\/IMG-20250108-WA0144-scaled.jpg\",\"keywords\":[\"Gauchito\",\"Gil\",\"Religi\u00f3n\"],\"articleSection\":[\"Religi\u00f3n\"],\"inLanguage\":\"es\",\"potentialAction\":[{\"@type\":\"CommentAction\",\"name\":\"Comment\",\"target\":[\"https:\\\/\\\/cvinoticias.com\\\/v3\\\/iguazu-celebrara-hoy-el-dia-del-gauchito-gil\\\/#respond\"]}]},{\"@type\":\"WebPage\",\"@id\":\"https:\\\/\\\/cvinoticias.com\\\/v3\\\/iguazu-celebrara-hoy-el-dia-del-gauchito-gil\\\/\",\"url\":\"https:\\\/\\\/cvinoticias.com\\\/v3\\\/iguazu-celebrara-hoy-el-dia-del-gauchito-gil\\\/\",\"name\":\"Iguaz\u00fa celebrar\u00e1 hoy el d\u00eda del Gauchito Gil | CVI NOTICIAS\",\"isPartOf\":{\"@id\":\"https:\\\/\\\/cvinoticias.com\\\/v3\\\/#website\"},\"primaryImageOfPage\":{\"@id\":\"https:\\\/\\\/cvinoticias.com\\\/v3\\\/iguazu-celebrara-hoy-el-dia-del-gauchito-gil\\\/#primaryimage\"},\"image\":{\"@id\":\"https:\\\/\\\/cvinoticias.com\\\/v3\\\/iguazu-celebrara-hoy-el-dia-del-gauchito-gil\\\/#primaryimage\"},\"thumbnailUrl\":\"https:\\\/\\\/cvinoticias.com\\\/wp-content\\\/uploads\\\/2025\\\/01\\\/IMG-20250108-WA0144-scaled.jpg\",\"datePublished\":\"2025-01-08T19:10:00+00:00\",\"dateModified\":\"2025-01-09T03:13:28+00:00\",\"breadcrumb\":{\"@id\":\"https:\\\/\\\/cvinoticias.com\\\/v3\\\/iguazu-celebrara-hoy-el-dia-del-gauchito-gil\\\/#breadcrumb\"},\"inLanguage\":\"es\",\"potentialAction\":[{\"@type\":\"ReadAction\",\"target\":[\"https:\\\/\\\/cvinoticias.com\\\/v3\\\/iguazu-celebrara-hoy-el-dia-del-gauchito-gil\\\/\"]}]},{\"@type\":\"ImageObject\",\"inLanguage\":\"es\",\"@id\":\"https:\\\/\\\/cvinoticias.com\\\/v3\\\/iguazu-celebrara-hoy-el-dia-del-gauchito-gil\\\/#primaryimage\",\"url\":\"https:\\\/\\\/cvinoticias.com\\\/wp-content\\\/uploads\\\/2025\\\/01\\\/IMG-20250108-WA0144-scaled.jpg\",\"contentUrl\":\"https:\\\/\\\/cvinoticias.com\\\/wp-content\\\/uploads\\\/2025\\\/01\\\/IMG-20250108-WA0144-scaled.jpg\",\"width\":1441,\"height\":2560},{\"@type\":\"BreadcrumbList\",\"@id\":\"https:\\\/\\\/cvinoticias.com\\\/v3\\\/iguazu-celebrara-hoy-el-dia-del-gauchito-gil\\\/#breadcrumb\",\"itemListElement\":[{\"@type\":\"ListItem\",\"position\":1,\"name\":\"Portada\",\"item\":\"https:\\\/\\\/cvinoticias.com\\\/v3\\\/\"},{\"@type\":\"ListItem\",\"position\":2,\"name\":\"Iguaz\u00fa celebrar\u00e1 hoy el d\u00eda del Gauchito Gil\"}]},{\"@type\":\"WebSite\",\"@id\":\"https:\\\/\\\/cvinoticias.com\\\/v3\\\/#website\",\"url\":\"https:\\\/\\\/cvinoticias.com\\\/v3\\\/\",\"name\":\"CVI NOTICIAS\",\"description\":\"\",\"publisher\":{\"@id\":\"https:\\\/\\\/cvinoticias.com\\\/v3\\\/#organization\"},\"alternateName\":\"CVI\",\"potentialAction\":[{\"@type\":\"SearchAction\",\"target\":{\"@type\":\"EntryPoint\",\"urlTemplate\":\"https:\\\/\\\/cvinoticias.com\\\/v3\\\/?s={search_term_string}\"},\"query-input\":{\"@type\":\"PropertyValueSpecification\",\"valueRequired\":true,\"valueName\":\"search_term_string\"}}],\"inLanguage\":\"es\"},{\"@type\":\"Organization\",\"@id\":\"https:\\\/\\\/cvinoticias.com\\\/v3\\\/#organization\",\"name\":\"CVI NOTICIAS\",\"url\":\"https:\\\/\\\/cvinoticias.com\\\/v3\\\/\",\"logo\":{\"@type\":\"ImageObject\",\"inLanguage\":\"es\",\"@id\":\"https:\\\/\\\/cvinoticias.com\\\/v3\\\/#\\\/schema\\\/logo\\\/image\\\/\",\"url\":\"https:\\\/\\\/cvinoticias.com\\\/wp-content\\\/uploads\\\/2023\\\/04\\\/cropped-cropped-cropped-cropped-cropped-3-1.png\",\"contentUrl\":\"https:\\\/\\\/cvinoticias.com\\\/wp-content\\\/uploads\\\/2023\\\/04\\\/cropped-cropped-cropped-cropped-cropped-3-1.png\",\"width\":95,\"height\":122,\"caption\":\"CVI NOTICIAS\"},\"image\":{\"@id\":\"https:\\\/\\\/cvinoticias.com\\\/v3\\\/#\\\/schema\\\/logo\\\/image\\\/\"},\"sameAs\":[\"https:\\\/\\\/www.facebook.com\\\/cvinoticias\",\"https:\\\/\\\/www.instagram.com\\\/cvinoticias\\\/\",\"https:\\\/\\\/www.youtube.com\\\/@CVINOTICIAS\"]},{\"@type\":\"Person\",\"@id\":\"https:\\\/\\\/cvinoticias.com\\\/v3\\\/#\\\/schema\\\/person\\\/2db77e3c6bc03c538495d7b2b8be9b66\",\"name\":\"f1000024\",\"image\":{\"@type\":\"ImageObject\",\"inLanguage\":\"es\",\"@id\":\"https:\\\/\\\/secure.gravatar.com\\\/avatar\\\/d4fe7459cfc51ff5129ce1a732bbef5928568b8092d412ef95611616376bbeed?s=96&d=mm&r=g\",\"url\":\"https:\\\/\\\/secure.gravatar.com\\\/avatar\\\/d4fe7459cfc51ff5129ce1a732bbef5928568b8092d412ef95611616376bbeed?s=96&d=mm&r=g\",\"contentUrl\":\"https:\\\/\\\/secure.gravatar.com\\\/avatar\\\/d4fe7459cfc51ff5129ce1a732bbef5928568b8092d412ef95611616376bbeed?s=96&d=mm&r=g\",\"caption\":\"f1000024\"},\"url\":\"https:\\\/\\\/cvinoticias.com\\\/v3\\\/author\\\/f1000024\\\/\"}]}<\/script>\n<!-- \/ Yoast SEO plugin. -->","yoast_head_json":{"title":"Iguaz\u00fa celebrar\u00e1 hoy el d\u00eda del Gauchito Gil | CVI NOTICIAS","robots":{"index":"index","follow":"follow","max-snippet":"max-snippet:-1","max-image-preview":"max-image-preview:large","max-video-preview":"max-video-preview:-1"},"canonical":"https:\/\/cvinoticias.com\/v3\/iguazu-celebrara-hoy-el-dia-del-gauchito-gil\/","og_locale":"es_ES","og_type":"article","og_title":"Iguaz\u00fa celebrar\u00e1 hoy el d\u00eda del Gauchito Gil | CVI NOTICIAS","og_description":"Este mi\u00e9rcoles 8 de enero de 2025, la comunidad de Iguaz\u00fa se suma a la conmemoraci\u00f3n nacional del D\u00eda del Gauchito Gil, una figura que genera una profunda devoci\u00f3n en todo el pa\u00eds. En el Santuario ubicado en la Ruta Nacional N\u00b012, frente al Autom\u00f3vil Club, se realizar\u00e1 la tradicional fiesta en honor al Gauchito [&hellip;]","og_url":"https:\/\/cvinoticias.com\/v3\/iguazu-celebrara-hoy-el-dia-del-gauchito-gil\/","og_site_name":"CVI NOTICIAS","article_publisher":"https:\/\/www.facebook.com\/cvinoticias","article_published_time":"2025-01-08T19:10:00+00:00","article_modified_time":"2025-01-09T03:13:28+00:00","og_image":[{"width":1441,"height":2560,"url":"https:\/\/cvinoticias.com\/wp-content\/uploads\/2025\/01\/IMG-20250108-WA0144-scaled.jpg","type":"image\/jpeg"}],"author":"f1000024","twitter_card":"summary_large_image","twitter_misc":{"Escrito por":"f1000024","Tiempo de lectura":"1 minuto"},"schema":{"@context":"https:\/\/schema.org","@graph":[{"@type":"Article","@id":"https:\/\/cvinoticias.com\/v3\/iguazu-celebrara-hoy-el-dia-del-gauchito-gil\/#article","isPartOf":{"@id":"https:\/\/cvinoticias.com\/v3\/iguazu-celebrara-hoy-el-dia-del-gauchito-gil\/"},"author":{"name":"f1000024","@id":"https:\/\/cvinoticias.com\/v3\/#\/schema\/person\/2db77e3c6bc03c538495d7b2b8be9b66"},"headline":"Iguaz\u00fa celebrar\u00e1 hoy el d\u00eda del Gauchito Gil","datePublished":"2025-01-08T19:10:00+00:00","dateModified":"2025-01-09T03:13:28+00:00","mainEntityOfPage":{"@id":"https:\/\/cvinoticias.com\/v3\/iguazu-celebrara-hoy-el-dia-del-gauchito-gil\/"},"wordCount":130,"commentCount":0,"publisher":{"@id":"https:\/\/cvinoticias.com\/v3\/#organization"},"image":{"@id":"https:\/\/cvinoticias.com\/v3\/iguazu-celebrara-hoy-el-dia-del-gauchito-gil\/#primaryimage"},"thumbnailUrl":"https:\/\/cvinoticias.com\/wp-content\/uploads\/2025\/01\/IMG-20250108-WA0144-scaled.jpg","keywords":["Gauchito","Gil","Religi\u00f3n"],"articleSection":["Religi\u00f3n"],"inLanguage":"es","potentialAction":[{"@type":"CommentAction","name":"Comment","target":["https:\/\/cvinoticias.com\/v3\/iguazu-celebrara-hoy-el-dia-del-gauchito-gil\/#respond"]}]},{"@type":"WebPage","@id":"https:\/\/cvinoticias.com\/v3\/iguazu-celebrara-hoy-el-dia-del-gauchito-gil\/","url":"https:\/\/cvinoticias.com\/v3\/iguazu-celebrara-hoy-el-dia-del-gauchito-gil\/","name":"Iguaz\u00fa celebrar\u00e1 hoy el d\u00eda del Gauchito Gil | CVI NOTICIAS","isPartOf":{"@id":"https:\/\/cvinoticias.com\/v3\/#website"},"primaryImageOfPage":{"@id":"https:\/\/cvinoticias.com\/v3\/iguazu-celebrara-hoy-el-dia-del-gauchito-gil\/#primaryimage"},"image":{"@id":"https:\/\/cvinoticias.com\/v3\/iguazu-celebrara-hoy-el-dia-del-gauchito-gil\/#primaryimage"},"thumbnailUrl":"https:\/\/cvinoticias.com\/wp-content\/uploads\/2025\/01\/IMG-20250108-WA0144-scaled.jpg","datePublished":"2025-01-08T19:10:00+00:00","dateModified":"2025-01-09T03:13:28+00:00","breadcrumb":{"@id":"https:\/\/cvinoticias.com\/v3\/iguazu-celebrara-hoy-el-dia-del-gauchito-gil\/#breadcrumb"},"inLanguage":"es","potentialAction":[{"@type":"ReadAction","target":["https:\/\/cvinoticias.com\/v3\/iguazu-celebrara-hoy-el-dia-del-gauchito-gil\/"]}]},{"@type":"ImageObject","inLanguage":"es","@id":"https:\/\/cvinoticias.com\/v3\/iguazu-celebrara-hoy-el-dia-del-gauchito-gil\/#primaryimage","url":"https:\/\/cvinoticias.com\/wp-content\/uploads\/2025\/01\/IMG-20250108-WA0144-scaled.jpg","contentUrl":"https:\/\/cvinoticias.com\/wp-content\/uploads\/2025\/01\/IMG-20250108-WA0144-scaled.jpg","width":1441,"height":2560},{"@type":"BreadcrumbList","@id":"https:\/\/cvinoticias.com\/v3\/iguazu-celebrara-hoy-el-dia-del-gauchito-gil\/#breadcrumb","itemListElement":[{"@type":"ListItem","position":1,"name":"Portada","item":"https:\/\/cvinoticias.com\/v3\/"},{"@type":"ListItem","position":2,"name":"Iguaz\u00fa celebrar\u00e1 hoy el d\u00eda del Gauchito Gil"}]},{"@type":"WebSite","@id":"https:\/\/cvinoticias.com\/v3\/#website","url":"https:\/\/cvinoticias.com\/v3\/","name":"CVI NOTICIAS","description":"","publisher":{"@id":"https:\/\/cvinoticias.com\/v3\/#organization"},"alternateName":"CVI","potentialAction":[{"@type":"SearchAction","target":{"@type":"EntryPoint","urlTemplate":"https:\/\/cvinoticias.com\/v3\/?s={search_term_string}"},"query-input":{"@type":"PropertyValueSpecification","valueRequired":true,"valueName":"search_term_string"}}],"inLanguage":"es"},{"@type":"Organization","@id":"https:\/\/cvinoticias.com\/v3\/#organization","name":"CVI NOTICIAS","url":"https:\/\/cvinoticias.com\/v3\/","logo":{"@type":"ImageObject","inLanguage":"es","@id":"https:\/\/cvinoticias.com\/v3\/#\/schema\/logo\/image\/","url":"https:\/\/cvinoticias.com\/wp-content\/uploads\/2023\/04\/cropped-cropped-cropped-cropped-cropped-3-1.png","contentUrl":"https:\/\/cvinoticias.com\/wp-content\/uploads\/2023\/04\/cropped-cropped-cropped-cropped-cropped-3-1.png","width":95,"height":122,"caption":"CVI NOTICIAS"},"image":{"@id":"https:\/\/cvinoticias.com\/v3\/#\/schema\/logo\/image\/"},"sameAs":["https:\/\/www.facebook.com\/cvinoticias","https:\/\/www.instagram.com\/cvinoticias\/","https:\/\/www.youtube.com\/@CVINOTICIAS"]},{"@type":"Person","@id":"https:\/\/cvinoticias.com\/v3\/#\/schema\/person\/2db77e3c6bc03c538495d7b2b8be9b66","name":"f1000024","image":{"@type":"ImageObject","inLanguage":"es","@id":"https:\/\/secure.gravatar.com\/avatar\/d4fe7459cfc51ff5129ce1a732bbef5928568b8092d412ef95611616376bbeed?s=96&d=mm&r=g","url":"https:\/\/secure.gravatar.com\/avatar\/d4fe7459cfc51ff5129ce1a732bbef5928568b8092d412ef95611616376bbeed?s=96&d=mm&r=g","contentUrl":"https:\/\/secure.gravatar.com\/avatar\/d4fe7459cfc51ff5129ce1a732bbef5928568b8092d412ef95611616376bbeed?s=96&d=mm&r=g","caption":"f1000024"},"url":"https:\/\/cvinoticias.com\/v3\/author\/f1000024\/"}]}},"_links":{"self":[{"href":"https:\/\/cvinoticias.com\/v3\/wp-json\/wp\/v2\/posts\/38530","targetHints":{"allow":["GET"]}}],"collection":[{"href":"https:\/\/cvinoticias.com\/v3\/wp-json\/wp\/v2\/posts"}],"about":[{"href":"https:\/\/cvinoticias.com\/v3\/wp-json\/wp\/v2\/types\/post"}],"author":[{"embeddable":true,"href":"https:\/\/cvinoticias.com\/v3\/wp-json\/wp\/v2\/users\/2"}],"replies":[{"embeddable":true,"href":"https:\/\/cvinoticias.com\/v3\/wp-json\/wp\/v2\/comments?post=38530"}],"version-history":[{"count":1,"href":"https:\/\/cvinoticias.com\/v3\/wp-json\/wp\/v2\/posts\/38530\/revisions"}],"predecessor-version":[{"id":38533,"href":"https:\/\/cvinoticias.com\/v3\/wp-json\/wp\/v2\/posts\/38530\/revisions\/38533"}],"wp:featuredmedia":[{"embeddable":true,"href":"https:\/\/cvinoticias.com\/v3\/wp-json\/wp\/v2\/media\/38532"}],"wp:attachment":[{"href":"https:\/\/cvinoticias.com\/v3\/wp-json\/wp\/v2\/media?parent=38530"}],"wp:term":[{"taxonomy":"category","embeddable":true,"href":"https:\/\/cvinoticias.com\/v3\/wp-json\/wp\/v2\/categories?post=38530"},{"taxonomy":"post_tag","embeddable":true,"href":"https:\/\/cvinoticias.com\/v3\/wp-json\/wp\/v2\/tags?post=38530"}],"curies":[{"name":"wp","href":"https:\/\/api.w.org\/{rel}","templated":true}]}}