{"id":38412,"date":"2025-01-06T14:31:14","date_gmt":"2025-01-06T17:31:14","guid":{"rendered":"https:\/\/cvinoticias.com\/v3\/?p=38412"},"modified":"2025-01-06T14:31:15","modified_gmt":"2025-01-06T17:31:15","slug":"operativo-de-control-del-fin-de-semana-por-zona-peatonal","status":"publish","type":"post","link":"https:\/\/cvinoticias.com\/v3\/operativo-de-control-del-fin-de-semana-por-zona-peatonal\/","title":{"rendered":"Operativo de control del fin de semana por zona peatonal"},"content":{"rendered":"\n<p>Contin\u00faan los controles de ordenamiento en la v\u00eda p\u00fablica.<\/p>\n\n\n\n<figure class=\"wp-block-image size-large\"><a href=\"https:\/\/cvinoticias.com\/wp-content\/uploads\/2025\/01\/IMG-20250106-WA0105-scaled.jpg\"><img decoding=\"async\" width=\"771\" height=\"1024\" data-src=\"https:\/\/cvinoticias.com\/wp-content\/uploads\/2025\/01\/IMG-20250106-WA0105-771x1024.jpg\" alt=\"\" class=\"wp-image-38415 lazyload\" data-srcset=\"https:\/\/cvinoticias.com\/wp-content\/uploads\/2025\/01\/IMG-20250106-WA0105-771x1024.jpg 771w, https:\/\/cvinoticias.com\/wp-content\/uploads\/2025\/01\/IMG-20250106-WA0105-226x300.jpg 226w, https:\/\/cvinoticias.com\/wp-content\/uploads\/2025\/01\/IMG-20250106-WA0105-768x1020.jpg 768w, https:\/\/cvinoticias.com\/wp-content\/uploads\/2025\/01\/IMG-20250106-WA0105-1157x1536.jpg 1157w, https:\/\/cvinoticias.com\/wp-content\/uploads\/2025\/01\/IMG-20250106-WA0105-1542x2048.jpg 1542w, https:\/\/cvinoticias.com\/wp-content\/uploads\/2025\/01\/IMG-20250106-WA0105-scaled.jpg 1928w\" data-sizes=\"(max-width: 771px) 100vw, 771px\" src=\"data:image\/svg+xml;base64,PHN2ZyB3aWR0aD0iMSIgaGVpZ2h0PSIxIiB4bWxucz0iaHR0cDovL3d3dy53My5vcmcvMjAwMC9zdmciPjwvc3ZnPg==\" style=\"--smush-placeholder-width: 771px; --smush-placeholder-aspect-ratio: 771\/1024;\" \/><\/a><\/figure>\n\n\n\n<p>En un trabajo en conjunto con el \u00e1rea de Fiscalizaci\u00f3n, Bromatolog\u00eda, Seguridad Ciudadana, Saneamiento Ambiental, Secretar\u00eda de Coordinaci\u00f3n y la Polic\u00eda de la Provincia se recorrieron los tramos cerrados viernes y s\u00e1bado (Peatonal), sobre Av. Brasil con el fin de controlar los lugares gastron\u00f3micos con mesas y sillas ubicadas en veredas y calle dejando los espacios correspondientes para el paso del peat\u00f3n de acuerdo a lo estipulado por ordenanza municipal.<\/p>\n\n\n\n<figure class=\"wp-block-image size-large\"><a href=\"https:\/\/cvinoticias.com\/wp-content\/uploads\/2025\/01\/IMG-20250106-WA0106.jpg\"><img decoding=\"async\" width=\"768\" height=\"1024\" data-src=\"https:\/\/cvinoticias.com\/wp-content\/uploads\/2025\/01\/IMG-20250106-WA0106-768x1024.jpg\" alt=\"\" class=\"wp-image-38414 lazyload\" data-srcset=\"https:\/\/cvinoticias.com\/wp-content\/uploads\/2025\/01\/IMG-20250106-WA0106-768x1024.jpg 768w, https:\/\/cvinoticias.com\/wp-content\/uploads\/2025\/01\/IMG-20250106-WA0106-225x300.jpg 225w, https:\/\/cvinoticias.com\/wp-content\/uploads\/2025\/01\/IMG-20250106-WA0106-1152x1536.jpg 1152w, https:\/\/cvinoticias.com\/wp-content\/uploads\/2025\/01\/IMG-20250106-WA0106.jpg 1200w\" data-sizes=\"(max-width: 768px) 100vw, 768px\" src=\"data:image\/svg+xml;base64,PHN2ZyB3aWR0aD0iMSIgaGVpZ2h0PSIxIiB4bWxucz0iaHR0cDovL3d3dy53My5vcmcvMjAwMC9zdmciPjwvc3ZnPg==\" style=\"--smush-placeholder-width: 768px; --smush-placeholder-aspect-ratio: 768\/1024;\" \/><\/a><\/figure>\n\n\n\n<figure class=\"wp-block-image size-large\"><a href=\"https:\/\/cvinoticias.com\/wp-content\/uploads\/2025\/01\/IMG-20250106-WA0108-scaled.jpg\"><img decoding=\"async\" width=\"771\" height=\"1024\" data-src=\"https:\/\/cvinoticias.com\/wp-content\/uploads\/2025\/01\/IMG-20250106-WA0108-771x1024.jpg\" alt=\"\" class=\"wp-image-38413 lazyload\" data-srcset=\"https:\/\/cvinoticias.com\/wp-content\/uploads\/2025\/01\/IMG-20250106-WA0108-771x1024.jpg 771w, https:\/\/cvinoticias.com\/wp-content\/uploads\/2025\/01\/IMG-20250106-WA0108-226x300.jpg 226w, https:\/\/cvinoticias.com\/wp-content\/uploads\/2025\/01\/IMG-20250106-WA0108-768x1020.jpg 768w, https:\/\/cvinoticias.com\/wp-content\/uploads\/2025\/01\/IMG-20250106-WA0108-1157x1536.jpg 1157w, https:\/\/cvinoticias.com\/wp-content\/uploads\/2025\/01\/IMG-20250106-WA0108-1542x2048.jpg 1542w, https:\/\/cvinoticias.com\/wp-content\/uploads\/2025\/01\/IMG-20250106-WA0108-scaled.jpg 1928w\" data-sizes=\"(max-width: 771px) 100vw, 771px\" src=\"data:image\/svg+xml;base64,PHN2ZyB3aWR0aD0iMSIgaGVpZ2h0PSIxIiB4bWxucz0iaHR0cDovL3d3dy53My5vcmcvMjAwMC9zdmciPjwvc3ZnPg==\" style=\"--smush-placeholder-width: 771px; --smush-placeholder-aspect-ratio: 771\/1024;\" \/><\/a><\/figure>\n","protected":false},"excerpt":{"rendered":"<p>Contin\u00faan los controles de ordenamiento en la v\u00eda p\u00fablica. En un trabajo en conjunto con el \u00e1rea de Fiscalizaci\u00f3n, Bromatolog\u00eda, Seguridad Ciudadana, Saneamiento Ambiental, Secretar\u00eda de Coordinaci\u00f3n y la Polic\u00eda de la Provincia se recorrieron los tramos cerrados viernes y s\u00e1bado (Peatonal), sobre Av. Brasil con el fin de controlar los lugares gastron\u00f3micos con mesas [&hellip;]<\/p>\n","protected":false},"author":2,"featured_media":38416,"comment_status":"open","ping_status":"open","sticky":false,"template":"","format":"standard","meta":{"footnotes":""},"categories":[1051],"tags":[1053,522,1052,911],"class_list":["post-38412","post","type-post","status-publish","format-standard","has-post-thumbnail","hentry","category-control","tag-comercios","tag-control","tag-peatonal","tag-regularizacion"],"yoast_head":"<!-- This site is optimized with the Yoast SEO plugin v27.4 - https:\/\/yoast.com\/product\/yoast-seo-wordpress\/ -->\n<title>Operativo de control del fin de semana por zona peatonal | CVI NOTICIAS<\/title>\n<meta name=\"robots\" content=\"index, follow, max-snippet:-1, max-image-preview:large, max-video-preview:-1\" \/>\n<link rel=\"canonical\" href=\"https:\/\/cvinoticias.com\/v3\/operativo-de-control-del-fin-de-semana-por-zona-peatonal\/\" \/>\n<meta property=\"og:locale\" content=\"es_ES\" \/>\n<meta property=\"og:type\" content=\"article\" \/>\n<meta property=\"og:title\" content=\"Operativo de control del fin de semana por zona peatonal | CVI NOTICIAS\" \/>\n<meta property=\"og:description\" content=\"Contin\u00faan los controles de ordenamiento en la v\u00eda p\u00fablica. En un trabajo en conjunto con el \u00e1rea de Fiscalizaci\u00f3n, Bromatolog\u00eda, Seguridad Ciudadana, Saneamiento Ambiental, Secretar\u00eda de Coordinaci\u00f3n y la Polic\u00eda de la Provincia se recorrieron los tramos cerrados viernes y s\u00e1bado (Peatonal), sobre Av. Brasil con el fin de controlar los lugares gastron\u00f3micos con mesas [&hellip;]\" \/>\n<meta property=\"og:url\" content=\"https:\/\/cvinoticias.com\/v3\/operativo-de-control-del-fin-de-semana-por-zona-peatonal\/\" \/>\n<meta property=\"og:site_name\" content=\"CVI NOTICIAS\" \/>\n<meta property=\"article:publisher\" content=\"https:\/\/www.facebook.com\/cvinoticias\" \/>\n<meta property=\"article:published_time\" content=\"2025-01-06T17:31:14+00:00\" \/>\n<meta property=\"article:modified_time\" content=\"2025-01-06T17:31:15+00:00\" \/>\n<meta property=\"og:image\" content=\"https:\/\/cvinoticias.com\/wp-content\/uploads\/2025\/01\/IMG-20250106-WA0103-scaled.jpg\" \/>\n\t<meta property=\"og:image:width\" content=\"2560\" \/>\n\t<meta property=\"og:image:height\" content=\"1928\" \/>\n\t<meta property=\"og:image:type\" content=\"image\/jpeg\" \/>\n<meta name=\"author\" content=\"f1000024\" \/>\n<meta name=\"twitter:card\" content=\"summary_large_image\" \/>\n<meta name=\"twitter:label1\" content=\"Escrito por\" \/>\n\t<meta name=\"twitter:data1\" content=\"f1000024\" \/>\n\t<meta name=\"twitter:label2\" content=\"Tiempo de lectura\" \/>\n\t<meta name=\"twitter:data2\" content=\"2 minutos\" \/>\n<script type=\"application\/ld+json\" class=\"yoast-schema-graph\">{\"@context\":\"https:\\\/\\\/schema.org\",\"@graph\":[{\"@type\":\"Article\",\"@id\":\"https:\\\/\\\/cvinoticias.com\\\/v3\\\/operativo-de-control-del-fin-de-semana-por-zona-peatonal\\\/#article\",\"isPartOf\":{\"@id\":\"https:\\\/\\\/cvinoticias.com\\\/v3\\\/operativo-de-control-del-fin-de-semana-por-zona-peatonal\\\/\"},\"author\":{\"name\":\"f1000024\",\"@id\":\"https:\\\/\\\/cvinoticias.com\\\/v3\\\/#\\\/schema\\\/person\\\/2db77e3c6bc03c538495d7b2b8be9b66\"},\"headline\":\"Operativo de control del fin de semana por zona peatonal\",\"datePublished\":\"2025-01-06T17:31:14+00:00\",\"dateModified\":\"2025-01-06T17:31:15+00:00\",\"mainEntityOfPage\":{\"@id\":\"https:\\\/\\\/cvinoticias.com\\\/v3\\\/operativo-de-control-del-fin-de-semana-por-zona-peatonal\\\/\"},\"wordCount\":100,\"commentCount\":0,\"publisher\":{\"@id\":\"https:\\\/\\\/cvinoticias.com\\\/v3\\\/#organization\"},\"image\":{\"@id\":\"https:\\\/\\\/cvinoticias.com\\\/v3\\\/operativo-de-control-del-fin-de-semana-por-zona-peatonal\\\/#primaryimage\"},\"thumbnailUrl\":\"https:\\\/\\\/cvinoticias.com\\\/wp-content\\\/uploads\\\/2025\\\/01\\\/IMG-20250106-WA0103-scaled.jpg\",\"keywords\":[\"Comercios\",\"Control\",\"Peatonal\",\"Regularizaci\u00f3n\"],\"articleSection\":[\"Control\"],\"inLanguage\":\"es\",\"potentialAction\":[{\"@type\":\"CommentAction\",\"name\":\"Comment\",\"target\":[\"https:\\\/\\\/cvinoticias.com\\\/v3\\\/operativo-de-control-del-fin-de-semana-por-zona-peatonal\\\/#respond\"]}]},{\"@type\":\"WebPage\",\"@id\":\"https:\\\/\\\/cvinoticias.com\\\/v3\\\/operativo-de-control-del-fin-de-semana-por-zona-peatonal\\\/\",\"url\":\"https:\\\/\\\/cvinoticias.com\\\/v3\\\/operativo-de-control-del-fin-de-semana-por-zona-peatonal\\\/\",\"name\":\"Operativo de control del fin de semana por zona peatonal | CVI NOTICIAS\",\"isPartOf\":{\"@id\":\"https:\\\/\\\/cvinoticias.com\\\/v3\\\/#website\"},\"primaryImageOfPage\":{\"@id\":\"https:\\\/\\\/cvinoticias.com\\\/v3\\\/operativo-de-control-del-fin-de-semana-por-zona-peatonal\\\/#primaryimage\"},\"image\":{\"@id\":\"https:\\\/\\\/cvinoticias.com\\\/v3\\\/operativo-de-control-del-fin-de-semana-por-zona-peatonal\\\/#primaryimage\"},\"thumbnailUrl\":\"https:\\\/\\\/cvinoticias.com\\\/wp-content\\\/uploads\\\/2025\\\/01\\\/IMG-20250106-WA0103-scaled.jpg\",\"datePublished\":\"2025-01-06T17:31:14+00:00\",\"dateModified\":\"2025-01-06T17:31:15+00:00\",\"breadcrumb\":{\"@id\":\"https:\\\/\\\/cvinoticias.com\\\/v3\\\/operativo-de-control-del-fin-de-semana-por-zona-peatonal\\\/#breadcrumb\"},\"inLanguage\":\"es\",\"potentialAction\":[{\"@type\":\"ReadAction\",\"target\":[\"https:\\\/\\\/cvinoticias.com\\\/v3\\\/operativo-de-control-del-fin-de-semana-por-zona-peatonal\\\/\"]}]},{\"@type\":\"ImageObject\",\"inLanguage\":\"es\",\"@id\":\"https:\\\/\\\/cvinoticias.com\\\/v3\\\/operativo-de-control-del-fin-de-semana-por-zona-peatonal\\\/#primaryimage\",\"url\":\"https:\\\/\\\/cvinoticias.com\\\/wp-content\\\/uploads\\\/2025\\\/01\\\/IMG-20250106-WA0103-scaled.jpg\",\"contentUrl\":\"https:\\\/\\\/cvinoticias.com\\\/wp-content\\\/uploads\\\/2025\\\/01\\\/IMG-20250106-WA0103-scaled.jpg\",\"width\":2560,\"height\":1928},{\"@type\":\"BreadcrumbList\",\"@id\":\"https:\\\/\\\/cvinoticias.com\\\/v3\\\/operativo-de-control-del-fin-de-semana-por-zona-peatonal\\\/#breadcrumb\",\"itemListElement\":[{\"@type\":\"ListItem\",\"position\":1,\"name\":\"Portada\",\"item\":\"https:\\\/\\\/cvinoticias.com\\\/v3\\\/\"},{\"@type\":\"ListItem\",\"position\":2,\"name\":\"Operativo de control del fin de semana por zona peatonal\"}]},{\"@type\":\"WebSite\",\"@id\":\"https:\\\/\\\/cvinoticias.com\\\/v3\\\/#website\",\"url\":\"https:\\\/\\\/cvinoticias.com\\\/v3\\\/\",\"name\":\"CVI NOTICIAS\",\"description\":\"\",\"publisher\":{\"@id\":\"https:\\\/\\\/cvinoticias.com\\\/v3\\\/#organization\"},\"alternateName\":\"CVI\",\"potentialAction\":[{\"@type\":\"SearchAction\",\"target\":{\"@type\":\"EntryPoint\",\"urlTemplate\":\"https:\\\/\\\/cvinoticias.com\\\/v3\\\/?s={search_term_string}\"},\"query-input\":{\"@type\":\"PropertyValueSpecification\",\"valueRequired\":true,\"valueName\":\"search_term_string\"}}],\"inLanguage\":\"es\"},{\"@type\":\"Organization\",\"@id\":\"https:\\\/\\\/cvinoticias.com\\\/v3\\\/#organization\",\"name\":\"CVI NOTICIAS\",\"url\":\"https:\\\/\\\/cvinoticias.com\\\/v3\\\/\",\"logo\":{\"@type\":\"ImageObject\",\"inLanguage\":\"es\",\"@id\":\"https:\\\/\\\/cvinoticias.com\\\/v3\\\/#\\\/schema\\\/logo\\\/image\\\/\",\"url\":\"https:\\\/\\\/cvinoticias.com\\\/wp-content\\\/uploads\\\/2023\\\/04\\\/cropped-cropped-cropped-cropped-cropped-3-1.png\",\"contentUrl\":\"https:\\\/\\\/cvinoticias.com\\\/wp-content\\\/uploads\\\/2023\\\/04\\\/cropped-cropped-cropped-cropped-cropped-3-1.png\",\"width\":95,\"height\":122,\"caption\":\"CVI NOTICIAS\"},\"image\":{\"@id\":\"https:\\\/\\\/cvinoticias.com\\\/v3\\\/#\\\/schema\\\/logo\\\/image\\\/\"},\"sameAs\":[\"https:\\\/\\\/www.facebook.com\\\/cvinoticias\",\"https:\\\/\\\/www.instagram.com\\\/cvinoticias\\\/\",\"https:\\\/\\\/www.youtube.com\\\/@CVINOTICIAS\"]},{\"@type\":\"Person\",\"@id\":\"https:\\\/\\\/cvinoticias.com\\\/v3\\\/#\\\/schema\\\/person\\\/2db77e3c6bc03c538495d7b2b8be9b66\",\"name\":\"f1000024\",\"image\":{\"@type\":\"ImageObject\",\"inLanguage\":\"es\",\"@id\":\"https:\\\/\\\/secure.gravatar.com\\\/avatar\\\/d4fe7459cfc51ff5129ce1a732bbef5928568b8092d412ef95611616376bbeed?s=96&d=mm&r=g\",\"url\":\"https:\\\/\\\/secure.gravatar.com\\\/avatar\\\/d4fe7459cfc51ff5129ce1a732bbef5928568b8092d412ef95611616376bbeed?s=96&d=mm&r=g\",\"contentUrl\":\"https:\\\/\\\/secure.gravatar.com\\\/avatar\\\/d4fe7459cfc51ff5129ce1a732bbef5928568b8092d412ef95611616376bbeed?s=96&d=mm&r=g\",\"caption\":\"f1000024\"},\"url\":\"https:\\\/\\\/cvinoticias.com\\\/v3\\\/author\\\/f1000024\\\/\"}]}<\/script>\n<!-- \/ Yoast SEO plugin. -->","yoast_head_json":{"title":"Operativo de control del fin de semana por zona peatonal | CVI NOTICIAS","robots":{"index":"index","follow":"follow","max-snippet":"max-snippet:-1","max-image-preview":"max-image-preview:large","max-video-preview":"max-video-preview:-1"},"canonical":"https:\/\/cvinoticias.com\/v3\/operativo-de-control-del-fin-de-semana-por-zona-peatonal\/","og_locale":"es_ES","og_type":"article","og_title":"Operativo de control del fin de semana por zona peatonal | CVI NOTICIAS","og_description":"Contin\u00faan los controles de ordenamiento en la v\u00eda p\u00fablica. En un trabajo en conjunto con el \u00e1rea de Fiscalizaci\u00f3n, Bromatolog\u00eda, Seguridad Ciudadana, Saneamiento Ambiental, Secretar\u00eda de Coordinaci\u00f3n y la Polic\u00eda de la Provincia se recorrieron los tramos cerrados viernes y s\u00e1bado (Peatonal), sobre Av. Brasil con el fin de controlar los lugares gastron\u00f3micos con mesas [&hellip;]","og_url":"https:\/\/cvinoticias.com\/v3\/operativo-de-control-del-fin-de-semana-por-zona-peatonal\/","og_site_name":"CVI NOTICIAS","article_publisher":"https:\/\/www.facebook.com\/cvinoticias","article_published_time":"2025-01-06T17:31:14+00:00","article_modified_time":"2025-01-06T17:31:15+00:00","og_image":[{"width":2560,"height":1928,"url":"https:\/\/cvinoticias.com\/wp-content\/uploads\/2025\/01\/IMG-20250106-WA0103-scaled.jpg","type":"image\/jpeg"}],"author":"f1000024","twitter_card":"summary_large_image","twitter_misc":{"Escrito por":"f1000024","Tiempo de lectura":"2 minutos"},"schema":{"@context":"https:\/\/schema.org","@graph":[{"@type":"Article","@id":"https:\/\/cvinoticias.com\/v3\/operativo-de-control-del-fin-de-semana-por-zona-peatonal\/#article","isPartOf":{"@id":"https:\/\/cvinoticias.com\/v3\/operativo-de-control-del-fin-de-semana-por-zona-peatonal\/"},"author":{"name":"f1000024","@id":"https:\/\/cvinoticias.com\/v3\/#\/schema\/person\/2db77e3c6bc03c538495d7b2b8be9b66"},"headline":"Operativo de control del fin de semana por zona peatonal","datePublished":"2025-01-06T17:31:14+00:00","dateModified":"2025-01-06T17:31:15+00:00","mainEntityOfPage":{"@id":"https:\/\/cvinoticias.com\/v3\/operativo-de-control-del-fin-de-semana-por-zona-peatonal\/"},"wordCount":100,"commentCount":0,"publisher":{"@id":"https:\/\/cvinoticias.com\/v3\/#organization"},"image":{"@id":"https:\/\/cvinoticias.com\/v3\/operativo-de-control-del-fin-de-semana-por-zona-peatonal\/#primaryimage"},"thumbnailUrl":"https:\/\/cvinoticias.com\/wp-content\/uploads\/2025\/01\/IMG-20250106-WA0103-scaled.jpg","keywords":["Comercios","Control","Peatonal","Regularizaci\u00f3n"],"articleSection":["Control"],"inLanguage":"es","potentialAction":[{"@type":"CommentAction","name":"Comment","target":["https:\/\/cvinoticias.com\/v3\/operativo-de-control-del-fin-de-semana-por-zona-peatonal\/#respond"]}]},{"@type":"WebPage","@id":"https:\/\/cvinoticias.com\/v3\/operativo-de-control-del-fin-de-semana-por-zona-peatonal\/","url":"https:\/\/cvinoticias.com\/v3\/operativo-de-control-del-fin-de-semana-por-zona-peatonal\/","name":"Operativo de control del fin de semana por zona peatonal | CVI NOTICIAS","isPartOf":{"@id":"https:\/\/cvinoticias.com\/v3\/#website"},"primaryImageOfPage":{"@id":"https:\/\/cvinoticias.com\/v3\/operativo-de-control-del-fin-de-semana-por-zona-peatonal\/#primaryimage"},"image":{"@id":"https:\/\/cvinoticias.com\/v3\/operativo-de-control-del-fin-de-semana-por-zona-peatonal\/#primaryimage"},"thumbnailUrl":"https:\/\/cvinoticias.com\/wp-content\/uploads\/2025\/01\/IMG-20250106-WA0103-scaled.jpg","datePublished":"2025-01-06T17:31:14+00:00","dateModified":"2025-01-06T17:31:15+00:00","breadcrumb":{"@id":"https:\/\/cvinoticias.com\/v3\/operativo-de-control-del-fin-de-semana-por-zona-peatonal\/#breadcrumb"},"inLanguage":"es","potentialAction":[{"@type":"ReadAction","target":["https:\/\/cvinoticias.com\/v3\/operativo-de-control-del-fin-de-semana-por-zona-peatonal\/"]}]},{"@type":"ImageObject","inLanguage":"es","@id":"https:\/\/cvinoticias.com\/v3\/operativo-de-control-del-fin-de-semana-por-zona-peatonal\/#primaryimage","url":"https:\/\/cvinoticias.com\/wp-content\/uploads\/2025\/01\/IMG-20250106-WA0103-scaled.jpg","contentUrl":"https:\/\/cvinoticias.com\/wp-content\/uploads\/2025\/01\/IMG-20250106-WA0103-scaled.jpg","width":2560,"height":1928},{"@type":"BreadcrumbList","@id":"https:\/\/cvinoticias.com\/v3\/operativo-de-control-del-fin-de-semana-por-zona-peatonal\/#breadcrumb","itemListElement":[{"@type":"ListItem","position":1,"name":"Portada","item":"https:\/\/cvinoticias.com\/v3\/"},{"@type":"ListItem","position":2,"name":"Operativo de control del fin de semana por zona peatonal"}]},{"@type":"WebSite","@id":"https:\/\/cvinoticias.com\/v3\/#website","url":"https:\/\/cvinoticias.com\/v3\/","name":"CVI NOTICIAS","description":"","publisher":{"@id":"https:\/\/cvinoticias.com\/v3\/#organization"},"alternateName":"CVI","potentialAction":[{"@type":"SearchAction","target":{"@type":"EntryPoint","urlTemplate":"https:\/\/cvinoticias.com\/v3\/?s={search_term_string}"},"query-input":{"@type":"PropertyValueSpecification","valueRequired":true,"valueName":"search_term_string"}}],"inLanguage":"es"},{"@type":"Organization","@id":"https:\/\/cvinoticias.com\/v3\/#organization","name":"CVI NOTICIAS","url":"https:\/\/cvinoticias.com\/v3\/","logo":{"@type":"ImageObject","inLanguage":"es","@id":"https:\/\/cvinoticias.com\/v3\/#\/schema\/logo\/image\/","url":"https:\/\/cvinoticias.com\/wp-content\/uploads\/2023\/04\/cropped-cropped-cropped-cropped-cropped-3-1.png","contentUrl":"https:\/\/cvinoticias.com\/wp-content\/uploads\/2023\/04\/cropped-cropped-cropped-cropped-cropped-3-1.png","width":95,"height":122,"caption":"CVI NOTICIAS"},"image":{"@id":"https:\/\/cvinoticias.com\/v3\/#\/schema\/logo\/image\/"},"sameAs":["https:\/\/www.facebook.com\/cvinoticias","https:\/\/www.instagram.com\/cvinoticias\/","https:\/\/www.youtube.com\/@CVINOTICIAS"]},{"@type":"Person","@id":"https:\/\/cvinoticias.com\/v3\/#\/schema\/person\/2db77e3c6bc03c538495d7b2b8be9b66","name":"f1000024","image":{"@type":"ImageObject","inLanguage":"es","@id":"https:\/\/secure.gravatar.com\/avatar\/d4fe7459cfc51ff5129ce1a732bbef5928568b8092d412ef95611616376bbeed?s=96&d=mm&r=g","url":"https:\/\/secure.gravatar.com\/avatar\/d4fe7459cfc51ff5129ce1a732bbef5928568b8092d412ef95611616376bbeed?s=96&d=mm&r=g","contentUrl":"https:\/\/secure.gravatar.com\/avatar\/d4fe7459cfc51ff5129ce1a732bbef5928568b8092d412ef95611616376bbeed?s=96&d=mm&r=g","caption":"f1000024"},"url":"https:\/\/cvinoticias.com\/v3\/author\/f1000024\/"}]}},"_links":{"self":[{"href":"https:\/\/cvinoticias.com\/v3\/wp-json\/wp\/v2\/posts\/38412","targetHints":{"allow":["GET"]}}],"collection":[{"href":"https:\/\/cvinoticias.com\/v3\/wp-json\/wp\/v2\/posts"}],"about":[{"href":"https:\/\/cvinoticias.com\/v3\/wp-json\/wp\/v2\/types\/post"}],"author":[{"embeddable":true,"href":"https:\/\/cvinoticias.com\/v3\/wp-json\/wp\/v2\/users\/2"}],"replies":[{"embeddable":true,"href":"https:\/\/cvinoticias.com\/v3\/wp-json\/wp\/v2\/comments?post=38412"}],"version-history":[{"count":1,"href":"https:\/\/cvinoticias.com\/v3\/wp-json\/wp\/v2\/posts\/38412\/revisions"}],"predecessor-version":[{"id":38417,"href":"https:\/\/cvinoticias.com\/v3\/wp-json\/wp\/v2\/posts\/38412\/revisions\/38417"}],"wp:featuredmedia":[{"embeddable":true,"href":"https:\/\/cvinoticias.com\/v3\/wp-json\/wp\/v2\/media\/38416"}],"wp:attachment":[{"href":"https:\/\/cvinoticias.com\/v3\/wp-json\/wp\/v2\/media?parent=38412"}],"wp:term":[{"taxonomy":"category","embeddable":true,"href":"https:\/\/cvinoticias.com\/v3\/wp-json\/wp\/v2\/categories?post=38412"},{"taxonomy":"post_tag","embeddable":true,"href":"https:\/\/cvinoticias.com\/v3\/wp-json\/wp\/v2\/tags?post=38412"}],"curies":[{"name":"wp","href":"https:\/\/api.w.org\/{rel}","templated":true}]}}